{"id":25376,"date":"2023-06-13T11:40:58","date_gmt":"2023-06-13T11:40:58","guid":{"rendered":"https:\/\/evropskakuca.me\/?p=25376"},"modified":"2023-06-13T11:40:58","modified_gmt":"2023-06-13T11:40:58","slug":"zaronite-u-uzbudljivi-svijet-evropske-zelene-nedjelje-koju-je-organizovala-evropska-kuca-u-podgorici","status":"publish","type":"post","link":"https:\/\/www.evropskakuca.me\/me\/zaronite-u-uzbudljivi-svijet-evropske-zelene-nedjelje-koju-je-organizovala-evropska-kuca-u-podgorici\/","title":{"rendered":"Zaronite u uzbudljivi svijet Evropske zelene nedjelje"},"content":{"rendered":"<p style=\"text-align: center;\"><strong><em>Ova nedjelja u Evropskoj ku\u0107i bila je pravi praznik prirode, odr\u017eivosti i zabave za sve uzraste.<\/em><\/strong><\/p>\n<p>Sa \u0161irokim spektrom doga\u0111aja i aktivnosti, Zelena nedjelja je osvojila srca svih. Odr\u017eana je <a href=\"https:\/\/evropskakuca.me\/me\/marunove-biljke-u-evropskoj-kuci\/\"><strong>radionica o zelenim vje\u0161tinama<\/strong><\/a> u okviru koje je najmla\u0111ima u Evropskoj ku\u0107i, \u00a0govorila omladinska radnica, <strong>Ivana Fu\u0161ti\u0107<\/strong>. Ona im je objasnila kako se voli priroda i kako se \u010duva \u017eivotna sredina.<\/p>\n<p><img fetchpriority=\"high\" decoding=\"async\" class=\"alignnone size-large wp-image-25391\" src=\"https:\/\/evropskakuca.me\/wp-content\/uploads\/2023\/06\/Marun-10-of-133-1024x682.jpg\" alt=\"\" width=\"1024\" height=\"682\" \/><\/p>\n<p>\u0160ta je <em>kokedama<\/em>, kako se pravi <em>terarijum<\/em>, djeci je pokazala <strong>Marija Markovi\u0107<\/strong> poznatija kao <strong>Marun<\/strong>.<\/p>\n\n<p>Na taj na\u010din djeca su kroz igru, unutar staklenih posuda, stvorila prostor za \u010ditave male svjetove, za trave, \u017eivotinjice i cvjetove.<\/p>\n<p><img decoding=\"async\" class=\"alignnone size-large wp-image-25377\" src=\"https:\/\/evropskakuca.me\/wp-content\/uploads\/2023\/06\/Marun-23-of-133-1024x682.jpg\" alt=\"\" width=\"1024\" height=\"682\" \/><\/p>\n<p>Svako dijete je napravilo svoj sopstveni terarijum, u kome \u0107e mo\u0107i da posmatra prirodu na jedinstven i uzbudljiv na\u010din.<\/p>\n<p>Zelenilo se uselilo i u <em>Feed<\/em> na\u0161ih naloga na dru\u0161tvenim mre\u017eama. Uzrok je najzeleniji foto-konkurs <strong>\u0160ta se zeleni u va\u0161oj sedmici<\/strong>. \u010cak 100 u\u010desnika poslalo nam je svoje fotografije prirode. Dobitnici foto-konkursa su nagra\u0111eni Marunovim biljkama.<\/p>\n<figure id=\"attachment_25381\" aria-describedby=\"caption-attachment-25381\" style=\"width: 751px\" class=\"wp-caption aligncenter\"><img decoding=\"async\" class=\"wp-image-25381 size-large\" src=\"https:\/\/evropskakuca.me\/wp-content\/uploads\/2023\/06\/Image-751x1024.jpeg\" alt=\"\" width=\"751\" height=\"1024\" \/><figcaption id=\"caption-attachment-25381\" class=\"wp-caption-text\">Nagra\u0111ena fotografija na foto-konkursu &#8220;\u0160ta se zeleni u va\u0161oj sedmici&#8221;<\/figcaption><\/figure>\n<p>Ove nagrade, podsta\u0107i \u0107e, dobitnike, da nastave da istra\u017euju prirodu i njeguju svoju ljubav prema \u017eivotnoj sredini.<\/p>\n<figure id=\"attachment_25379\" aria-describedby=\"caption-attachment-25379\" style=\"width: 683px\" class=\"wp-caption aligncenter\"><img loading=\"lazy\" decoding=\"async\" class=\"wp-image-25379 size-large\" src=\"https:\/\/evropskakuca.me\/wp-content\/uploads\/2023\/06\/Image-1-683x1024.jpeg\" alt=\"\" width=\"683\" height=\"1024\" \/><figcaption id=\"caption-attachment-25379\" class=\"wp-caption-text\">Nagra\u0111ena fotografija na foto-konkursu &#8220;\u0160ta se zeleni u va\u0161oj sedmici&#8221;<\/figcaption><\/figure>\n<p>Pored toga, u saradnji sa UNDP Montenegro, u okviru Zelene nedjelje je bila organizovana i <strong>Potraga za blagom<\/strong>. Mladi su se okupili u Evropskoj ku\u0107i i odgovarali na pitanja o za\u0161titi \u017eivotne sredine i Evropskoj uniji. Ova aktivnost je bila edukativna, ali i veoma zabavna, pru\u017eaju\u0107i mladima priliku da nau\u010de ne\u0161to novo i da u\u017eivaju u igri.<\/p>\n\n<p>Povodom Svjetskog dana \u017eivotne sredine,\u00a0Evropska ku\u0107a\u00a0i\u00a0Agencija za upravljanje za\u0161ti\u0107enim podru\u010djima Podgorice postavili su 18 trajnih panela, koji \u0107e slu\u017eiti kao stalni izlo\u017ebeni prostor na brdu Gorica. Predstavnici Evropske ku\u0107e i Glavnog grada sve\u010dano su otvorili i prvu izlo\u017ebu \u2013 <a href=\"https:\/\/evropskakuca.me\/me\/osamnaest-stalnih-panela-i-izlozba-o-biodiverzitetu-na-gorici\/\"><strong>Za\u0161titi ono \u0161to voli\u0161 \u2013 Biodiverzitet za\u0161ti\u0107enih podru\u010dja Podgorice<\/strong>.<\/a><\/p>\n\n<p>Evropska zelena nedjelja je bila pravi spektakl koji je objedinio zabavu, obrazovanje i svijest o za\u0161titi \u017eivotne sredine. Organizovana sa ciljem da inspiri\u0161e ljude svih generacija, ova nedjelja \u00a0je, nadamo se, podstakla ljubav prema prirodi i podsjetila nas na va\u017enost o\u010duvanja na\u0161e planete.<\/p>\n<p><img loading=\"lazy\" decoding=\"async\" class=\"alignnone size-large wp-image-25389\" src=\"https:\/\/evropskakuca.me\/wp-content\/uploads\/2023\/06\/EU-Green-Week-2023-FINAL-visual-1-1024x1024.png\" alt=\"\" width=\"1024\" height=\"1024\" \/><\/p>\n<p>Zelena nedjelja iznova nas podsti\u010de da zajedni\u010dki gradimo i \u017eivimo odr\u017eiviju budu\u0107nost.<\/p>\n<p>&nbsp;<\/p>\n<p>&nbsp;<\/p>\n","protected":false},"excerpt":{"rendered":"<p>Ova nedjelja u Evropskoj ku\u0107i bila je pravi praznik prirode, odr\u017eivosti i zabave za sve uzraste. Sa \u0161irokim spektrom doga\u0111aja i aktivnosti, Zelena nedjelja je osvojila srca svih. Odr\u017eana je radionica o zelenim vje\u0161tinama u okviru koje je najmla\u0111ima u Evropskoj ku\u0107i, \u00a0govorila omladinska radnica, Ivana Fu\u0161ti\u0107. Ona im je objasnila kako se voli priroda [&hellip;]<\/p>\n","protected":false},"author":1,"featured_media":39351,"comment_status":"closed","ping_status":"closed","sticky":false,"template":"","format":"standard","meta":{"_acf_changed":false,"footnotes":""},"categories":[],"tags":[],"class_list":["post-25376","post","type-post","status-publish","format-standard","has-post-thumbnail","hentry"],"acf":[],"yoast_head":"<!-- This site is optimized with the Yoast SEO plugin v27.3 - https:\/\/yoast.com\/product\/yoast-seo-wordpress\/ -->\n<title>Zaronite u uzbudljivi svijet Evropske zelene nedjelje - Europe House<\/title>\n<meta name=\"robots\" content=\"index, follow, max-snippet:-1, max-image-preview:large, max-video-preview:-1\" \/>\n<link rel=\"canonical\" href=\"https:\/\/www.evropskakuca.me\/me\/zaronite-u-uzbudljivi-svijet-evropske-zelene-nedjelje-koju-je-organizovala-evropska-kuca-u-podgorici\/\" \/>\n<meta property=\"og:locale\" content=\"en_US\" \/>\n<meta property=\"og:type\" content=\"article\" \/>\n<meta property=\"og:title\" content=\"Zaronite u uzbudljivi svijet Evropske zelene nedjelje - Europe House\" \/>\n<meta property=\"og:description\" content=\"Ova nedjelja u Evropskoj ku\u0107i bila je pravi praznik prirode, odr\u017eivosti i zabave za sve uzraste. Sa \u0161irokim spektrom doga\u0111aja i aktivnosti, Zelena nedjelja je osvojila srca svih. Odr\u017eana je radionica o zelenim vje\u0161tinama u okviru koje je najmla\u0111ima u Evropskoj ku\u0107i, \u00a0govorila omladinska radnica, Ivana Fu\u0161ti\u0107. Ona im je objasnila kako se voli priroda [&hellip;]\" \/>\n<meta property=\"og:url\" content=\"https:\/\/www.evropskakuca.me\/me\/zaronite-u-uzbudljivi-svijet-evropske-zelene-nedjelje-koju-je-organizovala-evropska-kuca-u-podgorici\/\" \/>\n<meta property=\"og:site_name\" content=\"Europe House\" \/>\n<meta property=\"article:publisher\" content=\"https:\/\/www.facebook.com\/evropska.kuca\" \/>\n<meta property=\"article:published_time\" content=\"2023-06-13T11:40:58+00:00\" \/>\n<meta property=\"og:image\" content=\"https:\/\/www.evropskakuca.me\/wp-content\/uploads\/2023\/06\/Marun-10-of-133.jpg\" \/>\n\t<meta property=\"og:image:width\" content=\"2000\" \/>\n\t<meta property=\"og:image:height\" content=\"1333\" \/>\n\t<meta property=\"og:image:type\" content=\"image\/jpeg\" \/>\n<meta name=\"author\" content=\"mkajic\" \/>\n<meta name=\"twitter:card\" content=\"summary_large_image\" \/>\n<meta name=\"twitter:creator\" content=\"@evropska_kuca\" \/>\n<meta name=\"twitter:site\" content=\"@evropska_kuca\" \/>\n<meta name=\"twitter:label1\" content=\"Written by\" \/>\n\t<meta name=\"twitter:data1\" content=\"mkajic\" \/>\n\t<meta name=\"twitter:label2\" content=\"Est. reading time\" \/>\n\t<meta name=\"twitter:data2\" content=\"3 minutes\" \/>\n<script type=\"application\/ld+json\" class=\"yoast-schema-graph\">{\"@context\":\"https:\\\/\\\/schema.org\",\"@graph\":[{\"@type\":\"Article\",\"@id\":\"https:\\\/\\\/www.evropskakuca.me\\\/me\\\/zaronite-u-uzbudljivi-svijet-evropske-zelene-nedjelje-koju-je-organizovala-evropska-kuca-u-podgorici\\\/#article\",\"isPartOf\":{\"@id\":\"https:\\\/\\\/www.evropskakuca.me\\\/me\\\/zaronite-u-uzbudljivi-svijet-evropske-zelene-nedjelje-koju-je-organizovala-evropska-kuca-u-podgorici\\\/\"},\"author\":{\"name\":\"mkajic\",\"@id\":\"https:\\\/\\\/www.evropskakuca.me\\\/me\\\/#\\\/schema\\\/person\\\/a1d0dcdaefe4a1cd1d60d200ea137ba4\"},\"headline\":\"Zaronite u uzbudljivi svijet Evropske zelene nedjelje\",\"datePublished\":\"2023-06-13T11:40:58+00:00\",\"mainEntityOfPage\":{\"@id\":\"https:\\\/\\\/www.evropskakuca.me\\\/me\\\/zaronite-u-uzbudljivi-svijet-evropske-zelene-nedjelje-koju-je-organizovala-evropska-kuca-u-podgorici\\\/\"},\"wordCount\":436,\"publisher\":{\"@id\":\"https:\\\/\\\/www.evropskakuca.me\\\/me\\\/#organization\"},\"image\":{\"@id\":\"https:\\\/\\\/www.evropskakuca.me\\\/me\\\/zaronite-u-uzbudljivi-svijet-evropske-zelene-nedjelje-koju-je-organizovala-evropska-kuca-u-podgorici\\\/#primaryimage\"},\"thumbnailUrl\":\"https:\\\/\\\/www.evropskakuca.me\\\/wp-content\\\/uploads\\\/2023\\\/06\\\/Marun-10-of-133.jpg\",\"inLanguage\":\"me-ME\"},{\"@type\":\"WebPage\",\"@id\":\"https:\\\/\\\/www.evropskakuca.me\\\/me\\\/zaronite-u-uzbudljivi-svijet-evropske-zelene-nedjelje-koju-je-organizovala-evropska-kuca-u-podgorici\\\/\",\"url\":\"https:\\\/\\\/www.evropskakuca.me\\\/me\\\/zaronite-u-uzbudljivi-svijet-evropske-zelene-nedjelje-koju-je-organizovala-evropska-kuca-u-podgorici\\\/\",\"name\":\"Zaronite u uzbudljivi svijet Evropske zelene nedjelje - Europe House\",\"isPartOf\":{\"@id\":\"https:\\\/\\\/www.evropskakuca.me\\\/me\\\/#website\"},\"primaryImageOfPage\":{\"@id\":\"https:\\\/\\\/www.evropskakuca.me\\\/me\\\/zaronite-u-uzbudljivi-svijet-evropske-zelene-nedjelje-koju-je-organizovala-evropska-kuca-u-podgorici\\\/#primaryimage\"},\"image\":{\"@id\":\"https:\\\/\\\/www.evropskakuca.me\\\/me\\\/zaronite-u-uzbudljivi-svijet-evropske-zelene-nedjelje-koju-je-organizovala-evropska-kuca-u-podgorici\\\/#primaryimage\"},\"thumbnailUrl\":\"https:\\\/\\\/www.evropskakuca.me\\\/wp-content\\\/uploads\\\/2023\\\/06\\\/Marun-10-of-133.jpg\",\"datePublished\":\"2023-06-13T11:40:58+00:00\",\"breadcrumb\":{\"@id\":\"https:\\\/\\\/www.evropskakuca.me\\\/me\\\/zaronite-u-uzbudljivi-svijet-evropske-zelene-nedjelje-koju-je-organizovala-evropska-kuca-u-podgorici\\\/#breadcrumb\"},\"inLanguage\":\"me-ME\",\"potentialAction\":[{\"@type\":\"ReadAction\",\"target\":[\"https:\\\/\\\/www.evropskakuca.me\\\/me\\\/zaronite-u-uzbudljivi-svijet-evropske-zelene-nedjelje-koju-je-organizovala-evropska-kuca-u-podgorici\\\/\"]}]},{\"@type\":\"ImageObject\",\"inLanguage\":\"me-ME\",\"@id\":\"https:\\\/\\\/www.evropskakuca.me\\\/me\\\/zaronite-u-uzbudljivi-svijet-evropske-zelene-nedjelje-koju-je-organizovala-evropska-kuca-u-podgorici\\\/#primaryimage\",\"url\":\"https:\\\/\\\/www.evropskakuca.me\\\/wp-content\\\/uploads\\\/2023\\\/06\\\/Marun-10-of-133.jpg\",\"contentUrl\":\"https:\\\/\\\/www.evropskakuca.me\\\/wp-content\\\/uploads\\\/2023\\\/06\\\/Marun-10-of-133.jpg\",\"width\":2000,\"height\":1333},{\"@type\":\"BreadcrumbList\",\"@id\":\"https:\\\/\\\/www.evropskakuca.me\\\/me\\\/zaronite-u-uzbudljivi-svijet-evropske-zelene-nedjelje-koju-je-organizovala-evropska-kuca-u-podgorici\\\/#breadcrumb\",\"itemListElement\":[{\"@type\":\"ListItem\",\"position\":1,\"name\":\"Home\",\"item\":\"https:\\\/\\\/www.evropskakuca.me\\\/me\\\/\"},{\"@type\":\"ListItem\",\"position\":2,\"name\":\"Zaronite u uzbudljivi svijet Evropske zelene nedjelje\"}]},{\"@type\":\"WebSite\",\"@id\":\"https:\\\/\\\/www.evropskakuca.me\\\/me\\\/#website\",\"url\":\"https:\\\/\\\/www.evropskakuca.me\\\/me\\\/\",\"name\":\"Evropean house\",\"description\":\"\",\"publisher\":{\"@id\":\"https:\\\/\\\/www.evropskakuca.me\\\/me\\\/#organization\"},\"potentialAction\":[{\"@type\":\"SearchAction\",\"target\":{\"@type\":\"EntryPoint\",\"urlTemplate\":\"https:\\\/\\\/www.evropskakuca.me\\\/me\\\/?s={search_term_string}\"},\"query-input\":{\"@type\":\"PropertyValueSpecification\",\"valueRequired\":true,\"valueName\":\"search_term_string\"}}],\"inLanguage\":\"me-ME\"},{\"@type\":\"Organization\",\"@id\":\"https:\\\/\\\/www.evropskakuca.me\\\/me\\\/#organization\",\"name\":\"Evropean house\",\"url\":\"https:\\\/\\\/www.evropskakuca.me\\\/me\\\/\",\"logo\":{\"@type\":\"ImageObject\",\"inLanguage\":\"me-ME\",\"@id\":\"https:\\\/\\\/www.evropskakuca.me\\\/me\\\/#\\\/schema\\\/logo\\\/image\\\/\",\"url\":\"https:\\\/\\\/www.evropskakuca.me\\\/wp-content\\\/uploads\\\/2025\\\/01\\\/evropska-kuca-logo-1.png\",\"contentUrl\":\"https:\\\/\\\/www.evropskakuca.me\\\/wp-content\\\/uploads\\\/2025\\\/01\\\/evropska-kuca-logo-1.png\",\"width\":425,\"height\":312,\"caption\":\"Evropean house\"},\"image\":{\"@id\":\"https:\\\/\\\/www.evropskakuca.me\\\/me\\\/#\\\/schema\\\/logo\\\/image\\\/\"},\"sameAs\":[\"https:\\\/\\\/www.facebook.com\\\/evropska.kuca\",\"https:\\\/\\\/x.com\\\/evropska_kuca\",\"https:\\\/\\\/www.instagram.com\\\/evropska_kuca\"]},{\"@type\":\"Person\",\"@id\":\"https:\\\/\\\/www.evropskakuca.me\\\/me\\\/#\\\/schema\\\/person\\\/a1d0dcdaefe4a1cd1d60d200ea137ba4\",\"name\":\"mkajic\",\"image\":{\"@type\":\"ImageObject\",\"inLanguage\":\"me-ME\",\"@id\":\"https:\\\/\\\/secure.gravatar.com\\\/avatar\\\/731fa035cefab7316e6bafd1f25a93fb731a07de14e2d9923f8db4422628eabc?s=96&d=mm&r=g\",\"url\":\"https:\\\/\\\/secure.gravatar.com\\\/avatar\\\/731fa035cefab7316e6bafd1f25a93fb731a07de14e2d9923f8db4422628eabc?s=96&d=mm&r=g\",\"contentUrl\":\"https:\\\/\\\/secure.gravatar.com\\\/avatar\\\/731fa035cefab7316e6bafd1f25a93fb731a07de14e2d9923f8db4422628eabc?s=96&d=mm&r=g\",\"caption\":\"mkajic\"},\"sameAs\":[\"https:\\\/\\\/evropskakuca.me\"],\"url\":\"https:\\\/\\\/www.evropskakuca.me\\\/me\\\/author\\\/mkajic\\\/\"}]}<\/script>\n<!-- \/ Yoast SEO plugin. -->","yoast_head_json":{"title":"Zaronite u uzbudljivi svijet Evropske zelene nedjelje - Europe House","robots":{"index":"index","follow":"follow","max-snippet":"max-snippet:-1","max-image-preview":"max-image-preview:large","max-video-preview":"max-video-preview:-1"},"canonical":"https:\/\/www.evropskakuca.me\/me\/zaronite-u-uzbudljivi-svijet-evropske-zelene-nedjelje-koju-je-organizovala-evropska-kuca-u-podgorici\/","og_locale":"en_US","og_type":"article","og_title":"Zaronite u uzbudljivi svijet Evropske zelene nedjelje - Europe House","og_description":"Ova nedjelja u Evropskoj ku\u0107i bila je pravi praznik prirode, odr\u017eivosti i zabave za sve uzraste. Sa \u0161irokim spektrom doga\u0111aja i aktivnosti, Zelena nedjelja je osvojila srca svih. Odr\u017eana je radionica o zelenim vje\u0161tinama u okviru koje je najmla\u0111ima u Evropskoj ku\u0107i, \u00a0govorila omladinska radnica, Ivana Fu\u0161ti\u0107. Ona im je objasnila kako se voli priroda [&hellip;]","og_url":"https:\/\/www.evropskakuca.me\/me\/zaronite-u-uzbudljivi-svijet-evropske-zelene-nedjelje-koju-je-organizovala-evropska-kuca-u-podgorici\/","og_site_name":"Europe House","article_publisher":"https:\/\/www.facebook.com\/evropska.kuca","article_published_time":"2023-06-13T11:40:58+00:00","og_image":[{"width":2000,"height":1333,"url":"https:\/\/www.evropskakuca.me\/wp-content\/uploads\/2023\/06\/Marun-10-of-133.jpg","type":"image\/jpeg"}],"author":"mkajic","twitter_card":"summary_large_image","twitter_creator":"@evropska_kuca","twitter_site":"@evropska_kuca","twitter_misc":{"Written by":"mkajic","Est. reading time":"3 minutes"},"schema":{"@context":"https:\/\/schema.org","@graph":[{"@type":"Article","@id":"https:\/\/www.evropskakuca.me\/me\/zaronite-u-uzbudljivi-svijet-evropske-zelene-nedjelje-koju-je-organizovala-evropska-kuca-u-podgorici\/#article","isPartOf":{"@id":"https:\/\/www.evropskakuca.me\/me\/zaronite-u-uzbudljivi-svijet-evropske-zelene-nedjelje-koju-je-organizovala-evropska-kuca-u-podgorici\/"},"author":{"name":"mkajic","@id":"https:\/\/www.evropskakuca.me\/me\/#\/schema\/person\/a1d0dcdaefe4a1cd1d60d200ea137ba4"},"headline":"Zaronite u uzbudljivi svijet Evropske zelene nedjelje","datePublished":"2023-06-13T11:40:58+00:00","mainEntityOfPage":{"@id":"https:\/\/www.evropskakuca.me\/me\/zaronite-u-uzbudljivi-svijet-evropske-zelene-nedjelje-koju-je-organizovala-evropska-kuca-u-podgorici\/"},"wordCount":436,"publisher":{"@id":"https:\/\/www.evropskakuca.me\/me\/#organization"},"image":{"@id":"https:\/\/www.evropskakuca.me\/me\/zaronite-u-uzbudljivi-svijet-evropske-zelene-nedjelje-koju-je-organizovala-evropska-kuca-u-podgorici\/#primaryimage"},"thumbnailUrl":"https:\/\/www.evropskakuca.me\/wp-content\/uploads\/2023\/06\/Marun-10-of-133.jpg","inLanguage":"me-ME"},{"@type":"WebPage","@id":"https:\/\/www.evropskakuca.me\/me\/zaronite-u-uzbudljivi-svijet-evropske-zelene-nedjelje-koju-je-organizovala-evropska-kuca-u-podgorici\/","url":"https:\/\/www.evropskakuca.me\/me\/zaronite-u-uzbudljivi-svijet-evropske-zelene-nedjelje-koju-je-organizovala-evropska-kuca-u-podgorici\/","name":"Zaronite u uzbudljivi svijet Evropske zelene nedjelje - Europe House","isPartOf":{"@id":"https:\/\/www.evropskakuca.me\/me\/#website"},"primaryImageOfPage":{"@id":"https:\/\/www.evropskakuca.me\/me\/zaronite-u-uzbudljivi-svijet-evropske-zelene-nedjelje-koju-je-organizovala-evropska-kuca-u-podgorici\/#primaryimage"},"image":{"@id":"https:\/\/www.evropskakuca.me\/me\/zaronite-u-uzbudljivi-svijet-evropske-zelene-nedjelje-koju-je-organizovala-evropska-kuca-u-podgorici\/#primaryimage"},"thumbnailUrl":"https:\/\/www.evropskakuca.me\/wp-content\/uploads\/2023\/06\/Marun-10-of-133.jpg","datePublished":"2023-06-13T11:40:58+00:00","breadcrumb":{"@id":"https:\/\/www.evropskakuca.me\/me\/zaronite-u-uzbudljivi-svijet-evropske-zelene-nedjelje-koju-je-organizovala-evropska-kuca-u-podgorici\/#breadcrumb"},"inLanguage":"me-ME","potentialAction":[{"@type":"ReadAction","target":["https:\/\/www.evropskakuca.me\/me\/zaronite-u-uzbudljivi-svijet-evropske-zelene-nedjelje-koju-je-organizovala-evropska-kuca-u-podgorici\/"]}]},{"@type":"ImageObject","inLanguage":"me-ME","@id":"https:\/\/www.evropskakuca.me\/me\/zaronite-u-uzbudljivi-svijet-evropske-zelene-nedjelje-koju-je-organizovala-evropska-kuca-u-podgorici\/#primaryimage","url":"https:\/\/www.evropskakuca.me\/wp-content\/uploads\/2023\/06\/Marun-10-of-133.jpg","contentUrl":"https:\/\/www.evropskakuca.me\/wp-content\/uploads\/2023\/06\/Marun-10-of-133.jpg","width":2000,"height":1333},{"@type":"BreadcrumbList","@id":"https:\/\/www.evropskakuca.me\/me\/zaronite-u-uzbudljivi-svijet-evropske-zelene-nedjelje-koju-je-organizovala-evropska-kuca-u-podgorici\/#breadcrumb","itemListElement":[{"@type":"ListItem","position":1,"name":"Home","item":"https:\/\/www.evropskakuca.me\/me\/"},{"@type":"ListItem","position":2,"name":"Zaronite u uzbudljivi svijet Evropske zelene nedjelje"}]},{"@type":"WebSite","@id":"https:\/\/www.evropskakuca.me\/me\/#website","url":"https:\/\/www.evropskakuca.me\/me\/","name":"Evropean house","description":"","publisher":{"@id":"https:\/\/www.evropskakuca.me\/me\/#organization"},"potentialAction":[{"@type":"SearchAction","target":{"@type":"EntryPoint","urlTemplate":"https:\/\/www.evropskakuca.me\/me\/?s={search_term_string}"},"query-input":{"@type":"PropertyValueSpecification","valueRequired":true,"valueName":"search_term_string"}}],"inLanguage":"me-ME"},{"@type":"Organization","@id":"https:\/\/www.evropskakuca.me\/me\/#organization","name":"Evropean house","url":"https:\/\/www.evropskakuca.me\/me\/","logo":{"@type":"ImageObject","inLanguage":"me-ME","@id":"https:\/\/www.evropskakuca.me\/me\/#\/schema\/logo\/image\/","url":"https:\/\/www.evropskakuca.me\/wp-content\/uploads\/2025\/01\/evropska-kuca-logo-1.png","contentUrl":"https:\/\/www.evropskakuca.me\/wp-content\/uploads\/2025\/01\/evropska-kuca-logo-1.png","width":425,"height":312,"caption":"Evropean house"},"image":{"@id":"https:\/\/www.evropskakuca.me\/me\/#\/schema\/logo\/image\/"},"sameAs":["https:\/\/www.facebook.com\/evropska.kuca","https:\/\/x.com\/evropska_kuca","https:\/\/www.instagram.com\/evropska_kuca"]},{"@type":"Person","@id":"https:\/\/www.evropskakuca.me\/me\/#\/schema\/person\/a1d0dcdaefe4a1cd1d60d200ea137ba4","name":"mkajic","image":{"@type":"ImageObject","inLanguage":"me-ME","@id":"https:\/\/secure.gravatar.com\/avatar\/731fa035cefab7316e6bafd1f25a93fb731a07de14e2d9923f8db4422628eabc?s=96&d=mm&r=g","url":"https:\/\/secure.gravatar.com\/avatar\/731fa035cefab7316e6bafd1f25a93fb731a07de14e2d9923f8db4422628eabc?s=96&d=mm&r=g","contentUrl":"https:\/\/secure.gravatar.com\/avatar\/731fa035cefab7316e6bafd1f25a93fb731a07de14e2d9923f8db4422628eabc?s=96&d=mm&r=g","caption":"mkajic"},"sameAs":["https:\/\/evropskakuca.me"],"url":"https:\/\/www.evropskakuca.me\/me\/author\/mkajic\/"}]}},"_links":{"self":[{"href":"https:\/\/www.evropskakuca.me\/me\/wp-json\/wp\/v2\/posts\/25376","targetHints":{"allow":["GET"]}}],"collection":[{"href":"https:\/\/www.evropskakuca.me\/me\/wp-json\/wp\/v2\/posts"}],"about":[{"href":"https:\/\/www.evropskakuca.me\/me\/wp-json\/wp\/v2\/types\/post"}],"author":[{"embeddable":true,"href":"https:\/\/www.evropskakuca.me\/me\/wp-json\/wp\/v2\/users\/1"}],"replies":[{"embeddable":true,"href":"https:\/\/www.evropskakuca.me\/me\/wp-json\/wp\/v2\/comments?post=25376"}],"version-history":[{"count":0,"href":"https:\/\/www.evropskakuca.me\/me\/wp-json\/wp\/v2\/posts\/25376\/revisions"}],"wp:featuredmedia":[{"embeddable":true,"href":"https:\/\/www.evropskakuca.me\/me\/wp-json\/wp\/v2\/media\/39351"}],"wp:attachment":[{"href":"https:\/\/www.evropskakuca.me\/me\/wp-json\/wp\/v2\/media?parent=25376"}],"wp:term":[{"taxonomy":"category","embeddable":true,"href":"https:\/\/www.evropskakuca.me\/me\/wp-json\/wp\/v2\/categories?post=25376"},{"taxonomy":"post_tag","embeddable":true,"href":"https:\/\/www.evropskakuca.me\/me\/wp-json\/wp\/v2\/tags?post=25376"}],"curies":[{"name":"wp","href":"https:\/\/api.w.org\/{rel}","templated":true}]}}