{"id":25277,"date":"2023-06-06T10:10:05","date_gmt":"2023-06-06T10:10:05","guid":{"rendered":"https:\/\/evropskakuca.me\/?p=25277"},"modified":"2023-06-06T10:10:05","modified_gmt":"2023-06-06T10:10:05","slug":"osamnaest-stalnih-panela-i-izlozba-o-biodiverzitetu-na-gorici","status":"publish","type":"post","link":"https:\/\/www.evropskakuca.me\/me\/osamnaest-stalnih-panela-i-izlozba-o-biodiverzitetu-na-gorici\/","title":{"rendered":"Osamnaest stalnih panela i izlo\u017eba o biodiverzitetu na Gorici"},"content":{"rendered":"<p>Povodom Svjetskog dana \u017eivotne sredine, <strong>Evropska ku\u0107a<\/strong> i <strong>Agencija za upravljanje za\u0161ti\u0107enim podru\u010djima Podgorice<\/strong> postavili su 18 trajnih panela, koji \u0107e slu\u017eiti kao stalni izlo\u017ebeni prostor na brdu Gorica. Predstavnici Evropske ku\u0107e i Glavnog grada sve\u010dano su otvorili i prvu izlo\u017ebu &#8211; &#8220;Za\u0161titi ono \u0161to voli\u0161 \u2013 Biodiverzitet za\u0161ti\u0107enih podru\u010dja Podgorice\u2019\u2019.<\/p>\n\n<blockquote><p>Prvo obilje\u017eavanje Svjetskog dana za\u0161tite \u017eivotne sredine dogodilo se davne 1974. godine pod sloganom <em><strong>Imamo samo jednu Zemlju<\/strong><\/em>. Cilj je bio da se svi podsjete da priroda nema granica \u2013 da pripada svima a najvi\u0161e onima koji tek dolaze. Cilj Svjetskog dana za\u0161tite \u017eivotne sredine je podizanje ekolo\u0161ke svijesti, motivisanje na aktivno razmi\u0161ljanje o ekolo\u0161kim pitanjima i podsticanje na saradnju koja \u0107e osigurati zeleniju budu\u0107nost.<\/p><\/blockquote>\n<p>Skoro 50 godina od prvog obilje\u017eavanja i prvog slogana \u201eImamo samo jednu Zemlju\u201c, mo\u017eemo re\u0107i \u201eImamo samo jednu Goricu. Imamo samo jednu Crnu Goru\u201c, poru\u010dila je direktorka Evropske ku\u0107e Nata\u0161a Be\u0161irevi\u0107 na otvaranju izlo\u017ebe. Be\u0161irevi\u0107 se zahvalila gradu Podgorici i Agenciji za upravljanje za\u0161ti\u0107enim podru\u010djima Podgorice \u0161to su uz Evropsku uniju dio svakodnevnog i konkretnog napora o\u010duvanja biodiverziteta i \u017eivotne sredine.<\/p>\n<p><img fetchpriority=\"high\" decoding=\"async\" class=\"alignnone size-large wp-image-25282\" src=\"https:\/\/evropskakuca.me\/wp-content\/uploads\/2023\/06\/i-22-1024x683.jpg\" alt=\"\" width=\"1024\" height=\"683\" \/><\/p>\n<p>&nbsp;<\/p>\n<p>\u201cPriroda nema granica i zato su problemi \u017eivotne sredine: zaga\u0111enje vazduha, zaga\u0111enje plastikom, potro\u0161nja prirodnih resursa, povec\u0301anje nivoa mora i sigurnost hrane problemi svih nas. Zato je i Evropska unije prije vi\u0161e od 20 godina pokrenula Evropsku zelenu nedelju, koju ove godine obilje\u017eavamo od 3. do 11. juna. Da bismo svi zajedno osvijestili koliko je nu\u017eno da zaustavimo degradaciju ekosistema i sprije\u010dimo katastrofalne posljedice klimatskih promjena.\u201d poru\u010dila je direktorka Evropske ku\u0107e Nata\u0161a Be\u0161irevi\u0107.<\/p>\n\n<p>Direktor Agencije\u00a0za\u00a0upravljanje\u00a0za\u0161ti\u0107enim\u00a0podru\u010djima Podgorice\u00a0(AUZP) Dragutin Drago \u0110ekovi\u0107, kazao je da je agencija na \u010dijem je \u010delu u protekle dvije godine radila na pro\u0161irenju za\u0161ti\u0107enih podru\u010dja Glavnog grada. Pionirski korak u stvaranju Agencije koja bi upravljala podru\u010djima koja uklju\u010duju i parkove prirode bio je izazovan ali je doveo do moderne i efikasne uprave, poru\u010dio je \u0110ekovi\u0107. Kako navodi, Delegacija EU u Crnoj Gori i Evropska ku\u0107a su me\u0111u prvima prepoznali rad i pru\u017eili podr\u0161ku idejama koje agencija namjerava da realizuje.<\/p>\n<p><img decoding=\"async\" class=\"alignnone size-large wp-image-25280\" src=\"https:\/\/evropskakuca.me\/wp-content\/uploads\/2023\/06\/i-28-1024x683.jpg\" alt=\"\" width=\"1024\" height=\"683\" \/><\/p>\n<p>\u201cOvo je prva izlo\u017eba ove vrste i izuzetno mi je drago \u0161to imamo priliku da na ovom prostoru poka\u017eemo sve ljepote koje ima Glavni grad, jer mi imamo \u010detiri za\u0161ti\u0107ena podru\u010dja. Na svakoj od ovih tabli je i dio istorije i dio ljubavi koji nosimo prema tim podru\u010djima. Namjera nam je bila da to podijelimo sa gra\u0111anima Podgorice, da im na neki na\u010din skrenemo pa\u017enju na ono \u0161to imamo u Glavnom gradu ali i na va\u017enost toga da svi moramo raditi na unaprije\u0111enju \u017eivotne sredine i za\u0161ti\u0107enih podru\u010dja Glavnog grada. Kako se mi odnosimo prema prirodi tako \u0107e se i ona odnositi prema nama. \u201cporu\u010dio je \u0110ekovi\u0107.<\/p>\n<blockquote><p>Na osamnaest stalnih panela ispri\u010dana je pri\u010da o biodiverzitetu za\u0161ti\u0107enih podru\u010dja Glavnog grada. Predstavljene su \u017eivotinjske i biljne vrste ali i neke atraktivne lokacije za\u0161ti\u0107enih podru\u010dja na kojima se mogu na\u0107i.<\/p><\/blockquote>\n","protected":false},"excerpt":{"rendered":"<p>Povodom Svjetskog dana \u017eivotne sredine, Evropska ku\u0107a i Agencija za upravljanje za\u0161ti\u0107enim podru\u010djima Podgorice postavili su 18 trajnih panela, koji \u0107e slu\u017eiti kao stalni izlo\u017ebeni prostor na brdu Gorica. Predstavnici Evropske ku\u0107e i Glavnog grada sve\u010dano su otvorili i prvu izlo\u017ebu &#8211; &#8220;Za\u0161titi ono \u0161to voli\u0161 \u2013 Biodiverzitet za\u0161ti\u0107enih podru\u010dja Podgorice\u2019\u2019. Prvo obilje\u017eavanje Svjetskog dana [&hellip;]<\/p>\n","protected":false},"author":1,"featured_media":39457,"comment_status":"closed","ping_status":"closed","sticky":false,"template":"","format":"standard","meta":{"_acf_changed":false,"footnotes":""},"categories":[],"tags":[],"class_list":["post-25277","post","type-post","status-publish","format-standard","has-post-thumbnail","hentry"],"acf":[],"yoast_head":"<!-- This site is optimized with the Yoast SEO plugin v27.3 - https:\/\/yoast.com\/product\/yoast-seo-wordpress\/ -->\n<title>Osamnaest stalnih panela i izlo\u017eba o biodiverzitetu na Gorici - Europe House<\/title>\n<meta name=\"robots\" content=\"index, follow, max-snippet:-1, max-image-preview:large, max-video-preview:-1\" \/>\n<link rel=\"canonical\" href=\"https:\/\/www.evropskakuca.me\/me\/osamnaest-stalnih-panela-i-izlozba-o-biodiverzitetu-na-gorici\/\" \/>\n<meta property=\"og:locale\" content=\"en_US\" \/>\n<meta property=\"og:type\" content=\"article\" \/>\n<meta property=\"og:title\" content=\"Osamnaest stalnih panela i izlo\u017eba o biodiverzitetu na Gorici - Europe House\" \/>\n<meta property=\"og:description\" content=\"Povodom Svjetskog dana \u017eivotne sredine, Evropska ku\u0107a i Agencija za upravljanje za\u0161ti\u0107enim podru\u010djima Podgorice postavili su 18 trajnih panela, koji \u0107e slu\u017eiti kao stalni izlo\u017ebeni prostor na brdu Gorica. Predstavnici Evropske ku\u0107e i Glavnog grada sve\u010dano su otvorili i prvu izlo\u017ebu &#8211; &#8220;Za\u0161titi ono \u0161to voli\u0161 \u2013 Biodiverzitet za\u0161ti\u0107enih podru\u010dja Podgorice\u2019\u2019. Prvo obilje\u017eavanje Svjetskog dana [&hellip;]\" \/>\n<meta property=\"og:url\" content=\"https:\/\/www.evropskakuca.me\/me\/osamnaest-stalnih-panela-i-izlozba-o-biodiverzitetu-na-gorici\/\" \/>\n<meta property=\"og:site_name\" content=\"Europe House\" \/>\n<meta property=\"article:publisher\" content=\"https:\/\/www.facebook.com\/evropska.kuca\" \/>\n<meta property=\"article:published_time\" content=\"2023-06-06T10:10:05+00:00\" \/>\n<meta property=\"og:image\" content=\"https:\/\/www.evropskakuca.me\/wp-content\/uploads\/2023\/06\/i-15-1024x683.jpg\" \/>\n\t<meta property=\"og:image:width\" content=\"1024\" \/>\n\t<meta property=\"og:image:height\" content=\"683\" \/>\n\t<meta property=\"og:image:type\" content=\"image\/jpeg\" \/>\n<meta name=\"author\" content=\"mkajic\" \/>\n<meta name=\"twitter:card\" content=\"summary_large_image\" \/>\n<meta name=\"twitter:creator\" content=\"@evropska_kuca\" \/>\n<meta name=\"twitter:site\" content=\"@evropska_kuca\" \/>\n<meta name=\"twitter:label1\" content=\"Written by\" \/>\n\t<meta name=\"twitter:data1\" content=\"mkajic\" \/>\n\t<meta name=\"twitter:label2\" content=\"Est. reading time\" \/>\n\t<meta name=\"twitter:data2\" content=\"3 minutes\" \/>\n<script type=\"application\/ld+json\" class=\"yoast-schema-graph\">{\"@context\":\"https:\\\/\\\/schema.org\",\"@graph\":[{\"@type\":\"Article\",\"@id\":\"https:\\\/\\\/www.evropskakuca.me\\\/me\\\/osamnaest-stalnih-panela-i-izlozba-o-biodiverzitetu-na-gorici\\\/#article\",\"isPartOf\":{\"@id\":\"https:\\\/\\\/www.evropskakuca.me\\\/me\\\/osamnaest-stalnih-panela-i-izlozba-o-biodiverzitetu-na-gorici\\\/\"},\"author\":{\"name\":\"mkajic\",\"@id\":\"https:\\\/\\\/www.evropskakuca.me\\\/me\\\/#\\\/schema\\\/person\\\/a1d0dcdaefe4a1cd1d60d200ea137ba4\"},\"headline\":\"Osamnaest stalnih panela i izlo\u017eba o biodiverzitetu na Gorici\",\"datePublished\":\"2023-06-06T10:10:05+00:00\",\"mainEntityOfPage\":{\"@id\":\"https:\\\/\\\/www.evropskakuca.me\\\/me\\\/osamnaest-stalnih-panela-i-izlozba-o-biodiverzitetu-na-gorici\\\/\"},\"wordCount\":567,\"publisher\":{\"@id\":\"https:\\\/\\\/www.evropskakuca.me\\\/me\\\/#organization\"},\"image\":{\"@id\":\"https:\\\/\\\/www.evropskakuca.me\\\/me\\\/osamnaest-stalnih-panela-i-izlozba-o-biodiverzitetu-na-gorici\\\/#primaryimage\"},\"thumbnailUrl\":\"https:\\\/\\\/www.evropskakuca.me\\\/wp-content\\\/uploads\\\/2023\\\/06\\\/i-15.jpg\",\"inLanguage\":\"me-ME\"},{\"@type\":\"WebPage\",\"@id\":\"https:\\\/\\\/www.evropskakuca.me\\\/me\\\/osamnaest-stalnih-panela-i-izlozba-o-biodiverzitetu-na-gorici\\\/\",\"url\":\"https:\\\/\\\/www.evropskakuca.me\\\/me\\\/osamnaest-stalnih-panela-i-izlozba-o-biodiverzitetu-na-gorici\\\/\",\"name\":\"Osamnaest stalnih panela i izlo\u017eba o biodiverzitetu na Gorici - Europe House\",\"isPartOf\":{\"@id\":\"https:\\\/\\\/www.evropskakuca.me\\\/me\\\/#website\"},\"primaryImageOfPage\":{\"@id\":\"https:\\\/\\\/www.evropskakuca.me\\\/me\\\/osamnaest-stalnih-panela-i-izlozba-o-biodiverzitetu-na-gorici\\\/#primaryimage\"},\"image\":{\"@id\":\"https:\\\/\\\/www.evropskakuca.me\\\/me\\\/osamnaest-stalnih-panela-i-izlozba-o-biodiverzitetu-na-gorici\\\/#primaryimage\"},\"thumbnailUrl\":\"https:\\\/\\\/www.evropskakuca.me\\\/wp-content\\\/uploads\\\/2023\\\/06\\\/i-15.jpg\",\"datePublished\":\"2023-06-06T10:10:05+00:00\",\"breadcrumb\":{\"@id\":\"https:\\\/\\\/www.evropskakuca.me\\\/me\\\/osamnaest-stalnih-panela-i-izlozba-o-biodiverzitetu-na-gorici\\\/#breadcrumb\"},\"inLanguage\":\"me-ME\",\"potentialAction\":[{\"@type\":\"ReadAction\",\"target\":[\"https:\\\/\\\/www.evropskakuca.me\\\/me\\\/osamnaest-stalnih-panela-i-izlozba-o-biodiverzitetu-na-gorici\\\/\"]}]},{\"@type\":\"ImageObject\",\"inLanguage\":\"me-ME\",\"@id\":\"https:\\\/\\\/www.evropskakuca.me\\\/me\\\/osamnaest-stalnih-panela-i-izlozba-o-biodiverzitetu-na-gorici\\\/#primaryimage\",\"url\":\"https:\\\/\\\/www.evropskakuca.me\\\/wp-content\\\/uploads\\\/2023\\\/06\\\/i-15.jpg\",\"contentUrl\":\"https:\\\/\\\/www.evropskakuca.me\\\/wp-content\\\/uploads\\\/2023\\\/06\\\/i-15.jpg\",\"width\":2500,\"height\":1667},{\"@type\":\"BreadcrumbList\",\"@id\":\"https:\\\/\\\/www.evropskakuca.me\\\/me\\\/osamnaest-stalnih-panela-i-izlozba-o-biodiverzitetu-na-gorici\\\/#breadcrumb\",\"itemListElement\":[{\"@type\":\"ListItem\",\"position\":1,\"name\":\"Home\",\"item\":\"https:\\\/\\\/www.evropskakuca.me\\\/me\\\/\"},{\"@type\":\"ListItem\",\"position\":2,\"name\":\"Osamnaest stalnih panela i izlo\u017eba o biodiverzitetu na Gorici\"}]},{\"@type\":\"WebSite\",\"@id\":\"https:\\\/\\\/www.evropskakuca.me\\\/me\\\/#website\",\"url\":\"https:\\\/\\\/www.evropskakuca.me\\\/me\\\/\",\"name\":\"Evropean house\",\"description\":\"\",\"publisher\":{\"@id\":\"https:\\\/\\\/www.evropskakuca.me\\\/me\\\/#organization\"},\"potentialAction\":[{\"@type\":\"SearchAction\",\"target\":{\"@type\":\"EntryPoint\",\"urlTemplate\":\"https:\\\/\\\/www.evropskakuca.me\\\/me\\\/?s={search_term_string}\"},\"query-input\":{\"@type\":\"PropertyValueSpecification\",\"valueRequired\":true,\"valueName\":\"search_term_string\"}}],\"inLanguage\":\"me-ME\"},{\"@type\":\"Organization\",\"@id\":\"https:\\\/\\\/www.evropskakuca.me\\\/me\\\/#organization\",\"name\":\"Evropean house\",\"url\":\"https:\\\/\\\/www.evropskakuca.me\\\/me\\\/\",\"logo\":{\"@type\":\"ImageObject\",\"inLanguage\":\"me-ME\",\"@id\":\"https:\\\/\\\/www.evropskakuca.me\\\/me\\\/#\\\/schema\\\/logo\\\/image\\\/\",\"url\":\"https:\\\/\\\/www.evropskakuca.me\\\/wp-content\\\/uploads\\\/2025\\\/01\\\/evropska-kuca-logo-1.png\",\"contentUrl\":\"https:\\\/\\\/www.evropskakuca.me\\\/wp-content\\\/uploads\\\/2025\\\/01\\\/evropska-kuca-logo-1.png\",\"width\":425,\"height\":312,\"caption\":\"Evropean house\"},\"image\":{\"@id\":\"https:\\\/\\\/www.evropskakuca.me\\\/me\\\/#\\\/schema\\\/logo\\\/image\\\/\"},\"sameAs\":[\"https:\\\/\\\/www.facebook.com\\\/evropska.kuca\",\"https:\\\/\\\/x.com\\\/evropska_kuca\",\"https:\\\/\\\/www.instagram.com\\\/evropska_kuca\"]},{\"@type\":\"Person\",\"@id\":\"https:\\\/\\\/www.evropskakuca.me\\\/me\\\/#\\\/schema\\\/person\\\/a1d0dcdaefe4a1cd1d60d200ea137ba4\",\"name\":\"mkajic\",\"image\":{\"@type\":\"ImageObject\",\"inLanguage\":\"me-ME\",\"@id\":\"https:\\\/\\\/secure.gravatar.com\\\/avatar\\\/731fa035cefab7316e6bafd1f25a93fb731a07de14e2d9923f8db4422628eabc?s=96&d=mm&r=g\",\"url\":\"https:\\\/\\\/secure.gravatar.com\\\/avatar\\\/731fa035cefab7316e6bafd1f25a93fb731a07de14e2d9923f8db4422628eabc?s=96&d=mm&r=g\",\"contentUrl\":\"https:\\\/\\\/secure.gravatar.com\\\/avatar\\\/731fa035cefab7316e6bafd1f25a93fb731a07de14e2d9923f8db4422628eabc?s=96&d=mm&r=g\",\"caption\":\"mkajic\"},\"sameAs\":[\"https:\\\/\\\/evropskakuca.me\"],\"url\":\"https:\\\/\\\/www.evropskakuca.me\\\/me\\\/author\\\/mkajic\\\/\"}]}<\/script>\n<!-- \/ Yoast SEO plugin. -->","yoast_head_json":{"title":"Osamnaest stalnih panela i izlo\u017eba o biodiverzitetu na Gorici - Europe House","robots":{"index":"index","follow":"follow","max-snippet":"max-snippet:-1","max-image-preview":"max-image-preview:large","max-video-preview":"max-video-preview:-1"},"canonical":"https:\/\/www.evropskakuca.me\/me\/osamnaest-stalnih-panela-i-izlozba-o-biodiverzitetu-na-gorici\/","og_locale":"en_US","og_type":"article","og_title":"Osamnaest stalnih panela i izlo\u017eba o biodiverzitetu na Gorici - Europe House","og_description":"Povodom Svjetskog dana \u017eivotne sredine, Evropska ku\u0107a i Agencija za upravljanje za\u0161ti\u0107enim podru\u010djima Podgorice postavili su 18 trajnih panela, koji \u0107e slu\u017eiti kao stalni izlo\u017ebeni prostor na brdu Gorica. Predstavnici Evropske ku\u0107e i Glavnog grada sve\u010dano su otvorili i prvu izlo\u017ebu &#8211; &#8220;Za\u0161titi ono \u0161to voli\u0161 \u2013 Biodiverzitet za\u0161ti\u0107enih podru\u010dja Podgorice\u2019\u2019. Prvo obilje\u017eavanje Svjetskog dana [&hellip;]","og_url":"https:\/\/www.evropskakuca.me\/me\/osamnaest-stalnih-panela-i-izlozba-o-biodiverzitetu-na-gorici\/","og_site_name":"Europe House","article_publisher":"https:\/\/www.facebook.com\/evropska.kuca","article_published_time":"2023-06-06T10:10:05+00:00","og_image":[{"width":1024,"height":683,"url":"https:\/\/www.evropskakuca.me\/wp-content\/uploads\/2023\/06\/i-15-1024x683.jpg","type":"image\/jpeg"}],"author":"mkajic","twitter_card":"summary_large_image","twitter_creator":"@evropska_kuca","twitter_site":"@evropska_kuca","twitter_misc":{"Written by":"mkajic","Est. reading time":"3 minutes"},"schema":{"@context":"https:\/\/schema.org","@graph":[{"@type":"Article","@id":"https:\/\/www.evropskakuca.me\/me\/osamnaest-stalnih-panela-i-izlozba-o-biodiverzitetu-na-gorici\/#article","isPartOf":{"@id":"https:\/\/www.evropskakuca.me\/me\/osamnaest-stalnih-panela-i-izlozba-o-biodiverzitetu-na-gorici\/"},"author":{"name":"mkajic","@id":"https:\/\/www.evropskakuca.me\/me\/#\/schema\/person\/a1d0dcdaefe4a1cd1d60d200ea137ba4"},"headline":"Osamnaest stalnih panela i izlo\u017eba o biodiverzitetu na Gorici","datePublished":"2023-06-06T10:10:05+00:00","mainEntityOfPage":{"@id":"https:\/\/www.evropskakuca.me\/me\/osamnaest-stalnih-panela-i-izlozba-o-biodiverzitetu-na-gorici\/"},"wordCount":567,"publisher":{"@id":"https:\/\/www.evropskakuca.me\/me\/#organization"},"image":{"@id":"https:\/\/www.evropskakuca.me\/me\/osamnaest-stalnih-panela-i-izlozba-o-biodiverzitetu-na-gorici\/#primaryimage"},"thumbnailUrl":"https:\/\/www.evropskakuca.me\/wp-content\/uploads\/2023\/06\/i-15.jpg","inLanguage":"me-ME"},{"@type":"WebPage","@id":"https:\/\/www.evropskakuca.me\/me\/osamnaest-stalnih-panela-i-izlozba-o-biodiverzitetu-na-gorici\/","url":"https:\/\/www.evropskakuca.me\/me\/osamnaest-stalnih-panela-i-izlozba-o-biodiverzitetu-na-gorici\/","name":"Osamnaest stalnih panela i izlo\u017eba o biodiverzitetu na Gorici - Europe House","isPartOf":{"@id":"https:\/\/www.evropskakuca.me\/me\/#website"},"primaryImageOfPage":{"@id":"https:\/\/www.evropskakuca.me\/me\/osamnaest-stalnih-panela-i-izlozba-o-biodiverzitetu-na-gorici\/#primaryimage"},"image":{"@id":"https:\/\/www.evropskakuca.me\/me\/osamnaest-stalnih-panela-i-izlozba-o-biodiverzitetu-na-gorici\/#primaryimage"},"thumbnailUrl":"https:\/\/www.evropskakuca.me\/wp-content\/uploads\/2023\/06\/i-15.jpg","datePublished":"2023-06-06T10:10:05+00:00","breadcrumb":{"@id":"https:\/\/www.evropskakuca.me\/me\/osamnaest-stalnih-panela-i-izlozba-o-biodiverzitetu-na-gorici\/#breadcrumb"},"inLanguage":"me-ME","potentialAction":[{"@type":"ReadAction","target":["https:\/\/www.evropskakuca.me\/me\/osamnaest-stalnih-panela-i-izlozba-o-biodiverzitetu-na-gorici\/"]}]},{"@type":"ImageObject","inLanguage":"me-ME","@id":"https:\/\/www.evropskakuca.me\/me\/osamnaest-stalnih-panela-i-izlozba-o-biodiverzitetu-na-gorici\/#primaryimage","url":"https:\/\/www.evropskakuca.me\/wp-content\/uploads\/2023\/06\/i-15.jpg","contentUrl":"https:\/\/www.evropskakuca.me\/wp-content\/uploads\/2023\/06\/i-15.jpg","width":2500,"height":1667},{"@type":"BreadcrumbList","@id":"https:\/\/www.evropskakuca.me\/me\/osamnaest-stalnih-panela-i-izlozba-o-biodiverzitetu-na-gorici\/#breadcrumb","itemListElement":[{"@type":"ListItem","position":1,"name":"Home","item":"https:\/\/www.evropskakuca.me\/me\/"},{"@type":"ListItem","position":2,"name":"Osamnaest stalnih panela i izlo\u017eba o biodiverzitetu na Gorici"}]},{"@type":"WebSite","@id":"https:\/\/www.evropskakuca.me\/me\/#website","url":"https:\/\/www.evropskakuca.me\/me\/","name":"Evropean house","description":"","publisher":{"@id":"https:\/\/www.evropskakuca.me\/me\/#organization"},"potentialAction":[{"@type":"SearchAction","target":{"@type":"EntryPoint","urlTemplate":"https:\/\/www.evropskakuca.me\/me\/?s={search_term_string}"},"query-input":{"@type":"PropertyValueSpecification","valueRequired":true,"valueName":"search_term_string"}}],"inLanguage":"me-ME"},{"@type":"Organization","@id":"https:\/\/www.evropskakuca.me\/me\/#organization","name":"Evropean house","url":"https:\/\/www.evropskakuca.me\/me\/","logo":{"@type":"ImageObject","inLanguage":"me-ME","@id":"https:\/\/www.evropskakuca.me\/me\/#\/schema\/logo\/image\/","url":"https:\/\/www.evropskakuca.me\/wp-content\/uploads\/2025\/01\/evropska-kuca-logo-1.png","contentUrl":"https:\/\/www.evropskakuca.me\/wp-content\/uploads\/2025\/01\/evropska-kuca-logo-1.png","width":425,"height":312,"caption":"Evropean house"},"image":{"@id":"https:\/\/www.evropskakuca.me\/me\/#\/schema\/logo\/image\/"},"sameAs":["https:\/\/www.facebook.com\/evropska.kuca","https:\/\/x.com\/evropska_kuca","https:\/\/www.instagram.com\/evropska_kuca"]},{"@type":"Person","@id":"https:\/\/www.evropskakuca.me\/me\/#\/schema\/person\/a1d0dcdaefe4a1cd1d60d200ea137ba4","name":"mkajic","image":{"@type":"ImageObject","inLanguage":"me-ME","@id":"https:\/\/secure.gravatar.com\/avatar\/731fa035cefab7316e6bafd1f25a93fb731a07de14e2d9923f8db4422628eabc?s=96&d=mm&r=g","url":"https:\/\/secure.gravatar.com\/avatar\/731fa035cefab7316e6bafd1f25a93fb731a07de14e2d9923f8db4422628eabc?s=96&d=mm&r=g","contentUrl":"https:\/\/secure.gravatar.com\/avatar\/731fa035cefab7316e6bafd1f25a93fb731a07de14e2d9923f8db4422628eabc?s=96&d=mm&r=g","caption":"mkajic"},"sameAs":["https:\/\/evropskakuca.me"],"url":"https:\/\/www.evropskakuca.me\/me\/author\/mkajic\/"}]}},"_links":{"self":[{"href":"https:\/\/www.evropskakuca.me\/me\/wp-json\/wp\/v2\/posts\/25277","targetHints":{"allow":["GET"]}}],"collection":[{"href":"https:\/\/www.evropskakuca.me\/me\/wp-json\/wp\/v2\/posts"}],"about":[{"href":"https:\/\/www.evropskakuca.me\/me\/wp-json\/wp\/v2\/types\/post"}],"author":[{"embeddable":true,"href":"https:\/\/www.evropskakuca.me\/me\/wp-json\/wp\/v2\/users\/1"}],"replies":[{"embeddable":true,"href":"https:\/\/www.evropskakuca.me\/me\/wp-json\/wp\/v2\/comments?post=25277"}],"version-history":[{"count":0,"href":"https:\/\/www.evropskakuca.me\/me\/wp-json\/wp\/v2\/posts\/25277\/revisions"}],"wp:featuredmedia":[{"embeddable":true,"href":"https:\/\/www.evropskakuca.me\/me\/wp-json\/wp\/v2\/media\/39457"}],"wp:attachment":[{"href":"https:\/\/www.evropskakuca.me\/me\/wp-json\/wp\/v2\/media?parent=25277"}],"wp:term":[{"taxonomy":"category","embeddable":true,"href":"https:\/\/www.evropskakuca.me\/me\/wp-json\/wp\/v2\/categories?post=25277"},{"taxonomy":"post_tag","embeddable":true,"href":"https:\/\/www.evropskakuca.me\/me\/wp-json\/wp\/v2\/tags?post=25277"}],"curies":[{"name":"wp","href":"https:\/\/api.w.org\/{rel}","templated":true}]}}