{"id":25205,"date":"2023-06-02T10:23:21","date_gmt":"2023-06-02T10:23:21","guid":{"rendered":"https:\/\/evropskakuca.me\/?p=25205"},"modified":"2023-06-02T10:23:21","modified_gmt":"2023-06-02T10:23:21","slug":"predstavljen-izvjestaj-iz-sjenke-za-poglavlje-27-progres-na-pauzi","status":"publish","type":"post","link":"https:\/\/www.evropskakuca.me\/me\/predstavljen-izvjestaj-iz-sjenke-za-poglavlje-27-progres-na-pauzi\/","title":{"rendered":"Predstavljen Izvje\u0161taj iz sjenke za Poglavlje 27: \u201cProgres na pauzi\u201d"},"content":{"rendered":"<blockquote><p>Izvje\u0161taj obra\u0111uje deset tematskih oblasti iz Poglavlja 27, a odnosi se na implementaciju preostalih obaveza iz Nacionalne strategije, koje su sada sastavni dio Akcionog plana za ispunjavanje zavr\u0161nih mjerila u Poglavlju 27 \u2013 \u017divotna sredina i klimatske promjene.<\/p><\/blockquote>\n<p>U susret Evropskoj Zelenoj nedelji, Koalicija 27 predstavila je\u00a0<strong>Izvje\u0161taj iz sjenke za poglavlje 27:<\/strong>\u00a0<strong>\u201eProgres na pauzi\u201c ,\u00a0<\/strong>koji ima za cilj da predstavi sveukupnu sliku napretka Crne Gore u procesu pristupanja EU za period od januara 2022. do maja 2023. godine, u pogledu unapre\u0111enja stanja u oblasti za\u0161tite \u017eivotne sredine i klimatskih promjena.<\/p>\n<p><img fetchpriority=\"high\" decoding=\"async\" class=\"alignnone size-large wp-image-25208\" src=\"https:\/\/evropskakuca.me\/wp-content\/uploads\/2023\/06\/izvjestaj-5-of-31-1024x682.jpg\" alt=\"\" width=\"1024\" height=\"682\" \/><\/p>\n<p>Ocjena implementiranih aktivnosti u ovoj oblasti se naslu\u0107uje ve\u0107 u samom naslovu izvje\u0161taja \u201eProgres na pauzi\u201c (draft) a osim analize su\u0161tinskih problema, pred \u010ditaocima Izvje\u0161taja nalazi se i set preporuka za osna\u017eivanje procesa transpozicije i implementacije zakonodavstva EU obuhva\u0107ene Poglavljem 27.<\/p>\n<p>Pipremu izvje\u0161taja koordinirala je Milica Kandi\u0107, kao eksterni ekspert, koja je predstavila metodologiju i sveobuhvatni osvrt na izvje\u0161taj.<\/p>\n<p>Kada je rije\u010d o podoblasti Za\u0161tita prirode Izvje\u0161taj je pokazao da je ostvaren odre\u0111eni progres u ovoj oblasti, rekla je Ksenija Medenica ispred\u00a0<strong>Centra za za\u0161titu i prou\u010davanje ptica<\/strong>.<\/p>\n<p><img decoding=\"async\" class=\"alignnone size-large wp-image-25210\" src=\"https:\/\/evropskakuca.me\/wp-content\/uploads\/2023\/06\/izvjestaj-3-of-31-1024x682.jpg\" alt=\"\" width=\"1024\" height=\"682\" \/><\/p>\n<p>\u201eOn se prije svega ogleda u pokretanju procesa Izmjena Zakona o za\u0161titi prirode I Zakona o \u0161umama koje bi trebale biti usvojene u \u0161to skorijem roku\u201d\u2013 rekla je Medenica.<\/p>\n<p>Me\u0111utim, iako odre\u0111eni progres postoji<strong>, priroda Crne Gore je ugro\u017eena i neophodno je posvetiti se rje\u0161avanju brojnim problemima u ovoj oblasti.<\/strong><\/p>\n\n<p><strong>\u201e<\/strong>U prvom redu, kao problem se izdvaja upravljanje za\u0161ti\u0107enim podru\u010djima. Nacionalni parkovi Crne Gore su bez planova upravljanja jo\u0161 od 2020. godine. Isti su trenutno u pripremi ali je paradoks \u0161to \u0107e biti usvojeni u drugoj polovini teku\u0107e godine ali za period od 2020. \u2013 2025.\u00a0 Ohrabruje to \u0161to se pripremi Planova kona\u010dno pristupilo temeljno, tako da se nadamo kvalitetnim dokumentima i njihovoj primjeni u skorijem periodu.\u201c \u2013 kazala je Medenica,<\/p>\n<p>Onda je naglasila da su za\u0161ti\u0107ena podru\u010dja, osim lo\u0161im upravljanjem, ugro\u017eena i neplanskom gradnjom.<\/p>\n<p><img decoding=\"async\" class=\"alignnone size-large wp-image-25216\" src=\"https:\/\/evropskakuca.me\/wp-content\/uploads\/2023\/06\/izvjestaj-19-of-31-1024x682.jpg\" alt=\"\" width=\"1024\" height=\"682\" \/><\/p>\n<blockquote><p>Kao i u prethodnim godinama, posebno mjesto u Izvje\u0161taju imaju problemi Ulcinjske solane. Nerije\u0161eno pitanje upravlja\u010dke strukture, \u010detiri godine od progla\u0161enja za\u0161ti\u0107enog podru\u010dja, najve\u0107a je prepreka sprovo\u0111enju mjera za\u0161tite ovog prostora. Tako\u0111e,u proteklih godinu dana nadle\u017eno ministarstvo poljoprivrede nije uradilo apsolutno ni\u0161ta u cilju rje\u0161avanja problema krivolova.<\/p><\/blockquote>\n<p>Azra Vukovi\u0107 iz\u00a0<strong>NVO Green Home<\/strong>\u00a0osvrnula se podoblast o upravljanju otpadom, te kazala da dono\u0161enje novog Zakona o upravljanju otpadom kasni 5 godina.<\/p>\n<p><img loading=\"lazy\" decoding=\"async\" class=\"alignnone size-large wp-image-25218\" src=\"https:\/\/evropskakuca.me\/wp-content\/uploads\/2023\/06\/izvjestaj-17-of-31-1024x682.jpg\" alt=\"\" width=\"1024\" height=\"682\" \/><\/p>\n<p>\u201eTako\u0111e, nije donesen Dr\u017eavni plan upravljanja otpadom u CG, 2023-2028. Implementacija lokalnih planova upravljanja otpadom je na veoma niskom nivou ili je nema. Procijenjeno je da se 25.000 t godi\u0161nje odla\u017ee na neure\u0111enom odlagali\u0161tu Mislov do.\u201c<\/p>\n<blockquote><p>Pored evidentnih problema, recikla\u017eni centri postoje, i to u Podgorici, Herceg Novom, Kotoru i \u017dabljaku kao i recikla\u017ena dvori\u0161ta.<\/p><\/blockquote>\n<p>Miodrag Karad\u017ei\u0107 iz\u00a0<strong>Dru\u0161tva mladih ekologa i Sjeverna zemlja\u00a0<\/strong>predstavio je podoblast kvalitet vazduha i vode.<\/p>\n<p><img loading=\"lazy\" decoding=\"async\" class=\"alignnone size-large wp-image-25220\" src=\"https:\/\/evropskakuca.me\/wp-content\/uploads\/2023\/06\/izvjestaj-21-of-31-1024x682.jpg\" alt=\"\" width=\"1024\" height=\"682\" \/><\/p>\n<p>Op\u0161ti pregled stanja u podoblasti kvalitet voda pokazuje da je zakonodavstvo u potpunosti uskla\u0111eno sa pravnom tekovinom EU (Zakon je donijet 2007. godine, izmjenjen i dopunjen 2015. godine, kao i 2018. godine).<\/p>\n<p>\u201eMe\u0111utim jo\u0161 uvijek nije izra\u0111en registar voda od zna\u010daja za Crnu Goru a ni za vode od lokalnog zna\u010daja, nije uspostavljen vodni informacioni sistem, dr\u017eavni i lokalni Operativni planovi za\u0161tite voda od havarijskih zaga\u0111enja za vode od zna\u010daja.\u201c rekao je Karad\u017ei\u0107.<\/p>\n<p><img loading=\"lazy\" decoding=\"async\" class=\"alignnone size-large wp-image-25222\" src=\"https:\/\/evropskakuca.me\/wp-content\/uploads\/2023\/06\/izvjestaj-28-of-31-1024x682.jpg\" alt=\"\" width=\"1024\" height=\"682\" \/><\/p>\n<blockquote><p>Kako ka\u017ee Karad\u017ei\u0107, prema nalazima Dr\u017eavne revizorske institucije, kanalizacioni mulj se uglavnom skladi\u0161ti u krugu postrojenja, iako je njegova primjena definisana Zakonom o upravljanju otpadom i Pravilnikom o bli\u017eim uslovima koje treba da ispunjava komunalni kanalizacioni mulj. Na nivou Dr\u017eave i lokalnih samouprava ne postoje planovi upravljanja kanalizacionim muljem, kojim bi se definisali na\u010din tretman i postupanja sa njim.<\/p><\/blockquote>\n<p>U samom Izvje\u0161taju nabrojano je nekoliko klju\u010dnih preporuka, kada je u pitanju podoblast kvalitet vode.<\/p>\n<p>Kada je u pitanju podoblast kvalitet vazduha, op\u0161ti pregled stanja pokazuje da nije planski usvojena Nacionalna strategije kvaliteta vazduha za period 2021\u20132029. sa Programom mjera za smanjenje emisija obuhva\u0107enih NEC direktivom.<\/p>\n<p>&#8220;Nije uspostavljen katastar zaga\u0111iva\u010da, pa nijesu obezbije\u0111eni adekvatni podaci o zaga\u0111iva\u010dima vazduha. Zaga\u0111iva\u010di ne vr\u0161e monitoring i ne dostavljaju Izvje\u0161taje o sprovedenom monitoringu lokalnim samoupravama i Agenciji. Ne vr\u0161i se pra\u0107enje kvaliteta unutra\u0161njeg vazduha niti procjena kumulativnih uticaja zaga\u0111enja na javno zdravlje&#8221;- kazao je Karad\u017ei\u0107.<\/p>\n<p>Crna Gora je u martu 2021. godine dostavila Evropskoj komisiji analizu ekonomski isplativih strategija kontrole emisija za 2020. i 2030. godinu, koja slu\u017ei kao osnova za kona\u010dni sporazum izme\u0111u EU i Crne Gore o njenim obavezama smanjenja emisija prema Direktivi NEC. \u00a0U januaru 2022. godine Evropska komisija je dala zeleno svijetlo za ovaj dokument sa preporukom da Crna Gora mora definisati obaveze smanjenja emisija u skladu sa Nacionalnim energetskim i klimatskim planom, koji do danas, dakle skoro dvije godine kasnije, jo\u0161 uvijek nije usvojen.<\/p>\n<p>Kao najve\u0107i izazov u oblasti kvaliteta vazduha, Karad\u017ei\u0107 vidi postizanje propisanog kvaliteta vazduha u svim zonama.<\/p>\n<p>Izvje\u0161taj je pripremljen u okviru projekta Osna\u017eivanje u\u010de\u0161\u0107a civilnog dru\u0161tva u oblasti \u017eivotne sredine u procesu pristupanja EU (4E) koji je finansijski podr\u017ean od strane Evropske Unije, kroz program \u201eCivil Society Facility 2021 and Thematic Programme on Human Rights and Democracy 2021.<\/p>\n<p>Izvje\u0161taj mo\u017eete preuzeti na linku: <a href=\"https:\/\/evropskakuca.me\/wp-content\/uploads\/2023\/06\/Izvjestaj-iz-sjenke_MNE.pdf\">\u00a0Izvjestaj-iz-sjenke MNE<\/a><\/p>\n","protected":false},"excerpt":{"rendered":"<p>Izvje\u0161taj obra\u0111uje deset tematskih oblasti iz Poglavlja 27, a odnosi se na implementaciju preostalih obaveza iz Nacionalne strategije, koje su sada sastavni dio Akcionog plana za ispunjavanje zavr\u0161nih mjerila u Poglavlju 27 \u2013 \u017divotna sredina i klimatske promjene. U susret Evropskoj Zelenoj nedelji, Koalicija 27 predstavila je\u00a0Izvje\u0161taj iz sjenke za poglavlje 27:\u00a0\u201eProgres na pauzi\u201c ,\u00a0koji [&hellip;]<\/p>\n","protected":false},"author":1,"featured_media":39475,"comment_status":"closed","ping_status":"closed","sticky":false,"template":"","format":"standard","meta":{"_acf_changed":false,"footnotes":""},"categories":[],"tags":[],"class_list":["post-25205","post","type-post","status-publish","format-standard","has-post-thumbnail","hentry"],"acf":[],"yoast_head":"<!-- This site is optimized with the Yoast SEO plugin v27.3 - https:\/\/yoast.com\/product\/yoast-seo-wordpress\/ -->\n<title>Predstavljen Izvje\u0161taj iz sjenke za Poglavlje 27: \u201cProgres na pauzi\u201d - Europe House<\/title>\n<meta name=\"robots\" content=\"index, follow, max-snippet:-1, max-image-preview:large, max-video-preview:-1\" \/>\n<link rel=\"canonical\" href=\"https:\/\/www.evropskakuca.me\/me\/predstavljen-izvjestaj-iz-sjenke-za-poglavlje-27-progres-na-pauzi\/\" \/>\n<meta property=\"og:locale\" content=\"en_US\" \/>\n<meta property=\"og:type\" content=\"article\" \/>\n<meta property=\"og:title\" content=\"Predstavljen Izvje\u0161taj iz sjenke za Poglavlje 27: \u201cProgres na pauzi\u201d - Europe House\" \/>\n<meta property=\"og:description\" content=\"Izvje\u0161taj obra\u0111uje deset tematskih oblasti iz Poglavlja 27, a odnosi se na implementaciju preostalih obaveza iz Nacionalne strategije, koje su sada sastavni dio Akcionog plana za ispunjavanje zavr\u0161nih mjerila u Poglavlju 27 \u2013 \u017divotna sredina i klimatske promjene. U susret Evropskoj Zelenoj nedelji, Koalicija 27 predstavila je\u00a0Izvje\u0161taj iz sjenke za poglavlje 27:\u00a0\u201eProgres na pauzi\u201c ,\u00a0koji [&hellip;]\" \/>\n<meta property=\"og:url\" content=\"https:\/\/www.evropskakuca.me\/me\/predstavljen-izvjestaj-iz-sjenke-za-poglavlje-27-progres-na-pauzi\/\" \/>\n<meta property=\"og:site_name\" content=\"Europe House\" \/>\n<meta property=\"article:publisher\" content=\"https:\/\/www.facebook.com\/evropska.kuca\" \/>\n<meta property=\"article:published_time\" content=\"2023-06-02T10:23:21+00:00\" \/>\n<meta property=\"og:image\" content=\"https:\/\/www.evropskakuca.me\/wp-content\/uploads\/2023\/06\/izvjestaj-1-of-31.jpg\" \/>\n\t<meta property=\"og:image:width\" content=\"2000\" \/>\n\t<meta property=\"og:image:height\" content=\"1333\" \/>\n\t<meta property=\"og:image:type\" content=\"image\/jpeg\" \/>\n<meta name=\"author\" content=\"mkajic\" \/>\n<meta name=\"twitter:card\" content=\"summary_large_image\" \/>\n<meta name=\"twitter:creator\" content=\"@evropska_kuca\" \/>\n<meta name=\"twitter:site\" content=\"@evropska_kuca\" \/>\n<meta name=\"twitter:label1\" content=\"Written by\" \/>\n\t<meta name=\"twitter:data1\" content=\"mkajic\" \/>\n\t<meta name=\"twitter:label2\" content=\"Est. reading time\" \/>\n\t<meta name=\"twitter:data2\" content=\"5 minutes\" \/>\n<script type=\"application\/ld+json\" class=\"yoast-schema-graph\">{\"@context\":\"https:\\\/\\\/schema.org\",\"@graph\":[{\"@type\":\"Article\",\"@id\":\"https:\\\/\\\/www.evropskakuca.me\\\/me\\\/predstavljen-izvjestaj-iz-sjenke-za-poglavlje-27-progres-na-pauzi\\\/#article\",\"isPartOf\":{\"@id\":\"https:\\\/\\\/www.evropskakuca.me\\\/me\\\/predstavljen-izvjestaj-iz-sjenke-za-poglavlje-27-progres-na-pauzi\\\/\"},\"author\":{\"name\":\"mkajic\",\"@id\":\"https:\\\/\\\/www.evropskakuca.me\\\/me\\\/#\\\/schema\\\/person\\\/a1d0dcdaefe4a1cd1d60d200ea137ba4\"},\"headline\":\"Predstavljen Izvje\u0161taj iz sjenke za Poglavlje 27: \u201cProgres na pauzi\u201d\",\"datePublished\":\"2023-06-02T10:23:21+00:00\",\"mainEntityOfPage\":{\"@id\":\"https:\\\/\\\/www.evropskakuca.me\\\/me\\\/predstavljen-izvjestaj-iz-sjenke-za-poglavlje-27-progres-na-pauzi\\\/\"},\"wordCount\":930,\"publisher\":{\"@id\":\"https:\\\/\\\/www.evropskakuca.me\\\/me\\\/#organization\"},\"image\":{\"@id\":\"https:\\\/\\\/www.evropskakuca.me\\\/me\\\/predstavljen-izvjestaj-iz-sjenke-za-poglavlje-27-progres-na-pauzi\\\/#primaryimage\"},\"thumbnailUrl\":\"https:\\\/\\\/www.evropskakuca.me\\\/wp-content\\\/uploads\\\/2023\\\/06\\\/izvjestaj-1-of-31.jpg\",\"inLanguage\":\"me-ME\"},{\"@type\":\"WebPage\",\"@id\":\"https:\\\/\\\/www.evropskakuca.me\\\/me\\\/predstavljen-izvjestaj-iz-sjenke-za-poglavlje-27-progres-na-pauzi\\\/\",\"url\":\"https:\\\/\\\/www.evropskakuca.me\\\/me\\\/predstavljen-izvjestaj-iz-sjenke-za-poglavlje-27-progres-na-pauzi\\\/\",\"name\":\"Predstavljen Izvje\u0161taj iz sjenke za Poglavlje 27: \u201cProgres na pauzi\u201d - Europe House\",\"isPartOf\":{\"@id\":\"https:\\\/\\\/www.evropskakuca.me\\\/me\\\/#website\"},\"primaryImageOfPage\":{\"@id\":\"https:\\\/\\\/www.evropskakuca.me\\\/me\\\/predstavljen-izvjestaj-iz-sjenke-za-poglavlje-27-progres-na-pauzi\\\/#primaryimage\"},\"image\":{\"@id\":\"https:\\\/\\\/www.evropskakuca.me\\\/me\\\/predstavljen-izvjestaj-iz-sjenke-za-poglavlje-27-progres-na-pauzi\\\/#primaryimage\"},\"thumbnailUrl\":\"https:\\\/\\\/www.evropskakuca.me\\\/wp-content\\\/uploads\\\/2023\\\/06\\\/izvjestaj-1-of-31.jpg\",\"datePublished\":\"2023-06-02T10:23:21+00:00\",\"breadcrumb\":{\"@id\":\"https:\\\/\\\/www.evropskakuca.me\\\/me\\\/predstavljen-izvjestaj-iz-sjenke-za-poglavlje-27-progres-na-pauzi\\\/#breadcrumb\"},\"inLanguage\":\"me-ME\",\"potentialAction\":[{\"@type\":\"ReadAction\",\"target\":[\"https:\\\/\\\/www.evropskakuca.me\\\/me\\\/predstavljen-izvjestaj-iz-sjenke-za-poglavlje-27-progres-na-pauzi\\\/\"]}]},{\"@type\":\"ImageObject\",\"inLanguage\":\"me-ME\",\"@id\":\"https:\\\/\\\/www.evropskakuca.me\\\/me\\\/predstavljen-izvjestaj-iz-sjenke-za-poglavlje-27-progres-na-pauzi\\\/#primaryimage\",\"url\":\"https:\\\/\\\/www.evropskakuca.me\\\/wp-content\\\/uploads\\\/2023\\\/06\\\/izvjestaj-1-of-31.jpg\",\"contentUrl\":\"https:\\\/\\\/www.evropskakuca.me\\\/wp-content\\\/uploads\\\/2023\\\/06\\\/izvjestaj-1-of-31.jpg\",\"width\":2000,\"height\":1333},{\"@type\":\"BreadcrumbList\",\"@id\":\"https:\\\/\\\/www.evropskakuca.me\\\/me\\\/predstavljen-izvjestaj-iz-sjenke-za-poglavlje-27-progres-na-pauzi\\\/#breadcrumb\",\"itemListElement\":[{\"@type\":\"ListItem\",\"position\":1,\"name\":\"Home\",\"item\":\"https:\\\/\\\/www.evropskakuca.me\\\/me\\\/\"},{\"@type\":\"ListItem\",\"position\":2,\"name\":\"Predstavljen Izvje\u0161taj iz sjenke za Poglavlje 27: \u201cProgres na pauzi\u201d\"}]},{\"@type\":\"WebSite\",\"@id\":\"https:\\\/\\\/www.evropskakuca.me\\\/me\\\/#website\",\"url\":\"https:\\\/\\\/www.evropskakuca.me\\\/me\\\/\",\"name\":\"Evropean house\",\"description\":\"\",\"publisher\":{\"@id\":\"https:\\\/\\\/www.evropskakuca.me\\\/me\\\/#organization\"},\"potentialAction\":[{\"@type\":\"SearchAction\",\"target\":{\"@type\":\"EntryPoint\",\"urlTemplate\":\"https:\\\/\\\/www.evropskakuca.me\\\/me\\\/?s={search_term_string}\"},\"query-input\":{\"@type\":\"PropertyValueSpecification\",\"valueRequired\":true,\"valueName\":\"search_term_string\"}}],\"inLanguage\":\"me-ME\"},{\"@type\":\"Organization\",\"@id\":\"https:\\\/\\\/www.evropskakuca.me\\\/me\\\/#organization\",\"name\":\"Evropean house\",\"url\":\"https:\\\/\\\/www.evropskakuca.me\\\/me\\\/\",\"logo\":{\"@type\":\"ImageObject\",\"inLanguage\":\"me-ME\",\"@id\":\"https:\\\/\\\/www.evropskakuca.me\\\/me\\\/#\\\/schema\\\/logo\\\/image\\\/\",\"url\":\"https:\\\/\\\/www.evropskakuca.me\\\/wp-content\\\/uploads\\\/2025\\\/01\\\/evropska-kuca-logo-1.png\",\"contentUrl\":\"https:\\\/\\\/www.evropskakuca.me\\\/wp-content\\\/uploads\\\/2025\\\/01\\\/evropska-kuca-logo-1.png\",\"width\":425,\"height\":312,\"caption\":\"Evropean house\"},\"image\":{\"@id\":\"https:\\\/\\\/www.evropskakuca.me\\\/me\\\/#\\\/schema\\\/logo\\\/image\\\/\"},\"sameAs\":[\"https:\\\/\\\/www.facebook.com\\\/evropska.kuca\",\"https:\\\/\\\/x.com\\\/evropska_kuca\",\"https:\\\/\\\/www.instagram.com\\\/evropska_kuca\"]},{\"@type\":\"Person\",\"@id\":\"https:\\\/\\\/www.evropskakuca.me\\\/me\\\/#\\\/schema\\\/person\\\/a1d0dcdaefe4a1cd1d60d200ea137ba4\",\"name\":\"mkajic\",\"image\":{\"@type\":\"ImageObject\",\"inLanguage\":\"me-ME\",\"@id\":\"https:\\\/\\\/secure.gravatar.com\\\/avatar\\\/731fa035cefab7316e6bafd1f25a93fb731a07de14e2d9923f8db4422628eabc?s=96&d=mm&r=g\",\"url\":\"https:\\\/\\\/secure.gravatar.com\\\/avatar\\\/731fa035cefab7316e6bafd1f25a93fb731a07de14e2d9923f8db4422628eabc?s=96&d=mm&r=g\",\"contentUrl\":\"https:\\\/\\\/secure.gravatar.com\\\/avatar\\\/731fa035cefab7316e6bafd1f25a93fb731a07de14e2d9923f8db4422628eabc?s=96&d=mm&r=g\",\"caption\":\"mkajic\"},\"sameAs\":[\"https:\\\/\\\/evropskakuca.me\"],\"url\":\"https:\\\/\\\/www.evropskakuca.me\\\/me\\\/author\\\/mkajic\\\/\"}]}<\/script>\n<!-- \/ Yoast SEO plugin. -->","yoast_head_json":{"title":"Predstavljen Izvje\u0161taj iz sjenke za Poglavlje 27: \u201cProgres na pauzi\u201d - Europe House","robots":{"index":"index","follow":"follow","max-snippet":"max-snippet:-1","max-image-preview":"max-image-preview:large","max-video-preview":"max-video-preview:-1"},"canonical":"https:\/\/www.evropskakuca.me\/me\/predstavljen-izvjestaj-iz-sjenke-za-poglavlje-27-progres-na-pauzi\/","og_locale":"en_US","og_type":"article","og_title":"Predstavljen Izvje\u0161taj iz sjenke za Poglavlje 27: \u201cProgres na pauzi\u201d - Europe House","og_description":"Izvje\u0161taj obra\u0111uje deset tematskih oblasti iz Poglavlja 27, a odnosi se na implementaciju preostalih obaveza iz Nacionalne strategije, koje su sada sastavni dio Akcionog plana za ispunjavanje zavr\u0161nih mjerila u Poglavlju 27 \u2013 \u017divotna sredina i klimatske promjene. U susret Evropskoj Zelenoj nedelji, Koalicija 27 predstavila je\u00a0Izvje\u0161taj iz sjenke za poglavlje 27:\u00a0\u201eProgres na pauzi\u201c ,\u00a0koji [&hellip;]","og_url":"https:\/\/www.evropskakuca.me\/me\/predstavljen-izvjestaj-iz-sjenke-za-poglavlje-27-progres-na-pauzi\/","og_site_name":"Europe House","article_publisher":"https:\/\/www.facebook.com\/evropska.kuca","article_published_time":"2023-06-02T10:23:21+00:00","og_image":[{"width":2000,"height":1333,"url":"https:\/\/www.evropskakuca.me\/wp-content\/uploads\/2023\/06\/izvjestaj-1-of-31.jpg","type":"image\/jpeg"}],"author":"mkajic","twitter_card":"summary_large_image","twitter_creator":"@evropska_kuca","twitter_site":"@evropska_kuca","twitter_misc":{"Written by":"mkajic","Est. reading time":"5 minutes"},"schema":{"@context":"https:\/\/schema.org","@graph":[{"@type":"Article","@id":"https:\/\/www.evropskakuca.me\/me\/predstavljen-izvjestaj-iz-sjenke-za-poglavlje-27-progres-na-pauzi\/#article","isPartOf":{"@id":"https:\/\/www.evropskakuca.me\/me\/predstavljen-izvjestaj-iz-sjenke-za-poglavlje-27-progres-na-pauzi\/"},"author":{"name":"mkajic","@id":"https:\/\/www.evropskakuca.me\/me\/#\/schema\/person\/a1d0dcdaefe4a1cd1d60d200ea137ba4"},"headline":"Predstavljen Izvje\u0161taj iz sjenke za Poglavlje 27: \u201cProgres na pauzi\u201d","datePublished":"2023-06-02T10:23:21+00:00","mainEntityOfPage":{"@id":"https:\/\/www.evropskakuca.me\/me\/predstavljen-izvjestaj-iz-sjenke-za-poglavlje-27-progres-na-pauzi\/"},"wordCount":930,"publisher":{"@id":"https:\/\/www.evropskakuca.me\/me\/#organization"},"image":{"@id":"https:\/\/www.evropskakuca.me\/me\/predstavljen-izvjestaj-iz-sjenke-za-poglavlje-27-progres-na-pauzi\/#primaryimage"},"thumbnailUrl":"https:\/\/www.evropskakuca.me\/wp-content\/uploads\/2023\/06\/izvjestaj-1-of-31.jpg","inLanguage":"me-ME"},{"@type":"WebPage","@id":"https:\/\/www.evropskakuca.me\/me\/predstavljen-izvjestaj-iz-sjenke-za-poglavlje-27-progres-na-pauzi\/","url":"https:\/\/www.evropskakuca.me\/me\/predstavljen-izvjestaj-iz-sjenke-za-poglavlje-27-progres-na-pauzi\/","name":"Predstavljen Izvje\u0161taj iz sjenke za Poglavlje 27: \u201cProgres na pauzi\u201d - Europe House","isPartOf":{"@id":"https:\/\/www.evropskakuca.me\/me\/#website"},"primaryImageOfPage":{"@id":"https:\/\/www.evropskakuca.me\/me\/predstavljen-izvjestaj-iz-sjenke-za-poglavlje-27-progres-na-pauzi\/#primaryimage"},"image":{"@id":"https:\/\/www.evropskakuca.me\/me\/predstavljen-izvjestaj-iz-sjenke-za-poglavlje-27-progres-na-pauzi\/#primaryimage"},"thumbnailUrl":"https:\/\/www.evropskakuca.me\/wp-content\/uploads\/2023\/06\/izvjestaj-1-of-31.jpg","datePublished":"2023-06-02T10:23:21+00:00","breadcrumb":{"@id":"https:\/\/www.evropskakuca.me\/me\/predstavljen-izvjestaj-iz-sjenke-za-poglavlje-27-progres-na-pauzi\/#breadcrumb"},"inLanguage":"me-ME","potentialAction":[{"@type":"ReadAction","target":["https:\/\/www.evropskakuca.me\/me\/predstavljen-izvjestaj-iz-sjenke-za-poglavlje-27-progres-na-pauzi\/"]}]},{"@type":"ImageObject","inLanguage":"me-ME","@id":"https:\/\/www.evropskakuca.me\/me\/predstavljen-izvjestaj-iz-sjenke-za-poglavlje-27-progres-na-pauzi\/#primaryimage","url":"https:\/\/www.evropskakuca.me\/wp-content\/uploads\/2023\/06\/izvjestaj-1-of-31.jpg","contentUrl":"https:\/\/www.evropskakuca.me\/wp-content\/uploads\/2023\/06\/izvjestaj-1-of-31.jpg","width":2000,"height":1333},{"@type":"BreadcrumbList","@id":"https:\/\/www.evropskakuca.me\/me\/predstavljen-izvjestaj-iz-sjenke-za-poglavlje-27-progres-na-pauzi\/#breadcrumb","itemListElement":[{"@type":"ListItem","position":1,"name":"Home","item":"https:\/\/www.evropskakuca.me\/me\/"},{"@type":"ListItem","position":2,"name":"Predstavljen Izvje\u0161taj iz sjenke za Poglavlje 27: \u201cProgres na pauzi\u201d"}]},{"@type":"WebSite","@id":"https:\/\/www.evropskakuca.me\/me\/#website","url":"https:\/\/www.evropskakuca.me\/me\/","name":"Evropean house","description":"","publisher":{"@id":"https:\/\/www.evropskakuca.me\/me\/#organization"},"potentialAction":[{"@type":"SearchAction","target":{"@type":"EntryPoint","urlTemplate":"https:\/\/www.evropskakuca.me\/me\/?s={search_term_string}"},"query-input":{"@type":"PropertyValueSpecification","valueRequired":true,"valueName":"search_term_string"}}],"inLanguage":"me-ME"},{"@type":"Organization","@id":"https:\/\/www.evropskakuca.me\/me\/#organization","name":"Evropean house","url":"https:\/\/www.evropskakuca.me\/me\/","logo":{"@type":"ImageObject","inLanguage":"me-ME","@id":"https:\/\/www.evropskakuca.me\/me\/#\/schema\/logo\/image\/","url":"https:\/\/www.evropskakuca.me\/wp-content\/uploads\/2025\/01\/evropska-kuca-logo-1.png","contentUrl":"https:\/\/www.evropskakuca.me\/wp-content\/uploads\/2025\/01\/evropska-kuca-logo-1.png","width":425,"height":312,"caption":"Evropean house"},"image":{"@id":"https:\/\/www.evropskakuca.me\/me\/#\/schema\/logo\/image\/"},"sameAs":["https:\/\/www.facebook.com\/evropska.kuca","https:\/\/x.com\/evropska_kuca","https:\/\/www.instagram.com\/evropska_kuca"]},{"@type":"Person","@id":"https:\/\/www.evropskakuca.me\/me\/#\/schema\/person\/a1d0dcdaefe4a1cd1d60d200ea137ba4","name":"mkajic","image":{"@type":"ImageObject","inLanguage":"me-ME","@id":"https:\/\/secure.gravatar.com\/avatar\/731fa035cefab7316e6bafd1f25a93fb731a07de14e2d9923f8db4422628eabc?s=96&d=mm&r=g","url":"https:\/\/secure.gravatar.com\/avatar\/731fa035cefab7316e6bafd1f25a93fb731a07de14e2d9923f8db4422628eabc?s=96&d=mm&r=g","contentUrl":"https:\/\/secure.gravatar.com\/avatar\/731fa035cefab7316e6bafd1f25a93fb731a07de14e2d9923f8db4422628eabc?s=96&d=mm&r=g","caption":"mkajic"},"sameAs":["https:\/\/evropskakuca.me"],"url":"https:\/\/www.evropskakuca.me\/me\/author\/mkajic\/"}]}},"_links":{"self":[{"href":"https:\/\/www.evropskakuca.me\/me\/wp-json\/wp\/v2\/posts\/25205","targetHints":{"allow":["GET"]}}],"collection":[{"href":"https:\/\/www.evropskakuca.me\/me\/wp-json\/wp\/v2\/posts"}],"about":[{"href":"https:\/\/www.evropskakuca.me\/me\/wp-json\/wp\/v2\/types\/post"}],"author":[{"embeddable":true,"href":"https:\/\/www.evropskakuca.me\/me\/wp-json\/wp\/v2\/users\/1"}],"replies":[{"embeddable":true,"href":"https:\/\/www.evropskakuca.me\/me\/wp-json\/wp\/v2\/comments?post=25205"}],"version-history":[{"count":0,"href":"https:\/\/www.evropskakuca.me\/me\/wp-json\/wp\/v2\/posts\/25205\/revisions"}],"wp:featuredmedia":[{"embeddable":true,"href":"https:\/\/www.evropskakuca.me\/me\/wp-json\/wp\/v2\/media\/39475"}],"wp:attachment":[{"href":"https:\/\/www.evropskakuca.me\/me\/wp-json\/wp\/v2\/media?parent=25205"}],"wp:term":[{"taxonomy":"category","embeddable":true,"href":"https:\/\/www.evropskakuca.me\/me\/wp-json\/wp\/v2\/categories?post=25205"},{"taxonomy":"post_tag","embeddable":true,"href":"https:\/\/www.evropskakuca.me\/me\/wp-json\/wp\/v2\/tags?post=25205"}],"curies":[{"name":"wp","href":"https:\/\/api.w.org\/{rel}","templated":true}]}}