{"id":2520,"date":"2016-12-01T12:45:38","date_gmt":"2016-12-01T12:45:38","guid":{"rendered":"http:\/\/www.evropskakuca.me\/me\/?p=2520"},"modified":"2016-12-01T12:45:38","modified_gmt":"2016-12-01T12:45:38","slug":"izazovi-obaveze-crne-gore-u-susret-otvaranju-poglavlja-27","status":"publish","type":"post","link":"https:\/\/www.evropskakuca.me\/me\/izazovi-obaveze-crne-gore-u-susret-otvaranju-poglavlja-27\/","title":{"rendered":"Izazovi i obaveze Crne Gore u susret otvaranju poglavlja 27"},"content":{"rendered":"<p><strong>Podgorica, 1. decembar 2016. \u00a0\u2013<\/strong> \u0160ta na\u0161u dr\u017eavu o\u010dekuje u procesu pregovaranja kada je u pitanju za\u0161tita \u017eivotne sredine u\u010denici gimnazije \u201cSlobodan \u0160kerovi\u0107\u201d imali su priliku da \u010duju u Eu Info Centru. Poglavlje 27 jo\u0161 nije otvoreno, jer Crna Gora nije ispunila osnovne zahtjeve Evropske unije koji su potrebni za po\u010detak pregovora. Ova oblast jedna je od najzahtjevnijih u \u010ditavom pregovara\u010dkom procesu pojasnila je pomo\u0107nica ministra odr\u017eivog razvoja i turizma Ivana Vojinovi\u0107.<\/p>\n<p>\u201c U pitanju je jedno od najkompleksnijih i najlo\u017eenijih poglavlja koje Crna Gora ima u pregovara\u010dkom procesu sa Evropskom unijom. To je poglavlje je i najsukplje. Mi smo procijenili da \u0107e Crnoj Gori u dolaze\u0107em periodu biti potrebno negdje oko milijardu i po eura da investiramo, da rasporedimo kako bismo ispunili sve zahtjevne standarde, sve zadatke koje nam Evropska komisija name\u0107e, po\u010dev\u0161i od upravljanja otadom do oblasti za\u0161tite vazduha, upravljanjem vodama, za\u0161tite prirode od industrijskih zaga\u0111enja, za\u0161tite od buke u \u017eivotnoj sredini kao i klimatkih promjena\u201d, objasnila je Vojinovi\u0107.<\/p>\n<p>Obaveze su brojne. U svakoj postoje jasna pravila bez \u010dije primjene Crna Gora ne\u0107e mo\u0107i da zatvori poglavlje 27. Jedna od obaveza je osnivanje recikla\u017enog centra, tako\u0111e od gra\u0111ana se o\u010dekuje da selektuju otpad prilikom odlaganja, a od industrije da 70 % gra\u0111eviskog materijala ponovo koristi u preradi, a zato nam treba centar za obradu gra\u0111evinskog otpada. Ono \u0161to treba da bude pro\u0161lo\u0161t su divlje deponije. Svaka od njih treba da je sanirana, poput one u mjestu \u0106afe.<\/p>\n<p>\u201cOp\u0161tina Bar jo\u0161 od 2008. godine ne odla\u017ee sme\u0107e na toj lokaciji. Kao projekat, sanacija odlagali\u0161ta \u0106afe, koje se nalazi na putu ka Ulcinju, na moju veliku sre\u0107u napreduje najbolje u odnosu na sve projekte koji se finansiraju iz IPA komponente III. Sada je tu zelena povr\u0161ina, a planiramo da napravimo vidikovac, jer je pogled prelijep. I postavi\u0107emo klupe.\u201c rekao je Milo Marko\u010d, samostalni savjetnik za \u017eivotnu sredinu i vodoprivredu u op\u0161tini Bar.<\/p>\n<p>Pravila Evropske unije su jasna, obja\u0161njava Marko\u010d. Koliko su zahtjevna i za same dr\u017eave \u010dlanice pokazuju brojke &#8211; 50% recikla\u017ee ostvaruju Njema\u010dka, Austrija i Belgija, dok je recimo Ma\u0111arska na svega 4-5 % gdje i Crna Gora.<\/p>\n<p>\u201c Italija je nabolji primjer. Sjevreni dio Italije je fenamenalno rije\u0161io pitanje odlaganja otpada i recikla\u017ee, jednako dobro kao u Njema\u010dkoj, ako ne i bolje. Ali Italija ima jug, konkretno da napomenem Napoli. Zbog tog podru\u010dija u kojem nijesu rije\u0161ili pitanje otpada Italija \u0107e da pla\u0107a kaznu. Dobili su pravosna\u017enu presudu Evropskog suda od 40 miliona eura, to je ja mislim najve\u0107a presuda koju je donio Evropski sud jednoj dr\u017eavi.\u201d rekao je Marko\u010d.<\/p>\n<p><img fetchpriority=\"high\" decoding=\"async\" class=\"aligncenter size-full wp-image-2523\" src=\"http:\/\/www.evropskakuca.me\/wp-content\/uploads\/2016\/12\/2-2.jpg\" alt=\"2\" width=\"900\" height=\"599\" \/><\/p>\n<p>&nbsp;<\/p>\n<p>Za\u0161tita \u017eivotne sredine u procesu pregovaranja bila je tema broj jedan i u Sloveniji. Ambasador Slovenije u Crnoj Gori Mitja Mo\u010dnik sje\u0107a se da nije bilo lako ostaviti stare navike i odmah pre\u0107i na selekciju otpada.<\/p>\n<p>\u201cNije bilo lako. Ono \u0161to se mo\u017ee primjetiti zadnjih 15 godina jeste da je okolina \u010distija, ali su i kazne su velike. Tamo koga dostigne kazna onda to nije mala stvar.\u00a0 Nismo znali da se nosimo sa svim tim. Ali to je dobra strana \u010dlanstva u Evropskoj uniji &#8211; da si prinu\u0111en da po\u010dne\u0161 da primjenjuje\u0161 zakone i da su prinu\u0111en da po\u010dne\u0161 da radi\u0161 ne\u0161to \u0161to je pozitivno za sve.\u201c, objasnio je ambasador Mo\u010dnik.<\/p>\n<p>U vladi se nadaju da \u0107e po\u010detkom 2017. otvoriti poglavlje 27, te da \u0107e u naredne 2 do 3 godine ispuniti sve standarde koje Evropka unija zahtjeva od nas. Za sada imamo dvije regionale sanitarne deponije po standardima Unije, a to je deponija Livade u Podgorici i regionalna sanitarna deponija u Baru Mo\u017eura. Ipak najte\u017ei zadaci su i dalje nerije\u0161eni.<\/p>\n<p>\u201cUkolko bismo po\u0161li od toga da mi u Crnoj Gori i dalje imamo lokacije koje tra\u017ee zahtjevne mjere poput crvenog mulja kod Kombinata Aluminijuma, deponija Maljevac uz termoelektranu. Sanaciju zahtjeva i odlagali\u0161te grita u brodogradili\u0161tu u Bijeloj i ve\u0107 je procijenjeno da \u0107e ta sanacija ko\u0161tati oko 18 miliona eura. \u201c, poru\u010dila je Vojinovi\u0107<\/p>\n<p>Svi govornici su saglasni da su kampanje o podizanju svijesti kod gra\u0111ana izuzetno va\u017ene ali da je najva\u017eniji ipak opbrazovni sistem.<\/p>\n<p>\u201cObrazovanje je izuzetno zna\u010dajno i po\u010dinje jo\u0161 od prvog razreda osnovne \u0161kole i stalno se nadogra\u0111uje. Programi biologije su tako struktuirani da djeca i te kao znaju probleme zaga\u0111enja \u017eivotne okoline. Sada se akcenat stavlja i na to da sami u\u010denici do\u0111u do saznanja da mogu da iznesu svoj stav i problem, pa do\u0111emo do rje\u0161enja. Djecu samo treba podsta\u0107i i idemo ka cilju i onome \u0161to treba.\u201c zaklju\u010dila je Sanja Ognjanovi\u0107, profesorica u gimnaziji Slobodan \u0160kerovi\u0107.<\/p>\n","protected":false},"excerpt":{"rendered":"<p>Podgorica, 1. decembar 2016. \u00a0\u2013 \u0160ta na\u0161u dr\u017eavu o\u010dekuje u procesu pregovaranja kada je u pitanju za\u0161tita \u017eivotne sredine u\u010denici gimnazije \u201cSlobodan \u0160kerovi\u0107\u201d imali su priliku da \u010duju u Eu Info Centru. Poglavlje 27 jo\u0161 nije otvoreno, jer Crna Gora nije ispunila osnovne zahtjeve Evropske unije koji su potrebni za po\u010detak pregovora. Ova oblast jedna [&hellip;]<\/p>\n","protected":false},"author":1,"featured_media":31208,"comment_status":"open","ping_status":"open","sticky":false,"template":"","format":"standard","meta":{"_acf_changed":false,"footnotes":""},"categories":[],"tags":[],"class_list":["post-2520","post","type-post","status-publish","format-standard","has-post-thumbnail","hentry"],"acf":[],"yoast_head":"<!-- This site is optimized with the Yoast SEO plugin v27.3 - https:\/\/yoast.com\/product\/yoast-seo-wordpress\/ -->\n<title>Izazovi i obaveze Crne Gore u susret otvaranju poglavlja 27 - Europe House<\/title>\n<meta name=\"robots\" content=\"index, follow, max-snippet:-1, max-image-preview:large, max-video-preview:-1\" \/>\n<link rel=\"canonical\" href=\"https:\/\/www.evropskakuca.me\/me\/izazovi-obaveze-crne-gore-u-susret-otvaranju-poglavlja-27\/\" \/>\n<meta property=\"og:locale\" content=\"en_US\" \/>\n<meta property=\"og:type\" content=\"article\" \/>\n<meta property=\"og:title\" content=\"Izazovi i obaveze Crne Gore u susret otvaranju poglavlja 27 - Europe House\" \/>\n<meta property=\"og:description\" content=\"Podgorica, 1. decembar 2016. \u00a0\u2013 \u0160ta na\u0161u dr\u017eavu o\u010dekuje u procesu pregovaranja kada je u pitanju za\u0161tita \u017eivotne sredine u\u010denici gimnazije \u201cSlobodan \u0160kerovi\u0107\u201d imali su priliku da \u010duju u Eu Info Centru. Poglavlje 27 jo\u0161 nije otvoreno, jer Crna Gora nije ispunila osnovne zahtjeve Evropske unije koji su potrebni za po\u010detak pregovora. Ova oblast jedna [&hellip;]\" \/>\n<meta property=\"og:url\" content=\"https:\/\/www.evropskakuca.me\/me\/izazovi-obaveze-crne-gore-u-susret-otvaranju-poglavlja-27\/\" \/>\n<meta property=\"og:site_name\" content=\"Europe House\" \/>\n<meta property=\"article:publisher\" content=\"https:\/\/www.facebook.com\/evropska.kuca\" \/>\n<meta property=\"article:published_time\" content=\"2016-12-01T12:45:38+00:00\" \/>\n<meta property=\"og:image\" content=\"https:\/\/www.evropskakuca.me\/wp-content\/uploads\/2015\/06\/27.jpg\" \/>\n\t<meta property=\"og:image:width\" content=\"560\" \/>\n\t<meta property=\"og:image:height\" content=\"352\" \/>\n\t<meta property=\"og:image:type\" content=\"image\/jpeg\" \/>\n<meta name=\"author\" content=\"mkajic\" \/>\n<meta name=\"twitter:card\" content=\"summary_large_image\" \/>\n<meta name=\"twitter:creator\" content=\"@evropska_kuca\" \/>\n<meta name=\"twitter:site\" content=\"@evropska_kuca\" \/>\n<meta name=\"twitter:label1\" content=\"Written by\" \/>\n\t<meta name=\"twitter:data1\" content=\"mkajic\" \/>\n\t<meta name=\"twitter:label2\" content=\"Est. reading time\" \/>\n\t<meta name=\"twitter:data2\" content=\"4 minutes\" \/>\n<script type=\"application\/ld+json\" class=\"yoast-schema-graph\">{\"@context\":\"https:\\\/\\\/schema.org\",\"@graph\":[{\"@type\":\"Article\",\"@id\":\"https:\\\/\\\/www.evropskakuca.me\\\/me\\\/izazovi-obaveze-crne-gore-u-susret-otvaranju-poglavlja-27\\\/#article\",\"isPartOf\":{\"@id\":\"https:\\\/\\\/www.evropskakuca.me\\\/me\\\/izazovi-obaveze-crne-gore-u-susret-otvaranju-poglavlja-27\\\/\"},\"author\":{\"name\":\"mkajic\",\"@id\":\"https:\\\/\\\/www.evropskakuca.me\\\/me\\\/#\\\/schema\\\/person\\\/a1d0dcdaefe4a1cd1d60d200ea137ba4\"},\"headline\":\"Izazovi i obaveze Crne Gore u susret otvaranju poglavlja 27\",\"datePublished\":\"2016-12-01T12:45:38+00:00\",\"mainEntityOfPage\":{\"@id\":\"https:\\\/\\\/www.evropskakuca.me\\\/me\\\/izazovi-obaveze-crne-gore-u-susret-otvaranju-poglavlja-27\\\/\"},\"wordCount\":820,\"commentCount\":0,\"publisher\":{\"@id\":\"https:\\\/\\\/www.evropskakuca.me\\\/me\\\/#organization\"},\"image\":{\"@id\":\"https:\\\/\\\/www.evropskakuca.me\\\/me\\\/izazovi-obaveze-crne-gore-u-susret-otvaranju-poglavlja-27\\\/#primaryimage\"},\"thumbnailUrl\":\"https:\\\/\\\/www.evropskakuca.me\\\/wp-content\\\/uploads\\\/2015\\\/06\\\/27.jpg\",\"inLanguage\":\"me-ME\",\"potentialAction\":[{\"@type\":\"CommentAction\",\"name\":\"Comment\",\"target\":[\"https:\\\/\\\/www.evropskakuca.me\\\/me\\\/izazovi-obaveze-crne-gore-u-susret-otvaranju-poglavlja-27\\\/#respond\"]}]},{\"@type\":\"WebPage\",\"@id\":\"https:\\\/\\\/www.evropskakuca.me\\\/me\\\/izazovi-obaveze-crne-gore-u-susret-otvaranju-poglavlja-27\\\/\",\"url\":\"https:\\\/\\\/www.evropskakuca.me\\\/me\\\/izazovi-obaveze-crne-gore-u-susret-otvaranju-poglavlja-27\\\/\",\"name\":\"Izazovi i obaveze Crne Gore u susret otvaranju poglavlja 27 - Europe House\",\"isPartOf\":{\"@id\":\"https:\\\/\\\/www.evropskakuca.me\\\/me\\\/#website\"},\"primaryImageOfPage\":{\"@id\":\"https:\\\/\\\/www.evropskakuca.me\\\/me\\\/izazovi-obaveze-crne-gore-u-susret-otvaranju-poglavlja-27\\\/#primaryimage\"},\"image\":{\"@id\":\"https:\\\/\\\/www.evropskakuca.me\\\/me\\\/izazovi-obaveze-crne-gore-u-susret-otvaranju-poglavlja-27\\\/#primaryimage\"},\"thumbnailUrl\":\"https:\\\/\\\/www.evropskakuca.me\\\/wp-content\\\/uploads\\\/2015\\\/06\\\/27.jpg\",\"datePublished\":\"2016-12-01T12:45:38+00:00\",\"breadcrumb\":{\"@id\":\"https:\\\/\\\/www.evropskakuca.me\\\/me\\\/izazovi-obaveze-crne-gore-u-susret-otvaranju-poglavlja-27\\\/#breadcrumb\"},\"inLanguage\":\"me-ME\",\"potentialAction\":[{\"@type\":\"ReadAction\",\"target\":[\"https:\\\/\\\/www.evropskakuca.me\\\/me\\\/izazovi-obaveze-crne-gore-u-susret-otvaranju-poglavlja-27\\\/\"]}]},{\"@type\":\"ImageObject\",\"inLanguage\":\"me-ME\",\"@id\":\"https:\\\/\\\/www.evropskakuca.me\\\/me\\\/izazovi-obaveze-crne-gore-u-susret-otvaranju-poglavlja-27\\\/#primaryimage\",\"url\":\"https:\\\/\\\/www.evropskakuca.me\\\/wp-content\\\/uploads\\\/2015\\\/06\\\/27.jpg\",\"contentUrl\":\"https:\\\/\\\/www.evropskakuca.me\\\/wp-content\\\/uploads\\\/2015\\\/06\\\/27.jpg\",\"width\":560,\"height\":352},{\"@type\":\"BreadcrumbList\",\"@id\":\"https:\\\/\\\/www.evropskakuca.me\\\/me\\\/izazovi-obaveze-crne-gore-u-susret-otvaranju-poglavlja-27\\\/#breadcrumb\",\"itemListElement\":[{\"@type\":\"ListItem\",\"position\":1,\"name\":\"Home\",\"item\":\"https:\\\/\\\/www.evropskakuca.me\\\/me\\\/\"},{\"@type\":\"ListItem\",\"position\":2,\"name\":\"Izazovi i obaveze Crne Gore u susret otvaranju poglavlja 27\"}]},{\"@type\":\"WebSite\",\"@id\":\"https:\\\/\\\/www.evropskakuca.me\\\/me\\\/#website\",\"url\":\"https:\\\/\\\/www.evropskakuca.me\\\/me\\\/\",\"name\":\"Evropean house\",\"description\":\"\",\"publisher\":{\"@id\":\"https:\\\/\\\/www.evropskakuca.me\\\/me\\\/#organization\"},\"potentialAction\":[{\"@type\":\"SearchAction\",\"target\":{\"@type\":\"EntryPoint\",\"urlTemplate\":\"https:\\\/\\\/www.evropskakuca.me\\\/me\\\/?s={search_term_string}\"},\"query-input\":{\"@type\":\"PropertyValueSpecification\",\"valueRequired\":true,\"valueName\":\"search_term_string\"}}],\"inLanguage\":\"me-ME\"},{\"@type\":\"Organization\",\"@id\":\"https:\\\/\\\/www.evropskakuca.me\\\/me\\\/#organization\",\"name\":\"Evropean house\",\"url\":\"https:\\\/\\\/www.evropskakuca.me\\\/me\\\/\",\"logo\":{\"@type\":\"ImageObject\",\"inLanguage\":\"me-ME\",\"@id\":\"https:\\\/\\\/www.evropskakuca.me\\\/me\\\/#\\\/schema\\\/logo\\\/image\\\/\",\"url\":\"https:\\\/\\\/www.evropskakuca.me\\\/wp-content\\\/uploads\\\/2025\\\/01\\\/evropska-kuca-logo-1.png\",\"contentUrl\":\"https:\\\/\\\/www.evropskakuca.me\\\/wp-content\\\/uploads\\\/2025\\\/01\\\/evropska-kuca-logo-1.png\",\"width\":425,\"height\":312,\"caption\":\"Evropean house\"},\"image\":{\"@id\":\"https:\\\/\\\/www.evropskakuca.me\\\/me\\\/#\\\/schema\\\/logo\\\/image\\\/\"},\"sameAs\":[\"https:\\\/\\\/www.facebook.com\\\/evropska.kuca\",\"https:\\\/\\\/x.com\\\/evropska_kuca\",\"https:\\\/\\\/www.instagram.com\\\/evropska_kuca\"]},{\"@type\":\"Person\",\"@id\":\"https:\\\/\\\/www.evropskakuca.me\\\/me\\\/#\\\/schema\\\/person\\\/a1d0dcdaefe4a1cd1d60d200ea137ba4\",\"name\":\"mkajic\",\"image\":{\"@type\":\"ImageObject\",\"inLanguage\":\"me-ME\",\"@id\":\"https:\\\/\\\/secure.gravatar.com\\\/avatar\\\/731fa035cefab7316e6bafd1f25a93fb731a07de14e2d9923f8db4422628eabc?s=96&d=mm&r=g\",\"url\":\"https:\\\/\\\/secure.gravatar.com\\\/avatar\\\/731fa035cefab7316e6bafd1f25a93fb731a07de14e2d9923f8db4422628eabc?s=96&d=mm&r=g\",\"contentUrl\":\"https:\\\/\\\/secure.gravatar.com\\\/avatar\\\/731fa035cefab7316e6bafd1f25a93fb731a07de14e2d9923f8db4422628eabc?s=96&d=mm&r=g\",\"caption\":\"mkajic\"},\"sameAs\":[\"https:\\\/\\\/evropskakuca.me\"],\"url\":\"https:\\\/\\\/www.evropskakuca.me\\\/me\\\/author\\\/mkajic\\\/\"}]}<\/script>\n<!-- \/ Yoast SEO plugin. -->","yoast_head_json":{"title":"Izazovi i obaveze Crne Gore u susret otvaranju poglavlja 27 - Europe House","robots":{"index":"index","follow":"follow","max-snippet":"max-snippet:-1","max-image-preview":"max-image-preview:large","max-video-preview":"max-video-preview:-1"},"canonical":"https:\/\/www.evropskakuca.me\/me\/izazovi-obaveze-crne-gore-u-susret-otvaranju-poglavlja-27\/","og_locale":"en_US","og_type":"article","og_title":"Izazovi i obaveze Crne Gore u susret otvaranju poglavlja 27 - Europe House","og_description":"Podgorica, 1. decembar 2016. \u00a0\u2013 \u0160ta na\u0161u dr\u017eavu o\u010dekuje u procesu pregovaranja kada je u pitanju za\u0161tita \u017eivotne sredine u\u010denici gimnazije \u201cSlobodan \u0160kerovi\u0107\u201d imali su priliku da \u010duju u Eu Info Centru. Poglavlje 27 jo\u0161 nije otvoreno, jer Crna Gora nije ispunila osnovne zahtjeve Evropske unije koji su potrebni za po\u010detak pregovora. Ova oblast jedna [&hellip;]","og_url":"https:\/\/www.evropskakuca.me\/me\/izazovi-obaveze-crne-gore-u-susret-otvaranju-poglavlja-27\/","og_site_name":"Europe House","article_publisher":"https:\/\/www.facebook.com\/evropska.kuca","article_published_time":"2016-12-01T12:45:38+00:00","og_image":[{"width":560,"height":352,"url":"https:\/\/www.evropskakuca.me\/wp-content\/uploads\/2015\/06\/27.jpg","type":"image\/jpeg"}],"author":"mkajic","twitter_card":"summary_large_image","twitter_creator":"@evropska_kuca","twitter_site":"@evropska_kuca","twitter_misc":{"Written by":"mkajic","Est. reading time":"4 minutes"},"schema":{"@context":"https:\/\/schema.org","@graph":[{"@type":"Article","@id":"https:\/\/www.evropskakuca.me\/me\/izazovi-obaveze-crne-gore-u-susret-otvaranju-poglavlja-27\/#article","isPartOf":{"@id":"https:\/\/www.evropskakuca.me\/me\/izazovi-obaveze-crne-gore-u-susret-otvaranju-poglavlja-27\/"},"author":{"name":"mkajic","@id":"https:\/\/www.evropskakuca.me\/me\/#\/schema\/person\/a1d0dcdaefe4a1cd1d60d200ea137ba4"},"headline":"Izazovi i obaveze Crne Gore u susret otvaranju poglavlja 27","datePublished":"2016-12-01T12:45:38+00:00","mainEntityOfPage":{"@id":"https:\/\/www.evropskakuca.me\/me\/izazovi-obaveze-crne-gore-u-susret-otvaranju-poglavlja-27\/"},"wordCount":820,"commentCount":0,"publisher":{"@id":"https:\/\/www.evropskakuca.me\/me\/#organization"},"image":{"@id":"https:\/\/www.evropskakuca.me\/me\/izazovi-obaveze-crne-gore-u-susret-otvaranju-poglavlja-27\/#primaryimage"},"thumbnailUrl":"https:\/\/www.evropskakuca.me\/wp-content\/uploads\/2015\/06\/27.jpg","inLanguage":"me-ME","potentialAction":[{"@type":"CommentAction","name":"Comment","target":["https:\/\/www.evropskakuca.me\/me\/izazovi-obaveze-crne-gore-u-susret-otvaranju-poglavlja-27\/#respond"]}]},{"@type":"WebPage","@id":"https:\/\/www.evropskakuca.me\/me\/izazovi-obaveze-crne-gore-u-susret-otvaranju-poglavlja-27\/","url":"https:\/\/www.evropskakuca.me\/me\/izazovi-obaveze-crne-gore-u-susret-otvaranju-poglavlja-27\/","name":"Izazovi i obaveze Crne Gore u susret otvaranju poglavlja 27 - Europe House","isPartOf":{"@id":"https:\/\/www.evropskakuca.me\/me\/#website"},"primaryImageOfPage":{"@id":"https:\/\/www.evropskakuca.me\/me\/izazovi-obaveze-crne-gore-u-susret-otvaranju-poglavlja-27\/#primaryimage"},"image":{"@id":"https:\/\/www.evropskakuca.me\/me\/izazovi-obaveze-crne-gore-u-susret-otvaranju-poglavlja-27\/#primaryimage"},"thumbnailUrl":"https:\/\/www.evropskakuca.me\/wp-content\/uploads\/2015\/06\/27.jpg","datePublished":"2016-12-01T12:45:38+00:00","breadcrumb":{"@id":"https:\/\/www.evropskakuca.me\/me\/izazovi-obaveze-crne-gore-u-susret-otvaranju-poglavlja-27\/#breadcrumb"},"inLanguage":"me-ME","potentialAction":[{"@type":"ReadAction","target":["https:\/\/www.evropskakuca.me\/me\/izazovi-obaveze-crne-gore-u-susret-otvaranju-poglavlja-27\/"]}]},{"@type":"ImageObject","inLanguage":"me-ME","@id":"https:\/\/www.evropskakuca.me\/me\/izazovi-obaveze-crne-gore-u-susret-otvaranju-poglavlja-27\/#primaryimage","url":"https:\/\/www.evropskakuca.me\/wp-content\/uploads\/2015\/06\/27.jpg","contentUrl":"https:\/\/www.evropskakuca.me\/wp-content\/uploads\/2015\/06\/27.jpg","width":560,"height":352},{"@type":"BreadcrumbList","@id":"https:\/\/www.evropskakuca.me\/me\/izazovi-obaveze-crne-gore-u-susret-otvaranju-poglavlja-27\/#breadcrumb","itemListElement":[{"@type":"ListItem","position":1,"name":"Home","item":"https:\/\/www.evropskakuca.me\/me\/"},{"@type":"ListItem","position":2,"name":"Izazovi i obaveze Crne Gore u susret otvaranju poglavlja 27"}]},{"@type":"WebSite","@id":"https:\/\/www.evropskakuca.me\/me\/#website","url":"https:\/\/www.evropskakuca.me\/me\/","name":"Evropean house","description":"","publisher":{"@id":"https:\/\/www.evropskakuca.me\/me\/#organization"},"potentialAction":[{"@type":"SearchAction","target":{"@type":"EntryPoint","urlTemplate":"https:\/\/www.evropskakuca.me\/me\/?s={search_term_string}"},"query-input":{"@type":"PropertyValueSpecification","valueRequired":true,"valueName":"search_term_string"}}],"inLanguage":"me-ME"},{"@type":"Organization","@id":"https:\/\/www.evropskakuca.me\/me\/#organization","name":"Evropean house","url":"https:\/\/www.evropskakuca.me\/me\/","logo":{"@type":"ImageObject","inLanguage":"me-ME","@id":"https:\/\/www.evropskakuca.me\/me\/#\/schema\/logo\/image\/","url":"https:\/\/www.evropskakuca.me\/wp-content\/uploads\/2025\/01\/evropska-kuca-logo-1.png","contentUrl":"https:\/\/www.evropskakuca.me\/wp-content\/uploads\/2025\/01\/evropska-kuca-logo-1.png","width":425,"height":312,"caption":"Evropean house"},"image":{"@id":"https:\/\/www.evropskakuca.me\/me\/#\/schema\/logo\/image\/"},"sameAs":["https:\/\/www.facebook.com\/evropska.kuca","https:\/\/x.com\/evropska_kuca","https:\/\/www.instagram.com\/evropska_kuca"]},{"@type":"Person","@id":"https:\/\/www.evropskakuca.me\/me\/#\/schema\/person\/a1d0dcdaefe4a1cd1d60d200ea137ba4","name":"mkajic","image":{"@type":"ImageObject","inLanguage":"me-ME","@id":"https:\/\/secure.gravatar.com\/avatar\/731fa035cefab7316e6bafd1f25a93fb731a07de14e2d9923f8db4422628eabc?s=96&d=mm&r=g","url":"https:\/\/secure.gravatar.com\/avatar\/731fa035cefab7316e6bafd1f25a93fb731a07de14e2d9923f8db4422628eabc?s=96&d=mm&r=g","contentUrl":"https:\/\/secure.gravatar.com\/avatar\/731fa035cefab7316e6bafd1f25a93fb731a07de14e2d9923f8db4422628eabc?s=96&d=mm&r=g","caption":"mkajic"},"sameAs":["https:\/\/evropskakuca.me"],"url":"https:\/\/www.evropskakuca.me\/me\/author\/mkajic\/"}]}},"_links":{"self":[{"href":"https:\/\/www.evropskakuca.me\/me\/wp-json\/wp\/v2\/posts\/2520","targetHints":{"allow":["GET"]}}],"collection":[{"href":"https:\/\/www.evropskakuca.me\/me\/wp-json\/wp\/v2\/posts"}],"about":[{"href":"https:\/\/www.evropskakuca.me\/me\/wp-json\/wp\/v2\/types\/post"}],"author":[{"embeddable":true,"href":"https:\/\/www.evropskakuca.me\/me\/wp-json\/wp\/v2\/users\/1"}],"replies":[{"embeddable":true,"href":"https:\/\/www.evropskakuca.me\/me\/wp-json\/wp\/v2\/comments?post=2520"}],"version-history":[{"count":0,"href":"https:\/\/www.evropskakuca.me\/me\/wp-json\/wp\/v2\/posts\/2520\/revisions"}],"wp:featuredmedia":[{"embeddable":true,"href":"https:\/\/www.evropskakuca.me\/me\/wp-json\/wp\/v2\/media\/31208"}],"wp:attachment":[{"href":"https:\/\/www.evropskakuca.me\/me\/wp-json\/wp\/v2\/media?parent=2520"}],"wp:term":[{"taxonomy":"category","embeddable":true,"href":"https:\/\/www.evropskakuca.me\/me\/wp-json\/wp\/v2\/categories?post=2520"},{"taxonomy":"post_tag","embeddable":true,"href":"https:\/\/www.evropskakuca.me\/me\/wp-json\/wp\/v2\/tags?post=2520"}],"curies":[{"name":"wp","href":"https:\/\/api.w.org\/{rel}","templated":true}]}}