{"id":25154,"date":"2023-06-01T15:46:50","date_gmt":"2023-06-01T15:46:50","guid":{"rendered":"https:\/\/evropskakuca.me\/?p=25154"},"modified":"2023-06-01T15:46:50","modified_gmt":"2023-06-01T15:46:50","slug":"tako-smo-u-evropskoj-kuci-upoznali-malog-princa","status":"publish","type":"post","link":"https:\/\/www.evropskakuca.me\/me\/tako-smo-u-evropskoj-kuci-upoznali-malog-princa\/","title":{"rendered":"Tako smo u Evropskoj ku\u0107i upoznali malog princa"},"content":{"rendered":"<p style=\"text-align: center;\"><strong><em>Teatar, dje\u010diji osmijeh i zmijski car koji je progutao slona<\/em><\/strong><\/p>\n<p><img fetchpriority=\"high\" decoding=\"async\" class=\"alignnone size-large wp-image-25159\" src=\"https:\/\/evropskakuca.me\/wp-content\/uploads\/2023\/06\/1-48-1024x683.jpg\" alt=\"\" width=\"1024\" height=\"683\" \/><\/p>\n<p>\u201cTo je pitanje reda\u201d govorio mi je mali princ. \u201cKada \u010dovjek zavr\u0161i svoje jutarnje dotjerivanje, treba pa\u017eljivo da sredi i planetu\u201d. tvrdio je dok je posmatrao crte\u017e ovce.<\/p>\n<p>Planeta malog princa je malena, sve vezano za nju je stra\u0161no malo, ali\u00a0 sve vezano za ovo djelo Antoana de Sent Egziperija je zato veli\u010danstveno, univerzalno i veliko.<\/p>\n<p>Neko bi mo\u017eda pomislio da je lako brinuti se, stoga, o planeti malog princa, ali vjerujte nam na rije\u010d da nije ba\u0161 tako lako. Za to je potrebna \u017eelja i svijest.<\/p>\n<p><img decoding=\"async\" class=\"alignnone size-large wp-image-25198\" src=\"https:\/\/evropskakuca.me\/wp-content\/uploads\/2023\/06\/1-31-1024x683.jpg\" alt=\"\" width=\"1024\" height=\"683\" \/><\/p>\n<p>U\u00a0 susret Zelenoj nedjelji\u00a0 Evropska ku\u0107a obilje\u017eila je Me\u0111unarodni dan djeteta koji se u mnogim zemljama, izme\u0111u ostalog i u Poljskoj, obilje\u017eava 1. juna.<\/p>\n<p>Problem su, vidite, baobabi. Oni su tako veliki da svojim korijenjem mogu da razore malenu planetu. Zato je malom princu potrebna ovca, ovca koja jede baobab dok je jo\u0161 malen poput \u017ebuna.<\/p>\n\n<p>Ne treba, dakle, \u010dekati da ekolo\u0161ki problem preraste u stra\u0161ni baobab, problemi \u017eivotne sredine se rje\u0161avaju dok su jo\u0161 maleni. Rje\u0161avaju se korak po korak.<\/p>\n<p>U to nas je uvjerila poljska pozori\u0161na trupa Fondacije \u201cKambak\u201d \u010dija je djelatnost usmjerena na stvaranje, promociju kulture i umjetnosti osoba sa invaliditetom.<\/p>\n\n<p>\u201eStvaramo prostor za rad, radionice, ali, mo\u017eda prije svega, spoznaju, integraciju i prihvatanje drugih ljudi i sebe. Ove aktivnosti su vezane ne samo za osobe sa invaliditetom, ve\u0107 i za sve osobe koje se posebno osje\u0107aju&#8221; \u2013 istakla je govore\u0107i o radu Fondacije njen osniva\u010d, Beata Leh-Kubajska.<\/p>\n<p><img decoding=\"async\" class=\"alignnone size-large wp-image-25175\" src=\"https:\/\/evropskakuca.me\/wp-content\/uploads\/2023\/06\/1-9-1024x683.jpg\" alt=\"\" width=\"1024\" height=\"683\" \/><\/p>\n<p>\u201cTeatar Kambak, koji je stvarala grupa prijatelja, godinama je vezan za pozori\u0161te i umjetni\u010dki \u017eivot grada Vroclava. Nastao je iz potrebe da se stvori jedinstveno mjesto na pozori\u0161noj mapi ovog grada\u201d, navodi Ma\u0107ej Mazurkijevi\u010d &#8211;\u00a0 glumac, osniva\u010d i \u010dlan Fondacije. On dodaje da je osnovna pretpostavka njihovog pozori\u0161ta \u010dinjenica da na jednoj sceni, sa jednakim pravima i du\u017enostima, funkcioni\u0161u i stvaraju pozori\u0161nu magiju glumci koji su osobe sa invaliditetom i profesionalni glumci.<\/p>\n<p><img loading=\"lazy\" decoding=\"async\" class=\"alignnone size-large wp-image-25177\" src=\"https:\/\/evropskakuca.me\/wp-content\/uploads\/2023\/06\/1-61-1024x683.jpg\" alt=\"\" width=\"1024\" height=\"683\" \/><\/p>\n<p>\u201cVjerujemo u to da se umjetnik ra\u0111a i da svako od nas ima pravo biti ne samo primalac kulture ve\u0107 i stvaralac\u201d, kazao je izme\u0111u ostalog Mazurkijevi\u010d.<\/p>\n<p>Pozori\u0161ni ansambl, u saradnji sa ambasadom Poljske, Udru\u017eenjem Poljaka nastanjenih u Crnoj Gori, kao i Evropskom ku\u0107om, organizovao je i radionicu tokom koje se dru\u017eio sa u\u010denicima \u00a0Osnovne \u0161kole \u201eBo\u017eidar Vukovi\u0107 Podgori\u010danin&#8221; iz podgori\u010dkog naselja Konik kao i sa djecom iz Udru\u017eenja Poljaka nastanjenih u Crnoj Gori.<\/p>\n\n<p>Kako se to postaje glumac, koliko hiljada knjiga je potrebno prije toga pro\u010ditati, kako se raspjevavati i kako ma\u0161tati&#8230;djeca su imala priliku da \u010duju od glumice Beate Leh \u2500 Kubajske i glumaca Rafala Kozoka i Ma\u0107eja Mazurkijevi\u010da.<\/p>\n\n<p>Sa najmla\u0111ima je repovao Radoslav Vojtas.<\/p>\n<p><img loading=\"lazy\" decoding=\"async\" class=\"alignnone size-large wp-image-25191\" src=\"https:\/\/evropskakuca.me\/wp-content\/uploads\/2023\/06\/1-75-1024x683.jpg\" alt=\"\" width=\"1024\" height=\"683\" \/><\/p>\n<p>Nakon dru\u017eenja mali\u0161ani su imali priliku da pogledaju pozori\u0161nu predstavu \u00a0\u201cMali princ\u201d.<\/p>\n\n<p>Ova predstava ra\u0111ena je po motivima romana Antoana de Sent Egziperija. Roman \u201cMali princ\u201d objavljen 1943. godine, preveden je na preko 300 jezika i prodat u preko 140 miliona primjeraka. Vremenom je prihva\u0107en sa odu\u0161evljenjem \u0161irom svijeta. To je \u010darobna i bezvremenska pjesma. Puna je istine i ljepote, a teme o kojima govori predstavljaju izuzetno vrijedne putokaze lijepog pona\u0161anja i percepcije svijeta.<\/p>\n","protected":false},"excerpt":{"rendered":"<p>Teatar, dje\u010diji osmijeh i zmijski car koji je progutao slona \u201cTo je pitanje reda\u201d govorio mi je mali princ. \u201cKada \u010dovjek zavr\u0161i svoje jutarnje dotjerivanje, treba pa\u017eljivo da sredi i planetu\u201d. tvrdio je dok je posmatrao crte\u017e ovce. Planeta malog princa je malena, sve vezano za nju je stra\u0161no malo, ali\u00a0 sve vezano za ovo [&hellip;]<\/p>\n","protected":false},"author":1,"featured_media":39197,"comment_status":"closed","ping_status":"closed","sticky":false,"template":"","format":"standard","meta":{"_acf_changed":false,"footnotes":""},"categories":[],"tags":[],"class_list":["post-25154","post","type-post","status-publish","format-standard","has-post-thumbnail","hentry"],"acf":[],"yoast_head":"<!-- This site is optimized with the Yoast SEO plugin v27.3 - https:\/\/yoast.com\/product\/yoast-seo-wordpress\/ -->\n<title>Tako smo u Evropskoj ku\u0107i upoznali malog princa - Europe House<\/title>\n<meta name=\"robots\" content=\"index, follow, max-snippet:-1, max-image-preview:large, max-video-preview:-1\" \/>\n<link rel=\"canonical\" href=\"https:\/\/www.evropskakuca.me\/me\/tako-smo-u-evropskoj-kuci-upoznali-malog-princa\/\" \/>\n<meta property=\"og:locale\" content=\"en_US\" \/>\n<meta property=\"og:type\" content=\"article\" \/>\n<meta property=\"og:title\" content=\"Tako smo u Evropskoj ku\u0107i upoznali malog princa - Europe House\" \/>\n<meta property=\"og:description\" content=\"Teatar, dje\u010diji osmijeh i zmijski car koji je progutao slona \u201cTo je pitanje reda\u201d govorio mi je mali princ. \u201cKada \u010dovjek zavr\u0161i svoje jutarnje dotjerivanje, treba pa\u017eljivo da sredi i planetu\u201d. tvrdio je dok je posmatrao crte\u017e ovce. Planeta malog princa je malena, sve vezano za nju je stra\u0161no malo, ali\u00a0 sve vezano za ovo [&hellip;]\" \/>\n<meta property=\"og:url\" content=\"https:\/\/www.evropskakuca.me\/me\/tako-smo-u-evropskoj-kuci-upoznali-malog-princa\/\" \/>\n<meta property=\"og:site_name\" content=\"Europe House\" \/>\n<meta property=\"article:publisher\" content=\"https:\/\/www.facebook.com\/evropska.kuca\" \/>\n<meta property=\"article:published_time\" content=\"2023-06-01T15:46:50+00:00\" \/>\n<meta property=\"og:image\" content=\"https:\/\/www.evropskakuca.me\/wp-content\/uploads\/2023\/06\/1-57-1024x683.jpg\" \/>\n\t<meta property=\"og:image:width\" content=\"1024\" \/>\n\t<meta property=\"og:image:height\" content=\"683\" \/>\n\t<meta property=\"og:image:type\" content=\"image\/jpeg\" \/>\n<meta name=\"author\" content=\"mkajic\" \/>\n<meta name=\"twitter:card\" content=\"summary_large_image\" \/>\n<meta name=\"twitter:creator\" content=\"@evropska_kuca\" \/>\n<meta name=\"twitter:site\" content=\"@evropska_kuca\" \/>\n<meta name=\"twitter:label1\" content=\"Written by\" \/>\n\t<meta name=\"twitter:data1\" content=\"mkajic\" \/>\n\t<meta name=\"twitter:label2\" content=\"Est. reading time\" \/>\n\t<meta name=\"twitter:data2\" content=\"4 minutes\" \/>\n<script type=\"application\/ld+json\" class=\"yoast-schema-graph\">{\"@context\":\"https:\\\/\\\/schema.org\",\"@graph\":[{\"@type\":\"Article\",\"@id\":\"https:\\\/\\\/www.evropskakuca.me\\\/me\\\/tako-smo-u-evropskoj-kuci-upoznali-malog-princa\\\/#article\",\"isPartOf\":{\"@id\":\"https:\\\/\\\/www.evropskakuca.me\\\/me\\\/tako-smo-u-evropskoj-kuci-upoznali-malog-princa\\\/\"},\"author\":{\"name\":\"mkajic\",\"@id\":\"https:\\\/\\\/www.evropskakuca.me\\\/me\\\/#\\\/schema\\\/person\\\/a1d0dcdaefe4a1cd1d60d200ea137ba4\"},\"headline\":\"Tako smo u Evropskoj ku\u0107i upoznali malog princa\",\"datePublished\":\"2023-06-01T15:46:50+00:00\",\"mainEntityOfPage\":{\"@id\":\"https:\\\/\\\/www.evropskakuca.me\\\/me\\\/tako-smo-u-evropskoj-kuci-upoznali-malog-princa\\\/\"},\"wordCount\":587,\"publisher\":{\"@id\":\"https:\\\/\\\/www.evropskakuca.me\\\/me\\\/#organization\"},\"image\":{\"@id\":\"https:\\\/\\\/www.evropskakuca.me\\\/me\\\/tako-smo-u-evropskoj-kuci-upoznali-malog-princa\\\/#primaryimage\"},\"thumbnailUrl\":\"https:\\\/\\\/www.evropskakuca.me\\\/wp-content\\\/uploads\\\/2023\\\/06\\\/1-57.jpg\",\"inLanguage\":\"me-ME\"},{\"@type\":\"WebPage\",\"@id\":\"https:\\\/\\\/www.evropskakuca.me\\\/me\\\/tako-smo-u-evropskoj-kuci-upoznali-malog-princa\\\/\",\"url\":\"https:\\\/\\\/www.evropskakuca.me\\\/me\\\/tako-smo-u-evropskoj-kuci-upoznali-malog-princa\\\/\",\"name\":\"Tako smo u Evropskoj ku\u0107i upoznali malog princa - Europe House\",\"isPartOf\":{\"@id\":\"https:\\\/\\\/www.evropskakuca.me\\\/me\\\/#website\"},\"primaryImageOfPage\":{\"@id\":\"https:\\\/\\\/www.evropskakuca.me\\\/me\\\/tako-smo-u-evropskoj-kuci-upoznali-malog-princa\\\/#primaryimage\"},\"image\":{\"@id\":\"https:\\\/\\\/www.evropskakuca.me\\\/me\\\/tako-smo-u-evropskoj-kuci-upoznali-malog-princa\\\/#primaryimage\"},\"thumbnailUrl\":\"https:\\\/\\\/www.evropskakuca.me\\\/wp-content\\\/uploads\\\/2023\\\/06\\\/1-57.jpg\",\"datePublished\":\"2023-06-01T15:46:50+00:00\",\"breadcrumb\":{\"@id\":\"https:\\\/\\\/www.evropskakuca.me\\\/me\\\/tako-smo-u-evropskoj-kuci-upoznali-malog-princa\\\/#breadcrumb\"},\"inLanguage\":\"me-ME\",\"potentialAction\":[{\"@type\":\"ReadAction\",\"target\":[\"https:\\\/\\\/www.evropskakuca.me\\\/me\\\/tako-smo-u-evropskoj-kuci-upoznali-malog-princa\\\/\"]}]},{\"@type\":\"ImageObject\",\"inLanguage\":\"me-ME\",\"@id\":\"https:\\\/\\\/www.evropskakuca.me\\\/me\\\/tako-smo-u-evropskoj-kuci-upoznali-malog-princa\\\/#primaryimage\",\"url\":\"https:\\\/\\\/www.evropskakuca.me\\\/wp-content\\\/uploads\\\/2023\\\/06\\\/1-57.jpg\",\"contentUrl\":\"https:\\\/\\\/www.evropskakuca.me\\\/wp-content\\\/uploads\\\/2023\\\/06\\\/1-57.jpg\",\"width\":2500,\"height\":1667},{\"@type\":\"BreadcrumbList\",\"@id\":\"https:\\\/\\\/www.evropskakuca.me\\\/me\\\/tako-smo-u-evropskoj-kuci-upoznali-malog-princa\\\/#breadcrumb\",\"itemListElement\":[{\"@type\":\"ListItem\",\"position\":1,\"name\":\"Home\",\"item\":\"https:\\\/\\\/www.evropskakuca.me\\\/me\\\/\"},{\"@type\":\"ListItem\",\"position\":2,\"name\":\"Tako smo u Evropskoj ku\u0107i upoznali malog princa\"}]},{\"@type\":\"WebSite\",\"@id\":\"https:\\\/\\\/www.evropskakuca.me\\\/me\\\/#website\",\"url\":\"https:\\\/\\\/www.evropskakuca.me\\\/me\\\/\",\"name\":\"Evropean house\",\"description\":\"\",\"publisher\":{\"@id\":\"https:\\\/\\\/www.evropskakuca.me\\\/me\\\/#organization\"},\"potentialAction\":[{\"@type\":\"SearchAction\",\"target\":{\"@type\":\"EntryPoint\",\"urlTemplate\":\"https:\\\/\\\/www.evropskakuca.me\\\/me\\\/?s={search_term_string}\"},\"query-input\":{\"@type\":\"PropertyValueSpecification\",\"valueRequired\":true,\"valueName\":\"search_term_string\"}}],\"inLanguage\":\"me-ME\"},{\"@type\":\"Organization\",\"@id\":\"https:\\\/\\\/www.evropskakuca.me\\\/me\\\/#organization\",\"name\":\"Evropean house\",\"url\":\"https:\\\/\\\/www.evropskakuca.me\\\/me\\\/\",\"logo\":{\"@type\":\"ImageObject\",\"inLanguage\":\"me-ME\",\"@id\":\"https:\\\/\\\/www.evropskakuca.me\\\/me\\\/#\\\/schema\\\/logo\\\/image\\\/\",\"url\":\"https:\\\/\\\/www.evropskakuca.me\\\/wp-content\\\/uploads\\\/2025\\\/01\\\/evropska-kuca-logo-1.png\",\"contentUrl\":\"https:\\\/\\\/www.evropskakuca.me\\\/wp-content\\\/uploads\\\/2025\\\/01\\\/evropska-kuca-logo-1.png\",\"width\":425,\"height\":312,\"caption\":\"Evropean house\"},\"image\":{\"@id\":\"https:\\\/\\\/www.evropskakuca.me\\\/me\\\/#\\\/schema\\\/logo\\\/image\\\/\"},\"sameAs\":[\"https:\\\/\\\/www.facebook.com\\\/evropska.kuca\",\"https:\\\/\\\/x.com\\\/evropska_kuca\",\"https:\\\/\\\/www.instagram.com\\\/evropska_kuca\"]},{\"@type\":\"Person\",\"@id\":\"https:\\\/\\\/www.evropskakuca.me\\\/me\\\/#\\\/schema\\\/person\\\/a1d0dcdaefe4a1cd1d60d200ea137ba4\",\"name\":\"mkajic\",\"image\":{\"@type\":\"ImageObject\",\"inLanguage\":\"me-ME\",\"@id\":\"https:\\\/\\\/secure.gravatar.com\\\/avatar\\\/731fa035cefab7316e6bafd1f25a93fb731a07de14e2d9923f8db4422628eabc?s=96&d=mm&r=g\",\"url\":\"https:\\\/\\\/secure.gravatar.com\\\/avatar\\\/731fa035cefab7316e6bafd1f25a93fb731a07de14e2d9923f8db4422628eabc?s=96&d=mm&r=g\",\"contentUrl\":\"https:\\\/\\\/secure.gravatar.com\\\/avatar\\\/731fa035cefab7316e6bafd1f25a93fb731a07de14e2d9923f8db4422628eabc?s=96&d=mm&r=g\",\"caption\":\"mkajic\"},\"sameAs\":[\"https:\\\/\\\/evropskakuca.me\"],\"url\":\"https:\\\/\\\/www.evropskakuca.me\\\/me\\\/author\\\/mkajic\\\/\"}]}<\/script>\n<!-- \/ Yoast SEO plugin. -->","yoast_head_json":{"title":"Tako smo u Evropskoj ku\u0107i upoznali malog princa - Europe House","robots":{"index":"index","follow":"follow","max-snippet":"max-snippet:-1","max-image-preview":"max-image-preview:large","max-video-preview":"max-video-preview:-1"},"canonical":"https:\/\/www.evropskakuca.me\/me\/tako-smo-u-evropskoj-kuci-upoznali-malog-princa\/","og_locale":"en_US","og_type":"article","og_title":"Tako smo u Evropskoj ku\u0107i upoznali malog princa - Europe House","og_description":"Teatar, dje\u010diji osmijeh i zmijski car koji je progutao slona \u201cTo je pitanje reda\u201d govorio mi je mali princ. \u201cKada \u010dovjek zavr\u0161i svoje jutarnje dotjerivanje, treba pa\u017eljivo da sredi i planetu\u201d. tvrdio je dok je posmatrao crte\u017e ovce. Planeta malog princa je malena, sve vezano za nju je stra\u0161no malo, ali\u00a0 sve vezano za ovo [&hellip;]","og_url":"https:\/\/www.evropskakuca.me\/me\/tako-smo-u-evropskoj-kuci-upoznali-malog-princa\/","og_site_name":"Europe House","article_publisher":"https:\/\/www.facebook.com\/evropska.kuca","article_published_time":"2023-06-01T15:46:50+00:00","og_image":[{"width":1024,"height":683,"url":"https:\/\/www.evropskakuca.me\/wp-content\/uploads\/2023\/06\/1-57-1024x683.jpg","type":"image\/jpeg"}],"author":"mkajic","twitter_card":"summary_large_image","twitter_creator":"@evropska_kuca","twitter_site":"@evropska_kuca","twitter_misc":{"Written by":"mkajic","Est. reading time":"4 minutes"},"schema":{"@context":"https:\/\/schema.org","@graph":[{"@type":"Article","@id":"https:\/\/www.evropskakuca.me\/me\/tako-smo-u-evropskoj-kuci-upoznali-malog-princa\/#article","isPartOf":{"@id":"https:\/\/www.evropskakuca.me\/me\/tako-smo-u-evropskoj-kuci-upoznali-malog-princa\/"},"author":{"name":"mkajic","@id":"https:\/\/www.evropskakuca.me\/me\/#\/schema\/person\/a1d0dcdaefe4a1cd1d60d200ea137ba4"},"headline":"Tako smo u Evropskoj ku\u0107i upoznali malog princa","datePublished":"2023-06-01T15:46:50+00:00","mainEntityOfPage":{"@id":"https:\/\/www.evropskakuca.me\/me\/tako-smo-u-evropskoj-kuci-upoznali-malog-princa\/"},"wordCount":587,"publisher":{"@id":"https:\/\/www.evropskakuca.me\/me\/#organization"},"image":{"@id":"https:\/\/www.evropskakuca.me\/me\/tako-smo-u-evropskoj-kuci-upoznali-malog-princa\/#primaryimage"},"thumbnailUrl":"https:\/\/www.evropskakuca.me\/wp-content\/uploads\/2023\/06\/1-57.jpg","inLanguage":"me-ME"},{"@type":"WebPage","@id":"https:\/\/www.evropskakuca.me\/me\/tako-smo-u-evropskoj-kuci-upoznali-malog-princa\/","url":"https:\/\/www.evropskakuca.me\/me\/tako-smo-u-evropskoj-kuci-upoznali-malog-princa\/","name":"Tako smo u Evropskoj ku\u0107i upoznali malog princa - Europe House","isPartOf":{"@id":"https:\/\/www.evropskakuca.me\/me\/#website"},"primaryImageOfPage":{"@id":"https:\/\/www.evropskakuca.me\/me\/tako-smo-u-evropskoj-kuci-upoznali-malog-princa\/#primaryimage"},"image":{"@id":"https:\/\/www.evropskakuca.me\/me\/tako-smo-u-evropskoj-kuci-upoznali-malog-princa\/#primaryimage"},"thumbnailUrl":"https:\/\/www.evropskakuca.me\/wp-content\/uploads\/2023\/06\/1-57.jpg","datePublished":"2023-06-01T15:46:50+00:00","breadcrumb":{"@id":"https:\/\/www.evropskakuca.me\/me\/tako-smo-u-evropskoj-kuci-upoznali-malog-princa\/#breadcrumb"},"inLanguage":"me-ME","potentialAction":[{"@type":"ReadAction","target":["https:\/\/www.evropskakuca.me\/me\/tako-smo-u-evropskoj-kuci-upoznali-malog-princa\/"]}]},{"@type":"ImageObject","inLanguage":"me-ME","@id":"https:\/\/www.evropskakuca.me\/me\/tako-smo-u-evropskoj-kuci-upoznali-malog-princa\/#primaryimage","url":"https:\/\/www.evropskakuca.me\/wp-content\/uploads\/2023\/06\/1-57.jpg","contentUrl":"https:\/\/www.evropskakuca.me\/wp-content\/uploads\/2023\/06\/1-57.jpg","width":2500,"height":1667},{"@type":"BreadcrumbList","@id":"https:\/\/www.evropskakuca.me\/me\/tako-smo-u-evropskoj-kuci-upoznali-malog-princa\/#breadcrumb","itemListElement":[{"@type":"ListItem","position":1,"name":"Home","item":"https:\/\/www.evropskakuca.me\/me\/"},{"@type":"ListItem","position":2,"name":"Tako smo u Evropskoj ku\u0107i upoznali malog princa"}]},{"@type":"WebSite","@id":"https:\/\/www.evropskakuca.me\/me\/#website","url":"https:\/\/www.evropskakuca.me\/me\/","name":"Evropean house","description":"","publisher":{"@id":"https:\/\/www.evropskakuca.me\/me\/#organization"},"potentialAction":[{"@type":"SearchAction","target":{"@type":"EntryPoint","urlTemplate":"https:\/\/www.evropskakuca.me\/me\/?s={search_term_string}"},"query-input":{"@type":"PropertyValueSpecification","valueRequired":true,"valueName":"search_term_string"}}],"inLanguage":"me-ME"},{"@type":"Organization","@id":"https:\/\/www.evropskakuca.me\/me\/#organization","name":"Evropean house","url":"https:\/\/www.evropskakuca.me\/me\/","logo":{"@type":"ImageObject","inLanguage":"me-ME","@id":"https:\/\/www.evropskakuca.me\/me\/#\/schema\/logo\/image\/","url":"https:\/\/www.evropskakuca.me\/wp-content\/uploads\/2025\/01\/evropska-kuca-logo-1.png","contentUrl":"https:\/\/www.evropskakuca.me\/wp-content\/uploads\/2025\/01\/evropska-kuca-logo-1.png","width":425,"height":312,"caption":"Evropean house"},"image":{"@id":"https:\/\/www.evropskakuca.me\/me\/#\/schema\/logo\/image\/"},"sameAs":["https:\/\/www.facebook.com\/evropska.kuca","https:\/\/x.com\/evropska_kuca","https:\/\/www.instagram.com\/evropska_kuca"]},{"@type":"Person","@id":"https:\/\/www.evropskakuca.me\/me\/#\/schema\/person\/a1d0dcdaefe4a1cd1d60d200ea137ba4","name":"mkajic","image":{"@type":"ImageObject","inLanguage":"me-ME","@id":"https:\/\/secure.gravatar.com\/avatar\/731fa035cefab7316e6bafd1f25a93fb731a07de14e2d9923f8db4422628eabc?s=96&d=mm&r=g","url":"https:\/\/secure.gravatar.com\/avatar\/731fa035cefab7316e6bafd1f25a93fb731a07de14e2d9923f8db4422628eabc?s=96&d=mm&r=g","contentUrl":"https:\/\/secure.gravatar.com\/avatar\/731fa035cefab7316e6bafd1f25a93fb731a07de14e2d9923f8db4422628eabc?s=96&d=mm&r=g","caption":"mkajic"},"sameAs":["https:\/\/evropskakuca.me"],"url":"https:\/\/www.evropskakuca.me\/me\/author\/mkajic\/"}]}},"_links":{"self":[{"href":"https:\/\/www.evropskakuca.me\/me\/wp-json\/wp\/v2\/posts\/25154","targetHints":{"allow":["GET"]}}],"collection":[{"href":"https:\/\/www.evropskakuca.me\/me\/wp-json\/wp\/v2\/posts"}],"about":[{"href":"https:\/\/www.evropskakuca.me\/me\/wp-json\/wp\/v2\/types\/post"}],"author":[{"embeddable":true,"href":"https:\/\/www.evropskakuca.me\/me\/wp-json\/wp\/v2\/users\/1"}],"replies":[{"embeddable":true,"href":"https:\/\/www.evropskakuca.me\/me\/wp-json\/wp\/v2\/comments?post=25154"}],"version-history":[{"count":0,"href":"https:\/\/www.evropskakuca.me\/me\/wp-json\/wp\/v2\/posts\/25154\/revisions"}],"wp:featuredmedia":[{"embeddable":true,"href":"https:\/\/www.evropskakuca.me\/me\/wp-json\/wp\/v2\/media\/39197"}],"wp:attachment":[{"href":"https:\/\/www.evropskakuca.me\/me\/wp-json\/wp\/v2\/media?parent=25154"}],"wp:term":[{"taxonomy":"category","embeddable":true,"href":"https:\/\/www.evropskakuca.me\/me\/wp-json\/wp\/v2\/categories?post=25154"},{"taxonomy":"post_tag","embeddable":true,"href":"https:\/\/www.evropskakuca.me\/me\/wp-json\/wp\/v2\/tags?post=25154"}],"curies":[{"name":"wp","href":"https:\/\/api.w.org\/{rel}","templated":true}]}}