{"id":25124,"date":"2023-05-29T12:52:22","date_gmt":"2023-05-29T12:52:22","guid":{"rendered":"https:\/\/evropskakuca.me\/?p=25124"},"modified":"2023-05-29T12:52:22","modified_gmt":"2023-05-29T12:52:22","slug":"evropska-kuca-proslavila-svoj-prvi-rodendan","status":"publish","type":"post","link":"https:\/\/www.evropskakuca.me\/me\/evropska-kuca-proslavila-svoj-prvi-rodendan\/","title":{"rendered":"Evropska ku\u0107a proslavila svoj prvi ro\u0111endan"},"content":{"rendered":"<p style=\"text-align: center;\"><em><strong>Super Zvjezdana, imaginarci i muzika bez struje\u00a0 na proslavi<\/strong><\/em><\/p>\n<p><img fetchpriority=\"high\" decoding=\"async\" class=\"alignnone size-large wp-image-25127\" src=\"https:\/\/evropskakuca.me\/wp-content\/uploads\/2023\/05\/EU_House-13-of-112-1024x682.jpg\" alt=\"\" width=\"1024\" height=\"682\" \/><\/p>\n<p>Svoj prvi ro\u0111endan Evropska ku\u0107a proslavila je u najljep\u0161em dru\u0161tvu, sa mali\u0161anima. Poseban dan bio je posve\u0107en najdra\u017eim gostima, budu\u0107im stanovnicima Evropske unije, za koje je Evropska ku\u0107a priredila i posebno iznena\u0111enje.<\/p>\n<blockquote><p>Strip \u201eSuper Zvjezdana\u201c ugledao je svjetlo dana. Ilustrovana perom Luke Caki\u0107a \u201eSuper Zvjezdana\u201c prati avanture heroine sa plavim pla\u0161tom kroz dubine svemira, gdje je \u010dekaju nova otkri\u0107a, zanimljivi likovi i puno novih prijateljstava.<\/p><\/blockquote>\n<p><img decoding=\"async\" class=\"alignnone size-large wp-image-25100\" src=\"https:\/\/evropskakuca.me\/wp-content\/uploads\/2023\/05\/Super-Zvjezdana-1024x682.jpg\" alt=\"\" width=\"1024\" height=\"682\" \/><\/p>\n<p>Njene super mo\u0107i koje simbolizuju osnovne vrijednosti EU poput solidarnosti, zajedni\u0161tva, drugarstva, za\u0161titni\u0161tva&#8230;bile su teme razgovora ambasadorke EU u Crnoj Gori Oane Kristine Pope sa mali\u0161anima Osnovne \u0161kole \u201eOktoih\u201c i TV emisije \u201eZvjezdice\u201c.\u00a0 Uz ambasadorku EU i ilustratora Luku Caki\u0107a o svakoj od super mo\u0107i EU govorili su i najmla\u0111i panelisti koje je Evropska ku\u0107a imala \u010dast da ugosti: Iva \u0160o\u0107, Vuk Jovovi\u0107, Irina Vlaovi\u0107 i Vuk Matanovi\u0107.<\/p>\n<p><img decoding=\"async\" class=\"alignnone size-large wp-image-25129\" src=\"https:\/\/evropskakuca.me\/wp-content\/uploads\/2023\/05\/EU_House-20-of-112-1024x682.jpg\" alt=\"\" width=\"1024\" height=\"682\" \/><\/p>\n<blockquote><p>Ambasadorka Popa govorila je o njenoj domovini Rumuniji i promjenama nabolje koje je toj zemlji donijelo \u010dlanstvo u Evropskoj uniji ali i odgovarala na pitanja najmla\u0111ih kako Unija \u010duva p\u010dele, cvije\u0107e, rijeke ili poma\u017ee svojim \u010dlanicama da se izbore sa poplavama ili po\u017earima. Odgovaraju\u0107i na pitanja mali\u0161ana ambasadorka Popa je podvukla da upravo zajedni\u0161tvo \u010dlanica ujedinjenih u razli\u010ditostima stvara super mo\u0107i Evropske unije.<\/p><\/blockquote>\n<p>Nakon razgovora sa ambasadorkom mali\u0161ani su se dru\u017eili sa animatorima koji su \u201eo\u017eivjeli\u201c neke od scena iz stripa, a najmla\u0111i odgovarali na pitanja \u201eSuper Zvjezdane\u201c i obe\u0107ali podr\u0161ku u borbi za zdraviju i \u010distiju \u017eivotnu sredinu.<\/p>\n<p><img loading=\"lazy\" decoding=\"async\" class=\"alignnone size-large wp-image-25131\" src=\"https:\/\/evropskakuca.me\/wp-content\/uploads\/2023\/05\/EU_House-109-of-112-1024x682.jpg\" alt=\"\" width=\"1024\" height=\"682\" \/><\/p>\n<p>Tokom cijelog dana gosti Evropske ku\u0107e su imali priliku da u\u017eivaju u izlo\u017ebi radova\u00a0 \u201eMoj Imagi EkoTisak\u201c&#8217;. Izlo\u017eba je zvani\u010dno otvorena u 19h, a rezultat je saradnje Evropske ku\u0107e sa \u0161kolom slikanja \u201eMoj imaginarijum\u201c. Ostavljaju\u0107i svoj otisak preko 50 mali\u0161ana dalo je obe\u0107anje da \u0107e se sa pa\u017enjom odnositi prema prirodi. Dje\u010diji radovi su preslikani i tako je pripremljena posebna tenda koja od sada krasi dvori\u0161te Evropske ku\u0107e.<\/p>\n<p><img loading=\"lazy\" decoding=\"async\" class=\"alignnone size-large wp-image-25133\" src=\"https:\/\/evropskakuca.me\/wp-content\/uploads\/2023\/05\/FIL_0391-1024x683.jpg\" alt=\"\" width=\"1024\" height=\"683\" \/><\/p>\n<p>U okviru proslave ro\u0111endana Evropska ku\u0107a je organizovala prvi u seriji planiranih koncerata bez struje. Prvi je bio rezervisan je za gitarski duo\u00a0Marko Prenti\u0107 i Dra\u017een Jokovi\u0107 koji su gostima ro\u0111endanske zabave svirali klasi\u010dnu i filmsku muziku, pomije\u0161anu sa pop, etno i d\u017eez \u017eanrovima. A na zabavi su bili djeca umjetnici izlo\u017ebe i njihovi roditelji, prijatelji i partneri Evropske ku\u0107e i njen nezaobilazan kom\u0161iluk.<\/p>\n<p>Evropska ku\u0107a (biv\u0161i EU info centar) je kroz proslavu svog prvog ro\u0111endana \u017eeljela da poka\u017ee da je mjesto okupljanja, dijaloga, novih ideja i kreativnosti gdje svi koji \u017eele mogu upoznati Evropsku uniju u Crnoj Gori, njene inicijative, politike i projekte.<\/p>\n<p><a href=\"https:\/\/evropskakuca.me\/wp-content\/uploads\/2023\/05\/Super-Zvjezdana-final.pdf\">Ovdje mo\u017eete prona\u0107i i pro\u010ditati strip &#8220;Super Zvjezdana&#8221;<\/a><\/p>\n","protected":false},"excerpt":{"rendered":"<p>Super Zvjezdana, imaginarci i muzika bez struje\u00a0 na proslavi Svoj prvi ro\u0111endan Evropska ku\u0107a proslavila je u najljep\u0161em dru\u0161tvu, sa mali\u0161anima. Poseban dan bio je posve\u0107en najdra\u017eim gostima, budu\u0107im stanovnicima Evropske unije, za koje je Evropska ku\u0107a priredila i posebno iznena\u0111enje. Strip \u201eSuper Zvjezdana\u201c ugledao je svjetlo dana. Ilustrovana perom Luke Caki\u0107a \u201eSuper Zvjezdana\u201c prati [&hellip;]<\/p>\n","protected":false},"author":1,"featured_media":39031,"comment_status":"closed","ping_status":"closed","sticky":false,"template":"","format":"standard","meta":{"_acf_changed":false,"footnotes":""},"categories":[],"tags":[],"class_list":["post-25124","post","type-post","status-publish","format-standard","has-post-thumbnail","hentry"],"acf":[],"yoast_head":"<!-- This site is optimized with the Yoast SEO plugin v27.3 - https:\/\/yoast.com\/product\/yoast-seo-wordpress\/ -->\n<title>Evropska ku\u0107a proslavila svoj prvi ro\u0111endan - Europe House<\/title>\n<meta name=\"robots\" content=\"index, follow, max-snippet:-1, max-image-preview:large, max-video-preview:-1\" \/>\n<link rel=\"canonical\" href=\"https:\/\/www.evropskakuca.me\/me\/evropska-kuca-proslavila-svoj-prvi-rodendan\/\" \/>\n<meta property=\"og:locale\" content=\"en_US\" \/>\n<meta property=\"og:type\" content=\"article\" \/>\n<meta property=\"og:title\" content=\"Evropska ku\u0107a proslavila svoj prvi ro\u0111endan - Europe House\" \/>\n<meta property=\"og:description\" content=\"Super Zvjezdana, imaginarci i muzika bez struje\u00a0 na proslavi Svoj prvi ro\u0111endan Evropska ku\u0107a proslavila je u najljep\u0161em dru\u0161tvu, sa mali\u0161anima. Poseban dan bio je posve\u0107en najdra\u017eim gostima, budu\u0107im stanovnicima Evropske unije, za koje je Evropska ku\u0107a priredila i posebno iznena\u0111enje. Strip \u201eSuper Zvjezdana\u201c ugledao je svjetlo dana. Ilustrovana perom Luke Caki\u0107a \u201eSuper Zvjezdana\u201c prati [&hellip;]\" \/>\n<meta property=\"og:url\" content=\"https:\/\/www.evropskakuca.me\/me\/evropska-kuca-proslavila-svoj-prvi-rodendan\/\" \/>\n<meta property=\"og:site_name\" content=\"Europe House\" \/>\n<meta property=\"article:publisher\" content=\"https:\/\/www.facebook.com\/evropska.kuca\" \/>\n<meta property=\"article:published_time\" content=\"2023-05-29T12:52:22+00:00\" \/>\n<meta property=\"og:image\" content=\"https:\/\/www.evropskakuca.me\/wp-content\/uploads\/2023\/05\/FIL_0412.jpg\" \/>\n\t<meta property=\"og:image:width\" content=\"2560\" \/>\n\t<meta property=\"og:image:height\" content=\"1707\" \/>\n\t<meta property=\"og:image:type\" content=\"image\/jpeg\" \/>\n<meta name=\"author\" content=\"mkajic\" \/>\n<meta name=\"twitter:card\" content=\"summary_large_image\" \/>\n<meta name=\"twitter:creator\" content=\"@evropska_kuca\" \/>\n<meta name=\"twitter:site\" content=\"@evropska_kuca\" \/>\n<meta name=\"twitter:label1\" content=\"Written by\" \/>\n\t<meta name=\"twitter:data1\" content=\"mkajic\" \/>\n\t<meta name=\"twitter:label2\" content=\"Est. reading time\" \/>\n\t<meta name=\"twitter:data2\" content=\"3 minutes\" \/>\n<script type=\"application\/ld+json\" class=\"yoast-schema-graph\">{\"@context\":\"https:\\\/\\\/schema.org\",\"@graph\":[{\"@type\":\"Article\",\"@id\":\"https:\\\/\\\/www.evropskakuca.me\\\/me\\\/evropska-kuca-proslavila-svoj-prvi-rodendan\\\/#article\",\"isPartOf\":{\"@id\":\"https:\\\/\\\/www.evropskakuca.me\\\/me\\\/evropska-kuca-proslavila-svoj-prvi-rodendan\\\/\"},\"author\":{\"name\":\"mkajic\",\"@id\":\"https:\\\/\\\/www.evropskakuca.me\\\/me\\\/#\\\/schema\\\/person\\\/a1d0dcdaefe4a1cd1d60d200ea137ba4\"},\"headline\":\"Evropska ku\u0107a proslavila svoj prvi ro\u0111endan\",\"datePublished\":\"2023-05-29T12:52:22+00:00\",\"mainEntityOfPage\":{\"@id\":\"https:\\\/\\\/www.evropskakuca.me\\\/me\\\/evropska-kuca-proslavila-svoj-prvi-rodendan\\\/\"},\"wordCount\":498,\"publisher\":{\"@id\":\"https:\\\/\\\/www.evropskakuca.me\\\/me\\\/#organization\"},\"image\":{\"@id\":\"https:\\\/\\\/www.evropskakuca.me\\\/me\\\/evropska-kuca-proslavila-svoj-prvi-rodendan\\\/#primaryimage\"},\"thumbnailUrl\":\"https:\\\/\\\/www.evropskakuca.me\\\/wp-content\\\/uploads\\\/2023\\\/05\\\/FIL_0412.jpg\",\"inLanguage\":\"me-ME\"},{\"@type\":\"WebPage\",\"@id\":\"https:\\\/\\\/www.evropskakuca.me\\\/me\\\/evropska-kuca-proslavila-svoj-prvi-rodendan\\\/\",\"url\":\"https:\\\/\\\/www.evropskakuca.me\\\/me\\\/evropska-kuca-proslavila-svoj-prvi-rodendan\\\/\",\"name\":\"Evropska ku\u0107a proslavila svoj prvi ro\u0111endan - Europe House\",\"isPartOf\":{\"@id\":\"https:\\\/\\\/www.evropskakuca.me\\\/me\\\/#website\"},\"primaryImageOfPage\":{\"@id\":\"https:\\\/\\\/www.evropskakuca.me\\\/me\\\/evropska-kuca-proslavila-svoj-prvi-rodendan\\\/#primaryimage\"},\"image\":{\"@id\":\"https:\\\/\\\/www.evropskakuca.me\\\/me\\\/evropska-kuca-proslavila-svoj-prvi-rodendan\\\/#primaryimage\"},\"thumbnailUrl\":\"https:\\\/\\\/www.evropskakuca.me\\\/wp-content\\\/uploads\\\/2023\\\/05\\\/FIL_0412.jpg\",\"datePublished\":\"2023-05-29T12:52:22+00:00\",\"breadcrumb\":{\"@id\":\"https:\\\/\\\/www.evropskakuca.me\\\/me\\\/evropska-kuca-proslavila-svoj-prvi-rodendan\\\/#breadcrumb\"},\"inLanguage\":\"me-ME\",\"potentialAction\":[{\"@type\":\"ReadAction\",\"target\":[\"https:\\\/\\\/www.evropskakuca.me\\\/me\\\/evropska-kuca-proslavila-svoj-prvi-rodendan\\\/\"]}]},{\"@type\":\"ImageObject\",\"inLanguage\":\"me-ME\",\"@id\":\"https:\\\/\\\/www.evropskakuca.me\\\/me\\\/evropska-kuca-proslavila-svoj-prvi-rodendan\\\/#primaryimage\",\"url\":\"https:\\\/\\\/www.evropskakuca.me\\\/wp-content\\\/uploads\\\/2023\\\/05\\\/FIL_0412.jpg\",\"contentUrl\":\"https:\\\/\\\/www.evropskakuca.me\\\/wp-content\\\/uploads\\\/2023\\\/05\\\/FIL_0412.jpg\",\"width\":2560,\"height\":1707},{\"@type\":\"BreadcrumbList\",\"@id\":\"https:\\\/\\\/www.evropskakuca.me\\\/me\\\/evropska-kuca-proslavila-svoj-prvi-rodendan\\\/#breadcrumb\",\"itemListElement\":[{\"@type\":\"ListItem\",\"position\":1,\"name\":\"Home\",\"item\":\"https:\\\/\\\/www.evropskakuca.me\\\/me\\\/\"},{\"@type\":\"ListItem\",\"position\":2,\"name\":\"Evropska ku\u0107a proslavila svoj prvi ro\u0111endan\"}]},{\"@type\":\"WebSite\",\"@id\":\"https:\\\/\\\/www.evropskakuca.me\\\/me\\\/#website\",\"url\":\"https:\\\/\\\/www.evropskakuca.me\\\/me\\\/\",\"name\":\"Evropean house\",\"description\":\"\",\"publisher\":{\"@id\":\"https:\\\/\\\/www.evropskakuca.me\\\/me\\\/#organization\"},\"potentialAction\":[{\"@type\":\"SearchAction\",\"target\":{\"@type\":\"EntryPoint\",\"urlTemplate\":\"https:\\\/\\\/www.evropskakuca.me\\\/me\\\/?s={search_term_string}\"},\"query-input\":{\"@type\":\"PropertyValueSpecification\",\"valueRequired\":true,\"valueName\":\"search_term_string\"}}],\"inLanguage\":\"me-ME\"},{\"@type\":\"Organization\",\"@id\":\"https:\\\/\\\/www.evropskakuca.me\\\/me\\\/#organization\",\"name\":\"Evropean house\",\"url\":\"https:\\\/\\\/www.evropskakuca.me\\\/me\\\/\",\"logo\":{\"@type\":\"ImageObject\",\"inLanguage\":\"me-ME\",\"@id\":\"https:\\\/\\\/www.evropskakuca.me\\\/me\\\/#\\\/schema\\\/logo\\\/image\\\/\",\"url\":\"https:\\\/\\\/www.evropskakuca.me\\\/wp-content\\\/uploads\\\/2025\\\/01\\\/evropska-kuca-logo-1.png\",\"contentUrl\":\"https:\\\/\\\/www.evropskakuca.me\\\/wp-content\\\/uploads\\\/2025\\\/01\\\/evropska-kuca-logo-1.png\",\"width\":425,\"height\":312,\"caption\":\"Evropean house\"},\"image\":{\"@id\":\"https:\\\/\\\/www.evropskakuca.me\\\/me\\\/#\\\/schema\\\/logo\\\/image\\\/\"},\"sameAs\":[\"https:\\\/\\\/www.facebook.com\\\/evropska.kuca\",\"https:\\\/\\\/x.com\\\/evropska_kuca\",\"https:\\\/\\\/www.instagram.com\\\/evropska_kuca\"]},{\"@type\":\"Person\",\"@id\":\"https:\\\/\\\/www.evropskakuca.me\\\/me\\\/#\\\/schema\\\/person\\\/a1d0dcdaefe4a1cd1d60d200ea137ba4\",\"name\":\"mkajic\",\"image\":{\"@type\":\"ImageObject\",\"inLanguage\":\"me-ME\",\"@id\":\"https:\\\/\\\/secure.gravatar.com\\\/avatar\\\/731fa035cefab7316e6bafd1f25a93fb731a07de14e2d9923f8db4422628eabc?s=96&d=mm&r=g\",\"url\":\"https:\\\/\\\/secure.gravatar.com\\\/avatar\\\/731fa035cefab7316e6bafd1f25a93fb731a07de14e2d9923f8db4422628eabc?s=96&d=mm&r=g\",\"contentUrl\":\"https:\\\/\\\/secure.gravatar.com\\\/avatar\\\/731fa035cefab7316e6bafd1f25a93fb731a07de14e2d9923f8db4422628eabc?s=96&d=mm&r=g\",\"caption\":\"mkajic\"},\"sameAs\":[\"https:\\\/\\\/evropskakuca.me\"],\"url\":\"https:\\\/\\\/www.evropskakuca.me\\\/me\\\/author\\\/mkajic\\\/\"}]}<\/script>\n<!-- \/ Yoast SEO plugin. -->","yoast_head_json":{"title":"Evropska ku\u0107a proslavila svoj prvi ro\u0111endan - Europe House","robots":{"index":"index","follow":"follow","max-snippet":"max-snippet:-1","max-image-preview":"max-image-preview:large","max-video-preview":"max-video-preview:-1"},"canonical":"https:\/\/www.evropskakuca.me\/me\/evropska-kuca-proslavila-svoj-prvi-rodendan\/","og_locale":"en_US","og_type":"article","og_title":"Evropska ku\u0107a proslavila svoj prvi ro\u0111endan - Europe House","og_description":"Super Zvjezdana, imaginarci i muzika bez struje\u00a0 na proslavi Svoj prvi ro\u0111endan Evropska ku\u0107a proslavila je u najljep\u0161em dru\u0161tvu, sa mali\u0161anima. Poseban dan bio je posve\u0107en najdra\u017eim gostima, budu\u0107im stanovnicima Evropske unije, za koje je Evropska ku\u0107a priredila i posebno iznena\u0111enje. Strip \u201eSuper Zvjezdana\u201c ugledao je svjetlo dana. Ilustrovana perom Luke Caki\u0107a \u201eSuper Zvjezdana\u201c prati [&hellip;]","og_url":"https:\/\/www.evropskakuca.me\/me\/evropska-kuca-proslavila-svoj-prvi-rodendan\/","og_site_name":"Europe House","article_publisher":"https:\/\/www.facebook.com\/evropska.kuca","article_published_time":"2023-05-29T12:52:22+00:00","og_image":[{"width":2560,"height":1707,"url":"https:\/\/www.evropskakuca.me\/wp-content\/uploads\/2023\/05\/FIL_0412.jpg","type":"image\/jpeg"}],"author":"mkajic","twitter_card":"summary_large_image","twitter_creator":"@evropska_kuca","twitter_site":"@evropska_kuca","twitter_misc":{"Written by":"mkajic","Est. reading time":"3 minutes"},"schema":{"@context":"https:\/\/schema.org","@graph":[{"@type":"Article","@id":"https:\/\/www.evropskakuca.me\/me\/evropska-kuca-proslavila-svoj-prvi-rodendan\/#article","isPartOf":{"@id":"https:\/\/www.evropskakuca.me\/me\/evropska-kuca-proslavila-svoj-prvi-rodendan\/"},"author":{"name":"mkajic","@id":"https:\/\/www.evropskakuca.me\/me\/#\/schema\/person\/a1d0dcdaefe4a1cd1d60d200ea137ba4"},"headline":"Evropska ku\u0107a proslavila svoj prvi ro\u0111endan","datePublished":"2023-05-29T12:52:22+00:00","mainEntityOfPage":{"@id":"https:\/\/www.evropskakuca.me\/me\/evropska-kuca-proslavila-svoj-prvi-rodendan\/"},"wordCount":498,"publisher":{"@id":"https:\/\/www.evropskakuca.me\/me\/#organization"},"image":{"@id":"https:\/\/www.evropskakuca.me\/me\/evropska-kuca-proslavila-svoj-prvi-rodendan\/#primaryimage"},"thumbnailUrl":"https:\/\/www.evropskakuca.me\/wp-content\/uploads\/2023\/05\/FIL_0412.jpg","inLanguage":"me-ME"},{"@type":"WebPage","@id":"https:\/\/www.evropskakuca.me\/me\/evropska-kuca-proslavila-svoj-prvi-rodendan\/","url":"https:\/\/www.evropskakuca.me\/me\/evropska-kuca-proslavila-svoj-prvi-rodendan\/","name":"Evropska ku\u0107a proslavila svoj prvi ro\u0111endan - Europe House","isPartOf":{"@id":"https:\/\/www.evropskakuca.me\/me\/#website"},"primaryImageOfPage":{"@id":"https:\/\/www.evropskakuca.me\/me\/evropska-kuca-proslavila-svoj-prvi-rodendan\/#primaryimage"},"image":{"@id":"https:\/\/www.evropskakuca.me\/me\/evropska-kuca-proslavila-svoj-prvi-rodendan\/#primaryimage"},"thumbnailUrl":"https:\/\/www.evropskakuca.me\/wp-content\/uploads\/2023\/05\/FIL_0412.jpg","datePublished":"2023-05-29T12:52:22+00:00","breadcrumb":{"@id":"https:\/\/www.evropskakuca.me\/me\/evropska-kuca-proslavila-svoj-prvi-rodendan\/#breadcrumb"},"inLanguage":"me-ME","potentialAction":[{"@type":"ReadAction","target":["https:\/\/www.evropskakuca.me\/me\/evropska-kuca-proslavila-svoj-prvi-rodendan\/"]}]},{"@type":"ImageObject","inLanguage":"me-ME","@id":"https:\/\/www.evropskakuca.me\/me\/evropska-kuca-proslavila-svoj-prvi-rodendan\/#primaryimage","url":"https:\/\/www.evropskakuca.me\/wp-content\/uploads\/2023\/05\/FIL_0412.jpg","contentUrl":"https:\/\/www.evropskakuca.me\/wp-content\/uploads\/2023\/05\/FIL_0412.jpg","width":2560,"height":1707},{"@type":"BreadcrumbList","@id":"https:\/\/www.evropskakuca.me\/me\/evropska-kuca-proslavila-svoj-prvi-rodendan\/#breadcrumb","itemListElement":[{"@type":"ListItem","position":1,"name":"Home","item":"https:\/\/www.evropskakuca.me\/me\/"},{"@type":"ListItem","position":2,"name":"Evropska ku\u0107a proslavila svoj prvi ro\u0111endan"}]},{"@type":"WebSite","@id":"https:\/\/www.evropskakuca.me\/me\/#website","url":"https:\/\/www.evropskakuca.me\/me\/","name":"Evropean house","description":"","publisher":{"@id":"https:\/\/www.evropskakuca.me\/me\/#organization"},"potentialAction":[{"@type":"SearchAction","target":{"@type":"EntryPoint","urlTemplate":"https:\/\/www.evropskakuca.me\/me\/?s={search_term_string}"},"query-input":{"@type":"PropertyValueSpecification","valueRequired":true,"valueName":"search_term_string"}}],"inLanguage":"me-ME"},{"@type":"Organization","@id":"https:\/\/www.evropskakuca.me\/me\/#organization","name":"Evropean house","url":"https:\/\/www.evropskakuca.me\/me\/","logo":{"@type":"ImageObject","inLanguage":"me-ME","@id":"https:\/\/www.evropskakuca.me\/me\/#\/schema\/logo\/image\/","url":"https:\/\/www.evropskakuca.me\/wp-content\/uploads\/2025\/01\/evropska-kuca-logo-1.png","contentUrl":"https:\/\/www.evropskakuca.me\/wp-content\/uploads\/2025\/01\/evropska-kuca-logo-1.png","width":425,"height":312,"caption":"Evropean house"},"image":{"@id":"https:\/\/www.evropskakuca.me\/me\/#\/schema\/logo\/image\/"},"sameAs":["https:\/\/www.facebook.com\/evropska.kuca","https:\/\/x.com\/evropska_kuca","https:\/\/www.instagram.com\/evropska_kuca"]},{"@type":"Person","@id":"https:\/\/www.evropskakuca.me\/me\/#\/schema\/person\/a1d0dcdaefe4a1cd1d60d200ea137ba4","name":"mkajic","image":{"@type":"ImageObject","inLanguage":"me-ME","@id":"https:\/\/secure.gravatar.com\/avatar\/731fa035cefab7316e6bafd1f25a93fb731a07de14e2d9923f8db4422628eabc?s=96&d=mm&r=g","url":"https:\/\/secure.gravatar.com\/avatar\/731fa035cefab7316e6bafd1f25a93fb731a07de14e2d9923f8db4422628eabc?s=96&d=mm&r=g","contentUrl":"https:\/\/secure.gravatar.com\/avatar\/731fa035cefab7316e6bafd1f25a93fb731a07de14e2d9923f8db4422628eabc?s=96&d=mm&r=g","caption":"mkajic"},"sameAs":["https:\/\/evropskakuca.me"],"url":"https:\/\/www.evropskakuca.me\/me\/author\/mkajic\/"}]}},"_links":{"self":[{"href":"https:\/\/www.evropskakuca.me\/me\/wp-json\/wp\/v2\/posts\/25124","targetHints":{"allow":["GET"]}}],"collection":[{"href":"https:\/\/www.evropskakuca.me\/me\/wp-json\/wp\/v2\/posts"}],"about":[{"href":"https:\/\/www.evropskakuca.me\/me\/wp-json\/wp\/v2\/types\/post"}],"author":[{"embeddable":true,"href":"https:\/\/www.evropskakuca.me\/me\/wp-json\/wp\/v2\/users\/1"}],"replies":[{"embeddable":true,"href":"https:\/\/www.evropskakuca.me\/me\/wp-json\/wp\/v2\/comments?post=25124"}],"version-history":[{"count":0,"href":"https:\/\/www.evropskakuca.me\/me\/wp-json\/wp\/v2\/posts\/25124\/revisions"}],"wp:featuredmedia":[{"embeddable":true,"href":"https:\/\/www.evropskakuca.me\/me\/wp-json\/wp\/v2\/media\/39031"}],"wp:attachment":[{"href":"https:\/\/www.evropskakuca.me\/me\/wp-json\/wp\/v2\/media?parent=25124"}],"wp:term":[{"taxonomy":"category","embeddable":true,"href":"https:\/\/www.evropskakuca.me\/me\/wp-json\/wp\/v2\/categories?post=25124"},{"taxonomy":"post_tag","embeddable":true,"href":"https:\/\/www.evropskakuca.me\/me\/wp-json\/wp\/v2\/tags?post=25124"}],"curies":[{"name":"wp","href":"https:\/\/api.w.org\/{rel}","templated":true}]}}