{"id":25075,"date":"2023-05-19T13:29:54","date_gmt":"2023-05-19T13:29:54","guid":{"rendered":"https:\/\/evropskakuca.me\/?p=25075"},"modified":"2023-05-19T13:29:54","modified_gmt":"2023-05-19T13:29:54","slug":"dokumentarni-film-o-ekoturizmu-na-teritoriji-crne-gore-albanije-i-kosova-premijerno-prikazan-u-podgorici","status":"publish","type":"post","link":"https:\/\/www.evropskakuca.me\/me\/dokumentarni-film-o-ekoturizmu-na-teritoriji-crne-gore-albanije-i-kosova-premijerno-prikazan-u-podgorici\/","title":{"rendered":"Dokumentarni film o ekoturizmu na teritoriji Crne Gore, Albanije i Kosova premijerno prikazan u Podgorici"},"content":{"rendered":"<p>Kroz petnaestominutni dokumentarni film, koji gledaoce vodi na proputovanje kroz pograni\u010dno podru\u010dje Crne Gore i Albanije i Crne Gore i Kosova, predstavljeni su rezultati ostvareni u okviru 8 projekata prekograni\u010dne saradnje u ovom podru\u010dju.<\/p>\n<p><img fetchpriority=\"high\" decoding=\"async\" class=\"alignnone size-full wp-image-25078\" src=\"https:\/\/evropskakuca.me\/wp-content\/uploads\/2023\/05\/DSC0198-768x512-1.jpg\" alt=\"\" width=\"768\" height=\"512\" \/><\/p>\n<p><strong>Liselot Isakson<\/strong>, zamjenica \u0161efa Sektora za saradnju iz Delegacije Evropske unije u Crnoj Gori, iskazala je zadovoljstvo \u0161to je EU podr\u017eala razvoj potencijala turisti\u010dkog sektora Crne Gore, Albanije i Kosova.<\/p>\n<p>\u201eVeoma sam ponosna \u0161to je Evropska unija podr\u017eala projekte kroz koje smo dobili nove i inovativne proizvode u ovom podru\u010dju, diverzifikuju\u0107i i \u010dine\u0107i turisti\u010dku ponudu pristupa\u010dnijom i privla\u010dnijom za posjetioce\u201c, istakla je Isakson.<\/p>\n<p>Isti\u010du\u0107i zna\u010daj prekograni\u010dne saradnje Crne Gore sa Albanijom i Kosovom, v. d. generalni direktor Direktorata za evropske fondove u Ministarstvu evropskih poslova <strong>Bojan Vujovi\u0107<\/strong> kazao je da je posve\u0107enost tri operativne strukture, sa svim uklju\u010denim stranama, omogu\u0107ila da se prika\u017eu zna\u010dajni rezultati na polju promocije turizma i kulturnog i prirodnog naslje\u0111a.<\/p>\n<p>Ispred Dr\u017eavne agencije za strate\u0161ko programiranje i koordinaciju podr\u0161ke Republike Albanije prisutnima se obratila <strong>Kjara Adhami<\/strong>, direktorica Direktorata za finansijsku podr\u0161ku, koja je ocijenila da su rezultati na terenu vidljivi, te da je zajedni\u010dka kvalitetna saradnja dovela do ovih sjajnih rezultata.<\/p>\n<p><strong>Trim Beri\u0161a<\/strong>, zamjenik generalnog sekretara Ministarstva administracije lokalne samouprave Kosova, istakao je saradnju Crne Gore i Kosova kao primjer dobrosusjedskih odnosa.<\/p>\n<p>\u201eU okviru ovog programa realizovano je mno\u0161tvo aktivnosti u cilju pobolj\u0161anja kvaliteta \u017eivota u pograni\u010dnom podru\u010dju Crne Gore i Kosova, a rezultati projekata svjedo\u010de o sve boljoj me\u0111uinstitucionalnoj saradnji dvije zemlje\u201c, kazao je Beri\u0161a.<\/p>\n<p>Nakon projekcije filma, odr\u017eana je panel diskusija sa predstavnicima projekata koji su u\u010destvovali u programima prekograni\u010dne saradnje na temu \u201eMogu\u0107nosti prekograni\u010dne saradnje i zna\u010daj ruralnog i ekoturizma\u201c.<\/p>\n<p>&nbsp;<\/p>\n<p><iframe title=\"PROMOCIJA EKOTURIZMA NA TERITORIJI CRNE GORE, ALBANIJE I KOSOVA\" width=\"800\" height=\"450\" src=\"https:\/\/www.youtube.com\/embed\/XRB_umpGgXQ?start=3&#038;feature=oembed\" frameborder=\"0\" allow=\"accelerometer; autoplay; clipboard-write; encrypted-media; gyroscope; picture-in-picture; web-share\" referrerpolicy=\"strict-origin-when-cross-origin\" allowfullscreen><\/iframe><\/p>\n","protected":false},"excerpt":{"rendered":"<p>Kroz petnaestominutni dokumentarni film, koji gledaoce vodi na proputovanje kroz pograni\u010dno podru\u010dje Crne Gore i Albanije i Crne Gore i Kosova, predstavljeni su rezultati ostvareni u okviru 8 projekata prekograni\u010dne saradnje u ovom podru\u010dju. Liselot Isakson, zamjenica \u0161efa Sektora za saradnju iz Delegacije Evropske unije u Crnoj Gori, iskazala je zadovoljstvo \u0161to je EU podr\u017eala [&hellip;]<\/p>\n","protected":false},"author":1,"featured_media":0,"comment_status":"closed","ping_status":"closed","sticky":false,"template":"","format":"standard","meta":{"_acf_changed":false,"footnotes":""},"categories":[],"tags":[],"class_list":["post-25075","post","type-post","status-publish","format-standard","hentry"],"acf":[],"yoast_head":"<!-- This site is optimized with the Yoast SEO plugin v27.3 - https:\/\/yoast.com\/product\/yoast-seo-wordpress\/ -->\n<title>Dokumentarni film o ekoturizmu na teritoriji Crne Gore, Albanije i Kosova premijerno prikazan u Podgorici - Europe House<\/title>\n<meta name=\"robots\" content=\"index, follow, max-snippet:-1, max-image-preview:large, max-video-preview:-1\" \/>\n<link rel=\"canonical\" href=\"https:\/\/www.evropskakuca.me\/me\/dokumentarni-film-o-ekoturizmu-na-teritoriji-crne-gore-albanije-i-kosova-premijerno-prikazan-u-podgorici\/\" \/>\n<meta property=\"og:locale\" content=\"en_US\" \/>\n<meta property=\"og:type\" content=\"article\" \/>\n<meta property=\"og:title\" content=\"Dokumentarni film o ekoturizmu na teritoriji Crne Gore, Albanije i Kosova premijerno prikazan u Podgorici - Europe House\" \/>\n<meta property=\"og:description\" content=\"Kroz petnaestominutni dokumentarni film, koji gledaoce vodi na proputovanje kroz pograni\u010dno podru\u010dje Crne Gore i Albanije i Crne Gore i Kosova, predstavljeni su rezultati ostvareni u okviru 8 projekata prekograni\u010dne saradnje u ovom podru\u010dju. Liselot Isakson, zamjenica \u0161efa Sektora za saradnju iz Delegacije Evropske unije u Crnoj Gori, iskazala je zadovoljstvo \u0161to je EU podr\u017eala [&hellip;]\" \/>\n<meta property=\"og:url\" content=\"https:\/\/www.evropskakuca.me\/me\/dokumentarni-film-o-ekoturizmu-na-teritoriji-crne-gore-albanije-i-kosova-premijerno-prikazan-u-podgorici\/\" \/>\n<meta property=\"og:site_name\" content=\"Europe House\" \/>\n<meta property=\"article:publisher\" content=\"https:\/\/www.facebook.com\/evropska.kuca\" \/>\n<meta property=\"article:published_time\" content=\"2023-05-19T13:29:54+00:00\" \/>\n<meta property=\"og:image\" content=\"https:\/\/evropskakuca.me\/wp-content\/uploads\/2023\/05\/DSC0198-768x512-1.jpg\" \/>\n<meta name=\"author\" content=\"mkajic\" \/>\n<meta name=\"twitter:card\" content=\"summary_large_image\" \/>\n<meta name=\"twitter:creator\" content=\"@evropska_kuca\" \/>\n<meta name=\"twitter:site\" content=\"@evropska_kuca\" \/>\n<meta name=\"twitter:label1\" content=\"Written by\" \/>\n\t<meta name=\"twitter:data1\" content=\"mkajic\" \/>\n\t<meta name=\"twitter:label2\" content=\"Est. reading time\" \/>\n\t<meta name=\"twitter:data2\" content=\"2 minutes\" \/>\n<script type=\"application\/ld+json\" class=\"yoast-schema-graph\">{\"@context\":\"https:\\\/\\\/schema.org\",\"@graph\":[{\"@type\":\"Article\",\"@id\":\"https:\\\/\\\/www.evropskakuca.me\\\/me\\\/dokumentarni-film-o-ekoturizmu-na-teritoriji-crne-gore-albanije-i-kosova-premijerno-prikazan-u-podgorici\\\/#article\",\"isPartOf\":{\"@id\":\"https:\\\/\\\/www.evropskakuca.me\\\/me\\\/dokumentarni-film-o-ekoturizmu-na-teritoriji-crne-gore-albanije-i-kosova-premijerno-prikazan-u-podgorici\\\/\"},\"author\":{\"name\":\"mkajic\",\"@id\":\"https:\\\/\\\/www.evropskakuca.me\\\/me\\\/#\\\/schema\\\/person\\\/a1d0dcdaefe4a1cd1d60d200ea137ba4\"},\"headline\":\"Dokumentarni film o ekoturizmu na teritoriji Crne Gore, Albanije i Kosova premijerno prikazan u Podgorici\",\"datePublished\":\"2023-05-19T13:29:54+00:00\",\"mainEntityOfPage\":{\"@id\":\"https:\\\/\\\/www.evropskakuca.me\\\/me\\\/dokumentarni-film-o-ekoturizmu-na-teritoriji-crne-gore-albanije-i-kosova-premijerno-prikazan-u-podgorici\\\/\"},\"wordCount\":339,\"publisher\":{\"@id\":\"https:\\\/\\\/www.evropskakuca.me\\\/me\\\/#organization\"},\"image\":{\"@id\":\"https:\\\/\\\/www.evropskakuca.me\\\/me\\\/dokumentarni-film-o-ekoturizmu-na-teritoriji-crne-gore-albanije-i-kosova-premijerno-prikazan-u-podgorici\\\/#primaryimage\"},\"thumbnailUrl\":\"https:\\\/\\\/evropskakuca.me\\\/wp-content\\\/uploads\\\/2023\\\/05\\\/DSC0198-768x512-1.jpg\",\"inLanguage\":\"me-ME\"},{\"@type\":\"WebPage\",\"@id\":\"https:\\\/\\\/www.evropskakuca.me\\\/me\\\/dokumentarni-film-o-ekoturizmu-na-teritoriji-crne-gore-albanije-i-kosova-premijerno-prikazan-u-podgorici\\\/\",\"url\":\"https:\\\/\\\/www.evropskakuca.me\\\/me\\\/dokumentarni-film-o-ekoturizmu-na-teritoriji-crne-gore-albanije-i-kosova-premijerno-prikazan-u-podgorici\\\/\",\"name\":\"Dokumentarni film o ekoturizmu na teritoriji Crne Gore, Albanije i Kosova premijerno prikazan u Podgorici - Europe House\",\"isPartOf\":{\"@id\":\"https:\\\/\\\/www.evropskakuca.me\\\/me\\\/#website\"},\"primaryImageOfPage\":{\"@id\":\"https:\\\/\\\/www.evropskakuca.me\\\/me\\\/dokumentarni-film-o-ekoturizmu-na-teritoriji-crne-gore-albanije-i-kosova-premijerno-prikazan-u-podgorici\\\/#primaryimage\"},\"image\":{\"@id\":\"https:\\\/\\\/www.evropskakuca.me\\\/me\\\/dokumentarni-film-o-ekoturizmu-na-teritoriji-crne-gore-albanije-i-kosova-premijerno-prikazan-u-podgorici\\\/#primaryimage\"},\"thumbnailUrl\":\"https:\\\/\\\/evropskakuca.me\\\/wp-content\\\/uploads\\\/2023\\\/05\\\/DSC0198-768x512-1.jpg\",\"datePublished\":\"2023-05-19T13:29:54+00:00\",\"breadcrumb\":{\"@id\":\"https:\\\/\\\/www.evropskakuca.me\\\/me\\\/dokumentarni-film-o-ekoturizmu-na-teritoriji-crne-gore-albanije-i-kosova-premijerno-prikazan-u-podgorici\\\/#breadcrumb\"},\"inLanguage\":\"me-ME\",\"potentialAction\":[{\"@type\":\"ReadAction\",\"target\":[\"https:\\\/\\\/www.evropskakuca.me\\\/me\\\/dokumentarni-film-o-ekoturizmu-na-teritoriji-crne-gore-albanije-i-kosova-premijerno-prikazan-u-podgorici\\\/\"]}]},{\"@type\":\"ImageObject\",\"inLanguage\":\"me-ME\",\"@id\":\"https:\\\/\\\/www.evropskakuca.me\\\/me\\\/dokumentarni-film-o-ekoturizmu-na-teritoriji-crne-gore-albanije-i-kosova-premijerno-prikazan-u-podgorici\\\/#primaryimage\",\"url\":\"https:\\\/\\\/evropskakuca.me\\\/wp-content\\\/uploads\\\/2023\\\/05\\\/DSC0198-768x512-1.jpg\",\"contentUrl\":\"https:\\\/\\\/evropskakuca.me\\\/wp-content\\\/uploads\\\/2023\\\/05\\\/DSC0198-768x512-1.jpg\"},{\"@type\":\"BreadcrumbList\",\"@id\":\"https:\\\/\\\/www.evropskakuca.me\\\/me\\\/dokumentarni-film-o-ekoturizmu-na-teritoriji-crne-gore-albanije-i-kosova-premijerno-prikazan-u-podgorici\\\/#breadcrumb\",\"itemListElement\":[{\"@type\":\"ListItem\",\"position\":1,\"name\":\"Home\",\"item\":\"https:\\\/\\\/www.evropskakuca.me\\\/me\\\/\"},{\"@type\":\"ListItem\",\"position\":2,\"name\":\"Dokumentarni film o ekoturizmu na teritoriji Crne Gore, Albanije i Kosova premijerno prikazan u Podgorici\"}]},{\"@type\":\"WebSite\",\"@id\":\"https:\\\/\\\/www.evropskakuca.me\\\/me\\\/#website\",\"url\":\"https:\\\/\\\/www.evropskakuca.me\\\/me\\\/\",\"name\":\"Evropean house\",\"description\":\"\",\"publisher\":{\"@id\":\"https:\\\/\\\/www.evropskakuca.me\\\/me\\\/#organization\"},\"potentialAction\":[{\"@type\":\"SearchAction\",\"target\":{\"@type\":\"EntryPoint\",\"urlTemplate\":\"https:\\\/\\\/www.evropskakuca.me\\\/me\\\/?s={search_term_string}\"},\"query-input\":{\"@type\":\"PropertyValueSpecification\",\"valueRequired\":true,\"valueName\":\"search_term_string\"}}],\"inLanguage\":\"me-ME\"},{\"@type\":\"Organization\",\"@id\":\"https:\\\/\\\/www.evropskakuca.me\\\/me\\\/#organization\",\"name\":\"Evropean house\",\"url\":\"https:\\\/\\\/www.evropskakuca.me\\\/me\\\/\",\"logo\":{\"@type\":\"ImageObject\",\"inLanguage\":\"me-ME\",\"@id\":\"https:\\\/\\\/www.evropskakuca.me\\\/me\\\/#\\\/schema\\\/logo\\\/image\\\/\",\"url\":\"https:\\\/\\\/www.evropskakuca.me\\\/wp-content\\\/uploads\\\/2025\\\/01\\\/evropska-kuca-logo-1.png\",\"contentUrl\":\"https:\\\/\\\/www.evropskakuca.me\\\/wp-content\\\/uploads\\\/2025\\\/01\\\/evropska-kuca-logo-1.png\",\"width\":425,\"height\":312,\"caption\":\"Evropean house\"},\"image\":{\"@id\":\"https:\\\/\\\/www.evropskakuca.me\\\/me\\\/#\\\/schema\\\/logo\\\/image\\\/\"},\"sameAs\":[\"https:\\\/\\\/www.facebook.com\\\/evropska.kuca\",\"https:\\\/\\\/x.com\\\/evropska_kuca\",\"https:\\\/\\\/www.instagram.com\\\/evropska_kuca\"]},{\"@type\":\"Person\",\"@id\":\"https:\\\/\\\/www.evropskakuca.me\\\/me\\\/#\\\/schema\\\/person\\\/a1d0dcdaefe4a1cd1d60d200ea137ba4\",\"name\":\"mkajic\",\"image\":{\"@type\":\"ImageObject\",\"inLanguage\":\"me-ME\",\"@id\":\"https:\\\/\\\/secure.gravatar.com\\\/avatar\\\/731fa035cefab7316e6bafd1f25a93fb731a07de14e2d9923f8db4422628eabc?s=96&d=mm&r=g\",\"url\":\"https:\\\/\\\/secure.gravatar.com\\\/avatar\\\/731fa035cefab7316e6bafd1f25a93fb731a07de14e2d9923f8db4422628eabc?s=96&d=mm&r=g\",\"contentUrl\":\"https:\\\/\\\/secure.gravatar.com\\\/avatar\\\/731fa035cefab7316e6bafd1f25a93fb731a07de14e2d9923f8db4422628eabc?s=96&d=mm&r=g\",\"caption\":\"mkajic\"},\"sameAs\":[\"https:\\\/\\\/evropskakuca.me\"],\"url\":\"https:\\\/\\\/www.evropskakuca.me\\\/me\\\/author\\\/mkajic\\\/\"}]}<\/script>\n<!-- \/ Yoast SEO plugin. -->","yoast_head_json":{"title":"Dokumentarni film o ekoturizmu na teritoriji Crne Gore, Albanije i Kosova premijerno prikazan u Podgorici - Europe House","robots":{"index":"index","follow":"follow","max-snippet":"max-snippet:-1","max-image-preview":"max-image-preview:large","max-video-preview":"max-video-preview:-1"},"canonical":"https:\/\/www.evropskakuca.me\/me\/dokumentarni-film-o-ekoturizmu-na-teritoriji-crne-gore-albanije-i-kosova-premijerno-prikazan-u-podgorici\/","og_locale":"en_US","og_type":"article","og_title":"Dokumentarni film o ekoturizmu na teritoriji Crne Gore, Albanije i Kosova premijerno prikazan u Podgorici - Europe House","og_description":"Kroz petnaestominutni dokumentarni film, koji gledaoce vodi na proputovanje kroz pograni\u010dno podru\u010dje Crne Gore i Albanije i Crne Gore i Kosova, predstavljeni su rezultati ostvareni u okviru 8 projekata prekograni\u010dne saradnje u ovom podru\u010dju. Liselot Isakson, zamjenica \u0161efa Sektora za saradnju iz Delegacije Evropske unije u Crnoj Gori, iskazala je zadovoljstvo \u0161to je EU podr\u017eala [&hellip;]","og_url":"https:\/\/www.evropskakuca.me\/me\/dokumentarni-film-o-ekoturizmu-na-teritoriji-crne-gore-albanije-i-kosova-premijerno-prikazan-u-podgorici\/","og_site_name":"Europe House","article_publisher":"https:\/\/www.facebook.com\/evropska.kuca","article_published_time":"2023-05-19T13:29:54+00:00","og_image":[{"url":"https:\/\/evropskakuca.me\/wp-content\/uploads\/2023\/05\/DSC0198-768x512-1.jpg","type":"","width":"","height":""}],"author":"mkajic","twitter_card":"summary_large_image","twitter_creator":"@evropska_kuca","twitter_site":"@evropska_kuca","twitter_misc":{"Written by":"mkajic","Est. reading time":"2 minutes"},"schema":{"@context":"https:\/\/schema.org","@graph":[{"@type":"Article","@id":"https:\/\/www.evropskakuca.me\/me\/dokumentarni-film-o-ekoturizmu-na-teritoriji-crne-gore-albanije-i-kosova-premijerno-prikazan-u-podgorici\/#article","isPartOf":{"@id":"https:\/\/www.evropskakuca.me\/me\/dokumentarni-film-o-ekoturizmu-na-teritoriji-crne-gore-albanije-i-kosova-premijerno-prikazan-u-podgorici\/"},"author":{"name":"mkajic","@id":"https:\/\/www.evropskakuca.me\/me\/#\/schema\/person\/a1d0dcdaefe4a1cd1d60d200ea137ba4"},"headline":"Dokumentarni film o ekoturizmu na teritoriji Crne Gore, Albanije i Kosova premijerno prikazan u Podgorici","datePublished":"2023-05-19T13:29:54+00:00","mainEntityOfPage":{"@id":"https:\/\/www.evropskakuca.me\/me\/dokumentarni-film-o-ekoturizmu-na-teritoriji-crne-gore-albanije-i-kosova-premijerno-prikazan-u-podgorici\/"},"wordCount":339,"publisher":{"@id":"https:\/\/www.evropskakuca.me\/me\/#organization"},"image":{"@id":"https:\/\/www.evropskakuca.me\/me\/dokumentarni-film-o-ekoturizmu-na-teritoriji-crne-gore-albanije-i-kosova-premijerno-prikazan-u-podgorici\/#primaryimage"},"thumbnailUrl":"https:\/\/evropskakuca.me\/wp-content\/uploads\/2023\/05\/DSC0198-768x512-1.jpg","inLanguage":"me-ME"},{"@type":"WebPage","@id":"https:\/\/www.evropskakuca.me\/me\/dokumentarni-film-o-ekoturizmu-na-teritoriji-crne-gore-albanije-i-kosova-premijerno-prikazan-u-podgorici\/","url":"https:\/\/www.evropskakuca.me\/me\/dokumentarni-film-o-ekoturizmu-na-teritoriji-crne-gore-albanije-i-kosova-premijerno-prikazan-u-podgorici\/","name":"Dokumentarni film o ekoturizmu na teritoriji Crne Gore, Albanije i Kosova premijerno prikazan u Podgorici - Europe House","isPartOf":{"@id":"https:\/\/www.evropskakuca.me\/me\/#website"},"primaryImageOfPage":{"@id":"https:\/\/www.evropskakuca.me\/me\/dokumentarni-film-o-ekoturizmu-na-teritoriji-crne-gore-albanije-i-kosova-premijerno-prikazan-u-podgorici\/#primaryimage"},"image":{"@id":"https:\/\/www.evropskakuca.me\/me\/dokumentarni-film-o-ekoturizmu-na-teritoriji-crne-gore-albanije-i-kosova-premijerno-prikazan-u-podgorici\/#primaryimage"},"thumbnailUrl":"https:\/\/evropskakuca.me\/wp-content\/uploads\/2023\/05\/DSC0198-768x512-1.jpg","datePublished":"2023-05-19T13:29:54+00:00","breadcrumb":{"@id":"https:\/\/www.evropskakuca.me\/me\/dokumentarni-film-o-ekoturizmu-na-teritoriji-crne-gore-albanije-i-kosova-premijerno-prikazan-u-podgorici\/#breadcrumb"},"inLanguage":"me-ME","potentialAction":[{"@type":"ReadAction","target":["https:\/\/www.evropskakuca.me\/me\/dokumentarni-film-o-ekoturizmu-na-teritoriji-crne-gore-albanije-i-kosova-premijerno-prikazan-u-podgorici\/"]}]},{"@type":"ImageObject","inLanguage":"me-ME","@id":"https:\/\/www.evropskakuca.me\/me\/dokumentarni-film-o-ekoturizmu-na-teritoriji-crne-gore-albanije-i-kosova-premijerno-prikazan-u-podgorici\/#primaryimage","url":"https:\/\/evropskakuca.me\/wp-content\/uploads\/2023\/05\/DSC0198-768x512-1.jpg","contentUrl":"https:\/\/evropskakuca.me\/wp-content\/uploads\/2023\/05\/DSC0198-768x512-1.jpg"},{"@type":"BreadcrumbList","@id":"https:\/\/www.evropskakuca.me\/me\/dokumentarni-film-o-ekoturizmu-na-teritoriji-crne-gore-albanije-i-kosova-premijerno-prikazan-u-podgorici\/#breadcrumb","itemListElement":[{"@type":"ListItem","position":1,"name":"Home","item":"https:\/\/www.evropskakuca.me\/me\/"},{"@type":"ListItem","position":2,"name":"Dokumentarni film o ekoturizmu na teritoriji Crne Gore, Albanije i Kosova premijerno prikazan u Podgorici"}]},{"@type":"WebSite","@id":"https:\/\/www.evropskakuca.me\/me\/#website","url":"https:\/\/www.evropskakuca.me\/me\/","name":"Evropean house","description":"","publisher":{"@id":"https:\/\/www.evropskakuca.me\/me\/#organization"},"potentialAction":[{"@type":"SearchAction","target":{"@type":"EntryPoint","urlTemplate":"https:\/\/www.evropskakuca.me\/me\/?s={search_term_string}"},"query-input":{"@type":"PropertyValueSpecification","valueRequired":true,"valueName":"search_term_string"}}],"inLanguage":"me-ME"},{"@type":"Organization","@id":"https:\/\/www.evropskakuca.me\/me\/#organization","name":"Evropean house","url":"https:\/\/www.evropskakuca.me\/me\/","logo":{"@type":"ImageObject","inLanguage":"me-ME","@id":"https:\/\/www.evropskakuca.me\/me\/#\/schema\/logo\/image\/","url":"https:\/\/www.evropskakuca.me\/wp-content\/uploads\/2025\/01\/evropska-kuca-logo-1.png","contentUrl":"https:\/\/www.evropskakuca.me\/wp-content\/uploads\/2025\/01\/evropska-kuca-logo-1.png","width":425,"height":312,"caption":"Evropean house"},"image":{"@id":"https:\/\/www.evropskakuca.me\/me\/#\/schema\/logo\/image\/"},"sameAs":["https:\/\/www.facebook.com\/evropska.kuca","https:\/\/x.com\/evropska_kuca","https:\/\/www.instagram.com\/evropska_kuca"]},{"@type":"Person","@id":"https:\/\/www.evropskakuca.me\/me\/#\/schema\/person\/a1d0dcdaefe4a1cd1d60d200ea137ba4","name":"mkajic","image":{"@type":"ImageObject","inLanguage":"me-ME","@id":"https:\/\/secure.gravatar.com\/avatar\/731fa035cefab7316e6bafd1f25a93fb731a07de14e2d9923f8db4422628eabc?s=96&d=mm&r=g","url":"https:\/\/secure.gravatar.com\/avatar\/731fa035cefab7316e6bafd1f25a93fb731a07de14e2d9923f8db4422628eabc?s=96&d=mm&r=g","contentUrl":"https:\/\/secure.gravatar.com\/avatar\/731fa035cefab7316e6bafd1f25a93fb731a07de14e2d9923f8db4422628eabc?s=96&d=mm&r=g","caption":"mkajic"},"sameAs":["https:\/\/evropskakuca.me"],"url":"https:\/\/www.evropskakuca.me\/me\/author\/mkajic\/"}]}},"_links":{"self":[{"href":"https:\/\/www.evropskakuca.me\/me\/wp-json\/wp\/v2\/posts\/25075","targetHints":{"allow":["GET"]}}],"collection":[{"href":"https:\/\/www.evropskakuca.me\/me\/wp-json\/wp\/v2\/posts"}],"about":[{"href":"https:\/\/www.evropskakuca.me\/me\/wp-json\/wp\/v2\/types\/post"}],"author":[{"embeddable":true,"href":"https:\/\/www.evropskakuca.me\/me\/wp-json\/wp\/v2\/users\/1"}],"replies":[{"embeddable":true,"href":"https:\/\/www.evropskakuca.me\/me\/wp-json\/wp\/v2\/comments?post=25075"}],"version-history":[{"count":0,"href":"https:\/\/www.evropskakuca.me\/me\/wp-json\/wp\/v2\/posts\/25075\/revisions"}],"wp:attachment":[{"href":"https:\/\/www.evropskakuca.me\/me\/wp-json\/wp\/v2\/media?parent=25075"}],"wp:term":[{"taxonomy":"category","embeddable":true,"href":"https:\/\/www.evropskakuca.me\/me\/wp-json\/wp\/v2\/categories?post=25075"},{"taxonomy":"post_tag","embeddable":true,"href":"https:\/\/www.evropskakuca.me\/me\/wp-json\/wp\/v2\/tags?post=25075"}],"curies":[{"name":"wp","href":"https:\/\/api.w.org\/{rel}","templated":true}]}}