{"id":24913,"date":"2023-05-11T12:30:55","date_gmt":"2023-05-11T12:30:55","guid":{"rendered":"https:\/\/evropskakuca.me\/?p=24913"},"modified":"2023-05-11T12:30:55","modified_gmt":"2023-05-11T12:30:55","slug":"obracanje-ambasadorke-eu-u-crnoj-gori-oane-kristine-pope","status":"publish","type":"post","link":"https:\/\/www.evropskakuca.me\/me\/obracanje-ambasadorke-eu-u-crnoj-gori-oane-kristine-pope\/","title":{"rendered":"Obra\u0107anje ambasadorke EU u Crnoj Gori Oane Kristine Pope"},"content":{"rendered":"<p style=\"text-align: center;\"><strong>Obra\u0107anje ambasadorke EU u Crnoj Gori Oane Kristine Pope na prijemu povodom Dana Evrope<\/strong><\/p>\n<p style=\"text-align: center;\">Muzi\u010dki centar Crne Gore, Podgorica, 9. maj 2023.<\/p>\n<p>&nbsp;<\/p>\n<p>Dobro ve\u010de i dobrodo\u0161li!<\/p>\n<p>\u010cast mi je da vas sve pozdravim i da ve\u010deras zajedno proslavimo Dan Evrope.<\/p>\n<p>Iza nas je godina puna izazova. Generacija smo Evropljanki i Evropljana suo\u010dena sa najve\u0107im sigurnosnim, zdravstvenim i ekonomskim rizicima od nastanka ujedinjene Evrope, prije 73 godine. Ipak, osje\u0107am veliki ponos zbog snage i jedinstva koje smo pokazali kao Evropljani u ovim te\u0161kim vremenima. Dokazali smo, i sebi i drugima, da ostajemo vjerni svojim vrijednostima, da slu\u017eimo na\u0161im gra\u0111anima i da stojimo \u010dvrsto uz na\u0161e prijatelje i partnere.<\/p>\n<p><img fetchpriority=\"high\" decoding=\"async\" class=\"alignnone size-large wp-image-24916\" src=\"https:\/\/evropskakuca.me\/wp-content\/uploads\/2023\/05\/Prijem-9.-maj-1024x682.jpg\" alt=\"\" width=\"1024\" height=\"682\" \/><\/p>\n<p>Zajedno smo prebrodili nezapam\u0107enu zdravstvenu krizu, pomogli onima kojima je ekonomska pomo\u0107 bila najpotrebnija, i stali uz na\u0161e kom\u0161ije u Ukrajini, u njihovoj pravednoj borbi protiv tiranije i agresije. \u010cast mi je \u0161to slu\u017eim u Crnoj Gori, koja je u potpunosti stala uz Evropsku uniju protiv ruskog agresorskog rata, i otvorila svoja vrata za hiljada ukrajinskih izbjeglica. Crna Gora je postupila ispravno i pravedno.<\/p>\n<p>Tragi\u010dni doga\u0111aji u susjednoj Srbiji od pro\u0161le sedmice pokazali su da solidarnost i saosje\u0107anje ne poznaju granice. Ba\u0161 kao \u0161to smo ujedinjeni u empatiji povodom ovih u\u017easnih tragedija, tako isto moramo zajedno graditi bolju sada\u0161njost i budu\u0107nost za na\u0161u djecu.<\/p>\n<blockquote><p>Sada Crna Gora treba da njeguje to isto jedinstvo i posve\u0107enost svojoj budu\u0107nosti u Evropskoj uniji, i da napreduje u klju\u010dnim reformama.<\/p><\/blockquote>\n<p>Sjetimo se \u010duvenih rije\u010di jednog od najve\u0107ih pionira Evropske unije, njema\u010dkog kancelara Konrada Adenauera: \u201cEvropsko jedinstvo je bilo san nekoliko ljudi. Postalo je nada mnogih. Danas je neophodnost za sve nas.\u201d<\/p>\n<blockquote><p>Sa Crnom Gorom dijelimo istu \u017eelju da gradimo slobodna, demokratska i pravedna dru\u0161tva. To je ono \u0161to nas \u010dini Evropljanima.<\/p><\/blockquote>\n<p>Sada su Crnoj Gori potrebni jedinstvo i zajedni\u010dki rad iznad politi\u010dkih i drugih razlika, kako bi se ova \u017eelja ostvarila i kako bi ova predivna zemlja postala dio ujedinjene Evrope.<\/p>\n<p>\u017divjeli i sre\u0107an Dan Evrope!<\/p>\n","protected":false},"excerpt":{"rendered":"<p>Obra\u0107anje ambasadorke EU u Crnoj Gori Oane Kristine Pope na prijemu povodom Dana Evrope Muzi\u010dki centar Crne Gore, Podgorica, 9. maj 2023. &nbsp; Dobro ve\u010de i dobrodo\u0161li! \u010cast mi je da vas sve pozdravim i da ve\u010deras zajedno proslavimo Dan Evrope. Iza nas je godina puna izazova. Generacija smo Evropljanki i Evropljana suo\u010dena sa najve\u0107im [&hellip;]<\/p>\n","protected":false},"author":1,"featured_media":39087,"comment_status":"closed","ping_status":"closed","sticky":false,"template":"","format":"standard","meta":{"_acf_changed":false,"footnotes":""},"categories":[283],"tags":[],"class_list":["post-24913","post","type-post","status-publish","format-standard","has-post-thumbnail","hentry","category-novosti-me"],"acf":[],"yoast_head":"<!-- This site is optimized with the Yoast SEO plugin v27.3 - https:\/\/yoast.com\/product\/yoast-seo-wordpress\/ -->\n<title>Obra\u0107anje ambasadorke EU u Crnoj Gori Oane Kristine Pope - Europe House<\/title>\n<meta name=\"robots\" content=\"index, follow, max-snippet:-1, max-image-preview:large, max-video-preview:-1\" \/>\n<link rel=\"canonical\" href=\"https:\/\/www.evropskakuca.me\/me\/obracanje-ambasadorke-eu-u-crnoj-gori-oane-kristine-pope\/\" \/>\n<meta property=\"og:locale\" content=\"en_US\" \/>\n<meta property=\"og:type\" content=\"article\" \/>\n<meta property=\"og:title\" content=\"Obra\u0107anje ambasadorke EU u Crnoj Gori Oane Kristine Pope - Europe House\" \/>\n<meta property=\"og:description\" content=\"Obra\u0107anje ambasadorke EU u Crnoj Gori Oane Kristine Pope na prijemu povodom Dana Evrope Muzi\u010dki centar Crne Gore, Podgorica, 9. maj 2023. &nbsp; Dobro ve\u010de i dobrodo\u0161li! \u010cast mi je da vas sve pozdravim i da ve\u010deras zajedno proslavimo Dan Evrope. Iza nas je godina puna izazova. Generacija smo Evropljanki i Evropljana suo\u010dena sa najve\u0107im [&hellip;]\" \/>\n<meta property=\"og:url\" content=\"https:\/\/www.evropskakuca.me\/me\/obracanje-ambasadorke-eu-u-crnoj-gori-oane-kristine-pope\/\" \/>\n<meta property=\"og:site_name\" content=\"Europe House\" \/>\n<meta property=\"article:publisher\" content=\"https:\/\/www.facebook.com\/evropska.kuca\" \/>\n<meta property=\"article:published_time\" content=\"2023-05-11T12:30:55+00:00\" \/>\n<meta property=\"og:image\" content=\"https:\/\/www.evropskakuca.me\/wp-content\/uploads\/2023\/05\/Oana-Cristina-Popa.jpg\" \/>\n\t<meta property=\"og:image:width\" content=\"1280\" \/>\n\t<meta property=\"og:image:height\" content=\"853\" \/>\n\t<meta property=\"og:image:type\" content=\"image\/jpeg\" \/>\n<meta name=\"author\" content=\"mkajic\" \/>\n<meta name=\"twitter:card\" content=\"summary_large_image\" \/>\n<meta name=\"twitter:creator\" content=\"@evropska_kuca\" \/>\n<meta name=\"twitter:site\" content=\"@evropska_kuca\" \/>\n<meta name=\"twitter:label1\" content=\"Written by\" \/>\n\t<meta name=\"twitter:data1\" content=\"mkajic\" \/>\n\t<meta name=\"twitter:label2\" content=\"Est. reading time\" \/>\n\t<meta name=\"twitter:data2\" content=\"2 minutes\" \/>\n<script type=\"application\/ld+json\" class=\"yoast-schema-graph\">{\"@context\":\"https:\\\/\\\/schema.org\",\"@graph\":[{\"@type\":\"Article\",\"@id\":\"https:\\\/\\\/www.evropskakuca.me\\\/me\\\/obracanje-ambasadorke-eu-u-crnoj-gori-oane-kristine-pope\\\/#article\",\"isPartOf\":{\"@id\":\"https:\\\/\\\/www.evropskakuca.me\\\/me\\\/obracanje-ambasadorke-eu-u-crnoj-gori-oane-kristine-pope\\\/\"},\"author\":{\"name\":\"mkajic\",\"@id\":\"https:\\\/\\\/www.evropskakuca.me\\\/me\\\/#\\\/schema\\\/person\\\/a1d0dcdaefe4a1cd1d60d200ea137ba4\"},\"headline\":\"Obra\u0107anje ambasadorke EU u Crnoj Gori Oane Kristine Pope\",\"datePublished\":\"2023-05-11T12:30:55+00:00\",\"mainEntityOfPage\":{\"@id\":\"https:\\\/\\\/www.evropskakuca.me\\\/me\\\/obracanje-ambasadorke-eu-u-crnoj-gori-oane-kristine-pope\\\/\"},\"wordCount\":362,\"publisher\":{\"@id\":\"https:\\\/\\\/www.evropskakuca.me\\\/me\\\/#organization\"},\"image\":{\"@id\":\"https:\\\/\\\/www.evropskakuca.me\\\/me\\\/obracanje-ambasadorke-eu-u-crnoj-gori-oane-kristine-pope\\\/#primaryimage\"},\"thumbnailUrl\":\"https:\\\/\\\/www.evropskakuca.me\\\/wp-content\\\/uploads\\\/2023\\\/05\\\/Oana-Cristina-Popa.jpg\",\"articleSection\":[\"Novosti\"],\"inLanguage\":\"me-ME\"},{\"@type\":\"WebPage\",\"@id\":\"https:\\\/\\\/www.evropskakuca.me\\\/me\\\/obracanje-ambasadorke-eu-u-crnoj-gori-oane-kristine-pope\\\/\",\"url\":\"https:\\\/\\\/www.evropskakuca.me\\\/me\\\/obracanje-ambasadorke-eu-u-crnoj-gori-oane-kristine-pope\\\/\",\"name\":\"Obra\u0107anje ambasadorke EU u Crnoj Gori Oane Kristine Pope - Europe House\",\"isPartOf\":{\"@id\":\"https:\\\/\\\/www.evropskakuca.me\\\/me\\\/#website\"},\"primaryImageOfPage\":{\"@id\":\"https:\\\/\\\/www.evropskakuca.me\\\/me\\\/obracanje-ambasadorke-eu-u-crnoj-gori-oane-kristine-pope\\\/#primaryimage\"},\"image\":{\"@id\":\"https:\\\/\\\/www.evropskakuca.me\\\/me\\\/obracanje-ambasadorke-eu-u-crnoj-gori-oane-kristine-pope\\\/#primaryimage\"},\"thumbnailUrl\":\"https:\\\/\\\/www.evropskakuca.me\\\/wp-content\\\/uploads\\\/2023\\\/05\\\/Oana-Cristina-Popa.jpg\",\"datePublished\":\"2023-05-11T12:30:55+00:00\",\"breadcrumb\":{\"@id\":\"https:\\\/\\\/www.evropskakuca.me\\\/me\\\/obracanje-ambasadorke-eu-u-crnoj-gori-oane-kristine-pope\\\/#breadcrumb\"},\"inLanguage\":\"me-ME\",\"potentialAction\":[{\"@type\":\"ReadAction\",\"target\":[\"https:\\\/\\\/www.evropskakuca.me\\\/me\\\/obracanje-ambasadorke-eu-u-crnoj-gori-oane-kristine-pope\\\/\"]}]},{\"@type\":\"ImageObject\",\"inLanguage\":\"me-ME\",\"@id\":\"https:\\\/\\\/www.evropskakuca.me\\\/me\\\/obracanje-ambasadorke-eu-u-crnoj-gori-oane-kristine-pope\\\/#primaryimage\",\"url\":\"https:\\\/\\\/www.evropskakuca.me\\\/wp-content\\\/uploads\\\/2023\\\/05\\\/Oana-Cristina-Popa.jpg\",\"contentUrl\":\"https:\\\/\\\/www.evropskakuca.me\\\/wp-content\\\/uploads\\\/2023\\\/05\\\/Oana-Cristina-Popa.jpg\",\"width\":1280,\"height\":853},{\"@type\":\"BreadcrumbList\",\"@id\":\"https:\\\/\\\/www.evropskakuca.me\\\/me\\\/obracanje-ambasadorke-eu-u-crnoj-gori-oane-kristine-pope\\\/#breadcrumb\",\"itemListElement\":[{\"@type\":\"ListItem\",\"position\":1,\"name\":\"Home\",\"item\":\"https:\\\/\\\/www.evropskakuca.me\\\/me\\\/\"},{\"@type\":\"ListItem\",\"position\":2,\"name\":\"Obra\u0107anje ambasadorke EU u Crnoj Gori Oane Kristine Pope\"}]},{\"@type\":\"WebSite\",\"@id\":\"https:\\\/\\\/www.evropskakuca.me\\\/me\\\/#website\",\"url\":\"https:\\\/\\\/www.evropskakuca.me\\\/me\\\/\",\"name\":\"Evropean house\",\"description\":\"\",\"publisher\":{\"@id\":\"https:\\\/\\\/www.evropskakuca.me\\\/me\\\/#organization\"},\"potentialAction\":[{\"@type\":\"SearchAction\",\"target\":{\"@type\":\"EntryPoint\",\"urlTemplate\":\"https:\\\/\\\/www.evropskakuca.me\\\/me\\\/?s={search_term_string}\"},\"query-input\":{\"@type\":\"PropertyValueSpecification\",\"valueRequired\":true,\"valueName\":\"search_term_string\"}}],\"inLanguage\":\"me-ME\"},{\"@type\":\"Organization\",\"@id\":\"https:\\\/\\\/www.evropskakuca.me\\\/me\\\/#organization\",\"name\":\"Evropean house\",\"url\":\"https:\\\/\\\/www.evropskakuca.me\\\/me\\\/\",\"logo\":{\"@type\":\"ImageObject\",\"inLanguage\":\"me-ME\",\"@id\":\"https:\\\/\\\/www.evropskakuca.me\\\/me\\\/#\\\/schema\\\/logo\\\/image\\\/\",\"url\":\"https:\\\/\\\/www.evropskakuca.me\\\/wp-content\\\/uploads\\\/2025\\\/01\\\/evropska-kuca-logo-1.png\",\"contentUrl\":\"https:\\\/\\\/www.evropskakuca.me\\\/wp-content\\\/uploads\\\/2025\\\/01\\\/evropska-kuca-logo-1.png\",\"width\":425,\"height\":312,\"caption\":\"Evropean house\"},\"image\":{\"@id\":\"https:\\\/\\\/www.evropskakuca.me\\\/me\\\/#\\\/schema\\\/logo\\\/image\\\/\"},\"sameAs\":[\"https:\\\/\\\/www.facebook.com\\\/evropska.kuca\",\"https:\\\/\\\/x.com\\\/evropska_kuca\",\"https:\\\/\\\/www.instagram.com\\\/evropska_kuca\"]},{\"@type\":\"Person\",\"@id\":\"https:\\\/\\\/www.evropskakuca.me\\\/me\\\/#\\\/schema\\\/person\\\/a1d0dcdaefe4a1cd1d60d200ea137ba4\",\"name\":\"mkajic\",\"image\":{\"@type\":\"ImageObject\",\"inLanguage\":\"me-ME\",\"@id\":\"https:\\\/\\\/secure.gravatar.com\\\/avatar\\\/731fa035cefab7316e6bafd1f25a93fb731a07de14e2d9923f8db4422628eabc?s=96&d=mm&r=g\",\"url\":\"https:\\\/\\\/secure.gravatar.com\\\/avatar\\\/731fa035cefab7316e6bafd1f25a93fb731a07de14e2d9923f8db4422628eabc?s=96&d=mm&r=g\",\"contentUrl\":\"https:\\\/\\\/secure.gravatar.com\\\/avatar\\\/731fa035cefab7316e6bafd1f25a93fb731a07de14e2d9923f8db4422628eabc?s=96&d=mm&r=g\",\"caption\":\"mkajic\"},\"sameAs\":[\"https:\\\/\\\/evropskakuca.me\"],\"url\":\"https:\\\/\\\/www.evropskakuca.me\\\/me\\\/author\\\/mkajic\\\/\"}]}<\/script>\n<!-- \/ Yoast SEO plugin. -->","yoast_head_json":{"title":"Obra\u0107anje ambasadorke EU u Crnoj Gori Oane Kristine Pope - Europe House","robots":{"index":"index","follow":"follow","max-snippet":"max-snippet:-1","max-image-preview":"max-image-preview:large","max-video-preview":"max-video-preview:-1"},"canonical":"https:\/\/www.evropskakuca.me\/me\/obracanje-ambasadorke-eu-u-crnoj-gori-oane-kristine-pope\/","og_locale":"en_US","og_type":"article","og_title":"Obra\u0107anje ambasadorke EU u Crnoj Gori Oane Kristine Pope - Europe House","og_description":"Obra\u0107anje ambasadorke EU u Crnoj Gori Oane Kristine Pope na prijemu povodom Dana Evrope Muzi\u010dki centar Crne Gore, Podgorica, 9. maj 2023. &nbsp; Dobro ve\u010de i dobrodo\u0161li! \u010cast mi je da vas sve pozdravim i da ve\u010deras zajedno proslavimo Dan Evrope. Iza nas je godina puna izazova. Generacija smo Evropljanki i Evropljana suo\u010dena sa najve\u0107im [&hellip;]","og_url":"https:\/\/www.evropskakuca.me\/me\/obracanje-ambasadorke-eu-u-crnoj-gori-oane-kristine-pope\/","og_site_name":"Europe House","article_publisher":"https:\/\/www.facebook.com\/evropska.kuca","article_published_time":"2023-05-11T12:30:55+00:00","og_image":[{"width":1280,"height":853,"url":"https:\/\/www.evropskakuca.me\/wp-content\/uploads\/2023\/05\/Oana-Cristina-Popa.jpg","type":"image\/jpeg"}],"author":"mkajic","twitter_card":"summary_large_image","twitter_creator":"@evropska_kuca","twitter_site":"@evropska_kuca","twitter_misc":{"Written by":"mkajic","Est. reading time":"2 minutes"},"schema":{"@context":"https:\/\/schema.org","@graph":[{"@type":"Article","@id":"https:\/\/www.evropskakuca.me\/me\/obracanje-ambasadorke-eu-u-crnoj-gori-oane-kristine-pope\/#article","isPartOf":{"@id":"https:\/\/www.evropskakuca.me\/me\/obracanje-ambasadorke-eu-u-crnoj-gori-oane-kristine-pope\/"},"author":{"name":"mkajic","@id":"https:\/\/www.evropskakuca.me\/me\/#\/schema\/person\/a1d0dcdaefe4a1cd1d60d200ea137ba4"},"headline":"Obra\u0107anje ambasadorke EU u Crnoj Gori Oane Kristine Pope","datePublished":"2023-05-11T12:30:55+00:00","mainEntityOfPage":{"@id":"https:\/\/www.evropskakuca.me\/me\/obracanje-ambasadorke-eu-u-crnoj-gori-oane-kristine-pope\/"},"wordCount":362,"publisher":{"@id":"https:\/\/www.evropskakuca.me\/me\/#organization"},"image":{"@id":"https:\/\/www.evropskakuca.me\/me\/obracanje-ambasadorke-eu-u-crnoj-gori-oane-kristine-pope\/#primaryimage"},"thumbnailUrl":"https:\/\/www.evropskakuca.me\/wp-content\/uploads\/2023\/05\/Oana-Cristina-Popa.jpg","articleSection":["Novosti"],"inLanguage":"me-ME"},{"@type":"WebPage","@id":"https:\/\/www.evropskakuca.me\/me\/obracanje-ambasadorke-eu-u-crnoj-gori-oane-kristine-pope\/","url":"https:\/\/www.evropskakuca.me\/me\/obracanje-ambasadorke-eu-u-crnoj-gori-oane-kristine-pope\/","name":"Obra\u0107anje ambasadorke EU u Crnoj Gori Oane Kristine Pope - Europe House","isPartOf":{"@id":"https:\/\/www.evropskakuca.me\/me\/#website"},"primaryImageOfPage":{"@id":"https:\/\/www.evropskakuca.me\/me\/obracanje-ambasadorke-eu-u-crnoj-gori-oane-kristine-pope\/#primaryimage"},"image":{"@id":"https:\/\/www.evropskakuca.me\/me\/obracanje-ambasadorke-eu-u-crnoj-gori-oane-kristine-pope\/#primaryimage"},"thumbnailUrl":"https:\/\/www.evropskakuca.me\/wp-content\/uploads\/2023\/05\/Oana-Cristina-Popa.jpg","datePublished":"2023-05-11T12:30:55+00:00","breadcrumb":{"@id":"https:\/\/www.evropskakuca.me\/me\/obracanje-ambasadorke-eu-u-crnoj-gori-oane-kristine-pope\/#breadcrumb"},"inLanguage":"me-ME","potentialAction":[{"@type":"ReadAction","target":["https:\/\/www.evropskakuca.me\/me\/obracanje-ambasadorke-eu-u-crnoj-gori-oane-kristine-pope\/"]}]},{"@type":"ImageObject","inLanguage":"me-ME","@id":"https:\/\/www.evropskakuca.me\/me\/obracanje-ambasadorke-eu-u-crnoj-gori-oane-kristine-pope\/#primaryimage","url":"https:\/\/www.evropskakuca.me\/wp-content\/uploads\/2023\/05\/Oana-Cristina-Popa.jpg","contentUrl":"https:\/\/www.evropskakuca.me\/wp-content\/uploads\/2023\/05\/Oana-Cristina-Popa.jpg","width":1280,"height":853},{"@type":"BreadcrumbList","@id":"https:\/\/www.evropskakuca.me\/me\/obracanje-ambasadorke-eu-u-crnoj-gori-oane-kristine-pope\/#breadcrumb","itemListElement":[{"@type":"ListItem","position":1,"name":"Home","item":"https:\/\/www.evropskakuca.me\/me\/"},{"@type":"ListItem","position":2,"name":"Obra\u0107anje ambasadorke EU u Crnoj Gori Oane Kristine Pope"}]},{"@type":"WebSite","@id":"https:\/\/www.evropskakuca.me\/me\/#website","url":"https:\/\/www.evropskakuca.me\/me\/","name":"Evropean house","description":"","publisher":{"@id":"https:\/\/www.evropskakuca.me\/me\/#organization"},"potentialAction":[{"@type":"SearchAction","target":{"@type":"EntryPoint","urlTemplate":"https:\/\/www.evropskakuca.me\/me\/?s={search_term_string}"},"query-input":{"@type":"PropertyValueSpecification","valueRequired":true,"valueName":"search_term_string"}}],"inLanguage":"me-ME"},{"@type":"Organization","@id":"https:\/\/www.evropskakuca.me\/me\/#organization","name":"Evropean house","url":"https:\/\/www.evropskakuca.me\/me\/","logo":{"@type":"ImageObject","inLanguage":"me-ME","@id":"https:\/\/www.evropskakuca.me\/me\/#\/schema\/logo\/image\/","url":"https:\/\/www.evropskakuca.me\/wp-content\/uploads\/2025\/01\/evropska-kuca-logo-1.png","contentUrl":"https:\/\/www.evropskakuca.me\/wp-content\/uploads\/2025\/01\/evropska-kuca-logo-1.png","width":425,"height":312,"caption":"Evropean house"},"image":{"@id":"https:\/\/www.evropskakuca.me\/me\/#\/schema\/logo\/image\/"},"sameAs":["https:\/\/www.facebook.com\/evropska.kuca","https:\/\/x.com\/evropska_kuca","https:\/\/www.instagram.com\/evropska_kuca"]},{"@type":"Person","@id":"https:\/\/www.evropskakuca.me\/me\/#\/schema\/person\/a1d0dcdaefe4a1cd1d60d200ea137ba4","name":"mkajic","image":{"@type":"ImageObject","inLanguage":"me-ME","@id":"https:\/\/secure.gravatar.com\/avatar\/731fa035cefab7316e6bafd1f25a93fb731a07de14e2d9923f8db4422628eabc?s=96&d=mm&r=g","url":"https:\/\/secure.gravatar.com\/avatar\/731fa035cefab7316e6bafd1f25a93fb731a07de14e2d9923f8db4422628eabc?s=96&d=mm&r=g","contentUrl":"https:\/\/secure.gravatar.com\/avatar\/731fa035cefab7316e6bafd1f25a93fb731a07de14e2d9923f8db4422628eabc?s=96&d=mm&r=g","caption":"mkajic"},"sameAs":["https:\/\/evropskakuca.me"],"url":"https:\/\/www.evropskakuca.me\/me\/author\/mkajic\/"}]}},"_links":{"self":[{"href":"https:\/\/www.evropskakuca.me\/me\/wp-json\/wp\/v2\/posts\/24913","targetHints":{"allow":["GET"]}}],"collection":[{"href":"https:\/\/www.evropskakuca.me\/me\/wp-json\/wp\/v2\/posts"}],"about":[{"href":"https:\/\/www.evropskakuca.me\/me\/wp-json\/wp\/v2\/types\/post"}],"author":[{"embeddable":true,"href":"https:\/\/www.evropskakuca.me\/me\/wp-json\/wp\/v2\/users\/1"}],"replies":[{"embeddable":true,"href":"https:\/\/www.evropskakuca.me\/me\/wp-json\/wp\/v2\/comments?post=24913"}],"version-history":[{"count":0,"href":"https:\/\/www.evropskakuca.me\/me\/wp-json\/wp\/v2\/posts\/24913\/revisions"}],"wp:featuredmedia":[{"embeddable":true,"href":"https:\/\/www.evropskakuca.me\/me\/wp-json\/wp\/v2\/media\/39087"}],"wp:attachment":[{"href":"https:\/\/www.evropskakuca.me\/me\/wp-json\/wp\/v2\/media?parent=24913"}],"wp:term":[{"taxonomy":"category","embeddable":true,"href":"https:\/\/www.evropskakuca.me\/me\/wp-json\/wp\/v2\/categories?post=24913"},{"taxonomy":"post_tag","embeddable":true,"href":"https:\/\/www.evropskakuca.me\/me\/wp-json\/wp\/v2\/tags?post=24913"}],"curies":[{"name":"wp","href":"https:\/\/api.w.org\/{rel}","templated":true}]}}