{"id":24870,"date":"2023-05-08T10:34:28","date_gmt":"2023-05-08T10:34:28","guid":{"rendered":"https:\/\/evropskakuca.me\/?p=24870"},"modified":"2023-05-08T10:34:28","modified_gmt":"2023-05-08T10:34:28","slug":"dan-evrope-obiljezen-u-baru","status":"publish","type":"post","link":"https:\/\/www.evropskakuca.me\/me\/dan-evrope-obiljezen-u-baru\/","title":{"rendered":"Dan Evrope obilje\u017een u Baru"},"content":{"rendered":"<p>\u201cJo\u0161 ne svi\u0107e rujna zora\u201d za nastradale u Srbiji<\/p>\n<p>Delegacija Evropske unije u Crnoj Gori u partnerstvu sa Op\u0161tinom Bar obilje\u017eila je Dan Evrope na barskoj promenadi gdje je postavljen cvjetni tepih i sajam ambasada zemalja \u010dlanica EU, kao i projekata koje finansiraju unija i Op\u0161tina Bar. Ceremonija otvaranja po\u010dela je minutom \u0107utnje za \u017ertve tragi\u010dnih doga\u0111anja u Srbiji. Na samom po\u010detku, u spomen sjenima nevino stradalih crnogorska operska diva Tamara Ra\u0111enovi\u0107 otpjevala je tradicionalnu crnogorsku numeru <a href=\"https:\/\/www.youtube.com\/watch?v=TGa76FhCf00\">&#8220;Jo\u0161 ne svi\u0107e rujna zora&#8221;<\/a>.<\/p>\n<p><iframe title=\"Tamara Ra\u0111enovi\u0107 - Jo\u0161 ne svi\u0107e rujna zora\" width=\"800\" height=\"450\" src=\"https:\/\/www.youtube.com\/embed\/TGa76FhCf00?feature=oembed\" frameborder=\"0\" allow=\"accelerometer; autoplay; clipboard-write; encrypted-media; gyroscope; picture-in-picture; web-share\" referrerpolicy=\"strict-origin-when-cross-origin\" allowfullscreen><\/iframe><\/p>\n<p>Nakon izvo\u0111enja himni Crne Gore i Evrope, otpjevanih bo\u017eanstvenim glasom crnogorske operske dive, ambasadorka Evropske unije u Crnoj Gori Oana Kristina Popa poru\u010dila je da je odluka da Bar bude doma\u0107in obilje\u017eavanja praznika ujedinjene Evrope donijeta zahvaljuju\u0107i \u010dinjenici da je rije\u010d o jedinstvenom i raznolikom mjestu koje spaja razli\u010dite kulture i okuplja zajednice, ba\u0161 kao i Evropska unija.<\/p>\n<p><img fetchpriority=\"high\" decoding=\"async\" class=\"alignnone size-large wp-image-24875\" src=\"https:\/\/evropskakuca.me\/wp-content\/uploads\/2023\/05\/Dan-Evrope-Bar-3-1024x683.jpg\" alt=\"\" width=\"1024\" height=\"683\" \/><\/p>\n<p>\u201eDrago mi je \u0161to smo se okupili ovdje u Baru\u00a0 da obilje\u017eimo Dan Evrope. Spremili smo Vam bogat program i razli\u010dite aktivnosti. Ali u svijetlu tragedije koja je pogodila Srbiju i zbog koje tuguje cio region, neke smo morali i odlo\u017eiti,&#8221; poru\u010dila je ambasadorka Popa.<\/p>\n<p>Navode\u0107i da je ceremonija u Baru zapo\u010deta otvaranjem cvjetnog tepiha ambasadorka se zahvalila barskoj privrednoj zajednici koja je podr\u017eala njegovu izradi i dodala da \u0107e 24 hiljade sadnica koje ga \u010dine biti potom zasa\u0111ene na gradskim zelenim povr\u0161inama. Podr\u0161ku u realizaciji cvjetnog tepiha pru\u017eila je TO Bar, kao i kompanije 2. decembar, Gold, Racc, Alegra krstarenja i Kalamper.<\/p>\n<p><img decoding=\"async\" class=\"alignnone size-large wp-image-24877\" src=\"https:\/\/evropskakuca.me\/wp-content\/uploads\/2023\/05\/Dan-Evrope-Bar-1024x683.jpg\" alt=\"\" width=\"1024\" height=\"683\" \/><\/p>\n<p>\u201ePoklanjanje cvije\u0107a je simbol prijateljstva, ljubavi i mira. To je na\u0161 znak prijateljstva gra\u0111anima Bara, simbol jedinstva izme\u0111u EU i Crne Gore i simbol prijateljstva koji \u0107e ostati u ovom gradu jo\u0161 mnogo mjeseci.&#8221; poru\u010dila je Popa<\/p>\n<p>Predsjednik Op\u0161tine Bar Du\u0161an Rai\u010devi\u0107 je, pozdravljaju\u0107i prisutne, istakao da se grad Bar danas upisuje na mapu evropskih metropola koje zajedno slave veliki praznik- Dan Evrope, kao simbol ujedinjenja gra\u0111ana, kultura i nacija ali i simbol trijumfa razuma, antifa\u0161izma, slobode i pravde koji su temelj Evrope ali i ovog grada i Crne Gore.<\/p>\n<p><img decoding=\"async\" class=\"alignnone size-large wp-image-24879\" src=\"https:\/\/evropskakuca.me\/wp-content\/uploads\/2023\/05\/Dan-Evrope-Bar-4-1024x683.jpg\" alt=\"\" width=\"1024\" height=\"683\" \/><\/p>\n<p>&#8220;Ujedinjeni u razli\u010ditosti&#8221;, parola je pod kojom se evropski kontinent ujedinio ovoga dana. To je re\u010denica koju mi ovdje u podno\u017eiju Rumije i Tu\u0111emila, odli\u010dno razumijemo i koju su\u0161tinski vjekovima \u017eivimo- \u017eivimo ujedinjeni u svojim razli\u010ditostima koje su na\u0161e najve\u0107e bogatstvo. Danas ovdje, na\u017ealost, ujedinjeni smo i u zajedni\u010dkoj boli, zbog tragedija koje su se desile u na\u0161em susjedstvu, u kojima su \u017eivote izgubili nedu\u017eni ljudi, i posebno tragi\u010dno djeca, zato \u017eelim i da se odavde sjetimo njihove \u017ertve i da im u ime Bara i njegovih ljudi odam po\u0161tu i vje\u010dni mir. &#8221; poru\u010dio je Rai\u010devi\u0107.<\/p>\n<p>Rai\u010devi\u0107 se zahvalio svima koji su svojim prisustvom i izlaganjem autenti\u010dnih proizvoda svojih dr\u017eava, donijeli dio svoje kulture i tradicije u Bar. On je istakao da je obilje\u017eavanje Dana Evrope u Baru prilika da \u201eokupljeni oko ideje zajedni\u0161tva, napretka i radosti, dodatno upoznamo jedni druge, da se me\u0111usobno bolje razumijemo i prihvatamo i da na ovaj na\u010din shvatimo koliko toga imamo zajedni\u010dkog \u0161to nas spaja i uvezuje kao Evropljane, a prije svega kao ljude.&#8221; Na EU sajmu u\u010destvovale su ambasade: Austrije, Bugarske, Hrvatske, \u010ce\u0161ke, Francuske, Njema\u010dke, Gr\u010dke, Ma\u0111arske, Italije, Poljske, Rumunije, Slova\u010dke, Slovenije\u00a0 i Kraljevine \u0160vedske u Crnoj Gori<\/p>\n<p>&nbsp;<\/p>\n<p>Aktivnosti osmi\u0161ljene oko EU sajma odr\u017eane su prema prethodno planiranom programu dok je koncert planiran za ve\u010dernje sate odlo\u017een i bi\u0107e odr\u017ean naredne subote, 13. maja u 20h.<\/p>\n","protected":false},"excerpt":{"rendered":"<p>\u201cJo\u0161 ne svi\u0107e rujna zora\u201d za nastradale u Srbiji Delegacija Evropske unije u Crnoj Gori u partnerstvu sa Op\u0161tinom Bar obilje\u017eila je Dan Evrope na barskoj promenadi gdje je postavljen cvjetni tepih i sajam ambasada zemalja \u010dlanica EU, kao i projekata koje finansiraju unija i Op\u0161tina Bar. Ceremonija otvaranja po\u010dela je minutom \u0107utnje za \u017ertve [&hellip;]<\/p>\n","protected":false},"author":1,"featured_media":39001,"comment_status":"closed","ping_status":"closed","sticky":false,"template":"","format":"standard","meta":{"_acf_changed":false,"footnotes":""},"categories":[],"tags":[],"class_list":["post-24870","post","type-post","status-publish","format-standard","has-post-thumbnail","hentry"],"acf":[],"yoast_head":"<!-- This site is optimized with the Yoast SEO plugin v27.3 - https:\/\/yoast.com\/product\/yoast-seo-wordpress\/ -->\n<title>Dan Evrope obilje\u017een u Baru - Europe House<\/title>\n<meta name=\"robots\" content=\"index, follow, max-snippet:-1, max-image-preview:large, max-video-preview:-1\" \/>\n<link rel=\"canonical\" href=\"https:\/\/www.evropskakuca.me\/me\/dan-evrope-obiljezen-u-baru\/\" \/>\n<meta property=\"og:locale\" content=\"en_US\" \/>\n<meta property=\"og:type\" content=\"article\" \/>\n<meta property=\"og:title\" content=\"Dan Evrope obilje\u017een u Baru - Europe House\" \/>\n<meta property=\"og:description\" content=\"\u201cJo\u0161 ne svi\u0107e rujna zora\u201d za nastradale u Srbiji Delegacija Evropske unije u Crnoj Gori u partnerstvu sa Op\u0161tinom Bar obilje\u017eila je Dan Evrope na barskoj promenadi gdje je postavljen cvjetni tepih i sajam ambasada zemalja \u010dlanica EU, kao i projekata koje finansiraju unija i Op\u0161tina Bar. Ceremonija otvaranja po\u010dela je minutom \u0107utnje za \u017ertve [&hellip;]\" \/>\n<meta property=\"og:url\" content=\"https:\/\/www.evropskakuca.me\/me\/dan-evrope-obiljezen-u-baru\/\" \/>\n<meta property=\"og:site_name\" content=\"Europe House\" \/>\n<meta property=\"article:publisher\" content=\"https:\/\/www.facebook.com\/evropska.kuca\" \/>\n<meta property=\"article:published_time\" content=\"2023-05-08T10:34:28+00:00\" \/>\n<meta property=\"og:image\" content=\"https:\/\/www.evropskakuca.me\/wp-content\/uploads\/2023\/05\/Dan-Evrope-Bar-1.jpg\" \/>\n\t<meta property=\"og:image:width\" content=\"1620\" \/>\n\t<meta property=\"og:image:height\" content=\"1080\" \/>\n\t<meta property=\"og:image:type\" content=\"image\/jpeg\" \/>\n<meta name=\"author\" content=\"mkajic\" \/>\n<meta name=\"twitter:card\" content=\"summary_large_image\" \/>\n<meta name=\"twitter:creator\" content=\"@evropska_kuca\" \/>\n<meta name=\"twitter:site\" content=\"@evropska_kuca\" \/>\n<meta name=\"twitter:label1\" content=\"Written by\" \/>\n\t<meta name=\"twitter:data1\" content=\"mkajic\" \/>\n\t<meta name=\"twitter:label2\" content=\"Est. reading time\" \/>\n\t<meta name=\"twitter:data2\" content=\"4 minutes\" \/>\n<script type=\"application\/ld+json\" class=\"yoast-schema-graph\">{\"@context\":\"https:\\\/\\\/schema.org\",\"@graph\":[{\"@type\":\"Article\",\"@id\":\"https:\\\/\\\/www.evropskakuca.me\\\/me\\\/dan-evrope-obiljezen-u-baru\\\/#article\",\"isPartOf\":{\"@id\":\"https:\\\/\\\/www.evropskakuca.me\\\/me\\\/dan-evrope-obiljezen-u-baru\\\/\"},\"author\":{\"name\":\"mkajic\",\"@id\":\"https:\\\/\\\/www.evropskakuca.me\\\/me\\\/#\\\/schema\\\/person\\\/a1d0dcdaefe4a1cd1d60d200ea137ba4\"},\"headline\":\"Dan Evrope obilje\u017een u Baru\",\"datePublished\":\"2023-05-08T10:34:28+00:00\",\"mainEntityOfPage\":{\"@id\":\"https:\\\/\\\/www.evropskakuca.me\\\/me\\\/dan-evrope-obiljezen-u-baru\\\/\"},\"wordCount\":646,\"publisher\":{\"@id\":\"https:\\\/\\\/www.evropskakuca.me\\\/me\\\/#organization\"},\"image\":{\"@id\":\"https:\\\/\\\/www.evropskakuca.me\\\/me\\\/dan-evrope-obiljezen-u-baru\\\/#primaryimage\"},\"thumbnailUrl\":\"https:\\\/\\\/www.evropskakuca.me\\\/wp-content\\\/uploads\\\/2023\\\/05\\\/Dan-Evrope-Bar-1.jpg\",\"inLanguage\":\"me-ME\"},{\"@type\":\"WebPage\",\"@id\":\"https:\\\/\\\/www.evropskakuca.me\\\/me\\\/dan-evrope-obiljezen-u-baru\\\/\",\"url\":\"https:\\\/\\\/www.evropskakuca.me\\\/me\\\/dan-evrope-obiljezen-u-baru\\\/\",\"name\":\"Dan Evrope obilje\u017een u Baru - Europe House\",\"isPartOf\":{\"@id\":\"https:\\\/\\\/www.evropskakuca.me\\\/me\\\/#website\"},\"primaryImageOfPage\":{\"@id\":\"https:\\\/\\\/www.evropskakuca.me\\\/me\\\/dan-evrope-obiljezen-u-baru\\\/#primaryimage\"},\"image\":{\"@id\":\"https:\\\/\\\/www.evropskakuca.me\\\/me\\\/dan-evrope-obiljezen-u-baru\\\/#primaryimage\"},\"thumbnailUrl\":\"https:\\\/\\\/www.evropskakuca.me\\\/wp-content\\\/uploads\\\/2023\\\/05\\\/Dan-Evrope-Bar-1.jpg\",\"datePublished\":\"2023-05-08T10:34:28+00:00\",\"breadcrumb\":{\"@id\":\"https:\\\/\\\/www.evropskakuca.me\\\/me\\\/dan-evrope-obiljezen-u-baru\\\/#breadcrumb\"},\"inLanguage\":\"me-ME\",\"potentialAction\":[{\"@type\":\"ReadAction\",\"target\":[\"https:\\\/\\\/www.evropskakuca.me\\\/me\\\/dan-evrope-obiljezen-u-baru\\\/\"]}]},{\"@type\":\"ImageObject\",\"inLanguage\":\"me-ME\",\"@id\":\"https:\\\/\\\/www.evropskakuca.me\\\/me\\\/dan-evrope-obiljezen-u-baru\\\/#primaryimage\",\"url\":\"https:\\\/\\\/www.evropskakuca.me\\\/wp-content\\\/uploads\\\/2023\\\/05\\\/Dan-Evrope-Bar-1.jpg\",\"contentUrl\":\"https:\\\/\\\/www.evropskakuca.me\\\/wp-content\\\/uploads\\\/2023\\\/05\\\/Dan-Evrope-Bar-1.jpg\",\"width\":1620,\"height\":1080},{\"@type\":\"BreadcrumbList\",\"@id\":\"https:\\\/\\\/www.evropskakuca.me\\\/me\\\/dan-evrope-obiljezen-u-baru\\\/#breadcrumb\",\"itemListElement\":[{\"@type\":\"ListItem\",\"position\":1,\"name\":\"Home\",\"item\":\"https:\\\/\\\/www.evropskakuca.me\\\/me\\\/\"},{\"@type\":\"ListItem\",\"position\":2,\"name\":\"Dan Evrope obilje\u017een u Baru\"}]},{\"@type\":\"WebSite\",\"@id\":\"https:\\\/\\\/www.evropskakuca.me\\\/me\\\/#website\",\"url\":\"https:\\\/\\\/www.evropskakuca.me\\\/me\\\/\",\"name\":\"Evropean house\",\"description\":\"\",\"publisher\":{\"@id\":\"https:\\\/\\\/www.evropskakuca.me\\\/me\\\/#organization\"},\"potentialAction\":[{\"@type\":\"SearchAction\",\"target\":{\"@type\":\"EntryPoint\",\"urlTemplate\":\"https:\\\/\\\/www.evropskakuca.me\\\/me\\\/?s={search_term_string}\"},\"query-input\":{\"@type\":\"PropertyValueSpecification\",\"valueRequired\":true,\"valueName\":\"search_term_string\"}}],\"inLanguage\":\"me-ME\"},{\"@type\":\"Organization\",\"@id\":\"https:\\\/\\\/www.evropskakuca.me\\\/me\\\/#organization\",\"name\":\"Evropean house\",\"url\":\"https:\\\/\\\/www.evropskakuca.me\\\/me\\\/\",\"logo\":{\"@type\":\"ImageObject\",\"inLanguage\":\"me-ME\",\"@id\":\"https:\\\/\\\/www.evropskakuca.me\\\/me\\\/#\\\/schema\\\/logo\\\/image\\\/\",\"url\":\"https:\\\/\\\/www.evropskakuca.me\\\/wp-content\\\/uploads\\\/2025\\\/01\\\/evropska-kuca-logo-1.png\",\"contentUrl\":\"https:\\\/\\\/www.evropskakuca.me\\\/wp-content\\\/uploads\\\/2025\\\/01\\\/evropska-kuca-logo-1.png\",\"width\":425,\"height\":312,\"caption\":\"Evropean house\"},\"image\":{\"@id\":\"https:\\\/\\\/www.evropskakuca.me\\\/me\\\/#\\\/schema\\\/logo\\\/image\\\/\"},\"sameAs\":[\"https:\\\/\\\/www.facebook.com\\\/evropska.kuca\",\"https:\\\/\\\/x.com\\\/evropska_kuca\",\"https:\\\/\\\/www.instagram.com\\\/evropska_kuca\"]},{\"@type\":\"Person\",\"@id\":\"https:\\\/\\\/www.evropskakuca.me\\\/me\\\/#\\\/schema\\\/person\\\/a1d0dcdaefe4a1cd1d60d200ea137ba4\",\"name\":\"mkajic\",\"image\":{\"@type\":\"ImageObject\",\"inLanguage\":\"me-ME\",\"@id\":\"https:\\\/\\\/secure.gravatar.com\\\/avatar\\\/731fa035cefab7316e6bafd1f25a93fb731a07de14e2d9923f8db4422628eabc?s=96&d=mm&r=g\",\"url\":\"https:\\\/\\\/secure.gravatar.com\\\/avatar\\\/731fa035cefab7316e6bafd1f25a93fb731a07de14e2d9923f8db4422628eabc?s=96&d=mm&r=g\",\"contentUrl\":\"https:\\\/\\\/secure.gravatar.com\\\/avatar\\\/731fa035cefab7316e6bafd1f25a93fb731a07de14e2d9923f8db4422628eabc?s=96&d=mm&r=g\",\"caption\":\"mkajic\"},\"sameAs\":[\"https:\\\/\\\/evropskakuca.me\"],\"url\":\"https:\\\/\\\/www.evropskakuca.me\\\/me\\\/author\\\/mkajic\\\/\"}]}<\/script>\n<!-- \/ Yoast SEO plugin. -->","yoast_head_json":{"title":"Dan Evrope obilje\u017een u Baru - Europe House","robots":{"index":"index","follow":"follow","max-snippet":"max-snippet:-1","max-image-preview":"max-image-preview:large","max-video-preview":"max-video-preview:-1"},"canonical":"https:\/\/www.evropskakuca.me\/me\/dan-evrope-obiljezen-u-baru\/","og_locale":"en_US","og_type":"article","og_title":"Dan Evrope obilje\u017een u Baru - Europe House","og_description":"\u201cJo\u0161 ne svi\u0107e rujna zora\u201d za nastradale u Srbiji Delegacija Evropske unije u Crnoj Gori u partnerstvu sa Op\u0161tinom Bar obilje\u017eila je Dan Evrope na barskoj promenadi gdje je postavljen cvjetni tepih i sajam ambasada zemalja \u010dlanica EU, kao i projekata koje finansiraju unija i Op\u0161tina Bar. Ceremonija otvaranja po\u010dela je minutom \u0107utnje za \u017ertve [&hellip;]","og_url":"https:\/\/www.evropskakuca.me\/me\/dan-evrope-obiljezen-u-baru\/","og_site_name":"Europe House","article_publisher":"https:\/\/www.facebook.com\/evropska.kuca","article_published_time":"2023-05-08T10:34:28+00:00","og_image":[{"width":1620,"height":1080,"url":"https:\/\/www.evropskakuca.me\/wp-content\/uploads\/2023\/05\/Dan-Evrope-Bar-1.jpg","type":"image\/jpeg"}],"author":"mkajic","twitter_card":"summary_large_image","twitter_creator":"@evropska_kuca","twitter_site":"@evropska_kuca","twitter_misc":{"Written by":"mkajic","Est. reading time":"4 minutes"},"schema":{"@context":"https:\/\/schema.org","@graph":[{"@type":"Article","@id":"https:\/\/www.evropskakuca.me\/me\/dan-evrope-obiljezen-u-baru\/#article","isPartOf":{"@id":"https:\/\/www.evropskakuca.me\/me\/dan-evrope-obiljezen-u-baru\/"},"author":{"name":"mkajic","@id":"https:\/\/www.evropskakuca.me\/me\/#\/schema\/person\/a1d0dcdaefe4a1cd1d60d200ea137ba4"},"headline":"Dan Evrope obilje\u017een u Baru","datePublished":"2023-05-08T10:34:28+00:00","mainEntityOfPage":{"@id":"https:\/\/www.evropskakuca.me\/me\/dan-evrope-obiljezen-u-baru\/"},"wordCount":646,"publisher":{"@id":"https:\/\/www.evropskakuca.me\/me\/#organization"},"image":{"@id":"https:\/\/www.evropskakuca.me\/me\/dan-evrope-obiljezen-u-baru\/#primaryimage"},"thumbnailUrl":"https:\/\/www.evropskakuca.me\/wp-content\/uploads\/2023\/05\/Dan-Evrope-Bar-1.jpg","inLanguage":"me-ME"},{"@type":"WebPage","@id":"https:\/\/www.evropskakuca.me\/me\/dan-evrope-obiljezen-u-baru\/","url":"https:\/\/www.evropskakuca.me\/me\/dan-evrope-obiljezen-u-baru\/","name":"Dan Evrope obilje\u017een u Baru - Europe House","isPartOf":{"@id":"https:\/\/www.evropskakuca.me\/me\/#website"},"primaryImageOfPage":{"@id":"https:\/\/www.evropskakuca.me\/me\/dan-evrope-obiljezen-u-baru\/#primaryimage"},"image":{"@id":"https:\/\/www.evropskakuca.me\/me\/dan-evrope-obiljezen-u-baru\/#primaryimage"},"thumbnailUrl":"https:\/\/www.evropskakuca.me\/wp-content\/uploads\/2023\/05\/Dan-Evrope-Bar-1.jpg","datePublished":"2023-05-08T10:34:28+00:00","breadcrumb":{"@id":"https:\/\/www.evropskakuca.me\/me\/dan-evrope-obiljezen-u-baru\/#breadcrumb"},"inLanguage":"me-ME","potentialAction":[{"@type":"ReadAction","target":["https:\/\/www.evropskakuca.me\/me\/dan-evrope-obiljezen-u-baru\/"]}]},{"@type":"ImageObject","inLanguage":"me-ME","@id":"https:\/\/www.evropskakuca.me\/me\/dan-evrope-obiljezen-u-baru\/#primaryimage","url":"https:\/\/www.evropskakuca.me\/wp-content\/uploads\/2023\/05\/Dan-Evrope-Bar-1.jpg","contentUrl":"https:\/\/www.evropskakuca.me\/wp-content\/uploads\/2023\/05\/Dan-Evrope-Bar-1.jpg","width":1620,"height":1080},{"@type":"BreadcrumbList","@id":"https:\/\/www.evropskakuca.me\/me\/dan-evrope-obiljezen-u-baru\/#breadcrumb","itemListElement":[{"@type":"ListItem","position":1,"name":"Home","item":"https:\/\/www.evropskakuca.me\/me\/"},{"@type":"ListItem","position":2,"name":"Dan Evrope obilje\u017een u Baru"}]},{"@type":"WebSite","@id":"https:\/\/www.evropskakuca.me\/me\/#website","url":"https:\/\/www.evropskakuca.me\/me\/","name":"Evropean house","description":"","publisher":{"@id":"https:\/\/www.evropskakuca.me\/me\/#organization"},"potentialAction":[{"@type":"SearchAction","target":{"@type":"EntryPoint","urlTemplate":"https:\/\/www.evropskakuca.me\/me\/?s={search_term_string}"},"query-input":{"@type":"PropertyValueSpecification","valueRequired":true,"valueName":"search_term_string"}}],"inLanguage":"me-ME"},{"@type":"Organization","@id":"https:\/\/www.evropskakuca.me\/me\/#organization","name":"Evropean house","url":"https:\/\/www.evropskakuca.me\/me\/","logo":{"@type":"ImageObject","inLanguage":"me-ME","@id":"https:\/\/www.evropskakuca.me\/me\/#\/schema\/logo\/image\/","url":"https:\/\/www.evropskakuca.me\/wp-content\/uploads\/2025\/01\/evropska-kuca-logo-1.png","contentUrl":"https:\/\/www.evropskakuca.me\/wp-content\/uploads\/2025\/01\/evropska-kuca-logo-1.png","width":425,"height":312,"caption":"Evropean house"},"image":{"@id":"https:\/\/www.evropskakuca.me\/me\/#\/schema\/logo\/image\/"},"sameAs":["https:\/\/www.facebook.com\/evropska.kuca","https:\/\/x.com\/evropska_kuca","https:\/\/www.instagram.com\/evropska_kuca"]},{"@type":"Person","@id":"https:\/\/www.evropskakuca.me\/me\/#\/schema\/person\/a1d0dcdaefe4a1cd1d60d200ea137ba4","name":"mkajic","image":{"@type":"ImageObject","inLanguage":"me-ME","@id":"https:\/\/secure.gravatar.com\/avatar\/731fa035cefab7316e6bafd1f25a93fb731a07de14e2d9923f8db4422628eabc?s=96&d=mm&r=g","url":"https:\/\/secure.gravatar.com\/avatar\/731fa035cefab7316e6bafd1f25a93fb731a07de14e2d9923f8db4422628eabc?s=96&d=mm&r=g","contentUrl":"https:\/\/secure.gravatar.com\/avatar\/731fa035cefab7316e6bafd1f25a93fb731a07de14e2d9923f8db4422628eabc?s=96&d=mm&r=g","caption":"mkajic"},"sameAs":["https:\/\/evropskakuca.me"],"url":"https:\/\/www.evropskakuca.me\/me\/author\/mkajic\/"}]}},"_links":{"self":[{"href":"https:\/\/www.evropskakuca.me\/me\/wp-json\/wp\/v2\/posts\/24870","targetHints":{"allow":["GET"]}}],"collection":[{"href":"https:\/\/www.evropskakuca.me\/me\/wp-json\/wp\/v2\/posts"}],"about":[{"href":"https:\/\/www.evropskakuca.me\/me\/wp-json\/wp\/v2\/types\/post"}],"author":[{"embeddable":true,"href":"https:\/\/www.evropskakuca.me\/me\/wp-json\/wp\/v2\/users\/1"}],"replies":[{"embeddable":true,"href":"https:\/\/www.evropskakuca.me\/me\/wp-json\/wp\/v2\/comments?post=24870"}],"version-history":[{"count":0,"href":"https:\/\/www.evropskakuca.me\/me\/wp-json\/wp\/v2\/posts\/24870\/revisions"}],"wp:featuredmedia":[{"embeddable":true,"href":"https:\/\/www.evropskakuca.me\/me\/wp-json\/wp\/v2\/media\/39001"}],"wp:attachment":[{"href":"https:\/\/www.evropskakuca.me\/me\/wp-json\/wp\/v2\/media?parent=24870"}],"wp:term":[{"taxonomy":"category","embeddable":true,"href":"https:\/\/www.evropskakuca.me\/me\/wp-json\/wp\/v2\/categories?post=24870"},{"taxonomy":"post_tag","embeddable":true,"href":"https:\/\/www.evropskakuca.me\/me\/wp-json\/wp\/v2\/tags?post=24870"}],"curies":[{"name":"wp","href":"https:\/\/api.w.org\/{rel}","templated":true}]}}