{"id":24774,"date":"2023-05-03T11:54:43","date_gmt":"2023-05-03T11:54:43","guid":{"rendered":"https:\/\/evropskakuca.me\/?p=24774"},"modified":"2023-05-03T11:54:43","modified_gmt":"2023-05-03T11:54:43","slug":"cek-odrzana-radionica-o-digitalnim-vjestinama-na-medunarodni-dan-djevojcica-u-ict","status":"publish","type":"post","link":"https:\/\/www.evropskakuca.me\/me\/cek-odrzana-radionica-o-digitalnim-vjestinama-na-medunarodni-dan-djevojcica-u-ict\/","title":{"rendered":"\u010cek: Odr\u017eana radionica o digitalnim vje\u0161tinama na Me\u0111unarodni dan djevoj\u010dica u ICT"},"content":{"rendered":"<p>Svaki superheroj ima pri\u010du o porijeklu njegovih super vje\u0161tina. Ni Sofija \u0106erani\u0107 se ne razlikuje od drugih. Mlada roboti\u010darka Sofije \u0106erani\u0107, u\u010denica devetog razreda O\u0160 Pavle Rovinski ima svoju pri\u010du o tom kako djevoj\u010dice postaju superheroji.<\/p>\n<p>Prvo se upi\u0161e\u0161 na kurs robotike, sa svojim drugarima i drugaricama bude\u0161 vi\u0161estruki prvak dr\u017eave u roborici, predstavi\u0161 svoju zemlju na svjetskom takmi\u010denju First Open Lego League koje je 2019. godine odr\u017eano u Libanu. Bude\u0161 kreativan, radan i obrazovan. I postane\u0161 superheroj.<\/p>\n\n<p>Ba\u0161 kao i Dunja Markovi\u0107, polaznica \u0161kole programiranja koja, iako osnovac, uveliko pliva vodama ICT-a. I Sofija i Dunja i sve druge pametne djevoj\u010dice primjer su svijetu da informaciono-komunikacione tehnologije i STEM oblasti ne pripadaju samo mu\u0161karcima.<\/p>\n<p>&nbsp;<\/p>\n<p>Zbog njih i sa njima, Me\u0111unarodni dan djevoj\u010dica u ICT-u Evropska ku\u0107a obilje\u017eila je radionicom o digitalnim vje\u0161tinama. U\u010denici osnovnih \u0161kola: Oktoih, Pavle Rovinski, Milorad-Musa Burzan, upoznali su se sa razli\u010ditim tipovima programiranja, njihovim prednostima i manama.<\/p>\n<p><img fetchpriority=\"high\" decoding=\"async\" class=\"alignnone size-large wp-image-24785\" src=\"https:\/\/evropskakuca.me\/wp-content\/uploads\/2023\/05\/pgsunset-16-1024x683.jpg\" alt=\"\" width=\"1024\" height=\"683\" \/><\/p>\n<p>U\u010dilo se o elementima blokovskog,, standardnog i objektno-orijentisanog programiranja. Predstavljena je i jedna vrlo jednostavna aplikacija koja se koristi za pravljenje aplikacija za mobilne telefone.<\/p>\n<p><img decoding=\"async\" class=\"alignnone size-large wp-image-24783\" src=\"https:\/\/evropskakuca.me\/wp-content\/uploads\/2023\/05\/pgsunset-29-1024x683.jpg\" alt=\"\" width=\"1024\" height=\"683\" \/><\/p>\n<p>\u201cRazbili su se stereotipi koji postoje u vezi programiranja. Cilj ove radionice bio je da se djeca upoznaju sa tim gdje su \u017eene bile na po\u010detku razvijanja programiranja, elektronike i robotike.Sa druge strane cilj radionice bio \u00a0je i da oslobodimo djecu od drugih predrasuda kao \u0161to je na primjer predrasuda da je preduslov za dobro programiranje, dobro poznavanje matematike\u201d<\/p>\n<p><img decoding=\"async\" class=\"alignnone size-large wp-image-24787\" src=\"https:\/\/evropskakuca.me\/wp-content\/uploads\/2023\/05\/pgsunset-17-1024x683.jpg\" alt=\"\" width=\"1024\" height=\"683\" \/><\/p>\n<p>kazala je Ivana Ivanovi\u0107, profesorica matematike i informatike koja je odr\u017eala radionicu.<\/p>\n<p>\u010cEK radionica odr\u017eana je u skladu sa evropskom godinom vje\u0161tina.<\/p>\n<h2>Evropska godina vje\u0161tina, za\u0161to?<\/h2>\n<p>Radna snaga koja posjeduje deficitarne vje\u0161tine i znanja doprinosi odr\u017eivom razvoju, dovodi do novih inovacija, i pove\u0107ava konkurentnost kompanija. Radnik koji posjeduje vje\u0161tine i znanja ima bolju priliku za zaposlenje i \u0161ire mogu\u0107nosti za punu uklju\u010denost u dru\u0161tvo. To je klju\u010d koji osigurava da ekonomski oporavak, ali i zelena i digitalna tranzicija budu po\u0161teni i pravedni.<\/p>\n<p>Evropska godina vje\u0161tina stavlja vje\u0161tine u centar pa\u017enje. Poma\u017ee ljudima da\u00a0 steknu odgovaraju\u0107e sposobnosti za kvalitetne poslove i poma\u017ee kompanijama, naro\u010dito malim i srednjim preduze\u0107ima da se posvete nedostatku vje\u0161tina. Ova godina u Evropskoj uniji posve\u0107ena je rje\u0161avanju problema nedostatka vje\u0161tina.<\/p>\n<p>Kako? \u00a0Spajanjem organizacija i ljudi kako bi me\u0111usobno podijelili iskustva i zapa\u017eanja bi\u0107e istaknute mogu\u0107nosti za razvoj vje\u0161tina i aktivnosti u cijeloj Europi, podsticati \u0107e se lak\u0161e prekograni\u010dno <a class=\"ecl-link\" href=\"https:\/\/europa.eu\/europass\/en\/recognition-skills-and-qualifications\">priznavanje kvalifikacija<\/a>, te \u0107e se objasniti na koji na\u010din inicijative i financijske mogu\u0107nosti EU-a mogu pomo\u0107i u tom procesu.<\/p>\n<p>Doga\u0111aji i kampanje kojima se podi\u017ee svijest bi\u0107e organizovane \u0161irom Evropske unije.<\/p>\n<p>Uklju\u010di se! Inspiri\u0161i se! Obu\u010di se!<\/p>\n<p><a class=\"ecl-link ecl-link--standalone ecl-link--icon ecl-link--icon-after ecl-featured-item__link\" href=\"https:\/\/year-of-skills.europa.eu\/news\/commission-welcomes-political-agreement-european-year-skills-2023-03-07_en\"><span class=\"ecl-link__label\">Saznaj vi\u0161e<\/span><\/a><\/p>\n","protected":false},"excerpt":{"rendered":"<p>Svaki superheroj ima pri\u010du o porijeklu njegovih super vje\u0161tina. Ni Sofija \u0106erani\u0107 se ne razlikuje od drugih. Mlada roboti\u010darka Sofije \u0106erani\u0107, u\u010denica devetog razreda O\u0160 Pavle Rovinski ima svoju pri\u010du o tom kako djevoj\u010dice postaju superheroji. Prvo se upi\u0161e\u0161 na kurs robotike, sa svojim drugarima i drugaricama bude\u0161 vi\u0161estruki prvak dr\u017eave u roborici, predstavi\u0161 svoju [&hellip;]<\/p>\n","protected":false},"author":1,"featured_media":39149,"comment_status":"closed","ping_status":"closed","sticky":false,"template":"","format":"standard","meta":{"_acf_changed":false,"footnotes":""},"categories":[],"tags":[],"class_list":["post-24774","post","type-post","status-publish","format-standard","has-post-thumbnail","hentry"],"acf":[],"yoast_head":"<!-- This site is optimized with the Yoast SEO plugin v27.3 - https:\/\/yoast.com\/product\/yoast-seo-wordpress\/ -->\n<title>\u010cek: Odr\u017eana radionica o digitalnim vje\u0161tinama na Me\u0111unarodni dan djevoj\u010dica u ICT - Europe House<\/title>\n<meta name=\"robots\" content=\"index, follow, max-snippet:-1, max-image-preview:large, max-video-preview:-1\" \/>\n<link rel=\"canonical\" href=\"https:\/\/www.evropskakuca.me\/me\/cek-odrzana-radionica-o-digitalnim-vjestinama-na-medunarodni-dan-djevojcica-u-ict\/\" \/>\n<meta property=\"og:locale\" content=\"en_US\" \/>\n<meta property=\"og:type\" content=\"article\" \/>\n<meta property=\"og:title\" content=\"\u010cek: Odr\u017eana radionica o digitalnim vje\u0161tinama na Me\u0111unarodni dan djevoj\u010dica u ICT - Europe House\" \/>\n<meta property=\"og:description\" content=\"Svaki superheroj ima pri\u010du o porijeklu njegovih super vje\u0161tina. Ni Sofija \u0106erani\u0107 se ne razlikuje od drugih. Mlada roboti\u010darka Sofije \u0106erani\u0107, u\u010denica devetog razreda O\u0160 Pavle Rovinski ima svoju pri\u010du o tom kako djevoj\u010dice postaju superheroji. Prvo se upi\u0161e\u0161 na kurs robotike, sa svojim drugarima i drugaricama bude\u0161 vi\u0161estruki prvak dr\u017eave u roborici, predstavi\u0161 svoju [&hellip;]\" \/>\n<meta property=\"og:url\" content=\"https:\/\/www.evropskakuca.me\/me\/cek-odrzana-radionica-o-digitalnim-vjestinama-na-medunarodni-dan-djevojcica-u-ict\/\" \/>\n<meta property=\"og:site_name\" content=\"Europe House\" \/>\n<meta property=\"article:publisher\" content=\"https:\/\/www.facebook.com\/evropska.kuca\" \/>\n<meta property=\"article:published_time\" content=\"2023-05-03T11:54:43+00:00\" \/>\n<meta property=\"og:image\" content=\"https:\/\/www.evropskakuca.me\/wp-content\/uploads\/2023\/05\/pgsunset-21-1024x683.jpg\" \/>\n\t<meta property=\"og:image:width\" content=\"1024\" \/>\n\t<meta property=\"og:image:height\" content=\"683\" \/>\n\t<meta property=\"og:image:type\" content=\"image\/jpeg\" \/>\n<meta name=\"author\" content=\"mkajic\" \/>\n<meta name=\"twitter:card\" content=\"summary_large_image\" \/>\n<meta name=\"twitter:creator\" content=\"@evropska_kuca\" \/>\n<meta name=\"twitter:site\" content=\"@evropska_kuca\" \/>\n<meta name=\"twitter:label1\" content=\"Written by\" \/>\n\t<meta name=\"twitter:data1\" content=\"mkajic\" \/>\n\t<meta name=\"twitter:label2\" content=\"Est. reading time\" \/>\n\t<meta name=\"twitter:data2\" content=\"3 minutes\" \/>\n<script type=\"application\/ld+json\" class=\"yoast-schema-graph\">{\"@context\":\"https:\\\/\\\/schema.org\",\"@graph\":[{\"@type\":\"Article\",\"@id\":\"https:\\\/\\\/www.evropskakuca.me\\\/me\\\/cek-odrzana-radionica-o-digitalnim-vjestinama-na-medunarodni-dan-djevojcica-u-ict\\\/#article\",\"isPartOf\":{\"@id\":\"https:\\\/\\\/www.evropskakuca.me\\\/me\\\/cek-odrzana-radionica-o-digitalnim-vjestinama-na-medunarodni-dan-djevojcica-u-ict\\\/\"},\"author\":{\"name\":\"mkajic\",\"@id\":\"https:\\\/\\\/www.evropskakuca.me\\\/me\\\/#\\\/schema\\\/person\\\/a1d0dcdaefe4a1cd1d60d200ea137ba4\"},\"headline\":\"\u010cek: Odr\u017eana radionica o digitalnim vje\u0161tinama na Me\u0111unarodni dan djevoj\u010dica u ICT\",\"datePublished\":\"2023-05-03T11:54:43+00:00\",\"mainEntityOfPage\":{\"@id\":\"https:\\\/\\\/www.evropskakuca.me\\\/me\\\/cek-odrzana-radionica-o-digitalnim-vjestinama-na-medunarodni-dan-djevojcica-u-ict\\\/\"},\"wordCount\":511,\"publisher\":{\"@id\":\"https:\\\/\\\/www.evropskakuca.me\\\/me\\\/#organization\"},\"image\":{\"@id\":\"https:\\\/\\\/www.evropskakuca.me\\\/me\\\/cek-odrzana-radionica-o-digitalnim-vjestinama-na-medunarodni-dan-djevojcica-u-ict\\\/#primaryimage\"},\"thumbnailUrl\":\"https:\\\/\\\/www.evropskakuca.me\\\/wp-content\\\/uploads\\\/2023\\\/05\\\/pgsunset-21.jpg\",\"inLanguage\":\"me-ME\"},{\"@type\":\"WebPage\",\"@id\":\"https:\\\/\\\/www.evropskakuca.me\\\/me\\\/cek-odrzana-radionica-o-digitalnim-vjestinama-na-medunarodni-dan-djevojcica-u-ict\\\/\",\"url\":\"https:\\\/\\\/www.evropskakuca.me\\\/me\\\/cek-odrzana-radionica-o-digitalnim-vjestinama-na-medunarodni-dan-djevojcica-u-ict\\\/\",\"name\":\"\u010cek: Odr\u017eana radionica o digitalnim vje\u0161tinama na Me\u0111unarodni dan djevoj\u010dica u ICT - Europe House\",\"isPartOf\":{\"@id\":\"https:\\\/\\\/www.evropskakuca.me\\\/me\\\/#website\"},\"primaryImageOfPage\":{\"@id\":\"https:\\\/\\\/www.evropskakuca.me\\\/me\\\/cek-odrzana-radionica-o-digitalnim-vjestinama-na-medunarodni-dan-djevojcica-u-ict\\\/#primaryimage\"},\"image\":{\"@id\":\"https:\\\/\\\/www.evropskakuca.me\\\/me\\\/cek-odrzana-radionica-o-digitalnim-vjestinama-na-medunarodni-dan-djevojcica-u-ict\\\/#primaryimage\"},\"thumbnailUrl\":\"https:\\\/\\\/www.evropskakuca.me\\\/wp-content\\\/uploads\\\/2023\\\/05\\\/pgsunset-21.jpg\",\"datePublished\":\"2023-05-03T11:54:43+00:00\",\"breadcrumb\":{\"@id\":\"https:\\\/\\\/www.evropskakuca.me\\\/me\\\/cek-odrzana-radionica-o-digitalnim-vjestinama-na-medunarodni-dan-djevojcica-u-ict\\\/#breadcrumb\"},\"inLanguage\":\"me-ME\",\"potentialAction\":[{\"@type\":\"ReadAction\",\"target\":[\"https:\\\/\\\/www.evropskakuca.me\\\/me\\\/cek-odrzana-radionica-o-digitalnim-vjestinama-na-medunarodni-dan-djevojcica-u-ict\\\/\"]}]},{\"@type\":\"ImageObject\",\"inLanguage\":\"me-ME\",\"@id\":\"https:\\\/\\\/www.evropskakuca.me\\\/me\\\/cek-odrzana-radionica-o-digitalnim-vjestinama-na-medunarodni-dan-djevojcica-u-ict\\\/#primaryimage\",\"url\":\"https:\\\/\\\/www.evropskakuca.me\\\/wp-content\\\/uploads\\\/2023\\\/05\\\/pgsunset-21.jpg\",\"contentUrl\":\"https:\\\/\\\/www.evropskakuca.me\\\/wp-content\\\/uploads\\\/2023\\\/05\\\/pgsunset-21.jpg\",\"width\":2500,\"height\":1667},{\"@type\":\"BreadcrumbList\",\"@id\":\"https:\\\/\\\/www.evropskakuca.me\\\/me\\\/cek-odrzana-radionica-o-digitalnim-vjestinama-na-medunarodni-dan-djevojcica-u-ict\\\/#breadcrumb\",\"itemListElement\":[{\"@type\":\"ListItem\",\"position\":1,\"name\":\"Home\",\"item\":\"https:\\\/\\\/www.evropskakuca.me\\\/me\\\/\"},{\"@type\":\"ListItem\",\"position\":2,\"name\":\"\u010cek: Odr\u017eana radionica o digitalnim vje\u0161tinama na Me\u0111unarodni dan djevoj\u010dica u ICT\"}]},{\"@type\":\"WebSite\",\"@id\":\"https:\\\/\\\/www.evropskakuca.me\\\/me\\\/#website\",\"url\":\"https:\\\/\\\/www.evropskakuca.me\\\/me\\\/\",\"name\":\"Evropean house\",\"description\":\"\",\"publisher\":{\"@id\":\"https:\\\/\\\/www.evropskakuca.me\\\/me\\\/#organization\"},\"potentialAction\":[{\"@type\":\"SearchAction\",\"target\":{\"@type\":\"EntryPoint\",\"urlTemplate\":\"https:\\\/\\\/www.evropskakuca.me\\\/me\\\/?s={search_term_string}\"},\"query-input\":{\"@type\":\"PropertyValueSpecification\",\"valueRequired\":true,\"valueName\":\"search_term_string\"}}],\"inLanguage\":\"me-ME\"},{\"@type\":\"Organization\",\"@id\":\"https:\\\/\\\/www.evropskakuca.me\\\/me\\\/#organization\",\"name\":\"Evropean house\",\"url\":\"https:\\\/\\\/www.evropskakuca.me\\\/me\\\/\",\"logo\":{\"@type\":\"ImageObject\",\"inLanguage\":\"me-ME\",\"@id\":\"https:\\\/\\\/www.evropskakuca.me\\\/me\\\/#\\\/schema\\\/logo\\\/image\\\/\",\"url\":\"https:\\\/\\\/www.evropskakuca.me\\\/wp-content\\\/uploads\\\/2025\\\/01\\\/evropska-kuca-logo-1.png\",\"contentUrl\":\"https:\\\/\\\/www.evropskakuca.me\\\/wp-content\\\/uploads\\\/2025\\\/01\\\/evropska-kuca-logo-1.png\",\"width\":425,\"height\":312,\"caption\":\"Evropean house\"},\"image\":{\"@id\":\"https:\\\/\\\/www.evropskakuca.me\\\/me\\\/#\\\/schema\\\/logo\\\/image\\\/\"},\"sameAs\":[\"https:\\\/\\\/www.facebook.com\\\/evropska.kuca\",\"https:\\\/\\\/x.com\\\/evropska_kuca\",\"https:\\\/\\\/www.instagram.com\\\/evropska_kuca\"]},{\"@type\":\"Person\",\"@id\":\"https:\\\/\\\/www.evropskakuca.me\\\/me\\\/#\\\/schema\\\/person\\\/a1d0dcdaefe4a1cd1d60d200ea137ba4\",\"name\":\"mkajic\",\"image\":{\"@type\":\"ImageObject\",\"inLanguage\":\"me-ME\",\"@id\":\"https:\\\/\\\/secure.gravatar.com\\\/avatar\\\/731fa035cefab7316e6bafd1f25a93fb731a07de14e2d9923f8db4422628eabc?s=96&d=mm&r=g\",\"url\":\"https:\\\/\\\/secure.gravatar.com\\\/avatar\\\/731fa035cefab7316e6bafd1f25a93fb731a07de14e2d9923f8db4422628eabc?s=96&d=mm&r=g\",\"contentUrl\":\"https:\\\/\\\/secure.gravatar.com\\\/avatar\\\/731fa035cefab7316e6bafd1f25a93fb731a07de14e2d9923f8db4422628eabc?s=96&d=mm&r=g\",\"caption\":\"mkajic\"},\"sameAs\":[\"https:\\\/\\\/evropskakuca.me\"],\"url\":\"https:\\\/\\\/www.evropskakuca.me\\\/me\\\/author\\\/mkajic\\\/\"}]}<\/script>\n<!-- \/ Yoast SEO plugin. -->","yoast_head_json":{"title":"\u010cek: Odr\u017eana radionica o digitalnim vje\u0161tinama na Me\u0111unarodni dan djevoj\u010dica u ICT - Europe House","robots":{"index":"index","follow":"follow","max-snippet":"max-snippet:-1","max-image-preview":"max-image-preview:large","max-video-preview":"max-video-preview:-1"},"canonical":"https:\/\/www.evropskakuca.me\/me\/cek-odrzana-radionica-o-digitalnim-vjestinama-na-medunarodni-dan-djevojcica-u-ict\/","og_locale":"en_US","og_type":"article","og_title":"\u010cek: Odr\u017eana radionica o digitalnim vje\u0161tinama na Me\u0111unarodni dan djevoj\u010dica u ICT - Europe House","og_description":"Svaki superheroj ima pri\u010du o porijeklu njegovih super vje\u0161tina. Ni Sofija \u0106erani\u0107 se ne razlikuje od drugih. Mlada roboti\u010darka Sofije \u0106erani\u0107, u\u010denica devetog razreda O\u0160 Pavle Rovinski ima svoju pri\u010du o tom kako djevoj\u010dice postaju superheroji. Prvo se upi\u0161e\u0161 na kurs robotike, sa svojim drugarima i drugaricama bude\u0161 vi\u0161estruki prvak dr\u017eave u roborici, predstavi\u0161 svoju [&hellip;]","og_url":"https:\/\/www.evropskakuca.me\/me\/cek-odrzana-radionica-o-digitalnim-vjestinama-na-medunarodni-dan-djevojcica-u-ict\/","og_site_name":"Europe House","article_publisher":"https:\/\/www.facebook.com\/evropska.kuca","article_published_time":"2023-05-03T11:54:43+00:00","og_image":[{"width":1024,"height":683,"url":"https:\/\/www.evropskakuca.me\/wp-content\/uploads\/2023\/05\/pgsunset-21-1024x683.jpg","type":"image\/jpeg"}],"author":"mkajic","twitter_card":"summary_large_image","twitter_creator":"@evropska_kuca","twitter_site":"@evropska_kuca","twitter_misc":{"Written by":"mkajic","Est. reading time":"3 minutes"},"schema":{"@context":"https:\/\/schema.org","@graph":[{"@type":"Article","@id":"https:\/\/www.evropskakuca.me\/me\/cek-odrzana-radionica-o-digitalnim-vjestinama-na-medunarodni-dan-djevojcica-u-ict\/#article","isPartOf":{"@id":"https:\/\/www.evropskakuca.me\/me\/cek-odrzana-radionica-o-digitalnim-vjestinama-na-medunarodni-dan-djevojcica-u-ict\/"},"author":{"name":"mkajic","@id":"https:\/\/www.evropskakuca.me\/me\/#\/schema\/person\/a1d0dcdaefe4a1cd1d60d200ea137ba4"},"headline":"\u010cek: Odr\u017eana radionica o digitalnim vje\u0161tinama na Me\u0111unarodni dan djevoj\u010dica u ICT","datePublished":"2023-05-03T11:54:43+00:00","mainEntityOfPage":{"@id":"https:\/\/www.evropskakuca.me\/me\/cek-odrzana-radionica-o-digitalnim-vjestinama-na-medunarodni-dan-djevojcica-u-ict\/"},"wordCount":511,"publisher":{"@id":"https:\/\/www.evropskakuca.me\/me\/#organization"},"image":{"@id":"https:\/\/www.evropskakuca.me\/me\/cek-odrzana-radionica-o-digitalnim-vjestinama-na-medunarodni-dan-djevojcica-u-ict\/#primaryimage"},"thumbnailUrl":"https:\/\/www.evropskakuca.me\/wp-content\/uploads\/2023\/05\/pgsunset-21.jpg","inLanguage":"me-ME"},{"@type":"WebPage","@id":"https:\/\/www.evropskakuca.me\/me\/cek-odrzana-radionica-o-digitalnim-vjestinama-na-medunarodni-dan-djevojcica-u-ict\/","url":"https:\/\/www.evropskakuca.me\/me\/cek-odrzana-radionica-o-digitalnim-vjestinama-na-medunarodni-dan-djevojcica-u-ict\/","name":"\u010cek: Odr\u017eana radionica o digitalnim vje\u0161tinama na Me\u0111unarodni dan djevoj\u010dica u ICT - Europe House","isPartOf":{"@id":"https:\/\/www.evropskakuca.me\/me\/#website"},"primaryImageOfPage":{"@id":"https:\/\/www.evropskakuca.me\/me\/cek-odrzana-radionica-o-digitalnim-vjestinama-na-medunarodni-dan-djevojcica-u-ict\/#primaryimage"},"image":{"@id":"https:\/\/www.evropskakuca.me\/me\/cek-odrzana-radionica-o-digitalnim-vjestinama-na-medunarodni-dan-djevojcica-u-ict\/#primaryimage"},"thumbnailUrl":"https:\/\/www.evropskakuca.me\/wp-content\/uploads\/2023\/05\/pgsunset-21.jpg","datePublished":"2023-05-03T11:54:43+00:00","breadcrumb":{"@id":"https:\/\/www.evropskakuca.me\/me\/cek-odrzana-radionica-o-digitalnim-vjestinama-na-medunarodni-dan-djevojcica-u-ict\/#breadcrumb"},"inLanguage":"me-ME","potentialAction":[{"@type":"ReadAction","target":["https:\/\/www.evropskakuca.me\/me\/cek-odrzana-radionica-o-digitalnim-vjestinama-na-medunarodni-dan-djevojcica-u-ict\/"]}]},{"@type":"ImageObject","inLanguage":"me-ME","@id":"https:\/\/www.evropskakuca.me\/me\/cek-odrzana-radionica-o-digitalnim-vjestinama-na-medunarodni-dan-djevojcica-u-ict\/#primaryimage","url":"https:\/\/www.evropskakuca.me\/wp-content\/uploads\/2023\/05\/pgsunset-21.jpg","contentUrl":"https:\/\/www.evropskakuca.me\/wp-content\/uploads\/2023\/05\/pgsunset-21.jpg","width":2500,"height":1667},{"@type":"BreadcrumbList","@id":"https:\/\/www.evropskakuca.me\/me\/cek-odrzana-radionica-o-digitalnim-vjestinama-na-medunarodni-dan-djevojcica-u-ict\/#breadcrumb","itemListElement":[{"@type":"ListItem","position":1,"name":"Home","item":"https:\/\/www.evropskakuca.me\/me\/"},{"@type":"ListItem","position":2,"name":"\u010cek: Odr\u017eana radionica o digitalnim vje\u0161tinama na Me\u0111unarodni dan djevoj\u010dica u ICT"}]},{"@type":"WebSite","@id":"https:\/\/www.evropskakuca.me\/me\/#website","url":"https:\/\/www.evropskakuca.me\/me\/","name":"Evropean house","description":"","publisher":{"@id":"https:\/\/www.evropskakuca.me\/me\/#organization"},"potentialAction":[{"@type":"SearchAction","target":{"@type":"EntryPoint","urlTemplate":"https:\/\/www.evropskakuca.me\/me\/?s={search_term_string}"},"query-input":{"@type":"PropertyValueSpecification","valueRequired":true,"valueName":"search_term_string"}}],"inLanguage":"me-ME"},{"@type":"Organization","@id":"https:\/\/www.evropskakuca.me\/me\/#organization","name":"Evropean house","url":"https:\/\/www.evropskakuca.me\/me\/","logo":{"@type":"ImageObject","inLanguage":"me-ME","@id":"https:\/\/www.evropskakuca.me\/me\/#\/schema\/logo\/image\/","url":"https:\/\/www.evropskakuca.me\/wp-content\/uploads\/2025\/01\/evropska-kuca-logo-1.png","contentUrl":"https:\/\/www.evropskakuca.me\/wp-content\/uploads\/2025\/01\/evropska-kuca-logo-1.png","width":425,"height":312,"caption":"Evropean house"},"image":{"@id":"https:\/\/www.evropskakuca.me\/me\/#\/schema\/logo\/image\/"},"sameAs":["https:\/\/www.facebook.com\/evropska.kuca","https:\/\/x.com\/evropska_kuca","https:\/\/www.instagram.com\/evropska_kuca"]},{"@type":"Person","@id":"https:\/\/www.evropskakuca.me\/me\/#\/schema\/person\/a1d0dcdaefe4a1cd1d60d200ea137ba4","name":"mkajic","image":{"@type":"ImageObject","inLanguage":"me-ME","@id":"https:\/\/secure.gravatar.com\/avatar\/731fa035cefab7316e6bafd1f25a93fb731a07de14e2d9923f8db4422628eabc?s=96&d=mm&r=g","url":"https:\/\/secure.gravatar.com\/avatar\/731fa035cefab7316e6bafd1f25a93fb731a07de14e2d9923f8db4422628eabc?s=96&d=mm&r=g","contentUrl":"https:\/\/secure.gravatar.com\/avatar\/731fa035cefab7316e6bafd1f25a93fb731a07de14e2d9923f8db4422628eabc?s=96&d=mm&r=g","caption":"mkajic"},"sameAs":["https:\/\/evropskakuca.me"],"url":"https:\/\/www.evropskakuca.me\/me\/author\/mkajic\/"}]}},"_links":{"self":[{"href":"https:\/\/www.evropskakuca.me\/me\/wp-json\/wp\/v2\/posts\/24774","targetHints":{"allow":["GET"]}}],"collection":[{"href":"https:\/\/www.evropskakuca.me\/me\/wp-json\/wp\/v2\/posts"}],"about":[{"href":"https:\/\/www.evropskakuca.me\/me\/wp-json\/wp\/v2\/types\/post"}],"author":[{"embeddable":true,"href":"https:\/\/www.evropskakuca.me\/me\/wp-json\/wp\/v2\/users\/1"}],"replies":[{"embeddable":true,"href":"https:\/\/www.evropskakuca.me\/me\/wp-json\/wp\/v2\/comments?post=24774"}],"version-history":[{"count":0,"href":"https:\/\/www.evropskakuca.me\/me\/wp-json\/wp\/v2\/posts\/24774\/revisions"}],"wp:featuredmedia":[{"embeddable":true,"href":"https:\/\/www.evropskakuca.me\/me\/wp-json\/wp\/v2\/media\/39149"}],"wp:attachment":[{"href":"https:\/\/www.evropskakuca.me\/me\/wp-json\/wp\/v2\/media?parent=24774"}],"wp:term":[{"taxonomy":"category","embeddable":true,"href":"https:\/\/www.evropskakuca.me\/me\/wp-json\/wp\/v2\/categories?post=24774"},{"taxonomy":"post_tag","embeddable":true,"href":"https:\/\/www.evropskakuca.me\/me\/wp-json\/wp\/v2\/tags?post=24774"}],"curies":[{"name":"wp","href":"https:\/\/api.w.org\/{rel}","templated":true}]}}