{"id":24768,"date":"2023-05-03T10:58:16","date_gmt":"2023-05-03T10:58:16","guid":{"rendered":"https:\/\/evropskakuca.me\/?p=24768"},"modified":"2023-05-03T10:58:16","modified_gmt":"2023-05-03T10:58:16","slug":"24768","status":"publish","type":"post","link":"https:\/\/www.evropskakuca.me\/me\/24768\/","title":{"rendered":"Novi javni poziv za podr\u0161ku poljoprivrednicima kroz IPARD program Evropske unije"},"content":{"rendered":"<p>Ministarstvo poljoprivrede, \u0161umarstva i vodoprivrede organizovalo je danas u Evropskoj ku\u0107i konferenciju povodom objave V Javnog poziva Programa Evropske unije za poljoprivredu i ruralni razvoj IPARD II za Mjeru 1 \u201eInvesticije u fizi\u010dki kapital poljoprivrednih gazdinstava\u201c.<\/p>\n<p>Potpredsjednik Vlade i ministar poljoprivrede, \u0161umarstva i vodoprivrede, gospodin Vladimir Jokovi\u0107 naglasio je zna\u010daj IPARD programa za crnogorske poljoprivrednike \u201e<em>Potencijali poljoprivredne proizvodnje u Crnoj Gori su veliki, ali ipak jo\u0161 uvijek nijesu u potpunosti iskori\u0161\u0107eni. U tom cilju Crna Gora mora biti spremna da iskoristi sve mogu\u0107e mehanizme kako bi unaprijedila crnogorsku poljoprivredu. Jedan od tih mehanizama je IPARD program koji predstavlja dio integracionog procesa i koji slu\u017ei da osna\u017ei crnogorsku poljoprivredu, kao i na\u0161u administraciju, i pripremi nas za trenutak pristupanja Evropskoj uniji, kada \u0107emo biti u prilici i da neposredno primjenjujemo Zajedni\u010dku poljoprivrednu politiku<\/em>\u201c.<\/p>\n<p>Crnogorski poljoprivrednici kao i institucije veliku podr\u0161ku imaju u evropskim partnerima. \u0160ef pretpristupne jedinice za susjedstvo, pro\u0161irenje i pretpristupnu pomo\u0107 Evropske komisije, gospodin Frank Bollen, koji je na konferenciji govorio putem online platforme isti\u010du\u0107i koliko su zapravo tehnologije napredovale kada se i direktno obra\u0107a udaljen 1500 km, dodatno je ukazao na zna\u010daj IPARD programa \u201e<em>IPARD grantovi su odli\u010dna prilika da unaprijedite svoj poljoprivredni sektor, i da Crna Gora postane samoodr\u017eiva u pogledu hrane, energije i ekonomskog razvoja. Istovremeno, IPARD program poma\u017ee u o\u010duvanju \u017eivotne sredine i primjeni novih digitalnih rje\u0161enja. Ako postoji sektor u Crnoj Gori koji mo\u017ee dati mnogo vi\u0161e i bolje u budu\u0107nosti, to je poljoprivreda. I zato vam Evropska unija stavlja na raspolaganje ovu finansijsku podr\u0161ku. Zajedno sa nacionalnim vlastima \u017eelimo da podr\u017eimo poljoprivredne proizvo\u0111a\u010de i njihove agro biznise sa jasnom vizijom i planovima.\u201c<\/em><\/p>\n<p><img fetchpriority=\"high\" decoding=\"async\" class=\"alignnone size-large wp-image-24767\" src=\"https:\/\/evropskakuca.me\/wp-content\/uploads\/2023\/05\/342356649_597279119062061_253938321024865325_n-1024x576.jpg\" alt=\"\" width=\"1024\" height=\"576\" \/><\/p>\n<p>Svoje iskustvo kao korisnik sredstava podr\u0161ke IPARD programa predstavio je gospodin Sreten Batrovi\u0107, proizvo\u0111a\u010d povr\u0107a i ratarskih kultura iz Zete, koji je podr\u0161ku ostvario u okviru III javnog poziva kroz Mjeru 1 za nabavku potrebne opreme. Gospodin Batrovi\u0107 je iskoristio priliku da pozove poljoprivredne proizvo\u0111a\u010de da se prijave na javni poziv \u201c<em>Tokom apliciranja zna\u010dajnu podr\u0161ku su mi pru\u017eili zaposleni u Ministarstvu i savjetodavnim slu\u017ebama, dokumentacija jeste obimnija, ali mislim da je podr\u0161ka koja se mo\u017ee ostvariti mnogo vrijednija. Ja sam unaprijedio i olak\u0161ao sebi rad na gazdinstvu pa pozivam i sve zainteresovane poljoprivrednike da se prijave i ostvare dostupnu podr\u0161ku<\/em>.\u201d<\/p>\n<p>Javni poziv kroz Mjeru 1 bi\u0107e objavljen <strong>15. maja 2023. godine<\/strong>. Ova mjera namjenjena je podr\u0161ci primarnoj proizvodnji i ima za cilj unapre\u0111enje poljoprivrednih gazdinstava, podizanje nivoa konkurentnosti i potpuno uskla\u0111ivanje sa EU standardima, a podr\u017eavaju se investicije u slede\u0107im sektorima poljoprivredne proizvodnje: mljekarstvo, govedarstvo, ov\u010darstvo i kozarstvo, svinjarstvo, \u017eivinarstvo, vo\u0107arstvo, povrtarstvo, ratarstvo, uzgoj gljiva i pe\u010duraka, uzgoj aromati\u010dnog i ljekovitog bilja, vinogradarstvo, maslinarstvo, p\u010delarstvo, ribarstvo i akvakultura. Podr\u017eavaju se investicije \u010diji prihvatljivi tro\u0161kovi iznose od 10.000 do 500.000\u20ac, a iznos podr\u0161ke je od 60% do 70% od ukupno prihvatljivih tro\u0161kova po projektu. Podr\u017eava se isklju\u010divo nabavka mehanizacije i potrebne opreme.<\/p>\n<p>Ministar Jokovi\u0107 podsjetio je da je ovo jedanaesti javni poziv od po\u010detka implementacije IPARD II programa u Crnoj Gori, a peti javni poziv koji se objavljuje za podr\u0161ku sektoru primarne proizvodnje. \u201e<em>Kroz 4, do sada objavljena javna poziva za Mjeru 1 ugovoreno je ukupno 475 projekata, sa vrijedno\u0161\u0107u investicija od oko 42,93 miliona eura, odnosno o\u010dekivanom podr\u0161kom od oko 23,6 miliona eura. Do sada, ispla\u0107en je 298 projekata i podr\u0161kom u ukupnom iznosu od 11,7 miliona eura.\u201c<\/em><\/p>\n<p>Istaknuto je da po\u010dinje i intenzivna promotivna kampanja, te da \u0107e se radionice za zainteresovane strane odr\u017eati u svim crnogorskim op\u0161tinama, a da \u0107e raspored biti postavljen na IPARD sajtu. Odmah nakon ove konferencije u zgradi Stare Vlade odr\u017ea\u0107e se prezentacija za konsultantske ku\u0107e i zaposlene u savjetodavnim slu\u017ebama, kako bi i oni sami mogli da doprinesu daljem \u0161irenju informacija, a sve u cilju da \u0161to ve\u0107i broj poljoprivrednika prepozna zna\u010daj i prijavi se za ostvarenje dostupne podr\u0161ke.<\/p>\n<p>Na kraju, ministar Jokovi\u0107 je pozvao sve zainteresovane da se prijave na javni poziv i uzmu u\u010de\u0161\u0107e na radionicama. Istakao je da \u0107e tokom trajanja javnog poziva u Direktoratu za pla\u0107anja biti organizovani dani \u201eotvorenih vrata\u201c, gdje \u0107e svaki zainteresovani korisnik u direktnoj komunikaciji sa zaposlenima koji rade na realizaciji ovog javnog poziva rije\u0161iti sve svoje nedoumice.<\/p>\n<p>&nbsp;<\/p>\n","protected":false},"excerpt":{"rendered":"<p>Ministarstvo poljoprivrede, \u0161umarstva i vodoprivrede organizovalo je danas u Evropskoj ku\u0107i konferenciju povodom objave V Javnog poziva Programa Evropske unije za poljoprivredu i ruralni razvoj IPARD II za Mjeru 1 \u201eInvesticije u fizi\u010dki kapital poljoprivrednih gazdinstava\u201c. Potpredsjednik Vlade i ministar poljoprivrede, \u0161umarstva i vodoprivrede, gospodin Vladimir Jokovi\u0107 naglasio je zna\u010daj IPARD programa za crnogorske poljoprivrednike [&hellip;]<\/p>\n","protected":false},"author":1,"featured_media":38991,"comment_status":"closed","ping_status":"closed","sticky":false,"template":"","format":"standard","meta":{"_acf_changed":false,"footnotes":""},"categories":[],"tags":[],"class_list":["post-24768","post","type-post","status-publish","format-standard","has-post-thumbnail","hentry"],"acf":[],"yoast_head":"<!-- This site is optimized with the Yoast SEO plugin v27.3 - https:\/\/yoast.com\/product\/yoast-seo-wordpress\/ -->\n<title>Novi javni poziv za podr\u0161ku poljoprivrednicima kroz IPARD program Evropske unije - Europe House<\/title>\n<meta name=\"robots\" content=\"index, follow, max-snippet:-1, max-image-preview:large, max-video-preview:-1\" \/>\n<link rel=\"canonical\" href=\"https:\/\/www.evropskakuca.me\/me\/24768\/\" \/>\n<meta property=\"og:locale\" content=\"en_US\" \/>\n<meta property=\"og:type\" content=\"article\" \/>\n<meta property=\"og:title\" content=\"Novi javni poziv za podr\u0161ku poljoprivrednicima kroz IPARD program Evropske unije - Europe House\" \/>\n<meta property=\"og:description\" content=\"Ministarstvo poljoprivrede, \u0161umarstva i vodoprivrede organizovalo je danas u Evropskoj ku\u0107i konferenciju povodom objave V Javnog poziva Programa Evropske unije za poljoprivredu i ruralni razvoj IPARD II za Mjeru 1 \u201eInvesticije u fizi\u010dki kapital poljoprivrednih gazdinstava\u201c. Potpredsjednik Vlade i ministar poljoprivrede, \u0161umarstva i vodoprivrede, gospodin Vladimir Jokovi\u0107 naglasio je zna\u010daj IPARD programa za crnogorske poljoprivrednike [&hellip;]\" \/>\n<meta property=\"og:url\" content=\"https:\/\/www.evropskakuca.me\/me\/24768\/\" \/>\n<meta property=\"og:site_name\" content=\"Europe House\" \/>\n<meta property=\"article:publisher\" content=\"https:\/\/www.facebook.com\/evropska.kuca\" \/>\n<meta property=\"article:published_time\" content=\"2023-05-03T10:58:16+00:00\" \/>\n<meta property=\"og:image\" content=\"https:\/\/www.evropskakuca.me\/wp-content\/uploads\/2023\/05\/342331959_264467442701040_6859118515575608190_n.jpg\" \/>\n\t<meta property=\"og:image:width\" content=\"2048\" \/>\n\t<meta property=\"og:image:height\" content=\"1151\" \/>\n\t<meta property=\"og:image:type\" content=\"image\/jpeg\" \/>\n<meta name=\"author\" content=\"mkajic\" \/>\n<meta name=\"twitter:card\" content=\"summary_large_image\" \/>\n<meta name=\"twitter:creator\" content=\"@evropska_kuca\" \/>\n<meta name=\"twitter:site\" content=\"@evropska_kuca\" \/>\n<meta name=\"twitter:label1\" content=\"Written by\" \/>\n\t<meta name=\"twitter:data1\" content=\"mkajic\" \/>\n\t<meta name=\"twitter:label2\" content=\"Est. reading time\" \/>\n\t<meta name=\"twitter:data2\" content=\"4 minutes\" \/>\n<script type=\"application\/ld+json\" class=\"yoast-schema-graph\">{\"@context\":\"https:\\\/\\\/schema.org\",\"@graph\":[{\"@type\":\"Article\",\"@id\":\"https:\\\/\\\/www.evropskakuca.me\\\/me\\\/24768\\\/#article\",\"isPartOf\":{\"@id\":\"https:\\\/\\\/www.evropskakuca.me\\\/me\\\/24768\\\/\"},\"author\":{\"name\":\"mkajic\",\"@id\":\"https:\\\/\\\/www.evropskakuca.me\\\/me\\\/#\\\/schema\\\/person\\\/a1d0dcdaefe4a1cd1d60d200ea137ba4\"},\"headline\":\"Novi javni poziv za podr\u0161ku poljoprivrednicima kroz IPARD program Evropske unije\",\"datePublished\":\"2023-05-03T10:58:16+00:00\",\"mainEntityOfPage\":{\"@id\":\"https:\\\/\\\/www.evropskakuca.me\\\/me\\\/24768\\\/\"},\"wordCount\":757,\"publisher\":{\"@id\":\"https:\\\/\\\/www.evropskakuca.me\\\/me\\\/#organization\"},\"image\":{\"@id\":\"https:\\\/\\\/www.evropskakuca.me\\\/me\\\/24768\\\/#primaryimage\"},\"thumbnailUrl\":\"https:\\\/\\\/www.evropskakuca.me\\\/wp-content\\\/uploads\\\/2023\\\/05\\\/342331959_264467442701040_6859118515575608190_n.jpg\",\"inLanguage\":\"me-ME\"},{\"@type\":\"WebPage\",\"@id\":\"https:\\\/\\\/www.evropskakuca.me\\\/me\\\/24768\\\/\",\"url\":\"https:\\\/\\\/www.evropskakuca.me\\\/me\\\/24768\\\/\",\"name\":\"Novi javni poziv za podr\u0161ku poljoprivrednicima kroz IPARD program Evropske unije - Europe House\",\"isPartOf\":{\"@id\":\"https:\\\/\\\/www.evropskakuca.me\\\/me\\\/#website\"},\"primaryImageOfPage\":{\"@id\":\"https:\\\/\\\/www.evropskakuca.me\\\/me\\\/24768\\\/#primaryimage\"},\"image\":{\"@id\":\"https:\\\/\\\/www.evropskakuca.me\\\/me\\\/24768\\\/#primaryimage\"},\"thumbnailUrl\":\"https:\\\/\\\/www.evropskakuca.me\\\/wp-content\\\/uploads\\\/2023\\\/05\\\/342331959_264467442701040_6859118515575608190_n.jpg\",\"datePublished\":\"2023-05-03T10:58:16+00:00\",\"breadcrumb\":{\"@id\":\"https:\\\/\\\/www.evropskakuca.me\\\/me\\\/24768\\\/#breadcrumb\"},\"inLanguage\":\"me-ME\",\"potentialAction\":[{\"@type\":\"ReadAction\",\"target\":[\"https:\\\/\\\/www.evropskakuca.me\\\/me\\\/24768\\\/\"]}]},{\"@type\":\"ImageObject\",\"inLanguage\":\"me-ME\",\"@id\":\"https:\\\/\\\/www.evropskakuca.me\\\/me\\\/24768\\\/#primaryimage\",\"url\":\"https:\\\/\\\/www.evropskakuca.me\\\/wp-content\\\/uploads\\\/2023\\\/05\\\/342331959_264467442701040_6859118515575608190_n.jpg\",\"contentUrl\":\"https:\\\/\\\/www.evropskakuca.me\\\/wp-content\\\/uploads\\\/2023\\\/05\\\/342331959_264467442701040_6859118515575608190_n.jpg\",\"width\":2048,\"height\":1151},{\"@type\":\"BreadcrumbList\",\"@id\":\"https:\\\/\\\/www.evropskakuca.me\\\/me\\\/24768\\\/#breadcrumb\",\"itemListElement\":[{\"@type\":\"ListItem\",\"position\":1,\"name\":\"Home\",\"item\":\"https:\\\/\\\/www.evropskakuca.me\\\/me\\\/\"},{\"@type\":\"ListItem\",\"position\":2,\"name\":\"Novi javni poziv za podr\u0161ku poljoprivrednicima kroz IPARD program Evropske unije\"}]},{\"@type\":\"WebSite\",\"@id\":\"https:\\\/\\\/www.evropskakuca.me\\\/me\\\/#website\",\"url\":\"https:\\\/\\\/www.evropskakuca.me\\\/me\\\/\",\"name\":\"Evropean house\",\"description\":\"\",\"publisher\":{\"@id\":\"https:\\\/\\\/www.evropskakuca.me\\\/me\\\/#organization\"},\"potentialAction\":[{\"@type\":\"SearchAction\",\"target\":{\"@type\":\"EntryPoint\",\"urlTemplate\":\"https:\\\/\\\/www.evropskakuca.me\\\/me\\\/?s={search_term_string}\"},\"query-input\":{\"@type\":\"PropertyValueSpecification\",\"valueRequired\":true,\"valueName\":\"search_term_string\"}}],\"inLanguage\":\"me-ME\"},{\"@type\":\"Organization\",\"@id\":\"https:\\\/\\\/www.evropskakuca.me\\\/me\\\/#organization\",\"name\":\"Evropean house\",\"url\":\"https:\\\/\\\/www.evropskakuca.me\\\/me\\\/\",\"logo\":{\"@type\":\"ImageObject\",\"inLanguage\":\"me-ME\",\"@id\":\"https:\\\/\\\/www.evropskakuca.me\\\/me\\\/#\\\/schema\\\/logo\\\/image\\\/\",\"url\":\"https:\\\/\\\/www.evropskakuca.me\\\/wp-content\\\/uploads\\\/2025\\\/01\\\/evropska-kuca-logo-1.png\",\"contentUrl\":\"https:\\\/\\\/www.evropskakuca.me\\\/wp-content\\\/uploads\\\/2025\\\/01\\\/evropska-kuca-logo-1.png\",\"width\":425,\"height\":312,\"caption\":\"Evropean house\"},\"image\":{\"@id\":\"https:\\\/\\\/www.evropskakuca.me\\\/me\\\/#\\\/schema\\\/logo\\\/image\\\/\"},\"sameAs\":[\"https:\\\/\\\/www.facebook.com\\\/evropska.kuca\",\"https:\\\/\\\/x.com\\\/evropska_kuca\",\"https:\\\/\\\/www.instagram.com\\\/evropska_kuca\"]},{\"@type\":\"Person\",\"@id\":\"https:\\\/\\\/www.evropskakuca.me\\\/me\\\/#\\\/schema\\\/person\\\/a1d0dcdaefe4a1cd1d60d200ea137ba4\",\"name\":\"mkajic\",\"image\":{\"@type\":\"ImageObject\",\"inLanguage\":\"me-ME\",\"@id\":\"https:\\\/\\\/secure.gravatar.com\\\/avatar\\\/731fa035cefab7316e6bafd1f25a93fb731a07de14e2d9923f8db4422628eabc?s=96&d=mm&r=g\",\"url\":\"https:\\\/\\\/secure.gravatar.com\\\/avatar\\\/731fa035cefab7316e6bafd1f25a93fb731a07de14e2d9923f8db4422628eabc?s=96&d=mm&r=g\",\"contentUrl\":\"https:\\\/\\\/secure.gravatar.com\\\/avatar\\\/731fa035cefab7316e6bafd1f25a93fb731a07de14e2d9923f8db4422628eabc?s=96&d=mm&r=g\",\"caption\":\"mkajic\"},\"sameAs\":[\"https:\\\/\\\/evropskakuca.me\"],\"url\":\"https:\\\/\\\/www.evropskakuca.me\\\/me\\\/author\\\/mkajic\\\/\"}]}<\/script>\n<!-- \/ Yoast SEO plugin. -->","yoast_head_json":{"title":"Novi javni poziv za podr\u0161ku poljoprivrednicima kroz IPARD program Evropske unije - Europe House","robots":{"index":"index","follow":"follow","max-snippet":"max-snippet:-1","max-image-preview":"max-image-preview:large","max-video-preview":"max-video-preview:-1"},"canonical":"https:\/\/www.evropskakuca.me\/me\/24768\/","og_locale":"en_US","og_type":"article","og_title":"Novi javni poziv za podr\u0161ku poljoprivrednicima kroz IPARD program Evropske unije - Europe House","og_description":"Ministarstvo poljoprivrede, \u0161umarstva i vodoprivrede organizovalo je danas u Evropskoj ku\u0107i konferenciju povodom objave V Javnog poziva Programa Evropske unije za poljoprivredu i ruralni razvoj IPARD II za Mjeru 1 \u201eInvesticije u fizi\u010dki kapital poljoprivrednih gazdinstava\u201c. Potpredsjednik Vlade i ministar poljoprivrede, \u0161umarstva i vodoprivrede, gospodin Vladimir Jokovi\u0107 naglasio je zna\u010daj IPARD programa za crnogorske poljoprivrednike [&hellip;]","og_url":"https:\/\/www.evropskakuca.me\/me\/24768\/","og_site_name":"Europe House","article_publisher":"https:\/\/www.facebook.com\/evropska.kuca","article_published_time":"2023-05-03T10:58:16+00:00","og_image":[{"width":2048,"height":1151,"url":"https:\/\/www.evropskakuca.me\/wp-content\/uploads\/2023\/05\/342331959_264467442701040_6859118515575608190_n.jpg","type":"image\/jpeg"}],"author":"mkajic","twitter_card":"summary_large_image","twitter_creator":"@evropska_kuca","twitter_site":"@evropska_kuca","twitter_misc":{"Written by":"mkajic","Est. reading time":"4 minutes"},"schema":{"@context":"https:\/\/schema.org","@graph":[{"@type":"Article","@id":"https:\/\/www.evropskakuca.me\/me\/24768\/#article","isPartOf":{"@id":"https:\/\/www.evropskakuca.me\/me\/24768\/"},"author":{"name":"mkajic","@id":"https:\/\/www.evropskakuca.me\/me\/#\/schema\/person\/a1d0dcdaefe4a1cd1d60d200ea137ba4"},"headline":"Novi javni poziv za podr\u0161ku poljoprivrednicima kroz IPARD program Evropske unije","datePublished":"2023-05-03T10:58:16+00:00","mainEntityOfPage":{"@id":"https:\/\/www.evropskakuca.me\/me\/24768\/"},"wordCount":757,"publisher":{"@id":"https:\/\/www.evropskakuca.me\/me\/#organization"},"image":{"@id":"https:\/\/www.evropskakuca.me\/me\/24768\/#primaryimage"},"thumbnailUrl":"https:\/\/www.evropskakuca.me\/wp-content\/uploads\/2023\/05\/342331959_264467442701040_6859118515575608190_n.jpg","inLanguage":"me-ME"},{"@type":"WebPage","@id":"https:\/\/www.evropskakuca.me\/me\/24768\/","url":"https:\/\/www.evropskakuca.me\/me\/24768\/","name":"Novi javni poziv za podr\u0161ku poljoprivrednicima kroz IPARD program Evropske unije - Europe House","isPartOf":{"@id":"https:\/\/www.evropskakuca.me\/me\/#website"},"primaryImageOfPage":{"@id":"https:\/\/www.evropskakuca.me\/me\/24768\/#primaryimage"},"image":{"@id":"https:\/\/www.evropskakuca.me\/me\/24768\/#primaryimage"},"thumbnailUrl":"https:\/\/www.evropskakuca.me\/wp-content\/uploads\/2023\/05\/342331959_264467442701040_6859118515575608190_n.jpg","datePublished":"2023-05-03T10:58:16+00:00","breadcrumb":{"@id":"https:\/\/www.evropskakuca.me\/me\/24768\/#breadcrumb"},"inLanguage":"me-ME","potentialAction":[{"@type":"ReadAction","target":["https:\/\/www.evropskakuca.me\/me\/24768\/"]}]},{"@type":"ImageObject","inLanguage":"me-ME","@id":"https:\/\/www.evropskakuca.me\/me\/24768\/#primaryimage","url":"https:\/\/www.evropskakuca.me\/wp-content\/uploads\/2023\/05\/342331959_264467442701040_6859118515575608190_n.jpg","contentUrl":"https:\/\/www.evropskakuca.me\/wp-content\/uploads\/2023\/05\/342331959_264467442701040_6859118515575608190_n.jpg","width":2048,"height":1151},{"@type":"BreadcrumbList","@id":"https:\/\/www.evropskakuca.me\/me\/24768\/#breadcrumb","itemListElement":[{"@type":"ListItem","position":1,"name":"Home","item":"https:\/\/www.evropskakuca.me\/me\/"},{"@type":"ListItem","position":2,"name":"Novi javni poziv za podr\u0161ku poljoprivrednicima kroz IPARD program Evropske unije"}]},{"@type":"WebSite","@id":"https:\/\/www.evropskakuca.me\/me\/#website","url":"https:\/\/www.evropskakuca.me\/me\/","name":"Evropean house","description":"","publisher":{"@id":"https:\/\/www.evropskakuca.me\/me\/#organization"},"potentialAction":[{"@type":"SearchAction","target":{"@type":"EntryPoint","urlTemplate":"https:\/\/www.evropskakuca.me\/me\/?s={search_term_string}"},"query-input":{"@type":"PropertyValueSpecification","valueRequired":true,"valueName":"search_term_string"}}],"inLanguage":"me-ME"},{"@type":"Organization","@id":"https:\/\/www.evropskakuca.me\/me\/#organization","name":"Evropean house","url":"https:\/\/www.evropskakuca.me\/me\/","logo":{"@type":"ImageObject","inLanguage":"me-ME","@id":"https:\/\/www.evropskakuca.me\/me\/#\/schema\/logo\/image\/","url":"https:\/\/www.evropskakuca.me\/wp-content\/uploads\/2025\/01\/evropska-kuca-logo-1.png","contentUrl":"https:\/\/www.evropskakuca.me\/wp-content\/uploads\/2025\/01\/evropska-kuca-logo-1.png","width":425,"height":312,"caption":"Evropean house"},"image":{"@id":"https:\/\/www.evropskakuca.me\/me\/#\/schema\/logo\/image\/"},"sameAs":["https:\/\/www.facebook.com\/evropska.kuca","https:\/\/x.com\/evropska_kuca","https:\/\/www.instagram.com\/evropska_kuca"]},{"@type":"Person","@id":"https:\/\/www.evropskakuca.me\/me\/#\/schema\/person\/a1d0dcdaefe4a1cd1d60d200ea137ba4","name":"mkajic","image":{"@type":"ImageObject","inLanguage":"me-ME","@id":"https:\/\/secure.gravatar.com\/avatar\/731fa035cefab7316e6bafd1f25a93fb731a07de14e2d9923f8db4422628eabc?s=96&d=mm&r=g","url":"https:\/\/secure.gravatar.com\/avatar\/731fa035cefab7316e6bafd1f25a93fb731a07de14e2d9923f8db4422628eabc?s=96&d=mm&r=g","contentUrl":"https:\/\/secure.gravatar.com\/avatar\/731fa035cefab7316e6bafd1f25a93fb731a07de14e2d9923f8db4422628eabc?s=96&d=mm&r=g","caption":"mkajic"},"sameAs":["https:\/\/evropskakuca.me"],"url":"https:\/\/www.evropskakuca.me\/me\/author\/mkajic\/"}]}},"_links":{"self":[{"href":"https:\/\/www.evropskakuca.me\/me\/wp-json\/wp\/v2\/posts\/24768","targetHints":{"allow":["GET"]}}],"collection":[{"href":"https:\/\/www.evropskakuca.me\/me\/wp-json\/wp\/v2\/posts"}],"about":[{"href":"https:\/\/www.evropskakuca.me\/me\/wp-json\/wp\/v2\/types\/post"}],"author":[{"embeddable":true,"href":"https:\/\/www.evropskakuca.me\/me\/wp-json\/wp\/v2\/users\/1"}],"replies":[{"embeddable":true,"href":"https:\/\/www.evropskakuca.me\/me\/wp-json\/wp\/v2\/comments?post=24768"}],"version-history":[{"count":0,"href":"https:\/\/www.evropskakuca.me\/me\/wp-json\/wp\/v2\/posts\/24768\/revisions"}],"wp:featuredmedia":[{"embeddable":true,"href":"https:\/\/www.evropskakuca.me\/me\/wp-json\/wp\/v2\/media\/38991"}],"wp:attachment":[{"href":"https:\/\/www.evropskakuca.me\/me\/wp-json\/wp\/v2\/media?parent=24768"}],"wp:term":[{"taxonomy":"category","embeddable":true,"href":"https:\/\/www.evropskakuca.me\/me\/wp-json\/wp\/v2\/categories?post=24768"},{"taxonomy":"post_tag","embeddable":true,"href":"https:\/\/www.evropskakuca.me\/me\/wp-json\/wp\/v2\/tags?post=24768"}],"curies":[{"name":"wp","href":"https:\/\/api.w.org\/{rel}","templated":true}]}}