{"id":24745,"date":"2023-04-29T10:34:38","date_gmt":"2023-04-29T10:34:38","guid":{"rendered":"https:\/\/evropskakuca.me\/?p=24745"},"modified":"2025-01-21T10:44:14","modified_gmt":"2025-01-21T10:44:14","slug":"proslavimo-dan-evrope-zajedno-u-baru","status":"publish","type":"post","link":"https:\/\/www.evropskakuca.me\/me\/proslavimo-dan-evrope-zajedno-u-baru\/","title":{"rendered":"Proslavimo Dan Evrope zajedno u Baru"},"content":{"rendered":"<p><strong>Muzika, cvije\u0107e, EU sajam, virtuelna stvarnost uz obalu Jadrana<\/strong><\/p>\n<p>Ovogodi\u0161nja centralna proslava Dana Evrope, bi\u0107e organizovana u Baru 6. maja u partnerstvu Delegacije Evropske unije u Crnoj Gori i op\u0161tinskih vlasti. Proslava po\u010dinje u podne ceremonijom otvaranja cvjetnog tepiha koji \u0107e tradicionalno biti postavljen na \u0161etali\u0161tu u Baru po uzoru na onaj koji se postavlja u Briselu, a simbolizuje jedinstvo, solidarnost i harmoniju.<\/p>\n<p>Cvjetni tepih, inspirisan primorskim motivima \u0107emo satkati od 24 hiljade lokalno uzgajanih sadnica cvije\u0107a, koje \u0107e potom, kao poklon EU gradu Baru, biti zasa\u0111ene na gradskim zelenim povr\u0161inama. Ovaj jedinstveni tepih \u0107e krasiti barsku promenadu do 13. maja. Podr\u0161ku realizaciji cvjetnog tepiha povr\u0161ine 130 kvadratnih metara pru\u017eili su I lokalni privrednici: 2. decembar, Kalamper, Racc, Gold i Alegra krstarenja kao i Turisti\u010dka organizacija Bar.<\/p>\n<p>U \u010dast Dana Evrope, himnu Evrope i Crne Gore po\u010detku ceremonije \u0107e izvesti crnogorska operska diva Tamara Radjenovi\u0107. Tamara Ra\u0111enovi\u0107 je svetski priznata umjetnica, a nedavno je uvr\u0161tena na presti\u017enu Forbsovu listu najuticajnijih li\u010dnosti mla\u0111ih od 30 godina u oblasti umjetnosti i kulture.<\/p>\n<p><img fetchpriority=\"high\" decoding=\"async\" class=\"alignnone wp-image-42466 size-full\" src=\"https:\/\/www.evropskakuca.me\/wp-content\/uploads\/2023\/04\/Europe-Day-the-main-visual-1.jpg\" alt=\"\" width=\"1563\" height=\"1043\" srcset=\"https:\/\/www.evropskakuca.me\/wp-content\/uploads\/2023\/04\/Europe-Day-the-main-visual-1.jpg 1563w, https:\/\/www.evropskakuca.me\/wp-content\/uploads\/2023\/04\/Europe-Day-the-main-visual-1-300x200.jpg 300w, https:\/\/www.evropskakuca.me\/wp-content\/uploads\/2023\/04\/Europe-Day-the-main-visual-1-1024x683.jpg 1024w, https:\/\/www.evropskakuca.me\/wp-content\/uploads\/2023\/04\/Europe-Day-the-main-visual-1-768x512.jpg 768w, https:\/\/www.evropskakuca.me\/wp-content\/uploads\/2023\/04\/Europe-Day-the-main-visual-1-1536x1025.jpg 1536w\" sizes=\"(max-width: 1563px) 100vw, 1563px\" \/><\/p>\n<p>Tog dana na gradskoj rivi bi\u0107e odr\u017ean sajam ambasada dr\u017eava \u010dlanica EU koje su akreditovane u Crnoj Gori i korisnika projekata koje finansira Evropska\u00a0 unija ili Op\u0161tina Bar. Program \u0107e upotpuniti zabava za najmla\u0111e i njihove roditelje.<\/p>\n<p>I ove godine posjetioci \u0107e imati priliku da posjete \u010dudesni svijet opra\u0161iva\u010da, Pollinator Park. Pollinator park je spoj zoolo\u0161kog vrta, tematskog parka, interaktivnog muzeja i kristalne kugle, koji nas vodi u 2050. godinu i otkriva kakva nas budu\u0107nost \u010deka ako ne po\u010dnemo da \u0161titimo p\u010dele i njihove zuje\u0107e prijatelje.<\/p>\n<p>Iste ve\u010deri \u0107e biti odr\u017ean i koncert, na kojem \u0107e nastupiti kotorski hip-hop duo Who See, rock band AkademiA, kao i podgori\u010dki reper Random i Sara Kurga\u0161. Kraj ve\u010deri smo rezervisali za DJ Set: DJ Stamina i Bizarr Duo.<\/p>\n<p>Who See, koji \u010dine Noyz i Dedduh, u muzi\u010dkoj igri je od 2000. godine. Kreatori su \u010detiri albuma, dok peti izlazi na ljeto. Njihova numera Bar-Bari, nezvani\u010dna je himna jedne generacije a Noyz i Dedduh u Baru nijesu nastupali u posljednjih pet godina.<\/p>\n<p>Random je jedan od najboljih MC-eva na Balkanu, vlasnik tri Rap Skillz titule i kreator vi\u0161e ep i lp izdanja, \u0161to solo, \u0161to kao \u010dlan D\u017eej D\u017eej Oko\u010da ekipe. Pro\u0161logodi\u0161nji solo album \u201cEo vi\u0111i\u201d je pobrao same pohvale od strane publike i kritike i ima kultni status. Ovo je Random-ov prvi solo nastup u Baru, gdje \u0107e kroz dinami\u010dan set predstaviti svoj opus. KURGASHIAN &#8211; Sara Kurga\u0161 dolazi iz Bara. Nakon singla &#8220;Sarah Tonin&#8221; objavila je i numeru &#8220;Halal&#8221;.<\/p>\n<p>Barski rock bend \u201cAkademiA\u201d postoji od 2008. godine. Sastavljen je od iskusnih muzi\u010dara koji su svirali u svim uticajnim barskim grupama od kraja osamdesetih do danas: \u201cCarlo V\u201d, \u201cBellmondo\u201d, \u201cDon Kihot\u201d, \u201cKatapult\u201d, \u201cPono\u0107ni ritam\u201d.<\/p>\n<p>O\u010dekujemo vas 6. maja da proslavimo Dan Evrope zajedno na barskoj promenadi.<\/p>\n<p><a href=\"https:\/\/evropskakuca.me\/wp-content\/uploads\/2023\/04\/Europe-Day-and-Europe-Week-programme-Final-Mne.pdf\">Detaljan program proslave Dana Evrope mo\u017eete pogledati ovdje.<\/a><\/p>\n<p><a href=\"https:\/\/evropskakuca.me\/me\/dan-evrope-obiljezen-u-baru\/\">Dan Evrope obilje\u017een u Baru<\/a><\/p>\n<p><a href=\"https:\/\/evropskakuca.me\/me\/kafom-sa-ambasadorkom-svedske-pocela-proslava-dana-evrope\/\">&#8221;Kafom&#8221; sa ambasadorkom \u0160vedske po\u010dela proslava Dana Evrope<\/a><\/p>\n<p><a href=\"https:\/\/evropskakuca.me\/me\/evropska-kuca-donirala-i-postavila-kucice-za-ptice-u-baru\/\">Evropska ku\u0107a donirala i postavila ku\u0107ice za ptice u Baru<\/a><\/p>\n<p><a href=\"https:\/\/evropskakuca.me\/me\/dan-evrope-sta-se-tog-dana-obiljezava\/\">Dan Evrope: \u0160ta ozna\u010dava i \u0161ta se na taj dan obilje\u017eava<\/a><\/p>\n","protected":false},"excerpt":{"rendered":"<p>Muzika, cvije\u0107e, EU sajam, virtuelna stvarnost uz obalu Jadrana Ovogodi\u0161nja centralna proslava Dana Evrope, bi\u0107e organizovana u Baru 6. maja u partnerstvu Delegacije Evropske unije u Crnoj Gori i op\u0161tinskih vlasti. Proslava po\u010dinje u podne ceremonijom otvaranja cvjetnog tepiha koji \u0107e tradicionalno biti postavljen na \u0161etali\u0161tu u Baru po uzoru na onaj koji se postavlja [&hellip;]<\/p>\n","protected":false},"author":1,"featured_media":38727,"comment_status":"closed","ping_status":"closed","sticky":false,"template":"","format":"standard","meta":{"_acf_changed":false,"footnotes":""},"categories":[285,2],"tags":[],"class_list":["post-24745","post","type-post","status-publish","format-standard","has-post-thumbnail","hentry","category-kampanje-i-eventi","category-uncategorized-me"],"acf":[],"yoast_head":"<!-- This site is optimized with the Yoast SEO plugin v27.3 - https:\/\/yoast.com\/product\/yoast-seo-wordpress\/ -->\n<title>Proslavimo Dan Evrope zajedno u Baru - Europe House<\/title>\n<meta name=\"robots\" content=\"index, follow, max-snippet:-1, max-image-preview:large, max-video-preview:-1\" \/>\n<link rel=\"canonical\" href=\"https:\/\/www.evropskakuca.me\/me\/proslavimo-dan-evrope-zajedno-u-baru\/\" \/>\n<meta property=\"og:locale\" content=\"en_US\" \/>\n<meta property=\"og:type\" content=\"article\" \/>\n<meta property=\"og:title\" content=\"Proslavimo Dan Evrope zajedno u Baru - Europe House\" \/>\n<meta property=\"og:description\" content=\"Muzika, cvije\u0107e, EU sajam, virtuelna stvarnost uz obalu Jadrana Ovogodi\u0161nja centralna proslava Dana Evrope, bi\u0107e organizovana u Baru 6. maja u partnerstvu Delegacije Evropske unije u Crnoj Gori i op\u0161tinskih vlasti. Proslava po\u010dinje u podne ceremonijom otvaranja cvjetnog tepiha koji \u0107e tradicionalno biti postavljen na \u0161etali\u0161tu u Baru po uzoru na onaj koji se postavlja [&hellip;]\" \/>\n<meta property=\"og:url\" content=\"https:\/\/www.evropskakuca.me\/me\/proslavimo-dan-evrope-zajedno-u-baru\/\" \/>\n<meta property=\"og:site_name\" content=\"Europe House\" \/>\n<meta property=\"article:publisher\" content=\"https:\/\/www.facebook.com\/evropska.kuca\" \/>\n<meta property=\"article:published_time\" content=\"2023-04-29T10:34:38+00:00\" \/>\n<meta property=\"article:modified_time\" content=\"2025-01-21T10:44:14+00:00\" \/>\n<meta property=\"og:image\" content=\"https:\/\/www.evropskakuca.me\/wp-content\/uploads\/2023\/03\/Europe-Day-the-main-visual.jpg\" \/>\n\t<meta property=\"og:image:width\" content=\"1563\" \/>\n\t<meta property=\"og:image:height\" content=\"1043\" \/>\n\t<meta property=\"og:image:type\" content=\"image\/jpeg\" \/>\n<meta name=\"author\" content=\"mkajic\" \/>\n<meta name=\"twitter:card\" content=\"summary_large_image\" \/>\n<meta name=\"twitter:creator\" content=\"@evropska_kuca\" \/>\n<meta name=\"twitter:site\" content=\"@evropska_kuca\" \/>\n<meta name=\"twitter:label1\" content=\"Written by\" \/>\n\t<meta name=\"twitter:data1\" content=\"mkajic\" \/>\n\t<meta name=\"twitter:label2\" content=\"Est. reading time\" \/>\n\t<meta name=\"twitter:data2\" content=\"3 minutes\" \/>\n<script type=\"application\/ld+json\" class=\"yoast-schema-graph\">{\"@context\":\"https:\\\/\\\/schema.org\",\"@graph\":[{\"@type\":\"Article\",\"@id\":\"https:\\\/\\\/www.evropskakuca.me\\\/me\\\/proslavimo-dan-evrope-zajedno-u-baru\\\/#article\",\"isPartOf\":{\"@id\":\"https:\\\/\\\/www.evropskakuca.me\\\/me\\\/proslavimo-dan-evrope-zajedno-u-baru\\\/\"},\"author\":{\"name\":\"mkajic\",\"@id\":\"https:\\\/\\\/www.evropskakuca.me\\\/me\\\/#\\\/schema\\\/person\\\/a1d0dcdaefe4a1cd1d60d200ea137ba4\"},\"headline\":\"Proslavimo Dan Evrope zajedno u Baru\",\"datePublished\":\"2023-04-29T10:34:38+00:00\",\"dateModified\":\"2025-01-21T10:44:14+00:00\",\"mainEntityOfPage\":{\"@id\":\"https:\\\/\\\/www.evropskakuca.me\\\/me\\\/proslavimo-dan-evrope-zajedno-u-baru\\\/\"},\"wordCount\":556,\"publisher\":{\"@id\":\"https:\\\/\\\/www.evropskakuca.me\\\/me\\\/#organization\"},\"image\":{\"@id\":\"https:\\\/\\\/www.evropskakuca.me\\\/me\\\/proslavimo-dan-evrope-zajedno-u-baru\\\/#primaryimage\"},\"thumbnailUrl\":\"https:\\\/\\\/www.evropskakuca.me\\\/wp-content\\\/uploads\\\/2023\\\/03\\\/Europe-Day-the-main-visual.jpg\",\"articleSection\":[\"Kampanje i eventi\",\"Uncategorized @me\"],\"inLanguage\":\"me-ME\"},{\"@type\":\"WebPage\",\"@id\":\"https:\\\/\\\/www.evropskakuca.me\\\/me\\\/proslavimo-dan-evrope-zajedno-u-baru\\\/\",\"url\":\"https:\\\/\\\/www.evropskakuca.me\\\/me\\\/proslavimo-dan-evrope-zajedno-u-baru\\\/\",\"name\":\"Proslavimo Dan Evrope zajedno u Baru - Europe House\",\"isPartOf\":{\"@id\":\"https:\\\/\\\/www.evropskakuca.me\\\/me\\\/#website\"},\"primaryImageOfPage\":{\"@id\":\"https:\\\/\\\/www.evropskakuca.me\\\/me\\\/proslavimo-dan-evrope-zajedno-u-baru\\\/#primaryimage\"},\"image\":{\"@id\":\"https:\\\/\\\/www.evropskakuca.me\\\/me\\\/proslavimo-dan-evrope-zajedno-u-baru\\\/#primaryimage\"},\"thumbnailUrl\":\"https:\\\/\\\/www.evropskakuca.me\\\/wp-content\\\/uploads\\\/2023\\\/03\\\/Europe-Day-the-main-visual.jpg\",\"datePublished\":\"2023-04-29T10:34:38+00:00\",\"dateModified\":\"2025-01-21T10:44:14+00:00\",\"breadcrumb\":{\"@id\":\"https:\\\/\\\/www.evropskakuca.me\\\/me\\\/proslavimo-dan-evrope-zajedno-u-baru\\\/#breadcrumb\"},\"inLanguage\":\"me-ME\",\"potentialAction\":[{\"@type\":\"ReadAction\",\"target\":[\"https:\\\/\\\/www.evropskakuca.me\\\/me\\\/proslavimo-dan-evrope-zajedno-u-baru\\\/\"]}]},{\"@type\":\"ImageObject\",\"inLanguage\":\"me-ME\",\"@id\":\"https:\\\/\\\/www.evropskakuca.me\\\/me\\\/proslavimo-dan-evrope-zajedno-u-baru\\\/#primaryimage\",\"url\":\"https:\\\/\\\/www.evropskakuca.me\\\/wp-content\\\/uploads\\\/2023\\\/03\\\/Europe-Day-the-main-visual.jpg\",\"contentUrl\":\"https:\\\/\\\/www.evropskakuca.me\\\/wp-content\\\/uploads\\\/2023\\\/03\\\/Europe-Day-the-main-visual.jpg\",\"width\":1563,\"height\":1043},{\"@type\":\"BreadcrumbList\",\"@id\":\"https:\\\/\\\/www.evropskakuca.me\\\/me\\\/proslavimo-dan-evrope-zajedno-u-baru\\\/#breadcrumb\",\"itemListElement\":[{\"@type\":\"ListItem\",\"position\":1,\"name\":\"Home\",\"item\":\"https:\\\/\\\/www.evropskakuca.me\\\/me\\\/\"},{\"@type\":\"ListItem\",\"position\":2,\"name\":\"Proslavimo Dan Evrope zajedno u Baru\"}]},{\"@type\":\"WebSite\",\"@id\":\"https:\\\/\\\/www.evropskakuca.me\\\/me\\\/#website\",\"url\":\"https:\\\/\\\/www.evropskakuca.me\\\/me\\\/\",\"name\":\"Evropean house\",\"description\":\"\",\"publisher\":{\"@id\":\"https:\\\/\\\/www.evropskakuca.me\\\/me\\\/#organization\"},\"potentialAction\":[{\"@type\":\"SearchAction\",\"target\":{\"@type\":\"EntryPoint\",\"urlTemplate\":\"https:\\\/\\\/www.evropskakuca.me\\\/me\\\/?s={search_term_string}\"},\"query-input\":{\"@type\":\"PropertyValueSpecification\",\"valueRequired\":true,\"valueName\":\"search_term_string\"}}],\"inLanguage\":\"me-ME\"},{\"@type\":\"Organization\",\"@id\":\"https:\\\/\\\/www.evropskakuca.me\\\/me\\\/#organization\",\"name\":\"Evropean house\",\"url\":\"https:\\\/\\\/www.evropskakuca.me\\\/me\\\/\",\"logo\":{\"@type\":\"ImageObject\",\"inLanguage\":\"me-ME\",\"@id\":\"https:\\\/\\\/www.evropskakuca.me\\\/me\\\/#\\\/schema\\\/logo\\\/image\\\/\",\"url\":\"https:\\\/\\\/www.evropskakuca.me\\\/wp-content\\\/uploads\\\/2025\\\/01\\\/evropska-kuca-logo-1.png\",\"contentUrl\":\"https:\\\/\\\/www.evropskakuca.me\\\/wp-content\\\/uploads\\\/2025\\\/01\\\/evropska-kuca-logo-1.png\",\"width\":425,\"height\":312,\"caption\":\"Evropean house\"},\"image\":{\"@id\":\"https:\\\/\\\/www.evropskakuca.me\\\/me\\\/#\\\/schema\\\/logo\\\/image\\\/\"},\"sameAs\":[\"https:\\\/\\\/www.facebook.com\\\/evropska.kuca\",\"https:\\\/\\\/x.com\\\/evropska_kuca\",\"https:\\\/\\\/www.instagram.com\\\/evropska_kuca\"]},{\"@type\":\"Person\",\"@id\":\"https:\\\/\\\/www.evropskakuca.me\\\/me\\\/#\\\/schema\\\/person\\\/a1d0dcdaefe4a1cd1d60d200ea137ba4\",\"name\":\"mkajic\",\"image\":{\"@type\":\"ImageObject\",\"inLanguage\":\"me-ME\",\"@id\":\"https:\\\/\\\/secure.gravatar.com\\\/avatar\\\/731fa035cefab7316e6bafd1f25a93fb731a07de14e2d9923f8db4422628eabc?s=96&d=mm&r=g\",\"url\":\"https:\\\/\\\/secure.gravatar.com\\\/avatar\\\/731fa035cefab7316e6bafd1f25a93fb731a07de14e2d9923f8db4422628eabc?s=96&d=mm&r=g\",\"contentUrl\":\"https:\\\/\\\/secure.gravatar.com\\\/avatar\\\/731fa035cefab7316e6bafd1f25a93fb731a07de14e2d9923f8db4422628eabc?s=96&d=mm&r=g\",\"caption\":\"mkajic\"},\"sameAs\":[\"https:\\\/\\\/evropskakuca.me\"],\"url\":\"https:\\\/\\\/www.evropskakuca.me\\\/me\\\/author\\\/mkajic\\\/\"}]}<\/script>\n<!-- \/ Yoast SEO plugin. -->","yoast_head_json":{"title":"Proslavimo Dan Evrope zajedno u Baru - Europe House","robots":{"index":"index","follow":"follow","max-snippet":"max-snippet:-1","max-image-preview":"max-image-preview:large","max-video-preview":"max-video-preview:-1"},"canonical":"https:\/\/www.evropskakuca.me\/me\/proslavimo-dan-evrope-zajedno-u-baru\/","og_locale":"en_US","og_type":"article","og_title":"Proslavimo Dan Evrope zajedno u Baru - Europe House","og_description":"Muzika, cvije\u0107e, EU sajam, virtuelna stvarnost uz obalu Jadrana Ovogodi\u0161nja centralna proslava Dana Evrope, bi\u0107e organizovana u Baru 6. maja u partnerstvu Delegacije Evropske unije u Crnoj Gori i op\u0161tinskih vlasti. Proslava po\u010dinje u podne ceremonijom otvaranja cvjetnog tepiha koji \u0107e tradicionalno biti postavljen na \u0161etali\u0161tu u Baru po uzoru na onaj koji se postavlja [&hellip;]","og_url":"https:\/\/www.evropskakuca.me\/me\/proslavimo-dan-evrope-zajedno-u-baru\/","og_site_name":"Europe House","article_publisher":"https:\/\/www.facebook.com\/evropska.kuca","article_published_time":"2023-04-29T10:34:38+00:00","article_modified_time":"2025-01-21T10:44:14+00:00","og_image":[{"width":1563,"height":1043,"url":"https:\/\/www.evropskakuca.me\/wp-content\/uploads\/2023\/03\/Europe-Day-the-main-visual.jpg","type":"image\/jpeg"}],"author":"mkajic","twitter_card":"summary_large_image","twitter_creator":"@evropska_kuca","twitter_site":"@evropska_kuca","twitter_misc":{"Written by":"mkajic","Est. reading time":"3 minutes"},"schema":{"@context":"https:\/\/schema.org","@graph":[{"@type":"Article","@id":"https:\/\/www.evropskakuca.me\/me\/proslavimo-dan-evrope-zajedno-u-baru\/#article","isPartOf":{"@id":"https:\/\/www.evropskakuca.me\/me\/proslavimo-dan-evrope-zajedno-u-baru\/"},"author":{"name":"mkajic","@id":"https:\/\/www.evropskakuca.me\/me\/#\/schema\/person\/a1d0dcdaefe4a1cd1d60d200ea137ba4"},"headline":"Proslavimo Dan Evrope zajedno u Baru","datePublished":"2023-04-29T10:34:38+00:00","dateModified":"2025-01-21T10:44:14+00:00","mainEntityOfPage":{"@id":"https:\/\/www.evropskakuca.me\/me\/proslavimo-dan-evrope-zajedno-u-baru\/"},"wordCount":556,"publisher":{"@id":"https:\/\/www.evropskakuca.me\/me\/#organization"},"image":{"@id":"https:\/\/www.evropskakuca.me\/me\/proslavimo-dan-evrope-zajedno-u-baru\/#primaryimage"},"thumbnailUrl":"https:\/\/www.evropskakuca.me\/wp-content\/uploads\/2023\/03\/Europe-Day-the-main-visual.jpg","articleSection":["Kampanje i eventi","Uncategorized @me"],"inLanguage":"me-ME"},{"@type":"WebPage","@id":"https:\/\/www.evropskakuca.me\/me\/proslavimo-dan-evrope-zajedno-u-baru\/","url":"https:\/\/www.evropskakuca.me\/me\/proslavimo-dan-evrope-zajedno-u-baru\/","name":"Proslavimo Dan Evrope zajedno u Baru - Europe House","isPartOf":{"@id":"https:\/\/www.evropskakuca.me\/me\/#website"},"primaryImageOfPage":{"@id":"https:\/\/www.evropskakuca.me\/me\/proslavimo-dan-evrope-zajedno-u-baru\/#primaryimage"},"image":{"@id":"https:\/\/www.evropskakuca.me\/me\/proslavimo-dan-evrope-zajedno-u-baru\/#primaryimage"},"thumbnailUrl":"https:\/\/www.evropskakuca.me\/wp-content\/uploads\/2023\/03\/Europe-Day-the-main-visual.jpg","datePublished":"2023-04-29T10:34:38+00:00","dateModified":"2025-01-21T10:44:14+00:00","breadcrumb":{"@id":"https:\/\/www.evropskakuca.me\/me\/proslavimo-dan-evrope-zajedno-u-baru\/#breadcrumb"},"inLanguage":"me-ME","potentialAction":[{"@type":"ReadAction","target":["https:\/\/www.evropskakuca.me\/me\/proslavimo-dan-evrope-zajedno-u-baru\/"]}]},{"@type":"ImageObject","inLanguage":"me-ME","@id":"https:\/\/www.evropskakuca.me\/me\/proslavimo-dan-evrope-zajedno-u-baru\/#primaryimage","url":"https:\/\/www.evropskakuca.me\/wp-content\/uploads\/2023\/03\/Europe-Day-the-main-visual.jpg","contentUrl":"https:\/\/www.evropskakuca.me\/wp-content\/uploads\/2023\/03\/Europe-Day-the-main-visual.jpg","width":1563,"height":1043},{"@type":"BreadcrumbList","@id":"https:\/\/www.evropskakuca.me\/me\/proslavimo-dan-evrope-zajedno-u-baru\/#breadcrumb","itemListElement":[{"@type":"ListItem","position":1,"name":"Home","item":"https:\/\/www.evropskakuca.me\/me\/"},{"@type":"ListItem","position":2,"name":"Proslavimo Dan Evrope zajedno u Baru"}]},{"@type":"WebSite","@id":"https:\/\/www.evropskakuca.me\/me\/#website","url":"https:\/\/www.evropskakuca.me\/me\/","name":"Evropean house","description":"","publisher":{"@id":"https:\/\/www.evropskakuca.me\/me\/#organization"},"potentialAction":[{"@type":"SearchAction","target":{"@type":"EntryPoint","urlTemplate":"https:\/\/www.evropskakuca.me\/me\/?s={search_term_string}"},"query-input":{"@type":"PropertyValueSpecification","valueRequired":true,"valueName":"search_term_string"}}],"inLanguage":"me-ME"},{"@type":"Organization","@id":"https:\/\/www.evropskakuca.me\/me\/#organization","name":"Evropean house","url":"https:\/\/www.evropskakuca.me\/me\/","logo":{"@type":"ImageObject","inLanguage":"me-ME","@id":"https:\/\/www.evropskakuca.me\/me\/#\/schema\/logo\/image\/","url":"https:\/\/www.evropskakuca.me\/wp-content\/uploads\/2025\/01\/evropska-kuca-logo-1.png","contentUrl":"https:\/\/www.evropskakuca.me\/wp-content\/uploads\/2025\/01\/evropska-kuca-logo-1.png","width":425,"height":312,"caption":"Evropean house"},"image":{"@id":"https:\/\/www.evropskakuca.me\/me\/#\/schema\/logo\/image\/"},"sameAs":["https:\/\/www.facebook.com\/evropska.kuca","https:\/\/x.com\/evropska_kuca","https:\/\/www.instagram.com\/evropska_kuca"]},{"@type":"Person","@id":"https:\/\/www.evropskakuca.me\/me\/#\/schema\/person\/a1d0dcdaefe4a1cd1d60d200ea137ba4","name":"mkajic","image":{"@type":"ImageObject","inLanguage":"me-ME","@id":"https:\/\/secure.gravatar.com\/avatar\/731fa035cefab7316e6bafd1f25a93fb731a07de14e2d9923f8db4422628eabc?s=96&d=mm&r=g","url":"https:\/\/secure.gravatar.com\/avatar\/731fa035cefab7316e6bafd1f25a93fb731a07de14e2d9923f8db4422628eabc?s=96&d=mm&r=g","contentUrl":"https:\/\/secure.gravatar.com\/avatar\/731fa035cefab7316e6bafd1f25a93fb731a07de14e2d9923f8db4422628eabc?s=96&d=mm&r=g","caption":"mkajic"},"sameAs":["https:\/\/evropskakuca.me"],"url":"https:\/\/www.evropskakuca.me\/me\/author\/mkajic\/"}]}},"_links":{"self":[{"href":"https:\/\/www.evropskakuca.me\/me\/wp-json\/wp\/v2\/posts\/24745","targetHints":{"allow":["GET"]}}],"collection":[{"href":"https:\/\/www.evropskakuca.me\/me\/wp-json\/wp\/v2\/posts"}],"about":[{"href":"https:\/\/www.evropskakuca.me\/me\/wp-json\/wp\/v2\/types\/post"}],"author":[{"embeddable":true,"href":"https:\/\/www.evropskakuca.me\/me\/wp-json\/wp\/v2\/users\/1"}],"replies":[{"embeddable":true,"href":"https:\/\/www.evropskakuca.me\/me\/wp-json\/wp\/v2\/comments?post=24745"}],"version-history":[{"count":1,"href":"https:\/\/www.evropskakuca.me\/me\/wp-json\/wp\/v2\/posts\/24745\/revisions"}],"predecessor-version":[{"id":42470,"href":"https:\/\/www.evropskakuca.me\/me\/wp-json\/wp\/v2\/posts\/24745\/revisions\/42470"}],"wp:featuredmedia":[{"embeddable":true,"href":"https:\/\/www.evropskakuca.me\/me\/wp-json\/wp\/v2\/media\/38727"}],"wp:attachment":[{"href":"https:\/\/www.evropskakuca.me\/me\/wp-json\/wp\/v2\/media?parent=24745"}],"wp:term":[{"taxonomy":"category","embeddable":true,"href":"https:\/\/www.evropskakuca.me\/me\/wp-json\/wp\/v2\/categories?post=24745"},{"taxonomy":"post_tag","embeddable":true,"href":"https:\/\/www.evropskakuca.me\/me\/wp-json\/wp\/v2\/tags?post=24745"}],"curies":[{"name":"wp","href":"https:\/\/api.w.org\/{rel}","templated":true}]}}