{"id":24710,"date":"2023-04-27T16:07:27","date_gmt":"2023-04-27T16:07:27","guid":{"rendered":"https:\/\/evropskakuca.me\/?p=24710"},"modified":"2023-04-27T16:07:27","modified_gmt":"2023-04-27T16:07:27","slug":"oprema-vrijedna-940-000-eura-kao-podrska-sektoru-saobracaja-u-crnoj-gori","status":"publish","type":"post","link":"https:\/\/www.evropskakuca.me\/me\/oprema-vrijedna-940-000-eura-kao-podrska-sektoru-saobracaja-u-crnoj-gori\/","title":{"rendered":"Oprema vrijedna 940.000 eura kao podr\u0161ka sektoru saobra\u0107aja u Crnoj Gori"},"content":{"rendered":"<p>\u201eEvropska unija i Crna Gora imaju zajedni\u010dki interes u prepoznavanju i rje\u0161avanju izazova koji se ti\u010du za\u0161tite okoline, kao i pomorske sigurnosti i bezbjednosti na moru\u201d poru\u010dila je ambasadorka EU u Crnoj Gori tokom sve\u010danog uru\u010divanja opreme Upravi pomorske sigurnosti i upravljanja lukama u Baru.<\/p>\n\n<p>Oprema u vrijednosti od\u00a0 940.000 eura,namijenjena je akcijama traganja i spa\u0161avanja i za\u0161tite mora od zaga\u0111enja,i predstavlja donaciju Evropske unije za podr\u0161ku sektoru saobra\u0107aja u Crnoj Gori. Javnost je doniranu opremu imala priliku da vidi na sidri\u0161tu Vojske Crne Gore u luci Bar.<\/p>\n<p>\u201eVrijednost ove opreme je skoro milion eura i ona \u0107e pomo\u0107i Crnoj Gori da bolje za\u0161titi morsku sredinu i djelotvorno odgovori u slu\u010daju nesre\u0107a sa zaga\u0111enjem. Tako\u0111e, pomo\u0107i \u0107e u reagovanju na potencijalno opasne situacije na moru, pobolj\u0161avaju\u0107i kapacitete za pretragu i spa\u0161avanje u Crnoj Gori. To je posebno va\u017eno u kontekstu migrantske krize\u201d kazala je Popa, dodaju\u0107i da \u0107e EU nastaviti da podr\u017eava napore za za\u0161titu mora i ja\u010danje pomorske bezbjednosti, u korist gra\u0111ana, poslovanja i ekosistema u Crnoj Gori i EU.<\/p>\n<p><img fetchpriority=\"high\" decoding=\"async\" class=\"alignnone size-large wp-image-24717\" src=\"https:\/\/evropskakuca.me\/wp-content\/uploads\/2023\/04\/FRO_0436-1024x741.jpg\" alt=\"\" width=\"1024\" height=\"741\" \/><\/p>\n<p>Ova nova oprema dopunjuje donaciju Evropske unije iz 2013. godine, koja se i dalje koristi. Nova oprema uklju\u010duje, izme\u0111u ostalog, vi\u0161enamjensko plovilo za otvorena mora, ure\u0111aj za skupljanje nafte (skimmer), pogonski paket (dizel generator i hidrauli\u010dna pumpa) sa crijevima, plutaju\u0107u za\u0161titnu barijeru za skupljanje laganog naftnog mulja, plutaju\u0107u apsorbentnu barijeru, granulirane apsorbente i prate\u0107e obuke.<\/p>\n\n<p>Ministar kapitalnih investicija Ibrahimovi\u0107 zahvalio se\u00a0 svim institucijama\u00a0 koje su doprinijele\u00a0 uspje\u0161noj realizaciji ovog projekta, koji je, kako je kazao, samo jo\u0161 jedna potvrda uspje\u0161ne saradnje izme\u0111u Crne Gore i Evropske komisije, kakvih je u zadnjem periodu bilo mnogo. Podsjetio je da je EU\u00a0 nedavno bespovratno dodijelila 30 miliona eura za prevazila\u017eenje energetske krize, kao i dodatnih 6 miliona eura\u00a0 za pripremu dokumentacije za nastavak implementacije projekta autoputa Bar-Boljare.<\/p>\n<p><img decoding=\"async\" class=\"alignnone size-large wp-image-24735\" src=\"https:\/\/evropskakuca.me\/wp-content\/uploads\/2023\/04\/FRO_0454-1024x683.jpg\" alt=\"\" width=\"1024\" height=\"683\" \/><\/p>\n<p>\u201cProjekat, \u010dije konkretne, opipljive rezultate smo danas u prilici da vidimo, imao je za cilj osiguranje implementacije preventivnih mjera od zaga\u0111enja u skladu sa IMO konvencijama I EU propisima, te ja\u010danje kapaciteta za za\u0161titu morske sredine i odgovor na nove ekolo\u0161ke izazove. Vjerujem da \u0107emo nau\u010dene lekcije biti kadri da implementiramo i da jedan uspje\u0161no okon\u010dan projekat treba biti podstrek za nove inicijative, i novu saradnju\u201d poru\u010dio je Ibrahimovi\u0107.<\/p>\n<p>Ova donacija\u00a0 predstavlja jo\u0161 jedan uspje\u0161an primjer saradnje EU i Crne Gore i njom se ne zavr\u0161ava podr\u0161ka sektoru saobra\u0107aja u Crnoj Gori, poru\u010dio je resorni ministar. Kako Ibrahimovi\u0107 navodi, u planu je realizacija\u00a0 i brojnih drugih strate\u0161kih projekata,kao \u0161to su nastavak realizacije projekta autoputa Bar-Boljare i nastavak rekonstrukcije pruge Bar-Vrbnica.<\/p>\n<p>Predstavljanju opreme prisustvovali su\u00a0 pored ambasadorke Evropske unije Oane Kristine Pope<strong> i<\/strong> potpredsjednika vlade Ervina\u00a0Ibrahimovi\u0107a i menad\u017ement Uprave pomorske sigurnosti i upravljanja lukama, kao i predstavnici\u00a0Lu\u010dkih kapetanija Bar i Kotor i ostalih institucija koje u\u010destvuju u akcijama traganja i spa\u0161avanja i za\u0161tite mora od zaga\u0111enja.<\/p>\n<p>&nbsp;<\/p>\n","protected":false},"excerpt":{"rendered":"<p>\u201eEvropska unija i Crna Gora imaju zajedni\u010dki interes u prepoznavanju i rje\u0161avanju izazova koji se ti\u010du za\u0161tite okoline, kao i pomorske sigurnosti i bezbjednosti na moru\u201d poru\u010dila je ambasadorka EU u Crnoj Gori tokom sve\u010danog uru\u010divanja opreme Upravi pomorske sigurnosti i upravljanja lukama u Baru. Oprema u vrijednosti od\u00a0 940.000 eura,namijenjena je akcijama traganja i [&hellip;]<\/p>\n","protected":false},"author":1,"featured_media":38899,"comment_status":"closed","ping_status":"closed","sticky":false,"template":"","format":"standard","meta":{"_acf_changed":false,"footnotes":""},"categories":[],"tags":[],"class_list":["post-24710","post","type-post","status-publish","format-standard","has-post-thumbnail","hentry"],"acf":[],"yoast_head":"<!-- This site is optimized with the Yoast SEO plugin v27.3 - https:\/\/yoast.com\/product\/yoast-seo-wordpress\/ -->\n<title>Oprema vrijedna 940.000 eura kao podr\u0161ka sektoru saobra\u0107aja u Crnoj Gori - Europe House<\/title>\n<meta name=\"robots\" content=\"index, follow, max-snippet:-1, max-image-preview:large, max-video-preview:-1\" \/>\n<link rel=\"canonical\" href=\"https:\/\/www.evropskakuca.me\/me\/oprema-vrijedna-940-000-eura-kao-podrska-sektoru-saobracaja-u-crnoj-gori\/\" \/>\n<meta property=\"og:locale\" content=\"en_US\" \/>\n<meta property=\"og:type\" content=\"article\" \/>\n<meta property=\"og:title\" content=\"Oprema vrijedna 940.000 eura kao podr\u0161ka sektoru saobra\u0107aja u Crnoj Gori - Europe House\" \/>\n<meta property=\"og:description\" content=\"\u201eEvropska unija i Crna Gora imaju zajedni\u010dki interes u prepoznavanju i rje\u0161avanju izazova koji se ti\u010du za\u0161tite okoline, kao i pomorske sigurnosti i bezbjednosti na moru\u201d poru\u010dila je ambasadorka EU u Crnoj Gori tokom sve\u010danog uru\u010divanja opreme Upravi pomorske sigurnosti i upravljanja lukama u Baru. Oprema u vrijednosti od\u00a0 940.000 eura,namijenjena je akcijama traganja i [&hellip;]\" \/>\n<meta property=\"og:url\" content=\"https:\/\/www.evropskakuca.me\/me\/oprema-vrijedna-940-000-eura-kao-podrska-sektoru-saobracaja-u-crnoj-gori\/\" \/>\n<meta property=\"og:site_name\" content=\"Europe House\" \/>\n<meta property=\"article:publisher\" content=\"https:\/\/www.facebook.com\/evropska.kuca\" \/>\n<meta property=\"article:published_time\" content=\"2023-04-27T16:07:27+00:00\" \/>\n<meta property=\"og:image\" content=\"https:\/\/www.evropskakuca.me\/wp-content\/uploads\/2023\/04\/FRO_0403.jpg\" \/>\n\t<meta property=\"og:image:width\" content=\"2560\" \/>\n\t<meta property=\"og:image:height\" content=\"1707\" \/>\n\t<meta property=\"og:image:type\" content=\"image\/jpeg\" \/>\n<meta name=\"author\" content=\"mkajic\" \/>\n<meta name=\"twitter:card\" content=\"summary_large_image\" \/>\n<meta name=\"twitter:creator\" content=\"@evropska_kuca\" \/>\n<meta name=\"twitter:site\" content=\"@evropska_kuca\" \/>\n<meta name=\"twitter:label1\" content=\"Written by\" \/>\n\t<meta name=\"twitter:data1\" content=\"mkajic\" \/>\n\t<meta name=\"twitter:label2\" content=\"Est. reading time\" \/>\n\t<meta name=\"twitter:data2\" content=\"3 minutes\" \/>\n<script type=\"application\/ld+json\" class=\"yoast-schema-graph\">{\"@context\":\"https:\\\/\\\/schema.org\",\"@graph\":[{\"@type\":\"Article\",\"@id\":\"https:\\\/\\\/www.evropskakuca.me\\\/me\\\/oprema-vrijedna-940-000-eura-kao-podrska-sektoru-saobracaja-u-crnoj-gori\\\/#article\",\"isPartOf\":{\"@id\":\"https:\\\/\\\/www.evropskakuca.me\\\/me\\\/oprema-vrijedna-940-000-eura-kao-podrska-sektoru-saobracaja-u-crnoj-gori\\\/\"},\"author\":{\"name\":\"mkajic\",\"@id\":\"https:\\\/\\\/www.evropskakuca.me\\\/me\\\/#\\\/schema\\\/person\\\/a1d0dcdaefe4a1cd1d60d200ea137ba4\"},\"headline\":\"Oprema vrijedna 940.000 eura kao podr\u0161ka sektoru saobra\u0107aja u Crnoj Gori\",\"datePublished\":\"2023-04-27T16:07:27+00:00\",\"mainEntityOfPage\":{\"@id\":\"https:\\\/\\\/www.evropskakuca.me\\\/me\\\/oprema-vrijedna-940-000-eura-kao-podrska-sektoru-saobracaja-u-crnoj-gori\\\/\"},\"wordCount\":546,\"publisher\":{\"@id\":\"https:\\\/\\\/www.evropskakuca.me\\\/me\\\/#organization\"},\"image\":{\"@id\":\"https:\\\/\\\/www.evropskakuca.me\\\/me\\\/oprema-vrijedna-940-000-eura-kao-podrska-sektoru-saobracaja-u-crnoj-gori\\\/#primaryimage\"},\"thumbnailUrl\":\"https:\\\/\\\/www.evropskakuca.me\\\/wp-content\\\/uploads\\\/2023\\\/04\\\/FRO_0403.jpg\",\"inLanguage\":\"me-ME\"},{\"@type\":\"WebPage\",\"@id\":\"https:\\\/\\\/www.evropskakuca.me\\\/me\\\/oprema-vrijedna-940-000-eura-kao-podrska-sektoru-saobracaja-u-crnoj-gori\\\/\",\"url\":\"https:\\\/\\\/www.evropskakuca.me\\\/me\\\/oprema-vrijedna-940-000-eura-kao-podrska-sektoru-saobracaja-u-crnoj-gori\\\/\",\"name\":\"Oprema vrijedna 940.000 eura kao podr\u0161ka sektoru saobra\u0107aja u Crnoj Gori - Europe House\",\"isPartOf\":{\"@id\":\"https:\\\/\\\/www.evropskakuca.me\\\/me\\\/#website\"},\"primaryImageOfPage\":{\"@id\":\"https:\\\/\\\/www.evropskakuca.me\\\/me\\\/oprema-vrijedna-940-000-eura-kao-podrska-sektoru-saobracaja-u-crnoj-gori\\\/#primaryimage\"},\"image\":{\"@id\":\"https:\\\/\\\/www.evropskakuca.me\\\/me\\\/oprema-vrijedna-940-000-eura-kao-podrska-sektoru-saobracaja-u-crnoj-gori\\\/#primaryimage\"},\"thumbnailUrl\":\"https:\\\/\\\/www.evropskakuca.me\\\/wp-content\\\/uploads\\\/2023\\\/04\\\/FRO_0403.jpg\",\"datePublished\":\"2023-04-27T16:07:27+00:00\",\"breadcrumb\":{\"@id\":\"https:\\\/\\\/www.evropskakuca.me\\\/me\\\/oprema-vrijedna-940-000-eura-kao-podrska-sektoru-saobracaja-u-crnoj-gori\\\/#breadcrumb\"},\"inLanguage\":\"me-ME\",\"potentialAction\":[{\"@type\":\"ReadAction\",\"target\":[\"https:\\\/\\\/www.evropskakuca.me\\\/me\\\/oprema-vrijedna-940-000-eura-kao-podrska-sektoru-saobracaja-u-crnoj-gori\\\/\"]}]},{\"@type\":\"ImageObject\",\"inLanguage\":\"me-ME\",\"@id\":\"https:\\\/\\\/www.evropskakuca.me\\\/me\\\/oprema-vrijedna-940-000-eura-kao-podrska-sektoru-saobracaja-u-crnoj-gori\\\/#primaryimage\",\"url\":\"https:\\\/\\\/www.evropskakuca.me\\\/wp-content\\\/uploads\\\/2023\\\/04\\\/FRO_0403.jpg\",\"contentUrl\":\"https:\\\/\\\/www.evropskakuca.me\\\/wp-content\\\/uploads\\\/2023\\\/04\\\/FRO_0403.jpg\",\"width\":2560,\"height\":1707},{\"@type\":\"BreadcrumbList\",\"@id\":\"https:\\\/\\\/www.evropskakuca.me\\\/me\\\/oprema-vrijedna-940-000-eura-kao-podrska-sektoru-saobracaja-u-crnoj-gori\\\/#breadcrumb\",\"itemListElement\":[{\"@type\":\"ListItem\",\"position\":1,\"name\":\"Home\",\"item\":\"https:\\\/\\\/www.evropskakuca.me\\\/me\\\/\"},{\"@type\":\"ListItem\",\"position\":2,\"name\":\"Oprema vrijedna 940.000 eura kao podr\u0161ka sektoru saobra\u0107aja u Crnoj Gori\"}]},{\"@type\":\"WebSite\",\"@id\":\"https:\\\/\\\/www.evropskakuca.me\\\/me\\\/#website\",\"url\":\"https:\\\/\\\/www.evropskakuca.me\\\/me\\\/\",\"name\":\"Evropean house\",\"description\":\"\",\"publisher\":{\"@id\":\"https:\\\/\\\/www.evropskakuca.me\\\/me\\\/#organization\"},\"potentialAction\":[{\"@type\":\"SearchAction\",\"target\":{\"@type\":\"EntryPoint\",\"urlTemplate\":\"https:\\\/\\\/www.evropskakuca.me\\\/me\\\/?s={search_term_string}\"},\"query-input\":{\"@type\":\"PropertyValueSpecification\",\"valueRequired\":true,\"valueName\":\"search_term_string\"}}],\"inLanguage\":\"me-ME\"},{\"@type\":\"Organization\",\"@id\":\"https:\\\/\\\/www.evropskakuca.me\\\/me\\\/#organization\",\"name\":\"Evropean house\",\"url\":\"https:\\\/\\\/www.evropskakuca.me\\\/me\\\/\",\"logo\":{\"@type\":\"ImageObject\",\"inLanguage\":\"me-ME\",\"@id\":\"https:\\\/\\\/www.evropskakuca.me\\\/me\\\/#\\\/schema\\\/logo\\\/image\\\/\",\"url\":\"https:\\\/\\\/www.evropskakuca.me\\\/wp-content\\\/uploads\\\/2025\\\/01\\\/evropska-kuca-logo-1.png\",\"contentUrl\":\"https:\\\/\\\/www.evropskakuca.me\\\/wp-content\\\/uploads\\\/2025\\\/01\\\/evropska-kuca-logo-1.png\",\"width\":425,\"height\":312,\"caption\":\"Evropean house\"},\"image\":{\"@id\":\"https:\\\/\\\/www.evropskakuca.me\\\/me\\\/#\\\/schema\\\/logo\\\/image\\\/\"},\"sameAs\":[\"https:\\\/\\\/www.facebook.com\\\/evropska.kuca\",\"https:\\\/\\\/x.com\\\/evropska_kuca\",\"https:\\\/\\\/www.instagram.com\\\/evropska_kuca\"]},{\"@type\":\"Person\",\"@id\":\"https:\\\/\\\/www.evropskakuca.me\\\/me\\\/#\\\/schema\\\/person\\\/a1d0dcdaefe4a1cd1d60d200ea137ba4\",\"name\":\"mkajic\",\"image\":{\"@type\":\"ImageObject\",\"inLanguage\":\"me-ME\",\"@id\":\"https:\\\/\\\/secure.gravatar.com\\\/avatar\\\/731fa035cefab7316e6bafd1f25a93fb731a07de14e2d9923f8db4422628eabc?s=96&d=mm&r=g\",\"url\":\"https:\\\/\\\/secure.gravatar.com\\\/avatar\\\/731fa035cefab7316e6bafd1f25a93fb731a07de14e2d9923f8db4422628eabc?s=96&d=mm&r=g\",\"contentUrl\":\"https:\\\/\\\/secure.gravatar.com\\\/avatar\\\/731fa035cefab7316e6bafd1f25a93fb731a07de14e2d9923f8db4422628eabc?s=96&d=mm&r=g\",\"caption\":\"mkajic\"},\"sameAs\":[\"https:\\\/\\\/evropskakuca.me\"],\"url\":\"https:\\\/\\\/www.evropskakuca.me\\\/me\\\/author\\\/mkajic\\\/\"}]}<\/script>\n<!-- \/ Yoast SEO plugin. -->","yoast_head_json":{"title":"Oprema vrijedna 940.000 eura kao podr\u0161ka sektoru saobra\u0107aja u Crnoj Gori - Europe House","robots":{"index":"index","follow":"follow","max-snippet":"max-snippet:-1","max-image-preview":"max-image-preview:large","max-video-preview":"max-video-preview:-1"},"canonical":"https:\/\/www.evropskakuca.me\/me\/oprema-vrijedna-940-000-eura-kao-podrska-sektoru-saobracaja-u-crnoj-gori\/","og_locale":"en_US","og_type":"article","og_title":"Oprema vrijedna 940.000 eura kao podr\u0161ka sektoru saobra\u0107aja u Crnoj Gori - Europe House","og_description":"\u201eEvropska unija i Crna Gora imaju zajedni\u010dki interes u prepoznavanju i rje\u0161avanju izazova koji se ti\u010du za\u0161tite okoline, kao i pomorske sigurnosti i bezbjednosti na moru\u201d poru\u010dila je ambasadorka EU u Crnoj Gori tokom sve\u010danog uru\u010divanja opreme Upravi pomorske sigurnosti i upravljanja lukama u Baru. Oprema u vrijednosti od\u00a0 940.000 eura,namijenjena je akcijama traganja i [&hellip;]","og_url":"https:\/\/www.evropskakuca.me\/me\/oprema-vrijedna-940-000-eura-kao-podrska-sektoru-saobracaja-u-crnoj-gori\/","og_site_name":"Europe House","article_publisher":"https:\/\/www.facebook.com\/evropska.kuca","article_published_time":"2023-04-27T16:07:27+00:00","og_image":[{"width":2560,"height":1707,"url":"https:\/\/www.evropskakuca.me\/wp-content\/uploads\/2023\/04\/FRO_0403.jpg","type":"image\/jpeg"}],"author":"mkajic","twitter_card":"summary_large_image","twitter_creator":"@evropska_kuca","twitter_site":"@evropska_kuca","twitter_misc":{"Written by":"mkajic","Est. reading time":"3 minutes"},"schema":{"@context":"https:\/\/schema.org","@graph":[{"@type":"Article","@id":"https:\/\/www.evropskakuca.me\/me\/oprema-vrijedna-940-000-eura-kao-podrska-sektoru-saobracaja-u-crnoj-gori\/#article","isPartOf":{"@id":"https:\/\/www.evropskakuca.me\/me\/oprema-vrijedna-940-000-eura-kao-podrska-sektoru-saobracaja-u-crnoj-gori\/"},"author":{"name":"mkajic","@id":"https:\/\/www.evropskakuca.me\/me\/#\/schema\/person\/a1d0dcdaefe4a1cd1d60d200ea137ba4"},"headline":"Oprema vrijedna 940.000 eura kao podr\u0161ka sektoru saobra\u0107aja u Crnoj Gori","datePublished":"2023-04-27T16:07:27+00:00","mainEntityOfPage":{"@id":"https:\/\/www.evropskakuca.me\/me\/oprema-vrijedna-940-000-eura-kao-podrska-sektoru-saobracaja-u-crnoj-gori\/"},"wordCount":546,"publisher":{"@id":"https:\/\/www.evropskakuca.me\/me\/#organization"},"image":{"@id":"https:\/\/www.evropskakuca.me\/me\/oprema-vrijedna-940-000-eura-kao-podrska-sektoru-saobracaja-u-crnoj-gori\/#primaryimage"},"thumbnailUrl":"https:\/\/www.evropskakuca.me\/wp-content\/uploads\/2023\/04\/FRO_0403.jpg","inLanguage":"me-ME"},{"@type":"WebPage","@id":"https:\/\/www.evropskakuca.me\/me\/oprema-vrijedna-940-000-eura-kao-podrska-sektoru-saobracaja-u-crnoj-gori\/","url":"https:\/\/www.evropskakuca.me\/me\/oprema-vrijedna-940-000-eura-kao-podrska-sektoru-saobracaja-u-crnoj-gori\/","name":"Oprema vrijedna 940.000 eura kao podr\u0161ka sektoru saobra\u0107aja u Crnoj Gori - Europe House","isPartOf":{"@id":"https:\/\/www.evropskakuca.me\/me\/#website"},"primaryImageOfPage":{"@id":"https:\/\/www.evropskakuca.me\/me\/oprema-vrijedna-940-000-eura-kao-podrska-sektoru-saobracaja-u-crnoj-gori\/#primaryimage"},"image":{"@id":"https:\/\/www.evropskakuca.me\/me\/oprema-vrijedna-940-000-eura-kao-podrska-sektoru-saobracaja-u-crnoj-gori\/#primaryimage"},"thumbnailUrl":"https:\/\/www.evropskakuca.me\/wp-content\/uploads\/2023\/04\/FRO_0403.jpg","datePublished":"2023-04-27T16:07:27+00:00","breadcrumb":{"@id":"https:\/\/www.evropskakuca.me\/me\/oprema-vrijedna-940-000-eura-kao-podrska-sektoru-saobracaja-u-crnoj-gori\/#breadcrumb"},"inLanguage":"me-ME","potentialAction":[{"@type":"ReadAction","target":["https:\/\/www.evropskakuca.me\/me\/oprema-vrijedna-940-000-eura-kao-podrska-sektoru-saobracaja-u-crnoj-gori\/"]}]},{"@type":"ImageObject","inLanguage":"me-ME","@id":"https:\/\/www.evropskakuca.me\/me\/oprema-vrijedna-940-000-eura-kao-podrska-sektoru-saobracaja-u-crnoj-gori\/#primaryimage","url":"https:\/\/www.evropskakuca.me\/wp-content\/uploads\/2023\/04\/FRO_0403.jpg","contentUrl":"https:\/\/www.evropskakuca.me\/wp-content\/uploads\/2023\/04\/FRO_0403.jpg","width":2560,"height":1707},{"@type":"BreadcrumbList","@id":"https:\/\/www.evropskakuca.me\/me\/oprema-vrijedna-940-000-eura-kao-podrska-sektoru-saobracaja-u-crnoj-gori\/#breadcrumb","itemListElement":[{"@type":"ListItem","position":1,"name":"Home","item":"https:\/\/www.evropskakuca.me\/me\/"},{"@type":"ListItem","position":2,"name":"Oprema vrijedna 940.000 eura kao podr\u0161ka sektoru saobra\u0107aja u Crnoj Gori"}]},{"@type":"WebSite","@id":"https:\/\/www.evropskakuca.me\/me\/#website","url":"https:\/\/www.evropskakuca.me\/me\/","name":"Evropean house","description":"","publisher":{"@id":"https:\/\/www.evropskakuca.me\/me\/#organization"},"potentialAction":[{"@type":"SearchAction","target":{"@type":"EntryPoint","urlTemplate":"https:\/\/www.evropskakuca.me\/me\/?s={search_term_string}"},"query-input":{"@type":"PropertyValueSpecification","valueRequired":true,"valueName":"search_term_string"}}],"inLanguage":"me-ME"},{"@type":"Organization","@id":"https:\/\/www.evropskakuca.me\/me\/#organization","name":"Evropean house","url":"https:\/\/www.evropskakuca.me\/me\/","logo":{"@type":"ImageObject","inLanguage":"me-ME","@id":"https:\/\/www.evropskakuca.me\/me\/#\/schema\/logo\/image\/","url":"https:\/\/www.evropskakuca.me\/wp-content\/uploads\/2025\/01\/evropska-kuca-logo-1.png","contentUrl":"https:\/\/www.evropskakuca.me\/wp-content\/uploads\/2025\/01\/evropska-kuca-logo-1.png","width":425,"height":312,"caption":"Evropean house"},"image":{"@id":"https:\/\/www.evropskakuca.me\/me\/#\/schema\/logo\/image\/"},"sameAs":["https:\/\/www.facebook.com\/evropska.kuca","https:\/\/x.com\/evropska_kuca","https:\/\/www.instagram.com\/evropska_kuca"]},{"@type":"Person","@id":"https:\/\/www.evropskakuca.me\/me\/#\/schema\/person\/a1d0dcdaefe4a1cd1d60d200ea137ba4","name":"mkajic","image":{"@type":"ImageObject","inLanguage":"me-ME","@id":"https:\/\/secure.gravatar.com\/avatar\/731fa035cefab7316e6bafd1f25a93fb731a07de14e2d9923f8db4422628eabc?s=96&d=mm&r=g","url":"https:\/\/secure.gravatar.com\/avatar\/731fa035cefab7316e6bafd1f25a93fb731a07de14e2d9923f8db4422628eabc?s=96&d=mm&r=g","contentUrl":"https:\/\/secure.gravatar.com\/avatar\/731fa035cefab7316e6bafd1f25a93fb731a07de14e2d9923f8db4422628eabc?s=96&d=mm&r=g","caption":"mkajic"},"sameAs":["https:\/\/evropskakuca.me"],"url":"https:\/\/www.evropskakuca.me\/me\/author\/mkajic\/"}]}},"_links":{"self":[{"href":"https:\/\/www.evropskakuca.me\/me\/wp-json\/wp\/v2\/posts\/24710","targetHints":{"allow":["GET"]}}],"collection":[{"href":"https:\/\/www.evropskakuca.me\/me\/wp-json\/wp\/v2\/posts"}],"about":[{"href":"https:\/\/www.evropskakuca.me\/me\/wp-json\/wp\/v2\/types\/post"}],"author":[{"embeddable":true,"href":"https:\/\/www.evropskakuca.me\/me\/wp-json\/wp\/v2\/users\/1"}],"replies":[{"embeddable":true,"href":"https:\/\/www.evropskakuca.me\/me\/wp-json\/wp\/v2\/comments?post=24710"}],"version-history":[{"count":0,"href":"https:\/\/www.evropskakuca.me\/me\/wp-json\/wp\/v2\/posts\/24710\/revisions"}],"wp:featuredmedia":[{"embeddable":true,"href":"https:\/\/www.evropskakuca.me\/me\/wp-json\/wp\/v2\/media\/38899"}],"wp:attachment":[{"href":"https:\/\/www.evropskakuca.me\/me\/wp-json\/wp\/v2\/media?parent=24710"}],"wp:term":[{"taxonomy":"category","embeddable":true,"href":"https:\/\/www.evropskakuca.me\/me\/wp-json\/wp\/v2\/categories?post=24710"},{"taxonomy":"post_tag","embeddable":true,"href":"https:\/\/www.evropskakuca.me\/me\/wp-json\/wp\/v2\/tags?post=24710"}],"curies":[{"name":"wp","href":"https:\/\/api.w.org\/{rel}","templated":true}]}}