{"id":2467,"date":"2016-11-24T14:39:05","date_gmt":"2016-11-24T14:39:05","guid":{"rendered":"http:\/\/www.evropskakuca.me\/me\/?p=2467"},"modified":"2016-11-24T14:39:05","modified_gmt":"2016-11-24T14:39:05","slug":"prezentacija-arbitraznog-suda-pri-privrednoj-komori-crne-gore","status":"publish","type":"post","link":"https:\/\/www.evropskakuca.me\/me\/prezentacija-arbitraznog-suda-pri-privrednoj-komori-crne-gore\/","title":{"rendered":"Prezentacija Arbitra\u017enog suda pri Privrednoj komori Crne Gore"},"content":{"rendered":"<p><strong>Podgorica, 24. novembar 2016.<\/strong><em> &#8211; \u00a0<\/em>Brzina postupka, jednostepenost u odlu\u010divanju, bitno smanjenje tro\u0161kova za stranke, snaga pravosna\u017ene sudske presude, najzna\u010dajnije su prednosti arbitra\u017ee \u2013 vansudskog rje\u0161avanja privrednih sporova, ocijenjeno je na prezentaciji Arbitra\u017enog suda pri Privrednoj komori Crne Gore koja je u \u010detvrtak odr\u017eana u EU Info Centru.<\/p>\n<p>Potpredsjednik Arbitra\u017enog suda pri Privrednoj komori Stanko Zlokovi\u0107 ocijenio je da je ovaj institut jo\u0161 nedovoljno iskori\u0161\u0107en te da ga treba dodatno promovisati jer se firme po inerciji za rje\u0161avanje sporova obra\u0107aju sudu, \u0161to je nekada bio jedini mogu\u0107i na\u010din.<\/p>\n<p>Na prezentaciji je obja\u0161njeno da je arbitra\u017ea, za razliku od dr\u017eavnog suda, posebna sudska institucija \u010dije arbitre, koji meritorno rje\u0161avaju spor, biraju stranke u postupku. Arbitra\u017eni sudovi jo\u0161 se nazivaju i \u201eizabrani sudovi\u201c.<\/p>\n<p>Postupak pred Arbitra\u017enim sudom pri Privrednoj komori Crne Gore vodi se na na\u010din da se obezbijedi pravi\u010dno i efikasno rje\u0161avanje sporova i izbjegnu nepotrebna odugovla\u010denja i tro\u0161kovi, kazali su iz te institucije.<\/p>\n<p>U postupku koji se tako vodi postoji autonomija volje stranaka da izaberu broj arbitara, mjesto procesa, materijalno pravo i jezik.<\/p>\n<p>Oni su kazali i da su ovakvi procesi zastupljeni u nacionalnom ali jo\u0161 vi\u0161e u me\u0111unarodnom prometu, jer je arbitra\u017ea br\u017ea, manje formalna od dr\u017eavnog suda, \u00a0i spor se rje\u0161ava u prvom stepenu.<\/p>\n<p>Iz PK su kazali i da su arbitri dobri poznavaoci trgova\u010dkog prava, a sporove u odre\u0111enim slu\u010dajevima mogu rje\u0161avati i primjenom na\u010dela pravi\u010dnosti (ex aequo et bono).<\/p>\n<p>Arbitra\u017eni sud pri Privrednoj komori Crne Gore je samostalna i nezavisna institucija. Pravni osnov za njegovo funkcionisanje je Zakon o arbitra\u017ei koji je usvojen pro\u0161le godine, a PKCG je razradila arbitra\u017ena pravila koja ure\u0111uju arbitra\u017eni postupak i organizaciju Arbitra\u017enog suda. \u201cSve je ura\u0111eno po me\u0111unarodnim standardima i pravilima\u201c, kazao je Zlokovi\u0107.<\/p>\n<p>Arbitra\u017eni sud je osnovan u decembru pro\u0161le godine.<\/p>\n<p><em>Sadr\u017eaj ovog \u010dlanka je isklju\u010diva odgovornost EU Info Centra i ni na koji na\u010din ne odra\u017eava stavove Evropske unije.<\/em><\/p>\n","protected":false},"excerpt":{"rendered":"<p>Podgorica, 24. novembar 2016. &#8211; \u00a0Brzina postupka, jednostepenost u odlu\u010divanju, bitno smanjenje tro\u0161kova za stranke, snaga pravosna\u017ene sudske presude, najzna\u010dajnije su prednosti arbitra\u017ee \u2013 vansudskog rje\u0161avanja privrednih sporova, ocijenjeno je na prezentaciji Arbitra\u017enog suda pri Privrednoj komori Crne Gore koja je u \u010detvrtak odr\u017eana u EU Info Centru. Potpredsjednik Arbitra\u017enog suda pri Privrednoj komori Stanko [&hellip;]<\/p>\n","protected":false},"author":1,"featured_media":32080,"comment_status":"open","ping_status":"open","sticky":false,"template":"","format":"standard","meta":{"_acf_changed":false,"footnotes":""},"categories":[],"tags":[],"class_list":["post-2467","post","type-post","status-publish","format-standard","has-post-thumbnail","hentry"],"acf":[],"yoast_head":"<!-- This site is optimized with the Yoast SEO plugin v27.3 - https:\/\/yoast.com\/product\/yoast-seo-wordpress\/ -->\n<title>Prezentacija Arbitra\u017enog suda pri Privrednoj komori Crne Gore - Europe House<\/title>\n<meta name=\"robots\" content=\"index, follow, max-snippet:-1, max-image-preview:large, max-video-preview:-1\" \/>\n<link rel=\"canonical\" href=\"https:\/\/www.evropskakuca.me\/me\/prezentacija-arbitraznog-suda-pri-privrednoj-komori-crne-gore\/\" \/>\n<meta property=\"og:locale\" content=\"en_US\" \/>\n<meta property=\"og:type\" content=\"article\" \/>\n<meta property=\"og:title\" content=\"Prezentacija Arbitra\u017enog suda pri Privrednoj komori Crne Gore - Europe House\" \/>\n<meta property=\"og:description\" content=\"Podgorica, 24. novembar 2016. &#8211; \u00a0Brzina postupka, jednostepenost u odlu\u010divanju, bitno smanjenje tro\u0161kova za stranke, snaga pravosna\u017ene sudske presude, najzna\u010dajnije su prednosti arbitra\u017ee \u2013 vansudskog rje\u0161avanja privrednih sporova, ocijenjeno je na prezentaciji Arbitra\u017enog suda pri Privrednoj komori Crne Gore koja je u \u010detvrtak odr\u017eana u EU Info Centru. Potpredsjednik Arbitra\u017enog suda pri Privrednoj komori Stanko [&hellip;]\" \/>\n<meta property=\"og:url\" content=\"https:\/\/www.evropskakuca.me\/me\/prezentacija-arbitraznog-suda-pri-privrednoj-komori-crne-gore\/\" \/>\n<meta property=\"og:site_name\" content=\"Europe House\" \/>\n<meta property=\"article:publisher\" content=\"https:\/\/www.facebook.com\/evropska.kuca\" \/>\n<meta property=\"article:published_time\" content=\"2016-11-24T14:39:05+00:00\" \/>\n<meta property=\"og:image\" content=\"https:\/\/www.evropskakuca.me\/wp-content\/uploads\/2016\/11\/0.jpg\" \/>\n\t<meta property=\"og:image:width\" content=\"1012\" \/>\n\t<meta property=\"og:image:height\" content=\"675\" \/>\n\t<meta property=\"og:image:type\" content=\"image\/jpeg\" \/>\n<meta name=\"author\" content=\"mkajic\" \/>\n<meta name=\"twitter:card\" content=\"summary_large_image\" \/>\n<meta name=\"twitter:creator\" content=\"@evropska_kuca\" \/>\n<meta name=\"twitter:site\" content=\"@evropska_kuca\" \/>\n<meta name=\"twitter:label1\" content=\"Written by\" \/>\n\t<meta name=\"twitter:data1\" content=\"mkajic\" \/>\n\t<meta name=\"twitter:label2\" content=\"Est. reading time\" \/>\n\t<meta name=\"twitter:data2\" content=\"2 minutes\" \/>\n<script type=\"application\/ld+json\" class=\"yoast-schema-graph\">{\"@context\":\"https:\\\/\\\/schema.org\",\"@graph\":[{\"@type\":\"Article\",\"@id\":\"https:\\\/\\\/www.evropskakuca.me\\\/me\\\/prezentacija-arbitraznog-suda-pri-privrednoj-komori-crne-gore\\\/#article\",\"isPartOf\":{\"@id\":\"https:\\\/\\\/www.evropskakuca.me\\\/me\\\/prezentacija-arbitraznog-suda-pri-privrednoj-komori-crne-gore\\\/\"},\"author\":{\"name\":\"mkajic\",\"@id\":\"https:\\\/\\\/www.evropskakuca.me\\\/me\\\/#\\\/schema\\\/person\\\/a1d0dcdaefe4a1cd1d60d200ea137ba4\"},\"headline\":\"Prezentacija Arbitra\u017enog suda pri Privrednoj komori Crne Gore\",\"datePublished\":\"2016-11-24T14:39:05+00:00\",\"mainEntityOfPage\":{\"@id\":\"https:\\\/\\\/www.evropskakuca.me\\\/me\\\/prezentacija-arbitraznog-suda-pri-privrednoj-komori-crne-gore\\\/\"},\"wordCount\":369,\"commentCount\":0,\"publisher\":{\"@id\":\"https:\\\/\\\/www.evropskakuca.me\\\/me\\\/#organization\"},\"image\":{\"@id\":\"https:\\\/\\\/www.evropskakuca.me\\\/me\\\/prezentacija-arbitraznog-suda-pri-privrednoj-komori-crne-gore\\\/#primaryimage\"},\"thumbnailUrl\":\"https:\\\/\\\/www.evropskakuca.me\\\/wp-content\\\/uploads\\\/2016\\\/11\\\/0.jpg\",\"inLanguage\":\"me-ME\",\"potentialAction\":[{\"@type\":\"CommentAction\",\"name\":\"Comment\",\"target\":[\"https:\\\/\\\/www.evropskakuca.me\\\/me\\\/prezentacija-arbitraznog-suda-pri-privrednoj-komori-crne-gore\\\/#respond\"]}]},{\"@type\":\"WebPage\",\"@id\":\"https:\\\/\\\/www.evropskakuca.me\\\/me\\\/prezentacija-arbitraznog-suda-pri-privrednoj-komori-crne-gore\\\/\",\"url\":\"https:\\\/\\\/www.evropskakuca.me\\\/me\\\/prezentacija-arbitraznog-suda-pri-privrednoj-komori-crne-gore\\\/\",\"name\":\"Prezentacija Arbitra\u017enog suda pri Privrednoj komori Crne Gore - Europe House\",\"isPartOf\":{\"@id\":\"https:\\\/\\\/www.evropskakuca.me\\\/me\\\/#website\"},\"primaryImageOfPage\":{\"@id\":\"https:\\\/\\\/www.evropskakuca.me\\\/me\\\/prezentacija-arbitraznog-suda-pri-privrednoj-komori-crne-gore\\\/#primaryimage\"},\"image\":{\"@id\":\"https:\\\/\\\/www.evropskakuca.me\\\/me\\\/prezentacija-arbitraznog-suda-pri-privrednoj-komori-crne-gore\\\/#primaryimage\"},\"thumbnailUrl\":\"https:\\\/\\\/www.evropskakuca.me\\\/wp-content\\\/uploads\\\/2016\\\/11\\\/0.jpg\",\"datePublished\":\"2016-11-24T14:39:05+00:00\",\"breadcrumb\":{\"@id\":\"https:\\\/\\\/www.evropskakuca.me\\\/me\\\/prezentacija-arbitraznog-suda-pri-privrednoj-komori-crne-gore\\\/#breadcrumb\"},\"inLanguage\":\"me-ME\",\"potentialAction\":[{\"@type\":\"ReadAction\",\"target\":[\"https:\\\/\\\/www.evropskakuca.me\\\/me\\\/prezentacija-arbitraznog-suda-pri-privrednoj-komori-crne-gore\\\/\"]}]},{\"@type\":\"ImageObject\",\"inLanguage\":\"me-ME\",\"@id\":\"https:\\\/\\\/www.evropskakuca.me\\\/me\\\/prezentacija-arbitraznog-suda-pri-privrednoj-komori-crne-gore\\\/#primaryimage\",\"url\":\"https:\\\/\\\/www.evropskakuca.me\\\/wp-content\\\/uploads\\\/2016\\\/11\\\/0.jpg\",\"contentUrl\":\"https:\\\/\\\/www.evropskakuca.me\\\/wp-content\\\/uploads\\\/2016\\\/11\\\/0.jpg\",\"width\":1012,\"height\":675},{\"@type\":\"BreadcrumbList\",\"@id\":\"https:\\\/\\\/www.evropskakuca.me\\\/me\\\/prezentacija-arbitraznog-suda-pri-privrednoj-komori-crne-gore\\\/#breadcrumb\",\"itemListElement\":[{\"@type\":\"ListItem\",\"position\":1,\"name\":\"Home\",\"item\":\"https:\\\/\\\/www.evropskakuca.me\\\/me\\\/\"},{\"@type\":\"ListItem\",\"position\":2,\"name\":\"Prezentacija Arbitra\u017enog suda pri Privrednoj komori Crne Gore\"}]},{\"@type\":\"WebSite\",\"@id\":\"https:\\\/\\\/www.evropskakuca.me\\\/me\\\/#website\",\"url\":\"https:\\\/\\\/www.evropskakuca.me\\\/me\\\/\",\"name\":\"Evropean house\",\"description\":\"\",\"publisher\":{\"@id\":\"https:\\\/\\\/www.evropskakuca.me\\\/me\\\/#organization\"},\"potentialAction\":[{\"@type\":\"SearchAction\",\"target\":{\"@type\":\"EntryPoint\",\"urlTemplate\":\"https:\\\/\\\/www.evropskakuca.me\\\/me\\\/?s={search_term_string}\"},\"query-input\":{\"@type\":\"PropertyValueSpecification\",\"valueRequired\":true,\"valueName\":\"search_term_string\"}}],\"inLanguage\":\"me-ME\"},{\"@type\":\"Organization\",\"@id\":\"https:\\\/\\\/www.evropskakuca.me\\\/me\\\/#organization\",\"name\":\"Evropean house\",\"url\":\"https:\\\/\\\/www.evropskakuca.me\\\/me\\\/\",\"logo\":{\"@type\":\"ImageObject\",\"inLanguage\":\"me-ME\",\"@id\":\"https:\\\/\\\/www.evropskakuca.me\\\/me\\\/#\\\/schema\\\/logo\\\/image\\\/\",\"url\":\"https:\\\/\\\/www.evropskakuca.me\\\/wp-content\\\/uploads\\\/2025\\\/01\\\/evropska-kuca-logo-1.png\",\"contentUrl\":\"https:\\\/\\\/www.evropskakuca.me\\\/wp-content\\\/uploads\\\/2025\\\/01\\\/evropska-kuca-logo-1.png\",\"width\":425,\"height\":312,\"caption\":\"Evropean house\"},\"image\":{\"@id\":\"https:\\\/\\\/www.evropskakuca.me\\\/me\\\/#\\\/schema\\\/logo\\\/image\\\/\"},\"sameAs\":[\"https:\\\/\\\/www.facebook.com\\\/evropska.kuca\",\"https:\\\/\\\/x.com\\\/evropska_kuca\",\"https:\\\/\\\/www.instagram.com\\\/evropska_kuca\"]},{\"@type\":\"Person\",\"@id\":\"https:\\\/\\\/www.evropskakuca.me\\\/me\\\/#\\\/schema\\\/person\\\/a1d0dcdaefe4a1cd1d60d200ea137ba4\",\"name\":\"mkajic\",\"image\":{\"@type\":\"ImageObject\",\"inLanguage\":\"me-ME\",\"@id\":\"https:\\\/\\\/secure.gravatar.com\\\/avatar\\\/731fa035cefab7316e6bafd1f25a93fb731a07de14e2d9923f8db4422628eabc?s=96&d=mm&r=g\",\"url\":\"https:\\\/\\\/secure.gravatar.com\\\/avatar\\\/731fa035cefab7316e6bafd1f25a93fb731a07de14e2d9923f8db4422628eabc?s=96&d=mm&r=g\",\"contentUrl\":\"https:\\\/\\\/secure.gravatar.com\\\/avatar\\\/731fa035cefab7316e6bafd1f25a93fb731a07de14e2d9923f8db4422628eabc?s=96&d=mm&r=g\",\"caption\":\"mkajic\"},\"sameAs\":[\"https:\\\/\\\/evropskakuca.me\"],\"url\":\"https:\\\/\\\/www.evropskakuca.me\\\/me\\\/author\\\/mkajic\\\/\"}]}<\/script>\n<!-- \/ Yoast SEO plugin. -->","yoast_head_json":{"title":"Prezentacija Arbitra\u017enog suda pri Privrednoj komori Crne Gore - Europe House","robots":{"index":"index","follow":"follow","max-snippet":"max-snippet:-1","max-image-preview":"max-image-preview:large","max-video-preview":"max-video-preview:-1"},"canonical":"https:\/\/www.evropskakuca.me\/me\/prezentacija-arbitraznog-suda-pri-privrednoj-komori-crne-gore\/","og_locale":"en_US","og_type":"article","og_title":"Prezentacija Arbitra\u017enog suda pri Privrednoj komori Crne Gore - Europe House","og_description":"Podgorica, 24. novembar 2016. &#8211; \u00a0Brzina postupka, jednostepenost u odlu\u010divanju, bitno smanjenje tro\u0161kova za stranke, snaga pravosna\u017ene sudske presude, najzna\u010dajnije su prednosti arbitra\u017ee \u2013 vansudskog rje\u0161avanja privrednih sporova, ocijenjeno je na prezentaciji Arbitra\u017enog suda pri Privrednoj komori Crne Gore koja je u \u010detvrtak odr\u017eana u EU Info Centru. Potpredsjednik Arbitra\u017enog suda pri Privrednoj komori Stanko [&hellip;]","og_url":"https:\/\/www.evropskakuca.me\/me\/prezentacija-arbitraznog-suda-pri-privrednoj-komori-crne-gore\/","og_site_name":"Europe House","article_publisher":"https:\/\/www.facebook.com\/evropska.kuca","article_published_time":"2016-11-24T14:39:05+00:00","og_image":[{"width":1012,"height":675,"url":"https:\/\/www.evropskakuca.me\/wp-content\/uploads\/2016\/11\/0.jpg","type":"image\/jpeg"}],"author":"mkajic","twitter_card":"summary_large_image","twitter_creator":"@evropska_kuca","twitter_site":"@evropska_kuca","twitter_misc":{"Written by":"mkajic","Est. reading time":"2 minutes"},"schema":{"@context":"https:\/\/schema.org","@graph":[{"@type":"Article","@id":"https:\/\/www.evropskakuca.me\/me\/prezentacija-arbitraznog-suda-pri-privrednoj-komori-crne-gore\/#article","isPartOf":{"@id":"https:\/\/www.evropskakuca.me\/me\/prezentacija-arbitraznog-suda-pri-privrednoj-komori-crne-gore\/"},"author":{"name":"mkajic","@id":"https:\/\/www.evropskakuca.me\/me\/#\/schema\/person\/a1d0dcdaefe4a1cd1d60d200ea137ba4"},"headline":"Prezentacija Arbitra\u017enog suda pri Privrednoj komori Crne Gore","datePublished":"2016-11-24T14:39:05+00:00","mainEntityOfPage":{"@id":"https:\/\/www.evropskakuca.me\/me\/prezentacija-arbitraznog-suda-pri-privrednoj-komori-crne-gore\/"},"wordCount":369,"commentCount":0,"publisher":{"@id":"https:\/\/www.evropskakuca.me\/me\/#organization"},"image":{"@id":"https:\/\/www.evropskakuca.me\/me\/prezentacija-arbitraznog-suda-pri-privrednoj-komori-crne-gore\/#primaryimage"},"thumbnailUrl":"https:\/\/www.evropskakuca.me\/wp-content\/uploads\/2016\/11\/0.jpg","inLanguage":"me-ME","potentialAction":[{"@type":"CommentAction","name":"Comment","target":["https:\/\/www.evropskakuca.me\/me\/prezentacija-arbitraznog-suda-pri-privrednoj-komori-crne-gore\/#respond"]}]},{"@type":"WebPage","@id":"https:\/\/www.evropskakuca.me\/me\/prezentacija-arbitraznog-suda-pri-privrednoj-komori-crne-gore\/","url":"https:\/\/www.evropskakuca.me\/me\/prezentacija-arbitraznog-suda-pri-privrednoj-komori-crne-gore\/","name":"Prezentacija Arbitra\u017enog suda pri Privrednoj komori Crne Gore - Europe House","isPartOf":{"@id":"https:\/\/www.evropskakuca.me\/me\/#website"},"primaryImageOfPage":{"@id":"https:\/\/www.evropskakuca.me\/me\/prezentacija-arbitraznog-suda-pri-privrednoj-komori-crne-gore\/#primaryimage"},"image":{"@id":"https:\/\/www.evropskakuca.me\/me\/prezentacija-arbitraznog-suda-pri-privrednoj-komori-crne-gore\/#primaryimage"},"thumbnailUrl":"https:\/\/www.evropskakuca.me\/wp-content\/uploads\/2016\/11\/0.jpg","datePublished":"2016-11-24T14:39:05+00:00","breadcrumb":{"@id":"https:\/\/www.evropskakuca.me\/me\/prezentacija-arbitraznog-suda-pri-privrednoj-komori-crne-gore\/#breadcrumb"},"inLanguage":"me-ME","potentialAction":[{"@type":"ReadAction","target":["https:\/\/www.evropskakuca.me\/me\/prezentacija-arbitraznog-suda-pri-privrednoj-komori-crne-gore\/"]}]},{"@type":"ImageObject","inLanguage":"me-ME","@id":"https:\/\/www.evropskakuca.me\/me\/prezentacija-arbitraznog-suda-pri-privrednoj-komori-crne-gore\/#primaryimage","url":"https:\/\/www.evropskakuca.me\/wp-content\/uploads\/2016\/11\/0.jpg","contentUrl":"https:\/\/www.evropskakuca.me\/wp-content\/uploads\/2016\/11\/0.jpg","width":1012,"height":675},{"@type":"BreadcrumbList","@id":"https:\/\/www.evropskakuca.me\/me\/prezentacija-arbitraznog-suda-pri-privrednoj-komori-crne-gore\/#breadcrumb","itemListElement":[{"@type":"ListItem","position":1,"name":"Home","item":"https:\/\/www.evropskakuca.me\/me\/"},{"@type":"ListItem","position":2,"name":"Prezentacija Arbitra\u017enog suda pri Privrednoj komori Crne Gore"}]},{"@type":"WebSite","@id":"https:\/\/www.evropskakuca.me\/me\/#website","url":"https:\/\/www.evropskakuca.me\/me\/","name":"Evropean house","description":"","publisher":{"@id":"https:\/\/www.evropskakuca.me\/me\/#organization"},"potentialAction":[{"@type":"SearchAction","target":{"@type":"EntryPoint","urlTemplate":"https:\/\/www.evropskakuca.me\/me\/?s={search_term_string}"},"query-input":{"@type":"PropertyValueSpecification","valueRequired":true,"valueName":"search_term_string"}}],"inLanguage":"me-ME"},{"@type":"Organization","@id":"https:\/\/www.evropskakuca.me\/me\/#organization","name":"Evropean house","url":"https:\/\/www.evropskakuca.me\/me\/","logo":{"@type":"ImageObject","inLanguage":"me-ME","@id":"https:\/\/www.evropskakuca.me\/me\/#\/schema\/logo\/image\/","url":"https:\/\/www.evropskakuca.me\/wp-content\/uploads\/2025\/01\/evropska-kuca-logo-1.png","contentUrl":"https:\/\/www.evropskakuca.me\/wp-content\/uploads\/2025\/01\/evropska-kuca-logo-1.png","width":425,"height":312,"caption":"Evropean house"},"image":{"@id":"https:\/\/www.evropskakuca.me\/me\/#\/schema\/logo\/image\/"},"sameAs":["https:\/\/www.facebook.com\/evropska.kuca","https:\/\/x.com\/evropska_kuca","https:\/\/www.instagram.com\/evropska_kuca"]},{"@type":"Person","@id":"https:\/\/www.evropskakuca.me\/me\/#\/schema\/person\/a1d0dcdaefe4a1cd1d60d200ea137ba4","name":"mkajic","image":{"@type":"ImageObject","inLanguage":"me-ME","@id":"https:\/\/secure.gravatar.com\/avatar\/731fa035cefab7316e6bafd1f25a93fb731a07de14e2d9923f8db4422628eabc?s=96&d=mm&r=g","url":"https:\/\/secure.gravatar.com\/avatar\/731fa035cefab7316e6bafd1f25a93fb731a07de14e2d9923f8db4422628eabc?s=96&d=mm&r=g","contentUrl":"https:\/\/secure.gravatar.com\/avatar\/731fa035cefab7316e6bafd1f25a93fb731a07de14e2d9923f8db4422628eabc?s=96&d=mm&r=g","caption":"mkajic"},"sameAs":["https:\/\/evropskakuca.me"],"url":"https:\/\/www.evropskakuca.me\/me\/author\/mkajic\/"}]}},"_links":{"self":[{"href":"https:\/\/www.evropskakuca.me\/me\/wp-json\/wp\/v2\/posts\/2467","targetHints":{"allow":["GET"]}}],"collection":[{"href":"https:\/\/www.evropskakuca.me\/me\/wp-json\/wp\/v2\/posts"}],"about":[{"href":"https:\/\/www.evropskakuca.me\/me\/wp-json\/wp\/v2\/types\/post"}],"author":[{"embeddable":true,"href":"https:\/\/www.evropskakuca.me\/me\/wp-json\/wp\/v2\/users\/1"}],"replies":[{"embeddable":true,"href":"https:\/\/www.evropskakuca.me\/me\/wp-json\/wp\/v2\/comments?post=2467"}],"version-history":[{"count":0,"href":"https:\/\/www.evropskakuca.me\/me\/wp-json\/wp\/v2\/posts\/2467\/revisions"}],"wp:featuredmedia":[{"embeddable":true,"href":"https:\/\/www.evropskakuca.me\/me\/wp-json\/wp\/v2\/media\/32080"}],"wp:attachment":[{"href":"https:\/\/www.evropskakuca.me\/me\/wp-json\/wp\/v2\/media?parent=2467"}],"wp:term":[{"taxonomy":"category","embeddable":true,"href":"https:\/\/www.evropskakuca.me\/me\/wp-json\/wp\/v2\/categories?post=2467"},{"taxonomy":"post_tag","embeddable":true,"href":"https:\/\/www.evropskakuca.me\/me\/wp-json\/wp\/v2\/tags?post=2467"}],"curies":[{"name":"wp","href":"https:\/\/api.w.org\/{rel}","templated":true}]}}