{"id":24665,"date":"2023-04-25T11:25:14","date_gmt":"2023-04-25T11:25:14","guid":{"rendered":"https:\/\/evropskakuca.me\/?p=24665"},"modified":"2023-04-25T11:25:14","modified_gmt":"2023-04-25T11:25:14","slug":"povecanje-unijinih-kapaciteta-za-ucinkovitu-operativnu-saradnju-solidarnost-i-otpornost","status":"publish","type":"post","link":"https:\/\/www.evropskakuca.me\/me\/povecanje-unijinih-kapaciteta-za-ucinkovitu-operativnu-saradnju-solidarnost-i-otpornost\/","title":{"rendered":"Pove\u0107anje Unijinih kapaciteta za u\u010dinkovitu operativnu saradnju, solidarnost i otpornost"},"content":{"rendered":"<p>Komisija je u cilju ja\u010danja sajber sigurnosnih kapaciteta Unije donijela prijedlog <strong>Akta o sajber solidarnosti EU-a<\/strong>. On \u0107e olak\u0161ati otkrivanje\u00a0 sajber sigurnosnih prijetnji i incidenata i informisanje o njima, pobolj\u0161ati pripravnost kriti\u010dnih subjekata te oja\u010dati solidarnost, uskla\u0111eno upravljanje krizama i kapacitete za odgovor na njih u svim dr\u017eavama \u010dlanicama. Aktom se ustrojavaju kapaciteti Unije zahvaljuju\u0107i kojima \u0107e Evropa postati otpornija na sajber prijetnje i lak\u0161e odgovarati na njih te se u\u010dvr\u0161\u0107uje postoje\u0107i mehanizam saradnje. \u00a0Taj \u0107e akt doprinijeti stvaranju sigurnog i za\u0161ti\u0107enog digitalnog okru\u017eenja za gra\u0111ane i poduze\u0107a te za\u0161titi kriti\u010dnih subjekata i klju\u010dnih usluga kao \u0161to su bolnice i javne komunalne slu\u017ebe.<\/p>\n<p><img fetchpriority=\"high\" decoding=\"async\" class=\"alignnone size-large wp-image-24657\" src=\"https:\/\/evropskakuca.me\/wp-content\/uploads\/2023\/04\/software-developer-6521720_1920-1024x683.jpg\" alt=\"\" width=\"1024\" height=\"683\" \/><\/p>\n<p>Komisija je u okviru\u00a0<a href=\"https:\/\/commission.europa.eu\/strategy-and-policy\/priorities-2019-2024\/europe-fit-digital-age\/european-year-skills-2023_hr\">Evropske godine vje\u0161tina 2023.<\/a>\u00a0predstavila i\u00a0<strong>Akademiju za vje\u0161tine u podru\u010dju sajber sigurnosti<\/strong> kako bi se koordiniranije pristupilo razvoju nedostaju\u0107ih talenata u podru\u010dju sajber sigurnosti, \u0161to je preduslov za ja\u010danje otpornosti Evrope. Akademija \u0107e na internetskoj platformi objediniti razne postoje\u0107e inicijative koje imaju za cilj promicati kibersigurnosne vje\u0161tine, \u0161to \u0107e pobolj\u0161ati njihovu vidljivost i pove\u0107ati broj kvalificiranih stru\u010dnjaka za sajber sigurnost u Uniji.<\/p>\n<p>EU se u okviru\u00a0<a href=\"https:\/\/commission.europa.eu\/strategy-and-policy\/priorities-2019-2024\/promoting-our-european-way-life\/european-security-union_hr\">evropske sigurnosne unije<\/a> zala\u017ee za djelotvornu za\u0161titu svih evropskih gra\u0111ana i preduze\u0107a na internetu i izvan njega te promovisanje otvorenog, sigurnog i stabilnog sajber prostora. Me\u0111utim, porast razmjera, u\u010destalosti i ozbiljnosti sajber incidenata velika je prijetnja funkcionisanju mre\u017enih i informacijskih sastava te jedinstvenom evropskom tr\u017ei\u0161tu. Tu je prijetnju dodatno pogor\u0161ala ruska vojna agresija na Ukrajinu u kombinaciji s mno\u0161tvom dr\u017eavi bliskih i kriminalnih aktera umije\u0161anih u trenuta\u010dne geopoliti\u010dke napetosti.<\/p>\n<p>Predlo\u017eeni akt i akademija temelje se na postoje\u0107em\u00a0<a href=\"https:\/\/digital-strategy.ec.europa.eu\/en\/policies\/cybersecurity-policies\">\u010dvrstom strate\u0161kom, politi\u010dkom i zakonodavnom okviru<\/a> te \u0107e dodatno doprinijeti boljem otkrivanju sajber prijetnji, otpornosti i pripravnosti na svim nivoima sajber sigurnosnog ekosustava Unije.<\/p>\n<h3>Akt o sajber solidarnosti EU-a<\/h3>\n<p>Akt o sajber solidarnosti EU-a oja\u010da\u0107e solidarnost na nivou Unije jer \u0107e se njime uspostaviti evropski sajber \u0161tit i sveobuhvatni mehanizam za izvanredne sajber sigurnosne situacije, koji \u0107e omogu\u0107iti lak\u0161e <strong>otkrivanje<\/strong> zna\u010dajnih sajber incidenata ili\u00a0 sajber incidenata velikih razmjera te bolju <strong>pripremu<\/strong>\u00a0i\u00a0<strong>odgovor<\/strong>\u00a0na njih.<\/p>\n<p>Za brzo i u\u010dinkovito otkrivanje velikih sajber prijetnji Komisija predla\u017ee uspostavu <strong>evropskog sajber \u0161tita, paneuropske infrastrukture sa\u010dinjene od nacionalnih i prekograni\u010dnih centara za sigurnosne operacije u cijeloj Uniji<\/strong>.<strong>\u00a0<\/strong>Centri su zadu\u017eeni za otkrivanje i borbu protiv sajber prijetnji i incidenata te prekograni\u010dnu razmjenu pravovremenih upozorenja. U radu \u0107e primjenjivati najsavremenije tehnologije kao \u0161to su vje\u0161ta\u010dka inteligencija i napredna analiza podataka te \u0107e nadle\u017enim tijelima i relevantnim subjektima omogu\u0107iti da u slu\u010daju ozbiljnih incidenata postupaju \u0161to efikasnije.<\/p>\n<p><img decoding=\"async\" class=\"alignnone size-large wp-image-24659\" src=\"https:\/\/evropskakuca.me\/wp-content\/uploads\/2023\/04\/cyber-security-2765707_1920-1024x683.jpg\" alt=\"\" width=\"1024\" height=\"683\" \/><\/p>\n<p>Centri bi s radom mogli po\u010deti u prvim mjesecima 2024. U pripremnoj fazi uspostavljanja evropskog sajber \u0161tita Komisija je u aprilu 2023. u okviru programa Digitalna Evropa odabrala <a href=\"https:\/\/digital-strategy.ec.europa.eu\/en\/news\/cybersecurity-eu-launches-first-phase-deployment-european-infrastructure-cross-border-security\">tri konzorcijuma prekograni\u010dnih centara za sigurnosne operacije<\/a>\u00a0koji okupljaju javna tijela iz 17 dr\u017eava \u010dlanica i Islanda.<\/p>\n<p>Akt uklju\u010duje i uspostavljanje <strong>mehanizma za vanredne sajber sigurnosne situacije<\/strong>\u00a0kako bi se pove\u0107ala pripravnost i pobolj\u0161ala sposobnost odgovora na incidente u Uniji.<strong>\u00a0<\/strong>On \u0107e omogu\u0107iti:<\/p>\n<ul>\n<li><strong>podizanje pripravnosti<\/strong>, \u0161to uklju\u010duje testiranje subjekata u klju\u010dnim sektorima (zdravstvo, promet, energetika itd.) na potencijalne slabe to\u010dke primjenom zajedni\u010dkih scenarija i metoda procjene rizika<\/li>\n<li><strong>uspostavljanje nove sajber sigurnosne pri\u010duve EU-a<\/strong>, koju \u0107e \u010diniti usluge pouzdanih pru\u017eatelja s kojima \u0107e ugovori biti unaprijed sklopljeni i koji \u0107e stoga biti spremni, na zahtjev dr\u017eave \u010dlanice ili institucija, tijela i agencija Unije, intervenisati u slu\u010daju zna\u010dajnog sajber incidenta ili sajber incidenta velikih razmjera<\/li>\n<li><strong>pru\u017eanje financijske potpore za uzajamnu pomo\u0107<\/strong>\u00a0kako bi dr\u017eave \u010dlanice mogle jedna drugoj ponuditi pomo\u0107.<\/li>\n<\/ul>\n<p>Nadalje, predlo\u017eenom uredbom uspostavlja se\u00a0<strong>mehanizam za preispitivanje sajber incidenata<\/strong>, kojim \u0107e se, radi pove\u0107anja otpornosti Unije i u\u010dinkovitosti odgovora, naknadno preispitivati i procjenjivati zna\u010dajni sajber incidenti ili sajber incidenti velikih razmjera kako bi se iz njih izvukle pouke i donijele preporuke za pove\u0107anje sajber sigurnosti Unije.<\/p>\n<p>Ukupna sredstva za sva djelovanja u okviru Akta o sajber solidarnosti EU-a iznose <strong>1,1 milijardu EUR, od \u010dega \u0107e Unija financirati otprilike dvije tre\u0107ine<\/strong> iz programa Digitalna Evropa.<\/p>\n<h3>Akademija EU-a za vje\u0161tine u podru\u010dju sajber sigurnosti<\/h3>\n<p><strong>Akademija EU-a za vje\u0161tine u podru\u010dju sajber sigurnosti<\/strong> objedini\u0107e privatne i javne inicijative za osposobljavanje u podru\u010dju sajber sigurnosti na evropskom i nacionalnom nivou. Inicijative \u0107e tako postati vidljivije i lak\u0161e doprinijeti pove\u0107anju stru\u010dnog kadra u podru\u010dju sajber sigurnosti.<\/p>\n<p>Akademija \u0107e u po\u010detku biti smje\u0161tena na\u00a0<a href=\"https:\/\/digital-skills-jobs.europa.eu\/en\">Komisijinoj platformi za digitalne vje\u0161tine i radna mjesta<\/a>. Gra\u0111ani zainteresirani za karijeru u podru\u010dju sajber sigurnosti mo\u0107i \u0107e na jednom mjestu prona\u0107i informacije o osposobljavanjima i certifikacijama iz cijele Unije. Nadalje, dionici \u0107e se mo\u0107i obvezati na potporu pobolj\u0161anju vje\u0161tina u podru\u010dju sajber sigurnosti u Uniji pokretanjem posebnih mjera, kao \u0161to je pru\u017eanje osposobljavanja i sertificiranja u podru\u010dju sajber sigurnosti.<\/p>\n<p>Sljede\u0107i korak u razvoju Akademije bit \u0107e uspostava zajedni\u010dkog prostora za akademsku zajednicu, pru\u017eatelje osposobljavanja i \u010dlanove sektora kako bi mogli lak\u0161e koordinirati obrazovne programe, osposobljavanje, finansiranje i pra\u0107enje razvoja tr\u017ei\u0161ta rada u podru\u010dju sajber sigurnosti.<\/p>\n<p><img decoding=\"async\" class=\"alignnone size-full wp-image-24655\" src=\"https:\/\/evropskakuca.me\/wp-content\/uploads\/2023\/04\/P049281-221823.jpg\" alt=\"\" width=\"639\" height=\"426\" \/><\/p>\n<h3>Programi sertificiranja za upravljane sigurnosne usluge<\/h3>\n<p>Komisija je danas predlo\u017eila i\u00a0<strong>ciljanu promjenu <\/strong><a href=\"https:\/\/digital-strategy.ec.europa.eu\/en\/policies\/cybersecurity-act\"><strong>Akta o sajber sigurnosti<\/strong><\/a> kako bi se omogu\u0107ilo budu\u0107e dono\u0161enje evropskih programa sertificiranja za \u201eupravljane sigurnosne usluge\u201d. Rije\u010d je o izuzetno va\u017enim i osjetljivim uslugama, kao \u0161to su odgovor na incidente, penetracijska testiranja, revizije sigurnosti i savjetovanje, kojima pru\u017eatelji poduze\u0107ima i drugim organizacijama poma\u017eu da sprije\u010de sajber incidente i otkriju ih te da na njih odgovore i od njih se oporave.<\/p>\n<p>Sertifikacija je klju\u010dna i mo\u017ee imati va\u017enu ulogu u kontekstu sajber sigurnosne rezerve EU-a i <a href=\"https:\/\/eur-lex.europa.eu\/eli\/dir\/2022\/2555\">Direktive o mjerama za visoku zajedni\u010dku razinu sajber sigurnosti \u0161irom Unije (Direktiva NIS 2)<\/a>\u00a0zato \u0161to olak\u0161ava i prekograni\u010dno pru\u017eanje tih usluga.<\/p>\n<h3>Sljede\u0107i koraci<\/h3>\n<p>Europski parlament i Vije\u0107e sada \u0107e razmotriti\u00a0<strong>predlo\u017eeni akt o sajber solidarnosti EU-a<\/strong>\u00a0i\u00a0<strong>ciljanu izmjenu Akta o sajber sigurnosti<\/strong>.<\/p>\n<p>Evropski centar za stru\u010dnost u podru\u010dju sajber sigurnosti organizova\u0107e s odabranim <strong>prekograni\u010dnim centrima za sigurnosne operacije<\/strong> zajedni\u010dku nabavku alata i infrastrukture za otkrivanje sajber prijetnji.<\/p>\n<p>U skladu sa svojim mandatima i u bliskoj saradnji s Komisijom i dr\u017eavama \u010dlanicama, Agencija EU-a za sajber sigurnost (ENISA) i Europski centar za stru\u010dnost u podru\u010dju sajber sigurnosti nastavi\u0107e raditi na vje\u0161tinama u podru\u010dju sajber sigurnosti te \u0107e doprinijeti uspostavljanju <strong>Akademije za vje\u0161tine u podru\u010dju sajber sigurnosti<\/strong>.<\/p>\n<p>Komisija predla\u017ee da se Akademija uspostavi u obliku Evropskog konzorcijuma za digitalnu infrastrukturu (EDIC), novog pravnog okvira za provedbu vi\u0161edr\u017eavnih projekata. O toj \u0107e se mogu\u0107nosti sada raspravljati s dr\u017eavama \u010dlanicama.<\/p>\n<p>Nadalje, stru\u010dnjacima treba omogu\u0107iti poha\u0111anje potrebne kvalitetne obuke, pa \u0107e ENISA u tu svrhu pokrenuti pilot-projekt za istra\u017eivanje mogu\u0107nosti uspostave evropskog programa za sertificiranje vje\u0161tina u podru\u010dju sajber sigurnosti.<\/p>\n<h3>Kontekst<\/h3>\n<p>Predlo\u017eenim aktom o sajber solidarnosti EU-a Komisija odgovara na <a href=\"https:\/\/www.consilium.europa.eu\/hr\/press\/press-releases\/2022\/05\/23\/cyber-posture-council-approves-conclusions\/\">poziv dr\u017eava \u010dlanica<\/a> da oja\u010da sajber otpornost EU-a i ispunjava obvezu u pogledu pripreme inicijative EU-a za sajber solidarnost koju je preuzela u nedavnoj <a href=\"https:\/\/eur-lex.europa.eu\/legal-content\/HR\/TXT\/?uri=CELEX:52022JC0049\">Zajedni\u010dkoj komunikaciji o sajber obrani<\/a>.<\/p>\n<p>Akt o sajber solidarnosti EU-a i Akademija za vje\u0161tine u podru\u010dju sajber sigurnosti temelje se na <a href=\"https:\/\/digital-strategy.ec.europa.eu\/en\/policies\/cybersecurity-strategy\">strategiji EU-a za sajber sigurnost<\/a> i zakonodavnom okviru EU-a za ja\u010danje kolektivne otpornosti EU-a na sve ve\u0107e sajber sigurnosne prijetnje. Taj okvir uklju\u010duje <a href=\"https:\/\/eur-lex.europa.eu\/eli\/dir\/2022\/2555\">Direktivu o mjerama za visoki zajedni\u010dki nivo sajber sigurnosti \u0161irom Unije<\/a>\u00a0(NIS 2) i\u00a0<a href=\"https:\/\/eur-lex.europa.eu\/legal-content\/HR\/ALL\/?uri=CELEX%3A32019R0881\">Akt o sajber sigurnosti<\/a>.<\/p>\n<h3>Vi\u0161e informacija<\/h3>\n<p><a href=\"https:\/\/ec.europa.eu\/commission\/presscorner\/detail\/hr\/QANDA_23_2244\">Pitanja i odgovori<\/a> \u2013 Sajber sigurnost: pove\u0107anje Unijinih kapaciteta za u\u010dinkovitu operativnu suradnju, solidarnost i otpornost<\/p>\n<p><a href=\"https:\/\/digital-strategy.ec.europa.eu\/en\/news-redirect\/783836\">Informativni \u010dlanak<\/a> \u2013 Akt o sajber solidarnosti EU-a<\/p>\n<p><a href=\"https:\/\/digital-strategy.ec.europa.eu\/en\/news-redirect\/783829\">Informativni \u010dlanak<\/a> \u2013 Akademija EU-a za vje\u0161tine u podru\u010dju sajber sigurnosti<\/p>\n<p><a href=\"https:\/\/digital-strategy.ec.europa.eu\/en\/news-redirect\/783878\">Prijedlog uredbe<\/a>: Akt o sajber solidarnosti<\/p>\n<p><a href=\"https:\/\/digital-strategy.ec.europa.eu\/en\/news-redirect\/783880\">Komunikacija Komisije<\/a> o Akademiji za vje\u0161tine u podru\u010dju sajber sigurnosti<\/p>\n<p><a href=\"https:\/\/digital-strategy.ec.europa.eu\/en\/news-redirect\/784042\">Predlo\u017eena izmjena Uredbe<\/a>\u00a0u pogledu \u201eupravljanih sigurnosnih usluga\u201d<\/p>\n<p><a href=\"https:\/\/digital-strategy.ec.europa.eu\/en\/library\/eus-cybersecurity-strategy-digital-decade\">Informativni \u010dlanak<\/a> \u2013 Strategija EU-a za sajber sigurnost<\/p>\n<p>Akt o sajber solidarnosti EU-a (<a href=\"https:\/\/digital-strategy.ec.europa.eu\/en\/policies\/cyber-solidarity\">stranica o politici<\/a>)<\/p>\n<p><a href=\"https:\/\/digital-skills-jobs.europa.eu\/en\/cybersecurity-skills-academy\">Akademija EU-a za vje\u0161tine u podru\u010dju kibersigurnosti \u2013 Platforma za digitalne vje\u0161tine i radna mjesta<\/a><\/p>\n<p>&nbsp;<\/p>\n<p>&nbsp;<\/p>\n<p>Tekst preuzet sa: ec.europa.eu<\/p>\n","protected":false},"excerpt":{"rendered":"<p>Komisija je u cilju ja\u010danja sajber sigurnosnih kapaciteta Unije donijela prijedlog Akta o sajber solidarnosti EU-a. On \u0107e olak\u0161ati otkrivanje\u00a0 sajber sigurnosnih prijetnji i incidenata i informisanje o njima, pobolj\u0161ati pripravnost kriti\u010dnih subjekata te oja\u010dati solidarnost, uskla\u0111eno upravljanje krizama i kapacitete za odgovor na njih u svim dr\u017eavama \u010dlanicama. Aktom se ustrojavaju kapaciteti Unije zahvaljuju\u0107i [&hellip;]<\/p>\n","protected":false},"author":1,"featured_media":38923,"comment_status":"closed","ping_status":"closed","sticky":false,"template":"","format":"standard","meta":{"_acf_changed":false,"footnotes":""},"categories":[],"tags":[],"class_list":["post-24665","post","type-post","status-publish","format-standard","has-post-thumbnail","hentry"],"acf":[],"yoast_head":"<!-- This site is optimized with the Yoast SEO plugin v27.3 - https:\/\/yoast.com\/product\/yoast-seo-wordpress\/ -->\n<title>Pove\u0107anje Unijinih kapaciteta za u\u010dinkovitu operativnu saradnju, solidarnost i otpornost - Europe House<\/title>\n<meta name=\"robots\" content=\"index, follow, max-snippet:-1, max-image-preview:large, max-video-preview:-1\" \/>\n<link rel=\"canonical\" href=\"https:\/\/www.evropskakuca.me\/me\/povecanje-unijinih-kapaciteta-za-ucinkovitu-operativnu-saradnju-solidarnost-i-otpornost\/\" \/>\n<meta property=\"og:locale\" content=\"en_US\" \/>\n<meta property=\"og:type\" content=\"article\" \/>\n<meta property=\"og:title\" content=\"Pove\u0107anje Unijinih kapaciteta za u\u010dinkovitu operativnu saradnju, solidarnost i otpornost - Europe House\" \/>\n<meta property=\"og:description\" content=\"Komisija je u cilju ja\u010danja sajber sigurnosnih kapaciteta Unije donijela prijedlog Akta o sajber solidarnosti EU-a. On \u0107e olak\u0161ati otkrivanje\u00a0 sajber sigurnosnih prijetnji i incidenata i informisanje o njima, pobolj\u0161ati pripravnost kriti\u010dnih subjekata te oja\u010dati solidarnost, uskla\u0111eno upravljanje krizama i kapacitete za odgovor na njih u svim dr\u017eavama \u010dlanicama. Aktom se ustrojavaju kapaciteti Unije zahvaljuju\u0107i [&hellip;]\" \/>\n<meta property=\"og:url\" content=\"https:\/\/www.evropskakuca.me\/me\/povecanje-unijinih-kapaciteta-za-ucinkovitu-operativnu-saradnju-solidarnost-i-otpornost\/\" \/>\n<meta property=\"og:site_name\" content=\"Europe House\" \/>\n<meta property=\"article:publisher\" content=\"https:\/\/www.facebook.com\/evropska.kuca\" \/>\n<meta property=\"article:published_time\" content=\"2023-04-25T11:25:14+00:00\" \/>\n<meta property=\"og:image\" content=\"https:\/\/www.evropskakuca.me\/wp-content\/uploads\/2023\/04\/P049281-221823.jpg\" \/>\n\t<meta property=\"og:image:width\" content=\"639\" \/>\n\t<meta property=\"og:image:height\" content=\"426\" \/>\n\t<meta property=\"og:image:type\" content=\"image\/jpeg\" \/>\n<meta name=\"author\" content=\"mkajic\" \/>\n<meta name=\"twitter:card\" content=\"summary_large_image\" \/>\n<meta name=\"twitter:creator\" content=\"@evropska_kuca\" \/>\n<meta name=\"twitter:site\" content=\"@evropska_kuca\" \/>\n<meta name=\"twitter:label1\" content=\"Written by\" \/>\n\t<meta name=\"twitter:data1\" content=\"mkajic\" \/>\n\t<meta name=\"twitter:label2\" content=\"Est. reading time\" \/>\n\t<meta name=\"twitter:data2\" content=\"7 minutes\" \/>\n<script type=\"application\/ld+json\" class=\"yoast-schema-graph\">{\"@context\":\"https:\\\/\\\/schema.org\",\"@graph\":[{\"@type\":\"Article\",\"@id\":\"https:\\\/\\\/www.evropskakuca.me\\\/me\\\/povecanje-unijinih-kapaciteta-za-ucinkovitu-operativnu-saradnju-solidarnost-i-otpornost\\\/#article\",\"isPartOf\":{\"@id\":\"https:\\\/\\\/www.evropskakuca.me\\\/me\\\/povecanje-unijinih-kapaciteta-za-ucinkovitu-operativnu-saradnju-solidarnost-i-otpornost\\\/\"},\"author\":{\"name\":\"mkajic\",\"@id\":\"https:\\\/\\\/www.evropskakuca.me\\\/me\\\/#\\\/schema\\\/person\\\/a1d0dcdaefe4a1cd1d60d200ea137ba4\"},\"headline\":\"Pove\u0107anje Unijinih kapaciteta za u\u010dinkovitu operativnu saradnju, solidarnost i otpornost\",\"datePublished\":\"2023-04-25T11:25:14+00:00\",\"mainEntityOfPage\":{\"@id\":\"https:\\\/\\\/www.evropskakuca.me\\\/me\\\/povecanje-unijinih-kapaciteta-za-ucinkovitu-operativnu-saradnju-solidarnost-i-otpornost\\\/\"},\"wordCount\":1432,\"publisher\":{\"@id\":\"https:\\\/\\\/www.evropskakuca.me\\\/me\\\/#organization\"},\"image\":{\"@id\":\"https:\\\/\\\/www.evropskakuca.me\\\/me\\\/povecanje-unijinih-kapaciteta-za-ucinkovitu-operativnu-saradnju-solidarnost-i-otpornost\\\/#primaryimage\"},\"thumbnailUrl\":\"https:\\\/\\\/www.evropskakuca.me\\\/wp-content\\\/uploads\\\/2023\\\/04\\\/P049281-221823.jpg\",\"inLanguage\":\"me-ME\"},{\"@type\":\"WebPage\",\"@id\":\"https:\\\/\\\/www.evropskakuca.me\\\/me\\\/povecanje-unijinih-kapaciteta-za-ucinkovitu-operativnu-saradnju-solidarnost-i-otpornost\\\/\",\"url\":\"https:\\\/\\\/www.evropskakuca.me\\\/me\\\/povecanje-unijinih-kapaciteta-za-ucinkovitu-operativnu-saradnju-solidarnost-i-otpornost\\\/\",\"name\":\"Pove\u0107anje Unijinih kapaciteta za u\u010dinkovitu operativnu saradnju, solidarnost i otpornost - Europe House\",\"isPartOf\":{\"@id\":\"https:\\\/\\\/www.evropskakuca.me\\\/me\\\/#website\"},\"primaryImageOfPage\":{\"@id\":\"https:\\\/\\\/www.evropskakuca.me\\\/me\\\/povecanje-unijinih-kapaciteta-za-ucinkovitu-operativnu-saradnju-solidarnost-i-otpornost\\\/#primaryimage\"},\"image\":{\"@id\":\"https:\\\/\\\/www.evropskakuca.me\\\/me\\\/povecanje-unijinih-kapaciteta-za-ucinkovitu-operativnu-saradnju-solidarnost-i-otpornost\\\/#primaryimage\"},\"thumbnailUrl\":\"https:\\\/\\\/www.evropskakuca.me\\\/wp-content\\\/uploads\\\/2023\\\/04\\\/P049281-221823.jpg\",\"datePublished\":\"2023-04-25T11:25:14+00:00\",\"breadcrumb\":{\"@id\":\"https:\\\/\\\/www.evropskakuca.me\\\/me\\\/povecanje-unijinih-kapaciteta-za-ucinkovitu-operativnu-saradnju-solidarnost-i-otpornost\\\/#breadcrumb\"},\"inLanguage\":\"me-ME\",\"potentialAction\":[{\"@type\":\"ReadAction\",\"target\":[\"https:\\\/\\\/www.evropskakuca.me\\\/me\\\/povecanje-unijinih-kapaciteta-za-ucinkovitu-operativnu-saradnju-solidarnost-i-otpornost\\\/\"]}]},{\"@type\":\"ImageObject\",\"inLanguage\":\"me-ME\",\"@id\":\"https:\\\/\\\/www.evropskakuca.me\\\/me\\\/povecanje-unijinih-kapaciteta-za-ucinkovitu-operativnu-saradnju-solidarnost-i-otpornost\\\/#primaryimage\",\"url\":\"https:\\\/\\\/www.evropskakuca.me\\\/wp-content\\\/uploads\\\/2023\\\/04\\\/P049281-221823.jpg\",\"contentUrl\":\"https:\\\/\\\/www.evropskakuca.me\\\/wp-content\\\/uploads\\\/2023\\\/04\\\/P049281-221823.jpg\",\"width\":639,\"height\":426},{\"@type\":\"BreadcrumbList\",\"@id\":\"https:\\\/\\\/www.evropskakuca.me\\\/me\\\/povecanje-unijinih-kapaciteta-za-ucinkovitu-operativnu-saradnju-solidarnost-i-otpornost\\\/#breadcrumb\",\"itemListElement\":[{\"@type\":\"ListItem\",\"position\":1,\"name\":\"Home\",\"item\":\"https:\\\/\\\/www.evropskakuca.me\\\/me\\\/\"},{\"@type\":\"ListItem\",\"position\":2,\"name\":\"Pove\u0107anje Unijinih kapaciteta za u\u010dinkovitu operativnu saradnju, solidarnost i otpornost\"}]},{\"@type\":\"WebSite\",\"@id\":\"https:\\\/\\\/www.evropskakuca.me\\\/me\\\/#website\",\"url\":\"https:\\\/\\\/www.evropskakuca.me\\\/me\\\/\",\"name\":\"Evropean house\",\"description\":\"\",\"publisher\":{\"@id\":\"https:\\\/\\\/www.evropskakuca.me\\\/me\\\/#organization\"},\"potentialAction\":[{\"@type\":\"SearchAction\",\"target\":{\"@type\":\"EntryPoint\",\"urlTemplate\":\"https:\\\/\\\/www.evropskakuca.me\\\/me\\\/?s={search_term_string}\"},\"query-input\":{\"@type\":\"PropertyValueSpecification\",\"valueRequired\":true,\"valueName\":\"search_term_string\"}}],\"inLanguage\":\"me-ME\"},{\"@type\":\"Organization\",\"@id\":\"https:\\\/\\\/www.evropskakuca.me\\\/me\\\/#organization\",\"name\":\"Evropean house\",\"url\":\"https:\\\/\\\/www.evropskakuca.me\\\/me\\\/\",\"logo\":{\"@type\":\"ImageObject\",\"inLanguage\":\"me-ME\",\"@id\":\"https:\\\/\\\/www.evropskakuca.me\\\/me\\\/#\\\/schema\\\/logo\\\/image\\\/\",\"url\":\"https:\\\/\\\/www.evropskakuca.me\\\/wp-content\\\/uploads\\\/2025\\\/01\\\/evropska-kuca-logo-1.png\",\"contentUrl\":\"https:\\\/\\\/www.evropskakuca.me\\\/wp-content\\\/uploads\\\/2025\\\/01\\\/evropska-kuca-logo-1.png\",\"width\":425,\"height\":312,\"caption\":\"Evropean house\"},\"image\":{\"@id\":\"https:\\\/\\\/www.evropskakuca.me\\\/me\\\/#\\\/schema\\\/logo\\\/image\\\/\"},\"sameAs\":[\"https:\\\/\\\/www.facebook.com\\\/evropska.kuca\",\"https:\\\/\\\/x.com\\\/evropska_kuca\",\"https:\\\/\\\/www.instagram.com\\\/evropska_kuca\"]},{\"@type\":\"Person\",\"@id\":\"https:\\\/\\\/www.evropskakuca.me\\\/me\\\/#\\\/schema\\\/person\\\/a1d0dcdaefe4a1cd1d60d200ea137ba4\",\"name\":\"mkajic\",\"image\":{\"@type\":\"ImageObject\",\"inLanguage\":\"me-ME\",\"@id\":\"https:\\\/\\\/secure.gravatar.com\\\/avatar\\\/731fa035cefab7316e6bafd1f25a93fb731a07de14e2d9923f8db4422628eabc?s=96&d=mm&r=g\",\"url\":\"https:\\\/\\\/secure.gravatar.com\\\/avatar\\\/731fa035cefab7316e6bafd1f25a93fb731a07de14e2d9923f8db4422628eabc?s=96&d=mm&r=g\",\"contentUrl\":\"https:\\\/\\\/secure.gravatar.com\\\/avatar\\\/731fa035cefab7316e6bafd1f25a93fb731a07de14e2d9923f8db4422628eabc?s=96&d=mm&r=g\",\"caption\":\"mkajic\"},\"sameAs\":[\"https:\\\/\\\/evropskakuca.me\"],\"url\":\"https:\\\/\\\/www.evropskakuca.me\\\/me\\\/author\\\/mkajic\\\/\"}]}<\/script>\n<!-- \/ Yoast SEO plugin. -->","yoast_head_json":{"title":"Pove\u0107anje Unijinih kapaciteta za u\u010dinkovitu operativnu saradnju, solidarnost i otpornost - Europe House","robots":{"index":"index","follow":"follow","max-snippet":"max-snippet:-1","max-image-preview":"max-image-preview:large","max-video-preview":"max-video-preview:-1"},"canonical":"https:\/\/www.evropskakuca.me\/me\/povecanje-unijinih-kapaciteta-za-ucinkovitu-operativnu-saradnju-solidarnost-i-otpornost\/","og_locale":"en_US","og_type":"article","og_title":"Pove\u0107anje Unijinih kapaciteta za u\u010dinkovitu operativnu saradnju, solidarnost i otpornost - Europe House","og_description":"Komisija je u cilju ja\u010danja sajber sigurnosnih kapaciteta Unije donijela prijedlog Akta o sajber solidarnosti EU-a. On \u0107e olak\u0161ati otkrivanje\u00a0 sajber sigurnosnih prijetnji i incidenata i informisanje o njima, pobolj\u0161ati pripravnost kriti\u010dnih subjekata te oja\u010dati solidarnost, uskla\u0111eno upravljanje krizama i kapacitete za odgovor na njih u svim dr\u017eavama \u010dlanicama. Aktom se ustrojavaju kapaciteti Unije zahvaljuju\u0107i [&hellip;]","og_url":"https:\/\/www.evropskakuca.me\/me\/povecanje-unijinih-kapaciteta-za-ucinkovitu-operativnu-saradnju-solidarnost-i-otpornost\/","og_site_name":"Europe House","article_publisher":"https:\/\/www.facebook.com\/evropska.kuca","article_published_time":"2023-04-25T11:25:14+00:00","og_image":[{"width":639,"height":426,"url":"https:\/\/www.evropskakuca.me\/wp-content\/uploads\/2023\/04\/P049281-221823.jpg","type":"image\/jpeg"}],"author":"mkajic","twitter_card":"summary_large_image","twitter_creator":"@evropska_kuca","twitter_site":"@evropska_kuca","twitter_misc":{"Written by":"mkajic","Est. reading time":"7 minutes"},"schema":{"@context":"https:\/\/schema.org","@graph":[{"@type":"Article","@id":"https:\/\/www.evropskakuca.me\/me\/povecanje-unijinih-kapaciteta-za-ucinkovitu-operativnu-saradnju-solidarnost-i-otpornost\/#article","isPartOf":{"@id":"https:\/\/www.evropskakuca.me\/me\/povecanje-unijinih-kapaciteta-za-ucinkovitu-operativnu-saradnju-solidarnost-i-otpornost\/"},"author":{"name":"mkajic","@id":"https:\/\/www.evropskakuca.me\/me\/#\/schema\/person\/a1d0dcdaefe4a1cd1d60d200ea137ba4"},"headline":"Pove\u0107anje Unijinih kapaciteta za u\u010dinkovitu operativnu saradnju, solidarnost i otpornost","datePublished":"2023-04-25T11:25:14+00:00","mainEntityOfPage":{"@id":"https:\/\/www.evropskakuca.me\/me\/povecanje-unijinih-kapaciteta-za-ucinkovitu-operativnu-saradnju-solidarnost-i-otpornost\/"},"wordCount":1432,"publisher":{"@id":"https:\/\/www.evropskakuca.me\/me\/#organization"},"image":{"@id":"https:\/\/www.evropskakuca.me\/me\/povecanje-unijinih-kapaciteta-za-ucinkovitu-operativnu-saradnju-solidarnost-i-otpornost\/#primaryimage"},"thumbnailUrl":"https:\/\/www.evropskakuca.me\/wp-content\/uploads\/2023\/04\/P049281-221823.jpg","inLanguage":"me-ME"},{"@type":"WebPage","@id":"https:\/\/www.evropskakuca.me\/me\/povecanje-unijinih-kapaciteta-za-ucinkovitu-operativnu-saradnju-solidarnost-i-otpornost\/","url":"https:\/\/www.evropskakuca.me\/me\/povecanje-unijinih-kapaciteta-za-ucinkovitu-operativnu-saradnju-solidarnost-i-otpornost\/","name":"Pove\u0107anje Unijinih kapaciteta za u\u010dinkovitu operativnu saradnju, solidarnost i otpornost - Europe House","isPartOf":{"@id":"https:\/\/www.evropskakuca.me\/me\/#website"},"primaryImageOfPage":{"@id":"https:\/\/www.evropskakuca.me\/me\/povecanje-unijinih-kapaciteta-za-ucinkovitu-operativnu-saradnju-solidarnost-i-otpornost\/#primaryimage"},"image":{"@id":"https:\/\/www.evropskakuca.me\/me\/povecanje-unijinih-kapaciteta-za-ucinkovitu-operativnu-saradnju-solidarnost-i-otpornost\/#primaryimage"},"thumbnailUrl":"https:\/\/www.evropskakuca.me\/wp-content\/uploads\/2023\/04\/P049281-221823.jpg","datePublished":"2023-04-25T11:25:14+00:00","breadcrumb":{"@id":"https:\/\/www.evropskakuca.me\/me\/povecanje-unijinih-kapaciteta-za-ucinkovitu-operativnu-saradnju-solidarnost-i-otpornost\/#breadcrumb"},"inLanguage":"me-ME","potentialAction":[{"@type":"ReadAction","target":["https:\/\/www.evropskakuca.me\/me\/povecanje-unijinih-kapaciteta-za-ucinkovitu-operativnu-saradnju-solidarnost-i-otpornost\/"]}]},{"@type":"ImageObject","inLanguage":"me-ME","@id":"https:\/\/www.evropskakuca.me\/me\/povecanje-unijinih-kapaciteta-za-ucinkovitu-operativnu-saradnju-solidarnost-i-otpornost\/#primaryimage","url":"https:\/\/www.evropskakuca.me\/wp-content\/uploads\/2023\/04\/P049281-221823.jpg","contentUrl":"https:\/\/www.evropskakuca.me\/wp-content\/uploads\/2023\/04\/P049281-221823.jpg","width":639,"height":426},{"@type":"BreadcrumbList","@id":"https:\/\/www.evropskakuca.me\/me\/povecanje-unijinih-kapaciteta-za-ucinkovitu-operativnu-saradnju-solidarnost-i-otpornost\/#breadcrumb","itemListElement":[{"@type":"ListItem","position":1,"name":"Home","item":"https:\/\/www.evropskakuca.me\/me\/"},{"@type":"ListItem","position":2,"name":"Pove\u0107anje Unijinih kapaciteta za u\u010dinkovitu operativnu saradnju, solidarnost i otpornost"}]},{"@type":"WebSite","@id":"https:\/\/www.evropskakuca.me\/me\/#website","url":"https:\/\/www.evropskakuca.me\/me\/","name":"Evropean house","description":"","publisher":{"@id":"https:\/\/www.evropskakuca.me\/me\/#organization"},"potentialAction":[{"@type":"SearchAction","target":{"@type":"EntryPoint","urlTemplate":"https:\/\/www.evropskakuca.me\/me\/?s={search_term_string}"},"query-input":{"@type":"PropertyValueSpecification","valueRequired":true,"valueName":"search_term_string"}}],"inLanguage":"me-ME"},{"@type":"Organization","@id":"https:\/\/www.evropskakuca.me\/me\/#organization","name":"Evropean house","url":"https:\/\/www.evropskakuca.me\/me\/","logo":{"@type":"ImageObject","inLanguage":"me-ME","@id":"https:\/\/www.evropskakuca.me\/me\/#\/schema\/logo\/image\/","url":"https:\/\/www.evropskakuca.me\/wp-content\/uploads\/2025\/01\/evropska-kuca-logo-1.png","contentUrl":"https:\/\/www.evropskakuca.me\/wp-content\/uploads\/2025\/01\/evropska-kuca-logo-1.png","width":425,"height":312,"caption":"Evropean house"},"image":{"@id":"https:\/\/www.evropskakuca.me\/me\/#\/schema\/logo\/image\/"},"sameAs":["https:\/\/www.facebook.com\/evropska.kuca","https:\/\/x.com\/evropska_kuca","https:\/\/www.instagram.com\/evropska_kuca"]},{"@type":"Person","@id":"https:\/\/www.evropskakuca.me\/me\/#\/schema\/person\/a1d0dcdaefe4a1cd1d60d200ea137ba4","name":"mkajic","image":{"@type":"ImageObject","inLanguage":"me-ME","@id":"https:\/\/secure.gravatar.com\/avatar\/731fa035cefab7316e6bafd1f25a93fb731a07de14e2d9923f8db4422628eabc?s=96&d=mm&r=g","url":"https:\/\/secure.gravatar.com\/avatar\/731fa035cefab7316e6bafd1f25a93fb731a07de14e2d9923f8db4422628eabc?s=96&d=mm&r=g","contentUrl":"https:\/\/secure.gravatar.com\/avatar\/731fa035cefab7316e6bafd1f25a93fb731a07de14e2d9923f8db4422628eabc?s=96&d=mm&r=g","caption":"mkajic"},"sameAs":["https:\/\/evropskakuca.me"],"url":"https:\/\/www.evropskakuca.me\/me\/author\/mkajic\/"}]}},"_links":{"self":[{"href":"https:\/\/www.evropskakuca.me\/me\/wp-json\/wp\/v2\/posts\/24665","targetHints":{"allow":["GET"]}}],"collection":[{"href":"https:\/\/www.evropskakuca.me\/me\/wp-json\/wp\/v2\/posts"}],"about":[{"href":"https:\/\/www.evropskakuca.me\/me\/wp-json\/wp\/v2\/types\/post"}],"author":[{"embeddable":true,"href":"https:\/\/www.evropskakuca.me\/me\/wp-json\/wp\/v2\/users\/1"}],"replies":[{"embeddable":true,"href":"https:\/\/www.evropskakuca.me\/me\/wp-json\/wp\/v2\/comments?post=24665"}],"version-history":[{"count":0,"href":"https:\/\/www.evropskakuca.me\/me\/wp-json\/wp\/v2\/posts\/24665\/revisions"}],"wp:featuredmedia":[{"embeddable":true,"href":"https:\/\/www.evropskakuca.me\/me\/wp-json\/wp\/v2\/media\/38923"}],"wp:attachment":[{"href":"https:\/\/www.evropskakuca.me\/me\/wp-json\/wp\/v2\/media?parent=24665"}],"wp:term":[{"taxonomy":"category","embeddable":true,"href":"https:\/\/www.evropskakuca.me\/me\/wp-json\/wp\/v2\/categories?post=24665"},{"taxonomy":"post_tag","embeddable":true,"href":"https:\/\/www.evropskakuca.me\/me\/wp-json\/wp\/v2\/tags?post=24665"}],"curies":[{"name":"wp","href":"https:\/\/api.w.org\/{rel}","templated":true}]}}