{"id":2463,"date":"2016-11-22T14:30:04","date_gmt":"2016-11-22T14:30:04","guid":{"rendered":"http:\/\/www.evropskakuca.me\/me\/?p=2463"},"modified":"2016-11-22T14:30:04","modified_gmt":"2016-11-22T14:30:04","slug":"vladin-nevladin-sektor-zajedno-bolje-zdravstvene-zastite","status":"publish","type":"post","link":"https:\/\/www.evropskakuca.me\/me\/vladin-nevladin-sektor-zajedno-bolje-zdravstvene-zastite\/","title":{"rendered":"Vladin i nevladin sektor zajedno do bolje zdravstvene za\u0161tite"},"content":{"rendered":"<p><strong>22. novembar 2016.<\/strong> \u2013 Radionica koja je okupila predstavnike dr\u017eavnih institucija i nevladinih organizacija koje se bave pitanjima zdravstvene i socijalne za\u0161tite sa zajedni\u010dkim ciljem da se identifikuju potencijalni mehanizmi saradnje i razviju zajedni\u010dki modeli i preporuke za njeno unapre\u0111enje odr\u017eana je u utorak u EU Info centru.<\/p>\n<p>Radionica je dio projekta \u201cHealthUP\u201c koji je podr\u017eala Delegacija Evropske unije u Crnoj Gori, a ima za cilj\u00a0 ja\u010danje partnerskog dijaloga i saradnje izme\u0111u vladinog i nevladinog sektora u oblasti zdravstva. Cilj programa, koji \u0107e naredne dvije godine sprovoditi udru\u017eenje Roditelji, Dru\u0161tvo za borbu protiv side Crne Gore (CAZAS) i SOS telefon za \u017eene i djecu \u017ertve nasilja Podgorica, je da se dodatno osna\u017ee i oja\u010daju organizacije civilnog dru\u0161tva kako bi sistem zdravstvene za\u0161tite bio efikasniji i vi\u0161e okrenut potrebama pacijenata.<\/p>\n<p>Na radionici je predstavljena Studija o mehanizmima saradnje u vladinom i nevladinom sektoru koja je pokazala da tek manji broj zakona u oblasti zdravstva u nekom obliku defini\u0161e saradnju javnih institucija zdravstva i organizacija civilnog dru\u0161tva. Prema ocjeni organizacija koje se bave ovim pitanjima, njihove usluge i zna\u010dajno iskustvo se ne koriste dovoljno u praksi. Iz Udru\u017eenja Roditelji su podsjetili da je efikasan i odgovoran sistem zdravstvene za\u0161tite jedan od klju\u010deva dru\u0161tveno-ekonomskog razvoja Crne Gore na putu ka \u010dlanstvu u EU i o\u010dekuju da \u0107e ovaj projekat doprinijeti promociji vrijednosti i standarda EU na na\u010din \u0161to \u0107e uticati na uskla\u0111ivanje javnih politika u sektoru zdravstva sa onima koje su va\u017ee\u0107e u EU.<\/p>\n<p><em>Sadr\u017eaj ovog \u010dlanka je isklju\u010diva odgovornost EU Info Centra i ni na koji na\u010din ne odra\u017eava stavove Evropske unije.<\/em><\/p>\n","protected":false},"excerpt":{"rendered":"<p>22. novembar 2016. \u2013 Radionica koja je okupila predstavnike dr\u017eavnih institucija i nevladinih organizacija koje se bave pitanjima zdravstvene i socijalne za\u0161tite sa zajedni\u010dkim ciljem da se identifikuju potencijalni mehanizmi saradnje i razviju zajedni\u010dki modeli i preporuke za njeno unapre\u0111enje odr\u017eana je u utorak u EU Info centru. Radionica je dio projekta \u201cHealthUP\u201c koji je [&hellip;]<\/p>\n","protected":false},"author":1,"featured_media":32156,"comment_status":"open","ping_status":"open","sticky":false,"template":"","format":"standard","meta":{"_acf_changed":false,"footnotes":""},"categories":[],"tags":[],"class_list":["post-2463","post","type-post","status-publish","format-standard","has-post-thumbnail","hentry"],"acf":[],"yoast_head":"<!-- This site is optimized with the Yoast SEO plugin v27.3 - https:\/\/yoast.com\/product\/yoast-seo-wordpress\/ -->\n<title>Vladin i nevladin sektor zajedno do bolje zdravstvene za\u0161tite - Europe House<\/title>\n<meta name=\"robots\" content=\"index, follow, max-snippet:-1, max-image-preview:large, max-video-preview:-1\" \/>\n<link rel=\"canonical\" href=\"https:\/\/www.evropskakuca.me\/me\/vladin-nevladin-sektor-zajedno-bolje-zdravstvene-zastite\/\" \/>\n<meta property=\"og:locale\" content=\"en_US\" \/>\n<meta property=\"og:type\" content=\"article\" \/>\n<meta property=\"og:title\" content=\"Vladin i nevladin sektor zajedno do bolje zdravstvene za\u0161tite - Europe House\" \/>\n<meta property=\"og:description\" content=\"22. novembar 2016. \u2013 Radionica koja je okupila predstavnike dr\u017eavnih institucija i nevladinih organizacija koje se bave pitanjima zdravstvene i socijalne za\u0161tite sa zajedni\u010dkim ciljem da se identifikuju potencijalni mehanizmi saradnje i razviju zajedni\u010dki modeli i preporuke za njeno unapre\u0111enje odr\u017eana je u utorak u EU Info centru. Radionica je dio projekta \u201cHealthUP\u201c koji je [&hellip;]\" \/>\n<meta property=\"og:url\" content=\"https:\/\/www.evropskakuca.me\/me\/vladin-nevladin-sektor-zajedno-bolje-zdravstvene-zastite\/\" \/>\n<meta property=\"og:site_name\" content=\"Europe House\" \/>\n<meta property=\"article:publisher\" content=\"https:\/\/www.facebook.com\/evropska.kuca\" \/>\n<meta property=\"article:published_time\" content=\"2016-11-22T14:30:04+00:00\" \/>\n<meta property=\"og:image\" content=\"https:\/\/www.evropskakuca.me\/wp-content\/uploads\/2016\/11\/healthup.jpg\" \/>\n\t<meta property=\"og:image:width\" content=\"1012\" \/>\n\t<meta property=\"og:image:height\" content=\"675\" \/>\n\t<meta property=\"og:image:type\" content=\"image\/jpeg\" \/>\n<meta name=\"author\" content=\"mkajic\" \/>\n<meta name=\"twitter:card\" content=\"summary_large_image\" \/>\n<meta name=\"twitter:creator\" content=\"@evropska_kuca\" \/>\n<meta name=\"twitter:site\" content=\"@evropska_kuca\" \/>\n<meta name=\"twitter:label1\" content=\"Written by\" \/>\n\t<meta name=\"twitter:data1\" content=\"mkajic\" \/>\n\t<meta name=\"twitter:label2\" content=\"Est. reading time\" \/>\n\t<meta name=\"twitter:data2\" content=\"1 minute\" \/>\n<script type=\"application\/ld+json\" class=\"yoast-schema-graph\">{\"@context\":\"https:\\\/\\\/schema.org\",\"@graph\":[{\"@type\":\"Article\",\"@id\":\"https:\\\/\\\/www.evropskakuca.me\\\/me\\\/vladin-nevladin-sektor-zajedno-bolje-zdravstvene-zastite\\\/#article\",\"isPartOf\":{\"@id\":\"https:\\\/\\\/www.evropskakuca.me\\\/me\\\/vladin-nevladin-sektor-zajedno-bolje-zdravstvene-zastite\\\/\"},\"author\":{\"name\":\"mkajic\",\"@id\":\"https:\\\/\\\/www.evropskakuca.me\\\/me\\\/#\\\/schema\\\/person\\\/a1d0dcdaefe4a1cd1d60d200ea137ba4\"},\"headline\":\"Vladin i nevladin sektor zajedno do bolje zdravstvene za\u0161tite\",\"datePublished\":\"2016-11-22T14:30:04+00:00\",\"mainEntityOfPage\":{\"@id\":\"https:\\\/\\\/www.evropskakuca.me\\\/me\\\/vladin-nevladin-sektor-zajedno-bolje-zdravstvene-zastite\\\/\"},\"wordCount\":299,\"commentCount\":0,\"publisher\":{\"@id\":\"https:\\\/\\\/www.evropskakuca.me\\\/me\\\/#organization\"},\"image\":{\"@id\":\"https:\\\/\\\/www.evropskakuca.me\\\/me\\\/vladin-nevladin-sektor-zajedno-bolje-zdravstvene-zastite\\\/#primaryimage\"},\"thumbnailUrl\":\"https:\\\/\\\/www.evropskakuca.me\\\/wp-content\\\/uploads\\\/2016\\\/11\\\/healthup.jpg\",\"inLanguage\":\"me-ME\",\"potentialAction\":[{\"@type\":\"CommentAction\",\"name\":\"Comment\",\"target\":[\"https:\\\/\\\/www.evropskakuca.me\\\/me\\\/vladin-nevladin-sektor-zajedno-bolje-zdravstvene-zastite\\\/#respond\"]}]},{\"@type\":\"WebPage\",\"@id\":\"https:\\\/\\\/www.evropskakuca.me\\\/me\\\/vladin-nevladin-sektor-zajedno-bolje-zdravstvene-zastite\\\/\",\"url\":\"https:\\\/\\\/www.evropskakuca.me\\\/me\\\/vladin-nevladin-sektor-zajedno-bolje-zdravstvene-zastite\\\/\",\"name\":\"Vladin i nevladin sektor zajedno do bolje zdravstvene za\u0161tite - Europe House\",\"isPartOf\":{\"@id\":\"https:\\\/\\\/www.evropskakuca.me\\\/me\\\/#website\"},\"primaryImageOfPage\":{\"@id\":\"https:\\\/\\\/www.evropskakuca.me\\\/me\\\/vladin-nevladin-sektor-zajedno-bolje-zdravstvene-zastite\\\/#primaryimage\"},\"image\":{\"@id\":\"https:\\\/\\\/www.evropskakuca.me\\\/me\\\/vladin-nevladin-sektor-zajedno-bolje-zdravstvene-zastite\\\/#primaryimage\"},\"thumbnailUrl\":\"https:\\\/\\\/www.evropskakuca.me\\\/wp-content\\\/uploads\\\/2016\\\/11\\\/healthup.jpg\",\"datePublished\":\"2016-11-22T14:30:04+00:00\",\"breadcrumb\":{\"@id\":\"https:\\\/\\\/www.evropskakuca.me\\\/me\\\/vladin-nevladin-sektor-zajedno-bolje-zdravstvene-zastite\\\/#breadcrumb\"},\"inLanguage\":\"me-ME\",\"potentialAction\":[{\"@type\":\"ReadAction\",\"target\":[\"https:\\\/\\\/www.evropskakuca.me\\\/me\\\/vladin-nevladin-sektor-zajedno-bolje-zdravstvene-zastite\\\/\"]}]},{\"@type\":\"ImageObject\",\"inLanguage\":\"me-ME\",\"@id\":\"https:\\\/\\\/www.evropskakuca.me\\\/me\\\/vladin-nevladin-sektor-zajedno-bolje-zdravstvene-zastite\\\/#primaryimage\",\"url\":\"https:\\\/\\\/www.evropskakuca.me\\\/wp-content\\\/uploads\\\/2016\\\/11\\\/healthup.jpg\",\"contentUrl\":\"https:\\\/\\\/www.evropskakuca.me\\\/wp-content\\\/uploads\\\/2016\\\/11\\\/healthup.jpg\",\"width\":1012,\"height\":675},{\"@type\":\"BreadcrumbList\",\"@id\":\"https:\\\/\\\/www.evropskakuca.me\\\/me\\\/vladin-nevladin-sektor-zajedno-bolje-zdravstvene-zastite\\\/#breadcrumb\",\"itemListElement\":[{\"@type\":\"ListItem\",\"position\":1,\"name\":\"Home\",\"item\":\"https:\\\/\\\/www.evropskakuca.me\\\/me\\\/\"},{\"@type\":\"ListItem\",\"position\":2,\"name\":\"Vladin i nevladin sektor zajedno do bolje zdravstvene za\u0161tite\"}]},{\"@type\":\"WebSite\",\"@id\":\"https:\\\/\\\/www.evropskakuca.me\\\/me\\\/#website\",\"url\":\"https:\\\/\\\/www.evropskakuca.me\\\/me\\\/\",\"name\":\"Evropean house\",\"description\":\"\",\"publisher\":{\"@id\":\"https:\\\/\\\/www.evropskakuca.me\\\/me\\\/#organization\"},\"potentialAction\":[{\"@type\":\"SearchAction\",\"target\":{\"@type\":\"EntryPoint\",\"urlTemplate\":\"https:\\\/\\\/www.evropskakuca.me\\\/me\\\/?s={search_term_string}\"},\"query-input\":{\"@type\":\"PropertyValueSpecification\",\"valueRequired\":true,\"valueName\":\"search_term_string\"}}],\"inLanguage\":\"me-ME\"},{\"@type\":\"Organization\",\"@id\":\"https:\\\/\\\/www.evropskakuca.me\\\/me\\\/#organization\",\"name\":\"Evropean house\",\"url\":\"https:\\\/\\\/www.evropskakuca.me\\\/me\\\/\",\"logo\":{\"@type\":\"ImageObject\",\"inLanguage\":\"me-ME\",\"@id\":\"https:\\\/\\\/www.evropskakuca.me\\\/me\\\/#\\\/schema\\\/logo\\\/image\\\/\",\"url\":\"https:\\\/\\\/www.evropskakuca.me\\\/wp-content\\\/uploads\\\/2025\\\/01\\\/evropska-kuca-logo-1.png\",\"contentUrl\":\"https:\\\/\\\/www.evropskakuca.me\\\/wp-content\\\/uploads\\\/2025\\\/01\\\/evropska-kuca-logo-1.png\",\"width\":425,\"height\":312,\"caption\":\"Evropean house\"},\"image\":{\"@id\":\"https:\\\/\\\/www.evropskakuca.me\\\/me\\\/#\\\/schema\\\/logo\\\/image\\\/\"},\"sameAs\":[\"https:\\\/\\\/www.facebook.com\\\/evropska.kuca\",\"https:\\\/\\\/x.com\\\/evropska_kuca\",\"https:\\\/\\\/www.instagram.com\\\/evropska_kuca\"]},{\"@type\":\"Person\",\"@id\":\"https:\\\/\\\/www.evropskakuca.me\\\/me\\\/#\\\/schema\\\/person\\\/a1d0dcdaefe4a1cd1d60d200ea137ba4\",\"name\":\"mkajic\",\"image\":{\"@type\":\"ImageObject\",\"inLanguage\":\"me-ME\",\"@id\":\"https:\\\/\\\/secure.gravatar.com\\\/avatar\\\/731fa035cefab7316e6bafd1f25a93fb731a07de14e2d9923f8db4422628eabc?s=96&d=mm&r=g\",\"url\":\"https:\\\/\\\/secure.gravatar.com\\\/avatar\\\/731fa035cefab7316e6bafd1f25a93fb731a07de14e2d9923f8db4422628eabc?s=96&d=mm&r=g\",\"contentUrl\":\"https:\\\/\\\/secure.gravatar.com\\\/avatar\\\/731fa035cefab7316e6bafd1f25a93fb731a07de14e2d9923f8db4422628eabc?s=96&d=mm&r=g\",\"caption\":\"mkajic\"},\"sameAs\":[\"https:\\\/\\\/evropskakuca.me\"],\"url\":\"https:\\\/\\\/www.evropskakuca.me\\\/me\\\/author\\\/mkajic\\\/\"}]}<\/script>\n<!-- \/ Yoast SEO plugin. -->","yoast_head_json":{"title":"Vladin i nevladin sektor zajedno do bolje zdravstvene za\u0161tite - Europe House","robots":{"index":"index","follow":"follow","max-snippet":"max-snippet:-1","max-image-preview":"max-image-preview:large","max-video-preview":"max-video-preview:-1"},"canonical":"https:\/\/www.evropskakuca.me\/me\/vladin-nevladin-sektor-zajedno-bolje-zdravstvene-zastite\/","og_locale":"en_US","og_type":"article","og_title":"Vladin i nevladin sektor zajedno do bolje zdravstvene za\u0161tite - Europe House","og_description":"22. novembar 2016. \u2013 Radionica koja je okupila predstavnike dr\u017eavnih institucija i nevladinih organizacija koje se bave pitanjima zdravstvene i socijalne za\u0161tite sa zajedni\u010dkim ciljem da se identifikuju potencijalni mehanizmi saradnje i razviju zajedni\u010dki modeli i preporuke za njeno unapre\u0111enje odr\u017eana je u utorak u EU Info centru. Radionica je dio projekta \u201cHealthUP\u201c koji je [&hellip;]","og_url":"https:\/\/www.evropskakuca.me\/me\/vladin-nevladin-sektor-zajedno-bolje-zdravstvene-zastite\/","og_site_name":"Europe House","article_publisher":"https:\/\/www.facebook.com\/evropska.kuca","article_published_time":"2016-11-22T14:30:04+00:00","og_image":[{"width":1012,"height":675,"url":"https:\/\/www.evropskakuca.me\/wp-content\/uploads\/2016\/11\/healthup.jpg","type":"image\/jpeg"}],"author":"mkajic","twitter_card":"summary_large_image","twitter_creator":"@evropska_kuca","twitter_site":"@evropska_kuca","twitter_misc":{"Written by":"mkajic","Est. reading time":"1 minute"},"schema":{"@context":"https:\/\/schema.org","@graph":[{"@type":"Article","@id":"https:\/\/www.evropskakuca.me\/me\/vladin-nevladin-sektor-zajedno-bolje-zdravstvene-zastite\/#article","isPartOf":{"@id":"https:\/\/www.evropskakuca.me\/me\/vladin-nevladin-sektor-zajedno-bolje-zdravstvene-zastite\/"},"author":{"name":"mkajic","@id":"https:\/\/www.evropskakuca.me\/me\/#\/schema\/person\/a1d0dcdaefe4a1cd1d60d200ea137ba4"},"headline":"Vladin i nevladin sektor zajedno do bolje zdravstvene za\u0161tite","datePublished":"2016-11-22T14:30:04+00:00","mainEntityOfPage":{"@id":"https:\/\/www.evropskakuca.me\/me\/vladin-nevladin-sektor-zajedno-bolje-zdravstvene-zastite\/"},"wordCount":299,"commentCount":0,"publisher":{"@id":"https:\/\/www.evropskakuca.me\/me\/#organization"},"image":{"@id":"https:\/\/www.evropskakuca.me\/me\/vladin-nevladin-sektor-zajedno-bolje-zdravstvene-zastite\/#primaryimage"},"thumbnailUrl":"https:\/\/www.evropskakuca.me\/wp-content\/uploads\/2016\/11\/healthup.jpg","inLanguage":"me-ME","potentialAction":[{"@type":"CommentAction","name":"Comment","target":["https:\/\/www.evropskakuca.me\/me\/vladin-nevladin-sektor-zajedno-bolje-zdravstvene-zastite\/#respond"]}]},{"@type":"WebPage","@id":"https:\/\/www.evropskakuca.me\/me\/vladin-nevladin-sektor-zajedno-bolje-zdravstvene-zastite\/","url":"https:\/\/www.evropskakuca.me\/me\/vladin-nevladin-sektor-zajedno-bolje-zdravstvene-zastite\/","name":"Vladin i nevladin sektor zajedno do bolje zdravstvene za\u0161tite - Europe House","isPartOf":{"@id":"https:\/\/www.evropskakuca.me\/me\/#website"},"primaryImageOfPage":{"@id":"https:\/\/www.evropskakuca.me\/me\/vladin-nevladin-sektor-zajedno-bolje-zdravstvene-zastite\/#primaryimage"},"image":{"@id":"https:\/\/www.evropskakuca.me\/me\/vladin-nevladin-sektor-zajedno-bolje-zdravstvene-zastite\/#primaryimage"},"thumbnailUrl":"https:\/\/www.evropskakuca.me\/wp-content\/uploads\/2016\/11\/healthup.jpg","datePublished":"2016-11-22T14:30:04+00:00","breadcrumb":{"@id":"https:\/\/www.evropskakuca.me\/me\/vladin-nevladin-sektor-zajedno-bolje-zdravstvene-zastite\/#breadcrumb"},"inLanguage":"me-ME","potentialAction":[{"@type":"ReadAction","target":["https:\/\/www.evropskakuca.me\/me\/vladin-nevladin-sektor-zajedno-bolje-zdravstvene-zastite\/"]}]},{"@type":"ImageObject","inLanguage":"me-ME","@id":"https:\/\/www.evropskakuca.me\/me\/vladin-nevladin-sektor-zajedno-bolje-zdravstvene-zastite\/#primaryimage","url":"https:\/\/www.evropskakuca.me\/wp-content\/uploads\/2016\/11\/healthup.jpg","contentUrl":"https:\/\/www.evropskakuca.me\/wp-content\/uploads\/2016\/11\/healthup.jpg","width":1012,"height":675},{"@type":"BreadcrumbList","@id":"https:\/\/www.evropskakuca.me\/me\/vladin-nevladin-sektor-zajedno-bolje-zdravstvene-zastite\/#breadcrumb","itemListElement":[{"@type":"ListItem","position":1,"name":"Home","item":"https:\/\/www.evropskakuca.me\/me\/"},{"@type":"ListItem","position":2,"name":"Vladin i nevladin sektor zajedno do bolje zdravstvene za\u0161tite"}]},{"@type":"WebSite","@id":"https:\/\/www.evropskakuca.me\/me\/#website","url":"https:\/\/www.evropskakuca.me\/me\/","name":"Evropean house","description":"","publisher":{"@id":"https:\/\/www.evropskakuca.me\/me\/#organization"},"potentialAction":[{"@type":"SearchAction","target":{"@type":"EntryPoint","urlTemplate":"https:\/\/www.evropskakuca.me\/me\/?s={search_term_string}"},"query-input":{"@type":"PropertyValueSpecification","valueRequired":true,"valueName":"search_term_string"}}],"inLanguage":"me-ME"},{"@type":"Organization","@id":"https:\/\/www.evropskakuca.me\/me\/#organization","name":"Evropean house","url":"https:\/\/www.evropskakuca.me\/me\/","logo":{"@type":"ImageObject","inLanguage":"me-ME","@id":"https:\/\/www.evropskakuca.me\/me\/#\/schema\/logo\/image\/","url":"https:\/\/www.evropskakuca.me\/wp-content\/uploads\/2025\/01\/evropska-kuca-logo-1.png","contentUrl":"https:\/\/www.evropskakuca.me\/wp-content\/uploads\/2025\/01\/evropska-kuca-logo-1.png","width":425,"height":312,"caption":"Evropean house"},"image":{"@id":"https:\/\/www.evropskakuca.me\/me\/#\/schema\/logo\/image\/"},"sameAs":["https:\/\/www.facebook.com\/evropska.kuca","https:\/\/x.com\/evropska_kuca","https:\/\/www.instagram.com\/evropska_kuca"]},{"@type":"Person","@id":"https:\/\/www.evropskakuca.me\/me\/#\/schema\/person\/a1d0dcdaefe4a1cd1d60d200ea137ba4","name":"mkajic","image":{"@type":"ImageObject","inLanguage":"me-ME","@id":"https:\/\/secure.gravatar.com\/avatar\/731fa035cefab7316e6bafd1f25a93fb731a07de14e2d9923f8db4422628eabc?s=96&d=mm&r=g","url":"https:\/\/secure.gravatar.com\/avatar\/731fa035cefab7316e6bafd1f25a93fb731a07de14e2d9923f8db4422628eabc?s=96&d=mm&r=g","contentUrl":"https:\/\/secure.gravatar.com\/avatar\/731fa035cefab7316e6bafd1f25a93fb731a07de14e2d9923f8db4422628eabc?s=96&d=mm&r=g","caption":"mkajic"},"sameAs":["https:\/\/evropskakuca.me"],"url":"https:\/\/www.evropskakuca.me\/me\/author\/mkajic\/"}]}},"_links":{"self":[{"href":"https:\/\/www.evropskakuca.me\/me\/wp-json\/wp\/v2\/posts\/2463","targetHints":{"allow":["GET"]}}],"collection":[{"href":"https:\/\/www.evropskakuca.me\/me\/wp-json\/wp\/v2\/posts"}],"about":[{"href":"https:\/\/www.evropskakuca.me\/me\/wp-json\/wp\/v2\/types\/post"}],"author":[{"embeddable":true,"href":"https:\/\/www.evropskakuca.me\/me\/wp-json\/wp\/v2\/users\/1"}],"replies":[{"embeddable":true,"href":"https:\/\/www.evropskakuca.me\/me\/wp-json\/wp\/v2\/comments?post=2463"}],"version-history":[{"count":0,"href":"https:\/\/www.evropskakuca.me\/me\/wp-json\/wp\/v2\/posts\/2463\/revisions"}],"wp:featuredmedia":[{"embeddable":true,"href":"https:\/\/www.evropskakuca.me\/me\/wp-json\/wp\/v2\/media\/32156"}],"wp:attachment":[{"href":"https:\/\/www.evropskakuca.me\/me\/wp-json\/wp\/v2\/media?parent=2463"}],"wp:term":[{"taxonomy":"category","embeddable":true,"href":"https:\/\/www.evropskakuca.me\/me\/wp-json\/wp\/v2\/categories?post=2463"},{"taxonomy":"post_tag","embeddable":true,"href":"https:\/\/www.evropskakuca.me\/me\/wp-json\/wp\/v2\/tags?post=2463"}],"curies":[{"name":"wp","href":"https:\/\/api.w.org\/{rel}","templated":true}]}}