{"id":24580,"date":"2023-04-19T09:50:44","date_gmt":"2023-04-19T09:50:44","guid":{"rendered":"https:\/\/evropskakuca.me\/?p=24580"},"modified":"2023-04-19T09:50:44","modified_gmt":"2023-04-19T09:50:44","slug":"made-of-us-nevjerovatna-avantura-je-upravo-pocela","status":"publish","type":"post","link":"https:\/\/www.evropskakuca.me\/me\/made-of-us-nevjerovatna-avantura-je-upravo-pocela\/","title":{"rendered":"MADE OF US: Nevjerovatna avantura je upravo po\u010dela!"},"content":{"rendered":"<p>Generalni direktorat Evropske komisije za susjedstvo i pregovore o pro\u0161irenju (DG NEAR) i WeBalkans projekat predstavili su u Evropskoj ku\u0107i kampanju \u201eMADE OF US \u2013 Putovanje EU \u2500 Zapadni Balkan\u201c, koja ima za cilj da promovi\u0161e pozitivnu sliku Evropske unije ljudima na Zapadnom Balkanu, i obrnuto.<\/p>\n<p>Format kampanje uklju\u010duje 12 mladih vlogera iz EU i Zapadnog Balkana kao protagoniste kampanje koji c\u0301e putovati \u0161irom regiona u parovima koji se sastoje od jednog vlogera iz EU i jednog vlogera sa Zapadnog Balkana. Svaki od parova c\u0301e putovati kroz jednu od \u0161est zemalja Zapadnog Balkana i podijeliti svoja iskustva kreiranjem sopstvenog onlajn sadr\u017eaja.<\/p>\n<p><img fetchpriority=\"high\" decoding=\"async\" class=\"alignnone size-large wp-image-24583\" src=\"https:\/\/evropskakuca.me\/wp-content\/uploads\/2023\/04\/MADE-OF-US-1-1024x683.jpg\" alt=\"\" width=\"1024\" height=\"683\" \/><\/p>\n<p>Ambasadorka Evropske unije u Crnoj Gori Oana Kristina Popa poru\u010dila je da je Evropska unija posve\u0107ena mladima u regionu i podr\u017eava ih kroz veliki broj razli\u010ditih inicijativa, uklju\u010duju\u0107i i WeBalkans projekat i \u201cMADE OF US\u201d kampanju.<\/p>\n<p>\u201cNa\u0161i pa\u017eljivo odabrani vlogeri imaju privilegovanu ulogu u promovisanju ove podr\u0161ke putem sopstvenog sadr\u017eaja i da tako direktno oblikuju budu\u0107u percepciju regiona. Uzbu\u0111eni smo \u0161to mo\u017eemo da pokrenemo ovu avanturu ovdje, u Evropskoj ku\u0107i u Podgorici, i radoznali da vidimo koje c\u0301e putovanje i koji par vlogera smisliti najzanimljiviji sadr\u017eaj. Dozvolite mi da budem malo pristrasna, ali sam sigurna da c\u0301e publika \u0161irom Evrope i regiona biti zadivljena Crnom Gorom i skrivenim draguljima ove zemlje koje c\u0301e vlogeri otkriti\u201d, kazala je Popa.<\/p>\n<p><img decoding=\"async\" class=\"alignnone size-large wp-image-24585\" src=\"https:\/\/evropskakuca.me\/wp-content\/uploads\/2023\/04\/MADE-OF-US-3-1024x683.jpg\" alt=\"\" width=\"1024\" height=\"683\" \/><\/p>\n<p>Kampanja c\u0301e trajati ukupno \u0161est nedelja izme\u0111u 18. aprila i 30. maja, pri \u010demu c\u0301e se svake nedelje fokusirati na jednog od partnera iz Zapadno Balkanske \u0161estorke. Vlogeri c\u0301e obi\u0107i ukupno 18 projekata koje finansira EU u regionu, pre\u0107i 6000 km automobilom, i na tom putu susresti mnoge zanimljive i inspirativne lokalne li\u010dnosti, predstavljaju\u0107i usput prirodne pejza\u017ee, izuzetne znamenitosti i jedinstveno kulturno naslje\u0111e koje Zapadni Balkan ima da ponudi.<\/p>\n<p>Crnom Gorom \u0107e putovati Emir Cirikovic\u0301 i Italijanka Ali\u0161a Franki. Ambasadorka Italije u Crnoj Gori Andreina Marsela kazala je kako njena zemlja pru\u017ea konstantnu podr\u0161ku naporima zemalja Zapadnog Balkana da postanu dio Evropske unije.<\/p>\n<p><img decoding=\"async\" class=\"alignnone size-large wp-image-24587\" src=\"https:\/\/evropskakuca.me\/wp-content\/uploads\/2023\/04\/MADE-OF-US-2-1024x683.jpg\" alt=\"\" width=\"1024\" height=\"683\" \/><\/p>\n<p>\u201cVjerujem da inicijative poput\u00a0 \u201cMADE OF US\u201d imaju zna\u010dajnu ulogu jer se obra\u0107a mladima regiona koji su budu\u0107nost svojih zajednica. Njima moramo dokazati da proces pro\u0161irenja svima donosi korist. Kroz njih mo\u017eemo javnosti pokazati uticaj koji pro\u0161irenje donosi Zapadnom Balkanu. Sa njima mo\u017eemo graditi evropsku budu\u0107nost regiona\u201d, kazala je Marsela.<\/p>\n<p>Rozalinda Vajbrou\u00a0 iz Generalnog direktorata Evropske komisije za susjedstvo i pregovore o pro\u0161irenju poru\u010dila je da je pokretanje kampanje jo\u0161 jedan od na\u010dina da se poka\u017ee kako Evropska unija ula\u017ee u Zapadni Balkan a posebno u\u00a0 mladost regiona.<\/p>\n<p>Dvanaest vlogera c\u0301e tokom putovanja bilje\u017eiti svoja iskustva koristec\u0301i sopstvenu opremu i kanale dru\u0161tvenih medija, prevodec\u0301i svoje putovanje u visokokvalitetne dru\u0161tvene medije i web sadr\u017eaj, fotografije i video zapise, koji c\u0301e biti distribuirani na kanalima WeBalkans.<\/p>\n<p><u>Vi\u0161e informacija na:<\/u><\/p>\n<p><a href=\"https:\/\/webalkans.eu\/en\/made-of-us\/\">https:\/\/webalkans.eu\/en\/made-of-us\/<\/a><\/p>\n","protected":false},"excerpt":{"rendered":"<p>Generalni direktorat Evropske komisije za susjedstvo i pregovore o pro\u0161irenju (DG NEAR) i WeBalkans projekat predstavili su u Evropskoj ku\u0107i kampanju \u201eMADE OF US \u2013 Putovanje EU \u2500 Zapadni Balkan\u201c, koja ima za cilj da promovi\u0161e pozitivnu sliku Evropske unije ljudima na Zapadnom Balkanu, i obrnuto. Format kampanje uklju\u010duje 12 mladih vlogera iz EU i [&hellip;]<\/p>\n","protected":false},"author":1,"featured_media":38921,"comment_status":"closed","ping_status":"closed","sticky":false,"template":"","format":"standard","meta":{"_acf_changed":false,"footnotes":""},"categories":[],"tags":[],"class_list":["post-24580","post","type-post","status-publish","format-standard","has-post-thumbnail","hentry"],"acf":[],"yoast_head":"<!-- This site is optimized with the Yoast SEO plugin v27.3 - https:\/\/yoast.com\/product\/yoast-seo-wordpress\/ -->\n<title>MADE OF US: Nevjerovatna avantura je upravo po\u010dela! - Europe House<\/title>\n<meta name=\"robots\" content=\"index, follow, max-snippet:-1, max-image-preview:large, max-video-preview:-1\" \/>\n<link rel=\"canonical\" href=\"https:\/\/www.evropskakuca.me\/me\/made-of-us-nevjerovatna-avantura-je-upravo-pocela\/\" \/>\n<meta property=\"og:locale\" content=\"en_US\" \/>\n<meta property=\"og:type\" content=\"article\" \/>\n<meta property=\"og:title\" content=\"MADE OF US: Nevjerovatna avantura je upravo po\u010dela! - Europe House\" \/>\n<meta property=\"og:description\" content=\"Generalni direktorat Evropske komisije za susjedstvo i pregovore o pro\u0161irenju (DG NEAR) i WeBalkans projekat predstavili su u Evropskoj ku\u0107i kampanju \u201eMADE OF US \u2013 Putovanje EU \u2500 Zapadni Balkan\u201c, koja ima za cilj da promovi\u0161e pozitivnu sliku Evropske unije ljudima na Zapadnom Balkanu, i obrnuto. Format kampanje uklju\u010duje 12 mladih vlogera iz EU i [&hellip;]\" \/>\n<meta property=\"og:url\" content=\"https:\/\/www.evropskakuca.me\/me\/made-of-us-nevjerovatna-avantura-je-upravo-pocela\/\" \/>\n<meta property=\"og:site_name\" content=\"Europe House\" \/>\n<meta property=\"article:publisher\" content=\"https:\/\/www.facebook.com\/evropska.kuca\" \/>\n<meta property=\"article:published_time\" content=\"2023-04-19T09:50:44+00:00\" \/>\n<meta property=\"og:image\" content=\"https:\/\/www.evropskakuca.me\/wp-content\/uploads\/2023\/04\/MADE-OF-US-4.jpg\" \/>\n\t<meta property=\"og:image:width\" content=\"1620\" \/>\n\t<meta property=\"og:image:height\" content=\"1080\" \/>\n\t<meta property=\"og:image:type\" content=\"image\/jpeg\" \/>\n<meta name=\"author\" content=\"mkajic\" \/>\n<meta name=\"twitter:card\" content=\"summary_large_image\" \/>\n<meta name=\"twitter:creator\" content=\"@evropska_kuca\" \/>\n<meta name=\"twitter:site\" content=\"@evropska_kuca\" \/>\n<meta name=\"twitter:label1\" content=\"Written by\" \/>\n\t<meta name=\"twitter:data1\" content=\"mkajic\" \/>\n\t<meta name=\"twitter:label2\" content=\"Est. reading time\" \/>\n\t<meta name=\"twitter:data2\" content=\"3 minutes\" \/>\n<script type=\"application\/ld+json\" class=\"yoast-schema-graph\">{\"@context\":\"https:\\\/\\\/schema.org\",\"@graph\":[{\"@type\":\"Article\",\"@id\":\"https:\\\/\\\/www.evropskakuca.me\\\/me\\\/made-of-us-nevjerovatna-avantura-je-upravo-pocela\\\/#article\",\"isPartOf\":{\"@id\":\"https:\\\/\\\/www.evropskakuca.me\\\/me\\\/made-of-us-nevjerovatna-avantura-je-upravo-pocela\\\/\"},\"author\":{\"name\":\"mkajic\",\"@id\":\"https:\\\/\\\/www.evropskakuca.me\\\/me\\\/#\\\/schema\\\/person\\\/a1d0dcdaefe4a1cd1d60d200ea137ba4\"},\"headline\":\"MADE OF US: Nevjerovatna avantura je upravo po\u010dela!\",\"datePublished\":\"2023-04-19T09:50:44+00:00\",\"mainEntityOfPage\":{\"@id\":\"https:\\\/\\\/www.evropskakuca.me\\\/me\\\/made-of-us-nevjerovatna-avantura-je-upravo-pocela\\\/\"},\"wordCount\":516,\"publisher\":{\"@id\":\"https:\\\/\\\/www.evropskakuca.me\\\/me\\\/#organization\"},\"image\":{\"@id\":\"https:\\\/\\\/www.evropskakuca.me\\\/me\\\/made-of-us-nevjerovatna-avantura-je-upravo-pocela\\\/#primaryimage\"},\"thumbnailUrl\":\"https:\\\/\\\/www.evropskakuca.me\\\/wp-content\\\/uploads\\\/2023\\\/04\\\/MADE-OF-US-4.jpg\",\"inLanguage\":\"me-ME\"},{\"@type\":\"WebPage\",\"@id\":\"https:\\\/\\\/www.evropskakuca.me\\\/me\\\/made-of-us-nevjerovatna-avantura-je-upravo-pocela\\\/\",\"url\":\"https:\\\/\\\/www.evropskakuca.me\\\/me\\\/made-of-us-nevjerovatna-avantura-je-upravo-pocela\\\/\",\"name\":\"MADE OF US: Nevjerovatna avantura je upravo po\u010dela! - Europe House\",\"isPartOf\":{\"@id\":\"https:\\\/\\\/www.evropskakuca.me\\\/me\\\/#website\"},\"primaryImageOfPage\":{\"@id\":\"https:\\\/\\\/www.evropskakuca.me\\\/me\\\/made-of-us-nevjerovatna-avantura-je-upravo-pocela\\\/#primaryimage\"},\"image\":{\"@id\":\"https:\\\/\\\/www.evropskakuca.me\\\/me\\\/made-of-us-nevjerovatna-avantura-je-upravo-pocela\\\/#primaryimage\"},\"thumbnailUrl\":\"https:\\\/\\\/www.evropskakuca.me\\\/wp-content\\\/uploads\\\/2023\\\/04\\\/MADE-OF-US-4.jpg\",\"datePublished\":\"2023-04-19T09:50:44+00:00\",\"breadcrumb\":{\"@id\":\"https:\\\/\\\/www.evropskakuca.me\\\/me\\\/made-of-us-nevjerovatna-avantura-je-upravo-pocela\\\/#breadcrumb\"},\"inLanguage\":\"me-ME\",\"potentialAction\":[{\"@type\":\"ReadAction\",\"target\":[\"https:\\\/\\\/www.evropskakuca.me\\\/me\\\/made-of-us-nevjerovatna-avantura-je-upravo-pocela\\\/\"]}]},{\"@type\":\"ImageObject\",\"inLanguage\":\"me-ME\",\"@id\":\"https:\\\/\\\/www.evropskakuca.me\\\/me\\\/made-of-us-nevjerovatna-avantura-je-upravo-pocela\\\/#primaryimage\",\"url\":\"https:\\\/\\\/www.evropskakuca.me\\\/wp-content\\\/uploads\\\/2023\\\/04\\\/MADE-OF-US-4.jpg\",\"contentUrl\":\"https:\\\/\\\/www.evropskakuca.me\\\/wp-content\\\/uploads\\\/2023\\\/04\\\/MADE-OF-US-4.jpg\",\"width\":1620,\"height\":1080},{\"@type\":\"BreadcrumbList\",\"@id\":\"https:\\\/\\\/www.evropskakuca.me\\\/me\\\/made-of-us-nevjerovatna-avantura-je-upravo-pocela\\\/#breadcrumb\",\"itemListElement\":[{\"@type\":\"ListItem\",\"position\":1,\"name\":\"Home\",\"item\":\"https:\\\/\\\/www.evropskakuca.me\\\/me\\\/\"},{\"@type\":\"ListItem\",\"position\":2,\"name\":\"MADE OF US: Nevjerovatna avantura je upravo po\u010dela!\"}]},{\"@type\":\"WebSite\",\"@id\":\"https:\\\/\\\/www.evropskakuca.me\\\/me\\\/#website\",\"url\":\"https:\\\/\\\/www.evropskakuca.me\\\/me\\\/\",\"name\":\"Evropean house\",\"description\":\"\",\"publisher\":{\"@id\":\"https:\\\/\\\/www.evropskakuca.me\\\/me\\\/#organization\"},\"potentialAction\":[{\"@type\":\"SearchAction\",\"target\":{\"@type\":\"EntryPoint\",\"urlTemplate\":\"https:\\\/\\\/www.evropskakuca.me\\\/me\\\/?s={search_term_string}\"},\"query-input\":{\"@type\":\"PropertyValueSpecification\",\"valueRequired\":true,\"valueName\":\"search_term_string\"}}],\"inLanguage\":\"me-ME\"},{\"@type\":\"Organization\",\"@id\":\"https:\\\/\\\/www.evropskakuca.me\\\/me\\\/#organization\",\"name\":\"Evropean house\",\"url\":\"https:\\\/\\\/www.evropskakuca.me\\\/me\\\/\",\"logo\":{\"@type\":\"ImageObject\",\"inLanguage\":\"me-ME\",\"@id\":\"https:\\\/\\\/www.evropskakuca.me\\\/me\\\/#\\\/schema\\\/logo\\\/image\\\/\",\"url\":\"https:\\\/\\\/www.evropskakuca.me\\\/wp-content\\\/uploads\\\/2025\\\/01\\\/evropska-kuca-logo-1.png\",\"contentUrl\":\"https:\\\/\\\/www.evropskakuca.me\\\/wp-content\\\/uploads\\\/2025\\\/01\\\/evropska-kuca-logo-1.png\",\"width\":425,\"height\":312,\"caption\":\"Evropean house\"},\"image\":{\"@id\":\"https:\\\/\\\/www.evropskakuca.me\\\/me\\\/#\\\/schema\\\/logo\\\/image\\\/\"},\"sameAs\":[\"https:\\\/\\\/www.facebook.com\\\/evropska.kuca\",\"https:\\\/\\\/x.com\\\/evropska_kuca\",\"https:\\\/\\\/www.instagram.com\\\/evropska_kuca\"]},{\"@type\":\"Person\",\"@id\":\"https:\\\/\\\/www.evropskakuca.me\\\/me\\\/#\\\/schema\\\/person\\\/a1d0dcdaefe4a1cd1d60d200ea137ba4\",\"name\":\"mkajic\",\"image\":{\"@type\":\"ImageObject\",\"inLanguage\":\"me-ME\",\"@id\":\"https:\\\/\\\/secure.gravatar.com\\\/avatar\\\/731fa035cefab7316e6bafd1f25a93fb731a07de14e2d9923f8db4422628eabc?s=96&d=mm&r=g\",\"url\":\"https:\\\/\\\/secure.gravatar.com\\\/avatar\\\/731fa035cefab7316e6bafd1f25a93fb731a07de14e2d9923f8db4422628eabc?s=96&d=mm&r=g\",\"contentUrl\":\"https:\\\/\\\/secure.gravatar.com\\\/avatar\\\/731fa035cefab7316e6bafd1f25a93fb731a07de14e2d9923f8db4422628eabc?s=96&d=mm&r=g\",\"caption\":\"mkajic\"},\"sameAs\":[\"https:\\\/\\\/evropskakuca.me\"],\"url\":\"https:\\\/\\\/www.evropskakuca.me\\\/me\\\/author\\\/mkajic\\\/\"}]}<\/script>\n<!-- \/ Yoast SEO plugin. -->","yoast_head_json":{"title":"MADE OF US: Nevjerovatna avantura je upravo po\u010dela! - Europe House","robots":{"index":"index","follow":"follow","max-snippet":"max-snippet:-1","max-image-preview":"max-image-preview:large","max-video-preview":"max-video-preview:-1"},"canonical":"https:\/\/www.evropskakuca.me\/me\/made-of-us-nevjerovatna-avantura-je-upravo-pocela\/","og_locale":"en_US","og_type":"article","og_title":"MADE OF US: Nevjerovatna avantura je upravo po\u010dela! - Europe House","og_description":"Generalni direktorat Evropske komisije za susjedstvo i pregovore o pro\u0161irenju (DG NEAR) i WeBalkans projekat predstavili su u Evropskoj ku\u0107i kampanju \u201eMADE OF US \u2013 Putovanje EU \u2500 Zapadni Balkan\u201c, koja ima za cilj da promovi\u0161e pozitivnu sliku Evropske unije ljudima na Zapadnom Balkanu, i obrnuto. Format kampanje uklju\u010duje 12 mladih vlogera iz EU i [&hellip;]","og_url":"https:\/\/www.evropskakuca.me\/me\/made-of-us-nevjerovatna-avantura-je-upravo-pocela\/","og_site_name":"Europe House","article_publisher":"https:\/\/www.facebook.com\/evropska.kuca","article_published_time":"2023-04-19T09:50:44+00:00","og_image":[{"width":1620,"height":1080,"url":"https:\/\/www.evropskakuca.me\/wp-content\/uploads\/2023\/04\/MADE-OF-US-4.jpg","type":"image\/jpeg"}],"author":"mkajic","twitter_card":"summary_large_image","twitter_creator":"@evropska_kuca","twitter_site":"@evropska_kuca","twitter_misc":{"Written by":"mkajic","Est. reading time":"3 minutes"},"schema":{"@context":"https:\/\/schema.org","@graph":[{"@type":"Article","@id":"https:\/\/www.evropskakuca.me\/me\/made-of-us-nevjerovatna-avantura-je-upravo-pocela\/#article","isPartOf":{"@id":"https:\/\/www.evropskakuca.me\/me\/made-of-us-nevjerovatna-avantura-je-upravo-pocela\/"},"author":{"name":"mkajic","@id":"https:\/\/www.evropskakuca.me\/me\/#\/schema\/person\/a1d0dcdaefe4a1cd1d60d200ea137ba4"},"headline":"MADE OF US: Nevjerovatna avantura je upravo po\u010dela!","datePublished":"2023-04-19T09:50:44+00:00","mainEntityOfPage":{"@id":"https:\/\/www.evropskakuca.me\/me\/made-of-us-nevjerovatna-avantura-je-upravo-pocela\/"},"wordCount":516,"publisher":{"@id":"https:\/\/www.evropskakuca.me\/me\/#organization"},"image":{"@id":"https:\/\/www.evropskakuca.me\/me\/made-of-us-nevjerovatna-avantura-je-upravo-pocela\/#primaryimage"},"thumbnailUrl":"https:\/\/www.evropskakuca.me\/wp-content\/uploads\/2023\/04\/MADE-OF-US-4.jpg","inLanguage":"me-ME"},{"@type":"WebPage","@id":"https:\/\/www.evropskakuca.me\/me\/made-of-us-nevjerovatna-avantura-je-upravo-pocela\/","url":"https:\/\/www.evropskakuca.me\/me\/made-of-us-nevjerovatna-avantura-je-upravo-pocela\/","name":"MADE OF US: Nevjerovatna avantura je upravo po\u010dela! - Europe House","isPartOf":{"@id":"https:\/\/www.evropskakuca.me\/me\/#website"},"primaryImageOfPage":{"@id":"https:\/\/www.evropskakuca.me\/me\/made-of-us-nevjerovatna-avantura-je-upravo-pocela\/#primaryimage"},"image":{"@id":"https:\/\/www.evropskakuca.me\/me\/made-of-us-nevjerovatna-avantura-je-upravo-pocela\/#primaryimage"},"thumbnailUrl":"https:\/\/www.evropskakuca.me\/wp-content\/uploads\/2023\/04\/MADE-OF-US-4.jpg","datePublished":"2023-04-19T09:50:44+00:00","breadcrumb":{"@id":"https:\/\/www.evropskakuca.me\/me\/made-of-us-nevjerovatna-avantura-je-upravo-pocela\/#breadcrumb"},"inLanguage":"me-ME","potentialAction":[{"@type":"ReadAction","target":["https:\/\/www.evropskakuca.me\/me\/made-of-us-nevjerovatna-avantura-je-upravo-pocela\/"]}]},{"@type":"ImageObject","inLanguage":"me-ME","@id":"https:\/\/www.evropskakuca.me\/me\/made-of-us-nevjerovatna-avantura-je-upravo-pocela\/#primaryimage","url":"https:\/\/www.evropskakuca.me\/wp-content\/uploads\/2023\/04\/MADE-OF-US-4.jpg","contentUrl":"https:\/\/www.evropskakuca.me\/wp-content\/uploads\/2023\/04\/MADE-OF-US-4.jpg","width":1620,"height":1080},{"@type":"BreadcrumbList","@id":"https:\/\/www.evropskakuca.me\/me\/made-of-us-nevjerovatna-avantura-je-upravo-pocela\/#breadcrumb","itemListElement":[{"@type":"ListItem","position":1,"name":"Home","item":"https:\/\/www.evropskakuca.me\/me\/"},{"@type":"ListItem","position":2,"name":"MADE OF US: Nevjerovatna avantura je upravo po\u010dela!"}]},{"@type":"WebSite","@id":"https:\/\/www.evropskakuca.me\/me\/#website","url":"https:\/\/www.evropskakuca.me\/me\/","name":"Evropean house","description":"","publisher":{"@id":"https:\/\/www.evropskakuca.me\/me\/#organization"},"potentialAction":[{"@type":"SearchAction","target":{"@type":"EntryPoint","urlTemplate":"https:\/\/www.evropskakuca.me\/me\/?s={search_term_string}"},"query-input":{"@type":"PropertyValueSpecification","valueRequired":true,"valueName":"search_term_string"}}],"inLanguage":"me-ME"},{"@type":"Organization","@id":"https:\/\/www.evropskakuca.me\/me\/#organization","name":"Evropean house","url":"https:\/\/www.evropskakuca.me\/me\/","logo":{"@type":"ImageObject","inLanguage":"me-ME","@id":"https:\/\/www.evropskakuca.me\/me\/#\/schema\/logo\/image\/","url":"https:\/\/www.evropskakuca.me\/wp-content\/uploads\/2025\/01\/evropska-kuca-logo-1.png","contentUrl":"https:\/\/www.evropskakuca.me\/wp-content\/uploads\/2025\/01\/evropska-kuca-logo-1.png","width":425,"height":312,"caption":"Evropean house"},"image":{"@id":"https:\/\/www.evropskakuca.me\/me\/#\/schema\/logo\/image\/"},"sameAs":["https:\/\/www.facebook.com\/evropska.kuca","https:\/\/x.com\/evropska_kuca","https:\/\/www.instagram.com\/evropska_kuca"]},{"@type":"Person","@id":"https:\/\/www.evropskakuca.me\/me\/#\/schema\/person\/a1d0dcdaefe4a1cd1d60d200ea137ba4","name":"mkajic","image":{"@type":"ImageObject","inLanguage":"me-ME","@id":"https:\/\/secure.gravatar.com\/avatar\/731fa035cefab7316e6bafd1f25a93fb731a07de14e2d9923f8db4422628eabc?s=96&d=mm&r=g","url":"https:\/\/secure.gravatar.com\/avatar\/731fa035cefab7316e6bafd1f25a93fb731a07de14e2d9923f8db4422628eabc?s=96&d=mm&r=g","contentUrl":"https:\/\/secure.gravatar.com\/avatar\/731fa035cefab7316e6bafd1f25a93fb731a07de14e2d9923f8db4422628eabc?s=96&d=mm&r=g","caption":"mkajic"},"sameAs":["https:\/\/evropskakuca.me"],"url":"https:\/\/www.evropskakuca.me\/me\/author\/mkajic\/"}]}},"_links":{"self":[{"href":"https:\/\/www.evropskakuca.me\/me\/wp-json\/wp\/v2\/posts\/24580","targetHints":{"allow":["GET"]}}],"collection":[{"href":"https:\/\/www.evropskakuca.me\/me\/wp-json\/wp\/v2\/posts"}],"about":[{"href":"https:\/\/www.evropskakuca.me\/me\/wp-json\/wp\/v2\/types\/post"}],"author":[{"embeddable":true,"href":"https:\/\/www.evropskakuca.me\/me\/wp-json\/wp\/v2\/users\/1"}],"replies":[{"embeddable":true,"href":"https:\/\/www.evropskakuca.me\/me\/wp-json\/wp\/v2\/comments?post=24580"}],"version-history":[{"count":0,"href":"https:\/\/www.evropskakuca.me\/me\/wp-json\/wp\/v2\/posts\/24580\/revisions"}],"wp:featuredmedia":[{"embeddable":true,"href":"https:\/\/www.evropskakuca.me\/me\/wp-json\/wp\/v2\/media\/38921"}],"wp:attachment":[{"href":"https:\/\/www.evropskakuca.me\/me\/wp-json\/wp\/v2\/media?parent=24580"}],"wp:term":[{"taxonomy":"category","embeddable":true,"href":"https:\/\/www.evropskakuca.me\/me\/wp-json\/wp\/v2\/categories?post=24580"},{"taxonomy":"post_tag","embeddable":true,"href":"https:\/\/www.evropskakuca.me\/me\/wp-json\/wp\/v2\/tags?post=24580"}],"curies":[{"name":"wp","href":"https:\/\/api.w.org\/{rel}","templated":true}]}}