{"id":24483,"date":"2023-03-31T08:18:31","date_gmt":"2023-03-31T08:18:31","guid":{"rendered":"https:\/\/evropskakuca.me\/?p=24483"},"modified":"2023-03-31T08:18:31","modified_gmt":"2023-03-31T08:18:31","slug":"24483","status":"publish","type":"post","link":"https:\/\/www.evropskakuca.me\/me\/24483\/","title":{"rendered":"\u010cEK: Odr\u017eana digitalna radionica za seniore"},"content":{"rendered":"<p>Sedamdeset\u0161estogodi\u0161nja Cica Jakovljevi\u0107 je planinarka. Ponosno isti\u010de da svakog dana predje od 7 do 10 hiljada koraka. Njene korake broji mobilna aplikacija.<\/p>\n<p>Ipak, na\u0161a sagovornica isti\u010de da ne koristi e-usluge.<\/p>\n<p><img fetchpriority=\"high\" decoding=\"async\" class=\"alignnone size-large wp-image-24486\" src=\"https:\/\/evropskakuca.me\/wp-content\/uploads\/2023\/03\/1-27-1024x683.jpg\" alt=\"\" width=\"1024\" height=\"683\" \/><\/p>\n<p>\u2018\u2019Sve dok mogu da idem, idem da zaka\u017eem. To mi je izlazak\u2019\u2019, dodaje Cica kroz smijeh.<\/p>\n<p>Njena prijateljica Milena Andrija\u0161evi\u0107 ima 75 godina i jos uvijek je radoznala. Kako nam je kazala njena radoznalost je dovela kod nas.<\/p>\n<p><img decoding=\"async\" class=\"alignnone size-large wp-image-24488\" src=\"https:\/\/evropskakuca.me\/wp-content\/uploads\/2023\/03\/1-21-1024x683.jpg\" alt=\"\" width=\"1024\" height=\"683\" \/><\/p>\n<p>\u2018\u2019Mi smo imali nekoliko radionica da savladamo upotrebu mobilnih telefona. Va\u0161a tema je ne\u0161to jo\u0161 plus\u2019\u2019, isti\u010de Milena.<\/p>\n<p>Ovaj \u010detvrtak u Evropskoj ku\u0107i(\u010cEK) je bio posve\u0107en seniorima koji \u017eele da nau\u010de da koriste digitalne alate.<\/p>\n<p>Kroz radionicu \u2018\u2019Internet i mi: Alati za svaki dan\u2019\u2019, Sne\u017eana Nik\u010devi\u0107 iz NVO 35mm je korak po korak pokazivala kako da na\u0161i stariji sugradjani koriste pojedine aplikacije koje zna\u010dajno \u0161tede vrijeme i energiju.<\/p>\n\n<p>U\u010dili smo kako da skeniramo dokumenta\u00a0koriste\u0107i pametni telefon u razli\u010dtim formama i kako da skenirana dokumenta po\u0161aljemo na razli\u010dite platforme.<\/p>\n<p>Kroz prakti\u010dnu vje\u017ebu ohrabrili smo i na\u0161e starije u\u010desnike da koriste i e-telegram koji je usluga Po\u0161te Crne Gore.<\/p>\n<p><img decoding=\"async\" class=\"alignnone size-large wp-image-24498\" src=\"https:\/\/evropskakuca.me\/wp-content\/uploads\/2023\/03\/1-15-1-1024x683.jpg\" alt=\"\" width=\"1024\" height=\"683\" \/><\/p>\n<p>\u2018\u2019Za ovakav rad je potrebno strpljenje jer je va\u017eno da na\u0161i stariji sugra\u0111ani sami pro\u0111u kroz proces bar jednom, od po\u010detka do kraja, i da im budete podr\u0161ka tokom cijelog procesa. Zaista divna grupa ljudi, puni entuzijazma, \u017eelje da u\u010de, i ono \u0161to veoma cijenim, vrlo aktivni da pitaju sve \u0161to im nije jasno &#8211; \u0161to nije uvijek slu\u010daj na \u017ealost. Kada vidite koliko su spremni da iza\u0111u iz komfor zone i da se prilagode\u00a0jer im je kori\u0161\u0107enje tehnologije potreba, a ne izbor &#8211; bude i inspiracija i motivacija da nastavite da radite\u2019\u2019, kazala nam je Sne\u017eana.<\/p>\n<p>Razgovarali smo o na\u010dinu na koji funkcioni\u0161e prije svega na\u0161 digitalni identitet i za\u0161to je va\u017eno da razumijemo kako prije svega funkcioni\u0161e mobilni telefon i aplikacije na njemu.<\/p>\n\n<p>U saradnji sa NVO 35mm kroz seriju dogadjaja \u00a0&#8220;Internet i mi&#8221; radimo sa grupama razli\u010ditih uzrasta pru\u017eaju\u0107i im podr\u0161ku da razvijaju digitalne vje\u0161tine razli\u010ditih vrsta.<\/p>\n<p>Nastavljamo da \u201e\u010dekiramo\u201c teme koje vas zanimaju zato nas pratite redovno na dru\u0161tvenim mre\u017eama: <a href=\"https:\/\/www.facebook.com\/evropska.kuca\/\">Facebook<\/a>, <a href=\"https:\/\/www.instagram.com\/evropska_kuca\/?hl=en\">Instagram<\/a> i <a href=\"https:\/\/twitter.com\/evropska_kuca?lang=en\">Twitter<\/a>.<\/p>\n<p>\u201e\u010cetvrtak u Evropskoj ku\u0107i\u201c ili skra\u0107eno \u010cEK naziv je na\u0161e aktivnosti, u okviru koje \u0107emo svakog drugog \u010detvrtka organizovati zanimljive doga\u0111aje, poput radionica, predavanja, panel diskusija, izlo\u017ebi, promocija knjiga i sl.<\/p>\n","protected":false},"excerpt":{"rendered":"<p>Sedamdeset\u0161estogodi\u0161nja Cica Jakovljevi\u0107 je planinarka. Ponosno isti\u010de da svakog dana predje od 7 do 10 hiljada koraka. Njene korake broji mobilna aplikacija. Ipak, na\u0161a sagovornica isti\u010de da ne koristi e-usluge. \u2018\u2019Sve dok mogu da idem, idem da zaka\u017eem. To mi je izlazak\u2019\u2019, dodaje Cica kroz smijeh. Njena prijateljica Milena Andrija\u0161evi\u0107 ima 75 godina i jos [&hellip;]<\/p>\n","protected":false},"author":1,"featured_media":32084,"comment_status":"closed","ping_status":"closed","sticky":false,"template":"","format":"standard","meta":{"_acf_changed":false,"footnotes":""},"categories":[],"tags":[],"class_list":["post-24483","post","type-post","status-publish","format-standard","has-post-thumbnail","hentry"],"acf":[],"yoast_head":"<!-- This site is optimized with the Yoast SEO plugin v27.3 - https:\/\/yoast.com\/product\/yoast-seo-wordpress\/ -->\n<title>\u010cEK: Odr\u017eana digitalna radionica za seniore - Europe House<\/title>\n<meta name=\"robots\" content=\"index, follow, max-snippet:-1, max-image-preview:large, max-video-preview:-1\" \/>\n<link rel=\"canonical\" href=\"https:\/\/www.evropskakuca.me\/me\/24483\/\" \/>\n<meta property=\"og:locale\" content=\"en_US\" \/>\n<meta property=\"og:type\" content=\"article\" \/>\n<meta property=\"og:title\" content=\"\u010cEK: Odr\u017eana digitalna radionica za seniore - Europe House\" \/>\n<meta property=\"og:description\" content=\"Sedamdeset\u0161estogodi\u0161nja Cica Jakovljevi\u0107 je planinarka. Ponosno isti\u010de da svakog dana predje od 7 do 10 hiljada koraka. Njene korake broji mobilna aplikacija. Ipak, na\u0161a sagovornica isti\u010de da ne koristi e-usluge. \u2018\u2019Sve dok mogu da idem, idem da zaka\u017eem. To mi je izlazak\u2019\u2019, dodaje Cica kroz smijeh. Njena prijateljica Milena Andrija\u0161evi\u0107 ima 75 godina i jos [&hellip;]\" \/>\n<meta property=\"og:url\" content=\"https:\/\/www.evropskakuca.me\/me\/24483\/\" \/>\n<meta property=\"og:site_name\" content=\"Europe House\" \/>\n<meta property=\"article:publisher\" content=\"https:\/\/www.facebook.com\/evropska.kuca\" \/>\n<meta property=\"article:published_time\" content=\"2023-03-31T08:18:31+00:00\" \/>\n<meta property=\"og:image\" content=\"https:\/\/www.evropskakuca.me\/wp-content\/uploads\/2016\/11\/1.jpg\" \/>\n\t<meta property=\"og:image:width\" content=\"859\" \/>\n\t<meta property=\"og:image:height\" content=\"573\" \/>\n\t<meta property=\"og:image:type\" content=\"image\/jpeg\" \/>\n<meta name=\"author\" content=\"mkajic\" \/>\n<meta name=\"twitter:card\" content=\"summary_large_image\" \/>\n<meta name=\"twitter:creator\" content=\"@evropska_kuca\" \/>\n<meta name=\"twitter:site\" content=\"@evropska_kuca\" \/>\n<meta name=\"twitter:label1\" content=\"Written by\" \/>\n\t<meta name=\"twitter:data1\" content=\"mkajic\" \/>\n\t<meta name=\"twitter:label2\" content=\"Est. reading time\" \/>\n\t<meta name=\"twitter:data2\" content=\"2 minutes\" \/>\n<script type=\"application\/ld+json\" class=\"yoast-schema-graph\">{\"@context\":\"https:\\\/\\\/schema.org\",\"@graph\":[{\"@type\":\"Article\",\"@id\":\"https:\\\/\\\/www.evropskakuca.me\\\/me\\\/24483\\\/#article\",\"isPartOf\":{\"@id\":\"https:\\\/\\\/www.evropskakuca.me\\\/me\\\/24483\\\/\"},\"author\":{\"name\":\"mkajic\",\"@id\":\"https:\\\/\\\/www.evropskakuca.me\\\/me\\\/#\\\/schema\\\/person\\\/a1d0dcdaefe4a1cd1d60d200ea137ba4\"},\"headline\":\"\u010cEK: Odr\u017eana digitalna radionica za seniore\",\"datePublished\":\"2023-03-31T08:18:31+00:00\",\"mainEntityOfPage\":{\"@id\":\"https:\\\/\\\/www.evropskakuca.me\\\/me\\\/24483\\\/\"},\"wordCount\":445,\"publisher\":{\"@id\":\"https:\\\/\\\/www.evropskakuca.me\\\/me\\\/#organization\"},\"image\":{\"@id\":\"https:\\\/\\\/www.evropskakuca.me\\\/me\\\/24483\\\/#primaryimage\"},\"thumbnailUrl\":\"https:\\\/\\\/www.evropskakuca.me\\\/wp-content\\\/uploads\\\/2016\\\/11\\\/1.jpg\",\"inLanguage\":\"me-ME\"},{\"@type\":\"WebPage\",\"@id\":\"https:\\\/\\\/www.evropskakuca.me\\\/me\\\/24483\\\/\",\"url\":\"https:\\\/\\\/www.evropskakuca.me\\\/me\\\/24483\\\/\",\"name\":\"\u010cEK: Odr\u017eana digitalna radionica za seniore - Europe House\",\"isPartOf\":{\"@id\":\"https:\\\/\\\/www.evropskakuca.me\\\/me\\\/#website\"},\"primaryImageOfPage\":{\"@id\":\"https:\\\/\\\/www.evropskakuca.me\\\/me\\\/24483\\\/#primaryimage\"},\"image\":{\"@id\":\"https:\\\/\\\/www.evropskakuca.me\\\/me\\\/24483\\\/#primaryimage\"},\"thumbnailUrl\":\"https:\\\/\\\/www.evropskakuca.me\\\/wp-content\\\/uploads\\\/2016\\\/11\\\/1.jpg\",\"datePublished\":\"2023-03-31T08:18:31+00:00\",\"breadcrumb\":{\"@id\":\"https:\\\/\\\/www.evropskakuca.me\\\/me\\\/24483\\\/#breadcrumb\"},\"inLanguage\":\"me-ME\",\"potentialAction\":[{\"@type\":\"ReadAction\",\"target\":[\"https:\\\/\\\/www.evropskakuca.me\\\/me\\\/24483\\\/\"]}]},{\"@type\":\"ImageObject\",\"inLanguage\":\"me-ME\",\"@id\":\"https:\\\/\\\/www.evropskakuca.me\\\/me\\\/24483\\\/#primaryimage\",\"url\":\"https:\\\/\\\/www.evropskakuca.me\\\/wp-content\\\/uploads\\\/2016\\\/11\\\/1.jpg\",\"contentUrl\":\"https:\\\/\\\/www.evropskakuca.me\\\/wp-content\\\/uploads\\\/2016\\\/11\\\/1.jpg\",\"width\":859,\"height\":573},{\"@type\":\"BreadcrumbList\",\"@id\":\"https:\\\/\\\/www.evropskakuca.me\\\/me\\\/24483\\\/#breadcrumb\",\"itemListElement\":[{\"@type\":\"ListItem\",\"position\":1,\"name\":\"Home\",\"item\":\"https:\\\/\\\/www.evropskakuca.me\\\/me\\\/\"},{\"@type\":\"ListItem\",\"position\":2,\"name\":\"\u010cEK: Odr\u017eana digitalna radionica za seniore\"}]},{\"@type\":\"WebSite\",\"@id\":\"https:\\\/\\\/www.evropskakuca.me\\\/me\\\/#website\",\"url\":\"https:\\\/\\\/www.evropskakuca.me\\\/me\\\/\",\"name\":\"Evropean house\",\"description\":\"\",\"publisher\":{\"@id\":\"https:\\\/\\\/www.evropskakuca.me\\\/me\\\/#organization\"},\"potentialAction\":[{\"@type\":\"SearchAction\",\"target\":{\"@type\":\"EntryPoint\",\"urlTemplate\":\"https:\\\/\\\/www.evropskakuca.me\\\/me\\\/?s={search_term_string}\"},\"query-input\":{\"@type\":\"PropertyValueSpecification\",\"valueRequired\":true,\"valueName\":\"search_term_string\"}}],\"inLanguage\":\"me-ME\"},{\"@type\":\"Organization\",\"@id\":\"https:\\\/\\\/www.evropskakuca.me\\\/me\\\/#organization\",\"name\":\"Evropean house\",\"url\":\"https:\\\/\\\/www.evropskakuca.me\\\/me\\\/\",\"logo\":{\"@type\":\"ImageObject\",\"inLanguage\":\"me-ME\",\"@id\":\"https:\\\/\\\/www.evropskakuca.me\\\/me\\\/#\\\/schema\\\/logo\\\/image\\\/\",\"url\":\"https:\\\/\\\/www.evropskakuca.me\\\/wp-content\\\/uploads\\\/2025\\\/01\\\/evropska-kuca-logo-1.png\",\"contentUrl\":\"https:\\\/\\\/www.evropskakuca.me\\\/wp-content\\\/uploads\\\/2025\\\/01\\\/evropska-kuca-logo-1.png\",\"width\":425,\"height\":312,\"caption\":\"Evropean house\"},\"image\":{\"@id\":\"https:\\\/\\\/www.evropskakuca.me\\\/me\\\/#\\\/schema\\\/logo\\\/image\\\/\"},\"sameAs\":[\"https:\\\/\\\/www.facebook.com\\\/evropska.kuca\",\"https:\\\/\\\/x.com\\\/evropska_kuca\",\"https:\\\/\\\/www.instagram.com\\\/evropska_kuca\"]},{\"@type\":\"Person\",\"@id\":\"https:\\\/\\\/www.evropskakuca.me\\\/me\\\/#\\\/schema\\\/person\\\/a1d0dcdaefe4a1cd1d60d200ea137ba4\",\"name\":\"mkajic\",\"image\":{\"@type\":\"ImageObject\",\"inLanguage\":\"me-ME\",\"@id\":\"https:\\\/\\\/secure.gravatar.com\\\/avatar\\\/731fa035cefab7316e6bafd1f25a93fb731a07de14e2d9923f8db4422628eabc?s=96&d=mm&r=g\",\"url\":\"https:\\\/\\\/secure.gravatar.com\\\/avatar\\\/731fa035cefab7316e6bafd1f25a93fb731a07de14e2d9923f8db4422628eabc?s=96&d=mm&r=g\",\"contentUrl\":\"https:\\\/\\\/secure.gravatar.com\\\/avatar\\\/731fa035cefab7316e6bafd1f25a93fb731a07de14e2d9923f8db4422628eabc?s=96&d=mm&r=g\",\"caption\":\"mkajic\"},\"sameAs\":[\"https:\\\/\\\/evropskakuca.me\"],\"url\":\"https:\\\/\\\/www.evropskakuca.me\\\/me\\\/author\\\/mkajic\\\/\"}]}<\/script>\n<!-- \/ Yoast SEO plugin. -->","yoast_head_json":{"title":"\u010cEK: Odr\u017eana digitalna radionica za seniore - Europe House","robots":{"index":"index","follow":"follow","max-snippet":"max-snippet:-1","max-image-preview":"max-image-preview:large","max-video-preview":"max-video-preview:-1"},"canonical":"https:\/\/www.evropskakuca.me\/me\/24483\/","og_locale":"en_US","og_type":"article","og_title":"\u010cEK: Odr\u017eana digitalna radionica za seniore - Europe House","og_description":"Sedamdeset\u0161estogodi\u0161nja Cica Jakovljevi\u0107 je planinarka. Ponosno isti\u010de da svakog dana predje od 7 do 10 hiljada koraka. Njene korake broji mobilna aplikacija. Ipak, na\u0161a sagovornica isti\u010de da ne koristi e-usluge. \u2018\u2019Sve dok mogu da idem, idem da zaka\u017eem. To mi je izlazak\u2019\u2019, dodaje Cica kroz smijeh. Njena prijateljica Milena Andrija\u0161evi\u0107 ima 75 godina i jos [&hellip;]","og_url":"https:\/\/www.evropskakuca.me\/me\/24483\/","og_site_name":"Europe House","article_publisher":"https:\/\/www.facebook.com\/evropska.kuca","article_published_time":"2023-03-31T08:18:31+00:00","og_image":[{"width":859,"height":573,"url":"https:\/\/www.evropskakuca.me\/wp-content\/uploads\/2016\/11\/1.jpg","type":"image\/jpeg"}],"author":"mkajic","twitter_card":"summary_large_image","twitter_creator":"@evropska_kuca","twitter_site":"@evropska_kuca","twitter_misc":{"Written by":"mkajic","Est. reading time":"2 minutes"},"schema":{"@context":"https:\/\/schema.org","@graph":[{"@type":"Article","@id":"https:\/\/www.evropskakuca.me\/me\/24483\/#article","isPartOf":{"@id":"https:\/\/www.evropskakuca.me\/me\/24483\/"},"author":{"name":"mkajic","@id":"https:\/\/www.evropskakuca.me\/me\/#\/schema\/person\/a1d0dcdaefe4a1cd1d60d200ea137ba4"},"headline":"\u010cEK: Odr\u017eana digitalna radionica za seniore","datePublished":"2023-03-31T08:18:31+00:00","mainEntityOfPage":{"@id":"https:\/\/www.evropskakuca.me\/me\/24483\/"},"wordCount":445,"publisher":{"@id":"https:\/\/www.evropskakuca.me\/me\/#organization"},"image":{"@id":"https:\/\/www.evropskakuca.me\/me\/24483\/#primaryimage"},"thumbnailUrl":"https:\/\/www.evropskakuca.me\/wp-content\/uploads\/2016\/11\/1.jpg","inLanguage":"me-ME"},{"@type":"WebPage","@id":"https:\/\/www.evropskakuca.me\/me\/24483\/","url":"https:\/\/www.evropskakuca.me\/me\/24483\/","name":"\u010cEK: Odr\u017eana digitalna radionica za seniore - Europe House","isPartOf":{"@id":"https:\/\/www.evropskakuca.me\/me\/#website"},"primaryImageOfPage":{"@id":"https:\/\/www.evropskakuca.me\/me\/24483\/#primaryimage"},"image":{"@id":"https:\/\/www.evropskakuca.me\/me\/24483\/#primaryimage"},"thumbnailUrl":"https:\/\/www.evropskakuca.me\/wp-content\/uploads\/2016\/11\/1.jpg","datePublished":"2023-03-31T08:18:31+00:00","breadcrumb":{"@id":"https:\/\/www.evropskakuca.me\/me\/24483\/#breadcrumb"},"inLanguage":"me-ME","potentialAction":[{"@type":"ReadAction","target":["https:\/\/www.evropskakuca.me\/me\/24483\/"]}]},{"@type":"ImageObject","inLanguage":"me-ME","@id":"https:\/\/www.evropskakuca.me\/me\/24483\/#primaryimage","url":"https:\/\/www.evropskakuca.me\/wp-content\/uploads\/2016\/11\/1.jpg","contentUrl":"https:\/\/www.evropskakuca.me\/wp-content\/uploads\/2016\/11\/1.jpg","width":859,"height":573},{"@type":"BreadcrumbList","@id":"https:\/\/www.evropskakuca.me\/me\/24483\/#breadcrumb","itemListElement":[{"@type":"ListItem","position":1,"name":"Home","item":"https:\/\/www.evropskakuca.me\/me\/"},{"@type":"ListItem","position":2,"name":"\u010cEK: Odr\u017eana digitalna radionica za seniore"}]},{"@type":"WebSite","@id":"https:\/\/www.evropskakuca.me\/me\/#website","url":"https:\/\/www.evropskakuca.me\/me\/","name":"Evropean house","description":"","publisher":{"@id":"https:\/\/www.evropskakuca.me\/me\/#organization"},"potentialAction":[{"@type":"SearchAction","target":{"@type":"EntryPoint","urlTemplate":"https:\/\/www.evropskakuca.me\/me\/?s={search_term_string}"},"query-input":{"@type":"PropertyValueSpecification","valueRequired":true,"valueName":"search_term_string"}}],"inLanguage":"me-ME"},{"@type":"Organization","@id":"https:\/\/www.evropskakuca.me\/me\/#organization","name":"Evropean house","url":"https:\/\/www.evropskakuca.me\/me\/","logo":{"@type":"ImageObject","inLanguage":"me-ME","@id":"https:\/\/www.evropskakuca.me\/me\/#\/schema\/logo\/image\/","url":"https:\/\/www.evropskakuca.me\/wp-content\/uploads\/2025\/01\/evropska-kuca-logo-1.png","contentUrl":"https:\/\/www.evropskakuca.me\/wp-content\/uploads\/2025\/01\/evropska-kuca-logo-1.png","width":425,"height":312,"caption":"Evropean house"},"image":{"@id":"https:\/\/www.evropskakuca.me\/me\/#\/schema\/logo\/image\/"},"sameAs":["https:\/\/www.facebook.com\/evropska.kuca","https:\/\/x.com\/evropska_kuca","https:\/\/www.instagram.com\/evropska_kuca"]},{"@type":"Person","@id":"https:\/\/www.evropskakuca.me\/me\/#\/schema\/person\/a1d0dcdaefe4a1cd1d60d200ea137ba4","name":"mkajic","image":{"@type":"ImageObject","inLanguage":"me-ME","@id":"https:\/\/secure.gravatar.com\/avatar\/731fa035cefab7316e6bafd1f25a93fb731a07de14e2d9923f8db4422628eabc?s=96&d=mm&r=g","url":"https:\/\/secure.gravatar.com\/avatar\/731fa035cefab7316e6bafd1f25a93fb731a07de14e2d9923f8db4422628eabc?s=96&d=mm&r=g","contentUrl":"https:\/\/secure.gravatar.com\/avatar\/731fa035cefab7316e6bafd1f25a93fb731a07de14e2d9923f8db4422628eabc?s=96&d=mm&r=g","caption":"mkajic"},"sameAs":["https:\/\/evropskakuca.me"],"url":"https:\/\/www.evropskakuca.me\/me\/author\/mkajic\/"}]}},"_links":{"self":[{"href":"https:\/\/www.evropskakuca.me\/me\/wp-json\/wp\/v2\/posts\/24483","targetHints":{"allow":["GET"]}}],"collection":[{"href":"https:\/\/www.evropskakuca.me\/me\/wp-json\/wp\/v2\/posts"}],"about":[{"href":"https:\/\/www.evropskakuca.me\/me\/wp-json\/wp\/v2\/types\/post"}],"author":[{"embeddable":true,"href":"https:\/\/www.evropskakuca.me\/me\/wp-json\/wp\/v2\/users\/1"}],"replies":[{"embeddable":true,"href":"https:\/\/www.evropskakuca.me\/me\/wp-json\/wp\/v2\/comments?post=24483"}],"version-history":[{"count":0,"href":"https:\/\/www.evropskakuca.me\/me\/wp-json\/wp\/v2\/posts\/24483\/revisions"}],"wp:featuredmedia":[{"embeddable":true,"href":"https:\/\/www.evropskakuca.me\/me\/wp-json\/wp\/v2\/media\/32084"}],"wp:attachment":[{"href":"https:\/\/www.evropskakuca.me\/me\/wp-json\/wp\/v2\/media?parent=24483"}],"wp:term":[{"taxonomy":"category","embeddable":true,"href":"https:\/\/www.evropskakuca.me\/me\/wp-json\/wp\/v2\/categories?post=24483"},{"taxonomy":"post_tag","embeddable":true,"href":"https:\/\/www.evropskakuca.me\/me\/wp-json\/wp\/v2\/tags?post=24483"}],"curies":[{"name":"wp","href":"https:\/\/api.w.org\/{rel}","templated":true}]}}