{"id":24454,"date":"2023-03-24T11:01:29","date_gmt":"2023-03-24T11:01:29","guid":{"rendered":"https:\/\/evropskakuca.me\/?p=24454"},"modified":"2023-03-24T11:01:29","modified_gmt":"2023-03-24T11:01:29","slug":"odrzana-psiholoska-radionica-putovanje-u-srediste-price","status":"publish","type":"post","link":"https:\/\/www.evropskakuca.me\/me\/odrzana-psiholoska-radionica-putovanje-u-srediste-price\/","title":{"rendered":"Odr\u017eana psiholo\u0161ka radionica &#8220;Putovanje u sredi\u0161te pri\u010de&#8221;"},"content":{"rendered":"<p>Psiholo\u0161kinje i psihoterapeutkinje iz NVO Portret, Jovana Strugar i Branka \u0106alasan, spakovale su \u2018\u2019kofer psiho-alata\u2019\u2019 i zajedno smo \u2018\u2019otputovali u sredi\u0161te pri\u010de\u2019\u2019 kako bismo obilje\u017eili Medjunarodni dan sre\u0107e u Evropskoj ku\u0107i.<\/p>\n<p>Pri\u010de kao li\u010dni alati slu\u017ee za promi\u0161ljanje iskustva, empatiju i vje\u017ebanje perspektiva. Na piholo\u0161koj radionici koja je odr\u017eana u Evropskoj ku\u0107i kroz razmjenu iskustva, vje\u017ebu i diskusiju u\u010desnici su imali priliku da razgovaraju o va\u017enim temama u oblasti mentalne higijene.<\/p>\n\n<p>\u2018&#8217;Radionica je bila odli\u010dno organizovana, svaki minut je bio ispunjen. Osjetio se kreativni duh i saradnja\u2019\u2019, istakla je jedna od u\u010desnica, Mira Raspopovi\u0107.<\/p>\n<p>Zahvaljuju\u0107i podr\u0161ci Evropske unije NVO Portret je razvila program podr\u0161ke za prelazak u odraslo doba, namijenjen mladima na teritoriji Op\u0161tine Bar, ali zbog svojih digitalnih karakteristika bi\u0107e dostupan i mladima \u0161irom Crne Gore.<\/p>\n<p><img fetchpriority=\"high\" decoding=\"async\" class=\"alignnone size-large wp-image-24463\" src=\"https:\/\/evropskakuca.me\/wp-content\/uploads\/2023\/03\/337148015_166966576226442_3233732727822689046_n-1024x683.jpeg\" alt=\"\" width=\"1024\" height=\"683\" \/><\/p>\n<p>\u2018\u2019\u201dKOFER PSIHO \u2013 ALATA\u201d ima za cilj stvaranje psiholo\u0161ke otpornosti u tranzitnom periodu adolescencije, razvijanje vje\u0161tina neophodnih za zdrav razvoj u savremenom, postcovid dobu i budjenje aktivizma u oblasti mentalnog zdravlja\u2019\u2019, naglasila je Branka.<\/p>\n<p>U okviru projekta mladi \u0107e mo\u0107i da poha\u0111aju radionice i upoznaju se sa li\u010dnim strategijama brige o mentalnom zdravlju.<\/p>\n<p>Istra\u017eivanje ove NVO govori da mladi u prosjeku provedu pet sati ispred ekrana. Zato su smatrali da je va\u017eno da im se otvori prilika da kao aktivisti mentalnog zdravlja i sami budu kreatori digitalnog prostora koji koriste.<\/p>\n<p>\u2018\u2019Ovaj veb-sajt nudi relevantne informacije iz oblasti mentalnog zdravlja, kroz kontakt i komunikaciju i utica\u0107e na suzbijanje stigme u vezi sa temama iz ove oblasti, podsticati mlade da se anga\u017euju, i tako njegovati i mentalno zdravlje u zajednici\u2019\u2019, zaklju\u010dila je \u0106alasan.<\/p>\n<p>2023. godina je Evropska godina vje\u0161tina a socio-emocionalne vje\u0161tine odnosno \u017eivotne vje\u0161tine predstavljaju osnov za svaku mladu osobu da razvije svoj puni potencijal, uspje\u0161no se nosi sa izazovima, bude aktivan \u010dlan zajednice, njeguje i promovi\u0161e prave vrijednosti kao i doprinese dru\u0161tvenoj koheziji.<\/p>\n<p>Projekat \u201eOdgovorno i solidarno: gra\u0111ani preuzimaju inicijativu\u201c finansira Evropska unija a sprovodi Fond za aktivno gra\u0111anstvo FAKT.<\/p>\n<p>&nbsp;<\/p>\n<p>&nbsp;<\/p>\n","protected":false},"excerpt":{"rendered":"<p>Psiholo\u0161kinje i psihoterapeutkinje iz NVO Portret, Jovana Strugar i Branka \u0106alasan, spakovale su \u2018\u2019kofer psiho-alata\u2019\u2019 i zajedno smo \u2018\u2019otputovali u sredi\u0161te pri\u010de\u2019\u2019 kako bismo obilje\u017eili Medjunarodni dan sre\u0107e u Evropskoj ku\u0107i. Pri\u010de kao li\u010dni alati slu\u017ee za promi\u0161ljanje iskustva, empatiju i vje\u017ebanje perspektiva. Na piholo\u0161koj radionici koja je odr\u017eana u Evropskoj ku\u0107i kroz razmjenu iskustva, [&hellip;]<\/p>\n","protected":false},"author":1,"featured_media":0,"comment_status":"closed","ping_status":"closed","sticky":false,"template":"","format":"standard","meta":{"_acf_changed":false,"footnotes":""},"categories":[],"tags":[],"class_list":["post-24454","post","type-post","status-publish","format-standard","hentry"],"acf":[],"yoast_head":"<!-- This site is optimized with the Yoast SEO plugin v27.3 - https:\/\/yoast.com\/product\/yoast-seo-wordpress\/ -->\n<title>Odr\u017eana psiholo\u0161ka radionica &quot;Putovanje u sredi\u0161te pri\u010de&quot; - Europe House<\/title>\n<meta name=\"robots\" content=\"index, follow, max-snippet:-1, max-image-preview:large, max-video-preview:-1\" \/>\n<link rel=\"canonical\" href=\"https:\/\/www.evropskakuca.me\/me\/odrzana-psiholoska-radionica-putovanje-u-srediste-price\/\" \/>\n<meta property=\"og:locale\" content=\"en_US\" \/>\n<meta property=\"og:type\" content=\"article\" \/>\n<meta property=\"og:title\" content=\"Odr\u017eana psiholo\u0161ka radionica &quot;Putovanje u sredi\u0161te pri\u010de&quot; - Europe House\" \/>\n<meta property=\"og:description\" content=\"Psiholo\u0161kinje i psihoterapeutkinje iz NVO Portret, Jovana Strugar i Branka \u0106alasan, spakovale su \u2018\u2019kofer psiho-alata\u2019\u2019 i zajedno smo \u2018\u2019otputovali u sredi\u0161te pri\u010de\u2019\u2019 kako bismo obilje\u017eili Medjunarodni dan sre\u0107e u Evropskoj ku\u0107i. Pri\u010de kao li\u010dni alati slu\u017ee za promi\u0161ljanje iskustva, empatiju i vje\u017ebanje perspektiva. Na piholo\u0161koj radionici koja je odr\u017eana u Evropskoj ku\u0107i kroz razmjenu iskustva, [&hellip;]\" \/>\n<meta property=\"og:url\" content=\"https:\/\/www.evropskakuca.me\/me\/odrzana-psiholoska-radionica-putovanje-u-srediste-price\/\" \/>\n<meta property=\"og:site_name\" content=\"Europe House\" \/>\n<meta property=\"article:publisher\" content=\"https:\/\/www.facebook.com\/evropska.kuca\" \/>\n<meta property=\"article:published_time\" content=\"2023-03-24T11:01:29+00:00\" \/>\n<meta property=\"og:image\" content=\"https:\/\/evropskakuca.me\/wp-content\/uploads\/2023\/03\/337148015_166966576226442_3233732727822689046_n-1024x683.jpeg\" \/>\n<meta name=\"author\" content=\"mkajic\" \/>\n<meta name=\"twitter:card\" content=\"summary_large_image\" \/>\n<meta name=\"twitter:creator\" content=\"@evropska_kuca\" \/>\n<meta name=\"twitter:site\" content=\"@evropska_kuca\" \/>\n<meta name=\"twitter:label1\" content=\"Written by\" \/>\n\t<meta name=\"twitter:data1\" content=\"mkajic\" \/>\n\t<meta name=\"twitter:label2\" content=\"Est. reading time\" \/>\n\t<meta name=\"twitter:data2\" content=\"2 minutes\" \/>\n<script type=\"application\/ld+json\" class=\"yoast-schema-graph\">{\"@context\":\"https:\\\/\\\/schema.org\",\"@graph\":[{\"@type\":\"Article\",\"@id\":\"https:\\\/\\\/www.evropskakuca.me\\\/me\\\/odrzana-psiholoska-radionica-putovanje-u-srediste-price\\\/#article\",\"isPartOf\":{\"@id\":\"https:\\\/\\\/www.evropskakuca.me\\\/me\\\/odrzana-psiholoska-radionica-putovanje-u-srediste-price\\\/\"},\"author\":{\"name\":\"mkajic\",\"@id\":\"https:\\\/\\\/www.evropskakuca.me\\\/me\\\/#\\\/schema\\\/person\\\/a1d0dcdaefe4a1cd1d60d200ea137ba4\"},\"headline\":\"Odr\u017eana psiholo\u0161ka radionica &#8220;Putovanje u sredi\u0161te pri\u010de&#8221;\",\"datePublished\":\"2023-03-24T11:01:29+00:00\",\"mainEntityOfPage\":{\"@id\":\"https:\\\/\\\/www.evropskakuca.me\\\/me\\\/odrzana-psiholoska-radionica-putovanje-u-srediste-price\\\/\"},\"wordCount\":374,\"publisher\":{\"@id\":\"https:\\\/\\\/www.evropskakuca.me\\\/me\\\/#organization\"},\"image\":{\"@id\":\"https:\\\/\\\/www.evropskakuca.me\\\/me\\\/odrzana-psiholoska-radionica-putovanje-u-srediste-price\\\/#primaryimage\"},\"thumbnailUrl\":\"https:\\\/\\\/evropskakuca.me\\\/wp-content\\\/uploads\\\/2023\\\/03\\\/337148015_166966576226442_3233732727822689046_n-1024x683.jpeg\",\"inLanguage\":\"me-ME\"},{\"@type\":\"WebPage\",\"@id\":\"https:\\\/\\\/www.evropskakuca.me\\\/me\\\/odrzana-psiholoska-radionica-putovanje-u-srediste-price\\\/\",\"url\":\"https:\\\/\\\/www.evropskakuca.me\\\/me\\\/odrzana-psiholoska-radionica-putovanje-u-srediste-price\\\/\",\"name\":\"Odr\u017eana psiholo\u0161ka radionica \\\"Putovanje u sredi\u0161te pri\u010de\\\" - Europe House\",\"isPartOf\":{\"@id\":\"https:\\\/\\\/www.evropskakuca.me\\\/me\\\/#website\"},\"primaryImageOfPage\":{\"@id\":\"https:\\\/\\\/www.evropskakuca.me\\\/me\\\/odrzana-psiholoska-radionica-putovanje-u-srediste-price\\\/#primaryimage\"},\"image\":{\"@id\":\"https:\\\/\\\/www.evropskakuca.me\\\/me\\\/odrzana-psiholoska-radionica-putovanje-u-srediste-price\\\/#primaryimage\"},\"thumbnailUrl\":\"https:\\\/\\\/evropskakuca.me\\\/wp-content\\\/uploads\\\/2023\\\/03\\\/337148015_166966576226442_3233732727822689046_n-1024x683.jpeg\",\"datePublished\":\"2023-03-24T11:01:29+00:00\",\"breadcrumb\":{\"@id\":\"https:\\\/\\\/www.evropskakuca.me\\\/me\\\/odrzana-psiholoska-radionica-putovanje-u-srediste-price\\\/#breadcrumb\"},\"inLanguage\":\"me-ME\",\"potentialAction\":[{\"@type\":\"ReadAction\",\"target\":[\"https:\\\/\\\/www.evropskakuca.me\\\/me\\\/odrzana-psiholoska-radionica-putovanje-u-srediste-price\\\/\"]}]},{\"@type\":\"ImageObject\",\"inLanguage\":\"me-ME\",\"@id\":\"https:\\\/\\\/www.evropskakuca.me\\\/me\\\/odrzana-psiholoska-radionica-putovanje-u-srediste-price\\\/#primaryimage\",\"url\":\"https:\\\/\\\/evropskakuca.me\\\/wp-content\\\/uploads\\\/2023\\\/03\\\/337148015_166966576226442_3233732727822689046_n-1024x683.jpeg\",\"contentUrl\":\"https:\\\/\\\/evropskakuca.me\\\/wp-content\\\/uploads\\\/2023\\\/03\\\/337148015_166966576226442_3233732727822689046_n-1024x683.jpeg\"},{\"@type\":\"BreadcrumbList\",\"@id\":\"https:\\\/\\\/www.evropskakuca.me\\\/me\\\/odrzana-psiholoska-radionica-putovanje-u-srediste-price\\\/#breadcrumb\",\"itemListElement\":[{\"@type\":\"ListItem\",\"position\":1,\"name\":\"Home\",\"item\":\"https:\\\/\\\/www.evropskakuca.me\\\/me\\\/\"},{\"@type\":\"ListItem\",\"position\":2,\"name\":\"Odr\u017eana psiholo\u0161ka radionica &#8220;Putovanje u sredi\u0161te pri\u010de&#8221;\"}]},{\"@type\":\"WebSite\",\"@id\":\"https:\\\/\\\/www.evropskakuca.me\\\/me\\\/#website\",\"url\":\"https:\\\/\\\/www.evropskakuca.me\\\/me\\\/\",\"name\":\"Evropean house\",\"description\":\"\",\"publisher\":{\"@id\":\"https:\\\/\\\/www.evropskakuca.me\\\/me\\\/#organization\"},\"potentialAction\":[{\"@type\":\"SearchAction\",\"target\":{\"@type\":\"EntryPoint\",\"urlTemplate\":\"https:\\\/\\\/www.evropskakuca.me\\\/me\\\/?s={search_term_string}\"},\"query-input\":{\"@type\":\"PropertyValueSpecification\",\"valueRequired\":true,\"valueName\":\"search_term_string\"}}],\"inLanguage\":\"me-ME\"},{\"@type\":\"Organization\",\"@id\":\"https:\\\/\\\/www.evropskakuca.me\\\/me\\\/#organization\",\"name\":\"Evropean house\",\"url\":\"https:\\\/\\\/www.evropskakuca.me\\\/me\\\/\",\"logo\":{\"@type\":\"ImageObject\",\"inLanguage\":\"me-ME\",\"@id\":\"https:\\\/\\\/www.evropskakuca.me\\\/me\\\/#\\\/schema\\\/logo\\\/image\\\/\",\"url\":\"https:\\\/\\\/www.evropskakuca.me\\\/wp-content\\\/uploads\\\/2025\\\/01\\\/evropska-kuca-logo-1.png\",\"contentUrl\":\"https:\\\/\\\/www.evropskakuca.me\\\/wp-content\\\/uploads\\\/2025\\\/01\\\/evropska-kuca-logo-1.png\",\"width\":425,\"height\":312,\"caption\":\"Evropean house\"},\"image\":{\"@id\":\"https:\\\/\\\/www.evropskakuca.me\\\/me\\\/#\\\/schema\\\/logo\\\/image\\\/\"},\"sameAs\":[\"https:\\\/\\\/www.facebook.com\\\/evropska.kuca\",\"https:\\\/\\\/x.com\\\/evropska_kuca\",\"https:\\\/\\\/www.instagram.com\\\/evropska_kuca\"]},{\"@type\":\"Person\",\"@id\":\"https:\\\/\\\/www.evropskakuca.me\\\/me\\\/#\\\/schema\\\/person\\\/a1d0dcdaefe4a1cd1d60d200ea137ba4\",\"name\":\"mkajic\",\"image\":{\"@type\":\"ImageObject\",\"inLanguage\":\"me-ME\",\"@id\":\"https:\\\/\\\/secure.gravatar.com\\\/avatar\\\/731fa035cefab7316e6bafd1f25a93fb731a07de14e2d9923f8db4422628eabc?s=96&d=mm&r=g\",\"url\":\"https:\\\/\\\/secure.gravatar.com\\\/avatar\\\/731fa035cefab7316e6bafd1f25a93fb731a07de14e2d9923f8db4422628eabc?s=96&d=mm&r=g\",\"contentUrl\":\"https:\\\/\\\/secure.gravatar.com\\\/avatar\\\/731fa035cefab7316e6bafd1f25a93fb731a07de14e2d9923f8db4422628eabc?s=96&d=mm&r=g\",\"caption\":\"mkajic\"},\"sameAs\":[\"https:\\\/\\\/evropskakuca.me\"],\"url\":\"https:\\\/\\\/www.evropskakuca.me\\\/me\\\/author\\\/mkajic\\\/\"}]}<\/script>\n<!-- \/ Yoast SEO plugin. -->","yoast_head_json":{"title":"Odr\u017eana psiholo\u0161ka radionica \"Putovanje u sredi\u0161te pri\u010de\" - Europe House","robots":{"index":"index","follow":"follow","max-snippet":"max-snippet:-1","max-image-preview":"max-image-preview:large","max-video-preview":"max-video-preview:-1"},"canonical":"https:\/\/www.evropskakuca.me\/me\/odrzana-psiholoska-radionica-putovanje-u-srediste-price\/","og_locale":"en_US","og_type":"article","og_title":"Odr\u017eana psiholo\u0161ka radionica \"Putovanje u sredi\u0161te pri\u010de\" - Europe House","og_description":"Psiholo\u0161kinje i psihoterapeutkinje iz NVO Portret, Jovana Strugar i Branka \u0106alasan, spakovale su \u2018\u2019kofer psiho-alata\u2019\u2019 i zajedno smo \u2018\u2019otputovali u sredi\u0161te pri\u010de\u2019\u2019 kako bismo obilje\u017eili Medjunarodni dan sre\u0107e u Evropskoj ku\u0107i. Pri\u010de kao li\u010dni alati slu\u017ee za promi\u0161ljanje iskustva, empatiju i vje\u017ebanje perspektiva. Na piholo\u0161koj radionici koja je odr\u017eana u Evropskoj ku\u0107i kroz razmjenu iskustva, [&hellip;]","og_url":"https:\/\/www.evropskakuca.me\/me\/odrzana-psiholoska-radionica-putovanje-u-srediste-price\/","og_site_name":"Europe House","article_publisher":"https:\/\/www.facebook.com\/evropska.kuca","article_published_time":"2023-03-24T11:01:29+00:00","og_image":[{"url":"https:\/\/evropskakuca.me\/wp-content\/uploads\/2023\/03\/337148015_166966576226442_3233732727822689046_n-1024x683.jpeg","type":"","width":"","height":""}],"author":"mkajic","twitter_card":"summary_large_image","twitter_creator":"@evropska_kuca","twitter_site":"@evropska_kuca","twitter_misc":{"Written by":"mkajic","Est. reading time":"2 minutes"},"schema":{"@context":"https:\/\/schema.org","@graph":[{"@type":"Article","@id":"https:\/\/www.evropskakuca.me\/me\/odrzana-psiholoska-radionica-putovanje-u-srediste-price\/#article","isPartOf":{"@id":"https:\/\/www.evropskakuca.me\/me\/odrzana-psiholoska-radionica-putovanje-u-srediste-price\/"},"author":{"name":"mkajic","@id":"https:\/\/www.evropskakuca.me\/me\/#\/schema\/person\/a1d0dcdaefe4a1cd1d60d200ea137ba4"},"headline":"Odr\u017eana psiholo\u0161ka radionica &#8220;Putovanje u sredi\u0161te pri\u010de&#8221;","datePublished":"2023-03-24T11:01:29+00:00","mainEntityOfPage":{"@id":"https:\/\/www.evropskakuca.me\/me\/odrzana-psiholoska-radionica-putovanje-u-srediste-price\/"},"wordCount":374,"publisher":{"@id":"https:\/\/www.evropskakuca.me\/me\/#organization"},"image":{"@id":"https:\/\/www.evropskakuca.me\/me\/odrzana-psiholoska-radionica-putovanje-u-srediste-price\/#primaryimage"},"thumbnailUrl":"https:\/\/evropskakuca.me\/wp-content\/uploads\/2023\/03\/337148015_166966576226442_3233732727822689046_n-1024x683.jpeg","inLanguage":"me-ME"},{"@type":"WebPage","@id":"https:\/\/www.evropskakuca.me\/me\/odrzana-psiholoska-radionica-putovanje-u-srediste-price\/","url":"https:\/\/www.evropskakuca.me\/me\/odrzana-psiholoska-radionica-putovanje-u-srediste-price\/","name":"Odr\u017eana psiholo\u0161ka radionica \"Putovanje u sredi\u0161te pri\u010de\" - Europe House","isPartOf":{"@id":"https:\/\/www.evropskakuca.me\/me\/#website"},"primaryImageOfPage":{"@id":"https:\/\/www.evropskakuca.me\/me\/odrzana-psiholoska-radionica-putovanje-u-srediste-price\/#primaryimage"},"image":{"@id":"https:\/\/www.evropskakuca.me\/me\/odrzana-psiholoska-radionica-putovanje-u-srediste-price\/#primaryimage"},"thumbnailUrl":"https:\/\/evropskakuca.me\/wp-content\/uploads\/2023\/03\/337148015_166966576226442_3233732727822689046_n-1024x683.jpeg","datePublished":"2023-03-24T11:01:29+00:00","breadcrumb":{"@id":"https:\/\/www.evropskakuca.me\/me\/odrzana-psiholoska-radionica-putovanje-u-srediste-price\/#breadcrumb"},"inLanguage":"me-ME","potentialAction":[{"@type":"ReadAction","target":["https:\/\/www.evropskakuca.me\/me\/odrzana-psiholoska-radionica-putovanje-u-srediste-price\/"]}]},{"@type":"ImageObject","inLanguage":"me-ME","@id":"https:\/\/www.evropskakuca.me\/me\/odrzana-psiholoska-radionica-putovanje-u-srediste-price\/#primaryimage","url":"https:\/\/evropskakuca.me\/wp-content\/uploads\/2023\/03\/337148015_166966576226442_3233732727822689046_n-1024x683.jpeg","contentUrl":"https:\/\/evropskakuca.me\/wp-content\/uploads\/2023\/03\/337148015_166966576226442_3233732727822689046_n-1024x683.jpeg"},{"@type":"BreadcrumbList","@id":"https:\/\/www.evropskakuca.me\/me\/odrzana-psiholoska-radionica-putovanje-u-srediste-price\/#breadcrumb","itemListElement":[{"@type":"ListItem","position":1,"name":"Home","item":"https:\/\/www.evropskakuca.me\/me\/"},{"@type":"ListItem","position":2,"name":"Odr\u017eana psiholo\u0161ka radionica &#8220;Putovanje u sredi\u0161te pri\u010de&#8221;"}]},{"@type":"WebSite","@id":"https:\/\/www.evropskakuca.me\/me\/#website","url":"https:\/\/www.evropskakuca.me\/me\/","name":"Evropean house","description":"","publisher":{"@id":"https:\/\/www.evropskakuca.me\/me\/#organization"},"potentialAction":[{"@type":"SearchAction","target":{"@type":"EntryPoint","urlTemplate":"https:\/\/www.evropskakuca.me\/me\/?s={search_term_string}"},"query-input":{"@type":"PropertyValueSpecification","valueRequired":true,"valueName":"search_term_string"}}],"inLanguage":"me-ME"},{"@type":"Organization","@id":"https:\/\/www.evropskakuca.me\/me\/#organization","name":"Evropean house","url":"https:\/\/www.evropskakuca.me\/me\/","logo":{"@type":"ImageObject","inLanguage":"me-ME","@id":"https:\/\/www.evropskakuca.me\/me\/#\/schema\/logo\/image\/","url":"https:\/\/www.evropskakuca.me\/wp-content\/uploads\/2025\/01\/evropska-kuca-logo-1.png","contentUrl":"https:\/\/www.evropskakuca.me\/wp-content\/uploads\/2025\/01\/evropska-kuca-logo-1.png","width":425,"height":312,"caption":"Evropean house"},"image":{"@id":"https:\/\/www.evropskakuca.me\/me\/#\/schema\/logo\/image\/"},"sameAs":["https:\/\/www.facebook.com\/evropska.kuca","https:\/\/x.com\/evropska_kuca","https:\/\/www.instagram.com\/evropska_kuca"]},{"@type":"Person","@id":"https:\/\/www.evropskakuca.me\/me\/#\/schema\/person\/a1d0dcdaefe4a1cd1d60d200ea137ba4","name":"mkajic","image":{"@type":"ImageObject","inLanguage":"me-ME","@id":"https:\/\/secure.gravatar.com\/avatar\/731fa035cefab7316e6bafd1f25a93fb731a07de14e2d9923f8db4422628eabc?s=96&d=mm&r=g","url":"https:\/\/secure.gravatar.com\/avatar\/731fa035cefab7316e6bafd1f25a93fb731a07de14e2d9923f8db4422628eabc?s=96&d=mm&r=g","contentUrl":"https:\/\/secure.gravatar.com\/avatar\/731fa035cefab7316e6bafd1f25a93fb731a07de14e2d9923f8db4422628eabc?s=96&d=mm&r=g","caption":"mkajic"},"sameAs":["https:\/\/evropskakuca.me"],"url":"https:\/\/www.evropskakuca.me\/me\/author\/mkajic\/"}]}},"_links":{"self":[{"href":"https:\/\/www.evropskakuca.me\/me\/wp-json\/wp\/v2\/posts\/24454","targetHints":{"allow":["GET"]}}],"collection":[{"href":"https:\/\/www.evropskakuca.me\/me\/wp-json\/wp\/v2\/posts"}],"about":[{"href":"https:\/\/www.evropskakuca.me\/me\/wp-json\/wp\/v2\/types\/post"}],"author":[{"embeddable":true,"href":"https:\/\/www.evropskakuca.me\/me\/wp-json\/wp\/v2\/users\/1"}],"replies":[{"embeddable":true,"href":"https:\/\/www.evropskakuca.me\/me\/wp-json\/wp\/v2\/comments?post=24454"}],"version-history":[{"count":0,"href":"https:\/\/www.evropskakuca.me\/me\/wp-json\/wp\/v2\/posts\/24454\/revisions"}],"wp:attachment":[{"href":"https:\/\/www.evropskakuca.me\/me\/wp-json\/wp\/v2\/media?parent=24454"}],"wp:term":[{"taxonomy":"category","embeddable":true,"href":"https:\/\/www.evropskakuca.me\/me\/wp-json\/wp\/v2\/categories?post=24454"},{"taxonomy":"post_tag","embeddable":true,"href":"https:\/\/www.evropskakuca.me\/me\/wp-json\/wp\/v2\/tags?post=24454"}],"curies":[{"name":"wp","href":"https:\/\/api.w.org\/{rel}","templated":true}]}}