{"id":24425,"date":"2023-03-21T21:31:53","date_gmt":"2023-03-21T21:31:53","guid":{"rendered":"https:\/\/evropskakuca.me\/?p=24425"},"modified":"2023-03-21T21:31:53","modified_gmt":"2023-03-21T21:31:53","slug":"podrska-za-novih-19-projekata-kroz-mbase-program","status":"publish","type":"post","link":"https:\/\/www.evropskakuca.me\/me\/podrska-za-novih-19-projekata-kroz-mbase-program\/","title":{"rendered":"Podr\u0161ka za novih 19 projekata kroz M\u2019BASE program"},"content":{"rendered":"<p>\u201e<strong><em>Civilno dru\u0161tvo u Crnoj Gori predstavlja veliki resurs za evropeizaciju dru\u0161tva, a M<\/em><\/strong><strong><em>\u2019BASE program je proteklih godina mnogima bio <\/em><\/strong><strong><em>na\u010din da nastave sa svojim aktivnostima, jer su izostala bud\u017eetska sredstva koja opredjeljuje Vlada, pa je ovaj program uticao i uti\u010de da se sa\u010duva tkivo civilnog dru\u0161tva u Crnoj Gori<\/em><\/strong>\u201c, ocijenjeno je na dana\u0161njem <strong>potpisivanju 19 ugovora vrijednosti 652.284,84 EUR,<\/strong> u okviru \u010detvrtog konkursa <strong>M<\/strong><strong>\u2019BASE programa <\/strong><strong>koji sprovodi Centar za gra\u0111ansko obrazovanje (CGO) sa partnerima i saradnicima, a finansira Evropska unija.<\/strong><\/p>\n<p>\u201c<strong><em>Civilno dru\u0161tvo ima vitalnu ulogu u zbli\u017eavanju zajednica i premo\u0161\u0107ivanju dru\u0161tvenih podjela, posebno u vremenima politi\u010dke nestabilnosti<\/em><\/strong><em>. Znam da je to <strong>velika odgovornost, ali znam i snagu i posve\u0107enost crnogorskog civilnog dru\u0161tva.<\/strong> Ra\u010dunamo na vas da \u0107ete nastaviti da promovi\u0161ete toleranciju, mir i dijalog \u010dak i u te\u0161kim vremenima, jer vi ste ti koji pokre\u0107u pozitivne promjene, poma\u017eu\u0107i i proces pristupanja EU<\/em>\u201d, ocijenila je <strong>Oana Kristina POPA, <\/strong>\u0161efica Delegacije EU u Crnoj Gori. U osvrtu na saradnju sa civilnim dru\u0161tvom, ukazala je i na kontinuiranu i rastu\u0107u finansijsku podr\u0161ku za projekte organizacija civilnog dru\u0161tva kroz pretpristupne EU fondove. Ona je izrazila zadovoljstvo raznovrsno\u0161\u0107u podr\u017eanih projekata kroz ovaj poziv, kao i njihovom geografskom rasprostranjeno\u0161\u0107u. \u201c<strong><em>Na\u0161a poruka za vas je da je EU tu da vas podr\u017ei kako finansijski tako i kroz uklju\u010denje u sadr\u017eajan dijalog o javnim politikama<\/em><\/strong>\u201d, zaklju\u010dila je Popa.<\/p>\n<figure id=\"attachment_62321\" class=\"wp-caption aligncenter\" aria-describedby=\"caption-attachment-62321\"><img fetchpriority=\"high\" decoding=\"async\" class=\"alignnone size-large wp-image-24430\" src=\"https:\/\/evropskakuca.me\/wp-content\/uploads\/2023\/03\/Popa-1024x682.jpeg\" alt=\"\" width=\"1024\" height=\"682\" \/><figcaption id=\"caption-attachment-62321\" class=\"wp-caption-text\">Oana Kristina Popa<\/figcaption><\/figure>\n<p>\u201e<strong><em>Organizacije civilnog dru\u0161tva uspjele su da se pozicioniraju kao relevantni glasovi u razli\u010ditim oblastima<\/em><\/strong><em>. To je va\u017eno s obzirom kako te\u0161ko i sporo ide proces demokratske konsolidacije i uspostavljanja potrebne odgovornosti donosilaca odluka, i koliko je neophodno da stalno budemo budni, da aktivno pratimo razvoj doga\u0111aja, da izra\u017eavamo solidarnost jedni prema drugima<\/em> \u2026\u201c, kazala je <strong>Daliborka Uljarevi\u0107<\/strong>, izvr\u0161na direktorka CGO-a. \u201e<em>Protekle tri godine su obilje\u017eila nikad manja bud\u017eetska izdvajavanja za NVO sektor, dok se nije \u0161tedjelo na mnogim drugim oblastima. <\/em><strong><em>Promjena vlasti nije donijela promjenu odnosa prema kriti\u010dki orijentisanom i principima posve\u0107enom civilnom dru\u0161tvu. Moramo nastaviti da vodimo na\u0161e borbe za bolju Crnu Goru zasnovanu na vrijednostima i javnom interesu<\/em><\/strong><em>, bilo da se radi o direktnoj pomo\u0107i korisnicima servisa, brizi za za\u0161titu \u017eivotne sredine, ili ja\u010danju pojedinih grupa da kriti\u010dki promi\u0161ljaju i aktivno u\u010destvuju u oblikovanju demokratskih praksi<\/em>\u201c, poru\u010dila je ona.<\/p>\n<figure id=\"attachment_62323\" class=\"wp-caption aligncenter\" aria-describedby=\"caption-attachment-62323\"><img decoding=\"async\" class=\"alignnone size-large wp-image-24432\" src=\"https:\/\/evropskakuca.me\/wp-content\/uploads\/2023\/03\/Uljarevic-1024x682.jpeg\" alt=\"\" width=\"1024\" height=\"682\" \/><figcaption id=\"caption-attachment-62323\" class=\"wp-caption-text\">Daliborka Uljarevi\u0107<\/figcaption><\/figure>\n<p><strong>Jovana Janju\u0161evi\u0107<\/strong>, izvr\u0161na direktorka CZIP-a, istakla je brojne kreativne ideje koje su pristigle na \u010detvrti konkurs. \u201e<em>Bilo je tu puno aplikacija koje su nas zadivile i pokazale koliko je civilni sektor u Crnoj Gori na zavidnom nivou. Veliko mi je zadovoljstvo \u0161to ovim mehanizmom omogu\u0107avamo organizacijama razli\u010dite razvijenosti da nastave svoju misiju\u201c<\/em>, kazala je ona. Iz perspektive organizacije koja se godinama bavi za\u0161titom prirode i \u017eivotne sredine, Janju\u0161evi\u0107 je naglasila i va\u017enost projekata koji adresiraju Poglavlje 27 i one koji nemaju pravo glasa \u2013 biljke i \u017eivotinje, kao i klimatske promjene. <em>\u201e<\/em><strong><em>EU je pokazala da ima sluh za civilni sektor i zato ohrabrujem sve organizacije da ne odustaju od ideja koje sada nijesu pro\u0161le, ve\u0107 da ih unaprijede i ponovo apliciraju zato \u0161to su to projekti koji od znaja\u010daja za zajednicu<\/em><\/strong><em>\u201c, <\/em>poru\u010dila je ona<em>.<\/em><\/p>\n<figure id=\"attachment_62325\" class=\"wp-caption aligncenter\" aria-describedby=\"caption-attachment-62325\"><img decoding=\"async\" class=\"alignnone size-large wp-image-24434\" src=\"https:\/\/evropskakuca.me\/wp-content\/uploads\/2023\/03\/Janjusevic-1024x682.jpeg\" alt=\"\" width=\"1024\" height=\"682\" \/><figcaption id=\"caption-attachment-62325\" class=\"wp-caption-text\">Jovana Janju\u0161evi\u0107<\/figcaption><\/figure>\n<p>\u201e<em>U okviru na\u0161eg projekta koji je podr\u017ean kroz M\u2019BASE program radi\u0107emo na monitoringu obe\u0107anja klju\u010dnih institucija u zdravstvenom sistemu Crne Gore i izvje\u0161tavati o njihovoj realizaciji. Institucije<\/em> <em>namjerno decenijama ne donose set indikatora na osnovu kojeg svi u civilnom sektoru mogu da prate i procjenjuju razvoj zdravstvenog sektora. Zato smo odlu\u010dili da sada taj posao uzmemo u svoje ruke, kao i da kroz debate sa uticajnom osobama zacrtamo neki dru\u0161tveni put razvoja koji je malo druga\u010diji od onog koji trenutno postoji na politi\u010dkoj sceni, a koje ne cijenimo kao dobar<\/em>\u201c, kazala je predsjednica Sindikata doktora medicine <strong>Milena Popovi\u0107 Samard\u017ei\u0107<\/strong>.<\/p>\n<p>\u201e<em>Kroz projekat \u201eScreening\u201c \u017eelimo unaprijediti kontrolu rada istitucija pove\u0107anjem transparentnosti i odgovornosti njihovog djelovanja, a sve to kroz podizanje svijesti javnosti o vladavini prava i potrebi smanjenja korupcije na visokom nivou. Detaljno analiziran rad institucija izvr\u0161ne, zakonodavne i sudske vlasti u periodu nakon smjene tridesetogodi\u0161nje vlasti bi\u0107e prezentovan kroz \u0161est dokumentarno-istra\u017eiva\u010dkih serijala, a nalazi nezakonitosti i tragovi korupcije u djelovanju institucija, uz dokaze, bi\u0107e usmjereni nadle\u017enim institucijama na dalje postupanje<\/em>\u201c, kazao je <strong>Miodrag Vujovi\u0107<\/strong> iz organizacije KOD.<\/p>\n<figure id=\"attachment_62327\" class=\"wp-caption aligncenter\" aria-describedby=\"caption-attachment-62327\"><img loading=\"lazy\" decoding=\"async\" class=\"alignnone size-large wp-image-24436\" src=\"https:\/\/evropskakuca.me\/wp-content\/uploads\/2023\/03\/KOD-1024x682.jpeg\" alt=\"\" width=\"1024\" height=\"682\" \/><\/figure>\n<p>Projekat\u00a0\u201c<strong><em>OCD u Crnoj Gori \u2013 od osnovnih usluga do oblikovanja politika \u2013 M\u2019BASE<\/em><\/strong><em>\u201d<\/em>\u00a0sprovodi CGO, u partnerstvu sa njema\u010dkom fondacijom Friedrich Ebert (FES), NVO Centar za za\u0161titu i prou\u010davanje ptica Crne Gore (CZIP) i NVO Politikon mre\u017ea, a u saradnji sa Ministarstvom javne uprave i Ministarstvom za evropske poslove Vlade Crne Gore.\u00a0<strong>Projekat finansira Evropska unija<em>,\u00a0<\/em>a kofinansira\u00a0Ministarstvo javne uprave.<\/strong><\/p>\n","protected":false},"excerpt":{"rendered":"<p>\u201eCivilno dru\u0161tvo u Crnoj Gori predstavlja veliki resurs za evropeizaciju dru\u0161tva, a M\u2019BASE program je proteklih godina mnogima bio na\u010din da nastave sa svojim aktivnostima, jer su izostala bud\u017eetska sredstva koja opredjeljuje Vlada, pa je ovaj program uticao i uti\u010de da se sa\u010duva tkivo civilnog dru\u0161tva u Crnoj Gori\u201c, ocijenjeno je na dana\u0161njem potpisivanju 19 [&hellip;]<\/p>\n","protected":false},"author":1,"featured_media":0,"comment_status":"closed","ping_status":"closed","sticky":false,"template":"","format":"standard","meta":{"_acf_changed":false,"footnotes":""},"categories":[],"tags":[],"class_list":["post-24425","post","type-post","status-publish","format-standard","hentry"],"acf":[],"yoast_head":"<!-- This site is optimized with the Yoast SEO plugin v27.3 - https:\/\/yoast.com\/product\/yoast-seo-wordpress\/ -->\n<title>Podr\u0161ka za novih 19 projekata kroz M\u2019BASE program - Europe House<\/title>\n<meta name=\"robots\" content=\"index, follow, max-snippet:-1, max-image-preview:large, max-video-preview:-1\" \/>\n<link rel=\"canonical\" href=\"https:\/\/www.evropskakuca.me\/me\/podrska-za-novih-19-projekata-kroz-mbase-program\/\" \/>\n<meta property=\"og:locale\" content=\"en_US\" \/>\n<meta property=\"og:type\" content=\"article\" \/>\n<meta property=\"og:title\" content=\"Podr\u0161ka za novih 19 projekata kroz M\u2019BASE program - Europe House\" \/>\n<meta property=\"og:description\" content=\"\u201eCivilno dru\u0161tvo u Crnoj Gori predstavlja veliki resurs za evropeizaciju dru\u0161tva, a M\u2019BASE program je proteklih godina mnogima bio na\u010din da nastave sa svojim aktivnostima, jer su izostala bud\u017eetska sredstva koja opredjeljuje Vlada, pa je ovaj program uticao i uti\u010de da se sa\u010duva tkivo civilnog dru\u0161tva u Crnoj Gori\u201c, ocijenjeno je na dana\u0161njem potpisivanju 19 [&hellip;]\" \/>\n<meta property=\"og:url\" content=\"https:\/\/www.evropskakuca.me\/me\/podrska-za-novih-19-projekata-kroz-mbase-program\/\" \/>\n<meta property=\"og:site_name\" content=\"Europe House\" \/>\n<meta property=\"article:publisher\" content=\"https:\/\/www.facebook.com\/evropska.kuca\" \/>\n<meta property=\"article:published_time\" content=\"2023-03-21T21:31:53+00:00\" \/>\n<meta property=\"og:image\" content=\"https:\/\/evropskakuca.me\/wp-content\/uploads\/2023\/03\/Popa-1024x682.jpeg\" \/>\n<meta name=\"author\" content=\"mkajic\" \/>\n<meta name=\"twitter:card\" content=\"summary_large_image\" \/>\n<meta name=\"twitter:creator\" content=\"@evropska_kuca\" \/>\n<meta name=\"twitter:site\" content=\"@evropska_kuca\" \/>\n<meta name=\"twitter:label1\" content=\"Written by\" \/>\n\t<meta name=\"twitter:data1\" content=\"mkajic\" \/>\n\t<meta name=\"twitter:label2\" content=\"Est. reading time\" \/>\n\t<meta name=\"twitter:data2\" content=\"4 minutes\" \/>\n<script type=\"application\/ld+json\" class=\"yoast-schema-graph\">{\"@context\":\"https:\\\/\\\/schema.org\",\"@graph\":[{\"@type\":\"Article\",\"@id\":\"https:\\\/\\\/www.evropskakuca.me\\\/me\\\/podrska-za-novih-19-projekata-kroz-mbase-program\\\/#article\",\"isPartOf\":{\"@id\":\"https:\\\/\\\/www.evropskakuca.me\\\/me\\\/podrska-za-novih-19-projekata-kroz-mbase-program\\\/\"},\"author\":{\"name\":\"mkajic\",\"@id\":\"https:\\\/\\\/www.evropskakuca.me\\\/me\\\/#\\\/schema\\\/person\\\/a1d0dcdaefe4a1cd1d60d200ea137ba4\"},\"headline\":\"Podr\u0161ka za novih 19 projekata kroz M\u2019BASE program\",\"datePublished\":\"2023-03-21T21:31:53+00:00\",\"mainEntityOfPage\":{\"@id\":\"https:\\\/\\\/www.evropskakuca.me\\\/me\\\/podrska-za-novih-19-projekata-kroz-mbase-program\\\/\"},\"wordCount\":834,\"publisher\":{\"@id\":\"https:\\\/\\\/www.evropskakuca.me\\\/me\\\/#organization\"},\"image\":{\"@id\":\"https:\\\/\\\/www.evropskakuca.me\\\/me\\\/podrska-za-novih-19-projekata-kroz-mbase-program\\\/#primaryimage\"},\"thumbnailUrl\":\"https:\\\/\\\/evropskakuca.me\\\/wp-content\\\/uploads\\\/2023\\\/03\\\/Popa-1024x682.jpeg\",\"inLanguage\":\"me-ME\"},{\"@type\":\"WebPage\",\"@id\":\"https:\\\/\\\/www.evropskakuca.me\\\/me\\\/podrska-za-novih-19-projekata-kroz-mbase-program\\\/\",\"url\":\"https:\\\/\\\/www.evropskakuca.me\\\/me\\\/podrska-za-novih-19-projekata-kroz-mbase-program\\\/\",\"name\":\"Podr\u0161ka za novih 19 projekata kroz M\u2019BASE program - Europe House\",\"isPartOf\":{\"@id\":\"https:\\\/\\\/www.evropskakuca.me\\\/me\\\/#website\"},\"primaryImageOfPage\":{\"@id\":\"https:\\\/\\\/www.evropskakuca.me\\\/me\\\/podrska-za-novih-19-projekata-kroz-mbase-program\\\/#primaryimage\"},\"image\":{\"@id\":\"https:\\\/\\\/www.evropskakuca.me\\\/me\\\/podrska-za-novih-19-projekata-kroz-mbase-program\\\/#primaryimage\"},\"thumbnailUrl\":\"https:\\\/\\\/evropskakuca.me\\\/wp-content\\\/uploads\\\/2023\\\/03\\\/Popa-1024x682.jpeg\",\"datePublished\":\"2023-03-21T21:31:53+00:00\",\"breadcrumb\":{\"@id\":\"https:\\\/\\\/www.evropskakuca.me\\\/me\\\/podrska-za-novih-19-projekata-kroz-mbase-program\\\/#breadcrumb\"},\"inLanguage\":\"me-ME\",\"potentialAction\":[{\"@type\":\"ReadAction\",\"target\":[\"https:\\\/\\\/www.evropskakuca.me\\\/me\\\/podrska-za-novih-19-projekata-kroz-mbase-program\\\/\"]}]},{\"@type\":\"ImageObject\",\"inLanguage\":\"me-ME\",\"@id\":\"https:\\\/\\\/www.evropskakuca.me\\\/me\\\/podrska-za-novih-19-projekata-kroz-mbase-program\\\/#primaryimage\",\"url\":\"https:\\\/\\\/evropskakuca.me\\\/wp-content\\\/uploads\\\/2023\\\/03\\\/Popa-1024x682.jpeg\",\"contentUrl\":\"https:\\\/\\\/evropskakuca.me\\\/wp-content\\\/uploads\\\/2023\\\/03\\\/Popa-1024x682.jpeg\"},{\"@type\":\"BreadcrumbList\",\"@id\":\"https:\\\/\\\/www.evropskakuca.me\\\/me\\\/podrska-za-novih-19-projekata-kroz-mbase-program\\\/#breadcrumb\",\"itemListElement\":[{\"@type\":\"ListItem\",\"position\":1,\"name\":\"Home\",\"item\":\"https:\\\/\\\/www.evropskakuca.me\\\/me\\\/\"},{\"@type\":\"ListItem\",\"position\":2,\"name\":\"Podr\u0161ka za novih 19 projekata kroz M\u2019BASE program\"}]},{\"@type\":\"WebSite\",\"@id\":\"https:\\\/\\\/www.evropskakuca.me\\\/me\\\/#website\",\"url\":\"https:\\\/\\\/www.evropskakuca.me\\\/me\\\/\",\"name\":\"Evropean house\",\"description\":\"\",\"publisher\":{\"@id\":\"https:\\\/\\\/www.evropskakuca.me\\\/me\\\/#organization\"},\"potentialAction\":[{\"@type\":\"SearchAction\",\"target\":{\"@type\":\"EntryPoint\",\"urlTemplate\":\"https:\\\/\\\/www.evropskakuca.me\\\/me\\\/?s={search_term_string}\"},\"query-input\":{\"@type\":\"PropertyValueSpecification\",\"valueRequired\":true,\"valueName\":\"search_term_string\"}}],\"inLanguage\":\"me-ME\"},{\"@type\":\"Organization\",\"@id\":\"https:\\\/\\\/www.evropskakuca.me\\\/me\\\/#organization\",\"name\":\"Evropean house\",\"url\":\"https:\\\/\\\/www.evropskakuca.me\\\/me\\\/\",\"logo\":{\"@type\":\"ImageObject\",\"inLanguage\":\"me-ME\",\"@id\":\"https:\\\/\\\/www.evropskakuca.me\\\/me\\\/#\\\/schema\\\/logo\\\/image\\\/\",\"url\":\"https:\\\/\\\/www.evropskakuca.me\\\/wp-content\\\/uploads\\\/2025\\\/01\\\/evropska-kuca-logo-1.png\",\"contentUrl\":\"https:\\\/\\\/www.evropskakuca.me\\\/wp-content\\\/uploads\\\/2025\\\/01\\\/evropska-kuca-logo-1.png\",\"width\":425,\"height\":312,\"caption\":\"Evropean house\"},\"image\":{\"@id\":\"https:\\\/\\\/www.evropskakuca.me\\\/me\\\/#\\\/schema\\\/logo\\\/image\\\/\"},\"sameAs\":[\"https:\\\/\\\/www.facebook.com\\\/evropska.kuca\",\"https:\\\/\\\/x.com\\\/evropska_kuca\",\"https:\\\/\\\/www.instagram.com\\\/evropska_kuca\"]},{\"@type\":\"Person\",\"@id\":\"https:\\\/\\\/www.evropskakuca.me\\\/me\\\/#\\\/schema\\\/person\\\/a1d0dcdaefe4a1cd1d60d200ea137ba4\",\"name\":\"mkajic\",\"image\":{\"@type\":\"ImageObject\",\"inLanguage\":\"me-ME\",\"@id\":\"https:\\\/\\\/secure.gravatar.com\\\/avatar\\\/731fa035cefab7316e6bafd1f25a93fb731a07de14e2d9923f8db4422628eabc?s=96&d=mm&r=g\",\"url\":\"https:\\\/\\\/secure.gravatar.com\\\/avatar\\\/731fa035cefab7316e6bafd1f25a93fb731a07de14e2d9923f8db4422628eabc?s=96&d=mm&r=g\",\"contentUrl\":\"https:\\\/\\\/secure.gravatar.com\\\/avatar\\\/731fa035cefab7316e6bafd1f25a93fb731a07de14e2d9923f8db4422628eabc?s=96&d=mm&r=g\",\"caption\":\"mkajic\"},\"sameAs\":[\"https:\\\/\\\/evropskakuca.me\"],\"url\":\"https:\\\/\\\/www.evropskakuca.me\\\/me\\\/author\\\/mkajic\\\/\"}]}<\/script>\n<!-- \/ Yoast SEO plugin. -->","yoast_head_json":{"title":"Podr\u0161ka za novih 19 projekata kroz M\u2019BASE program - Europe House","robots":{"index":"index","follow":"follow","max-snippet":"max-snippet:-1","max-image-preview":"max-image-preview:large","max-video-preview":"max-video-preview:-1"},"canonical":"https:\/\/www.evropskakuca.me\/me\/podrska-za-novih-19-projekata-kroz-mbase-program\/","og_locale":"en_US","og_type":"article","og_title":"Podr\u0161ka za novih 19 projekata kroz M\u2019BASE program - Europe House","og_description":"\u201eCivilno dru\u0161tvo u Crnoj Gori predstavlja veliki resurs za evropeizaciju dru\u0161tva, a M\u2019BASE program je proteklih godina mnogima bio na\u010din da nastave sa svojim aktivnostima, jer su izostala bud\u017eetska sredstva koja opredjeljuje Vlada, pa je ovaj program uticao i uti\u010de da se sa\u010duva tkivo civilnog dru\u0161tva u Crnoj Gori\u201c, ocijenjeno je na dana\u0161njem potpisivanju 19 [&hellip;]","og_url":"https:\/\/www.evropskakuca.me\/me\/podrska-za-novih-19-projekata-kroz-mbase-program\/","og_site_name":"Europe House","article_publisher":"https:\/\/www.facebook.com\/evropska.kuca","article_published_time":"2023-03-21T21:31:53+00:00","og_image":[{"url":"https:\/\/evropskakuca.me\/wp-content\/uploads\/2023\/03\/Popa-1024x682.jpeg","type":"","width":"","height":""}],"author":"mkajic","twitter_card":"summary_large_image","twitter_creator":"@evropska_kuca","twitter_site":"@evropska_kuca","twitter_misc":{"Written by":"mkajic","Est. reading time":"4 minutes"},"schema":{"@context":"https:\/\/schema.org","@graph":[{"@type":"Article","@id":"https:\/\/www.evropskakuca.me\/me\/podrska-za-novih-19-projekata-kroz-mbase-program\/#article","isPartOf":{"@id":"https:\/\/www.evropskakuca.me\/me\/podrska-za-novih-19-projekata-kroz-mbase-program\/"},"author":{"name":"mkajic","@id":"https:\/\/www.evropskakuca.me\/me\/#\/schema\/person\/a1d0dcdaefe4a1cd1d60d200ea137ba4"},"headline":"Podr\u0161ka za novih 19 projekata kroz M\u2019BASE program","datePublished":"2023-03-21T21:31:53+00:00","mainEntityOfPage":{"@id":"https:\/\/www.evropskakuca.me\/me\/podrska-za-novih-19-projekata-kroz-mbase-program\/"},"wordCount":834,"publisher":{"@id":"https:\/\/www.evropskakuca.me\/me\/#organization"},"image":{"@id":"https:\/\/www.evropskakuca.me\/me\/podrska-za-novih-19-projekata-kroz-mbase-program\/#primaryimage"},"thumbnailUrl":"https:\/\/evropskakuca.me\/wp-content\/uploads\/2023\/03\/Popa-1024x682.jpeg","inLanguage":"me-ME"},{"@type":"WebPage","@id":"https:\/\/www.evropskakuca.me\/me\/podrska-za-novih-19-projekata-kroz-mbase-program\/","url":"https:\/\/www.evropskakuca.me\/me\/podrska-za-novih-19-projekata-kroz-mbase-program\/","name":"Podr\u0161ka za novih 19 projekata kroz M\u2019BASE program - Europe House","isPartOf":{"@id":"https:\/\/www.evropskakuca.me\/me\/#website"},"primaryImageOfPage":{"@id":"https:\/\/www.evropskakuca.me\/me\/podrska-za-novih-19-projekata-kroz-mbase-program\/#primaryimage"},"image":{"@id":"https:\/\/www.evropskakuca.me\/me\/podrska-za-novih-19-projekata-kroz-mbase-program\/#primaryimage"},"thumbnailUrl":"https:\/\/evropskakuca.me\/wp-content\/uploads\/2023\/03\/Popa-1024x682.jpeg","datePublished":"2023-03-21T21:31:53+00:00","breadcrumb":{"@id":"https:\/\/www.evropskakuca.me\/me\/podrska-za-novih-19-projekata-kroz-mbase-program\/#breadcrumb"},"inLanguage":"me-ME","potentialAction":[{"@type":"ReadAction","target":["https:\/\/www.evropskakuca.me\/me\/podrska-za-novih-19-projekata-kroz-mbase-program\/"]}]},{"@type":"ImageObject","inLanguage":"me-ME","@id":"https:\/\/www.evropskakuca.me\/me\/podrska-za-novih-19-projekata-kroz-mbase-program\/#primaryimage","url":"https:\/\/evropskakuca.me\/wp-content\/uploads\/2023\/03\/Popa-1024x682.jpeg","contentUrl":"https:\/\/evropskakuca.me\/wp-content\/uploads\/2023\/03\/Popa-1024x682.jpeg"},{"@type":"BreadcrumbList","@id":"https:\/\/www.evropskakuca.me\/me\/podrska-za-novih-19-projekata-kroz-mbase-program\/#breadcrumb","itemListElement":[{"@type":"ListItem","position":1,"name":"Home","item":"https:\/\/www.evropskakuca.me\/me\/"},{"@type":"ListItem","position":2,"name":"Podr\u0161ka za novih 19 projekata kroz M\u2019BASE program"}]},{"@type":"WebSite","@id":"https:\/\/www.evropskakuca.me\/me\/#website","url":"https:\/\/www.evropskakuca.me\/me\/","name":"Evropean house","description":"","publisher":{"@id":"https:\/\/www.evropskakuca.me\/me\/#organization"},"potentialAction":[{"@type":"SearchAction","target":{"@type":"EntryPoint","urlTemplate":"https:\/\/www.evropskakuca.me\/me\/?s={search_term_string}"},"query-input":{"@type":"PropertyValueSpecification","valueRequired":true,"valueName":"search_term_string"}}],"inLanguage":"me-ME"},{"@type":"Organization","@id":"https:\/\/www.evropskakuca.me\/me\/#organization","name":"Evropean house","url":"https:\/\/www.evropskakuca.me\/me\/","logo":{"@type":"ImageObject","inLanguage":"me-ME","@id":"https:\/\/www.evropskakuca.me\/me\/#\/schema\/logo\/image\/","url":"https:\/\/www.evropskakuca.me\/wp-content\/uploads\/2025\/01\/evropska-kuca-logo-1.png","contentUrl":"https:\/\/www.evropskakuca.me\/wp-content\/uploads\/2025\/01\/evropska-kuca-logo-1.png","width":425,"height":312,"caption":"Evropean house"},"image":{"@id":"https:\/\/www.evropskakuca.me\/me\/#\/schema\/logo\/image\/"},"sameAs":["https:\/\/www.facebook.com\/evropska.kuca","https:\/\/x.com\/evropska_kuca","https:\/\/www.instagram.com\/evropska_kuca"]},{"@type":"Person","@id":"https:\/\/www.evropskakuca.me\/me\/#\/schema\/person\/a1d0dcdaefe4a1cd1d60d200ea137ba4","name":"mkajic","image":{"@type":"ImageObject","inLanguage":"me-ME","@id":"https:\/\/secure.gravatar.com\/avatar\/731fa035cefab7316e6bafd1f25a93fb731a07de14e2d9923f8db4422628eabc?s=96&d=mm&r=g","url":"https:\/\/secure.gravatar.com\/avatar\/731fa035cefab7316e6bafd1f25a93fb731a07de14e2d9923f8db4422628eabc?s=96&d=mm&r=g","contentUrl":"https:\/\/secure.gravatar.com\/avatar\/731fa035cefab7316e6bafd1f25a93fb731a07de14e2d9923f8db4422628eabc?s=96&d=mm&r=g","caption":"mkajic"},"sameAs":["https:\/\/evropskakuca.me"],"url":"https:\/\/www.evropskakuca.me\/me\/author\/mkajic\/"}]}},"_links":{"self":[{"href":"https:\/\/www.evropskakuca.me\/me\/wp-json\/wp\/v2\/posts\/24425","targetHints":{"allow":["GET"]}}],"collection":[{"href":"https:\/\/www.evropskakuca.me\/me\/wp-json\/wp\/v2\/posts"}],"about":[{"href":"https:\/\/www.evropskakuca.me\/me\/wp-json\/wp\/v2\/types\/post"}],"author":[{"embeddable":true,"href":"https:\/\/www.evropskakuca.me\/me\/wp-json\/wp\/v2\/users\/1"}],"replies":[{"embeddable":true,"href":"https:\/\/www.evropskakuca.me\/me\/wp-json\/wp\/v2\/comments?post=24425"}],"version-history":[{"count":0,"href":"https:\/\/www.evropskakuca.me\/me\/wp-json\/wp\/v2\/posts\/24425\/revisions"}],"wp:attachment":[{"href":"https:\/\/www.evropskakuca.me\/me\/wp-json\/wp\/v2\/media?parent=24425"}],"wp:term":[{"taxonomy":"category","embeddable":true,"href":"https:\/\/www.evropskakuca.me\/me\/wp-json\/wp\/v2\/categories?post=24425"},{"taxonomy":"post_tag","embeddable":true,"href":"https:\/\/www.evropskakuca.me\/me\/wp-json\/wp\/v2\/tags?post=24425"}],"curies":[{"name":"wp","href":"https:\/\/api.w.org\/{rel}","templated":true}]}}