{"id":24365,"date":"2023-03-15T15:48:47","date_gmt":"2023-03-15T15:48:47","guid":{"rendered":"https:\/\/evropskakuca.me\/?p=24365"},"modified":"2023-03-15T15:48:47","modified_gmt":"2023-03-15T15:48:47","slug":"rhp-96-izbjeglickih-porodica-dobilo-dom-na-vrelima-ribnickim","status":"publish","type":"post","link":"https:\/\/www.evropskakuca.me\/me\/rhp-96-izbjeglickih-porodica-dobilo-dom-na-vrelima-ribnickim\/","title":{"rendered":"RHP: 96 izbjegli\u010dkih porodica dobilo dom na Vrelima Ribni\u010dkim"},"content":{"rendered":"<p>Vera Deli\u0107 je samohrana majka sedmoro djece. U Crnu Goru je zbog rata do\u0161la prije vi\u0161e od dvadeset godina. Porodica Deli\u0107 jedna je od 96 porodica koje su dobile stan kroz Regionalni stambeni program, zajedni\u010dku inicijativu Bosne i Hercegovine, Hrvatske, Crne Gore i Srbije za rje\u0161avanje stambenog pitanja izbjeglih i raseljenih iz regiona koju podr\u017eava me\u0111unarodna zajednica, a Evropska unija je najve\u0107i donator.<\/p>\n<p><img fetchpriority=\"high\" decoding=\"async\" class=\"alignnone size-large wp-image-24368\" src=\"https:\/\/evropskakuca.me\/wp-content\/uploads\/2023\/03\/RHP-21-of-147-1024x682.jpg\" alt=\"\" width=\"1024\" height=\"682\" \/><\/p>\n<p>Njena nova kom\u0161inica, Aida Avdi\u0107, je uto\u010di\u0161te od ratnog vihora prona\u0161la u Crnoj Gori.<\/p>\n<p>\u2018\u2019Izbjegli smo iz Bosne i Hercegovine 1991. godine. Osje\u0107ali smo se sigurno u Crnoj Gori. Ljudi su bili dobri prema nama. \u010cekali smo ono \u0161to smo trebali da do\u010dekamo. Hvala mnogo svim ljudima dobre volje koji su nam pomogli\u2019\u2019, rekla je Aida.<\/p>\n<p>Kako se Regionalni stambeni program (RHP) bli\u017ei svom zavr\u0161etku, partneri su se okupili i sa korisnicima proslavili kraj projekta na Vrelima Ribni\u010dkim, na obodu Podgorice.<\/p>\n<p>Ambasadorka EU Oana Kristina Popa je u ime Evropske unije \u010destitala korisnicima na njihovim novim domovima, i sa zadovoljstvom se osvrnula na to da je Program do sada stambeno zbrinuo vi\u0161e od 30 000 najugro\u017eenijih korisnika \u0161irom regiona.<\/p>\n\n<p>\u201eRegionalni stambeni program je izuzetan primjer zajedni\u010dkih napora zemalja iz regiona i me\u0111unarodnih donatora ka miru, pomirenju i integraciji.\u00a0To je na\u0161 zajedni\u010dki uspjeh, a EU je ponosna \u0161to je najve\u0107i donator. Solidarnost gradjana EU je danas vidljiva. Nadam da dana\u0161nji dan predstavlja novi po\u010detak za sve korisnike i da \u0107e novim domovima graditi sre\u0107u i blagostanje\u2019\u2019, zaklju\u010dila je ambasadorka Popa.<\/p>\n<p>Ministar rada i socijalnog staranja, Admir Adrovi\u0107, zahvalio se Evropskoj uniji \u2013 glavnom donatoru RHP-a, kao i zemljama donatorima, Razvojnoj banci Savjeta Evrope, UNHCR-u, OEBS-u, drugim partnerskim zemljama i Glavnom gradu na podr\u0161ci i saradnji.<\/p>\n<p>\u201e Mnogi su za vrijeme rata izgubili svoju imovinu, ali i svoje bli\u017enje, u Crnoj Gori su prona\u0161li svoj novi dom i nadu za bolji \u017eivot i izvjesniju budu\u0107nost. Postali ste dio na\u0161eg dru\u0161tva. O tome svjedo\u010di i povod dana\u0161njeg okupljanja\u201d, rekao je pozdravljaju\u0107i porodice ministar Adrovi\u0107.<\/p>\n\n<p>\u201cCrna Gora je jo\u0161 jednom, kroz Regionalni stambeni program, pokazala svoju posve\u0107enost pru\u017eanju trajnih rje\u0161enja za raseljena lica iz Bosne i Hercegovine i za interno raseljena lica sa Kosova\u201d, rekao je predstavnik UNHCR-a Jean-Yves Bouchardy.<\/p>\n<p>Marja Sepp\u00e4l\u00e4 se osvrnula na dugogodi\u0161nju ulogu CEB-a u RHP-u, kao i na aktivan anga\u017eman donatora od pokretanja Programa.<\/p>\n<p>\u201eProslava ne mo\u017ee biti potpuna bez priznavanja vitalne uloge donatora RHP \u2013 prije svega EU, ali i drugih glavnih donatora kao \u0161to je Njema\u010dka \u2013 za koje mi je drago da vidim da su tako\u0111e danas ovdje \u2013 SAD, Norve\u0161ka , \u0160vajcarska i Italija. Bez va\u0161e velikodu\u0161nosti, ni\u0161ta od ovoga ne bi bilo mogu\u0107e\u201d, istakla je Sepp\u00e4l\u00e4.<\/p>\n\n<p>Na kraju, jedan od prisutnih korisnika, Hasani \u0160ev\u0107et, iskoristio je priliku da se u ime porodica zahvali partnerima RHP, prije nego \u0161to je zavr\u0161io tradicionalnom pjesmom.<\/p>\n<p>Ukupna vrijednost projekta izgradnje 96 stanova na Vrelima Ribni\u010dkim iznosi vi\u0161e od 4 miliona \u20ac, od \u010dega su donatorska sredstva vi\u0161e od 3.2 miliona \u20ac.<\/p>\n<p>Pored ovog projekta zahvaljuju\u0107i Regionalnom stambenom programu obezbije\u0111ena su trajna i odr\u017eiva stambena rje\u0161enja za preko 1000 porodica u Crnoj Gori.<\/p>\n<p>&nbsp;<\/p>\n","protected":false},"excerpt":{"rendered":"<p>Vera Deli\u0107 je samohrana majka sedmoro djece. U Crnu Goru je zbog rata do\u0161la prije vi\u0161e od dvadeset godina. Porodica Deli\u0107 jedna je od 96 porodica koje su dobile stan kroz Regionalni stambeni program, zajedni\u010dku inicijativu Bosne i Hercegovine, Hrvatske, Crne Gore i Srbije za rje\u0161avanje stambenog pitanja izbjeglih i raseljenih iz regiona koju podr\u017eava [&hellip;]<\/p>\n","protected":false},"author":1,"featured_media":38759,"comment_status":"closed","ping_status":"closed","sticky":false,"template":"","format":"standard","meta":{"_acf_changed":false,"footnotes":""},"categories":[],"tags":[],"class_list":["post-24365","post","type-post","status-publish","format-standard","has-post-thumbnail","hentry"],"acf":[],"yoast_head":"<!-- This site is optimized with the Yoast SEO plugin v27.3 - https:\/\/yoast.com\/product\/yoast-seo-wordpress\/ -->\n<title>RHP: 96 izbjegli\u010dkih porodica dobilo dom na Vrelima Ribni\u010dkim - Europe House<\/title>\n<meta name=\"robots\" content=\"index, follow, max-snippet:-1, max-image-preview:large, max-video-preview:-1\" \/>\n<link rel=\"canonical\" href=\"https:\/\/www.evropskakuca.me\/me\/rhp-96-izbjeglickih-porodica-dobilo-dom-na-vrelima-ribnickim\/\" \/>\n<meta property=\"og:locale\" content=\"en_US\" \/>\n<meta property=\"og:type\" content=\"article\" \/>\n<meta property=\"og:title\" content=\"RHP: 96 izbjegli\u010dkih porodica dobilo dom na Vrelima Ribni\u010dkim - Europe House\" \/>\n<meta property=\"og:description\" content=\"Vera Deli\u0107 je samohrana majka sedmoro djece. U Crnu Goru je zbog rata do\u0161la prije vi\u0161e od dvadeset godina. Porodica Deli\u0107 jedna je od 96 porodica koje su dobile stan kroz Regionalni stambeni program, zajedni\u010dku inicijativu Bosne i Hercegovine, Hrvatske, Crne Gore i Srbije za rje\u0161avanje stambenog pitanja izbjeglih i raseljenih iz regiona koju podr\u017eava [&hellip;]\" \/>\n<meta property=\"og:url\" content=\"https:\/\/www.evropskakuca.me\/me\/rhp-96-izbjeglickih-porodica-dobilo-dom-na-vrelima-ribnickim\/\" \/>\n<meta property=\"og:site_name\" content=\"Europe House\" \/>\n<meta property=\"article:publisher\" content=\"https:\/\/www.facebook.com\/evropska.kuca\" \/>\n<meta property=\"article:published_time\" content=\"2023-03-15T15:48:47+00:00\" \/>\n<meta property=\"og:image\" content=\"https:\/\/www.evropskakuca.me\/wp-content\/uploads\/2023\/03\/RHP-9-of-147.jpg\" \/>\n\t<meta property=\"og:image:width\" content=\"2000\" \/>\n\t<meta property=\"og:image:height\" content=\"1333\" \/>\n\t<meta property=\"og:image:type\" content=\"image\/jpeg\" \/>\n<meta name=\"author\" content=\"mkajic\" \/>\n<meta name=\"twitter:card\" content=\"summary_large_image\" \/>\n<meta name=\"twitter:creator\" content=\"@evropska_kuca\" \/>\n<meta name=\"twitter:site\" content=\"@evropska_kuca\" \/>\n<meta name=\"twitter:label1\" content=\"Written by\" \/>\n\t<meta name=\"twitter:data1\" content=\"mkajic\" \/>\n\t<meta name=\"twitter:label2\" content=\"Est. reading time\" \/>\n\t<meta name=\"twitter:data2\" content=\"3 minutes\" \/>\n<script type=\"application\/ld+json\" class=\"yoast-schema-graph\">{\"@context\":\"https:\\\/\\\/schema.org\",\"@graph\":[{\"@type\":\"Article\",\"@id\":\"https:\\\/\\\/www.evropskakuca.me\\\/me\\\/rhp-96-izbjeglickih-porodica-dobilo-dom-na-vrelima-ribnickim\\\/#article\",\"isPartOf\":{\"@id\":\"https:\\\/\\\/www.evropskakuca.me\\\/me\\\/rhp-96-izbjeglickih-porodica-dobilo-dom-na-vrelima-ribnickim\\\/\"},\"author\":{\"name\":\"mkajic\",\"@id\":\"https:\\\/\\\/www.evropskakuca.me\\\/me\\\/#\\\/schema\\\/person\\\/a1d0dcdaefe4a1cd1d60d200ea137ba4\"},\"headline\":\"RHP: 96 izbjegli\u010dkih porodica dobilo dom na Vrelima Ribni\u010dkim\",\"datePublished\":\"2023-03-15T15:48:47+00:00\",\"mainEntityOfPage\":{\"@id\":\"https:\\\/\\\/www.evropskakuca.me\\\/me\\\/rhp-96-izbjeglickih-porodica-dobilo-dom-na-vrelima-ribnickim\\\/\"},\"wordCount\":574,\"publisher\":{\"@id\":\"https:\\\/\\\/www.evropskakuca.me\\\/me\\\/#organization\"},\"image\":{\"@id\":\"https:\\\/\\\/www.evropskakuca.me\\\/me\\\/rhp-96-izbjeglickih-porodica-dobilo-dom-na-vrelima-ribnickim\\\/#primaryimage\"},\"thumbnailUrl\":\"https:\\\/\\\/www.evropskakuca.me\\\/wp-content\\\/uploads\\\/2023\\\/03\\\/RHP-9-of-147.jpg\",\"inLanguage\":\"me-ME\"},{\"@type\":\"WebPage\",\"@id\":\"https:\\\/\\\/www.evropskakuca.me\\\/me\\\/rhp-96-izbjeglickih-porodica-dobilo-dom-na-vrelima-ribnickim\\\/\",\"url\":\"https:\\\/\\\/www.evropskakuca.me\\\/me\\\/rhp-96-izbjeglickih-porodica-dobilo-dom-na-vrelima-ribnickim\\\/\",\"name\":\"RHP: 96 izbjegli\u010dkih porodica dobilo dom na Vrelima Ribni\u010dkim - Europe House\",\"isPartOf\":{\"@id\":\"https:\\\/\\\/www.evropskakuca.me\\\/me\\\/#website\"},\"primaryImageOfPage\":{\"@id\":\"https:\\\/\\\/www.evropskakuca.me\\\/me\\\/rhp-96-izbjeglickih-porodica-dobilo-dom-na-vrelima-ribnickim\\\/#primaryimage\"},\"image\":{\"@id\":\"https:\\\/\\\/www.evropskakuca.me\\\/me\\\/rhp-96-izbjeglickih-porodica-dobilo-dom-na-vrelima-ribnickim\\\/#primaryimage\"},\"thumbnailUrl\":\"https:\\\/\\\/www.evropskakuca.me\\\/wp-content\\\/uploads\\\/2023\\\/03\\\/RHP-9-of-147.jpg\",\"datePublished\":\"2023-03-15T15:48:47+00:00\",\"breadcrumb\":{\"@id\":\"https:\\\/\\\/www.evropskakuca.me\\\/me\\\/rhp-96-izbjeglickih-porodica-dobilo-dom-na-vrelima-ribnickim\\\/#breadcrumb\"},\"inLanguage\":\"me-ME\",\"potentialAction\":[{\"@type\":\"ReadAction\",\"target\":[\"https:\\\/\\\/www.evropskakuca.me\\\/me\\\/rhp-96-izbjeglickih-porodica-dobilo-dom-na-vrelima-ribnickim\\\/\"]}]},{\"@type\":\"ImageObject\",\"inLanguage\":\"me-ME\",\"@id\":\"https:\\\/\\\/www.evropskakuca.me\\\/me\\\/rhp-96-izbjeglickih-porodica-dobilo-dom-na-vrelima-ribnickim\\\/#primaryimage\",\"url\":\"https:\\\/\\\/www.evropskakuca.me\\\/wp-content\\\/uploads\\\/2023\\\/03\\\/RHP-9-of-147.jpg\",\"contentUrl\":\"https:\\\/\\\/www.evropskakuca.me\\\/wp-content\\\/uploads\\\/2023\\\/03\\\/RHP-9-of-147.jpg\",\"width\":2000,\"height\":1333},{\"@type\":\"BreadcrumbList\",\"@id\":\"https:\\\/\\\/www.evropskakuca.me\\\/me\\\/rhp-96-izbjeglickih-porodica-dobilo-dom-na-vrelima-ribnickim\\\/#breadcrumb\",\"itemListElement\":[{\"@type\":\"ListItem\",\"position\":1,\"name\":\"Home\",\"item\":\"https:\\\/\\\/www.evropskakuca.me\\\/me\\\/\"},{\"@type\":\"ListItem\",\"position\":2,\"name\":\"RHP: 96 izbjegli\u010dkih porodica dobilo dom na Vrelima Ribni\u010dkim\"}]},{\"@type\":\"WebSite\",\"@id\":\"https:\\\/\\\/www.evropskakuca.me\\\/me\\\/#website\",\"url\":\"https:\\\/\\\/www.evropskakuca.me\\\/me\\\/\",\"name\":\"Evropean house\",\"description\":\"\",\"publisher\":{\"@id\":\"https:\\\/\\\/www.evropskakuca.me\\\/me\\\/#organization\"},\"potentialAction\":[{\"@type\":\"SearchAction\",\"target\":{\"@type\":\"EntryPoint\",\"urlTemplate\":\"https:\\\/\\\/www.evropskakuca.me\\\/me\\\/?s={search_term_string}\"},\"query-input\":{\"@type\":\"PropertyValueSpecification\",\"valueRequired\":true,\"valueName\":\"search_term_string\"}}],\"inLanguage\":\"me-ME\"},{\"@type\":\"Organization\",\"@id\":\"https:\\\/\\\/www.evropskakuca.me\\\/me\\\/#organization\",\"name\":\"Evropean house\",\"url\":\"https:\\\/\\\/www.evropskakuca.me\\\/me\\\/\",\"logo\":{\"@type\":\"ImageObject\",\"inLanguage\":\"me-ME\",\"@id\":\"https:\\\/\\\/www.evropskakuca.me\\\/me\\\/#\\\/schema\\\/logo\\\/image\\\/\",\"url\":\"https:\\\/\\\/www.evropskakuca.me\\\/wp-content\\\/uploads\\\/2025\\\/01\\\/evropska-kuca-logo-1.png\",\"contentUrl\":\"https:\\\/\\\/www.evropskakuca.me\\\/wp-content\\\/uploads\\\/2025\\\/01\\\/evropska-kuca-logo-1.png\",\"width\":425,\"height\":312,\"caption\":\"Evropean house\"},\"image\":{\"@id\":\"https:\\\/\\\/www.evropskakuca.me\\\/me\\\/#\\\/schema\\\/logo\\\/image\\\/\"},\"sameAs\":[\"https:\\\/\\\/www.facebook.com\\\/evropska.kuca\",\"https:\\\/\\\/x.com\\\/evropska_kuca\",\"https:\\\/\\\/www.instagram.com\\\/evropska_kuca\"]},{\"@type\":\"Person\",\"@id\":\"https:\\\/\\\/www.evropskakuca.me\\\/me\\\/#\\\/schema\\\/person\\\/a1d0dcdaefe4a1cd1d60d200ea137ba4\",\"name\":\"mkajic\",\"image\":{\"@type\":\"ImageObject\",\"inLanguage\":\"me-ME\",\"@id\":\"https:\\\/\\\/secure.gravatar.com\\\/avatar\\\/731fa035cefab7316e6bafd1f25a93fb731a07de14e2d9923f8db4422628eabc?s=96&d=mm&r=g\",\"url\":\"https:\\\/\\\/secure.gravatar.com\\\/avatar\\\/731fa035cefab7316e6bafd1f25a93fb731a07de14e2d9923f8db4422628eabc?s=96&d=mm&r=g\",\"contentUrl\":\"https:\\\/\\\/secure.gravatar.com\\\/avatar\\\/731fa035cefab7316e6bafd1f25a93fb731a07de14e2d9923f8db4422628eabc?s=96&d=mm&r=g\",\"caption\":\"mkajic\"},\"sameAs\":[\"https:\\\/\\\/evropskakuca.me\"],\"url\":\"https:\\\/\\\/www.evropskakuca.me\\\/me\\\/author\\\/mkajic\\\/\"}]}<\/script>\n<!-- \/ Yoast SEO plugin. -->","yoast_head_json":{"title":"RHP: 96 izbjegli\u010dkih porodica dobilo dom na Vrelima Ribni\u010dkim - Europe House","robots":{"index":"index","follow":"follow","max-snippet":"max-snippet:-1","max-image-preview":"max-image-preview:large","max-video-preview":"max-video-preview:-1"},"canonical":"https:\/\/www.evropskakuca.me\/me\/rhp-96-izbjeglickih-porodica-dobilo-dom-na-vrelima-ribnickim\/","og_locale":"en_US","og_type":"article","og_title":"RHP: 96 izbjegli\u010dkih porodica dobilo dom na Vrelima Ribni\u010dkim - Europe House","og_description":"Vera Deli\u0107 je samohrana majka sedmoro djece. U Crnu Goru je zbog rata do\u0161la prije vi\u0161e od dvadeset godina. Porodica Deli\u0107 jedna je od 96 porodica koje su dobile stan kroz Regionalni stambeni program, zajedni\u010dku inicijativu Bosne i Hercegovine, Hrvatske, Crne Gore i Srbije za rje\u0161avanje stambenog pitanja izbjeglih i raseljenih iz regiona koju podr\u017eava [&hellip;]","og_url":"https:\/\/www.evropskakuca.me\/me\/rhp-96-izbjeglickih-porodica-dobilo-dom-na-vrelima-ribnickim\/","og_site_name":"Europe House","article_publisher":"https:\/\/www.facebook.com\/evropska.kuca","article_published_time":"2023-03-15T15:48:47+00:00","og_image":[{"width":2000,"height":1333,"url":"https:\/\/www.evropskakuca.me\/wp-content\/uploads\/2023\/03\/RHP-9-of-147.jpg","type":"image\/jpeg"}],"author":"mkajic","twitter_card":"summary_large_image","twitter_creator":"@evropska_kuca","twitter_site":"@evropska_kuca","twitter_misc":{"Written by":"mkajic","Est. reading time":"3 minutes"},"schema":{"@context":"https:\/\/schema.org","@graph":[{"@type":"Article","@id":"https:\/\/www.evropskakuca.me\/me\/rhp-96-izbjeglickih-porodica-dobilo-dom-na-vrelima-ribnickim\/#article","isPartOf":{"@id":"https:\/\/www.evropskakuca.me\/me\/rhp-96-izbjeglickih-porodica-dobilo-dom-na-vrelima-ribnickim\/"},"author":{"name":"mkajic","@id":"https:\/\/www.evropskakuca.me\/me\/#\/schema\/person\/a1d0dcdaefe4a1cd1d60d200ea137ba4"},"headline":"RHP: 96 izbjegli\u010dkih porodica dobilo dom na Vrelima Ribni\u010dkim","datePublished":"2023-03-15T15:48:47+00:00","mainEntityOfPage":{"@id":"https:\/\/www.evropskakuca.me\/me\/rhp-96-izbjeglickih-porodica-dobilo-dom-na-vrelima-ribnickim\/"},"wordCount":574,"publisher":{"@id":"https:\/\/www.evropskakuca.me\/me\/#organization"},"image":{"@id":"https:\/\/www.evropskakuca.me\/me\/rhp-96-izbjeglickih-porodica-dobilo-dom-na-vrelima-ribnickim\/#primaryimage"},"thumbnailUrl":"https:\/\/www.evropskakuca.me\/wp-content\/uploads\/2023\/03\/RHP-9-of-147.jpg","inLanguage":"me-ME"},{"@type":"WebPage","@id":"https:\/\/www.evropskakuca.me\/me\/rhp-96-izbjeglickih-porodica-dobilo-dom-na-vrelima-ribnickim\/","url":"https:\/\/www.evropskakuca.me\/me\/rhp-96-izbjeglickih-porodica-dobilo-dom-na-vrelima-ribnickim\/","name":"RHP: 96 izbjegli\u010dkih porodica dobilo dom na Vrelima Ribni\u010dkim - Europe House","isPartOf":{"@id":"https:\/\/www.evropskakuca.me\/me\/#website"},"primaryImageOfPage":{"@id":"https:\/\/www.evropskakuca.me\/me\/rhp-96-izbjeglickih-porodica-dobilo-dom-na-vrelima-ribnickim\/#primaryimage"},"image":{"@id":"https:\/\/www.evropskakuca.me\/me\/rhp-96-izbjeglickih-porodica-dobilo-dom-na-vrelima-ribnickim\/#primaryimage"},"thumbnailUrl":"https:\/\/www.evropskakuca.me\/wp-content\/uploads\/2023\/03\/RHP-9-of-147.jpg","datePublished":"2023-03-15T15:48:47+00:00","breadcrumb":{"@id":"https:\/\/www.evropskakuca.me\/me\/rhp-96-izbjeglickih-porodica-dobilo-dom-na-vrelima-ribnickim\/#breadcrumb"},"inLanguage":"me-ME","potentialAction":[{"@type":"ReadAction","target":["https:\/\/www.evropskakuca.me\/me\/rhp-96-izbjeglickih-porodica-dobilo-dom-na-vrelima-ribnickim\/"]}]},{"@type":"ImageObject","inLanguage":"me-ME","@id":"https:\/\/www.evropskakuca.me\/me\/rhp-96-izbjeglickih-porodica-dobilo-dom-na-vrelima-ribnickim\/#primaryimage","url":"https:\/\/www.evropskakuca.me\/wp-content\/uploads\/2023\/03\/RHP-9-of-147.jpg","contentUrl":"https:\/\/www.evropskakuca.me\/wp-content\/uploads\/2023\/03\/RHP-9-of-147.jpg","width":2000,"height":1333},{"@type":"BreadcrumbList","@id":"https:\/\/www.evropskakuca.me\/me\/rhp-96-izbjeglickih-porodica-dobilo-dom-na-vrelima-ribnickim\/#breadcrumb","itemListElement":[{"@type":"ListItem","position":1,"name":"Home","item":"https:\/\/www.evropskakuca.me\/me\/"},{"@type":"ListItem","position":2,"name":"RHP: 96 izbjegli\u010dkih porodica dobilo dom na Vrelima Ribni\u010dkim"}]},{"@type":"WebSite","@id":"https:\/\/www.evropskakuca.me\/me\/#website","url":"https:\/\/www.evropskakuca.me\/me\/","name":"Evropean house","description":"","publisher":{"@id":"https:\/\/www.evropskakuca.me\/me\/#organization"},"potentialAction":[{"@type":"SearchAction","target":{"@type":"EntryPoint","urlTemplate":"https:\/\/www.evropskakuca.me\/me\/?s={search_term_string}"},"query-input":{"@type":"PropertyValueSpecification","valueRequired":true,"valueName":"search_term_string"}}],"inLanguage":"me-ME"},{"@type":"Organization","@id":"https:\/\/www.evropskakuca.me\/me\/#organization","name":"Evropean house","url":"https:\/\/www.evropskakuca.me\/me\/","logo":{"@type":"ImageObject","inLanguage":"me-ME","@id":"https:\/\/www.evropskakuca.me\/me\/#\/schema\/logo\/image\/","url":"https:\/\/www.evropskakuca.me\/wp-content\/uploads\/2025\/01\/evropska-kuca-logo-1.png","contentUrl":"https:\/\/www.evropskakuca.me\/wp-content\/uploads\/2025\/01\/evropska-kuca-logo-1.png","width":425,"height":312,"caption":"Evropean house"},"image":{"@id":"https:\/\/www.evropskakuca.me\/me\/#\/schema\/logo\/image\/"},"sameAs":["https:\/\/www.facebook.com\/evropska.kuca","https:\/\/x.com\/evropska_kuca","https:\/\/www.instagram.com\/evropska_kuca"]},{"@type":"Person","@id":"https:\/\/www.evropskakuca.me\/me\/#\/schema\/person\/a1d0dcdaefe4a1cd1d60d200ea137ba4","name":"mkajic","image":{"@type":"ImageObject","inLanguage":"me-ME","@id":"https:\/\/secure.gravatar.com\/avatar\/731fa035cefab7316e6bafd1f25a93fb731a07de14e2d9923f8db4422628eabc?s=96&d=mm&r=g","url":"https:\/\/secure.gravatar.com\/avatar\/731fa035cefab7316e6bafd1f25a93fb731a07de14e2d9923f8db4422628eabc?s=96&d=mm&r=g","contentUrl":"https:\/\/secure.gravatar.com\/avatar\/731fa035cefab7316e6bafd1f25a93fb731a07de14e2d9923f8db4422628eabc?s=96&d=mm&r=g","caption":"mkajic"},"sameAs":["https:\/\/evropskakuca.me"],"url":"https:\/\/www.evropskakuca.me\/me\/author\/mkajic\/"}]}},"_links":{"self":[{"href":"https:\/\/www.evropskakuca.me\/me\/wp-json\/wp\/v2\/posts\/24365","targetHints":{"allow":["GET"]}}],"collection":[{"href":"https:\/\/www.evropskakuca.me\/me\/wp-json\/wp\/v2\/posts"}],"about":[{"href":"https:\/\/www.evropskakuca.me\/me\/wp-json\/wp\/v2\/types\/post"}],"author":[{"embeddable":true,"href":"https:\/\/www.evropskakuca.me\/me\/wp-json\/wp\/v2\/users\/1"}],"replies":[{"embeddable":true,"href":"https:\/\/www.evropskakuca.me\/me\/wp-json\/wp\/v2\/comments?post=24365"}],"version-history":[{"count":0,"href":"https:\/\/www.evropskakuca.me\/me\/wp-json\/wp\/v2\/posts\/24365\/revisions"}],"wp:featuredmedia":[{"embeddable":true,"href":"https:\/\/www.evropskakuca.me\/me\/wp-json\/wp\/v2\/media\/38759"}],"wp:attachment":[{"href":"https:\/\/www.evropskakuca.me\/me\/wp-json\/wp\/v2\/media?parent=24365"}],"wp:term":[{"taxonomy":"category","embeddable":true,"href":"https:\/\/www.evropskakuca.me\/me\/wp-json\/wp\/v2\/categories?post=24365"},{"taxonomy":"post_tag","embeddable":true,"href":"https:\/\/www.evropskakuca.me\/me\/wp-json\/wp\/v2\/tags?post=24365"}],"curies":[{"name":"wp","href":"https:\/\/api.w.org\/{rel}","templated":true}]}}