{"id":24345,"date":"2023-03-13T13:25:07","date_gmt":"2023-03-13T13:25:07","guid":{"rendered":"https:\/\/evropskakuca.me\/?p=24345"},"modified":"2023-03-13T13:25:07","modified_gmt":"2023-03-13T13:25:07","slug":"matematiku-sam-voljela-oduvijek-a-u-programiranje-se-zaljubila-na-fakultetu","status":"publish","type":"post","link":"https:\/\/www.evropskakuca.me\/me\/matematiku-sam-voljela-oduvijek-a-u-programiranje-se-zaljubila-na-fakultetu\/","title":{"rendered":"Matematiku sam voljela oduvijek a u programiranje se zaljubila na fakultetu"},"content":{"rendered":"<p><strong>Razgovor sa inovatorkom Jasnom Pejovi<\/strong><strong>\u0107<\/strong><\/p>\n<p>Pri\u010damo o inovacijama.<\/p>\n<p>Uspje\u0161ni preduzetnici\/e imaju dvije mogu\u0107nosti: Da ne\u0161to rade prvi ili da ne\u0161to \u0161to ve\u0107 postoji rade mnogo bolje od drugih.<\/p>\n<p>Jasna Pejovic je diplomirana matemati\u010darka i programerka, uspje\u0161na preduzetnica i inovatorka.<\/p>\n<p>Raduje se \u017eivotu, novim iskustvima, u\u010denju i \u017eivi u skladu sa sobom. Da ima super-mo\u0107 to bi bila teleportacija jer joj putovanja oduzimaju mnogo vremena.<\/p>\n<p>Zapo\u010dela je sopstvenu preduzetni\u010dku karijeru i osnovala kompaniju \u201eDigitalBee\u201c sa obrazovnim programom \u201eDigitalna akademija\u201c. Suosniva\u010dica je startapa Flourish, koji je za kratko vrijeme dobio podr\u0161ku akceleratora Evropske unije \u201eEU4Tech\u201c i UNDP akceleratora \u201eBOOST\u201c.<\/p>\n<p>Matematiku je voljela oduvijek, a u programiranje se zaljubila na fakultetu.<\/p>\n<p>Oduvijek je sebi bila najve\u0107a podr\u0161ka, ali i prepreka.<\/p>\n<p>Djevoj\u010dicama koje privla\u010di STEM bi porucila da ne postoji prepreka za njih.<\/p>\n<p>&#8221;Mo\u017eete ostvariti sve \u0161to \u017eelite ako posve\u0107eno i fokusirano radite na tome&#8221;, poru\u010dila je Jasna.<\/p>\n","protected":false},"excerpt":{"rendered":"<p>Razgovor sa inovatorkom Jasnom Pejovi\u0107 Pri\u010damo o inovacijama. Uspje\u0161ni preduzetnici\/e imaju dvije mogu\u0107nosti: Da ne\u0161to rade prvi ili da ne\u0161to \u0161to ve\u0107 postoji rade mnogo bolje od drugih. Jasna Pejovic je diplomirana matemati\u010darka i programerka, uspje\u0161na preduzetnica i inovatorka. Raduje se \u017eivotu, novim iskustvima, u\u010denju i \u017eivi u skladu sa sobom. Da ima super-mo\u0107 to [&hellip;]<\/p>\n","protected":false},"author":1,"featured_media":38731,"comment_status":"closed","ping_status":"closed","sticky":false,"template":"","format":"standard","meta":{"_acf_changed":false,"footnotes":""},"categories":[],"tags":[],"class_list":["post-24345","post","type-post","status-publish","format-standard","has-post-thumbnail","hentry"],"acf":[],"yoast_head":"<!-- This site is optimized with the Yoast SEO plugin v27.3 - https:\/\/yoast.com\/product\/yoast-seo-wordpress\/ -->\n<title>Matematiku sam voljela oduvijek a u programiranje se zaljubila na fakultetu - Europe House<\/title>\n<meta name=\"robots\" content=\"index, follow, max-snippet:-1, max-image-preview:large, max-video-preview:-1\" \/>\n<link rel=\"canonical\" href=\"https:\/\/www.evropskakuca.me\/me\/matematiku-sam-voljela-oduvijek-a-u-programiranje-se-zaljubila-na-fakultetu\/\" \/>\n<meta property=\"og:locale\" content=\"en_US\" \/>\n<meta property=\"og:type\" content=\"article\" \/>\n<meta property=\"og:title\" content=\"Matematiku sam voljela oduvijek a u programiranje se zaljubila na fakultetu - Europe House\" \/>\n<meta property=\"og:description\" content=\"Razgovor sa inovatorkom Jasnom Pejovi\u0107 Pri\u010damo o inovacijama. Uspje\u0161ni preduzetnici\/e imaju dvije mogu\u0107nosti: Da ne\u0161to rade prvi ili da ne\u0161to \u0161to ve\u0107 postoji rade mnogo bolje od drugih. Jasna Pejovic je diplomirana matemati\u010darka i programerka, uspje\u0161na preduzetnica i inovatorka. Raduje se \u017eivotu, novim iskustvima, u\u010denju i \u017eivi u skladu sa sobom. Da ima super-mo\u0107 to [&hellip;]\" \/>\n<meta property=\"og:url\" content=\"https:\/\/www.evropskakuca.me\/me\/matematiku-sam-voljela-oduvijek-a-u-programiranje-se-zaljubila-na-fakultetu\/\" \/>\n<meta property=\"og:site_name\" content=\"Europe House\" \/>\n<meta property=\"article:publisher\" content=\"https:\/\/www.facebook.com\/evropska.kuca\" \/>\n<meta property=\"article:published_time\" content=\"2023-03-13T13:25:07+00:00\" \/>\n<meta property=\"og:image\" content=\"https:\/\/www.evropskakuca.me\/wp-content\/uploads\/2023\/03\/Jasna-Pejovic.jpg\" \/>\n\t<meta property=\"og:image:width\" content=\"1500\" \/>\n\t<meta property=\"og:image:height\" content=\"1000\" \/>\n\t<meta property=\"og:image:type\" content=\"image\/jpeg\" \/>\n<meta name=\"author\" content=\"mkajic\" \/>\n<meta name=\"twitter:card\" content=\"summary_large_image\" \/>\n<meta name=\"twitter:creator\" content=\"@evropska_kuca\" \/>\n<meta name=\"twitter:site\" content=\"@evropska_kuca\" \/>\n<meta name=\"twitter:label1\" content=\"Written by\" \/>\n\t<meta name=\"twitter:data1\" content=\"mkajic\" \/>\n\t<meta name=\"twitter:label2\" content=\"Est. reading time\" \/>\n\t<meta name=\"twitter:data2\" content=\"1 minute\" \/>\n<script type=\"application\/ld+json\" class=\"yoast-schema-graph\">{\"@context\":\"https:\\\/\\\/schema.org\",\"@graph\":[{\"@type\":\"Article\",\"@id\":\"https:\\\/\\\/www.evropskakuca.me\\\/me\\\/matematiku-sam-voljela-oduvijek-a-u-programiranje-se-zaljubila-na-fakultetu\\\/#article\",\"isPartOf\":{\"@id\":\"https:\\\/\\\/www.evropskakuca.me\\\/me\\\/matematiku-sam-voljela-oduvijek-a-u-programiranje-se-zaljubila-na-fakultetu\\\/\"},\"author\":{\"name\":\"mkajic\",\"@id\":\"https:\\\/\\\/www.evropskakuca.me\\\/me\\\/#\\\/schema\\\/person\\\/a1d0dcdaefe4a1cd1d60d200ea137ba4\"},\"headline\":\"Matematiku sam voljela oduvijek a u programiranje se zaljubila na fakultetu\",\"datePublished\":\"2023-03-13T13:25:07+00:00\",\"mainEntityOfPage\":{\"@id\":\"https:\\\/\\\/www.evropskakuca.me\\\/me\\\/matematiku-sam-voljela-oduvijek-a-u-programiranje-se-zaljubila-na-fakultetu\\\/\"},\"wordCount\":176,\"publisher\":{\"@id\":\"https:\\\/\\\/www.evropskakuca.me\\\/me\\\/#organization\"},\"image\":{\"@id\":\"https:\\\/\\\/www.evropskakuca.me\\\/me\\\/matematiku-sam-voljela-oduvijek-a-u-programiranje-se-zaljubila-na-fakultetu\\\/#primaryimage\"},\"thumbnailUrl\":\"https:\\\/\\\/www.evropskakuca.me\\\/wp-content\\\/uploads\\\/2023\\\/03\\\/Jasna-Pejovic.jpg\",\"inLanguage\":\"me-ME\"},{\"@type\":\"WebPage\",\"@id\":\"https:\\\/\\\/www.evropskakuca.me\\\/me\\\/matematiku-sam-voljela-oduvijek-a-u-programiranje-se-zaljubila-na-fakultetu\\\/\",\"url\":\"https:\\\/\\\/www.evropskakuca.me\\\/me\\\/matematiku-sam-voljela-oduvijek-a-u-programiranje-se-zaljubila-na-fakultetu\\\/\",\"name\":\"Matematiku sam voljela oduvijek a u programiranje se zaljubila na fakultetu - Europe House\",\"isPartOf\":{\"@id\":\"https:\\\/\\\/www.evropskakuca.me\\\/me\\\/#website\"},\"primaryImageOfPage\":{\"@id\":\"https:\\\/\\\/www.evropskakuca.me\\\/me\\\/matematiku-sam-voljela-oduvijek-a-u-programiranje-se-zaljubila-na-fakultetu\\\/#primaryimage\"},\"image\":{\"@id\":\"https:\\\/\\\/www.evropskakuca.me\\\/me\\\/matematiku-sam-voljela-oduvijek-a-u-programiranje-se-zaljubila-na-fakultetu\\\/#primaryimage\"},\"thumbnailUrl\":\"https:\\\/\\\/www.evropskakuca.me\\\/wp-content\\\/uploads\\\/2023\\\/03\\\/Jasna-Pejovic.jpg\",\"datePublished\":\"2023-03-13T13:25:07+00:00\",\"breadcrumb\":{\"@id\":\"https:\\\/\\\/www.evropskakuca.me\\\/me\\\/matematiku-sam-voljela-oduvijek-a-u-programiranje-se-zaljubila-na-fakultetu\\\/#breadcrumb\"},\"inLanguage\":\"me-ME\",\"potentialAction\":[{\"@type\":\"ReadAction\",\"target\":[\"https:\\\/\\\/www.evropskakuca.me\\\/me\\\/matematiku-sam-voljela-oduvijek-a-u-programiranje-se-zaljubila-na-fakultetu\\\/\"]}]},{\"@type\":\"ImageObject\",\"inLanguage\":\"me-ME\",\"@id\":\"https:\\\/\\\/www.evropskakuca.me\\\/me\\\/matematiku-sam-voljela-oduvijek-a-u-programiranje-se-zaljubila-na-fakultetu\\\/#primaryimage\",\"url\":\"https:\\\/\\\/www.evropskakuca.me\\\/wp-content\\\/uploads\\\/2023\\\/03\\\/Jasna-Pejovic.jpg\",\"contentUrl\":\"https:\\\/\\\/www.evropskakuca.me\\\/wp-content\\\/uploads\\\/2023\\\/03\\\/Jasna-Pejovic.jpg\",\"width\":1500,\"height\":1000},{\"@type\":\"BreadcrumbList\",\"@id\":\"https:\\\/\\\/www.evropskakuca.me\\\/me\\\/matematiku-sam-voljela-oduvijek-a-u-programiranje-se-zaljubila-na-fakultetu\\\/#breadcrumb\",\"itemListElement\":[{\"@type\":\"ListItem\",\"position\":1,\"name\":\"Home\",\"item\":\"https:\\\/\\\/www.evropskakuca.me\\\/me\\\/\"},{\"@type\":\"ListItem\",\"position\":2,\"name\":\"Matematiku sam voljela oduvijek a u programiranje se zaljubila na fakultetu\"}]},{\"@type\":\"WebSite\",\"@id\":\"https:\\\/\\\/www.evropskakuca.me\\\/me\\\/#website\",\"url\":\"https:\\\/\\\/www.evropskakuca.me\\\/me\\\/\",\"name\":\"Evropean house\",\"description\":\"\",\"publisher\":{\"@id\":\"https:\\\/\\\/www.evropskakuca.me\\\/me\\\/#organization\"},\"potentialAction\":[{\"@type\":\"SearchAction\",\"target\":{\"@type\":\"EntryPoint\",\"urlTemplate\":\"https:\\\/\\\/www.evropskakuca.me\\\/me\\\/?s={search_term_string}\"},\"query-input\":{\"@type\":\"PropertyValueSpecification\",\"valueRequired\":true,\"valueName\":\"search_term_string\"}}],\"inLanguage\":\"me-ME\"},{\"@type\":\"Organization\",\"@id\":\"https:\\\/\\\/www.evropskakuca.me\\\/me\\\/#organization\",\"name\":\"Evropean house\",\"url\":\"https:\\\/\\\/www.evropskakuca.me\\\/me\\\/\",\"logo\":{\"@type\":\"ImageObject\",\"inLanguage\":\"me-ME\",\"@id\":\"https:\\\/\\\/www.evropskakuca.me\\\/me\\\/#\\\/schema\\\/logo\\\/image\\\/\",\"url\":\"https:\\\/\\\/www.evropskakuca.me\\\/wp-content\\\/uploads\\\/2025\\\/01\\\/evropska-kuca-logo-1.png\",\"contentUrl\":\"https:\\\/\\\/www.evropskakuca.me\\\/wp-content\\\/uploads\\\/2025\\\/01\\\/evropska-kuca-logo-1.png\",\"width\":425,\"height\":312,\"caption\":\"Evropean house\"},\"image\":{\"@id\":\"https:\\\/\\\/www.evropskakuca.me\\\/me\\\/#\\\/schema\\\/logo\\\/image\\\/\"},\"sameAs\":[\"https:\\\/\\\/www.facebook.com\\\/evropska.kuca\",\"https:\\\/\\\/x.com\\\/evropska_kuca\",\"https:\\\/\\\/www.instagram.com\\\/evropska_kuca\"]},{\"@type\":\"Person\",\"@id\":\"https:\\\/\\\/www.evropskakuca.me\\\/me\\\/#\\\/schema\\\/person\\\/a1d0dcdaefe4a1cd1d60d200ea137ba4\",\"name\":\"mkajic\",\"image\":{\"@type\":\"ImageObject\",\"inLanguage\":\"me-ME\",\"@id\":\"https:\\\/\\\/secure.gravatar.com\\\/avatar\\\/731fa035cefab7316e6bafd1f25a93fb731a07de14e2d9923f8db4422628eabc?s=96&d=mm&r=g\",\"url\":\"https:\\\/\\\/secure.gravatar.com\\\/avatar\\\/731fa035cefab7316e6bafd1f25a93fb731a07de14e2d9923f8db4422628eabc?s=96&d=mm&r=g\",\"contentUrl\":\"https:\\\/\\\/secure.gravatar.com\\\/avatar\\\/731fa035cefab7316e6bafd1f25a93fb731a07de14e2d9923f8db4422628eabc?s=96&d=mm&r=g\",\"caption\":\"mkajic\"},\"sameAs\":[\"https:\\\/\\\/evropskakuca.me\"],\"url\":\"https:\\\/\\\/www.evropskakuca.me\\\/me\\\/author\\\/mkajic\\\/\"}]}<\/script>\n<!-- \/ Yoast SEO plugin. -->","yoast_head_json":{"title":"Matematiku sam voljela oduvijek a u programiranje se zaljubila na fakultetu - Europe House","robots":{"index":"index","follow":"follow","max-snippet":"max-snippet:-1","max-image-preview":"max-image-preview:large","max-video-preview":"max-video-preview:-1"},"canonical":"https:\/\/www.evropskakuca.me\/me\/matematiku-sam-voljela-oduvijek-a-u-programiranje-se-zaljubila-na-fakultetu\/","og_locale":"en_US","og_type":"article","og_title":"Matematiku sam voljela oduvijek a u programiranje se zaljubila na fakultetu - Europe House","og_description":"Razgovor sa inovatorkom Jasnom Pejovi\u0107 Pri\u010damo o inovacijama. Uspje\u0161ni preduzetnici\/e imaju dvije mogu\u0107nosti: Da ne\u0161to rade prvi ili da ne\u0161to \u0161to ve\u0107 postoji rade mnogo bolje od drugih. Jasna Pejovic je diplomirana matemati\u010darka i programerka, uspje\u0161na preduzetnica i inovatorka. Raduje se \u017eivotu, novim iskustvima, u\u010denju i \u017eivi u skladu sa sobom. Da ima super-mo\u0107 to [&hellip;]","og_url":"https:\/\/www.evropskakuca.me\/me\/matematiku-sam-voljela-oduvijek-a-u-programiranje-se-zaljubila-na-fakultetu\/","og_site_name":"Europe House","article_publisher":"https:\/\/www.facebook.com\/evropska.kuca","article_published_time":"2023-03-13T13:25:07+00:00","og_image":[{"width":1500,"height":1000,"url":"https:\/\/www.evropskakuca.me\/wp-content\/uploads\/2023\/03\/Jasna-Pejovic.jpg","type":"image\/jpeg"}],"author":"mkajic","twitter_card":"summary_large_image","twitter_creator":"@evropska_kuca","twitter_site":"@evropska_kuca","twitter_misc":{"Written by":"mkajic","Est. reading time":"1 minute"},"schema":{"@context":"https:\/\/schema.org","@graph":[{"@type":"Article","@id":"https:\/\/www.evropskakuca.me\/me\/matematiku-sam-voljela-oduvijek-a-u-programiranje-se-zaljubila-na-fakultetu\/#article","isPartOf":{"@id":"https:\/\/www.evropskakuca.me\/me\/matematiku-sam-voljela-oduvijek-a-u-programiranje-se-zaljubila-na-fakultetu\/"},"author":{"name":"mkajic","@id":"https:\/\/www.evropskakuca.me\/me\/#\/schema\/person\/a1d0dcdaefe4a1cd1d60d200ea137ba4"},"headline":"Matematiku sam voljela oduvijek a u programiranje se zaljubila na fakultetu","datePublished":"2023-03-13T13:25:07+00:00","mainEntityOfPage":{"@id":"https:\/\/www.evropskakuca.me\/me\/matematiku-sam-voljela-oduvijek-a-u-programiranje-se-zaljubila-na-fakultetu\/"},"wordCount":176,"publisher":{"@id":"https:\/\/www.evropskakuca.me\/me\/#organization"},"image":{"@id":"https:\/\/www.evropskakuca.me\/me\/matematiku-sam-voljela-oduvijek-a-u-programiranje-se-zaljubila-na-fakultetu\/#primaryimage"},"thumbnailUrl":"https:\/\/www.evropskakuca.me\/wp-content\/uploads\/2023\/03\/Jasna-Pejovic.jpg","inLanguage":"me-ME"},{"@type":"WebPage","@id":"https:\/\/www.evropskakuca.me\/me\/matematiku-sam-voljela-oduvijek-a-u-programiranje-se-zaljubila-na-fakultetu\/","url":"https:\/\/www.evropskakuca.me\/me\/matematiku-sam-voljela-oduvijek-a-u-programiranje-se-zaljubila-na-fakultetu\/","name":"Matematiku sam voljela oduvijek a u programiranje se zaljubila na fakultetu - Europe House","isPartOf":{"@id":"https:\/\/www.evropskakuca.me\/me\/#website"},"primaryImageOfPage":{"@id":"https:\/\/www.evropskakuca.me\/me\/matematiku-sam-voljela-oduvijek-a-u-programiranje-se-zaljubila-na-fakultetu\/#primaryimage"},"image":{"@id":"https:\/\/www.evropskakuca.me\/me\/matematiku-sam-voljela-oduvijek-a-u-programiranje-se-zaljubila-na-fakultetu\/#primaryimage"},"thumbnailUrl":"https:\/\/www.evropskakuca.me\/wp-content\/uploads\/2023\/03\/Jasna-Pejovic.jpg","datePublished":"2023-03-13T13:25:07+00:00","breadcrumb":{"@id":"https:\/\/www.evropskakuca.me\/me\/matematiku-sam-voljela-oduvijek-a-u-programiranje-se-zaljubila-na-fakultetu\/#breadcrumb"},"inLanguage":"me-ME","potentialAction":[{"@type":"ReadAction","target":["https:\/\/www.evropskakuca.me\/me\/matematiku-sam-voljela-oduvijek-a-u-programiranje-se-zaljubila-na-fakultetu\/"]}]},{"@type":"ImageObject","inLanguage":"me-ME","@id":"https:\/\/www.evropskakuca.me\/me\/matematiku-sam-voljela-oduvijek-a-u-programiranje-se-zaljubila-na-fakultetu\/#primaryimage","url":"https:\/\/www.evropskakuca.me\/wp-content\/uploads\/2023\/03\/Jasna-Pejovic.jpg","contentUrl":"https:\/\/www.evropskakuca.me\/wp-content\/uploads\/2023\/03\/Jasna-Pejovic.jpg","width":1500,"height":1000},{"@type":"BreadcrumbList","@id":"https:\/\/www.evropskakuca.me\/me\/matematiku-sam-voljela-oduvijek-a-u-programiranje-se-zaljubila-na-fakultetu\/#breadcrumb","itemListElement":[{"@type":"ListItem","position":1,"name":"Home","item":"https:\/\/www.evropskakuca.me\/me\/"},{"@type":"ListItem","position":2,"name":"Matematiku sam voljela oduvijek a u programiranje se zaljubila na fakultetu"}]},{"@type":"WebSite","@id":"https:\/\/www.evropskakuca.me\/me\/#website","url":"https:\/\/www.evropskakuca.me\/me\/","name":"Evropean house","description":"","publisher":{"@id":"https:\/\/www.evropskakuca.me\/me\/#organization"},"potentialAction":[{"@type":"SearchAction","target":{"@type":"EntryPoint","urlTemplate":"https:\/\/www.evropskakuca.me\/me\/?s={search_term_string}"},"query-input":{"@type":"PropertyValueSpecification","valueRequired":true,"valueName":"search_term_string"}}],"inLanguage":"me-ME"},{"@type":"Organization","@id":"https:\/\/www.evropskakuca.me\/me\/#organization","name":"Evropean house","url":"https:\/\/www.evropskakuca.me\/me\/","logo":{"@type":"ImageObject","inLanguage":"me-ME","@id":"https:\/\/www.evropskakuca.me\/me\/#\/schema\/logo\/image\/","url":"https:\/\/www.evropskakuca.me\/wp-content\/uploads\/2025\/01\/evropska-kuca-logo-1.png","contentUrl":"https:\/\/www.evropskakuca.me\/wp-content\/uploads\/2025\/01\/evropska-kuca-logo-1.png","width":425,"height":312,"caption":"Evropean house"},"image":{"@id":"https:\/\/www.evropskakuca.me\/me\/#\/schema\/logo\/image\/"},"sameAs":["https:\/\/www.facebook.com\/evropska.kuca","https:\/\/x.com\/evropska_kuca","https:\/\/www.instagram.com\/evropska_kuca"]},{"@type":"Person","@id":"https:\/\/www.evropskakuca.me\/me\/#\/schema\/person\/a1d0dcdaefe4a1cd1d60d200ea137ba4","name":"mkajic","image":{"@type":"ImageObject","inLanguage":"me-ME","@id":"https:\/\/secure.gravatar.com\/avatar\/731fa035cefab7316e6bafd1f25a93fb731a07de14e2d9923f8db4422628eabc?s=96&d=mm&r=g","url":"https:\/\/secure.gravatar.com\/avatar\/731fa035cefab7316e6bafd1f25a93fb731a07de14e2d9923f8db4422628eabc?s=96&d=mm&r=g","contentUrl":"https:\/\/secure.gravatar.com\/avatar\/731fa035cefab7316e6bafd1f25a93fb731a07de14e2d9923f8db4422628eabc?s=96&d=mm&r=g","caption":"mkajic"},"sameAs":["https:\/\/evropskakuca.me"],"url":"https:\/\/www.evropskakuca.me\/me\/author\/mkajic\/"}]}},"_links":{"self":[{"href":"https:\/\/www.evropskakuca.me\/me\/wp-json\/wp\/v2\/posts\/24345","targetHints":{"allow":["GET"]}}],"collection":[{"href":"https:\/\/www.evropskakuca.me\/me\/wp-json\/wp\/v2\/posts"}],"about":[{"href":"https:\/\/www.evropskakuca.me\/me\/wp-json\/wp\/v2\/types\/post"}],"author":[{"embeddable":true,"href":"https:\/\/www.evropskakuca.me\/me\/wp-json\/wp\/v2\/users\/1"}],"replies":[{"embeddable":true,"href":"https:\/\/www.evropskakuca.me\/me\/wp-json\/wp\/v2\/comments?post=24345"}],"version-history":[{"count":0,"href":"https:\/\/www.evropskakuca.me\/me\/wp-json\/wp\/v2\/posts\/24345\/revisions"}],"wp:featuredmedia":[{"embeddable":true,"href":"https:\/\/www.evropskakuca.me\/me\/wp-json\/wp\/v2\/media\/38731"}],"wp:attachment":[{"href":"https:\/\/www.evropskakuca.me\/me\/wp-json\/wp\/v2\/media?parent=24345"}],"wp:term":[{"taxonomy":"category","embeddable":true,"href":"https:\/\/www.evropskakuca.me\/me\/wp-json\/wp\/v2\/categories?post=24345"},{"taxonomy":"post_tag","embeddable":true,"href":"https:\/\/www.evropskakuca.me\/me\/wp-json\/wp\/v2\/tags?post=24345"}],"curies":[{"name":"wp","href":"https:\/\/api.w.org\/{rel}","templated":true}]}}