{"id":24330,"date":"2023-03-10T16:52:25","date_gmt":"2023-03-10T16:52:25","guid":{"rendered":"https:\/\/evropskakuca.me\/?p=24330"},"modified":"2023-03-10T16:52:25","modified_gmt":"2023-03-10T16:52:25","slug":"vjerujte-u-ono-sto-radite-ali-prije-svega-vjerujte-u-sebe","status":"publish","type":"post","link":"https:\/\/www.evropskakuca.me\/me\/vjerujte-u-ono-sto-radite-ali-prije-svega-vjerujte-u-sebe\/","title":{"rendered":"Vjerujte u ono \u0161to radite, ali prije svega vjerujte u sebe"},"content":{"rendered":"<p>Razgovor sa matemati\u010darkom <strong>Nevenom Mijajlovi\u0107<\/strong><\/p>\n<p>Nevena Mijajlovi\u0107 je vanredna profesorka na PMF-u u Podgorici.<\/p>\n<p>Nevena voli da putuje, istra\u017euje, \u010dita, kao i da provodi vrijeme sa porodicom.<\/p>\n<p>Voljela bi da ima mo\u0107 da izlije\u010di bilo koje bi\u0107e na svijetu od bilo koje bolesti i to samo jednim dodirom. Jer otkloniti bol onoga ko pati je mo\u017eda i najljep\u0161i osje\u0107aj na svijetu.<\/p>\n<p>Svoje prve STEM korake napravila je jo\u0161 u osnovnoj \u0161koli.<\/p>\n<p>\u2018\u2019Tokom studija koje zavr\u0161avam sa najve\u0107om ocjenom dobijam ogromno samopouzdanje, i po\u010dinjem da sve \u010de\u0161\u0107e i sve dublje zalazim u matemati\u010dke vode. Veliki podstrek u tom pravcu bile su nagrade i priznanja koje sam dobijala tokom studiranja\u2019\u2019, prisje\u0107a se ova talentovana matemati\u010darka.<\/p>\n<p>Njena najve\u0107a podr\u0161ka je porodica.<\/p>\n<p>\u2018\u2019Posebno bih istakla ulogu moje majke tokom odrastanja i \u0161kolovanja ali i kasnije kada mi je bila od velike pomo\u0107i u uskladjivanju mojih profesionalnih i porodi\u010dnih obaveza\u2019\u2019, dodaje Nevena.<\/p>\n<p>Kada govorimo o preprekama, ona smatra da je u mladosti sama sebi bila najve\u0107a.<\/p>\n<p>\u2018\u2019Ali uporan rad i talenat su uspjeli da moju skepti\u010dnost pretvore u mo\u0107, da moju sumnju pretvore u vjeru, da moju slabost pretvore u odva\u017enost, da moj rad pretvore u uspjeh\u2019\u2019, naglasila je Nevena.<\/p>\n<p>Najvi\u0161e je ponosna na doktorsku disertaciju, koju je odbranila uz dva, tada, mala dje\u010daka Filipa i Aleksu koji su ipak njeno najve\u0107e postignu\u0107e.<\/p>\n<p>\u2018\u2019STEM oblasti konstantno pred nas postavljaju razne izazove a njihovim rje\u0161avanjem mi se razvijamo i postajemo bolji i za sebe i za na\u0161e okru\u017eenje. Razvijamo kreativnost, oslobadjamo misli do neslu\u0107enih visina stvaraju\u0107i iznova nove izume koji otvaraju nove vidike\u2019\u2019, istakla je Nevena.<\/p>\n<p>Djevoj\u010dicama koje privla\u010di matematika je poru\u010dila da vjeruju u ono \u0161to rade, ali prije svega da vjeruju u sebe.<\/p>\n<p>\u2018\u2019Budite svoje, odva\u017ene i druga\u010dije sa vjerom da je znanje i rad va\u0161a najve\u0107a mo\u0107. Klju\u010d uspjeha je te\u017enja za saznanjima, u\u010denjem, istra\u017eivanjem i pomjeranjem sopstvenih granica do dostizanja zadatih ciljeva\u2019\u2019, zaklju\u010dila je Nevena.<\/p>\n<p>Iz djetinjstva joj nedostaje bezbri\u017enost, razdraganost, dje\u010dije igre i iskreni osmjesi, iskra u oku zbog malih \u0161kolskih uspjeha i svakodnevna doza sre\u0107e zbog sitnica.<\/p>\n<p>U tome \u0161to je odrasla, najvi\u0161e voli svoju samostalnost, mo\u0107 odlu\u010divanja i sposobnost stajanja iza svojih odluka.<\/p>\n<p>Voli i to \u0161to se dugogodi\u0161nji trud i \u017eelja jedne male djevoj\u010dice u\u010dinila stvarnom i opipljivom, \u0161to se bavim poslom koji voli najvi\u0161e na svijetu, \u0161to svoje znanje prenosi na mladje generacije i \u0161to ima sinove na koje je ponosna.<\/p>\n","protected":false},"excerpt":{"rendered":"<p>Razgovor sa matemati\u010darkom Nevenom Mijajlovi\u0107 Nevena Mijajlovi\u0107 je vanredna profesorka na PMF-u u Podgorici. Nevena voli da putuje, istra\u017euje, \u010dita, kao i da provodi vrijeme sa porodicom. Voljela bi da ima mo\u0107 da izlije\u010di bilo koje bi\u0107e na svijetu od bilo koje bolesti i to samo jednim dodirom. Jer otkloniti bol onoga ko pati je [&hellip;]<\/p>\n","protected":false},"author":1,"featured_media":38817,"comment_status":"closed","ping_status":"closed","sticky":false,"template":"","format":"standard","meta":{"_acf_changed":false,"footnotes":""},"categories":[],"tags":[],"class_list":["post-24330","post","type-post","status-publish","format-standard","has-post-thumbnail","hentry"],"acf":[],"yoast_head":"<!-- This site is optimized with the Yoast SEO plugin v27.3 - https:\/\/yoast.com\/product\/yoast-seo-wordpress\/ -->\n<title>Vjerujte u ono \u0161to radite, ali prije svega vjerujte u sebe - Europe House<\/title>\n<meta name=\"robots\" content=\"index, follow, max-snippet:-1, max-image-preview:large, max-video-preview:-1\" \/>\n<link rel=\"canonical\" href=\"https:\/\/www.evropskakuca.me\/me\/vjerujte-u-ono-sto-radite-ali-prije-svega-vjerujte-u-sebe\/\" \/>\n<meta property=\"og:locale\" content=\"en_US\" \/>\n<meta property=\"og:type\" content=\"article\" \/>\n<meta property=\"og:title\" content=\"Vjerujte u ono \u0161to radite, ali prije svega vjerujte u sebe - Europe House\" \/>\n<meta property=\"og:description\" content=\"Razgovor sa matemati\u010darkom Nevenom Mijajlovi\u0107 Nevena Mijajlovi\u0107 je vanredna profesorka na PMF-u u Podgorici. Nevena voli da putuje, istra\u017euje, \u010dita, kao i da provodi vrijeme sa porodicom. Voljela bi da ima mo\u0107 da izlije\u010di bilo koje bi\u0107e na svijetu od bilo koje bolesti i to samo jednim dodirom. Jer otkloniti bol onoga ko pati je [&hellip;]\" \/>\n<meta property=\"og:url\" content=\"https:\/\/www.evropskakuca.me\/me\/vjerujte-u-ono-sto-radite-ali-prije-svega-vjerujte-u-sebe\/\" \/>\n<meta property=\"og:site_name\" content=\"Europe House\" \/>\n<meta property=\"article:publisher\" content=\"https:\/\/www.facebook.com\/evropska.kuca\" \/>\n<meta property=\"article:published_time\" content=\"2023-03-10T16:52:25+00:00\" \/>\n<meta property=\"og:image\" content=\"https:\/\/www.evropskakuca.me\/wp-content\/uploads\/2023\/03\/sajt-nevena.jpg\" \/>\n\t<meta property=\"og:image:width\" content=\"2560\" \/>\n\t<meta property=\"og:image:height\" content=\"1651\" \/>\n\t<meta property=\"og:image:type\" content=\"image\/jpeg\" \/>\n<meta name=\"author\" content=\"mkajic\" \/>\n<meta name=\"twitter:card\" content=\"summary_large_image\" \/>\n<meta name=\"twitter:creator\" content=\"@evropska_kuca\" \/>\n<meta name=\"twitter:site\" content=\"@evropska_kuca\" \/>\n<meta name=\"twitter:label1\" content=\"Written by\" \/>\n\t<meta name=\"twitter:data1\" content=\"mkajic\" \/>\n\t<meta name=\"twitter:label2\" content=\"Est. reading time\" \/>\n\t<meta name=\"twitter:data2\" content=\"2 minutes\" \/>\n<script type=\"application\/ld+json\" class=\"yoast-schema-graph\">{\"@context\":\"https:\\\/\\\/schema.org\",\"@graph\":[{\"@type\":\"Article\",\"@id\":\"https:\\\/\\\/www.evropskakuca.me\\\/me\\\/vjerujte-u-ono-sto-radite-ali-prije-svega-vjerujte-u-sebe\\\/#article\",\"isPartOf\":{\"@id\":\"https:\\\/\\\/www.evropskakuca.me\\\/me\\\/vjerujte-u-ono-sto-radite-ali-prije-svega-vjerujte-u-sebe\\\/\"},\"author\":{\"name\":\"mkajic\",\"@id\":\"https:\\\/\\\/www.evropskakuca.me\\\/me\\\/#\\\/schema\\\/person\\\/a1d0dcdaefe4a1cd1d60d200ea137ba4\"},\"headline\":\"Vjerujte u ono \u0161to radite, ali prije svega vjerujte u sebe\",\"datePublished\":\"2023-03-10T16:52:25+00:00\",\"mainEntityOfPage\":{\"@id\":\"https:\\\/\\\/www.evropskakuca.me\\\/me\\\/vjerujte-u-ono-sto-radite-ali-prije-svega-vjerujte-u-sebe\\\/\"},\"wordCount\":455,\"publisher\":{\"@id\":\"https:\\\/\\\/www.evropskakuca.me\\\/me\\\/#organization\"},\"image\":{\"@id\":\"https:\\\/\\\/www.evropskakuca.me\\\/me\\\/vjerujte-u-ono-sto-radite-ali-prije-svega-vjerujte-u-sebe\\\/#primaryimage\"},\"thumbnailUrl\":\"https:\\\/\\\/www.evropskakuca.me\\\/wp-content\\\/uploads\\\/2023\\\/03\\\/sajt-nevena.jpg\",\"inLanguage\":\"me-ME\"},{\"@type\":\"WebPage\",\"@id\":\"https:\\\/\\\/www.evropskakuca.me\\\/me\\\/vjerujte-u-ono-sto-radite-ali-prije-svega-vjerujte-u-sebe\\\/\",\"url\":\"https:\\\/\\\/www.evropskakuca.me\\\/me\\\/vjerujte-u-ono-sto-radite-ali-prije-svega-vjerujte-u-sebe\\\/\",\"name\":\"Vjerujte u ono \u0161to radite, ali prije svega vjerujte u sebe - Europe House\",\"isPartOf\":{\"@id\":\"https:\\\/\\\/www.evropskakuca.me\\\/me\\\/#website\"},\"primaryImageOfPage\":{\"@id\":\"https:\\\/\\\/www.evropskakuca.me\\\/me\\\/vjerujte-u-ono-sto-radite-ali-prije-svega-vjerujte-u-sebe\\\/#primaryimage\"},\"image\":{\"@id\":\"https:\\\/\\\/www.evropskakuca.me\\\/me\\\/vjerujte-u-ono-sto-radite-ali-prije-svega-vjerujte-u-sebe\\\/#primaryimage\"},\"thumbnailUrl\":\"https:\\\/\\\/www.evropskakuca.me\\\/wp-content\\\/uploads\\\/2023\\\/03\\\/sajt-nevena.jpg\",\"datePublished\":\"2023-03-10T16:52:25+00:00\",\"breadcrumb\":{\"@id\":\"https:\\\/\\\/www.evropskakuca.me\\\/me\\\/vjerujte-u-ono-sto-radite-ali-prije-svega-vjerujte-u-sebe\\\/#breadcrumb\"},\"inLanguage\":\"me-ME\",\"potentialAction\":[{\"@type\":\"ReadAction\",\"target\":[\"https:\\\/\\\/www.evropskakuca.me\\\/me\\\/vjerujte-u-ono-sto-radite-ali-prije-svega-vjerujte-u-sebe\\\/\"]}]},{\"@type\":\"ImageObject\",\"inLanguage\":\"me-ME\",\"@id\":\"https:\\\/\\\/www.evropskakuca.me\\\/me\\\/vjerujte-u-ono-sto-radite-ali-prije-svega-vjerujte-u-sebe\\\/#primaryimage\",\"url\":\"https:\\\/\\\/www.evropskakuca.me\\\/wp-content\\\/uploads\\\/2023\\\/03\\\/sajt-nevena.jpg\",\"contentUrl\":\"https:\\\/\\\/www.evropskakuca.me\\\/wp-content\\\/uploads\\\/2023\\\/03\\\/sajt-nevena.jpg\",\"width\":2560,\"height\":1651},{\"@type\":\"BreadcrumbList\",\"@id\":\"https:\\\/\\\/www.evropskakuca.me\\\/me\\\/vjerujte-u-ono-sto-radite-ali-prije-svega-vjerujte-u-sebe\\\/#breadcrumb\",\"itemListElement\":[{\"@type\":\"ListItem\",\"position\":1,\"name\":\"Home\",\"item\":\"https:\\\/\\\/www.evropskakuca.me\\\/me\\\/\"},{\"@type\":\"ListItem\",\"position\":2,\"name\":\"Vjerujte u ono \u0161to radite, ali prije svega vjerujte u sebe\"}]},{\"@type\":\"WebSite\",\"@id\":\"https:\\\/\\\/www.evropskakuca.me\\\/me\\\/#website\",\"url\":\"https:\\\/\\\/www.evropskakuca.me\\\/me\\\/\",\"name\":\"Evropean house\",\"description\":\"\",\"publisher\":{\"@id\":\"https:\\\/\\\/www.evropskakuca.me\\\/me\\\/#organization\"},\"potentialAction\":[{\"@type\":\"SearchAction\",\"target\":{\"@type\":\"EntryPoint\",\"urlTemplate\":\"https:\\\/\\\/www.evropskakuca.me\\\/me\\\/?s={search_term_string}\"},\"query-input\":{\"@type\":\"PropertyValueSpecification\",\"valueRequired\":true,\"valueName\":\"search_term_string\"}}],\"inLanguage\":\"me-ME\"},{\"@type\":\"Organization\",\"@id\":\"https:\\\/\\\/www.evropskakuca.me\\\/me\\\/#organization\",\"name\":\"Evropean house\",\"url\":\"https:\\\/\\\/www.evropskakuca.me\\\/me\\\/\",\"logo\":{\"@type\":\"ImageObject\",\"inLanguage\":\"me-ME\",\"@id\":\"https:\\\/\\\/www.evropskakuca.me\\\/me\\\/#\\\/schema\\\/logo\\\/image\\\/\",\"url\":\"https:\\\/\\\/www.evropskakuca.me\\\/wp-content\\\/uploads\\\/2025\\\/01\\\/evropska-kuca-logo-1.png\",\"contentUrl\":\"https:\\\/\\\/www.evropskakuca.me\\\/wp-content\\\/uploads\\\/2025\\\/01\\\/evropska-kuca-logo-1.png\",\"width\":425,\"height\":312,\"caption\":\"Evropean house\"},\"image\":{\"@id\":\"https:\\\/\\\/www.evropskakuca.me\\\/me\\\/#\\\/schema\\\/logo\\\/image\\\/\"},\"sameAs\":[\"https:\\\/\\\/www.facebook.com\\\/evropska.kuca\",\"https:\\\/\\\/x.com\\\/evropska_kuca\",\"https:\\\/\\\/www.instagram.com\\\/evropska_kuca\"]},{\"@type\":\"Person\",\"@id\":\"https:\\\/\\\/www.evropskakuca.me\\\/me\\\/#\\\/schema\\\/person\\\/a1d0dcdaefe4a1cd1d60d200ea137ba4\",\"name\":\"mkajic\",\"image\":{\"@type\":\"ImageObject\",\"inLanguage\":\"me-ME\",\"@id\":\"https:\\\/\\\/secure.gravatar.com\\\/avatar\\\/731fa035cefab7316e6bafd1f25a93fb731a07de14e2d9923f8db4422628eabc?s=96&d=mm&r=g\",\"url\":\"https:\\\/\\\/secure.gravatar.com\\\/avatar\\\/731fa035cefab7316e6bafd1f25a93fb731a07de14e2d9923f8db4422628eabc?s=96&d=mm&r=g\",\"contentUrl\":\"https:\\\/\\\/secure.gravatar.com\\\/avatar\\\/731fa035cefab7316e6bafd1f25a93fb731a07de14e2d9923f8db4422628eabc?s=96&d=mm&r=g\",\"caption\":\"mkajic\"},\"sameAs\":[\"https:\\\/\\\/evropskakuca.me\"],\"url\":\"https:\\\/\\\/www.evropskakuca.me\\\/me\\\/author\\\/mkajic\\\/\"}]}<\/script>\n<!-- \/ Yoast SEO plugin. -->","yoast_head_json":{"title":"Vjerujte u ono \u0161to radite, ali prije svega vjerujte u sebe - Europe House","robots":{"index":"index","follow":"follow","max-snippet":"max-snippet:-1","max-image-preview":"max-image-preview:large","max-video-preview":"max-video-preview:-1"},"canonical":"https:\/\/www.evropskakuca.me\/me\/vjerujte-u-ono-sto-radite-ali-prije-svega-vjerujte-u-sebe\/","og_locale":"en_US","og_type":"article","og_title":"Vjerujte u ono \u0161to radite, ali prije svega vjerujte u sebe - Europe House","og_description":"Razgovor sa matemati\u010darkom Nevenom Mijajlovi\u0107 Nevena Mijajlovi\u0107 je vanredna profesorka na PMF-u u Podgorici. Nevena voli da putuje, istra\u017euje, \u010dita, kao i da provodi vrijeme sa porodicom. Voljela bi da ima mo\u0107 da izlije\u010di bilo koje bi\u0107e na svijetu od bilo koje bolesti i to samo jednim dodirom. Jer otkloniti bol onoga ko pati je [&hellip;]","og_url":"https:\/\/www.evropskakuca.me\/me\/vjerujte-u-ono-sto-radite-ali-prije-svega-vjerujte-u-sebe\/","og_site_name":"Europe House","article_publisher":"https:\/\/www.facebook.com\/evropska.kuca","article_published_time":"2023-03-10T16:52:25+00:00","og_image":[{"width":2560,"height":1651,"url":"https:\/\/www.evropskakuca.me\/wp-content\/uploads\/2023\/03\/sajt-nevena.jpg","type":"image\/jpeg"}],"author":"mkajic","twitter_card":"summary_large_image","twitter_creator":"@evropska_kuca","twitter_site":"@evropska_kuca","twitter_misc":{"Written by":"mkajic","Est. reading time":"2 minutes"},"schema":{"@context":"https:\/\/schema.org","@graph":[{"@type":"Article","@id":"https:\/\/www.evropskakuca.me\/me\/vjerujte-u-ono-sto-radite-ali-prije-svega-vjerujte-u-sebe\/#article","isPartOf":{"@id":"https:\/\/www.evropskakuca.me\/me\/vjerujte-u-ono-sto-radite-ali-prije-svega-vjerujte-u-sebe\/"},"author":{"name":"mkajic","@id":"https:\/\/www.evropskakuca.me\/me\/#\/schema\/person\/a1d0dcdaefe4a1cd1d60d200ea137ba4"},"headline":"Vjerujte u ono \u0161to radite, ali prije svega vjerujte u sebe","datePublished":"2023-03-10T16:52:25+00:00","mainEntityOfPage":{"@id":"https:\/\/www.evropskakuca.me\/me\/vjerujte-u-ono-sto-radite-ali-prije-svega-vjerujte-u-sebe\/"},"wordCount":455,"publisher":{"@id":"https:\/\/www.evropskakuca.me\/me\/#organization"},"image":{"@id":"https:\/\/www.evropskakuca.me\/me\/vjerujte-u-ono-sto-radite-ali-prije-svega-vjerujte-u-sebe\/#primaryimage"},"thumbnailUrl":"https:\/\/www.evropskakuca.me\/wp-content\/uploads\/2023\/03\/sajt-nevena.jpg","inLanguage":"me-ME"},{"@type":"WebPage","@id":"https:\/\/www.evropskakuca.me\/me\/vjerujte-u-ono-sto-radite-ali-prije-svega-vjerujte-u-sebe\/","url":"https:\/\/www.evropskakuca.me\/me\/vjerujte-u-ono-sto-radite-ali-prije-svega-vjerujte-u-sebe\/","name":"Vjerujte u ono \u0161to radite, ali prije svega vjerujte u sebe - Europe House","isPartOf":{"@id":"https:\/\/www.evropskakuca.me\/me\/#website"},"primaryImageOfPage":{"@id":"https:\/\/www.evropskakuca.me\/me\/vjerujte-u-ono-sto-radite-ali-prije-svega-vjerujte-u-sebe\/#primaryimage"},"image":{"@id":"https:\/\/www.evropskakuca.me\/me\/vjerujte-u-ono-sto-radite-ali-prije-svega-vjerujte-u-sebe\/#primaryimage"},"thumbnailUrl":"https:\/\/www.evropskakuca.me\/wp-content\/uploads\/2023\/03\/sajt-nevena.jpg","datePublished":"2023-03-10T16:52:25+00:00","breadcrumb":{"@id":"https:\/\/www.evropskakuca.me\/me\/vjerujte-u-ono-sto-radite-ali-prije-svega-vjerujte-u-sebe\/#breadcrumb"},"inLanguage":"me-ME","potentialAction":[{"@type":"ReadAction","target":["https:\/\/www.evropskakuca.me\/me\/vjerujte-u-ono-sto-radite-ali-prije-svega-vjerujte-u-sebe\/"]}]},{"@type":"ImageObject","inLanguage":"me-ME","@id":"https:\/\/www.evropskakuca.me\/me\/vjerujte-u-ono-sto-radite-ali-prije-svega-vjerujte-u-sebe\/#primaryimage","url":"https:\/\/www.evropskakuca.me\/wp-content\/uploads\/2023\/03\/sajt-nevena.jpg","contentUrl":"https:\/\/www.evropskakuca.me\/wp-content\/uploads\/2023\/03\/sajt-nevena.jpg","width":2560,"height":1651},{"@type":"BreadcrumbList","@id":"https:\/\/www.evropskakuca.me\/me\/vjerujte-u-ono-sto-radite-ali-prije-svega-vjerujte-u-sebe\/#breadcrumb","itemListElement":[{"@type":"ListItem","position":1,"name":"Home","item":"https:\/\/www.evropskakuca.me\/me\/"},{"@type":"ListItem","position":2,"name":"Vjerujte u ono \u0161to radite, ali prije svega vjerujte u sebe"}]},{"@type":"WebSite","@id":"https:\/\/www.evropskakuca.me\/me\/#website","url":"https:\/\/www.evropskakuca.me\/me\/","name":"Evropean house","description":"","publisher":{"@id":"https:\/\/www.evropskakuca.me\/me\/#organization"},"potentialAction":[{"@type":"SearchAction","target":{"@type":"EntryPoint","urlTemplate":"https:\/\/www.evropskakuca.me\/me\/?s={search_term_string}"},"query-input":{"@type":"PropertyValueSpecification","valueRequired":true,"valueName":"search_term_string"}}],"inLanguage":"me-ME"},{"@type":"Organization","@id":"https:\/\/www.evropskakuca.me\/me\/#organization","name":"Evropean house","url":"https:\/\/www.evropskakuca.me\/me\/","logo":{"@type":"ImageObject","inLanguage":"me-ME","@id":"https:\/\/www.evropskakuca.me\/me\/#\/schema\/logo\/image\/","url":"https:\/\/www.evropskakuca.me\/wp-content\/uploads\/2025\/01\/evropska-kuca-logo-1.png","contentUrl":"https:\/\/www.evropskakuca.me\/wp-content\/uploads\/2025\/01\/evropska-kuca-logo-1.png","width":425,"height":312,"caption":"Evropean house"},"image":{"@id":"https:\/\/www.evropskakuca.me\/me\/#\/schema\/logo\/image\/"},"sameAs":["https:\/\/www.facebook.com\/evropska.kuca","https:\/\/x.com\/evropska_kuca","https:\/\/www.instagram.com\/evropska_kuca"]},{"@type":"Person","@id":"https:\/\/www.evropskakuca.me\/me\/#\/schema\/person\/a1d0dcdaefe4a1cd1d60d200ea137ba4","name":"mkajic","image":{"@type":"ImageObject","inLanguage":"me-ME","@id":"https:\/\/secure.gravatar.com\/avatar\/731fa035cefab7316e6bafd1f25a93fb731a07de14e2d9923f8db4422628eabc?s=96&d=mm&r=g","url":"https:\/\/secure.gravatar.com\/avatar\/731fa035cefab7316e6bafd1f25a93fb731a07de14e2d9923f8db4422628eabc?s=96&d=mm&r=g","contentUrl":"https:\/\/secure.gravatar.com\/avatar\/731fa035cefab7316e6bafd1f25a93fb731a07de14e2d9923f8db4422628eabc?s=96&d=mm&r=g","caption":"mkajic"},"sameAs":["https:\/\/evropskakuca.me"],"url":"https:\/\/www.evropskakuca.me\/me\/author\/mkajic\/"}]}},"_links":{"self":[{"href":"https:\/\/www.evropskakuca.me\/me\/wp-json\/wp\/v2\/posts\/24330","targetHints":{"allow":["GET"]}}],"collection":[{"href":"https:\/\/www.evropskakuca.me\/me\/wp-json\/wp\/v2\/posts"}],"about":[{"href":"https:\/\/www.evropskakuca.me\/me\/wp-json\/wp\/v2\/types\/post"}],"author":[{"embeddable":true,"href":"https:\/\/www.evropskakuca.me\/me\/wp-json\/wp\/v2\/users\/1"}],"replies":[{"embeddable":true,"href":"https:\/\/www.evropskakuca.me\/me\/wp-json\/wp\/v2\/comments?post=24330"}],"version-history":[{"count":0,"href":"https:\/\/www.evropskakuca.me\/me\/wp-json\/wp\/v2\/posts\/24330\/revisions"}],"wp:featuredmedia":[{"embeddable":true,"href":"https:\/\/www.evropskakuca.me\/me\/wp-json\/wp\/v2\/media\/38817"}],"wp:attachment":[{"href":"https:\/\/www.evropskakuca.me\/me\/wp-json\/wp\/v2\/media?parent=24330"}],"wp:term":[{"taxonomy":"category","embeddable":true,"href":"https:\/\/www.evropskakuca.me\/me\/wp-json\/wp\/v2\/categories?post=24330"},{"taxonomy":"post_tag","embeddable":true,"href":"https:\/\/www.evropskakuca.me\/me\/wp-json\/wp\/v2\/tags?post=24330"}],"curies":[{"name":"wp","href":"https:\/\/api.w.org\/{rel}","templated":true}]}}