{"id":24277,"date":"2023-03-08T15:44:42","date_gmt":"2023-03-08T15:44:42","guid":{"rendered":"https:\/\/evropskakuca.me\/?p=24277"},"modified":"2023-03-08T15:44:42","modified_gmt":"2023-03-08T15:44:42","slug":"osmi-mart-u-znaku-zena-u-stem-oblastima","status":"publish","type":"post","link":"https:\/\/www.evropskakuca.me\/me\/osmi-mart-u-znaku-zena-u-stem-oblastima\/","title":{"rendered":"Osmi mart u znaku \u017eena u STEM oblastima"},"content":{"rendered":"<p>Odr\u017ean STEM cafe u Evropskoj ku\u0107i<\/p>\n<p>Nauka (S), tehnologija(T), in\u017eenjerstvo(E) i matematika(M) je za djevojke, poru\u010deno je sa nesvakida\u0161njeg \u00a0doga\u0111aja- STEM cafe, koji su organizovale Evropska ku\u0107a i Delegacija EU u Crnoj Gori povodom Osmog marta.<\/p>\n<p>Prema globalnim statistikama, vrlo mali broj djevojaka se odlu\u010duje za studiranje u STEM oblastima. Zato su \u017eene veoma malo zastupljene u profesijama vezanim za tehnologiju \u0161irom svijeta. Te tako samo 33% istra\u017eiva\u010da \u0161irom svijeta \u010dine \u017eene. Dok svega 12% \u010dlanova nacionalnih akademija nauka \u010dine \u017eene.<\/p>\n<p>Smatra se da su glavni razlozi da ovoliko mali broj djevojaka bira STEM studije ustaljeni stereotipi koji djevojke udaljavaju od ovih oblasti.<\/p>\n<p><img fetchpriority=\"high\" decoding=\"async\" class=\"alignnone size-large wp-image-24396\" src=\"https:\/\/evropskakuca.me\/wp-content\/uploads\/2023\/03\/sajt-nevena-1024x660.jpg\" alt=\"\" width=\"1024\" height=\"660\" \/><\/p>\n<p>Nevena Mijajlovi\u0107, jedna od najmla\u0111ih docenata matematike u Crnoj Gori prkosi statistici. Svoje prve STEM korake napravila je jo\u0161 u osnovnoj \u0161koli.<\/p>\n<p>Ova talentovana matemati\u010darka je uz kafu razgovarala sa djevojkama i \u00a0mladi\u0107ima u Evropskoj ku\u0107i.<\/p>\n<p>&#8221; STEM oblasti konstantno pred nas postavljaju razne izazove a njihovim rje\u0161avanjem mi se razvijamo i postajemo bolji i za sebe i za na\u0161e okru\u017eenje. Razvijamo kreativnost, oslobadjamo misli do neslu\u0107enih visina stvaraju\u0107i iznova nove izume koji otvaraju nove vidike&#8221;, poru\u010dila je Nevena.<\/p>\n<p><img decoding=\"async\" class=\"alignnone size-large wp-image-24290\" src=\"https:\/\/evropskakuca.me\/wp-content\/uploads\/2023\/03\/EU_kuca-43-of-80-1024x683.jpg\" alt=\"\" width=\"1024\" height=\"683\" \/><\/p>\n<p>Jedna od u\u010desnica, Natalija Mi\u0107i\u0107 kazala je da je ovo sjajan na\u010din da se obilje\u017ei Osmi mart.<\/p>\n<p>&#8221;Jako sam zahvalna Evropskoj ku\u0107i \u0161to je organizovala STEM cafe. Ohrabruju\u0107e je, ne samo nama kao mladim \u017eenama, nego i kao mladim u\u010denicima. Bilo je mnogo zanimljivo popri\u010dati sa svakom od njih. Puno smo toga nau\u010dili \u0161to ne bismo mo\u017eda nau\u010dili u \u0161koli&#8221;, kazala je Natalija.<\/p>\n<p>Panelistkinja Danka Cakovi\u0107 je profesorica na studijskom programu-Biologija na PMF-u u Podgorici. Bavi se izu\u010davanjem biljaka. Ona se odli\u010dno sje\u0107a svog prvog istra\u017eiva\u010dkog poduhvata. Ostao je zabilje\u017een u predgovoru Biologije za VI razred, \u010dija je autorka upravo Danka.<\/p>\n<p><img decoding=\"async\" class=\"alignnone size-large wp-image-24282\" src=\"https:\/\/evropskakuca.me\/wp-content\/uploads\/2023\/03\/Danka-Cakovic-1024x683.jpg\" alt=\"\" width=\"1024\" height=\"683\" \/><\/p>\n<p>&#8221;Moja ku\u0107ica ispod drveta, vje\u0161to sakrivena na obodu djedovog pa\u0161njaka, poslije jakog ljetnjeg pljuska dobila je novog stanara. Kretao se veoma sporo, bio je sive boje, pa je dobio ime Sivko. Iza sebe je ostavljao mokri trag i li\u010dio\u00a0 je na mog starog poznanika pu\u017ea Prugicu, koji je dva dana bio zarobljen u tegli s izbu\u0161enim poklopcem. Ali, nije pu\u017e, nema ku\u0107icu? I, \u0161ta se uop\u0161te nalazi u Prugi\u010dinoj ku\u0107ici? Tog dana sam odlu\u010dila da postanem biolog i odgovorim na ova i mnoga druga pitanja&#8221;, prisje\u0107a se Danka.<\/p>\n<p>Na\u0161 STEM cafe otvorila je \u0161efica Delegacije EU u Crnoj Gori, ambasadorka Oana Kristina Popa.<\/p>\n<p>Ona je djevojkama poru\u010dila da budu aktivne i glasne, da ostvarujete svoje snove, \u010dak i ako im drugi ka\u017eu da tako ne treba. Dok je mu\u0161karce podsjetila da &#8221; ovo nije samo \u017eenska borba, to je borba svih nas za pravednije dru\u0161tvo&#8221;.<\/p>\n<p><img loading=\"lazy\" decoding=\"async\" class=\"alignnone size-large wp-image-24284\" src=\"https:\/\/evropskakuca.me\/wp-content\/uploads\/2023\/03\/EU-ambasadorka-Oana-Kristina-Popa-1024x683.jpg\" alt=\"\" width=\"1024\" height=\"683\" \/><\/p>\n<p>&#8221;Vi ne mo\u017eete bez nas, niti mi bez vas. Ra\u010dunamo na va\u0161u podr\u0161ku&#8221;, zaklju\u010dila je ambasadorka Popa.<\/p>\n<p>Na STEM kafu smo pozvali i Ninu Drakuli\u0107, in\u017eenjerku telekomunikacija i CTO. Nina je dio tima koji je pokrenuo projekat lansiranja prvog crnogorskog satelita &#8220;Lu\u010da&#8221;. Ova inspirativna mlada djevojka je poru\u010dila&#8221;da se ne obeshrabljuju&#8221;.<\/p>\n<p><img loading=\"lazy\" decoding=\"async\" class=\"alignnone size-large wp-image-24286\" src=\"https:\/\/evropskakuca.me\/wp-content\/uploads\/2023\/03\/Nina-Drakulic-1024x683.jpg\" alt=\"\" width=\"1024\" height=\"683\" \/><\/p>\n<p>&#8221;Ako vam u trenutku djeluje nemogu\u0107e, mogu\u0107e je&#8221;, zaklju\u010dila je Nina.<\/p>\n<p>Sa mladima je razgovarala i matemati\u010darka i programerka, Jasna Pejovi\u0107. Suosniva\u010dica je startapa Flourish, koji je za kratko vrijeme dobio podr\u0161ku akceleratora Evropske unije \u201eEU4Tech\u201c i UNDP akceleratora \u201eBOOST\u201c.<\/p>\n<p>Jasna je djevokama poru\u010dila da ne postoje prepreke za njih.<\/p>\n<p><img loading=\"lazy\" decoding=\"async\" class=\"alignnone size-large wp-image-24288\" src=\"https:\/\/evropskakuca.me\/wp-content\/uploads\/2023\/03\/Jasna-Pejovic-1024x683.jpg\" alt=\"\" width=\"1024\" height=\"683\" \/><\/p>\n<p>&#8221;Mo\u017eete ostvariti sve \u0161to \u017eelite ako posve\u0107eno i fokusirano radite na tome&#8221;, istakla je ova uspje\u0161na inovatorka.<\/p>\n<p>STEM cafe su organizovale Delegacija Evropske unije u Crnoj Gori i Evropska ku\u0107a kako bi Osmog marta proslavili \u017eene u nauci, koje pomjeraju granice u oblastima u kojima tradicionalno dominiraju mu\u0161karci, i koje nas inspiri\u0161u.<\/p>\n","protected":false},"excerpt":{"rendered":"<p>Odr\u017ean STEM cafe u Evropskoj ku\u0107i Nauka (S), tehnologija(T), in\u017eenjerstvo(E) i matematika(M) je za djevojke, poru\u010deno je sa nesvakida\u0161njeg \u00a0doga\u0111aja- STEM cafe, koji su organizovale Evropska ku\u0107a i Delegacija EU u Crnoj Gori povodom Osmog marta. Prema globalnim statistikama, vrlo mali broj djevojaka se odlu\u010duje za studiranje u STEM oblastima. Zato su \u017eene veoma malo [&hellip;]<\/p>\n","protected":false},"author":1,"featured_media":0,"comment_status":"closed","ping_status":"closed","sticky":false,"template":"","format":"standard","meta":{"_acf_changed":false,"footnotes":""},"categories":[],"tags":[],"class_list":["post-24277","post","type-post","status-publish","format-standard","hentry"],"acf":[],"yoast_head":"<!-- This site is optimized with the Yoast SEO plugin v27.3 - https:\/\/yoast.com\/product\/yoast-seo-wordpress\/ -->\n<title>Osmi mart u znaku \u017eena u STEM oblastima - Europe House<\/title>\n<meta name=\"robots\" content=\"index, follow, max-snippet:-1, max-image-preview:large, max-video-preview:-1\" \/>\n<link rel=\"canonical\" href=\"https:\/\/www.evropskakuca.me\/me\/osmi-mart-u-znaku-zena-u-stem-oblastima\/\" \/>\n<meta property=\"og:locale\" content=\"en_US\" \/>\n<meta property=\"og:type\" content=\"article\" \/>\n<meta property=\"og:title\" content=\"Osmi mart u znaku \u017eena u STEM oblastima - Europe House\" \/>\n<meta property=\"og:description\" content=\"Odr\u017ean STEM cafe u Evropskoj ku\u0107i Nauka (S), tehnologija(T), in\u017eenjerstvo(E) i matematika(M) je za djevojke, poru\u010deno je sa nesvakida\u0161njeg \u00a0doga\u0111aja- STEM cafe, koji su organizovale Evropska ku\u0107a i Delegacija EU u Crnoj Gori povodom Osmog marta. Prema globalnim statistikama, vrlo mali broj djevojaka se odlu\u010duje za studiranje u STEM oblastima. Zato su \u017eene veoma malo [&hellip;]\" \/>\n<meta property=\"og:url\" content=\"https:\/\/www.evropskakuca.me\/me\/osmi-mart-u-znaku-zena-u-stem-oblastima\/\" \/>\n<meta property=\"og:site_name\" content=\"Europe House\" \/>\n<meta property=\"article:publisher\" content=\"https:\/\/www.facebook.com\/evropska.kuca\" \/>\n<meta property=\"article:published_time\" content=\"2023-03-08T15:44:42+00:00\" \/>\n<meta property=\"og:image\" content=\"https:\/\/evropskakuca.me\/wp-content\/uploads\/2023\/03\/sajt-nevena-1024x660.jpg\" \/>\n<meta name=\"author\" content=\"mkajic\" \/>\n<meta name=\"twitter:card\" content=\"summary_large_image\" \/>\n<meta name=\"twitter:creator\" content=\"@evropska_kuca\" \/>\n<meta name=\"twitter:site\" content=\"@evropska_kuca\" \/>\n<meta name=\"twitter:label1\" content=\"Written by\" \/>\n\t<meta name=\"twitter:data1\" content=\"mkajic\" \/>\n\t<meta name=\"twitter:label2\" content=\"Est. reading time\" \/>\n\t<meta name=\"twitter:data2\" content=\"4 minutes\" \/>\n<script type=\"application\/ld+json\" class=\"yoast-schema-graph\">{\"@context\":\"https:\\\/\\\/schema.org\",\"@graph\":[{\"@type\":\"Article\",\"@id\":\"https:\\\/\\\/www.evropskakuca.me\\\/me\\\/osmi-mart-u-znaku-zena-u-stem-oblastima\\\/#article\",\"isPartOf\":{\"@id\":\"https:\\\/\\\/www.evropskakuca.me\\\/me\\\/osmi-mart-u-znaku-zena-u-stem-oblastima\\\/\"},\"author\":{\"name\":\"mkajic\",\"@id\":\"https:\\\/\\\/www.evropskakuca.me\\\/me\\\/#\\\/schema\\\/person\\\/a1d0dcdaefe4a1cd1d60d200ea137ba4\"},\"headline\":\"Osmi mart u znaku \u017eena u STEM oblastima\",\"datePublished\":\"2023-03-08T15:44:42+00:00\",\"mainEntityOfPage\":{\"@id\":\"https:\\\/\\\/www.evropskakuca.me\\\/me\\\/osmi-mart-u-znaku-zena-u-stem-oblastima\\\/\"},\"wordCount\":664,\"publisher\":{\"@id\":\"https:\\\/\\\/www.evropskakuca.me\\\/me\\\/#organization\"},\"image\":{\"@id\":\"https:\\\/\\\/www.evropskakuca.me\\\/me\\\/osmi-mart-u-znaku-zena-u-stem-oblastima\\\/#primaryimage\"},\"thumbnailUrl\":\"https:\\\/\\\/evropskakuca.me\\\/wp-content\\\/uploads\\\/2023\\\/03\\\/sajt-nevena-1024x660.jpg\",\"inLanguage\":\"me-ME\"},{\"@type\":\"WebPage\",\"@id\":\"https:\\\/\\\/www.evropskakuca.me\\\/me\\\/osmi-mart-u-znaku-zena-u-stem-oblastima\\\/\",\"url\":\"https:\\\/\\\/www.evropskakuca.me\\\/me\\\/osmi-mart-u-znaku-zena-u-stem-oblastima\\\/\",\"name\":\"Osmi mart u znaku \u017eena u STEM oblastima - Europe House\",\"isPartOf\":{\"@id\":\"https:\\\/\\\/www.evropskakuca.me\\\/me\\\/#website\"},\"primaryImageOfPage\":{\"@id\":\"https:\\\/\\\/www.evropskakuca.me\\\/me\\\/osmi-mart-u-znaku-zena-u-stem-oblastima\\\/#primaryimage\"},\"image\":{\"@id\":\"https:\\\/\\\/www.evropskakuca.me\\\/me\\\/osmi-mart-u-znaku-zena-u-stem-oblastima\\\/#primaryimage\"},\"thumbnailUrl\":\"https:\\\/\\\/evropskakuca.me\\\/wp-content\\\/uploads\\\/2023\\\/03\\\/sajt-nevena-1024x660.jpg\",\"datePublished\":\"2023-03-08T15:44:42+00:00\",\"breadcrumb\":{\"@id\":\"https:\\\/\\\/www.evropskakuca.me\\\/me\\\/osmi-mart-u-znaku-zena-u-stem-oblastima\\\/#breadcrumb\"},\"inLanguage\":\"me-ME\",\"potentialAction\":[{\"@type\":\"ReadAction\",\"target\":[\"https:\\\/\\\/www.evropskakuca.me\\\/me\\\/osmi-mart-u-znaku-zena-u-stem-oblastima\\\/\"]}]},{\"@type\":\"ImageObject\",\"inLanguage\":\"me-ME\",\"@id\":\"https:\\\/\\\/www.evropskakuca.me\\\/me\\\/osmi-mart-u-znaku-zena-u-stem-oblastima\\\/#primaryimage\",\"url\":\"https:\\\/\\\/evropskakuca.me\\\/wp-content\\\/uploads\\\/2023\\\/03\\\/sajt-nevena-1024x660.jpg\",\"contentUrl\":\"https:\\\/\\\/evropskakuca.me\\\/wp-content\\\/uploads\\\/2023\\\/03\\\/sajt-nevena-1024x660.jpg\"},{\"@type\":\"BreadcrumbList\",\"@id\":\"https:\\\/\\\/www.evropskakuca.me\\\/me\\\/osmi-mart-u-znaku-zena-u-stem-oblastima\\\/#breadcrumb\",\"itemListElement\":[{\"@type\":\"ListItem\",\"position\":1,\"name\":\"Home\",\"item\":\"https:\\\/\\\/www.evropskakuca.me\\\/me\\\/\"},{\"@type\":\"ListItem\",\"position\":2,\"name\":\"Osmi mart u znaku \u017eena u STEM oblastima\"}]},{\"@type\":\"WebSite\",\"@id\":\"https:\\\/\\\/www.evropskakuca.me\\\/me\\\/#website\",\"url\":\"https:\\\/\\\/www.evropskakuca.me\\\/me\\\/\",\"name\":\"Evropean house\",\"description\":\"\",\"publisher\":{\"@id\":\"https:\\\/\\\/www.evropskakuca.me\\\/me\\\/#organization\"},\"potentialAction\":[{\"@type\":\"SearchAction\",\"target\":{\"@type\":\"EntryPoint\",\"urlTemplate\":\"https:\\\/\\\/www.evropskakuca.me\\\/me\\\/?s={search_term_string}\"},\"query-input\":{\"@type\":\"PropertyValueSpecification\",\"valueRequired\":true,\"valueName\":\"search_term_string\"}}],\"inLanguage\":\"me-ME\"},{\"@type\":\"Organization\",\"@id\":\"https:\\\/\\\/www.evropskakuca.me\\\/me\\\/#organization\",\"name\":\"Evropean house\",\"url\":\"https:\\\/\\\/www.evropskakuca.me\\\/me\\\/\",\"logo\":{\"@type\":\"ImageObject\",\"inLanguage\":\"me-ME\",\"@id\":\"https:\\\/\\\/www.evropskakuca.me\\\/me\\\/#\\\/schema\\\/logo\\\/image\\\/\",\"url\":\"https:\\\/\\\/www.evropskakuca.me\\\/wp-content\\\/uploads\\\/2025\\\/01\\\/evropska-kuca-logo-1.png\",\"contentUrl\":\"https:\\\/\\\/www.evropskakuca.me\\\/wp-content\\\/uploads\\\/2025\\\/01\\\/evropska-kuca-logo-1.png\",\"width\":425,\"height\":312,\"caption\":\"Evropean house\"},\"image\":{\"@id\":\"https:\\\/\\\/www.evropskakuca.me\\\/me\\\/#\\\/schema\\\/logo\\\/image\\\/\"},\"sameAs\":[\"https:\\\/\\\/www.facebook.com\\\/evropska.kuca\",\"https:\\\/\\\/x.com\\\/evropska_kuca\",\"https:\\\/\\\/www.instagram.com\\\/evropska_kuca\"]},{\"@type\":\"Person\",\"@id\":\"https:\\\/\\\/www.evropskakuca.me\\\/me\\\/#\\\/schema\\\/person\\\/a1d0dcdaefe4a1cd1d60d200ea137ba4\",\"name\":\"mkajic\",\"image\":{\"@type\":\"ImageObject\",\"inLanguage\":\"me-ME\",\"@id\":\"https:\\\/\\\/secure.gravatar.com\\\/avatar\\\/731fa035cefab7316e6bafd1f25a93fb731a07de14e2d9923f8db4422628eabc?s=96&d=mm&r=g\",\"url\":\"https:\\\/\\\/secure.gravatar.com\\\/avatar\\\/731fa035cefab7316e6bafd1f25a93fb731a07de14e2d9923f8db4422628eabc?s=96&d=mm&r=g\",\"contentUrl\":\"https:\\\/\\\/secure.gravatar.com\\\/avatar\\\/731fa035cefab7316e6bafd1f25a93fb731a07de14e2d9923f8db4422628eabc?s=96&d=mm&r=g\",\"caption\":\"mkajic\"},\"sameAs\":[\"https:\\\/\\\/evropskakuca.me\"],\"url\":\"https:\\\/\\\/www.evropskakuca.me\\\/me\\\/author\\\/mkajic\\\/\"}]}<\/script>\n<!-- \/ Yoast SEO plugin. -->","yoast_head_json":{"title":"Osmi mart u znaku \u017eena u STEM oblastima - Europe House","robots":{"index":"index","follow":"follow","max-snippet":"max-snippet:-1","max-image-preview":"max-image-preview:large","max-video-preview":"max-video-preview:-1"},"canonical":"https:\/\/www.evropskakuca.me\/me\/osmi-mart-u-znaku-zena-u-stem-oblastima\/","og_locale":"en_US","og_type":"article","og_title":"Osmi mart u znaku \u017eena u STEM oblastima - Europe House","og_description":"Odr\u017ean STEM cafe u Evropskoj ku\u0107i Nauka (S), tehnologija(T), in\u017eenjerstvo(E) i matematika(M) je za djevojke, poru\u010deno je sa nesvakida\u0161njeg \u00a0doga\u0111aja- STEM cafe, koji su organizovale Evropska ku\u0107a i Delegacija EU u Crnoj Gori povodom Osmog marta. Prema globalnim statistikama, vrlo mali broj djevojaka se odlu\u010duje za studiranje u STEM oblastima. Zato su \u017eene veoma malo [&hellip;]","og_url":"https:\/\/www.evropskakuca.me\/me\/osmi-mart-u-znaku-zena-u-stem-oblastima\/","og_site_name":"Europe House","article_publisher":"https:\/\/www.facebook.com\/evropska.kuca","article_published_time":"2023-03-08T15:44:42+00:00","og_image":[{"url":"https:\/\/evropskakuca.me\/wp-content\/uploads\/2023\/03\/sajt-nevena-1024x660.jpg","type":"","width":"","height":""}],"author":"mkajic","twitter_card":"summary_large_image","twitter_creator":"@evropska_kuca","twitter_site":"@evropska_kuca","twitter_misc":{"Written by":"mkajic","Est. reading time":"4 minutes"},"schema":{"@context":"https:\/\/schema.org","@graph":[{"@type":"Article","@id":"https:\/\/www.evropskakuca.me\/me\/osmi-mart-u-znaku-zena-u-stem-oblastima\/#article","isPartOf":{"@id":"https:\/\/www.evropskakuca.me\/me\/osmi-mart-u-znaku-zena-u-stem-oblastima\/"},"author":{"name":"mkajic","@id":"https:\/\/www.evropskakuca.me\/me\/#\/schema\/person\/a1d0dcdaefe4a1cd1d60d200ea137ba4"},"headline":"Osmi mart u znaku \u017eena u STEM oblastima","datePublished":"2023-03-08T15:44:42+00:00","mainEntityOfPage":{"@id":"https:\/\/www.evropskakuca.me\/me\/osmi-mart-u-znaku-zena-u-stem-oblastima\/"},"wordCount":664,"publisher":{"@id":"https:\/\/www.evropskakuca.me\/me\/#organization"},"image":{"@id":"https:\/\/www.evropskakuca.me\/me\/osmi-mart-u-znaku-zena-u-stem-oblastima\/#primaryimage"},"thumbnailUrl":"https:\/\/evropskakuca.me\/wp-content\/uploads\/2023\/03\/sajt-nevena-1024x660.jpg","inLanguage":"me-ME"},{"@type":"WebPage","@id":"https:\/\/www.evropskakuca.me\/me\/osmi-mart-u-znaku-zena-u-stem-oblastima\/","url":"https:\/\/www.evropskakuca.me\/me\/osmi-mart-u-znaku-zena-u-stem-oblastima\/","name":"Osmi mart u znaku \u017eena u STEM oblastima - Europe House","isPartOf":{"@id":"https:\/\/www.evropskakuca.me\/me\/#website"},"primaryImageOfPage":{"@id":"https:\/\/www.evropskakuca.me\/me\/osmi-mart-u-znaku-zena-u-stem-oblastima\/#primaryimage"},"image":{"@id":"https:\/\/www.evropskakuca.me\/me\/osmi-mart-u-znaku-zena-u-stem-oblastima\/#primaryimage"},"thumbnailUrl":"https:\/\/evropskakuca.me\/wp-content\/uploads\/2023\/03\/sajt-nevena-1024x660.jpg","datePublished":"2023-03-08T15:44:42+00:00","breadcrumb":{"@id":"https:\/\/www.evropskakuca.me\/me\/osmi-mart-u-znaku-zena-u-stem-oblastima\/#breadcrumb"},"inLanguage":"me-ME","potentialAction":[{"@type":"ReadAction","target":["https:\/\/www.evropskakuca.me\/me\/osmi-mart-u-znaku-zena-u-stem-oblastima\/"]}]},{"@type":"ImageObject","inLanguage":"me-ME","@id":"https:\/\/www.evropskakuca.me\/me\/osmi-mart-u-znaku-zena-u-stem-oblastima\/#primaryimage","url":"https:\/\/evropskakuca.me\/wp-content\/uploads\/2023\/03\/sajt-nevena-1024x660.jpg","contentUrl":"https:\/\/evropskakuca.me\/wp-content\/uploads\/2023\/03\/sajt-nevena-1024x660.jpg"},{"@type":"BreadcrumbList","@id":"https:\/\/www.evropskakuca.me\/me\/osmi-mart-u-znaku-zena-u-stem-oblastima\/#breadcrumb","itemListElement":[{"@type":"ListItem","position":1,"name":"Home","item":"https:\/\/www.evropskakuca.me\/me\/"},{"@type":"ListItem","position":2,"name":"Osmi mart u znaku \u017eena u STEM oblastima"}]},{"@type":"WebSite","@id":"https:\/\/www.evropskakuca.me\/me\/#website","url":"https:\/\/www.evropskakuca.me\/me\/","name":"Evropean house","description":"","publisher":{"@id":"https:\/\/www.evropskakuca.me\/me\/#organization"},"potentialAction":[{"@type":"SearchAction","target":{"@type":"EntryPoint","urlTemplate":"https:\/\/www.evropskakuca.me\/me\/?s={search_term_string}"},"query-input":{"@type":"PropertyValueSpecification","valueRequired":true,"valueName":"search_term_string"}}],"inLanguage":"me-ME"},{"@type":"Organization","@id":"https:\/\/www.evropskakuca.me\/me\/#organization","name":"Evropean house","url":"https:\/\/www.evropskakuca.me\/me\/","logo":{"@type":"ImageObject","inLanguage":"me-ME","@id":"https:\/\/www.evropskakuca.me\/me\/#\/schema\/logo\/image\/","url":"https:\/\/www.evropskakuca.me\/wp-content\/uploads\/2025\/01\/evropska-kuca-logo-1.png","contentUrl":"https:\/\/www.evropskakuca.me\/wp-content\/uploads\/2025\/01\/evropska-kuca-logo-1.png","width":425,"height":312,"caption":"Evropean house"},"image":{"@id":"https:\/\/www.evropskakuca.me\/me\/#\/schema\/logo\/image\/"},"sameAs":["https:\/\/www.facebook.com\/evropska.kuca","https:\/\/x.com\/evropska_kuca","https:\/\/www.instagram.com\/evropska_kuca"]},{"@type":"Person","@id":"https:\/\/www.evropskakuca.me\/me\/#\/schema\/person\/a1d0dcdaefe4a1cd1d60d200ea137ba4","name":"mkajic","image":{"@type":"ImageObject","inLanguage":"me-ME","@id":"https:\/\/secure.gravatar.com\/avatar\/731fa035cefab7316e6bafd1f25a93fb731a07de14e2d9923f8db4422628eabc?s=96&d=mm&r=g","url":"https:\/\/secure.gravatar.com\/avatar\/731fa035cefab7316e6bafd1f25a93fb731a07de14e2d9923f8db4422628eabc?s=96&d=mm&r=g","contentUrl":"https:\/\/secure.gravatar.com\/avatar\/731fa035cefab7316e6bafd1f25a93fb731a07de14e2d9923f8db4422628eabc?s=96&d=mm&r=g","caption":"mkajic"},"sameAs":["https:\/\/evropskakuca.me"],"url":"https:\/\/www.evropskakuca.me\/me\/author\/mkajic\/"}]}},"_links":{"self":[{"href":"https:\/\/www.evropskakuca.me\/me\/wp-json\/wp\/v2\/posts\/24277","targetHints":{"allow":["GET"]}}],"collection":[{"href":"https:\/\/www.evropskakuca.me\/me\/wp-json\/wp\/v2\/posts"}],"about":[{"href":"https:\/\/www.evropskakuca.me\/me\/wp-json\/wp\/v2\/types\/post"}],"author":[{"embeddable":true,"href":"https:\/\/www.evropskakuca.me\/me\/wp-json\/wp\/v2\/users\/1"}],"replies":[{"embeddable":true,"href":"https:\/\/www.evropskakuca.me\/me\/wp-json\/wp\/v2\/comments?post=24277"}],"version-history":[{"count":0,"href":"https:\/\/www.evropskakuca.me\/me\/wp-json\/wp\/v2\/posts\/24277\/revisions"}],"wp:attachment":[{"href":"https:\/\/www.evropskakuca.me\/me\/wp-json\/wp\/v2\/media?parent=24277"}],"wp:term":[{"taxonomy":"category","embeddable":true,"href":"https:\/\/www.evropskakuca.me\/me\/wp-json\/wp\/v2\/categories?post=24277"},{"taxonomy":"post_tag","embeddable":true,"href":"https:\/\/www.evropskakuca.me\/me\/wp-json\/wp\/v2\/tags?post=24277"}],"curies":[{"name":"wp","href":"https:\/\/api.w.org\/{rel}","templated":true}]}}