{"id":2421,"date":"2016-11-15T15:14:55","date_gmt":"2016-11-15T15:14:55","guid":{"rendered":"http:\/\/www.evropskakuca.me\/me\/?p=2421"},"modified":"2016-11-15T15:14:55","modified_gmt":"2016-11-15T15:14:55","slug":"predstavnici-poslovnih-udruzenja-iz-eu-u-posjeti-crnoj-gori","status":"publish","type":"post","link":"https:\/\/www.evropskakuca.me\/me\/predstavnici-poslovnih-udruzenja-iz-eu-u-posjeti-crnoj-gori\/","title":{"rendered":"Predstavnici poslovnih udru\u017eenja iz EU u posjeti Crnoj Gori"},"content":{"rendered":"<p><strong>Podgorica, 15. novembar 2016.<\/strong> \u2013 Predstavnici poslovnih udru\u017eenja iz Evropske unije, koji su boravili u trodnevnoj posjeti Crnoj Gori, sastali su se u EU Info Centru sa ambasadorom EU u Crnoj Gori Aivom Oravom, kao i predstavnicima relevantnih dr\u017eavnih institucija kako bi se upoznali sa investicionom klimom i poslovnim prilikama u Crnoj Gori.<\/p>\n<p>Tokom boravka u Crnoj Gori, u periodu od 14. do 16. novembra, predstavnici evropske poslovne zajednice razgovarali su i sa stranim investitorima u Crnoj Gori, te posjetili neke od najzna\u010dajnijih investicija u zemlji poput tivatskog Porto Montenegra i Lu\u0161tica bay-a. Kako se EU fondovi koriste u razvojne svrhe mogli su da vide na osnovu primjera maslinara u Ulcinju, ali i kako se kroz aktivnosti civilnog sektora u Kotoru poma\u017ee o\u010duvanju kulturnog naslje\u0111a.<\/p>\n<p>Posjeta predstavnika evropskih poslovnih udru\u017eenja dio je aktivnosti koje finansira Evropska komisija s ciljem boljeg informisanja javnosti o politici pro\u0161irenja EU.<\/p>\n<p><em>Sadr\u017eaj ovog \u010dlanka je isklju\u010diva odgovornost EU Info Centra i ni na koji na\u010din ne odra\u017eava stavove Evropske unije.<\/em><\/p>\n","protected":false},"excerpt":{"rendered":"<p>Podgorica, 15. novembar 2016. \u2013 Predstavnici poslovnih udru\u017eenja iz Evropske unije, koji su boravili u trodnevnoj posjeti Crnoj Gori, sastali su se u EU Info Centru sa ambasadorom EU u Crnoj Gori Aivom Oravom, kao i predstavnicima relevantnih dr\u017eavnih institucija kako bi se upoznali sa investicionom klimom i poslovnim prilikama u Crnoj Gori. Tokom boravka [&hellip;]<\/p>\n","protected":false},"author":1,"featured_media":32162,"comment_status":"open","ping_status":"open","sticky":false,"template":"","format":"standard","meta":{"_acf_changed":false,"footnotes":""},"categories":[],"tags":[],"class_list":["post-2421","post","type-post","status-publish","format-standard","has-post-thumbnail","hentry"],"acf":[],"yoast_head":"<!-- This site is optimized with the Yoast SEO plugin v27.3 - https:\/\/yoast.com\/product\/yoast-seo-wordpress\/ -->\n<title>Predstavnici poslovnih udru\u017eenja iz EU u posjeti Crnoj Gori - Europe House<\/title>\n<meta name=\"robots\" content=\"index, follow, max-snippet:-1, max-image-preview:large, max-video-preview:-1\" \/>\n<link rel=\"canonical\" href=\"https:\/\/www.evropskakuca.me\/me\/predstavnici-poslovnih-udruzenja-iz-eu-u-posjeti-crnoj-gori\/\" \/>\n<meta property=\"og:locale\" content=\"en_US\" \/>\n<meta property=\"og:type\" content=\"article\" \/>\n<meta property=\"og:title\" content=\"Predstavnici poslovnih udru\u017eenja iz EU u posjeti Crnoj Gori - Europe House\" \/>\n<meta property=\"og:description\" content=\"Podgorica, 15. novembar 2016. \u2013 Predstavnici poslovnih udru\u017eenja iz Evropske unije, koji su boravili u trodnevnoj posjeti Crnoj Gori, sastali su se u EU Info Centru sa ambasadorom EU u Crnoj Gori Aivom Oravom, kao i predstavnicima relevantnih dr\u017eavnih institucija kako bi se upoznali sa investicionom klimom i poslovnim prilikama u Crnoj Gori. Tokom boravka [&hellip;]\" \/>\n<meta property=\"og:url\" content=\"https:\/\/www.evropskakuca.me\/me\/predstavnici-poslovnih-udruzenja-iz-eu-u-posjeti-crnoj-gori\/\" \/>\n<meta property=\"og:site_name\" content=\"Europe House\" \/>\n<meta property=\"article:publisher\" content=\"https:\/\/www.facebook.com\/evropska.kuca\" \/>\n<meta property=\"article:published_time\" content=\"2016-11-15T15:14:55+00:00\" \/>\n<meta property=\"og:image\" content=\"https:\/\/www.evropskakuca.me\/wp-content\/uploads\/2016\/11\/stakeholders.jpg\" \/>\n\t<meta property=\"og:image:width\" content=\"1012\" \/>\n\t<meta property=\"og:image:height\" content=\"675\" \/>\n\t<meta property=\"og:image:type\" content=\"image\/jpeg\" \/>\n<meta name=\"author\" content=\"mkajic\" \/>\n<meta name=\"twitter:card\" content=\"summary_large_image\" \/>\n<meta name=\"twitter:creator\" content=\"@evropska_kuca\" \/>\n<meta name=\"twitter:site\" content=\"@evropska_kuca\" \/>\n<meta name=\"twitter:label1\" content=\"Written by\" \/>\n\t<meta name=\"twitter:data1\" content=\"mkajic\" \/>\n\t<meta name=\"twitter:label2\" content=\"Est. reading time\" \/>\n\t<meta name=\"twitter:data2\" content=\"1 minute\" \/>\n<script type=\"application\/ld+json\" class=\"yoast-schema-graph\">{\"@context\":\"https:\\\/\\\/schema.org\",\"@graph\":[{\"@type\":\"Article\",\"@id\":\"https:\\\/\\\/www.evropskakuca.me\\\/me\\\/predstavnici-poslovnih-udruzenja-iz-eu-u-posjeti-crnoj-gori\\\/#article\",\"isPartOf\":{\"@id\":\"https:\\\/\\\/www.evropskakuca.me\\\/me\\\/predstavnici-poslovnih-udruzenja-iz-eu-u-posjeti-crnoj-gori\\\/\"},\"author\":{\"name\":\"mkajic\",\"@id\":\"https:\\\/\\\/www.evropskakuca.me\\\/me\\\/#\\\/schema\\\/person\\\/a1d0dcdaefe4a1cd1d60d200ea137ba4\"},\"headline\":\"Predstavnici poslovnih udru\u017eenja iz EU u posjeti Crnoj Gori\",\"datePublished\":\"2016-11-15T15:14:55+00:00\",\"mainEntityOfPage\":{\"@id\":\"https:\\\/\\\/www.evropskakuca.me\\\/me\\\/predstavnici-poslovnih-udruzenja-iz-eu-u-posjeti-crnoj-gori\\\/\"},\"wordCount\":183,\"commentCount\":0,\"publisher\":{\"@id\":\"https:\\\/\\\/www.evropskakuca.me\\\/me\\\/#organization\"},\"image\":{\"@id\":\"https:\\\/\\\/www.evropskakuca.me\\\/me\\\/predstavnici-poslovnih-udruzenja-iz-eu-u-posjeti-crnoj-gori\\\/#primaryimage\"},\"thumbnailUrl\":\"https:\\\/\\\/www.evropskakuca.me\\\/wp-content\\\/uploads\\\/2016\\\/11\\\/stakeholders.jpg\",\"inLanguage\":\"me-ME\",\"potentialAction\":[{\"@type\":\"CommentAction\",\"name\":\"Comment\",\"target\":[\"https:\\\/\\\/www.evropskakuca.me\\\/me\\\/predstavnici-poslovnih-udruzenja-iz-eu-u-posjeti-crnoj-gori\\\/#respond\"]}]},{\"@type\":\"WebPage\",\"@id\":\"https:\\\/\\\/www.evropskakuca.me\\\/me\\\/predstavnici-poslovnih-udruzenja-iz-eu-u-posjeti-crnoj-gori\\\/\",\"url\":\"https:\\\/\\\/www.evropskakuca.me\\\/me\\\/predstavnici-poslovnih-udruzenja-iz-eu-u-posjeti-crnoj-gori\\\/\",\"name\":\"Predstavnici poslovnih udru\u017eenja iz EU u posjeti Crnoj Gori - Europe House\",\"isPartOf\":{\"@id\":\"https:\\\/\\\/www.evropskakuca.me\\\/me\\\/#website\"},\"primaryImageOfPage\":{\"@id\":\"https:\\\/\\\/www.evropskakuca.me\\\/me\\\/predstavnici-poslovnih-udruzenja-iz-eu-u-posjeti-crnoj-gori\\\/#primaryimage\"},\"image\":{\"@id\":\"https:\\\/\\\/www.evropskakuca.me\\\/me\\\/predstavnici-poslovnih-udruzenja-iz-eu-u-posjeti-crnoj-gori\\\/#primaryimage\"},\"thumbnailUrl\":\"https:\\\/\\\/www.evropskakuca.me\\\/wp-content\\\/uploads\\\/2016\\\/11\\\/stakeholders.jpg\",\"datePublished\":\"2016-11-15T15:14:55+00:00\",\"breadcrumb\":{\"@id\":\"https:\\\/\\\/www.evropskakuca.me\\\/me\\\/predstavnici-poslovnih-udruzenja-iz-eu-u-posjeti-crnoj-gori\\\/#breadcrumb\"},\"inLanguage\":\"me-ME\",\"potentialAction\":[{\"@type\":\"ReadAction\",\"target\":[\"https:\\\/\\\/www.evropskakuca.me\\\/me\\\/predstavnici-poslovnih-udruzenja-iz-eu-u-posjeti-crnoj-gori\\\/\"]}]},{\"@type\":\"ImageObject\",\"inLanguage\":\"me-ME\",\"@id\":\"https:\\\/\\\/www.evropskakuca.me\\\/me\\\/predstavnici-poslovnih-udruzenja-iz-eu-u-posjeti-crnoj-gori\\\/#primaryimage\",\"url\":\"https:\\\/\\\/www.evropskakuca.me\\\/wp-content\\\/uploads\\\/2016\\\/11\\\/stakeholders.jpg\",\"contentUrl\":\"https:\\\/\\\/www.evropskakuca.me\\\/wp-content\\\/uploads\\\/2016\\\/11\\\/stakeholders.jpg\",\"width\":1012,\"height\":675},{\"@type\":\"BreadcrumbList\",\"@id\":\"https:\\\/\\\/www.evropskakuca.me\\\/me\\\/predstavnici-poslovnih-udruzenja-iz-eu-u-posjeti-crnoj-gori\\\/#breadcrumb\",\"itemListElement\":[{\"@type\":\"ListItem\",\"position\":1,\"name\":\"Home\",\"item\":\"https:\\\/\\\/www.evropskakuca.me\\\/me\\\/\"},{\"@type\":\"ListItem\",\"position\":2,\"name\":\"Predstavnici poslovnih udru\u017eenja iz EU u posjeti Crnoj Gori\"}]},{\"@type\":\"WebSite\",\"@id\":\"https:\\\/\\\/www.evropskakuca.me\\\/me\\\/#website\",\"url\":\"https:\\\/\\\/www.evropskakuca.me\\\/me\\\/\",\"name\":\"Evropean house\",\"description\":\"\",\"publisher\":{\"@id\":\"https:\\\/\\\/www.evropskakuca.me\\\/me\\\/#organization\"},\"potentialAction\":[{\"@type\":\"SearchAction\",\"target\":{\"@type\":\"EntryPoint\",\"urlTemplate\":\"https:\\\/\\\/www.evropskakuca.me\\\/me\\\/?s={search_term_string}\"},\"query-input\":{\"@type\":\"PropertyValueSpecification\",\"valueRequired\":true,\"valueName\":\"search_term_string\"}}],\"inLanguage\":\"me-ME\"},{\"@type\":\"Organization\",\"@id\":\"https:\\\/\\\/www.evropskakuca.me\\\/me\\\/#organization\",\"name\":\"Evropean house\",\"url\":\"https:\\\/\\\/www.evropskakuca.me\\\/me\\\/\",\"logo\":{\"@type\":\"ImageObject\",\"inLanguage\":\"me-ME\",\"@id\":\"https:\\\/\\\/www.evropskakuca.me\\\/me\\\/#\\\/schema\\\/logo\\\/image\\\/\",\"url\":\"https:\\\/\\\/www.evropskakuca.me\\\/wp-content\\\/uploads\\\/2025\\\/01\\\/evropska-kuca-logo-1.png\",\"contentUrl\":\"https:\\\/\\\/www.evropskakuca.me\\\/wp-content\\\/uploads\\\/2025\\\/01\\\/evropska-kuca-logo-1.png\",\"width\":425,\"height\":312,\"caption\":\"Evropean house\"},\"image\":{\"@id\":\"https:\\\/\\\/www.evropskakuca.me\\\/me\\\/#\\\/schema\\\/logo\\\/image\\\/\"},\"sameAs\":[\"https:\\\/\\\/www.facebook.com\\\/evropska.kuca\",\"https:\\\/\\\/x.com\\\/evropska_kuca\",\"https:\\\/\\\/www.instagram.com\\\/evropska_kuca\"]},{\"@type\":\"Person\",\"@id\":\"https:\\\/\\\/www.evropskakuca.me\\\/me\\\/#\\\/schema\\\/person\\\/a1d0dcdaefe4a1cd1d60d200ea137ba4\",\"name\":\"mkajic\",\"image\":{\"@type\":\"ImageObject\",\"inLanguage\":\"me-ME\",\"@id\":\"https:\\\/\\\/secure.gravatar.com\\\/avatar\\\/731fa035cefab7316e6bafd1f25a93fb731a07de14e2d9923f8db4422628eabc?s=96&d=mm&r=g\",\"url\":\"https:\\\/\\\/secure.gravatar.com\\\/avatar\\\/731fa035cefab7316e6bafd1f25a93fb731a07de14e2d9923f8db4422628eabc?s=96&d=mm&r=g\",\"contentUrl\":\"https:\\\/\\\/secure.gravatar.com\\\/avatar\\\/731fa035cefab7316e6bafd1f25a93fb731a07de14e2d9923f8db4422628eabc?s=96&d=mm&r=g\",\"caption\":\"mkajic\"},\"sameAs\":[\"https:\\\/\\\/evropskakuca.me\"],\"url\":\"https:\\\/\\\/www.evropskakuca.me\\\/me\\\/author\\\/mkajic\\\/\"}]}<\/script>\n<!-- \/ Yoast SEO plugin. -->","yoast_head_json":{"title":"Predstavnici poslovnih udru\u017eenja iz EU u posjeti Crnoj Gori - Europe House","robots":{"index":"index","follow":"follow","max-snippet":"max-snippet:-1","max-image-preview":"max-image-preview:large","max-video-preview":"max-video-preview:-1"},"canonical":"https:\/\/www.evropskakuca.me\/me\/predstavnici-poslovnih-udruzenja-iz-eu-u-posjeti-crnoj-gori\/","og_locale":"en_US","og_type":"article","og_title":"Predstavnici poslovnih udru\u017eenja iz EU u posjeti Crnoj Gori - Europe House","og_description":"Podgorica, 15. novembar 2016. \u2013 Predstavnici poslovnih udru\u017eenja iz Evropske unije, koji su boravili u trodnevnoj posjeti Crnoj Gori, sastali su se u EU Info Centru sa ambasadorom EU u Crnoj Gori Aivom Oravom, kao i predstavnicima relevantnih dr\u017eavnih institucija kako bi se upoznali sa investicionom klimom i poslovnim prilikama u Crnoj Gori. Tokom boravka [&hellip;]","og_url":"https:\/\/www.evropskakuca.me\/me\/predstavnici-poslovnih-udruzenja-iz-eu-u-posjeti-crnoj-gori\/","og_site_name":"Europe House","article_publisher":"https:\/\/www.facebook.com\/evropska.kuca","article_published_time":"2016-11-15T15:14:55+00:00","og_image":[{"width":1012,"height":675,"url":"https:\/\/www.evropskakuca.me\/wp-content\/uploads\/2016\/11\/stakeholders.jpg","type":"image\/jpeg"}],"author":"mkajic","twitter_card":"summary_large_image","twitter_creator":"@evropska_kuca","twitter_site":"@evropska_kuca","twitter_misc":{"Written by":"mkajic","Est. reading time":"1 minute"},"schema":{"@context":"https:\/\/schema.org","@graph":[{"@type":"Article","@id":"https:\/\/www.evropskakuca.me\/me\/predstavnici-poslovnih-udruzenja-iz-eu-u-posjeti-crnoj-gori\/#article","isPartOf":{"@id":"https:\/\/www.evropskakuca.me\/me\/predstavnici-poslovnih-udruzenja-iz-eu-u-posjeti-crnoj-gori\/"},"author":{"name":"mkajic","@id":"https:\/\/www.evropskakuca.me\/me\/#\/schema\/person\/a1d0dcdaefe4a1cd1d60d200ea137ba4"},"headline":"Predstavnici poslovnih udru\u017eenja iz EU u posjeti Crnoj Gori","datePublished":"2016-11-15T15:14:55+00:00","mainEntityOfPage":{"@id":"https:\/\/www.evropskakuca.me\/me\/predstavnici-poslovnih-udruzenja-iz-eu-u-posjeti-crnoj-gori\/"},"wordCount":183,"commentCount":0,"publisher":{"@id":"https:\/\/www.evropskakuca.me\/me\/#organization"},"image":{"@id":"https:\/\/www.evropskakuca.me\/me\/predstavnici-poslovnih-udruzenja-iz-eu-u-posjeti-crnoj-gori\/#primaryimage"},"thumbnailUrl":"https:\/\/www.evropskakuca.me\/wp-content\/uploads\/2016\/11\/stakeholders.jpg","inLanguage":"me-ME","potentialAction":[{"@type":"CommentAction","name":"Comment","target":["https:\/\/www.evropskakuca.me\/me\/predstavnici-poslovnih-udruzenja-iz-eu-u-posjeti-crnoj-gori\/#respond"]}]},{"@type":"WebPage","@id":"https:\/\/www.evropskakuca.me\/me\/predstavnici-poslovnih-udruzenja-iz-eu-u-posjeti-crnoj-gori\/","url":"https:\/\/www.evropskakuca.me\/me\/predstavnici-poslovnih-udruzenja-iz-eu-u-posjeti-crnoj-gori\/","name":"Predstavnici poslovnih udru\u017eenja iz EU u posjeti Crnoj Gori - Europe House","isPartOf":{"@id":"https:\/\/www.evropskakuca.me\/me\/#website"},"primaryImageOfPage":{"@id":"https:\/\/www.evropskakuca.me\/me\/predstavnici-poslovnih-udruzenja-iz-eu-u-posjeti-crnoj-gori\/#primaryimage"},"image":{"@id":"https:\/\/www.evropskakuca.me\/me\/predstavnici-poslovnih-udruzenja-iz-eu-u-posjeti-crnoj-gori\/#primaryimage"},"thumbnailUrl":"https:\/\/www.evropskakuca.me\/wp-content\/uploads\/2016\/11\/stakeholders.jpg","datePublished":"2016-11-15T15:14:55+00:00","breadcrumb":{"@id":"https:\/\/www.evropskakuca.me\/me\/predstavnici-poslovnih-udruzenja-iz-eu-u-posjeti-crnoj-gori\/#breadcrumb"},"inLanguage":"me-ME","potentialAction":[{"@type":"ReadAction","target":["https:\/\/www.evropskakuca.me\/me\/predstavnici-poslovnih-udruzenja-iz-eu-u-posjeti-crnoj-gori\/"]}]},{"@type":"ImageObject","inLanguage":"me-ME","@id":"https:\/\/www.evropskakuca.me\/me\/predstavnici-poslovnih-udruzenja-iz-eu-u-posjeti-crnoj-gori\/#primaryimage","url":"https:\/\/www.evropskakuca.me\/wp-content\/uploads\/2016\/11\/stakeholders.jpg","contentUrl":"https:\/\/www.evropskakuca.me\/wp-content\/uploads\/2016\/11\/stakeholders.jpg","width":1012,"height":675},{"@type":"BreadcrumbList","@id":"https:\/\/www.evropskakuca.me\/me\/predstavnici-poslovnih-udruzenja-iz-eu-u-posjeti-crnoj-gori\/#breadcrumb","itemListElement":[{"@type":"ListItem","position":1,"name":"Home","item":"https:\/\/www.evropskakuca.me\/me\/"},{"@type":"ListItem","position":2,"name":"Predstavnici poslovnih udru\u017eenja iz EU u posjeti Crnoj Gori"}]},{"@type":"WebSite","@id":"https:\/\/www.evropskakuca.me\/me\/#website","url":"https:\/\/www.evropskakuca.me\/me\/","name":"Evropean house","description":"","publisher":{"@id":"https:\/\/www.evropskakuca.me\/me\/#organization"},"potentialAction":[{"@type":"SearchAction","target":{"@type":"EntryPoint","urlTemplate":"https:\/\/www.evropskakuca.me\/me\/?s={search_term_string}"},"query-input":{"@type":"PropertyValueSpecification","valueRequired":true,"valueName":"search_term_string"}}],"inLanguage":"me-ME"},{"@type":"Organization","@id":"https:\/\/www.evropskakuca.me\/me\/#organization","name":"Evropean house","url":"https:\/\/www.evropskakuca.me\/me\/","logo":{"@type":"ImageObject","inLanguage":"me-ME","@id":"https:\/\/www.evropskakuca.me\/me\/#\/schema\/logo\/image\/","url":"https:\/\/www.evropskakuca.me\/wp-content\/uploads\/2025\/01\/evropska-kuca-logo-1.png","contentUrl":"https:\/\/www.evropskakuca.me\/wp-content\/uploads\/2025\/01\/evropska-kuca-logo-1.png","width":425,"height":312,"caption":"Evropean house"},"image":{"@id":"https:\/\/www.evropskakuca.me\/me\/#\/schema\/logo\/image\/"},"sameAs":["https:\/\/www.facebook.com\/evropska.kuca","https:\/\/x.com\/evropska_kuca","https:\/\/www.instagram.com\/evropska_kuca"]},{"@type":"Person","@id":"https:\/\/www.evropskakuca.me\/me\/#\/schema\/person\/a1d0dcdaefe4a1cd1d60d200ea137ba4","name":"mkajic","image":{"@type":"ImageObject","inLanguage":"me-ME","@id":"https:\/\/secure.gravatar.com\/avatar\/731fa035cefab7316e6bafd1f25a93fb731a07de14e2d9923f8db4422628eabc?s=96&d=mm&r=g","url":"https:\/\/secure.gravatar.com\/avatar\/731fa035cefab7316e6bafd1f25a93fb731a07de14e2d9923f8db4422628eabc?s=96&d=mm&r=g","contentUrl":"https:\/\/secure.gravatar.com\/avatar\/731fa035cefab7316e6bafd1f25a93fb731a07de14e2d9923f8db4422628eabc?s=96&d=mm&r=g","caption":"mkajic"},"sameAs":["https:\/\/evropskakuca.me"],"url":"https:\/\/www.evropskakuca.me\/me\/author\/mkajic\/"}]}},"_links":{"self":[{"href":"https:\/\/www.evropskakuca.me\/me\/wp-json\/wp\/v2\/posts\/2421","targetHints":{"allow":["GET"]}}],"collection":[{"href":"https:\/\/www.evropskakuca.me\/me\/wp-json\/wp\/v2\/posts"}],"about":[{"href":"https:\/\/www.evropskakuca.me\/me\/wp-json\/wp\/v2\/types\/post"}],"author":[{"embeddable":true,"href":"https:\/\/www.evropskakuca.me\/me\/wp-json\/wp\/v2\/users\/1"}],"replies":[{"embeddable":true,"href":"https:\/\/www.evropskakuca.me\/me\/wp-json\/wp\/v2\/comments?post=2421"}],"version-history":[{"count":0,"href":"https:\/\/www.evropskakuca.me\/me\/wp-json\/wp\/v2\/posts\/2421\/revisions"}],"wp:featuredmedia":[{"embeddable":true,"href":"https:\/\/www.evropskakuca.me\/me\/wp-json\/wp\/v2\/media\/32162"}],"wp:attachment":[{"href":"https:\/\/www.evropskakuca.me\/me\/wp-json\/wp\/v2\/media?parent=2421"}],"wp:term":[{"taxonomy":"category","embeddable":true,"href":"https:\/\/www.evropskakuca.me\/me\/wp-json\/wp\/v2\/categories?post=2421"},{"taxonomy":"post_tag","embeddable":true,"href":"https:\/\/www.evropskakuca.me\/me\/wp-json\/wp\/v2\/tags?post=2421"}],"curies":[{"name":"wp","href":"https:\/\/api.w.org\/{rel}","templated":true}]}}