{"id":24195,"date":"2023-03-07T09:11:54","date_gmt":"2023-03-07T09:11:54","guid":{"rendered":"https:\/\/evropskakuca.me\/?p=24195"},"modified":"2023-03-07T09:11:54","modified_gmt":"2023-03-07T09:11:54","slug":"kroz-eu-projekat-zaposleno-22-nezaposlenih-iz-danilovgrada","status":"publish","type":"post","link":"https:\/\/www.evropskakuca.me\/me\/kroz-eu-projekat-zaposleno-22-nezaposlenih-iz-danilovgrada\/","title":{"rendered":"Kroz EU projekat zaposleno 22 nezaposlenih iz Danilovgrada"},"content":{"rendered":"<p>Sonja \u0110uri\u010dkovi\u0107 iz Danilovgrada je majka troje djece. Vi\u0161e od 7 godina je bila nezaposlena i bezuspje\u0161no poku\u0161avala da prona\u0111e posao. Zahvaljuju\u0107i podr\u0161ci EU kroz projekat EMPLOYED, dobila je priliku da stekne nova znanja i vje\u0161tine i da se zaposli u firmi Lamex iz ovog grada na obali rijeke Zete.<\/p>\n<p><img fetchpriority=\"high\" decoding=\"async\" class=\"alignnone size-large wp-image-24172\" src=\"https:\/\/evropskakuca.me\/wp-content\/uploads\/2023\/03\/eu_dg-33-of-57-1024x682.jpg\" alt=\"\" width=\"1024\" height=\"682\" \/><\/p>\n<p>\u2018\u2019Veliko iskustvo sam stekla. \u0160ta god mi je trebalo kolege su mi pomogle i jako sam zahvalna na ovoj prilici\u2019\u2019, kazala je Sonja u razgovoru za Evropsku ku\u0107u.<\/p>\n<p>Ova prilika bila je dragocjena i za danilovgradske kompanije.<\/p>\n<p><img decoding=\"async\" class=\"alignnone size-large wp-image-24174\" src=\"https:\/\/evropskakuca.me\/wp-content\/uploads\/2023\/03\/eu_dg-17-of-57-1024x682.jpg\" alt=\"\" width=\"1024\" height=\"682\" \/><\/p>\n<p>\u2018\u2019\u0160estoro ljudi je pro\u0161lo obuku u trajanju od 2 mjeseca. Sonja je jedna od njih. Pokazala se kao dobar radnik i data joj je \u0161ansa da se doka\u017ee i da napreduje\u2019\u2019, istakao je Marko Vuk\u010devi\u0107 iz firme Lamex.<\/p>\n<p>Kroz projekat za dugotrajno nezaposlene, pomogli smo da se 22 osobe ne samo zaposle na odre\u0111eno vrijeme u doma\u0107im preduze\u0107ima, ve\u0107 i da steknu vje\u0161tine i dragocjeno profesionalno iskustvo.<\/p>\n<p><img decoding=\"async\" class=\"alignnone size-large wp-image-24176\" src=\"https:\/\/evropskakuca.me\/wp-content\/uploads\/2023\/03\/eu_dg-26-of-27-1024x682.jpg\" alt=\"\" width=\"1024\" height=\"682\" \/><\/p>\n<p>&#8221;Uvijek sam sre\u0107na kad vidim kako EU fondovi zaista uti\u010du na \u017eivote i egzistenciju ljudi, \u0161to je definitivno slu\u010daj ovdje u Danilovgradu. Vjerujem da se ba\u0161 na lokalnom nivou mo\u017ee uraditi mnogo klju\u010dnog posla na ispunjavanju uslova za pristupanje Crne Gore EU&#8221;, kazala je \u0161efica Delegacije EU u Crnoj Gori Oana Kristina Popa.<\/p>\n<p>Op\u0161tina Danilovgrad prvi put sprovodi projekat EMPLOYED koji finansira EU, a koji pru\u017ea direktnu finansijsku podr\u0161ku poslodavcima za zapo\u0161ljavanje na teritoriji Op\u0161tine.<\/p>\n<p><img loading=\"lazy\" decoding=\"async\" class=\"alignnone size-large wp-image-24178\" src=\"https:\/\/evropskakuca.me\/wp-content\/uploads\/2023\/03\/eu_dg-27-of-57-1024x682.jpg\" alt=\"\" width=\"1024\" height=\"682\" \/><\/p>\n<p>\u2018\u2019Zadovoljni smo \u0161to je implementacija projekta bila uspje\u0161na, i \u0161to smo uz podr\u0161ku Evropske unije i Vlade Crne Gore imali mogu\u0107nost da u odre\u0111enoj mjeri uti\u010demo na pobolj\u0161anje poslovnih prilika i smanjenje nezaposlenosti u na\u0161em gradu\u2019\u2019, naglasila je menad\u017eerka projekta EMPLOYED i \u010dlanica Tima za upravljanje projektima u Op\u0161tini Danilovgrad, Simona Bo\u0161kovi\u0107.<\/p>\n<p>Lokalna uprava i tim za implementaciju projekta posebno su se potrudili da pru\u017ee svu potrebnu podr\u0161ku u procesu prijavljivanja na javni poziv. Organizovali su radionice i info dane za upoznavanje sa samim pozivom, kako poslodavaca, tako i dugoro\u010dno nezaposlenih lica, kojima je ovaj projekat i bio prvenstveno namijenjen.<\/p>\n<p><img loading=\"lazy\" decoding=\"async\" class=\"alignnone size-large wp-image-24170\" src=\"https:\/\/evropskakuca.me\/wp-content\/uploads\/2023\/03\/eu_dg-25-of-57-1024x682.jpg\" alt=\"\" width=\"1024\" height=\"682\" \/><\/p>\n<p>U okviru projekta EMPLOYED u Op\u0161tini Danilovgrad, kroz bespovratna sredstva Evropske unije, uz kofinansiranje Vlade Crne Gore i te lokalne samouprave, stvorile su se \u0161anse za obuku na radnom mjestu za oko 50, a zaposlile su se 22 osobe.<\/p>\n<p>Iza ovih brojki stoji isto toliko pojedinaca i njihovih porodica, koji su bili u prilici da steknu nova znanja i vje\u0161tine, ali i da obezbijede nove prihode za kvalitetniji \u017eivot.<\/p>\n<p>Ukupan bud\u017eet projekta EMPLOYED je vi\u0161e od 275 hiljada eura.<\/p>\n<p>&nbsp;<\/p>\n","protected":false},"excerpt":{"rendered":"<p>Sonja \u0110uri\u010dkovi\u0107 iz Danilovgrada je majka troje djece. Vi\u0161e od 7 godina je bila nezaposlena i bezuspje\u0161no poku\u0161avala da prona\u0111e posao. Zahvaljuju\u0107i podr\u0161ci EU kroz projekat EMPLOYED, dobila je priliku da stekne nova znanja i vje\u0161tine i da se zaposli u firmi Lamex iz ovog grada na obali rijeke Zete. \u2018\u2019Veliko iskustvo sam stekla. \u0160ta [&hellip;]<\/p>\n","protected":false},"author":1,"featured_media":0,"comment_status":"closed","ping_status":"closed","sticky":false,"template":"","format":"standard","meta":{"_acf_changed":false,"footnotes":""},"categories":[],"tags":[],"class_list":["post-24195","post","type-post","status-publish","format-standard","hentry"],"acf":[],"yoast_head":"<!-- This site is optimized with the Yoast SEO plugin v27.3 - https:\/\/yoast.com\/product\/yoast-seo-wordpress\/ -->\n<title>Kroz EU projekat zaposleno 22 nezaposlenih iz Danilovgrada - Europe House<\/title>\n<meta name=\"robots\" content=\"index, follow, max-snippet:-1, max-image-preview:large, max-video-preview:-1\" \/>\n<link rel=\"canonical\" href=\"https:\/\/www.evropskakuca.me\/me\/kroz-eu-projekat-zaposleno-22-nezaposlenih-iz-danilovgrada\/\" \/>\n<meta property=\"og:locale\" content=\"en_US\" \/>\n<meta property=\"og:type\" content=\"article\" \/>\n<meta property=\"og:title\" content=\"Kroz EU projekat zaposleno 22 nezaposlenih iz Danilovgrada - Europe House\" \/>\n<meta property=\"og:description\" content=\"Sonja \u0110uri\u010dkovi\u0107 iz Danilovgrada je majka troje djece. Vi\u0161e od 7 godina je bila nezaposlena i bezuspje\u0161no poku\u0161avala da prona\u0111e posao. Zahvaljuju\u0107i podr\u0161ci EU kroz projekat EMPLOYED, dobila je priliku da stekne nova znanja i vje\u0161tine i da se zaposli u firmi Lamex iz ovog grada na obali rijeke Zete. \u2018\u2019Veliko iskustvo sam stekla. \u0160ta [&hellip;]\" \/>\n<meta property=\"og:url\" content=\"https:\/\/www.evropskakuca.me\/me\/kroz-eu-projekat-zaposleno-22-nezaposlenih-iz-danilovgrada\/\" \/>\n<meta property=\"og:site_name\" content=\"Europe House\" \/>\n<meta property=\"article:publisher\" content=\"https:\/\/www.facebook.com\/evropska.kuca\" \/>\n<meta property=\"article:published_time\" content=\"2023-03-07T09:11:54+00:00\" \/>\n<meta property=\"og:image\" content=\"https:\/\/evropskakuca.me\/wp-content\/uploads\/2023\/03\/eu_dg-33-of-57-1024x682.jpg\" \/>\n<meta name=\"author\" content=\"mkajic\" \/>\n<meta name=\"twitter:card\" content=\"summary_large_image\" \/>\n<meta name=\"twitter:creator\" content=\"@evropska_kuca\" \/>\n<meta name=\"twitter:site\" content=\"@evropska_kuca\" \/>\n<meta name=\"twitter:label1\" content=\"Written by\" \/>\n\t<meta name=\"twitter:data1\" content=\"mkajic\" \/>\n\t<meta name=\"twitter:label2\" content=\"Est. reading time\" \/>\n\t<meta name=\"twitter:data2\" content=\"3 minutes\" \/>\n<script type=\"application\/ld+json\" class=\"yoast-schema-graph\">{\"@context\":\"https:\\\/\\\/schema.org\",\"@graph\":[{\"@type\":\"Article\",\"@id\":\"https:\\\/\\\/www.evropskakuca.me\\\/me\\\/kroz-eu-projekat-zaposleno-22-nezaposlenih-iz-danilovgrada\\\/#article\",\"isPartOf\":{\"@id\":\"https:\\\/\\\/www.evropskakuca.me\\\/me\\\/kroz-eu-projekat-zaposleno-22-nezaposlenih-iz-danilovgrada\\\/\"},\"author\":{\"name\":\"mkajic\",\"@id\":\"https:\\\/\\\/www.evropskakuca.me\\\/me\\\/#\\\/schema\\\/person\\\/a1d0dcdaefe4a1cd1d60d200ea137ba4\"},\"headline\":\"Kroz EU projekat zaposleno 22 nezaposlenih iz Danilovgrada\",\"datePublished\":\"2023-03-07T09:11:54+00:00\",\"mainEntityOfPage\":{\"@id\":\"https:\\\/\\\/www.evropskakuca.me\\\/me\\\/kroz-eu-projekat-zaposleno-22-nezaposlenih-iz-danilovgrada\\\/\"},\"wordCount\":453,\"publisher\":{\"@id\":\"https:\\\/\\\/www.evropskakuca.me\\\/me\\\/#organization\"},\"image\":{\"@id\":\"https:\\\/\\\/www.evropskakuca.me\\\/me\\\/kroz-eu-projekat-zaposleno-22-nezaposlenih-iz-danilovgrada\\\/#primaryimage\"},\"thumbnailUrl\":\"https:\\\/\\\/evropskakuca.me\\\/wp-content\\\/uploads\\\/2023\\\/03\\\/eu_dg-33-of-57-1024x682.jpg\",\"inLanguage\":\"me-ME\"},{\"@type\":\"WebPage\",\"@id\":\"https:\\\/\\\/www.evropskakuca.me\\\/me\\\/kroz-eu-projekat-zaposleno-22-nezaposlenih-iz-danilovgrada\\\/\",\"url\":\"https:\\\/\\\/www.evropskakuca.me\\\/me\\\/kroz-eu-projekat-zaposleno-22-nezaposlenih-iz-danilovgrada\\\/\",\"name\":\"Kroz EU projekat zaposleno 22 nezaposlenih iz Danilovgrada - Europe House\",\"isPartOf\":{\"@id\":\"https:\\\/\\\/www.evropskakuca.me\\\/me\\\/#website\"},\"primaryImageOfPage\":{\"@id\":\"https:\\\/\\\/www.evropskakuca.me\\\/me\\\/kroz-eu-projekat-zaposleno-22-nezaposlenih-iz-danilovgrada\\\/#primaryimage\"},\"image\":{\"@id\":\"https:\\\/\\\/www.evropskakuca.me\\\/me\\\/kroz-eu-projekat-zaposleno-22-nezaposlenih-iz-danilovgrada\\\/#primaryimage\"},\"thumbnailUrl\":\"https:\\\/\\\/evropskakuca.me\\\/wp-content\\\/uploads\\\/2023\\\/03\\\/eu_dg-33-of-57-1024x682.jpg\",\"datePublished\":\"2023-03-07T09:11:54+00:00\",\"breadcrumb\":{\"@id\":\"https:\\\/\\\/www.evropskakuca.me\\\/me\\\/kroz-eu-projekat-zaposleno-22-nezaposlenih-iz-danilovgrada\\\/#breadcrumb\"},\"inLanguage\":\"me-ME\",\"potentialAction\":[{\"@type\":\"ReadAction\",\"target\":[\"https:\\\/\\\/www.evropskakuca.me\\\/me\\\/kroz-eu-projekat-zaposleno-22-nezaposlenih-iz-danilovgrada\\\/\"]}]},{\"@type\":\"ImageObject\",\"inLanguage\":\"me-ME\",\"@id\":\"https:\\\/\\\/www.evropskakuca.me\\\/me\\\/kroz-eu-projekat-zaposleno-22-nezaposlenih-iz-danilovgrada\\\/#primaryimage\",\"url\":\"https:\\\/\\\/evropskakuca.me\\\/wp-content\\\/uploads\\\/2023\\\/03\\\/eu_dg-33-of-57-1024x682.jpg\",\"contentUrl\":\"https:\\\/\\\/evropskakuca.me\\\/wp-content\\\/uploads\\\/2023\\\/03\\\/eu_dg-33-of-57-1024x682.jpg\"},{\"@type\":\"BreadcrumbList\",\"@id\":\"https:\\\/\\\/www.evropskakuca.me\\\/me\\\/kroz-eu-projekat-zaposleno-22-nezaposlenih-iz-danilovgrada\\\/#breadcrumb\",\"itemListElement\":[{\"@type\":\"ListItem\",\"position\":1,\"name\":\"Home\",\"item\":\"https:\\\/\\\/www.evropskakuca.me\\\/me\\\/\"},{\"@type\":\"ListItem\",\"position\":2,\"name\":\"Kroz EU projekat zaposleno 22 nezaposlenih iz Danilovgrada\"}]},{\"@type\":\"WebSite\",\"@id\":\"https:\\\/\\\/www.evropskakuca.me\\\/me\\\/#website\",\"url\":\"https:\\\/\\\/www.evropskakuca.me\\\/me\\\/\",\"name\":\"Evropean house\",\"description\":\"\",\"publisher\":{\"@id\":\"https:\\\/\\\/www.evropskakuca.me\\\/me\\\/#organization\"},\"potentialAction\":[{\"@type\":\"SearchAction\",\"target\":{\"@type\":\"EntryPoint\",\"urlTemplate\":\"https:\\\/\\\/www.evropskakuca.me\\\/me\\\/?s={search_term_string}\"},\"query-input\":{\"@type\":\"PropertyValueSpecification\",\"valueRequired\":true,\"valueName\":\"search_term_string\"}}],\"inLanguage\":\"me-ME\"},{\"@type\":\"Organization\",\"@id\":\"https:\\\/\\\/www.evropskakuca.me\\\/me\\\/#organization\",\"name\":\"Evropean house\",\"url\":\"https:\\\/\\\/www.evropskakuca.me\\\/me\\\/\",\"logo\":{\"@type\":\"ImageObject\",\"inLanguage\":\"me-ME\",\"@id\":\"https:\\\/\\\/www.evropskakuca.me\\\/me\\\/#\\\/schema\\\/logo\\\/image\\\/\",\"url\":\"https:\\\/\\\/www.evropskakuca.me\\\/wp-content\\\/uploads\\\/2025\\\/01\\\/evropska-kuca-logo-1.png\",\"contentUrl\":\"https:\\\/\\\/www.evropskakuca.me\\\/wp-content\\\/uploads\\\/2025\\\/01\\\/evropska-kuca-logo-1.png\",\"width\":425,\"height\":312,\"caption\":\"Evropean house\"},\"image\":{\"@id\":\"https:\\\/\\\/www.evropskakuca.me\\\/me\\\/#\\\/schema\\\/logo\\\/image\\\/\"},\"sameAs\":[\"https:\\\/\\\/www.facebook.com\\\/evropska.kuca\",\"https:\\\/\\\/x.com\\\/evropska_kuca\",\"https:\\\/\\\/www.instagram.com\\\/evropska_kuca\"]},{\"@type\":\"Person\",\"@id\":\"https:\\\/\\\/www.evropskakuca.me\\\/me\\\/#\\\/schema\\\/person\\\/a1d0dcdaefe4a1cd1d60d200ea137ba4\",\"name\":\"mkajic\",\"image\":{\"@type\":\"ImageObject\",\"inLanguage\":\"me-ME\",\"@id\":\"https:\\\/\\\/secure.gravatar.com\\\/avatar\\\/731fa035cefab7316e6bafd1f25a93fb731a07de14e2d9923f8db4422628eabc?s=96&d=mm&r=g\",\"url\":\"https:\\\/\\\/secure.gravatar.com\\\/avatar\\\/731fa035cefab7316e6bafd1f25a93fb731a07de14e2d9923f8db4422628eabc?s=96&d=mm&r=g\",\"contentUrl\":\"https:\\\/\\\/secure.gravatar.com\\\/avatar\\\/731fa035cefab7316e6bafd1f25a93fb731a07de14e2d9923f8db4422628eabc?s=96&d=mm&r=g\",\"caption\":\"mkajic\"},\"sameAs\":[\"https:\\\/\\\/evropskakuca.me\"],\"url\":\"https:\\\/\\\/www.evropskakuca.me\\\/me\\\/author\\\/mkajic\\\/\"}]}<\/script>\n<!-- \/ Yoast SEO plugin. -->","yoast_head_json":{"title":"Kroz EU projekat zaposleno 22 nezaposlenih iz Danilovgrada - Europe House","robots":{"index":"index","follow":"follow","max-snippet":"max-snippet:-1","max-image-preview":"max-image-preview:large","max-video-preview":"max-video-preview:-1"},"canonical":"https:\/\/www.evropskakuca.me\/me\/kroz-eu-projekat-zaposleno-22-nezaposlenih-iz-danilovgrada\/","og_locale":"en_US","og_type":"article","og_title":"Kroz EU projekat zaposleno 22 nezaposlenih iz Danilovgrada - Europe House","og_description":"Sonja \u0110uri\u010dkovi\u0107 iz Danilovgrada je majka troje djece. Vi\u0161e od 7 godina je bila nezaposlena i bezuspje\u0161no poku\u0161avala da prona\u0111e posao. Zahvaljuju\u0107i podr\u0161ci EU kroz projekat EMPLOYED, dobila je priliku da stekne nova znanja i vje\u0161tine i da se zaposli u firmi Lamex iz ovog grada na obali rijeke Zete. \u2018\u2019Veliko iskustvo sam stekla. \u0160ta [&hellip;]","og_url":"https:\/\/www.evropskakuca.me\/me\/kroz-eu-projekat-zaposleno-22-nezaposlenih-iz-danilovgrada\/","og_site_name":"Europe House","article_publisher":"https:\/\/www.facebook.com\/evropska.kuca","article_published_time":"2023-03-07T09:11:54+00:00","og_image":[{"url":"https:\/\/evropskakuca.me\/wp-content\/uploads\/2023\/03\/eu_dg-33-of-57-1024x682.jpg","type":"","width":"","height":""}],"author":"mkajic","twitter_card":"summary_large_image","twitter_creator":"@evropska_kuca","twitter_site":"@evropska_kuca","twitter_misc":{"Written by":"mkajic","Est. reading time":"3 minutes"},"schema":{"@context":"https:\/\/schema.org","@graph":[{"@type":"Article","@id":"https:\/\/www.evropskakuca.me\/me\/kroz-eu-projekat-zaposleno-22-nezaposlenih-iz-danilovgrada\/#article","isPartOf":{"@id":"https:\/\/www.evropskakuca.me\/me\/kroz-eu-projekat-zaposleno-22-nezaposlenih-iz-danilovgrada\/"},"author":{"name":"mkajic","@id":"https:\/\/www.evropskakuca.me\/me\/#\/schema\/person\/a1d0dcdaefe4a1cd1d60d200ea137ba4"},"headline":"Kroz EU projekat zaposleno 22 nezaposlenih iz Danilovgrada","datePublished":"2023-03-07T09:11:54+00:00","mainEntityOfPage":{"@id":"https:\/\/www.evropskakuca.me\/me\/kroz-eu-projekat-zaposleno-22-nezaposlenih-iz-danilovgrada\/"},"wordCount":453,"publisher":{"@id":"https:\/\/www.evropskakuca.me\/me\/#organization"},"image":{"@id":"https:\/\/www.evropskakuca.me\/me\/kroz-eu-projekat-zaposleno-22-nezaposlenih-iz-danilovgrada\/#primaryimage"},"thumbnailUrl":"https:\/\/evropskakuca.me\/wp-content\/uploads\/2023\/03\/eu_dg-33-of-57-1024x682.jpg","inLanguage":"me-ME"},{"@type":"WebPage","@id":"https:\/\/www.evropskakuca.me\/me\/kroz-eu-projekat-zaposleno-22-nezaposlenih-iz-danilovgrada\/","url":"https:\/\/www.evropskakuca.me\/me\/kroz-eu-projekat-zaposleno-22-nezaposlenih-iz-danilovgrada\/","name":"Kroz EU projekat zaposleno 22 nezaposlenih iz Danilovgrada - Europe House","isPartOf":{"@id":"https:\/\/www.evropskakuca.me\/me\/#website"},"primaryImageOfPage":{"@id":"https:\/\/www.evropskakuca.me\/me\/kroz-eu-projekat-zaposleno-22-nezaposlenih-iz-danilovgrada\/#primaryimage"},"image":{"@id":"https:\/\/www.evropskakuca.me\/me\/kroz-eu-projekat-zaposleno-22-nezaposlenih-iz-danilovgrada\/#primaryimage"},"thumbnailUrl":"https:\/\/evropskakuca.me\/wp-content\/uploads\/2023\/03\/eu_dg-33-of-57-1024x682.jpg","datePublished":"2023-03-07T09:11:54+00:00","breadcrumb":{"@id":"https:\/\/www.evropskakuca.me\/me\/kroz-eu-projekat-zaposleno-22-nezaposlenih-iz-danilovgrada\/#breadcrumb"},"inLanguage":"me-ME","potentialAction":[{"@type":"ReadAction","target":["https:\/\/www.evropskakuca.me\/me\/kroz-eu-projekat-zaposleno-22-nezaposlenih-iz-danilovgrada\/"]}]},{"@type":"ImageObject","inLanguage":"me-ME","@id":"https:\/\/www.evropskakuca.me\/me\/kroz-eu-projekat-zaposleno-22-nezaposlenih-iz-danilovgrada\/#primaryimage","url":"https:\/\/evropskakuca.me\/wp-content\/uploads\/2023\/03\/eu_dg-33-of-57-1024x682.jpg","contentUrl":"https:\/\/evropskakuca.me\/wp-content\/uploads\/2023\/03\/eu_dg-33-of-57-1024x682.jpg"},{"@type":"BreadcrumbList","@id":"https:\/\/www.evropskakuca.me\/me\/kroz-eu-projekat-zaposleno-22-nezaposlenih-iz-danilovgrada\/#breadcrumb","itemListElement":[{"@type":"ListItem","position":1,"name":"Home","item":"https:\/\/www.evropskakuca.me\/me\/"},{"@type":"ListItem","position":2,"name":"Kroz EU projekat zaposleno 22 nezaposlenih iz Danilovgrada"}]},{"@type":"WebSite","@id":"https:\/\/www.evropskakuca.me\/me\/#website","url":"https:\/\/www.evropskakuca.me\/me\/","name":"Evropean house","description":"","publisher":{"@id":"https:\/\/www.evropskakuca.me\/me\/#organization"},"potentialAction":[{"@type":"SearchAction","target":{"@type":"EntryPoint","urlTemplate":"https:\/\/www.evropskakuca.me\/me\/?s={search_term_string}"},"query-input":{"@type":"PropertyValueSpecification","valueRequired":true,"valueName":"search_term_string"}}],"inLanguage":"me-ME"},{"@type":"Organization","@id":"https:\/\/www.evropskakuca.me\/me\/#organization","name":"Evropean house","url":"https:\/\/www.evropskakuca.me\/me\/","logo":{"@type":"ImageObject","inLanguage":"me-ME","@id":"https:\/\/www.evropskakuca.me\/me\/#\/schema\/logo\/image\/","url":"https:\/\/www.evropskakuca.me\/wp-content\/uploads\/2025\/01\/evropska-kuca-logo-1.png","contentUrl":"https:\/\/www.evropskakuca.me\/wp-content\/uploads\/2025\/01\/evropska-kuca-logo-1.png","width":425,"height":312,"caption":"Evropean house"},"image":{"@id":"https:\/\/www.evropskakuca.me\/me\/#\/schema\/logo\/image\/"},"sameAs":["https:\/\/www.facebook.com\/evropska.kuca","https:\/\/x.com\/evropska_kuca","https:\/\/www.instagram.com\/evropska_kuca"]},{"@type":"Person","@id":"https:\/\/www.evropskakuca.me\/me\/#\/schema\/person\/a1d0dcdaefe4a1cd1d60d200ea137ba4","name":"mkajic","image":{"@type":"ImageObject","inLanguage":"me-ME","@id":"https:\/\/secure.gravatar.com\/avatar\/731fa035cefab7316e6bafd1f25a93fb731a07de14e2d9923f8db4422628eabc?s=96&d=mm&r=g","url":"https:\/\/secure.gravatar.com\/avatar\/731fa035cefab7316e6bafd1f25a93fb731a07de14e2d9923f8db4422628eabc?s=96&d=mm&r=g","contentUrl":"https:\/\/secure.gravatar.com\/avatar\/731fa035cefab7316e6bafd1f25a93fb731a07de14e2d9923f8db4422628eabc?s=96&d=mm&r=g","caption":"mkajic"},"sameAs":["https:\/\/evropskakuca.me"],"url":"https:\/\/www.evropskakuca.me\/me\/author\/mkajic\/"}]}},"_links":{"self":[{"href":"https:\/\/www.evropskakuca.me\/me\/wp-json\/wp\/v2\/posts\/24195","targetHints":{"allow":["GET"]}}],"collection":[{"href":"https:\/\/www.evropskakuca.me\/me\/wp-json\/wp\/v2\/posts"}],"about":[{"href":"https:\/\/www.evropskakuca.me\/me\/wp-json\/wp\/v2\/types\/post"}],"author":[{"embeddable":true,"href":"https:\/\/www.evropskakuca.me\/me\/wp-json\/wp\/v2\/users\/1"}],"replies":[{"embeddable":true,"href":"https:\/\/www.evropskakuca.me\/me\/wp-json\/wp\/v2\/comments?post=24195"}],"version-history":[{"count":0,"href":"https:\/\/www.evropskakuca.me\/me\/wp-json\/wp\/v2\/posts\/24195\/revisions"}],"wp:attachment":[{"href":"https:\/\/www.evropskakuca.me\/me\/wp-json\/wp\/v2\/media?parent=24195"}],"wp:term":[{"taxonomy":"category","embeddable":true,"href":"https:\/\/www.evropskakuca.me\/me\/wp-json\/wp\/v2\/categories?post=24195"},{"taxonomy":"post_tag","embeddable":true,"href":"https:\/\/www.evropskakuca.me\/me\/wp-json\/wp\/v2\/tags?post=24195"}],"curies":[{"name":"wp","href":"https:\/\/api.w.org\/{rel}","templated":true}]}}