{"id":24141,"date":"2023-02-28T15:00:24","date_gmt":"2023-02-28T15:00:24","guid":{"rendered":"https:\/\/evropskakuca.me\/?p=24141"},"modified":"2023-02-28T15:00:24","modified_gmt":"2023-02-28T15:00:24","slug":"ucenici-osnovne-skole-oktoih-u-posjeti-evropskoj-kuci","status":"publish","type":"post","link":"https:\/\/www.evropskakuca.me\/me\/ucenici-osnovne-skole-oktoih-u-posjeti-evropskoj-kuci\/","title":{"rendered":"U\u010denici osnovne \u0161kole Oktoih u posjeti Evropskoj ku\u0107i"},"content":{"rendered":"<p>Evropska ku\u0107a je imala \u010dast da ugosti u\u010denike drugog razreda osnovne \u0161kole Oktoih iz Podgorice. Mali\u0161ani iz odjeljenja II-3 predvo\u0111eni u\u010diteljicom Jasnom Radovi\u0107 izrazili su \u017eelju da se upoznaju sa radom Evropske ku\u0107e i istorijatom Evropske unije. Evropska ku\u0107a im je rado iza\u0161la u susret.<\/p>\n<p>Tim Evropske ku\u0107e predstavio je aktivnosti koje obavlja i kroz zanimljive interaktivne video igrice mali\u0161anima predstavio Evropsku uniju od njenih po\u010detaka do dana\u0161njih dana. Djevoj\u010dice i dje\u010daci imali su priliku da u\u010de o zanimljivostima iz zemalja Evropske unije, poznatim evropskim nau\u010dnicima i umjetnicima.<\/p>\n<p><img fetchpriority=\"high\" decoding=\"async\" class=\"alignnone size-large wp-image-24144\" src=\"https:\/\/evropskakuca.me\/wp-content\/uploads\/2023\/02\/image_50448129-1024x768.jpg\" alt=\"\" width=\"1024\" height=\"768\" \/><\/p>\n<p>Nakon odigranog kviza, dje\u010daci i djevoj\u010dice su obi\u0161li Evropsku ku\u0107u i proveli vrijeme dru\u017ee\u0107i se \u010dlanovima tima, igraju\u0107i stoni fudbal i pikado. Dru\u017eenje je zavr\u0161eno uz kola\u010di\u0107e i\u00a0 prigodne poklone djeci a u ime odjeljenja timu Evropske ku\u0107e zahvalio se dje\u010dak po imenu Lazar.<\/p>\n<p>Sumiraju\u0107i utiske u\u010diteljica Jasna Radovi\u0107 kazala je da je Evropska ku\u0107a imala zadovoljstvo da joj u posjetu do\u0111u djeca koja su dr\u017eavni \u0161ampioni i u razli\u010ditim disciplinama znanja i sporta. Ta djeca su budu\u0107nost ne samo Crne Gore nego i zajednice kojoj te\u017ei.<\/p>\n<p>Mali\u0161ani su obe\u0107ali da \u0107e nastaviti dru\u017eenje sa Evropskom ku\u0107om i \u010de\u0161\u0107e dolaziti u posjete. Sa svoje strane, tim Evropske ku\u0107e obe\u0107ao im je jo\u0161 mnogo zanimljivih doga\u0111aja i dobrodo\u0161licu kakvu zaslu\u017euju, svaki put kada kada odlu\u010de da budu dio \u201eevropske pri\u010de\u201c.<\/p>\n<p>&nbsp;<\/p>\n","protected":false},"excerpt":{"rendered":"<p>Evropska ku\u0107a je imala \u010dast da ugosti u\u010denike drugog razreda osnovne \u0161kole Oktoih iz Podgorice. Mali\u0161ani iz odjeljenja II-3 predvo\u0111eni u\u010diteljicom Jasnom Radovi\u0107 izrazili su \u017eelju da se upoznaju sa radom Evropske ku\u0107e i istorijatom Evropske unije. Evropska ku\u0107a im je rado iza\u0161la u susret. Tim Evropske ku\u0107e predstavio je aktivnosti koje obavlja i kroz [&hellip;]<\/p>\n","protected":false},"author":1,"featured_media":38677,"comment_status":"closed","ping_status":"closed","sticky":false,"template":"","format":"standard","meta":{"_acf_changed":false,"footnotes":""},"categories":[],"tags":[],"class_list":["post-24141","post","type-post","status-publish","format-standard","has-post-thumbnail","hentry"],"acf":[],"yoast_head":"<!-- This site is optimized with the Yoast SEO plugin v27.3 - https:\/\/yoast.com\/product\/yoast-seo-wordpress\/ -->\n<title>U\u010denici osnovne \u0161kole Oktoih u posjeti Evropskoj ku\u0107i - Europe House<\/title>\n<meta name=\"robots\" content=\"index, follow, max-snippet:-1, max-image-preview:large, max-video-preview:-1\" \/>\n<link rel=\"canonical\" href=\"https:\/\/www.evropskakuca.me\/me\/ucenici-osnovne-skole-oktoih-u-posjeti-evropskoj-kuci\/\" \/>\n<meta property=\"og:locale\" content=\"en_US\" \/>\n<meta property=\"og:type\" content=\"article\" \/>\n<meta property=\"og:title\" content=\"U\u010denici osnovne \u0161kole Oktoih u posjeti Evropskoj ku\u0107i - Europe House\" \/>\n<meta property=\"og:description\" content=\"Evropska ku\u0107a je imala \u010dast da ugosti u\u010denike drugog razreda osnovne \u0161kole Oktoih iz Podgorice. Mali\u0161ani iz odjeljenja II-3 predvo\u0111eni u\u010diteljicom Jasnom Radovi\u0107 izrazili su \u017eelju da se upoznaju sa radom Evropske ku\u0107e i istorijatom Evropske unije. Evropska ku\u0107a im je rado iza\u0161la u susret. Tim Evropske ku\u0107e predstavio je aktivnosti koje obavlja i kroz [&hellip;]\" \/>\n<meta property=\"og:url\" content=\"https:\/\/www.evropskakuca.me\/me\/ucenici-osnovne-skole-oktoih-u-posjeti-evropskoj-kuci\/\" \/>\n<meta property=\"og:site_name\" content=\"Europe House\" \/>\n<meta property=\"article:publisher\" content=\"https:\/\/www.facebook.com\/evropska.kuca\" \/>\n<meta property=\"article:published_time\" content=\"2023-02-28T15:00:24+00:00\" \/>\n<meta property=\"og:image\" content=\"https:\/\/www.evropskakuca.me\/wp-content\/uploads\/2023\/02\/image_50738689.jpg\" \/>\n\t<meta property=\"og:image:width\" content=\"2560\" \/>\n\t<meta property=\"og:image:height\" content=\"1920\" \/>\n\t<meta property=\"og:image:type\" content=\"image\/jpeg\" \/>\n<meta name=\"author\" content=\"mkajic\" \/>\n<meta name=\"twitter:card\" content=\"summary_large_image\" \/>\n<meta name=\"twitter:creator\" content=\"@evropska_kuca\" \/>\n<meta name=\"twitter:site\" content=\"@evropska_kuca\" \/>\n<meta name=\"twitter:label1\" content=\"Written by\" \/>\n\t<meta name=\"twitter:data1\" content=\"mkajic\" \/>\n\t<meta name=\"twitter:label2\" content=\"Est. reading time\" \/>\n\t<meta name=\"twitter:data2\" content=\"2 minutes\" \/>\n<script type=\"application\/ld+json\" class=\"yoast-schema-graph\">{\"@context\":\"https:\\\/\\\/schema.org\",\"@graph\":[{\"@type\":\"Article\",\"@id\":\"https:\\\/\\\/www.evropskakuca.me\\\/me\\\/ucenici-osnovne-skole-oktoih-u-posjeti-evropskoj-kuci\\\/#article\",\"isPartOf\":{\"@id\":\"https:\\\/\\\/www.evropskakuca.me\\\/me\\\/ucenici-osnovne-skole-oktoih-u-posjeti-evropskoj-kuci\\\/\"},\"author\":{\"name\":\"mkajic\",\"@id\":\"https:\\\/\\\/www.evropskakuca.me\\\/me\\\/#\\\/schema\\\/person\\\/a1d0dcdaefe4a1cd1d60d200ea137ba4\"},\"headline\":\"U\u010denici osnovne \u0161kole Oktoih u posjeti Evropskoj ku\u0107i\",\"datePublished\":\"2023-02-28T15:00:24+00:00\",\"mainEntityOfPage\":{\"@id\":\"https:\\\/\\\/www.evropskakuca.me\\\/me\\\/ucenici-osnovne-skole-oktoih-u-posjeti-evropskoj-kuci\\\/\"},\"wordCount\":277,\"publisher\":{\"@id\":\"https:\\\/\\\/www.evropskakuca.me\\\/me\\\/#organization\"},\"image\":{\"@id\":\"https:\\\/\\\/www.evropskakuca.me\\\/me\\\/ucenici-osnovne-skole-oktoih-u-posjeti-evropskoj-kuci\\\/#primaryimage\"},\"thumbnailUrl\":\"https:\\\/\\\/www.evropskakuca.me\\\/wp-content\\\/uploads\\\/2023\\\/02\\\/image_50738689.jpg\",\"inLanguage\":\"me-ME\"},{\"@type\":\"WebPage\",\"@id\":\"https:\\\/\\\/www.evropskakuca.me\\\/me\\\/ucenici-osnovne-skole-oktoih-u-posjeti-evropskoj-kuci\\\/\",\"url\":\"https:\\\/\\\/www.evropskakuca.me\\\/me\\\/ucenici-osnovne-skole-oktoih-u-posjeti-evropskoj-kuci\\\/\",\"name\":\"U\u010denici osnovne \u0161kole Oktoih u posjeti Evropskoj ku\u0107i - Europe House\",\"isPartOf\":{\"@id\":\"https:\\\/\\\/www.evropskakuca.me\\\/me\\\/#website\"},\"primaryImageOfPage\":{\"@id\":\"https:\\\/\\\/www.evropskakuca.me\\\/me\\\/ucenici-osnovne-skole-oktoih-u-posjeti-evropskoj-kuci\\\/#primaryimage\"},\"image\":{\"@id\":\"https:\\\/\\\/www.evropskakuca.me\\\/me\\\/ucenici-osnovne-skole-oktoih-u-posjeti-evropskoj-kuci\\\/#primaryimage\"},\"thumbnailUrl\":\"https:\\\/\\\/www.evropskakuca.me\\\/wp-content\\\/uploads\\\/2023\\\/02\\\/image_50738689.jpg\",\"datePublished\":\"2023-02-28T15:00:24+00:00\",\"breadcrumb\":{\"@id\":\"https:\\\/\\\/www.evropskakuca.me\\\/me\\\/ucenici-osnovne-skole-oktoih-u-posjeti-evropskoj-kuci\\\/#breadcrumb\"},\"inLanguage\":\"me-ME\",\"potentialAction\":[{\"@type\":\"ReadAction\",\"target\":[\"https:\\\/\\\/www.evropskakuca.me\\\/me\\\/ucenici-osnovne-skole-oktoih-u-posjeti-evropskoj-kuci\\\/\"]}]},{\"@type\":\"ImageObject\",\"inLanguage\":\"me-ME\",\"@id\":\"https:\\\/\\\/www.evropskakuca.me\\\/me\\\/ucenici-osnovne-skole-oktoih-u-posjeti-evropskoj-kuci\\\/#primaryimage\",\"url\":\"https:\\\/\\\/www.evropskakuca.me\\\/wp-content\\\/uploads\\\/2023\\\/02\\\/image_50738689.jpg\",\"contentUrl\":\"https:\\\/\\\/www.evropskakuca.me\\\/wp-content\\\/uploads\\\/2023\\\/02\\\/image_50738689.jpg\",\"width\":2560,\"height\":1920},{\"@type\":\"BreadcrumbList\",\"@id\":\"https:\\\/\\\/www.evropskakuca.me\\\/me\\\/ucenici-osnovne-skole-oktoih-u-posjeti-evropskoj-kuci\\\/#breadcrumb\",\"itemListElement\":[{\"@type\":\"ListItem\",\"position\":1,\"name\":\"Home\",\"item\":\"https:\\\/\\\/www.evropskakuca.me\\\/me\\\/\"},{\"@type\":\"ListItem\",\"position\":2,\"name\":\"U\u010denici osnovne \u0161kole Oktoih u posjeti Evropskoj ku\u0107i\"}]},{\"@type\":\"WebSite\",\"@id\":\"https:\\\/\\\/www.evropskakuca.me\\\/me\\\/#website\",\"url\":\"https:\\\/\\\/www.evropskakuca.me\\\/me\\\/\",\"name\":\"Evropean house\",\"description\":\"\",\"publisher\":{\"@id\":\"https:\\\/\\\/www.evropskakuca.me\\\/me\\\/#organization\"},\"potentialAction\":[{\"@type\":\"SearchAction\",\"target\":{\"@type\":\"EntryPoint\",\"urlTemplate\":\"https:\\\/\\\/www.evropskakuca.me\\\/me\\\/?s={search_term_string}\"},\"query-input\":{\"@type\":\"PropertyValueSpecification\",\"valueRequired\":true,\"valueName\":\"search_term_string\"}}],\"inLanguage\":\"me-ME\"},{\"@type\":\"Organization\",\"@id\":\"https:\\\/\\\/www.evropskakuca.me\\\/me\\\/#organization\",\"name\":\"Evropean house\",\"url\":\"https:\\\/\\\/www.evropskakuca.me\\\/me\\\/\",\"logo\":{\"@type\":\"ImageObject\",\"inLanguage\":\"me-ME\",\"@id\":\"https:\\\/\\\/www.evropskakuca.me\\\/me\\\/#\\\/schema\\\/logo\\\/image\\\/\",\"url\":\"https:\\\/\\\/www.evropskakuca.me\\\/wp-content\\\/uploads\\\/2025\\\/01\\\/evropska-kuca-logo-1.png\",\"contentUrl\":\"https:\\\/\\\/www.evropskakuca.me\\\/wp-content\\\/uploads\\\/2025\\\/01\\\/evropska-kuca-logo-1.png\",\"width\":425,\"height\":312,\"caption\":\"Evropean house\"},\"image\":{\"@id\":\"https:\\\/\\\/www.evropskakuca.me\\\/me\\\/#\\\/schema\\\/logo\\\/image\\\/\"},\"sameAs\":[\"https:\\\/\\\/www.facebook.com\\\/evropska.kuca\",\"https:\\\/\\\/x.com\\\/evropska_kuca\",\"https:\\\/\\\/www.instagram.com\\\/evropska_kuca\"]},{\"@type\":\"Person\",\"@id\":\"https:\\\/\\\/www.evropskakuca.me\\\/me\\\/#\\\/schema\\\/person\\\/a1d0dcdaefe4a1cd1d60d200ea137ba4\",\"name\":\"mkajic\",\"image\":{\"@type\":\"ImageObject\",\"inLanguage\":\"me-ME\",\"@id\":\"https:\\\/\\\/secure.gravatar.com\\\/avatar\\\/731fa035cefab7316e6bafd1f25a93fb731a07de14e2d9923f8db4422628eabc?s=96&d=mm&r=g\",\"url\":\"https:\\\/\\\/secure.gravatar.com\\\/avatar\\\/731fa035cefab7316e6bafd1f25a93fb731a07de14e2d9923f8db4422628eabc?s=96&d=mm&r=g\",\"contentUrl\":\"https:\\\/\\\/secure.gravatar.com\\\/avatar\\\/731fa035cefab7316e6bafd1f25a93fb731a07de14e2d9923f8db4422628eabc?s=96&d=mm&r=g\",\"caption\":\"mkajic\"},\"sameAs\":[\"https:\\\/\\\/evropskakuca.me\"],\"url\":\"https:\\\/\\\/www.evropskakuca.me\\\/me\\\/author\\\/mkajic\\\/\"}]}<\/script>\n<!-- \/ Yoast SEO plugin. -->","yoast_head_json":{"title":"U\u010denici osnovne \u0161kole Oktoih u posjeti Evropskoj ku\u0107i - Europe House","robots":{"index":"index","follow":"follow","max-snippet":"max-snippet:-1","max-image-preview":"max-image-preview:large","max-video-preview":"max-video-preview:-1"},"canonical":"https:\/\/www.evropskakuca.me\/me\/ucenici-osnovne-skole-oktoih-u-posjeti-evropskoj-kuci\/","og_locale":"en_US","og_type":"article","og_title":"U\u010denici osnovne \u0161kole Oktoih u posjeti Evropskoj ku\u0107i - Europe House","og_description":"Evropska ku\u0107a je imala \u010dast da ugosti u\u010denike drugog razreda osnovne \u0161kole Oktoih iz Podgorice. Mali\u0161ani iz odjeljenja II-3 predvo\u0111eni u\u010diteljicom Jasnom Radovi\u0107 izrazili su \u017eelju da se upoznaju sa radom Evropske ku\u0107e i istorijatom Evropske unije. Evropska ku\u0107a im je rado iza\u0161la u susret. Tim Evropske ku\u0107e predstavio je aktivnosti koje obavlja i kroz [&hellip;]","og_url":"https:\/\/www.evropskakuca.me\/me\/ucenici-osnovne-skole-oktoih-u-posjeti-evropskoj-kuci\/","og_site_name":"Europe House","article_publisher":"https:\/\/www.facebook.com\/evropska.kuca","article_published_time":"2023-02-28T15:00:24+00:00","og_image":[{"width":2560,"height":1920,"url":"https:\/\/www.evropskakuca.me\/wp-content\/uploads\/2023\/02\/image_50738689.jpg","type":"image\/jpeg"}],"author":"mkajic","twitter_card":"summary_large_image","twitter_creator":"@evropska_kuca","twitter_site":"@evropska_kuca","twitter_misc":{"Written by":"mkajic","Est. reading time":"2 minutes"},"schema":{"@context":"https:\/\/schema.org","@graph":[{"@type":"Article","@id":"https:\/\/www.evropskakuca.me\/me\/ucenici-osnovne-skole-oktoih-u-posjeti-evropskoj-kuci\/#article","isPartOf":{"@id":"https:\/\/www.evropskakuca.me\/me\/ucenici-osnovne-skole-oktoih-u-posjeti-evropskoj-kuci\/"},"author":{"name":"mkajic","@id":"https:\/\/www.evropskakuca.me\/me\/#\/schema\/person\/a1d0dcdaefe4a1cd1d60d200ea137ba4"},"headline":"U\u010denici osnovne \u0161kole Oktoih u posjeti Evropskoj ku\u0107i","datePublished":"2023-02-28T15:00:24+00:00","mainEntityOfPage":{"@id":"https:\/\/www.evropskakuca.me\/me\/ucenici-osnovne-skole-oktoih-u-posjeti-evropskoj-kuci\/"},"wordCount":277,"publisher":{"@id":"https:\/\/www.evropskakuca.me\/me\/#organization"},"image":{"@id":"https:\/\/www.evropskakuca.me\/me\/ucenici-osnovne-skole-oktoih-u-posjeti-evropskoj-kuci\/#primaryimage"},"thumbnailUrl":"https:\/\/www.evropskakuca.me\/wp-content\/uploads\/2023\/02\/image_50738689.jpg","inLanguage":"me-ME"},{"@type":"WebPage","@id":"https:\/\/www.evropskakuca.me\/me\/ucenici-osnovne-skole-oktoih-u-posjeti-evropskoj-kuci\/","url":"https:\/\/www.evropskakuca.me\/me\/ucenici-osnovne-skole-oktoih-u-posjeti-evropskoj-kuci\/","name":"U\u010denici osnovne \u0161kole Oktoih u posjeti Evropskoj ku\u0107i - Europe House","isPartOf":{"@id":"https:\/\/www.evropskakuca.me\/me\/#website"},"primaryImageOfPage":{"@id":"https:\/\/www.evropskakuca.me\/me\/ucenici-osnovne-skole-oktoih-u-posjeti-evropskoj-kuci\/#primaryimage"},"image":{"@id":"https:\/\/www.evropskakuca.me\/me\/ucenici-osnovne-skole-oktoih-u-posjeti-evropskoj-kuci\/#primaryimage"},"thumbnailUrl":"https:\/\/www.evropskakuca.me\/wp-content\/uploads\/2023\/02\/image_50738689.jpg","datePublished":"2023-02-28T15:00:24+00:00","breadcrumb":{"@id":"https:\/\/www.evropskakuca.me\/me\/ucenici-osnovne-skole-oktoih-u-posjeti-evropskoj-kuci\/#breadcrumb"},"inLanguage":"me-ME","potentialAction":[{"@type":"ReadAction","target":["https:\/\/www.evropskakuca.me\/me\/ucenici-osnovne-skole-oktoih-u-posjeti-evropskoj-kuci\/"]}]},{"@type":"ImageObject","inLanguage":"me-ME","@id":"https:\/\/www.evropskakuca.me\/me\/ucenici-osnovne-skole-oktoih-u-posjeti-evropskoj-kuci\/#primaryimage","url":"https:\/\/www.evropskakuca.me\/wp-content\/uploads\/2023\/02\/image_50738689.jpg","contentUrl":"https:\/\/www.evropskakuca.me\/wp-content\/uploads\/2023\/02\/image_50738689.jpg","width":2560,"height":1920},{"@type":"BreadcrumbList","@id":"https:\/\/www.evropskakuca.me\/me\/ucenici-osnovne-skole-oktoih-u-posjeti-evropskoj-kuci\/#breadcrumb","itemListElement":[{"@type":"ListItem","position":1,"name":"Home","item":"https:\/\/www.evropskakuca.me\/me\/"},{"@type":"ListItem","position":2,"name":"U\u010denici osnovne \u0161kole Oktoih u posjeti Evropskoj ku\u0107i"}]},{"@type":"WebSite","@id":"https:\/\/www.evropskakuca.me\/me\/#website","url":"https:\/\/www.evropskakuca.me\/me\/","name":"Evropean house","description":"","publisher":{"@id":"https:\/\/www.evropskakuca.me\/me\/#organization"},"potentialAction":[{"@type":"SearchAction","target":{"@type":"EntryPoint","urlTemplate":"https:\/\/www.evropskakuca.me\/me\/?s={search_term_string}"},"query-input":{"@type":"PropertyValueSpecification","valueRequired":true,"valueName":"search_term_string"}}],"inLanguage":"me-ME"},{"@type":"Organization","@id":"https:\/\/www.evropskakuca.me\/me\/#organization","name":"Evropean house","url":"https:\/\/www.evropskakuca.me\/me\/","logo":{"@type":"ImageObject","inLanguage":"me-ME","@id":"https:\/\/www.evropskakuca.me\/me\/#\/schema\/logo\/image\/","url":"https:\/\/www.evropskakuca.me\/wp-content\/uploads\/2025\/01\/evropska-kuca-logo-1.png","contentUrl":"https:\/\/www.evropskakuca.me\/wp-content\/uploads\/2025\/01\/evropska-kuca-logo-1.png","width":425,"height":312,"caption":"Evropean house"},"image":{"@id":"https:\/\/www.evropskakuca.me\/me\/#\/schema\/logo\/image\/"},"sameAs":["https:\/\/www.facebook.com\/evropska.kuca","https:\/\/x.com\/evropska_kuca","https:\/\/www.instagram.com\/evropska_kuca"]},{"@type":"Person","@id":"https:\/\/www.evropskakuca.me\/me\/#\/schema\/person\/a1d0dcdaefe4a1cd1d60d200ea137ba4","name":"mkajic","image":{"@type":"ImageObject","inLanguage":"me-ME","@id":"https:\/\/secure.gravatar.com\/avatar\/731fa035cefab7316e6bafd1f25a93fb731a07de14e2d9923f8db4422628eabc?s=96&d=mm&r=g","url":"https:\/\/secure.gravatar.com\/avatar\/731fa035cefab7316e6bafd1f25a93fb731a07de14e2d9923f8db4422628eabc?s=96&d=mm&r=g","contentUrl":"https:\/\/secure.gravatar.com\/avatar\/731fa035cefab7316e6bafd1f25a93fb731a07de14e2d9923f8db4422628eabc?s=96&d=mm&r=g","caption":"mkajic"},"sameAs":["https:\/\/evropskakuca.me"],"url":"https:\/\/www.evropskakuca.me\/me\/author\/mkajic\/"}]}},"_links":{"self":[{"href":"https:\/\/www.evropskakuca.me\/me\/wp-json\/wp\/v2\/posts\/24141","targetHints":{"allow":["GET"]}}],"collection":[{"href":"https:\/\/www.evropskakuca.me\/me\/wp-json\/wp\/v2\/posts"}],"about":[{"href":"https:\/\/www.evropskakuca.me\/me\/wp-json\/wp\/v2\/types\/post"}],"author":[{"embeddable":true,"href":"https:\/\/www.evropskakuca.me\/me\/wp-json\/wp\/v2\/users\/1"}],"replies":[{"embeddable":true,"href":"https:\/\/www.evropskakuca.me\/me\/wp-json\/wp\/v2\/comments?post=24141"}],"version-history":[{"count":0,"href":"https:\/\/www.evropskakuca.me\/me\/wp-json\/wp\/v2\/posts\/24141\/revisions"}],"wp:featuredmedia":[{"embeddable":true,"href":"https:\/\/www.evropskakuca.me\/me\/wp-json\/wp\/v2\/media\/38677"}],"wp:attachment":[{"href":"https:\/\/www.evropskakuca.me\/me\/wp-json\/wp\/v2\/media?parent=24141"}],"wp:term":[{"taxonomy":"category","embeddable":true,"href":"https:\/\/www.evropskakuca.me\/me\/wp-json\/wp\/v2\/categories?post=24141"},{"taxonomy":"post_tag","embeddable":true,"href":"https:\/\/www.evropskakuca.me\/me\/wp-json\/wp\/v2\/tags?post=24141"}],"curies":[{"name":"wp","href":"https:\/\/api.w.org\/{rel}","templated":true}]}}