{"id":2414,"date":"2016-11-22T15:13:01","date_gmt":"2016-11-22T15:13:01","guid":{"rendered":"http:\/\/www.evropskakuca.me\/me\/?p=2414"},"modified":"2016-11-22T15:13:01","modified_gmt":"2016-11-22T15:13:01","slug":"klikom-prijave-krsenja-prava","status":"publish","type":"post","link":"https:\/\/www.evropskakuca.me\/me\/klikom-prijave-krsenja-prava\/","title":{"rendered":"Prijava kr\u0161enja prava nikad jednostavnija"},"content":{"rendered":"<p>Podgorica, 22. novembar 2016. &#8211; Putem aplikacije za mobilni telefon \u201eGra\u0111anski institut\u201c koju je danas u EU Info centru predstavila NVO \u201e35mm\u201c gra\u0111ani Crne Gore mogu da prijave kr\u0161enje njihovih prava kao radnika, pacijenata i potro\u0161a\u010da.<\/p>\n<p><a href=\"http:\/\/www.evropskakuca.me\/wp-content\/uploads\/2016\/11\/gradjanski-institut.jpg\"><img fetchpriority=\"high\" decoding=\"async\" class=\"alignleft size-full wp-image-2417\" src=\"http:\/\/www.evropskakuca.me\/wp-content\/uploads\/2016\/11\/gradjanski-institut.jpg\" alt=\"gradjanski-institut\" width=\"323\" height=\"574\" \/><\/a>\u201ePutem aplikacije za mobilne telefone gra\u0111ani mogu da lociraju i opi\u0161u problem, ali i navedu instituciju za koju smatraju da je nadle\u017ena u rje\u0161avanju problema sa kojima se suo\u010davaju. U mogu\u0107nosti su da prijavom problema prate faze njegovog rje\u0161avanja\u201c, saop\u0161tila je projektna menad\u017eerka Milica \u0110ok\u0111uri\u0107.<\/p>\n<p>Mobilna aplikacija \u201eGra\u0111anski institut\u201c dio je projekta \u201eMarginalizovani od strane sistema: Ne vi\u0161e!\u201c, koji finansira Evropska unija.<\/p>\n<p>\u201eKroz pomenuti projekat, koji je finansirala Evropska unija, NVO \u201e35mm\u201c \u017eeli da obezbijedi direktne informacije, odre\u0111ene vidove pomo\u0107i obespravljenima, uklju\u010di relevantne institucije u dijalog, te izgradi jaku mre\u017eu organizacija koje \u0107e se baviti promocijom i za\u0161titom prava radnika, pacijenata i potro\u0161a\u010da\u201c, kazala je \u0110ok\u0111uri\u0107.<\/p>\n<p>U projektu kao partneri u\u010destvuju Sindikat medija Crne Gore, Centar za za\u0161titu potro\u0161a\u010da Crne Gore (CEZAP), NVO \u201eKrug \u017eivota\u201c, Udru\u017eenje \u201eRoditelji\u201c, Unija slobodnih sindikata Crne Gore, CAZAS, NVO \u201eBolji \u017eivot\u201c \u2013 Plav i Fondacija \u201eRuka prijateljstva\u201c.<\/p>\n<p>Predstavnici Sindikata medija, Udru\u017eenja \u201eRoditelji\u201c i CEZAP-a naveli su brojne probleme zbog kojih im se gra\u0111ani obra\u0107aju, od kr\u0161enja prava iz radnog odnosa, mobinga, preko preblema u ostvarivanju zdravstvene za\u0161tite, do neregularnosti u pretplatni\u010dkim ugovorima i neodgovaraju\u0107eg odnosa kvaliteta robe i cijene. Od nove aplikacije o\u010dekuju da olak\u0161a prijavu kr\u0161anja prava gra\u0111ana i da dodatno podstakne ljude da ne dozvole da budu zanemareni, nego da tra\u017ee zadovoljenje prava koja im pripadaju.<\/p>\n<p>\u201eGra\u0111anski institut\u201c mo\u017ee da koristi svako ko ima android telefon ili Google nalog, tako \u0161to \u0107e aplikaciju besplatno preuzeti sa Google play store-a. Aplikacija sadr\u017ei jednostavna pravila za prijavu problema i na crnogorskom je jeziku.<\/p>\n<p><em>Sadr\u017eaj ovog \u010dlanka je isklju\u010diva odgovornost EU Info Centra i ni na koji na\u010din ne odra\u017eava stavove Evropske unije.<\/em><\/p>\n","protected":false},"excerpt":{"rendered":"<p>Podgorica, 22. novembar 2016. &#8211; Putem aplikacije za mobilni telefon \u201eGra\u0111anski institut\u201c koju je danas u EU Info centru predstavila NVO \u201e35mm\u201c gra\u0111ani Crne Gore mogu da prijave kr\u0161enje njihovih prava kao radnika, pacijenata i potro\u0161a\u010da. \u201ePutem aplikacije za mobilne telefone gra\u0111ani mogu da lociraju i opi\u0161u problem, ali i navedu instituciju za koju smatraju [&hellip;]<\/p>\n","protected":false},"author":1,"featured_media":32154,"comment_status":"open","ping_status":"open","sticky":false,"template":"","format":"standard","meta":{"_acf_changed":false,"footnotes":""},"categories":[],"tags":[],"class_list":["post-2414","post","type-post","status-publish","format-standard","has-post-thumbnail","hentry"],"acf":[],"yoast_head":"<!-- This site is optimized with the Yoast SEO plugin v27.3 - https:\/\/yoast.com\/product\/yoast-seo-wordpress\/ -->\n<title>Prijava kr\u0161enja prava nikad jednostavnija - Europe House<\/title>\n<meta name=\"robots\" content=\"index, follow, max-snippet:-1, max-image-preview:large, max-video-preview:-1\" \/>\n<link rel=\"canonical\" href=\"https:\/\/www.evropskakuca.me\/me\/klikom-prijave-krsenja-prava\/\" \/>\n<meta property=\"og:locale\" content=\"en_US\" \/>\n<meta property=\"og:type\" content=\"article\" \/>\n<meta property=\"og:title\" content=\"Prijava kr\u0161enja prava nikad jednostavnija - Europe House\" \/>\n<meta property=\"og:description\" content=\"Podgorica, 22. novembar 2016. &#8211; Putem aplikacije za mobilni telefon \u201eGra\u0111anski institut\u201c koju je danas u EU Info centru predstavila NVO \u201e35mm\u201c gra\u0111ani Crne Gore mogu da prijave kr\u0161enje njihovih prava kao radnika, pacijenata i potro\u0161a\u010da. \u201ePutem aplikacije za mobilne telefone gra\u0111ani mogu da lociraju i opi\u0161u problem, ali i navedu instituciju za koju smatraju [&hellip;]\" \/>\n<meta property=\"og:url\" content=\"https:\/\/www.evropskakuca.me\/me\/klikom-prijave-krsenja-prava\/\" \/>\n<meta property=\"og:site_name\" content=\"Europe House\" \/>\n<meta property=\"article:publisher\" content=\"https:\/\/www.facebook.com\/evropska.kuca\" \/>\n<meta property=\"article:published_time\" content=\"2016-11-22T15:13:01+00:00\" \/>\n<meta property=\"og:image\" content=\"https:\/\/www.evropskakuca.me\/wp-content\/uploads\/2016\/11\/gradjanski_app.jpg\" \/>\n\t<meta property=\"og:image:width\" content=\"1012\" \/>\n\t<meta property=\"og:image:height\" content=\"675\" \/>\n\t<meta property=\"og:image:type\" content=\"image\/jpeg\" \/>\n<meta name=\"author\" content=\"mkajic\" \/>\n<meta name=\"twitter:card\" content=\"summary_large_image\" \/>\n<meta name=\"twitter:creator\" content=\"@evropska_kuca\" \/>\n<meta name=\"twitter:site\" content=\"@evropska_kuca\" \/>\n<meta name=\"twitter:label1\" content=\"Written by\" \/>\n\t<meta name=\"twitter:data1\" content=\"mkajic\" \/>\n\t<meta name=\"twitter:label2\" content=\"Est. reading time\" \/>\n\t<meta name=\"twitter:data2\" content=\"2 minutes\" \/>\n<script type=\"application\/ld+json\" class=\"yoast-schema-graph\">{\"@context\":\"https:\\\/\\\/schema.org\",\"@graph\":[{\"@type\":\"Article\",\"@id\":\"https:\\\/\\\/www.evropskakuca.me\\\/me\\\/klikom-prijave-krsenja-prava\\\/#article\",\"isPartOf\":{\"@id\":\"https:\\\/\\\/www.evropskakuca.me\\\/me\\\/klikom-prijave-krsenja-prava\\\/\"},\"author\":{\"name\":\"mkajic\",\"@id\":\"https:\\\/\\\/www.evropskakuca.me\\\/me\\\/#\\\/schema\\\/person\\\/a1d0dcdaefe4a1cd1d60d200ea137ba4\"},\"headline\":\"Prijava kr\u0161enja prava nikad jednostavnija\",\"datePublished\":\"2016-11-22T15:13:01+00:00\",\"mainEntityOfPage\":{\"@id\":\"https:\\\/\\\/www.evropskakuca.me\\\/me\\\/klikom-prijave-krsenja-prava\\\/\"},\"wordCount\":355,\"commentCount\":0,\"publisher\":{\"@id\":\"https:\\\/\\\/www.evropskakuca.me\\\/me\\\/#organization\"},\"image\":{\"@id\":\"https:\\\/\\\/www.evropskakuca.me\\\/me\\\/klikom-prijave-krsenja-prava\\\/#primaryimage\"},\"thumbnailUrl\":\"https:\\\/\\\/www.evropskakuca.me\\\/wp-content\\\/uploads\\\/2016\\\/11\\\/gradjanski_app.jpg\",\"inLanguage\":\"me-ME\",\"potentialAction\":[{\"@type\":\"CommentAction\",\"name\":\"Comment\",\"target\":[\"https:\\\/\\\/www.evropskakuca.me\\\/me\\\/klikom-prijave-krsenja-prava\\\/#respond\"]}]},{\"@type\":\"WebPage\",\"@id\":\"https:\\\/\\\/www.evropskakuca.me\\\/me\\\/klikom-prijave-krsenja-prava\\\/\",\"url\":\"https:\\\/\\\/www.evropskakuca.me\\\/me\\\/klikom-prijave-krsenja-prava\\\/\",\"name\":\"Prijava kr\u0161enja prava nikad jednostavnija - Europe House\",\"isPartOf\":{\"@id\":\"https:\\\/\\\/www.evropskakuca.me\\\/me\\\/#website\"},\"primaryImageOfPage\":{\"@id\":\"https:\\\/\\\/www.evropskakuca.me\\\/me\\\/klikom-prijave-krsenja-prava\\\/#primaryimage\"},\"image\":{\"@id\":\"https:\\\/\\\/www.evropskakuca.me\\\/me\\\/klikom-prijave-krsenja-prava\\\/#primaryimage\"},\"thumbnailUrl\":\"https:\\\/\\\/www.evropskakuca.me\\\/wp-content\\\/uploads\\\/2016\\\/11\\\/gradjanski_app.jpg\",\"datePublished\":\"2016-11-22T15:13:01+00:00\",\"breadcrumb\":{\"@id\":\"https:\\\/\\\/www.evropskakuca.me\\\/me\\\/klikom-prijave-krsenja-prava\\\/#breadcrumb\"},\"inLanguage\":\"me-ME\",\"potentialAction\":[{\"@type\":\"ReadAction\",\"target\":[\"https:\\\/\\\/www.evropskakuca.me\\\/me\\\/klikom-prijave-krsenja-prava\\\/\"]}]},{\"@type\":\"ImageObject\",\"inLanguage\":\"me-ME\",\"@id\":\"https:\\\/\\\/www.evropskakuca.me\\\/me\\\/klikom-prijave-krsenja-prava\\\/#primaryimage\",\"url\":\"https:\\\/\\\/www.evropskakuca.me\\\/wp-content\\\/uploads\\\/2016\\\/11\\\/gradjanski_app.jpg\",\"contentUrl\":\"https:\\\/\\\/www.evropskakuca.me\\\/wp-content\\\/uploads\\\/2016\\\/11\\\/gradjanski_app.jpg\",\"width\":1012,\"height\":675},{\"@type\":\"BreadcrumbList\",\"@id\":\"https:\\\/\\\/www.evropskakuca.me\\\/me\\\/klikom-prijave-krsenja-prava\\\/#breadcrumb\",\"itemListElement\":[{\"@type\":\"ListItem\",\"position\":1,\"name\":\"Home\",\"item\":\"https:\\\/\\\/www.evropskakuca.me\\\/me\\\/\"},{\"@type\":\"ListItem\",\"position\":2,\"name\":\"Prijava kr\u0161enja prava nikad jednostavnija\"}]},{\"@type\":\"WebSite\",\"@id\":\"https:\\\/\\\/www.evropskakuca.me\\\/me\\\/#website\",\"url\":\"https:\\\/\\\/www.evropskakuca.me\\\/me\\\/\",\"name\":\"Evropean house\",\"description\":\"\",\"publisher\":{\"@id\":\"https:\\\/\\\/www.evropskakuca.me\\\/me\\\/#organization\"},\"potentialAction\":[{\"@type\":\"SearchAction\",\"target\":{\"@type\":\"EntryPoint\",\"urlTemplate\":\"https:\\\/\\\/www.evropskakuca.me\\\/me\\\/?s={search_term_string}\"},\"query-input\":{\"@type\":\"PropertyValueSpecification\",\"valueRequired\":true,\"valueName\":\"search_term_string\"}}],\"inLanguage\":\"me-ME\"},{\"@type\":\"Organization\",\"@id\":\"https:\\\/\\\/www.evropskakuca.me\\\/me\\\/#organization\",\"name\":\"Evropean house\",\"url\":\"https:\\\/\\\/www.evropskakuca.me\\\/me\\\/\",\"logo\":{\"@type\":\"ImageObject\",\"inLanguage\":\"me-ME\",\"@id\":\"https:\\\/\\\/www.evropskakuca.me\\\/me\\\/#\\\/schema\\\/logo\\\/image\\\/\",\"url\":\"https:\\\/\\\/www.evropskakuca.me\\\/wp-content\\\/uploads\\\/2025\\\/01\\\/evropska-kuca-logo-1.png\",\"contentUrl\":\"https:\\\/\\\/www.evropskakuca.me\\\/wp-content\\\/uploads\\\/2025\\\/01\\\/evropska-kuca-logo-1.png\",\"width\":425,\"height\":312,\"caption\":\"Evropean house\"},\"image\":{\"@id\":\"https:\\\/\\\/www.evropskakuca.me\\\/me\\\/#\\\/schema\\\/logo\\\/image\\\/\"},\"sameAs\":[\"https:\\\/\\\/www.facebook.com\\\/evropska.kuca\",\"https:\\\/\\\/x.com\\\/evropska_kuca\",\"https:\\\/\\\/www.instagram.com\\\/evropska_kuca\"]},{\"@type\":\"Person\",\"@id\":\"https:\\\/\\\/www.evropskakuca.me\\\/me\\\/#\\\/schema\\\/person\\\/a1d0dcdaefe4a1cd1d60d200ea137ba4\",\"name\":\"mkajic\",\"image\":{\"@type\":\"ImageObject\",\"inLanguage\":\"me-ME\",\"@id\":\"https:\\\/\\\/secure.gravatar.com\\\/avatar\\\/731fa035cefab7316e6bafd1f25a93fb731a07de14e2d9923f8db4422628eabc?s=96&d=mm&r=g\",\"url\":\"https:\\\/\\\/secure.gravatar.com\\\/avatar\\\/731fa035cefab7316e6bafd1f25a93fb731a07de14e2d9923f8db4422628eabc?s=96&d=mm&r=g\",\"contentUrl\":\"https:\\\/\\\/secure.gravatar.com\\\/avatar\\\/731fa035cefab7316e6bafd1f25a93fb731a07de14e2d9923f8db4422628eabc?s=96&d=mm&r=g\",\"caption\":\"mkajic\"},\"sameAs\":[\"https:\\\/\\\/evropskakuca.me\"],\"url\":\"https:\\\/\\\/www.evropskakuca.me\\\/me\\\/author\\\/mkajic\\\/\"}]}<\/script>\n<!-- \/ Yoast SEO plugin. -->","yoast_head_json":{"title":"Prijava kr\u0161enja prava nikad jednostavnija - Europe House","robots":{"index":"index","follow":"follow","max-snippet":"max-snippet:-1","max-image-preview":"max-image-preview:large","max-video-preview":"max-video-preview:-1"},"canonical":"https:\/\/www.evropskakuca.me\/me\/klikom-prijave-krsenja-prava\/","og_locale":"en_US","og_type":"article","og_title":"Prijava kr\u0161enja prava nikad jednostavnija - Europe House","og_description":"Podgorica, 22. novembar 2016. &#8211; Putem aplikacije za mobilni telefon \u201eGra\u0111anski institut\u201c koju je danas u EU Info centru predstavila NVO \u201e35mm\u201c gra\u0111ani Crne Gore mogu da prijave kr\u0161enje njihovih prava kao radnika, pacijenata i potro\u0161a\u010da. \u201ePutem aplikacije za mobilne telefone gra\u0111ani mogu da lociraju i opi\u0161u problem, ali i navedu instituciju za koju smatraju [&hellip;]","og_url":"https:\/\/www.evropskakuca.me\/me\/klikom-prijave-krsenja-prava\/","og_site_name":"Europe House","article_publisher":"https:\/\/www.facebook.com\/evropska.kuca","article_published_time":"2016-11-22T15:13:01+00:00","og_image":[{"width":1012,"height":675,"url":"https:\/\/www.evropskakuca.me\/wp-content\/uploads\/2016\/11\/gradjanski_app.jpg","type":"image\/jpeg"}],"author":"mkajic","twitter_card":"summary_large_image","twitter_creator":"@evropska_kuca","twitter_site":"@evropska_kuca","twitter_misc":{"Written by":"mkajic","Est. reading time":"2 minutes"},"schema":{"@context":"https:\/\/schema.org","@graph":[{"@type":"Article","@id":"https:\/\/www.evropskakuca.me\/me\/klikom-prijave-krsenja-prava\/#article","isPartOf":{"@id":"https:\/\/www.evropskakuca.me\/me\/klikom-prijave-krsenja-prava\/"},"author":{"name":"mkajic","@id":"https:\/\/www.evropskakuca.me\/me\/#\/schema\/person\/a1d0dcdaefe4a1cd1d60d200ea137ba4"},"headline":"Prijava kr\u0161enja prava nikad jednostavnija","datePublished":"2016-11-22T15:13:01+00:00","mainEntityOfPage":{"@id":"https:\/\/www.evropskakuca.me\/me\/klikom-prijave-krsenja-prava\/"},"wordCount":355,"commentCount":0,"publisher":{"@id":"https:\/\/www.evropskakuca.me\/me\/#organization"},"image":{"@id":"https:\/\/www.evropskakuca.me\/me\/klikom-prijave-krsenja-prava\/#primaryimage"},"thumbnailUrl":"https:\/\/www.evropskakuca.me\/wp-content\/uploads\/2016\/11\/gradjanski_app.jpg","inLanguage":"me-ME","potentialAction":[{"@type":"CommentAction","name":"Comment","target":["https:\/\/www.evropskakuca.me\/me\/klikom-prijave-krsenja-prava\/#respond"]}]},{"@type":"WebPage","@id":"https:\/\/www.evropskakuca.me\/me\/klikom-prijave-krsenja-prava\/","url":"https:\/\/www.evropskakuca.me\/me\/klikom-prijave-krsenja-prava\/","name":"Prijava kr\u0161enja prava nikad jednostavnija - Europe House","isPartOf":{"@id":"https:\/\/www.evropskakuca.me\/me\/#website"},"primaryImageOfPage":{"@id":"https:\/\/www.evropskakuca.me\/me\/klikom-prijave-krsenja-prava\/#primaryimage"},"image":{"@id":"https:\/\/www.evropskakuca.me\/me\/klikom-prijave-krsenja-prava\/#primaryimage"},"thumbnailUrl":"https:\/\/www.evropskakuca.me\/wp-content\/uploads\/2016\/11\/gradjanski_app.jpg","datePublished":"2016-11-22T15:13:01+00:00","breadcrumb":{"@id":"https:\/\/www.evropskakuca.me\/me\/klikom-prijave-krsenja-prava\/#breadcrumb"},"inLanguage":"me-ME","potentialAction":[{"@type":"ReadAction","target":["https:\/\/www.evropskakuca.me\/me\/klikom-prijave-krsenja-prava\/"]}]},{"@type":"ImageObject","inLanguage":"me-ME","@id":"https:\/\/www.evropskakuca.me\/me\/klikom-prijave-krsenja-prava\/#primaryimage","url":"https:\/\/www.evropskakuca.me\/wp-content\/uploads\/2016\/11\/gradjanski_app.jpg","contentUrl":"https:\/\/www.evropskakuca.me\/wp-content\/uploads\/2016\/11\/gradjanski_app.jpg","width":1012,"height":675},{"@type":"BreadcrumbList","@id":"https:\/\/www.evropskakuca.me\/me\/klikom-prijave-krsenja-prava\/#breadcrumb","itemListElement":[{"@type":"ListItem","position":1,"name":"Home","item":"https:\/\/www.evropskakuca.me\/me\/"},{"@type":"ListItem","position":2,"name":"Prijava kr\u0161enja prava nikad jednostavnija"}]},{"@type":"WebSite","@id":"https:\/\/www.evropskakuca.me\/me\/#website","url":"https:\/\/www.evropskakuca.me\/me\/","name":"Evropean house","description":"","publisher":{"@id":"https:\/\/www.evropskakuca.me\/me\/#organization"},"potentialAction":[{"@type":"SearchAction","target":{"@type":"EntryPoint","urlTemplate":"https:\/\/www.evropskakuca.me\/me\/?s={search_term_string}"},"query-input":{"@type":"PropertyValueSpecification","valueRequired":true,"valueName":"search_term_string"}}],"inLanguage":"me-ME"},{"@type":"Organization","@id":"https:\/\/www.evropskakuca.me\/me\/#organization","name":"Evropean house","url":"https:\/\/www.evropskakuca.me\/me\/","logo":{"@type":"ImageObject","inLanguage":"me-ME","@id":"https:\/\/www.evropskakuca.me\/me\/#\/schema\/logo\/image\/","url":"https:\/\/www.evropskakuca.me\/wp-content\/uploads\/2025\/01\/evropska-kuca-logo-1.png","contentUrl":"https:\/\/www.evropskakuca.me\/wp-content\/uploads\/2025\/01\/evropska-kuca-logo-1.png","width":425,"height":312,"caption":"Evropean house"},"image":{"@id":"https:\/\/www.evropskakuca.me\/me\/#\/schema\/logo\/image\/"},"sameAs":["https:\/\/www.facebook.com\/evropska.kuca","https:\/\/x.com\/evropska_kuca","https:\/\/www.instagram.com\/evropska_kuca"]},{"@type":"Person","@id":"https:\/\/www.evropskakuca.me\/me\/#\/schema\/person\/a1d0dcdaefe4a1cd1d60d200ea137ba4","name":"mkajic","image":{"@type":"ImageObject","inLanguage":"me-ME","@id":"https:\/\/secure.gravatar.com\/avatar\/731fa035cefab7316e6bafd1f25a93fb731a07de14e2d9923f8db4422628eabc?s=96&d=mm&r=g","url":"https:\/\/secure.gravatar.com\/avatar\/731fa035cefab7316e6bafd1f25a93fb731a07de14e2d9923f8db4422628eabc?s=96&d=mm&r=g","contentUrl":"https:\/\/secure.gravatar.com\/avatar\/731fa035cefab7316e6bafd1f25a93fb731a07de14e2d9923f8db4422628eabc?s=96&d=mm&r=g","caption":"mkajic"},"sameAs":["https:\/\/evropskakuca.me"],"url":"https:\/\/www.evropskakuca.me\/me\/author\/mkajic\/"}]}},"_links":{"self":[{"href":"https:\/\/www.evropskakuca.me\/me\/wp-json\/wp\/v2\/posts\/2414","targetHints":{"allow":["GET"]}}],"collection":[{"href":"https:\/\/www.evropskakuca.me\/me\/wp-json\/wp\/v2\/posts"}],"about":[{"href":"https:\/\/www.evropskakuca.me\/me\/wp-json\/wp\/v2\/types\/post"}],"author":[{"embeddable":true,"href":"https:\/\/www.evropskakuca.me\/me\/wp-json\/wp\/v2\/users\/1"}],"replies":[{"embeddable":true,"href":"https:\/\/www.evropskakuca.me\/me\/wp-json\/wp\/v2\/comments?post=2414"}],"version-history":[{"count":0,"href":"https:\/\/www.evropskakuca.me\/me\/wp-json\/wp\/v2\/posts\/2414\/revisions"}],"wp:featuredmedia":[{"embeddable":true,"href":"https:\/\/www.evropskakuca.me\/me\/wp-json\/wp\/v2\/media\/32154"}],"wp:attachment":[{"href":"https:\/\/www.evropskakuca.me\/me\/wp-json\/wp\/v2\/media?parent=2414"}],"wp:term":[{"taxonomy":"category","embeddable":true,"href":"https:\/\/www.evropskakuca.me\/me\/wp-json\/wp\/v2\/categories?post=2414"},{"taxonomy":"post_tag","embeddable":true,"href":"https:\/\/www.evropskakuca.me\/me\/wp-json\/wp\/v2\/tags?post=2414"}],"curies":[{"name":"wp","href":"https:\/\/api.w.org\/{rel}","templated":true}]}}