{"id":24118,"date":"2023-02-16T10:15:32","date_gmt":"2023-02-16T10:15:32","guid":{"rendered":"https:\/\/evropskakuca.me\/?p=24118"},"modified":"2023-02-16T10:15:32","modified_gmt":"2023-02-16T10:15:32","slug":"sta-se-krije-u-koferu-psiho-alata","status":"publish","type":"post","link":"https:\/\/www.evropskakuca.me\/me\/sta-se-krije-u-koferu-psiho-alata\/","title":{"rendered":"\u0160ta se krije u Koferu psiho-alata?"},"content":{"rendered":"<p>Kako mladi da se izbore sa pritiskom, sa\u010duvaju mentalno zdravlje, te razviju vje\u0161tine neophodne za zdrav razvoj u periodu adolescencije, mogu saznati ako zavire u <a href=\"https:\/\/koferpsihoalata.me\/\">Kofer psiho-alata<\/a>.<\/p>\n<p>Ovaj veb-sajt koji finansira Evropska unija u okviru projekta \u201eOdgovorno i solidarno: gra\u0111ani preuzimaju inicijativu\u201c, okuplja mlade u virtuelnom prostoru i slu\u017ei kao alat\u00a0<strong>podr\u0161ke, edukacije, anga\u017eovanja i komunikacije\u00a0<\/strong>na teme u oblasti mentalne higijene.<\/p>\n<p>NVO Portret ove godine obilje\u017eava svoj deseti ro\u0111endan. Brojnim projektima i programima se trude da pru\u017ee podr\u0161ku mladima, obja\u0161njava za Evropsku ku\u0107u izvr\u0161na direktorica Branka \u0106alasan.<\/p>\n<p><img fetchpriority=\"high\" decoding=\"async\" class=\"alignnone size-large wp-image-24121\" src=\"https:\/\/evropskakuca.me\/wp-content\/uploads\/2023\/02\/IMG_0014-1024x768.jpeg\" alt=\"\" width=\"1024\" height=\"768\" \/><\/p>\n<p>Praksa je pokazala da se mladi i njihove porodice suo\u010davaju sa sve \u0161irim opsegom problema koje im savremeno dru\u0161tvo i brz na\u010din \u017eivota donose.<\/p>\n<p>\u2018\u2019Oni su dominantno uzrokovani i situacijom izazvanom pojavom virusa Covid_19, a neki od razloga su prekomjerna upotreba uredjaja-telefona, kompjutera, tableta\u2019\u2019, istakla je Branka.<\/p>\n<p>A posljedice mogu biti veoma ozbiljne. Manjkavost ili gubitak socijalnih vje\u0161tina u realnim kontaktima, poreme\u0107aji: u ishrani, spavanja, raspolo\u017eenja, zloupotreba alkohola i droga, preuranjeni rizi\u010dni seksualni odnosi, problemi u komunikaciji i prilagodjavanju, u\u010denju, samo su neke od njih.<\/p>\n<p>Sa druge strane, odgovor je samo jedan-podr\u0161ka za razvijanje psiholo\u0161ke otpornosti.<\/p>\n<p>Zahvaljuju\u0107i podr\u0161ci Evropske unije NVO Portret je razvila program podr\u0161ke za prelazak u odraslo doba, namijenjen mladima na teritoriji Op\u0161tine Bar, ali zbog svojih digitalnih karakteristika bi\u0107e dostupan i mladima \u0161irom Crne Gore.<\/p>\n<p>\u2018\u2019&#8221;<a href=\"https:\/\/koferpsihoalata.me\/\">KOFER PSIHO &#8211; ALATA<\/a>&#8221; ima za cilj stvaranje psiholo\u0161ke otpornosti u tranzitnom periodu adolescencije, razvijanje vje\u0161tina neophodnih za zdrav razvoj u savremenom, postcovid dobu i budjenje aktivizma u oblasti mentalnog zdravlja\u2019\u2019, naglasila je Branka.<\/p>\n<p>U okviru projekta mladi \u0107e mo\u0107i da poha\u0111aju radionice i upoznaju se sa li\u010dnim strategijama brige o mentalnom zdravlju.<\/p>\n<p>Istra\u017eivanje ove NVO govori da mladi u prosjeku provedu pet sati ispred ekrana. Zato su smatrali da je va\u017eno da im se otvori prilika da kao aktivisti mentalnog zdravlja i sami budu kreatori digitalnog prostora koji koriste.<\/p>\n<p>\u2018\u2019Ovaj <a href=\"https:\/\/koferpsihoalata.me\/\">veb-sajt<\/a> nudi relevantne informacije iz oblasti mentalnog zdravlja, kroz kontakt i komunikaciju i utica\u0107e na suzbijanje stigme u vezi sa temama iz ove oblasti, podsticati mlade da se anga\u017euju, i tako njegovati i mentalno zdravlje u zajednici\u2019\u2019, zaklju\u010dila je \u0106alasan.<\/p>\n<p><img decoding=\"async\" class=\"alignnone size-large wp-image-24123\" src=\"https:\/\/evropskakuca.me\/wp-content\/uploads\/2023\/02\/IMG_0015-1024x768.jpeg\" alt=\"\" width=\"1024\" height=\"768\" \/><\/p>\n<p>Da je rad sa mladima nepresu\u0161ni izvor inspiracije, potvrdili su nam i iz NVO Portret.<\/p>\n<p>&#8220;Gradimo da ru\u0161imo &#8211; da gradimo &#8211; da ru\u0161imo&#8221; \u2013 realnost je iz perspektive jednog mladog \u010dovjeka koja direktno ukazuje na besmisao cjelokupnih postupanja &#8220;odraslog&#8221;. Mladost prezire posljedice i u tome je njena snaga&#8221;, prisje\u0107a se Branka anegdote iz svoje prakse.<\/p>\n<p>Bli\u017ee se i prve radionice u okviru projekta, te Branku i njene kolege i koleginice o\u010dekuje puno posla. Evropska ku\u0107a \u0107e ih uskoro ugostiti, kako bismo zajedno podr\u017eali mlade u Podgorici.<\/p>\n<p>Projekat \u201eOdgovorno i solidarno: gra\u0111ani preuzimaju inicijativu\u201c finansira Evropska unija a sprovodi Fond za aktivno gra\u0111anstvo <a href=\"https:\/\/www.faktcg.org\/en\/home-page\/\">FAKT<\/a>.<\/p>\n","protected":false},"excerpt":{"rendered":"<p>Kako mladi da se izbore sa pritiskom, sa\u010duvaju mentalno zdravlje, te razviju vje\u0161tine neophodne za zdrav razvoj u periodu adolescencije, mogu saznati ako zavire u Kofer psiho-alata. Ovaj veb-sajt koji finansira Evropska unija u okviru projekta \u201eOdgovorno i solidarno: gra\u0111ani preuzimaju inicijativu\u201c, okuplja mlade u virtuelnom prostoru i slu\u017ei kao alat\u00a0podr\u0161ke, edukacije, anga\u017eovanja i komunikacije\u00a0na [&hellip;]<\/p>\n","protected":false},"author":1,"featured_media":0,"comment_status":"closed","ping_status":"closed","sticky":false,"template":"","format":"standard","meta":{"_acf_changed":false,"footnotes":""},"categories":[],"tags":[],"class_list":["post-24118","post","type-post","status-publish","format-standard","hentry"],"acf":[],"yoast_head":"<!-- This site is optimized with the Yoast SEO plugin v27.3 - https:\/\/yoast.com\/product\/yoast-seo-wordpress\/ -->\n<title>\u0160ta se krije u Koferu psiho-alata? - Europe House<\/title>\n<meta name=\"robots\" content=\"index, follow, max-snippet:-1, max-image-preview:large, max-video-preview:-1\" \/>\n<link rel=\"canonical\" href=\"https:\/\/www.evropskakuca.me\/me\/sta-se-krije-u-koferu-psiho-alata\/\" \/>\n<meta property=\"og:locale\" content=\"en_US\" \/>\n<meta property=\"og:type\" content=\"article\" \/>\n<meta property=\"og:title\" content=\"\u0160ta se krije u Koferu psiho-alata? - Europe House\" \/>\n<meta property=\"og:description\" content=\"Kako mladi da se izbore sa pritiskom, sa\u010duvaju mentalno zdravlje, te razviju vje\u0161tine neophodne za zdrav razvoj u periodu adolescencije, mogu saznati ako zavire u Kofer psiho-alata. Ovaj veb-sajt koji finansira Evropska unija u okviru projekta \u201eOdgovorno i solidarno: gra\u0111ani preuzimaju inicijativu\u201c, okuplja mlade u virtuelnom prostoru i slu\u017ei kao alat\u00a0podr\u0161ke, edukacije, anga\u017eovanja i komunikacije\u00a0na [&hellip;]\" \/>\n<meta property=\"og:url\" content=\"https:\/\/www.evropskakuca.me\/me\/sta-se-krije-u-koferu-psiho-alata\/\" \/>\n<meta property=\"og:site_name\" content=\"Europe House\" \/>\n<meta property=\"article:publisher\" content=\"https:\/\/www.facebook.com\/evropska.kuca\" \/>\n<meta property=\"article:published_time\" content=\"2023-02-16T10:15:32+00:00\" \/>\n<meta property=\"og:image\" content=\"https:\/\/evropskakuca.me\/wp-content\/uploads\/2023\/02\/IMG_0014-1024x768.jpeg\" \/>\n<meta name=\"author\" content=\"mkajic\" \/>\n<meta name=\"twitter:card\" content=\"summary_large_image\" \/>\n<meta name=\"twitter:creator\" content=\"@evropska_kuca\" \/>\n<meta name=\"twitter:site\" content=\"@evropska_kuca\" \/>\n<meta name=\"twitter:label1\" content=\"Written by\" \/>\n\t<meta name=\"twitter:data1\" content=\"mkajic\" \/>\n\t<meta name=\"twitter:label2\" content=\"Est. reading time\" \/>\n\t<meta name=\"twitter:data2\" content=\"3 minutes\" \/>\n<script type=\"application\/ld+json\" class=\"yoast-schema-graph\">{\"@context\":\"https:\\\/\\\/schema.org\",\"@graph\":[{\"@type\":\"Article\",\"@id\":\"https:\\\/\\\/www.evropskakuca.me\\\/me\\\/sta-se-krije-u-koferu-psiho-alata\\\/#article\",\"isPartOf\":{\"@id\":\"https:\\\/\\\/www.evropskakuca.me\\\/me\\\/sta-se-krije-u-koferu-psiho-alata\\\/\"},\"author\":{\"name\":\"mkajic\",\"@id\":\"https:\\\/\\\/www.evropskakuca.me\\\/me\\\/#\\\/schema\\\/person\\\/a1d0dcdaefe4a1cd1d60d200ea137ba4\"},\"headline\":\"\u0160ta se krije u Koferu psiho-alata?\",\"datePublished\":\"2023-02-16T10:15:32+00:00\",\"mainEntityOfPage\":{\"@id\":\"https:\\\/\\\/www.evropskakuca.me\\\/me\\\/sta-se-krije-u-koferu-psiho-alata\\\/\"},\"wordCount\":505,\"publisher\":{\"@id\":\"https:\\\/\\\/www.evropskakuca.me\\\/me\\\/#organization\"},\"image\":{\"@id\":\"https:\\\/\\\/www.evropskakuca.me\\\/me\\\/sta-se-krije-u-koferu-psiho-alata\\\/#primaryimage\"},\"thumbnailUrl\":\"https:\\\/\\\/evropskakuca.me\\\/wp-content\\\/uploads\\\/2023\\\/02\\\/IMG_0014-1024x768.jpeg\",\"inLanguage\":\"me-ME\"},{\"@type\":\"WebPage\",\"@id\":\"https:\\\/\\\/www.evropskakuca.me\\\/me\\\/sta-se-krije-u-koferu-psiho-alata\\\/\",\"url\":\"https:\\\/\\\/www.evropskakuca.me\\\/me\\\/sta-se-krije-u-koferu-psiho-alata\\\/\",\"name\":\"\u0160ta se krije u Koferu psiho-alata? - Europe House\",\"isPartOf\":{\"@id\":\"https:\\\/\\\/www.evropskakuca.me\\\/me\\\/#website\"},\"primaryImageOfPage\":{\"@id\":\"https:\\\/\\\/www.evropskakuca.me\\\/me\\\/sta-se-krije-u-koferu-psiho-alata\\\/#primaryimage\"},\"image\":{\"@id\":\"https:\\\/\\\/www.evropskakuca.me\\\/me\\\/sta-se-krije-u-koferu-psiho-alata\\\/#primaryimage\"},\"thumbnailUrl\":\"https:\\\/\\\/evropskakuca.me\\\/wp-content\\\/uploads\\\/2023\\\/02\\\/IMG_0014-1024x768.jpeg\",\"datePublished\":\"2023-02-16T10:15:32+00:00\",\"breadcrumb\":{\"@id\":\"https:\\\/\\\/www.evropskakuca.me\\\/me\\\/sta-se-krije-u-koferu-psiho-alata\\\/#breadcrumb\"},\"inLanguage\":\"me-ME\",\"potentialAction\":[{\"@type\":\"ReadAction\",\"target\":[\"https:\\\/\\\/www.evropskakuca.me\\\/me\\\/sta-se-krije-u-koferu-psiho-alata\\\/\"]}]},{\"@type\":\"ImageObject\",\"inLanguage\":\"me-ME\",\"@id\":\"https:\\\/\\\/www.evropskakuca.me\\\/me\\\/sta-se-krije-u-koferu-psiho-alata\\\/#primaryimage\",\"url\":\"https:\\\/\\\/evropskakuca.me\\\/wp-content\\\/uploads\\\/2023\\\/02\\\/IMG_0014-1024x768.jpeg\",\"contentUrl\":\"https:\\\/\\\/evropskakuca.me\\\/wp-content\\\/uploads\\\/2023\\\/02\\\/IMG_0014-1024x768.jpeg\"},{\"@type\":\"BreadcrumbList\",\"@id\":\"https:\\\/\\\/www.evropskakuca.me\\\/me\\\/sta-se-krije-u-koferu-psiho-alata\\\/#breadcrumb\",\"itemListElement\":[{\"@type\":\"ListItem\",\"position\":1,\"name\":\"Home\",\"item\":\"https:\\\/\\\/www.evropskakuca.me\\\/me\\\/\"},{\"@type\":\"ListItem\",\"position\":2,\"name\":\"\u0160ta se krije u Koferu psiho-alata?\"}]},{\"@type\":\"WebSite\",\"@id\":\"https:\\\/\\\/www.evropskakuca.me\\\/me\\\/#website\",\"url\":\"https:\\\/\\\/www.evropskakuca.me\\\/me\\\/\",\"name\":\"Evropean house\",\"description\":\"\",\"publisher\":{\"@id\":\"https:\\\/\\\/www.evropskakuca.me\\\/me\\\/#organization\"},\"potentialAction\":[{\"@type\":\"SearchAction\",\"target\":{\"@type\":\"EntryPoint\",\"urlTemplate\":\"https:\\\/\\\/www.evropskakuca.me\\\/me\\\/?s={search_term_string}\"},\"query-input\":{\"@type\":\"PropertyValueSpecification\",\"valueRequired\":true,\"valueName\":\"search_term_string\"}}],\"inLanguage\":\"me-ME\"},{\"@type\":\"Organization\",\"@id\":\"https:\\\/\\\/www.evropskakuca.me\\\/me\\\/#organization\",\"name\":\"Evropean house\",\"url\":\"https:\\\/\\\/www.evropskakuca.me\\\/me\\\/\",\"logo\":{\"@type\":\"ImageObject\",\"inLanguage\":\"me-ME\",\"@id\":\"https:\\\/\\\/www.evropskakuca.me\\\/me\\\/#\\\/schema\\\/logo\\\/image\\\/\",\"url\":\"https:\\\/\\\/www.evropskakuca.me\\\/wp-content\\\/uploads\\\/2025\\\/01\\\/evropska-kuca-logo-1.png\",\"contentUrl\":\"https:\\\/\\\/www.evropskakuca.me\\\/wp-content\\\/uploads\\\/2025\\\/01\\\/evropska-kuca-logo-1.png\",\"width\":425,\"height\":312,\"caption\":\"Evropean house\"},\"image\":{\"@id\":\"https:\\\/\\\/www.evropskakuca.me\\\/me\\\/#\\\/schema\\\/logo\\\/image\\\/\"},\"sameAs\":[\"https:\\\/\\\/www.facebook.com\\\/evropska.kuca\",\"https:\\\/\\\/x.com\\\/evropska_kuca\",\"https:\\\/\\\/www.instagram.com\\\/evropska_kuca\"]},{\"@type\":\"Person\",\"@id\":\"https:\\\/\\\/www.evropskakuca.me\\\/me\\\/#\\\/schema\\\/person\\\/a1d0dcdaefe4a1cd1d60d200ea137ba4\",\"name\":\"mkajic\",\"image\":{\"@type\":\"ImageObject\",\"inLanguage\":\"me-ME\",\"@id\":\"https:\\\/\\\/secure.gravatar.com\\\/avatar\\\/731fa035cefab7316e6bafd1f25a93fb731a07de14e2d9923f8db4422628eabc?s=96&d=mm&r=g\",\"url\":\"https:\\\/\\\/secure.gravatar.com\\\/avatar\\\/731fa035cefab7316e6bafd1f25a93fb731a07de14e2d9923f8db4422628eabc?s=96&d=mm&r=g\",\"contentUrl\":\"https:\\\/\\\/secure.gravatar.com\\\/avatar\\\/731fa035cefab7316e6bafd1f25a93fb731a07de14e2d9923f8db4422628eabc?s=96&d=mm&r=g\",\"caption\":\"mkajic\"},\"sameAs\":[\"https:\\\/\\\/evropskakuca.me\"],\"url\":\"https:\\\/\\\/www.evropskakuca.me\\\/me\\\/author\\\/mkajic\\\/\"}]}<\/script>\n<!-- \/ Yoast SEO plugin. -->","yoast_head_json":{"title":"\u0160ta se krije u Koferu psiho-alata? - Europe House","robots":{"index":"index","follow":"follow","max-snippet":"max-snippet:-1","max-image-preview":"max-image-preview:large","max-video-preview":"max-video-preview:-1"},"canonical":"https:\/\/www.evropskakuca.me\/me\/sta-se-krije-u-koferu-psiho-alata\/","og_locale":"en_US","og_type":"article","og_title":"\u0160ta se krije u Koferu psiho-alata? - Europe House","og_description":"Kako mladi da se izbore sa pritiskom, sa\u010duvaju mentalno zdravlje, te razviju vje\u0161tine neophodne za zdrav razvoj u periodu adolescencije, mogu saznati ako zavire u Kofer psiho-alata. Ovaj veb-sajt koji finansira Evropska unija u okviru projekta \u201eOdgovorno i solidarno: gra\u0111ani preuzimaju inicijativu\u201c, okuplja mlade u virtuelnom prostoru i slu\u017ei kao alat\u00a0podr\u0161ke, edukacije, anga\u017eovanja i komunikacije\u00a0na [&hellip;]","og_url":"https:\/\/www.evropskakuca.me\/me\/sta-se-krije-u-koferu-psiho-alata\/","og_site_name":"Europe House","article_publisher":"https:\/\/www.facebook.com\/evropska.kuca","article_published_time":"2023-02-16T10:15:32+00:00","og_image":[{"url":"https:\/\/evropskakuca.me\/wp-content\/uploads\/2023\/02\/IMG_0014-1024x768.jpeg","type":"","width":"","height":""}],"author":"mkajic","twitter_card":"summary_large_image","twitter_creator":"@evropska_kuca","twitter_site":"@evropska_kuca","twitter_misc":{"Written by":"mkajic","Est. reading time":"3 minutes"},"schema":{"@context":"https:\/\/schema.org","@graph":[{"@type":"Article","@id":"https:\/\/www.evropskakuca.me\/me\/sta-se-krije-u-koferu-psiho-alata\/#article","isPartOf":{"@id":"https:\/\/www.evropskakuca.me\/me\/sta-se-krije-u-koferu-psiho-alata\/"},"author":{"name":"mkajic","@id":"https:\/\/www.evropskakuca.me\/me\/#\/schema\/person\/a1d0dcdaefe4a1cd1d60d200ea137ba4"},"headline":"\u0160ta se krije u Koferu psiho-alata?","datePublished":"2023-02-16T10:15:32+00:00","mainEntityOfPage":{"@id":"https:\/\/www.evropskakuca.me\/me\/sta-se-krije-u-koferu-psiho-alata\/"},"wordCount":505,"publisher":{"@id":"https:\/\/www.evropskakuca.me\/me\/#organization"},"image":{"@id":"https:\/\/www.evropskakuca.me\/me\/sta-se-krije-u-koferu-psiho-alata\/#primaryimage"},"thumbnailUrl":"https:\/\/evropskakuca.me\/wp-content\/uploads\/2023\/02\/IMG_0014-1024x768.jpeg","inLanguage":"me-ME"},{"@type":"WebPage","@id":"https:\/\/www.evropskakuca.me\/me\/sta-se-krije-u-koferu-psiho-alata\/","url":"https:\/\/www.evropskakuca.me\/me\/sta-se-krije-u-koferu-psiho-alata\/","name":"\u0160ta se krije u Koferu psiho-alata? - Europe House","isPartOf":{"@id":"https:\/\/www.evropskakuca.me\/me\/#website"},"primaryImageOfPage":{"@id":"https:\/\/www.evropskakuca.me\/me\/sta-se-krije-u-koferu-psiho-alata\/#primaryimage"},"image":{"@id":"https:\/\/www.evropskakuca.me\/me\/sta-se-krije-u-koferu-psiho-alata\/#primaryimage"},"thumbnailUrl":"https:\/\/evropskakuca.me\/wp-content\/uploads\/2023\/02\/IMG_0014-1024x768.jpeg","datePublished":"2023-02-16T10:15:32+00:00","breadcrumb":{"@id":"https:\/\/www.evropskakuca.me\/me\/sta-se-krije-u-koferu-psiho-alata\/#breadcrumb"},"inLanguage":"me-ME","potentialAction":[{"@type":"ReadAction","target":["https:\/\/www.evropskakuca.me\/me\/sta-se-krije-u-koferu-psiho-alata\/"]}]},{"@type":"ImageObject","inLanguage":"me-ME","@id":"https:\/\/www.evropskakuca.me\/me\/sta-se-krije-u-koferu-psiho-alata\/#primaryimage","url":"https:\/\/evropskakuca.me\/wp-content\/uploads\/2023\/02\/IMG_0014-1024x768.jpeg","contentUrl":"https:\/\/evropskakuca.me\/wp-content\/uploads\/2023\/02\/IMG_0014-1024x768.jpeg"},{"@type":"BreadcrumbList","@id":"https:\/\/www.evropskakuca.me\/me\/sta-se-krije-u-koferu-psiho-alata\/#breadcrumb","itemListElement":[{"@type":"ListItem","position":1,"name":"Home","item":"https:\/\/www.evropskakuca.me\/me\/"},{"@type":"ListItem","position":2,"name":"\u0160ta se krije u Koferu psiho-alata?"}]},{"@type":"WebSite","@id":"https:\/\/www.evropskakuca.me\/me\/#website","url":"https:\/\/www.evropskakuca.me\/me\/","name":"Evropean house","description":"","publisher":{"@id":"https:\/\/www.evropskakuca.me\/me\/#organization"},"potentialAction":[{"@type":"SearchAction","target":{"@type":"EntryPoint","urlTemplate":"https:\/\/www.evropskakuca.me\/me\/?s={search_term_string}"},"query-input":{"@type":"PropertyValueSpecification","valueRequired":true,"valueName":"search_term_string"}}],"inLanguage":"me-ME"},{"@type":"Organization","@id":"https:\/\/www.evropskakuca.me\/me\/#organization","name":"Evropean house","url":"https:\/\/www.evropskakuca.me\/me\/","logo":{"@type":"ImageObject","inLanguage":"me-ME","@id":"https:\/\/www.evropskakuca.me\/me\/#\/schema\/logo\/image\/","url":"https:\/\/www.evropskakuca.me\/wp-content\/uploads\/2025\/01\/evropska-kuca-logo-1.png","contentUrl":"https:\/\/www.evropskakuca.me\/wp-content\/uploads\/2025\/01\/evropska-kuca-logo-1.png","width":425,"height":312,"caption":"Evropean house"},"image":{"@id":"https:\/\/www.evropskakuca.me\/me\/#\/schema\/logo\/image\/"},"sameAs":["https:\/\/www.facebook.com\/evropska.kuca","https:\/\/x.com\/evropska_kuca","https:\/\/www.instagram.com\/evropska_kuca"]},{"@type":"Person","@id":"https:\/\/www.evropskakuca.me\/me\/#\/schema\/person\/a1d0dcdaefe4a1cd1d60d200ea137ba4","name":"mkajic","image":{"@type":"ImageObject","inLanguage":"me-ME","@id":"https:\/\/secure.gravatar.com\/avatar\/731fa035cefab7316e6bafd1f25a93fb731a07de14e2d9923f8db4422628eabc?s=96&d=mm&r=g","url":"https:\/\/secure.gravatar.com\/avatar\/731fa035cefab7316e6bafd1f25a93fb731a07de14e2d9923f8db4422628eabc?s=96&d=mm&r=g","contentUrl":"https:\/\/secure.gravatar.com\/avatar\/731fa035cefab7316e6bafd1f25a93fb731a07de14e2d9923f8db4422628eabc?s=96&d=mm&r=g","caption":"mkajic"},"sameAs":["https:\/\/evropskakuca.me"],"url":"https:\/\/www.evropskakuca.me\/me\/author\/mkajic\/"}]}},"_links":{"self":[{"href":"https:\/\/www.evropskakuca.me\/me\/wp-json\/wp\/v2\/posts\/24118","targetHints":{"allow":["GET"]}}],"collection":[{"href":"https:\/\/www.evropskakuca.me\/me\/wp-json\/wp\/v2\/posts"}],"about":[{"href":"https:\/\/www.evropskakuca.me\/me\/wp-json\/wp\/v2\/types\/post"}],"author":[{"embeddable":true,"href":"https:\/\/www.evropskakuca.me\/me\/wp-json\/wp\/v2\/users\/1"}],"replies":[{"embeddable":true,"href":"https:\/\/www.evropskakuca.me\/me\/wp-json\/wp\/v2\/comments?post=24118"}],"version-history":[{"count":0,"href":"https:\/\/www.evropskakuca.me\/me\/wp-json\/wp\/v2\/posts\/24118\/revisions"}],"wp:attachment":[{"href":"https:\/\/www.evropskakuca.me\/me\/wp-json\/wp\/v2\/media?parent=24118"}],"wp:term":[{"taxonomy":"category","embeddable":true,"href":"https:\/\/www.evropskakuca.me\/me\/wp-json\/wp\/v2\/categories?post=24118"},{"taxonomy":"post_tag","embeddable":true,"href":"https:\/\/www.evropskakuca.me\/me\/wp-json\/wp\/v2\/tags?post=24118"}],"curies":[{"name":"wp","href":"https:\/\/api.w.org\/{rel}","templated":true}]}}