{"id":24085,"date":"2023-02-01T08:46:52","date_gmt":"2023-02-01T08:46:52","guid":{"rendered":"https:\/\/evropskakuca.me\/?p=24085"},"modified":"2023-02-01T08:46:52","modified_gmt":"2023-02-01T08:46:52","slug":"3-5-miliona-eura-vrijedna-eu-podrska-samozaposljavanju","status":"publish","type":"post","link":"https:\/\/www.evropskakuca.me\/me\/3-5-miliona-eura-vrijedna-eu-podrska-samozaposljavanju\/","title":{"rendered":"3.5 miliona eura vrijedna EU podr\u0161ka samozapo\u0161ljavanju"},"content":{"rendered":"<p>Trideset\u0161estogodi\u0161nja Stanislava Radulovi\u0107 je stomatolo\u0161kinja iz Podgorice. Zahvaljuju\u0107i EU podr\u0161ci kroz grantove za samozapo\u0161ljavanje Stanislava danas ima modernu stomatolo\u0161ku ambulantu.<\/p>\n<p>Ova mlada stomatolo\u0161kinja jedna je od vi\u0161e od 460 korisnika koji su dobili podr\u0161ku kroz projekat \u201ePodr\u0161ka samozapo\u0161ljavanju\u201c, koji finansira EU a sprovodi Zavod za zapo\u0161ljavanje Crne Gore.<\/p>\n<p>\u2018\u2019Ovo mi je bio veliki podsticaj\u00a0 i vjetar u le\u0111a\u00a0 za otvaranje svog biznisa\u2019\u2019, kazala je Stanislava u razgovoru za Evropsku ku\u0107u.<\/p>\n<p>Ovaj projekat je realizovan u okviru 18 miliona eura vrijednog Programa Evropske unije i Crne Gore za zapo\u0161ljavanje, obrazovanje i socijalnu za\u0161titu.<\/p>\n<p><img fetchpriority=\"high\" decoding=\"async\" class=\"alignnone size-large wp-image-24096\" src=\"https:\/\/evropskakuca.me\/wp-content\/uploads\/2023\/02\/008-1024x682.jpg\" alt=\"\" width=\"1024\" height=\"682\" \/><\/p>\n<p>Zamjenica \u0161efa kooperacija u Delegaciji EU u Crnoj Gori, Liselote Isakson kazala je da je cilj ove podr\u0161ke bio da se podstakne preduzetni\u0161tvo kao pokreta\u010d ekonomskog rasta i promovi\u0161e preduzetni\u010dka kultura, motivi\u0161u\u0107i posebno ranjive grupe kao \u0161to su \u017eene, mladi ljudi i dugoro\u010dno nezaposleni ljudi.<\/p>\n<p>\u201cVjerujemo da ovaj projekat nije samo koristio\u00a0 krajnjim korisnicima, ve\u0107 je pomogao i Zavodu za zapo\u0161ljavanje da unaprijedi svoje kapacitete i uspostavi \u010dvrst mehanizam za upravljanje, pra\u0107enje i procijenu bespovratnih sredstava za samozapo\u0161ljavanje. Ohrabrujem vas da iskoristite znanje i iskustvo ste\u010deno kroz ovaj Program da jo\u0161 vi\u0161e izgradite svoje kapacitete za budu\u0107u implementaciju pretpristupnih programa EU\u2019\u2019, poru\u010dila je Isakson.<\/p>\n<p><img decoding=\"async\" class=\"alignnone size-large wp-image-24088\" src=\"https:\/\/evropskakuca.me\/wp-content\/uploads\/2023\/02\/014-1024x682.jpg\" alt=\"\" width=\"1024\" height=\"682\" \/><\/p>\n<p>Zajedni\u010dki program je doprinio ja\u010danju me\u0111usektorske saradnje, ali i \u0161to je najva\u017enije ja\u010danju kapaciteta institucija za kreiranja i sprovo\u0111enje politika, pribli\u017eavaju\u0107i se standardima EU, istakao je ministar rada i socijanog staranja Admir Adrovi\u0107.<\/p>\n<p>\u2018\u2019Tome u prilog govori i \u010dinjenica da je preko 85% ukupne vrijednosti Programa uspje\u0161no implementirano\u201c, dodao je ministar Adrovi\u0107.<\/p>\n<p>Direktor Zavoda za zapo\u0161ljavanje Crne Gore Gzim Hajdinaga je kazao da je trogodi\u0161nji projekat \u201cProgram grantova za samozapo\u0161ljavanje\u2019\u2019 primjer predanog rada i rezultat izuzetne i intezivne saradnje Crne Gore i Evropske unije.<\/p>\n<p>On je naglasio da se na ovaj na\u010din doprinijelo smanjenju sive ekonomije i siroma\u0161tva kao i pove\u0107anju zaposlenosti.<\/p>\n<p><img decoding=\"async\" class=\"alignnone size-large wp-image-24094\" src=\"https:\/\/evropskakuca.me\/wp-content\/uploads\/2023\/02\/009-1024x682.jpg\" alt=\"\" width=\"1024\" height=\"682\" \/><\/p>\n<p>\u201cPodstaklo se preduzetni\u0161tvo i stvorili su se preduslovi za otvaranje novih radnih mjesta. Posebno \u0107u naglasiti da vi\u0161e od 95 odsto korisnika granta i dalje posluje. Ujedno to nam je i pokazatelj da smo sproveli efikasan pilot projekat, koji je rezultirao odlukom da preraste u redovnu mjeru aktivne politike zapo\u0161ljavanja kojom \u0107e se aktivno stimulisati i pru\u017eati podr\u0161ka politici tr\u017ei\u0161ta rada Crne Gore\u201d, naveo je Hajdinaga.<\/p>\n<p>Program EU i Crne Gore za zapo\u0161ljavanje, obrazovanje i socijalnu za\u0161titu, vrijedan 18 miliona eura, zavr\u0161en je 31. decembra 2022. godine i predstavlja donaciju EU u okviru pretpristupne podr\u0161ke (IPA) Crnoj Gori.<\/p>\n<p>U\u010de\u0161\u0107e Crne Gore u Programu je 2,7 miliona eura.<\/p>\n<p>&nbsp;<\/p>\n","protected":false},"excerpt":{"rendered":"<p>Trideset\u0161estogodi\u0161nja Stanislava Radulovi\u0107 je stomatolo\u0161kinja iz Podgorice. Zahvaljuju\u0107i EU podr\u0161ci kroz grantove za samozapo\u0161ljavanje Stanislava danas ima modernu stomatolo\u0161ku ambulantu. Ova mlada stomatolo\u0161kinja jedna je od vi\u0161e od 460 korisnika koji su dobili podr\u0161ku kroz projekat \u201ePodr\u0161ka samozapo\u0161ljavanju\u201c, koji finansira EU a sprovodi Zavod za zapo\u0161ljavanje Crne Gore. \u2018\u2019Ovo mi je bio veliki podsticaj\u00a0 i [&hellip;]<\/p>\n","protected":false},"author":1,"featured_media":38659,"comment_status":"closed","ping_status":"closed","sticky":false,"template":"","format":"standard","meta":{"_acf_changed":false,"footnotes":""},"categories":[2],"tags":[],"class_list":["post-24085","post","type-post","status-publish","format-standard","has-post-thumbnail","hentry","category-uncategorized-me"],"acf":[],"yoast_head":"<!-- This site is optimized with the Yoast SEO plugin v27.3 - https:\/\/yoast.com\/product\/yoast-seo-wordpress\/ -->\n<title>3.5 miliona eura vrijedna EU podr\u0161ka samozapo\u0161ljavanju - Europe House<\/title>\n<meta name=\"robots\" content=\"index, follow, max-snippet:-1, max-image-preview:large, max-video-preview:-1\" \/>\n<link rel=\"canonical\" href=\"https:\/\/www.evropskakuca.me\/me\/3-5-miliona-eura-vrijedna-eu-podrska-samozaposljavanju\/\" \/>\n<meta property=\"og:locale\" content=\"en_US\" \/>\n<meta property=\"og:type\" content=\"article\" \/>\n<meta property=\"og:title\" content=\"3.5 miliona eura vrijedna EU podr\u0161ka samozapo\u0161ljavanju - Europe House\" \/>\n<meta property=\"og:description\" content=\"Trideset\u0161estogodi\u0161nja Stanislava Radulovi\u0107 je stomatolo\u0161kinja iz Podgorice. Zahvaljuju\u0107i EU podr\u0161ci kroz grantove za samozapo\u0161ljavanje Stanislava danas ima modernu stomatolo\u0161ku ambulantu. Ova mlada stomatolo\u0161kinja jedna je od vi\u0161e od 460 korisnika koji su dobili podr\u0161ku kroz projekat \u201ePodr\u0161ka samozapo\u0161ljavanju\u201c, koji finansira EU a sprovodi Zavod za zapo\u0161ljavanje Crne Gore. \u2018\u2019Ovo mi je bio veliki podsticaj\u00a0 i [&hellip;]\" \/>\n<meta property=\"og:url\" content=\"https:\/\/www.evropskakuca.me\/me\/3-5-miliona-eura-vrijedna-eu-podrska-samozaposljavanju\/\" \/>\n<meta property=\"og:site_name\" content=\"Europe House\" \/>\n<meta property=\"article:publisher\" content=\"https:\/\/www.facebook.com\/evropska.kuca\" \/>\n<meta property=\"article:published_time\" content=\"2023-02-01T08:46:52+00:00\" \/>\n<meta property=\"og:image\" content=\"https:\/\/www.evropskakuca.me\/wp-content\/uploads\/2023\/02\/328660601_904722424042049_3172463860775690401_n.jpg\" \/>\n\t<meta property=\"og:image:width\" content=\"2048\" \/>\n\t<meta property=\"og:image:height\" content=\"1536\" \/>\n\t<meta property=\"og:image:type\" content=\"image\/jpeg\" \/>\n<meta name=\"author\" content=\"mkajic\" \/>\n<meta name=\"twitter:card\" content=\"summary_large_image\" \/>\n<meta name=\"twitter:creator\" content=\"@evropska_kuca\" \/>\n<meta name=\"twitter:site\" content=\"@evropska_kuca\" \/>\n<meta name=\"twitter:label1\" content=\"Written by\" \/>\n\t<meta name=\"twitter:data1\" content=\"mkajic\" \/>\n\t<meta name=\"twitter:label2\" content=\"Est. reading time\" \/>\n\t<meta name=\"twitter:data2\" content=\"3 minutes\" \/>\n<script type=\"application\/ld+json\" class=\"yoast-schema-graph\">{\"@context\":\"https:\\\/\\\/schema.org\",\"@graph\":[{\"@type\":\"Article\",\"@id\":\"https:\\\/\\\/www.evropskakuca.me\\\/me\\\/3-5-miliona-eura-vrijedna-eu-podrska-samozaposljavanju\\\/#article\",\"isPartOf\":{\"@id\":\"https:\\\/\\\/www.evropskakuca.me\\\/me\\\/3-5-miliona-eura-vrijedna-eu-podrska-samozaposljavanju\\\/\"},\"author\":{\"name\":\"mkajic\",\"@id\":\"https:\\\/\\\/www.evropskakuca.me\\\/me\\\/#\\\/schema\\\/person\\\/a1d0dcdaefe4a1cd1d60d200ea137ba4\"},\"headline\":\"3.5 miliona eura vrijedna EU podr\u0161ka samozapo\u0161ljavanju\",\"datePublished\":\"2023-02-01T08:46:52+00:00\",\"mainEntityOfPage\":{\"@id\":\"https:\\\/\\\/www.evropskakuca.me\\\/me\\\/3-5-miliona-eura-vrijedna-eu-podrska-samozaposljavanju\\\/\"},\"wordCount\":465,\"publisher\":{\"@id\":\"https:\\\/\\\/www.evropskakuca.me\\\/me\\\/#organization\"},\"image\":{\"@id\":\"https:\\\/\\\/www.evropskakuca.me\\\/me\\\/3-5-miliona-eura-vrijedna-eu-podrska-samozaposljavanju\\\/#primaryimage\"},\"thumbnailUrl\":\"https:\\\/\\\/www.evropskakuca.me\\\/wp-content\\\/uploads\\\/2023\\\/02\\\/328660601_904722424042049_3172463860775690401_n.jpg\",\"articleSection\":[\"Uncategorized @me\"],\"inLanguage\":\"me-ME\"},{\"@type\":\"WebPage\",\"@id\":\"https:\\\/\\\/www.evropskakuca.me\\\/me\\\/3-5-miliona-eura-vrijedna-eu-podrska-samozaposljavanju\\\/\",\"url\":\"https:\\\/\\\/www.evropskakuca.me\\\/me\\\/3-5-miliona-eura-vrijedna-eu-podrska-samozaposljavanju\\\/\",\"name\":\"3.5 miliona eura vrijedna EU podr\u0161ka samozapo\u0161ljavanju - Europe House\",\"isPartOf\":{\"@id\":\"https:\\\/\\\/www.evropskakuca.me\\\/me\\\/#website\"},\"primaryImageOfPage\":{\"@id\":\"https:\\\/\\\/www.evropskakuca.me\\\/me\\\/3-5-miliona-eura-vrijedna-eu-podrska-samozaposljavanju\\\/#primaryimage\"},\"image\":{\"@id\":\"https:\\\/\\\/www.evropskakuca.me\\\/me\\\/3-5-miliona-eura-vrijedna-eu-podrska-samozaposljavanju\\\/#primaryimage\"},\"thumbnailUrl\":\"https:\\\/\\\/www.evropskakuca.me\\\/wp-content\\\/uploads\\\/2023\\\/02\\\/328660601_904722424042049_3172463860775690401_n.jpg\",\"datePublished\":\"2023-02-01T08:46:52+00:00\",\"breadcrumb\":{\"@id\":\"https:\\\/\\\/www.evropskakuca.me\\\/me\\\/3-5-miliona-eura-vrijedna-eu-podrska-samozaposljavanju\\\/#breadcrumb\"},\"inLanguage\":\"me-ME\",\"potentialAction\":[{\"@type\":\"ReadAction\",\"target\":[\"https:\\\/\\\/www.evropskakuca.me\\\/me\\\/3-5-miliona-eura-vrijedna-eu-podrska-samozaposljavanju\\\/\"]}]},{\"@type\":\"ImageObject\",\"inLanguage\":\"me-ME\",\"@id\":\"https:\\\/\\\/www.evropskakuca.me\\\/me\\\/3-5-miliona-eura-vrijedna-eu-podrska-samozaposljavanju\\\/#primaryimage\",\"url\":\"https:\\\/\\\/www.evropskakuca.me\\\/wp-content\\\/uploads\\\/2023\\\/02\\\/328660601_904722424042049_3172463860775690401_n.jpg\",\"contentUrl\":\"https:\\\/\\\/www.evropskakuca.me\\\/wp-content\\\/uploads\\\/2023\\\/02\\\/328660601_904722424042049_3172463860775690401_n.jpg\",\"width\":2048,\"height\":1536},{\"@type\":\"BreadcrumbList\",\"@id\":\"https:\\\/\\\/www.evropskakuca.me\\\/me\\\/3-5-miliona-eura-vrijedna-eu-podrska-samozaposljavanju\\\/#breadcrumb\",\"itemListElement\":[{\"@type\":\"ListItem\",\"position\":1,\"name\":\"Home\",\"item\":\"https:\\\/\\\/www.evropskakuca.me\\\/me\\\/\"},{\"@type\":\"ListItem\",\"position\":2,\"name\":\"3.5 miliona eura vrijedna EU podr\u0161ka samozapo\u0161ljavanju\"}]},{\"@type\":\"WebSite\",\"@id\":\"https:\\\/\\\/www.evropskakuca.me\\\/me\\\/#website\",\"url\":\"https:\\\/\\\/www.evropskakuca.me\\\/me\\\/\",\"name\":\"Evropean house\",\"description\":\"\",\"publisher\":{\"@id\":\"https:\\\/\\\/www.evropskakuca.me\\\/me\\\/#organization\"},\"potentialAction\":[{\"@type\":\"SearchAction\",\"target\":{\"@type\":\"EntryPoint\",\"urlTemplate\":\"https:\\\/\\\/www.evropskakuca.me\\\/me\\\/?s={search_term_string}\"},\"query-input\":{\"@type\":\"PropertyValueSpecification\",\"valueRequired\":true,\"valueName\":\"search_term_string\"}}],\"inLanguage\":\"me-ME\"},{\"@type\":\"Organization\",\"@id\":\"https:\\\/\\\/www.evropskakuca.me\\\/me\\\/#organization\",\"name\":\"Evropean house\",\"url\":\"https:\\\/\\\/www.evropskakuca.me\\\/me\\\/\",\"logo\":{\"@type\":\"ImageObject\",\"inLanguage\":\"me-ME\",\"@id\":\"https:\\\/\\\/www.evropskakuca.me\\\/me\\\/#\\\/schema\\\/logo\\\/image\\\/\",\"url\":\"https:\\\/\\\/www.evropskakuca.me\\\/wp-content\\\/uploads\\\/2025\\\/01\\\/evropska-kuca-logo-1.png\",\"contentUrl\":\"https:\\\/\\\/www.evropskakuca.me\\\/wp-content\\\/uploads\\\/2025\\\/01\\\/evropska-kuca-logo-1.png\",\"width\":425,\"height\":312,\"caption\":\"Evropean house\"},\"image\":{\"@id\":\"https:\\\/\\\/www.evropskakuca.me\\\/me\\\/#\\\/schema\\\/logo\\\/image\\\/\"},\"sameAs\":[\"https:\\\/\\\/www.facebook.com\\\/evropska.kuca\",\"https:\\\/\\\/x.com\\\/evropska_kuca\",\"https:\\\/\\\/www.instagram.com\\\/evropska_kuca\"]},{\"@type\":\"Person\",\"@id\":\"https:\\\/\\\/www.evropskakuca.me\\\/me\\\/#\\\/schema\\\/person\\\/a1d0dcdaefe4a1cd1d60d200ea137ba4\",\"name\":\"mkajic\",\"image\":{\"@type\":\"ImageObject\",\"inLanguage\":\"me-ME\",\"@id\":\"https:\\\/\\\/secure.gravatar.com\\\/avatar\\\/731fa035cefab7316e6bafd1f25a93fb731a07de14e2d9923f8db4422628eabc?s=96&d=mm&r=g\",\"url\":\"https:\\\/\\\/secure.gravatar.com\\\/avatar\\\/731fa035cefab7316e6bafd1f25a93fb731a07de14e2d9923f8db4422628eabc?s=96&d=mm&r=g\",\"contentUrl\":\"https:\\\/\\\/secure.gravatar.com\\\/avatar\\\/731fa035cefab7316e6bafd1f25a93fb731a07de14e2d9923f8db4422628eabc?s=96&d=mm&r=g\",\"caption\":\"mkajic\"},\"sameAs\":[\"https:\\\/\\\/evropskakuca.me\"],\"url\":\"https:\\\/\\\/www.evropskakuca.me\\\/me\\\/author\\\/mkajic\\\/\"}]}<\/script>\n<!-- \/ Yoast SEO plugin. -->","yoast_head_json":{"title":"3.5 miliona eura vrijedna EU podr\u0161ka samozapo\u0161ljavanju - Europe House","robots":{"index":"index","follow":"follow","max-snippet":"max-snippet:-1","max-image-preview":"max-image-preview:large","max-video-preview":"max-video-preview:-1"},"canonical":"https:\/\/www.evropskakuca.me\/me\/3-5-miliona-eura-vrijedna-eu-podrska-samozaposljavanju\/","og_locale":"en_US","og_type":"article","og_title":"3.5 miliona eura vrijedna EU podr\u0161ka samozapo\u0161ljavanju - Europe House","og_description":"Trideset\u0161estogodi\u0161nja Stanislava Radulovi\u0107 je stomatolo\u0161kinja iz Podgorice. Zahvaljuju\u0107i EU podr\u0161ci kroz grantove za samozapo\u0161ljavanje Stanislava danas ima modernu stomatolo\u0161ku ambulantu. Ova mlada stomatolo\u0161kinja jedna je od vi\u0161e od 460 korisnika koji su dobili podr\u0161ku kroz projekat \u201ePodr\u0161ka samozapo\u0161ljavanju\u201c, koji finansira EU a sprovodi Zavod za zapo\u0161ljavanje Crne Gore. \u2018\u2019Ovo mi je bio veliki podsticaj\u00a0 i [&hellip;]","og_url":"https:\/\/www.evropskakuca.me\/me\/3-5-miliona-eura-vrijedna-eu-podrska-samozaposljavanju\/","og_site_name":"Europe House","article_publisher":"https:\/\/www.facebook.com\/evropska.kuca","article_published_time":"2023-02-01T08:46:52+00:00","og_image":[{"width":2048,"height":1536,"url":"https:\/\/www.evropskakuca.me\/wp-content\/uploads\/2023\/02\/328660601_904722424042049_3172463860775690401_n.jpg","type":"image\/jpeg"}],"author":"mkajic","twitter_card":"summary_large_image","twitter_creator":"@evropska_kuca","twitter_site":"@evropska_kuca","twitter_misc":{"Written by":"mkajic","Est. reading time":"3 minutes"},"schema":{"@context":"https:\/\/schema.org","@graph":[{"@type":"Article","@id":"https:\/\/www.evropskakuca.me\/me\/3-5-miliona-eura-vrijedna-eu-podrska-samozaposljavanju\/#article","isPartOf":{"@id":"https:\/\/www.evropskakuca.me\/me\/3-5-miliona-eura-vrijedna-eu-podrska-samozaposljavanju\/"},"author":{"name":"mkajic","@id":"https:\/\/www.evropskakuca.me\/me\/#\/schema\/person\/a1d0dcdaefe4a1cd1d60d200ea137ba4"},"headline":"3.5 miliona eura vrijedna EU podr\u0161ka samozapo\u0161ljavanju","datePublished":"2023-02-01T08:46:52+00:00","mainEntityOfPage":{"@id":"https:\/\/www.evropskakuca.me\/me\/3-5-miliona-eura-vrijedna-eu-podrska-samozaposljavanju\/"},"wordCount":465,"publisher":{"@id":"https:\/\/www.evropskakuca.me\/me\/#organization"},"image":{"@id":"https:\/\/www.evropskakuca.me\/me\/3-5-miliona-eura-vrijedna-eu-podrska-samozaposljavanju\/#primaryimage"},"thumbnailUrl":"https:\/\/www.evropskakuca.me\/wp-content\/uploads\/2023\/02\/328660601_904722424042049_3172463860775690401_n.jpg","articleSection":["Uncategorized @me"],"inLanguage":"me-ME"},{"@type":"WebPage","@id":"https:\/\/www.evropskakuca.me\/me\/3-5-miliona-eura-vrijedna-eu-podrska-samozaposljavanju\/","url":"https:\/\/www.evropskakuca.me\/me\/3-5-miliona-eura-vrijedna-eu-podrska-samozaposljavanju\/","name":"3.5 miliona eura vrijedna EU podr\u0161ka samozapo\u0161ljavanju - Europe House","isPartOf":{"@id":"https:\/\/www.evropskakuca.me\/me\/#website"},"primaryImageOfPage":{"@id":"https:\/\/www.evropskakuca.me\/me\/3-5-miliona-eura-vrijedna-eu-podrska-samozaposljavanju\/#primaryimage"},"image":{"@id":"https:\/\/www.evropskakuca.me\/me\/3-5-miliona-eura-vrijedna-eu-podrska-samozaposljavanju\/#primaryimage"},"thumbnailUrl":"https:\/\/www.evropskakuca.me\/wp-content\/uploads\/2023\/02\/328660601_904722424042049_3172463860775690401_n.jpg","datePublished":"2023-02-01T08:46:52+00:00","breadcrumb":{"@id":"https:\/\/www.evropskakuca.me\/me\/3-5-miliona-eura-vrijedna-eu-podrska-samozaposljavanju\/#breadcrumb"},"inLanguage":"me-ME","potentialAction":[{"@type":"ReadAction","target":["https:\/\/www.evropskakuca.me\/me\/3-5-miliona-eura-vrijedna-eu-podrska-samozaposljavanju\/"]}]},{"@type":"ImageObject","inLanguage":"me-ME","@id":"https:\/\/www.evropskakuca.me\/me\/3-5-miliona-eura-vrijedna-eu-podrska-samozaposljavanju\/#primaryimage","url":"https:\/\/www.evropskakuca.me\/wp-content\/uploads\/2023\/02\/328660601_904722424042049_3172463860775690401_n.jpg","contentUrl":"https:\/\/www.evropskakuca.me\/wp-content\/uploads\/2023\/02\/328660601_904722424042049_3172463860775690401_n.jpg","width":2048,"height":1536},{"@type":"BreadcrumbList","@id":"https:\/\/www.evropskakuca.me\/me\/3-5-miliona-eura-vrijedna-eu-podrska-samozaposljavanju\/#breadcrumb","itemListElement":[{"@type":"ListItem","position":1,"name":"Home","item":"https:\/\/www.evropskakuca.me\/me\/"},{"@type":"ListItem","position":2,"name":"3.5 miliona eura vrijedna EU podr\u0161ka samozapo\u0161ljavanju"}]},{"@type":"WebSite","@id":"https:\/\/www.evropskakuca.me\/me\/#website","url":"https:\/\/www.evropskakuca.me\/me\/","name":"Evropean house","description":"","publisher":{"@id":"https:\/\/www.evropskakuca.me\/me\/#organization"},"potentialAction":[{"@type":"SearchAction","target":{"@type":"EntryPoint","urlTemplate":"https:\/\/www.evropskakuca.me\/me\/?s={search_term_string}"},"query-input":{"@type":"PropertyValueSpecification","valueRequired":true,"valueName":"search_term_string"}}],"inLanguage":"me-ME"},{"@type":"Organization","@id":"https:\/\/www.evropskakuca.me\/me\/#organization","name":"Evropean house","url":"https:\/\/www.evropskakuca.me\/me\/","logo":{"@type":"ImageObject","inLanguage":"me-ME","@id":"https:\/\/www.evropskakuca.me\/me\/#\/schema\/logo\/image\/","url":"https:\/\/www.evropskakuca.me\/wp-content\/uploads\/2025\/01\/evropska-kuca-logo-1.png","contentUrl":"https:\/\/www.evropskakuca.me\/wp-content\/uploads\/2025\/01\/evropska-kuca-logo-1.png","width":425,"height":312,"caption":"Evropean house"},"image":{"@id":"https:\/\/www.evropskakuca.me\/me\/#\/schema\/logo\/image\/"},"sameAs":["https:\/\/www.facebook.com\/evropska.kuca","https:\/\/x.com\/evropska_kuca","https:\/\/www.instagram.com\/evropska_kuca"]},{"@type":"Person","@id":"https:\/\/www.evropskakuca.me\/me\/#\/schema\/person\/a1d0dcdaefe4a1cd1d60d200ea137ba4","name":"mkajic","image":{"@type":"ImageObject","inLanguage":"me-ME","@id":"https:\/\/secure.gravatar.com\/avatar\/731fa035cefab7316e6bafd1f25a93fb731a07de14e2d9923f8db4422628eabc?s=96&d=mm&r=g","url":"https:\/\/secure.gravatar.com\/avatar\/731fa035cefab7316e6bafd1f25a93fb731a07de14e2d9923f8db4422628eabc?s=96&d=mm&r=g","contentUrl":"https:\/\/secure.gravatar.com\/avatar\/731fa035cefab7316e6bafd1f25a93fb731a07de14e2d9923f8db4422628eabc?s=96&d=mm&r=g","caption":"mkajic"},"sameAs":["https:\/\/evropskakuca.me"],"url":"https:\/\/www.evropskakuca.me\/me\/author\/mkajic\/"}]}},"_links":{"self":[{"href":"https:\/\/www.evropskakuca.me\/me\/wp-json\/wp\/v2\/posts\/24085","targetHints":{"allow":["GET"]}}],"collection":[{"href":"https:\/\/www.evropskakuca.me\/me\/wp-json\/wp\/v2\/posts"}],"about":[{"href":"https:\/\/www.evropskakuca.me\/me\/wp-json\/wp\/v2\/types\/post"}],"author":[{"embeddable":true,"href":"https:\/\/www.evropskakuca.me\/me\/wp-json\/wp\/v2\/users\/1"}],"replies":[{"embeddable":true,"href":"https:\/\/www.evropskakuca.me\/me\/wp-json\/wp\/v2\/comments?post=24085"}],"version-history":[{"count":0,"href":"https:\/\/www.evropskakuca.me\/me\/wp-json\/wp\/v2\/posts\/24085\/revisions"}],"wp:featuredmedia":[{"embeddable":true,"href":"https:\/\/www.evropskakuca.me\/me\/wp-json\/wp\/v2\/media\/38659"}],"wp:attachment":[{"href":"https:\/\/www.evropskakuca.me\/me\/wp-json\/wp\/v2\/media?parent=24085"}],"wp:term":[{"taxonomy":"category","embeddable":true,"href":"https:\/\/www.evropskakuca.me\/me\/wp-json\/wp\/v2\/categories?post=24085"},{"taxonomy":"post_tag","embeddable":true,"href":"https:\/\/www.evropskakuca.me\/me\/wp-json\/wp\/v2\/tags?post=24085"}],"curies":[{"name":"wp","href":"https:\/\/api.w.org\/{rel}","templated":true}]}}