{"id":24057,"date":"2023-01-24T16:14:55","date_gmt":"2023-01-24T16:14:55","guid":{"rendered":"https:\/\/evropskakuca.me\/?p=24057"},"modified":"2023-01-24T16:14:55","modified_gmt":"2023-01-24T16:14:55","slug":"ambasadorka-eu-u-posjeti-opstini-kolasin-9-miliona-eura-za-infratrukturne-probleme-kolasina","status":"publish","type":"post","link":"https:\/\/www.evropskakuca.me\/me\/ambasadorka-eu-u-posjeti-opstini-kolasin-9-miliona-eura-za-infratrukturne-probleme-kolasina\/","title":{"rendered":"Ambasadorka EU u posjeti Op\u0161tini Kola\u0161in: 9 miliona eura za infratrukturne probleme Kola\u0161ina"},"content":{"rendered":"<p class=\"v1MsoNormal\"><span lang=\"SR-LATN-ME\">Brojni projekti kroz koje Evropska unija podr\u017eava op\u0161tinu Kola\u0161in i na\u010dini na koje bi se ta podr\u0161ka mogla nastaviti bili su tema\u00a0 posjete \u0161efice Delegacije Evropske unije u Crnoj Gori Kola\u0161inu. Ambasadorka Oana Kristina Popa\u00a0 sastala se sa prvim \u010dovjekom op\u0161tine Vladimirom Martinovi\u0107em i korisnicima sredstava EU sa podru\u010dja op\u0161tine Kola\u0161in. Razgovaralo se o podr\u0161ci koju\u00a0<\/span><span lang=\"BS-LATN-BA\">EU u kontinuitetu pru\u017ea lokalnoj zajednici i o mogu\u0107nosima da se zajedni\u010dkim snagama pomogne lokalno stanovni\u0161tvo i razvoj Kola\u0161ina.<\/span><\/p>\n<p class=\"v1MsoNormal\"><span lang=\"BS-LATN-BA\">Dobra pristupa\u010dnost i pouzdana saobra\u0107ajna infrastruktura su od su\u0161tinskog zna\u010daja za rastu\u0107u ekonomiju Kola\u0161ina, posebno za turizam, poru\u010dila je ambasadorka Popa navode\u0107i da Evropska unija pru\u017ea podr\u0161ku Op\u0161tini u svakom segmentu razvoja. Evropska unija je ulo\u017eila preko 9 miliona eura za obnovu dvije dionice pruge Beograd-Bar u na teritoriji Op\u0161tine, a isto toliko novca izdvojeno je i<\/span><span lang=\"SR-LATN-ME\">\u00a0za infrastrukturne probleme grada<\/span><span lang=\"BS-LATN-BA\">.<\/span><\/p>\n<p class=\"v1MsoNormal\"><span lang=\"BS-LATN-BA\">\u201e\u0160to se ti\u010de komunalne infrastrukture, koja je neophodna kako za pobolj\u0161anje kvaliteta \u017eivota lokalnog stanovni\u0161tva, tako i za uslu\u017eivanje sve ve\u0107eg broja posjetilaca, EU je izdvojila blizu 9 miliona eura kako bi pomogla Op\u0161tini da unaprijedi sistem vodosnabdijevanja i izgradi postrojenje za pre\u010di\u0161\u0107avanje otpadnih voda i kanalizacionu mre\u017eu.&#8221; kazala je Popa.<\/span><\/p>\n\n<p class=\"v1MsoNormal\"><span lang=\"BS-LATN-BA\">Ambasadorka je poru\u010dila da je taj projekat zreo za raspisivanje tendera, jer je EU ve\u0107 finansirala izradu tehni\u010dke dokumentacije. Zbog toga je veoma va\u017eno da Op\u0161tina opredijeli dovoljno kvalifikovanog osoblja koje bi obezbijedilo efikasno upravljanje ovom zna\u010dajnom investicijom.<\/span><\/p>\n<p class=\"v1MsoNormal\"><span lang=\"SR-LATN-ME\">U razgovoru sa korisnicima sredstava evropskih fondova, lokalnim preduzetnicima koji su zahvaljuju\u0107i sredstvima EU unaprijedili sopstveni biznis ili otvorili nova radna mjesta i poljoprivrednicima kola\u0161inskog kraja, ambasadorka Popa je pru\u017eila podr\u0161ku naporima u za\u0161titi\u00a0<\/span><span lang=\"BS-LATN-BA\">jedinstvene prirodne ba\u0161tine ovog kraja.<\/span><\/p>\n<p><img fetchpriority=\"high\" decoding=\"async\" class=\"alignnone size-large wp-image-24068\" src=\"https:\/\/evropskakuca.me\/wp-content\/uploads\/2023\/01\/EU_Kolasin-4-of-5-1024x682.jpg\" alt=\"\" width=\"1024\" height=\"682\" \/><\/p>\n<p class=\"v1MsoNormal\"><span lang=\"BS-LATN-BA\">\u201eVa\u017eno je da ekonomski razvoj i o\u010duvanje prirode idu ruku pod ruku, te da se klju\u010dna podru\u010dja sa\u010duvaju od eksploatacije. EU je spremna da i dalje podr\u017eava takav pristup prirodnim resursima. \u00a0Nadam se da \u0107e ovi i drugi budu\u0107i projekti koje finansira EU biti uspje\u0161no realizovani, kako bi doprinijeli sve dinami\u010dnijem razvoju Kola\u0161ina, \u010demu \u0107emo, nadam se, uskoro svi svjedo\u010diti.&#8221; kazala je Popa.<\/span><\/p>\n<p class=\"v1MsoNormal\"><span lang=\"BS-LATN-BA\">Ambasadorka Popa je posjetila i dr\u017eavno skijali\u0161te Kola\u0161in 1600 i pozvala sve koji mogu da u\u010dine isto i iskoriste zahuktalu zimsku sezonu za u\u017eivanje na ski stazama i u gostoprimstvu Kola\u0161inaca.\u00a0 \u0160to se ti\u010de EU, poru\u010dila je ambasadorka Popa, nastavi\u0107e se podr\u0161ka naporima lokalne zajednice da Kola\u0161in postane jo\u0161 ljep\u0161e mjesto za \u017eivot i posjetu.<\/span><\/p>\n<p class=\"v1MsoNormal\"><span lang=\"BS-LATN-BA\">\u00a0<\/span><\/p>\n","protected":false},"excerpt":{"rendered":"<p>Brojni projekti kroz koje Evropska unija podr\u017eava op\u0161tinu Kola\u0161in i na\u010dini na koje bi se ta podr\u0161ka mogla nastaviti bili su tema\u00a0 posjete \u0161efice Delegacije Evropske unije u Crnoj Gori Kola\u0161inu. Ambasadorka Oana Kristina Popa\u00a0 sastala se sa prvim \u010dovjekom op\u0161tine Vladimirom Martinovi\u0107em i korisnicima sredstava EU sa podru\u010dja op\u0161tine Kola\u0161in. Razgovaralo se o podr\u0161ci [&hellip;]<\/p>\n","protected":false},"author":1,"featured_media":38641,"comment_status":"closed","ping_status":"closed","sticky":false,"template":"","format":"standard","meta":{"_acf_changed":false,"footnotes":""},"categories":[],"tags":[],"class_list":["post-24057","post","type-post","status-publish","format-standard","has-post-thumbnail","hentry"],"acf":[],"yoast_head":"<!-- This site is optimized with the Yoast SEO plugin v27.3 - https:\/\/yoast.com\/product\/yoast-seo-wordpress\/ -->\n<title>Ambasadorka EU u posjeti Op\u0161tini Kola\u0161in: 9 miliona eura za infratrukturne probleme Kola\u0161ina - Europe House<\/title>\n<meta name=\"robots\" content=\"index, follow, max-snippet:-1, max-image-preview:large, max-video-preview:-1\" \/>\n<link rel=\"canonical\" href=\"https:\/\/www.evropskakuca.me\/me\/ambasadorka-eu-u-posjeti-opstini-kolasin-9-miliona-eura-za-infratrukturne-probleme-kolasina\/\" \/>\n<meta property=\"og:locale\" content=\"en_US\" \/>\n<meta property=\"og:type\" content=\"article\" \/>\n<meta property=\"og:title\" content=\"Ambasadorka EU u posjeti Op\u0161tini Kola\u0161in: 9 miliona eura za infratrukturne probleme Kola\u0161ina - Europe House\" \/>\n<meta property=\"og:description\" content=\"Brojni projekti kroz koje Evropska unija podr\u017eava op\u0161tinu Kola\u0161in i na\u010dini na koje bi se ta podr\u0161ka mogla nastaviti bili su tema\u00a0 posjete \u0161efice Delegacije Evropske unije u Crnoj Gori Kola\u0161inu. Ambasadorka Oana Kristina Popa\u00a0 sastala se sa prvim \u010dovjekom op\u0161tine Vladimirom Martinovi\u0107em i korisnicima sredstava EU sa podru\u010dja op\u0161tine Kola\u0161in. Razgovaralo se o podr\u0161ci [&hellip;]\" \/>\n<meta property=\"og:url\" content=\"https:\/\/www.evropskakuca.me\/me\/ambasadorka-eu-u-posjeti-opstini-kolasin-9-miliona-eura-za-infratrukturne-probleme-kolasina\/\" \/>\n<meta property=\"og:site_name\" content=\"Europe House\" \/>\n<meta property=\"article:publisher\" content=\"https:\/\/www.facebook.com\/evropska.kuca\" \/>\n<meta property=\"article:published_time\" content=\"2023-01-24T16:14:55+00:00\" \/>\n<meta property=\"og:image\" content=\"https:\/\/www.evropskakuca.me\/wp-content\/uploads\/2023\/01\/EU_Kolasin-5-of-5.jpg\" \/>\n\t<meta property=\"og:image:width\" content=\"2000\" \/>\n\t<meta property=\"og:image:height\" content=\"1333\" \/>\n\t<meta property=\"og:image:type\" content=\"image\/jpeg\" \/>\n<meta name=\"author\" content=\"mkajic\" \/>\n<meta name=\"twitter:card\" content=\"summary_large_image\" \/>\n<meta name=\"twitter:creator\" content=\"@evropska_kuca\" \/>\n<meta name=\"twitter:site\" content=\"@evropska_kuca\" \/>\n<meta name=\"twitter:label1\" content=\"Written by\" \/>\n\t<meta name=\"twitter:data1\" content=\"mkajic\" \/>\n\t<meta name=\"twitter:label2\" content=\"Est. reading time\" \/>\n\t<meta name=\"twitter:data2\" content=\"2 minutes\" \/>\n<script type=\"application\/ld+json\" class=\"yoast-schema-graph\">{\"@context\":\"https:\\\/\\\/schema.org\",\"@graph\":[{\"@type\":\"Article\",\"@id\":\"https:\\\/\\\/www.evropskakuca.me\\\/me\\\/ambasadorka-eu-u-posjeti-opstini-kolasin-9-miliona-eura-za-infratrukturne-probleme-kolasina\\\/#article\",\"isPartOf\":{\"@id\":\"https:\\\/\\\/www.evropskakuca.me\\\/me\\\/ambasadorka-eu-u-posjeti-opstini-kolasin-9-miliona-eura-za-infratrukturne-probleme-kolasina\\\/\"},\"author\":{\"name\":\"mkajic\",\"@id\":\"https:\\\/\\\/www.evropskakuca.me\\\/me\\\/#\\\/schema\\\/person\\\/a1d0dcdaefe4a1cd1d60d200ea137ba4\"},\"headline\":\"Ambasadorka EU u posjeti Op\u0161tini Kola\u0161in: 9 miliona eura za infratrukturne probleme Kola\u0161ina\",\"datePublished\":\"2023-01-24T16:14:55+00:00\",\"mainEntityOfPage\":{\"@id\":\"https:\\\/\\\/www.evropskakuca.me\\\/me\\\/ambasadorka-eu-u-posjeti-opstini-kolasin-9-miliona-eura-za-infratrukturne-probleme-kolasina\\\/\"},\"wordCount\":471,\"publisher\":{\"@id\":\"https:\\\/\\\/www.evropskakuca.me\\\/me\\\/#organization\"},\"image\":{\"@id\":\"https:\\\/\\\/www.evropskakuca.me\\\/me\\\/ambasadorka-eu-u-posjeti-opstini-kolasin-9-miliona-eura-za-infratrukturne-probleme-kolasina\\\/#primaryimage\"},\"thumbnailUrl\":\"https:\\\/\\\/www.evropskakuca.me\\\/wp-content\\\/uploads\\\/2023\\\/01\\\/EU_Kolasin-5-of-5.jpg\",\"inLanguage\":\"me-ME\"},{\"@type\":\"WebPage\",\"@id\":\"https:\\\/\\\/www.evropskakuca.me\\\/me\\\/ambasadorka-eu-u-posjeti-opstini-kolasin-9-miliona-eura-za-infratrukturne-probleme-kolasina\\\/\",\"url\":\"https:\\\/\\\/www.evropskakuca.me\\\/me\\\/ambasadorka-eu-u-posjeti-opstini-kolasin-9-miliona-eura-za-infratrukturne-probleme-kolasina\\\/\",\"name\":\"Ambasadorka EU u posjeti Op\u0161tini Kola\u0161in: 9 miliona eura za infratrukturne probleme Kola\u0161ina - Europe House\",\"isPartOf\":{\"@id\":\"https:\\\/\\\/www.evropskakuca.me\\\/me\\\/#website\"},\"primaryImageOfPage\":{\"@id\":\"https:\\\/\\\/www.evropskakuca.me\\\/me\\\/ambasadorka-eu-u-posjeti-opstini-kolasin-9-miliona-eura-za-infratrukturne-probleme-kolasina\\\/#primaryimage\"},\"image\":{\"@id\":\"https:\\\/\\\/www.evropskakuca.me\\\/me\\\/ambasadorka-eu-u-posjeti-opstini-kolasin-9-miliona-eura-za-infratrukturne-probleme-kolasina\\\/#primaryimage\"},\"thumbnailUrl\":\"https:\\\/\\\/www.evropskakuca.me\\\/wp-content\\\/uploads\\\/2023\\\/01\\\/EU_Kolasin-5-of-5.jpg\",\"datePublished\":\"2023-01-24T16:14:55+00:00\",\"breadcrumb\":{\"@id\":\"https:\\\/\\\/www.evropskakuca.me\\\/me\\\/ambasadorka-eu-u-posjeti-opstini-kolasin-9-miliona-eura-za-infratrukturne-probleme-kolasina\\\/#breadcrumb\"},\"inLanguage\":\"me-ME\",\"potentialAction\":[{\"@type\":\"ReadAction\",\"target\":[\"https:\\\/\\\/www.evropskakuca.me\\\/me\\\/ambasadorka-eu-u-posjeti-opstini-kolasin-9-miliona-eura-za-infratrukturne-probleme-kolasina\\\/\"]}]},{\"@type\":\"ImageObject\",\"inLanguage\":\"me-ME\",\"@id\":\"https:\\\/\\\/www.evropskakuca.me\\\/me\\\/ambasadorka-eu-u-posjeti-opstini-kolasin-9-miliona-eura-za-infratrukturne-probleme-kolasina\\\/#primaryimage\",\"url\":\"https:\\\/\\\/www.evropskakuca.me\\\/wp-content\\\/uploads\\\/2023\\\/01\\\/EU_Kolasin-5-of-5.jpg\",\"contentUrl\":\"https:\\\/\\\/www.evropskakuca.me\\\/wp-content\\\/uploads\\\/2023\\\/01\\\/EU_Kolasin-5-of-5.jpg\",\"width\":2000,\"height\":1333},{\"@type\":\"BreadcrumbList\",\"@id\":\"https:\\\/\\\/www.evropskakuca.me\\\/me\\\/ambasadorka-eu-u-posjeti-opstini-kolasin-9-miliona-eura-za-infratrukturne-probleme-kolasina\\\/#breadcrumb\",\"itemListElement\":[{\"@type\":\"ListItem\",\"position\":1,\"name\":\"Home\",\"item\":\"https:\\\/\\\/www.evropskakuca.me\\\/me\\\/\"},{\"@type\":\"ListItem\",\"position\":2,\"name\":\"Ambasadorka EU u posjeti Op\u0161tini Kola\u0161in: 9 miliona eura za infratrukturne probleme Kola\u0161ina\"}]},{\"@type\":\"WebSite\",\"@id\":\"https:\\\/\\\/www.evropskakuca.me\\\/me\\\/#website\",\"url\":\"https:\\\/\\\/www.evropskakuca.me\\\/me\\\/\",\"name\":\"Evropean house\",\"description\":\"\",\"publisher\":{\"@id\":\"https:\\\/\\\/www.evropskakuca.me\\\/me\\\/#organization\"},\"potentialAction\":[{\"@type\":\"SearchAction\",\"target\":{\"@type\":\"EntryPoint\",\"urlTemplate\":\"https:\\\/\\\/www.evropskakuca.me\\\/me\\\/?s={search_term_string}\"},\"query-input\":{\"@type\":\"PropertyValueSpecification\",\"valueRequired\":true,\"valueName\":\"search_term_string\"}}],\"inLanguage\":\"me-ME\"},{\"@type\":\"Organization\",\"@id\":\"https:\\\/\\\/www.evropskakuca.me\\\/me\\\/#organization\",\"name\":\"Evropean house\",\"url\":\"https:\\\/\\\/www.evropskakuca.me\\\/me\\\/\",\"logo\":{\"@type\":\"ImageObject\",\"inLanguage\":\"me-ME\",\"@id\":\"https:\\\/\\\/www.evropskakuca.me\\\/me\\\/#\\\/schema\\\/logo\\\/image\\\/\",\"url\":\"https:\\\/\\\/www.evropskakuca.me\\\/wp-content\\\/uploads\\\/2025\\\/01\\\/evropska-kuca-logo-1.png\",\"contentUrl\":\"https:\\\/\\\/www.evropskakuca.me\\\/wp-content\\\/uploads\\\/2025\\\/01\\\/evropska-kuca-logo-1.png\",\"width\":425,\"height\":312,\"caption\":\"Evropean house\"},\"image\":{\"@id\":\"https:\\\/\\\/www.evropskakuca.me\\\/me\\\/#\\\/schema\\\/logo\\\/image\\\/\"},\"sameAs\":[\"https:\\\/\\\/www.facebook.com\\\/evropska.kuca\",\"https:\\\/\\\/x.com\\\/evropska_kuca\",\"https:\\\/\\\/www.instagram.com\\\/evropska_kuca\"]},{\"@type\":\"Person\",\"@id\":\"https:\\\/\\\/www.evropskakuca.me\\\/me\\\/#\\\/schema\\\/person\\\/a1d0dcdaefe4a1cd1d60d200ea137ba4\",\"name\":\"mkajic\",\"image\":{\"@type\":\"ImageObject\",\"inLanguage\":\"me-ME\",\"@id\":\"https:\\\/\\\/secure.gravatar.com\\\/avatar\\\/731fa035cefab7316e6bafd1f25a93fb731a07de14e2d9923f8db4422628eabc?s=96&d=mm&r=g\",\"url\":\"https:\\\/\\\/secure.gravatar.com\\\/avatar\\\/731fa035cefab7316e6bafd1f25a93fb731a07de14e2d9923f8db4422628eabc?s=96&d=mm&r=g\",\"contentUrl\":\"https:\\\/\\\/secure.gravatar.com\\\/avatar\\\/731fa035cefab7316e6bafd1f25a93fb731a07de14e2d9923f8db4422628eabc?s=96&d=mm&r=g\",\"caption\":\"mkajic\"},\"sameAs\":[\"https:\\\/\\\/evropskakuca.me\"],\"url\":\"https:\\\/\\\/www.evropskakuca.me\\\/me\\\/author\\\/mkajic\\\/\"}]}<\/script>\n<!-- \/ Yoast SEO plugin. -->","yoast_head_json":{"title":"Ambasadorka EU u posjeti Op\u0161tini Kola\u0161in: 9 miliona eura za infratrukturne probleme Kola\u0161ina - Europe House","robots":{"index":"index","follow":"follow","max-snippet":"max-snippet:-1","max-image-preview":"max-image-preview:large","max-video-preview":"max-video-preview:-1"},"canonical":"https:\/\/www.evropskakuca.me\/me\/ambasadorka-eu-u-posjeti-opstini-kolasin-9-miliona-eura-za-infratrukturne-probleme-kolasina\/","og_locale":"en_US","og_type":"article","og_title":"Ambasadorka EU u posjeti Op\u0161tini Kola\u0161in: 9 miliona eura za infratrukturne probleme Kola\u0161ina - Europe House","og_description":"Brojni projekti kroz koje Evropska unija podr\u017eava op\u0161tinu Kola\u0161in i na\u010dini na koje bi se ta podr\u0161ka mogla nastaviti bili su tema\u00a0 posjete \u0161efice Delegacije Evropske unije u Crnoj Gori Kola\u0161inu. Ambasadorka Oana Kristina Popa\u00a0 sastala se sa prvim \u010dovjekom op\u0161tine Vladimirom Martinovi\u0107em i korisnicima sredstava EU sa podru\u010dja op\u0161tine Kola\u0161in. Razgovaralo se o podr\u0161ci [&hellip;]","og_url":"https:\/\/www.evropskakuca.me\/me\/ambasadorka-eu-u-posjeti-opstini-kolasin-9-miliona-eura-za-infratrukturne-probleme-kolasina\/","og_site_name":"Europe House","article_publisher":"https:\/\/www.facebook.com\/evropska.kuca","article_published_time":"2023-01-24T16:14:55+00:00","og_image":[{"width":2000,"height":1333,"url":"https:\/\/www.evropskakuca.me\/wp-content\/uploads\/2023\/01\/EU_Kolasin-5-of-5.jpg","type":"image\/jpeg"}],"author":"mkajic","twitter_card":"summary_large_image","twitter_creator":"@evropska_kuca","twitter_site":"@evropska_kuca","twitter_misc":{"Written by":"mkajic","Est. reading time":"2 minutes"},"schema":{"@context":"https:\/\/schema.org","@graph":[{"@type":"Article","@id":"https:\/\/www.evropskakuca.me\/me\/ambasadorka-eu-u-posjeti-opstini-kolasin-9-miliona-eura-za-infratrukturne-probleme-kolasina\/#article","isPartOf":{"@id":"https:\/\/www.evropskakuca.me\/me\/ambasadorka-eu-u-posjeti-opstini-kolasin-9-miliona-eura-za-infratrukturne-probleme-kolasina\/"},"author":{"name":"mkajic","@id":"https:\/\/www.evropskakuca.me\/me\/#\/schema\/person\/a1d0dcdaefe4a1cd1d60d200ea137ba4"},"headline":"Ambasadorka EU u posjeti Op\u0161tini Kola\u0161in: 9 miliona eura za infratrukturne probleme Kola\u0161ina","datePublished":"2023-01-24T16:14:55+00:00","mainEntityOfPage":{"@id":"https:\/\/www.evropskakuca.me\/me\/ambasadorka-eu-u-posjeti-opstini-kolasin-9-miliona-eura-za-infratrukturne-probleme-kolasina\/"},"wordCount":471,"publisher":{"@id":"https:\/\/www.evropskakuca.me\/me\/#organization"},"image":{"@id":"https:\/\/www.evropskakuca.me\/me\/ambasadorka-eu-u-posjeti-opstini-kolasin-9-miliona-eura-za-infratrukturne-probleme-kolasina\/#primaryimage"},"thumbnailUrl":"https:\/\/www.evropskakuca.me\/wp-content\/uploads\/2023\/01\/EU_Kolasin-5-of-5.jpg","inLanguage":"me-ME"},{"@type":"WebPage","@id":"https:\/\/www.evropskakuca.me\/me\/ambasadorka-eu-u-posjeti-opstini-kolasin-9-miliona-eura-za-infratrukturne-probleme-kolasina\/","url":"https:\/\/www.evropskakuca.me\/me\/ambasadorka-eu-u-posjeti-opstini-kolasin-9-miliona-eura-za-infratrukturne-probleme-kolasina\/","name":"Ambasadorka EU u posjeti Op\u0161tini Kola\u0161in: 9 miliona eura za infratrukturne probleme Kola\u0161ina - Europe House","isPartOf":{"@id":"https:\/\/www.evropskakuca.me\/me\/#website"},"primaryImageOfPage":{"@id":"https:\/\/www.evropskakuca.me\/me\/ambasadorka-eu-u-posjeti-opstini-kolasin-9-miliona-eura-za-infratrukturne-probleme-kolasina\/#primaryimage"},"image":{"@id":"https:\/\/www.evropskakuca.me\/me\/ambasadorka-eu-u-posjeti-opstini-kolasin-9-miliona-eura-za-infratrukturne-probleme-kolasina\/#primaryimage"},"thumbnailUrl":"https:\/\/www.evropskakuca.me\/wp-content\/uploads\/2023\/01\/EU_Kolasin-5-of-5.jpg","datePublished":"2023-01-24T16:14:55+00:00","breadcrumb":{"@id":"https:\/\/www.evropskakuca.me\/me\/ambasadorka-eu-u-posjeti-opstini-kolasin-9-miliona-eura-za-infratrukturne-probleme-kolasina\/#breadcrumb"},"inLanguage":"me-ME","potentialAction":[{"@type":"ReadAction","target":["https:\/\/www.evropskakuca.me\/me\/ambasadorka-eu-u-posjeti-opstini-kolasin-9-miliona-eura-za-infratrukturne-probleme-kolasina\/"]}]},{"@type":"ImageObject","inLanguage":"me-ME","@id":"https:\/\/www.evropskakuca.me\/me\/ambasadorka-eu-u-posjeti-opstini-kolasin-9-miliona-eura-za-infratrukturne-probleme-kolasina\/#primaryimage","url":"https:\/\/www.evropskakuca.me\/wp-content\/uploads\/2023\/01\/EU_Kolasin-5-of-5.jpg","contentUrl":"https:\/\/www.evropskakuca.me\/wp-content\/uploads\/2023\/01\/EU_Kolasin-5-of-5.jpg","width":2000,"height":1333},{"@type":"BreadcrumbList","@id":"https:\/\/www.evropskakuca.me\/me\/ambasadorka-eu-u-posjeti-opstini-kolasin-9-miliona-eura-za-infratrukturne-probleme-kolasina\/#breadcrumb","itemListElement":[{"@type":"ListItem","position":1,"name":"Home","item":"https:\/\/www.evropskakuca.me\/me\/"},{"@type":"ListItem","position":2,"name":"Ambasadorka EU u posjeti Op\u0161tini Kola\u0161in: 9 miliona eura za infratrukturne probleme Kola\u0161ina"}]},{"@type":"WebSite","@id":"https:\/\/www.evropskakuca.me\/me\/#website","url":"https:\/\/www.evropskakuca.me\/me\/","name":"Evropean house","description":"","publisher":{"@id":"https:\/\/www.evropskakuca.me\/me\/#organization"},"potentialAction":[{"@type":"SearchAction","target":{"@type":"EntryPoint","urlTemplate":"https:\/\/www.evropskakuca.me\/me\/?s={search_term_string}"},"query-input":{"@type":"PropertyValueSpecification","valueRequired":true,"valueName":"search_term_string"}}],"inLanguage":"me-ME"},{"@type":"Organization","@id":"https:\/\/www.evropskakuca.me\/me\/#organization","name":"Evropean house","url":"https:\/\/www.evropskakuca.me\/me\/","logo":{"@type":"ImageObject","inLanguage":"me-ME","@id":"https:\/\/www.evropskakuca.me\/me\/#\/schema\/logo\/image\/","url":"https:\/\/www.evropskakuca.me\/wp-content\/uploads\/2025\/01\/evropska-kuca-logo-1.png","contentUrl":"https:\/\/www.evropskakuca.me\/wp-content\/uploads\/2025\/01\/evropska-kuca-logo-1.png","width":425,"height":312,"caption":"Evropean house"},"image":{"@id":"https:\/\/www.evropskakuca.me\/me\/#\/schema\/logo\/image\/"},"sameAs":["https:\/\/www.facebook.com\/evropska.kuca","https:\/\/x.com\/evropska_kuca","https:\/\/www.instagram.com\/evropska_kuca"]},{"@type":"Person","@id":"https:\/\/www.evropskakuca.me\/me\/#\/schema\/person\/a1d0dcdaefe4a1cd1d60d200ea137ba4","name":"mkajic","image":{"@type":"ImageObject","inLanguage":"me-ME","@id":"https:\/\/secure.gravatar.com\/avatar\/731fa035cefab7316e6bafd1f25a93fb731a07de14e2d9923f8db4422628eabc?s=96&d=mm&r=g","url":"https:\/\/secure.gravatar.com\/avatar\/731fa035cefab7316e6bafd1f25a93fb731a07de14e2d9923f8db4422628eabc?s=96&d=mm&r=g","contentUrl":"https:\/\/secure.gravatar.com\/avatar\/731fa035cefab7316e6bafd1f25a93fb731a07de14e2d9923f8db4422628eabc?s=96&d=mm&r=g","caption":"mkajic"},"sameAs":["https:\/\/evropskakuca.me"],"url":"https:\/\/www.evropskakuca.me\/me\/author\/mkajic\/"}]}},"_links":{"self":[{"href":"https:\/\/www.evropskakuca.me\/me\/wp-json\/wp\/v2\/posts\/24057","targetHints":{"allow":["GET"]}}],"collection":[{"href":"https:\/\/www.evropskakuca.me\/me\/wp-json\/wp\/v2\/posts"}],"about":[{"href":"https:\/\/www.evropskakuca.me\/me\/wp-json\/wp\/v2\/types\/post"}],"author":[{"embeddable":true,"href":"https:\/\/www.evropskakuca.me\/me\/wp-json\/wp\/v2\/users\/1"}],"replies":[{"embeddable":true,"href":"https:\/\/www.evropskakuca.me\/me\/wp-json\/wp\/v2\/comments?post=24057"}],"version-history":[{"count":0,"href":"https:\/\/www.evropskakuca.me\/me\/wp-json\/wp\/v2\/posts\/24057\/revisions"}],"wp:featuredmedia":[{"embeddable":true,"href":"https:\/\/www.evropskakuca.me\/me\/wp-json\/wp\/v2\/media\/38641"}],"wp:attachment":[{"href":"https:\/\/www.evropskakuca.me\/me\/wp-json\/wp\/v2\/media?parent=24057"}],"wp:term":[{"taxonomy":"category","embeddable":true,"href":"https:\/\/www.evropskakuca.me\/me\/wp-json\/wp\/v2\/categories?post=24057"},{"taxonomy":"post_tag","embeddable":true,"href":"https:\/\/www.evropskakuca.me\/me\/wp-json\/wp\/v2\/tags?post=24057"}],"curies":[{"name":"wp","href":"https:\/\/api.w.org\/{rel}","templated":true}]}}