{"id":24031,"date":"2022-12-24T10:25:34","date_gmt":"2022-12-24T10:25:34","guid":{"rendered":"https:\/\/evropskakuca.me\/?p=24031"},"modified":"2022-12-24T10:25:34","modified_gmt":"2022-12-24T10:25:34","slug":"ambasadorka-popa-razgovarala-sa-mladim-evropskim-ambasadorima","status":"publish","type":"post","link":"https:\/\/www.evropskakuca.me\/me\/ambasadorka-popa-razgovarala-sa-mladim-evropskim-ambasadorima\/","title":{"rendered":"Ambasadorka Popa razgovarala sa Mladim evropskim ambasadorima"},"content":{"rendered":"<p>Na kraju godine u kojoj smo pokrenuli Dijalog sa mladima, ambasadorka Evropske unije u Crnoj Gori Oana Kristina Popa sastala se sa Mladim evropskim ambasadorima, kako bi diskutovali o tome \u0161ta je ura\u0111eno, ali i kojim temama bi se dodatno trebalo posvetiti ubudu\u0107e. Mladi su bili vrlo otvoreni, jasno iznose\u0107i probleme koji ih zabrinjavaju, kao \u0161to napadi na LGBT zajednicu u Crnoj Gori, pristrasno izvje\u0161tavanje medija i nacionalne podjele, veliki procenat mladih koji \u017eele da napuste zemlju, njihova nejasna uloga u dru\u0161tvu&#8230;<\/p>\n<p>Ambasadorka Popa ih je upoznala sa projektima i aktivnostima koje Evropska unija sprovodi u Crnoj Gori, kada je rije\u010d o prevazila\u017eenju ovih izazova, ali i pozvala mlade da se aktiviraju i predla\u017eu konkretne inicijative, kako bi unaprijedili svoju zajednicu. Motivisala ih je da u tome kao partnera vide Evropsku ku\u0107u, koja mo\u017ee biti mjesto za organizaciju aktivnosti koje mladi \u017eele da pokrenu.<\/p>\n\n<p>Mladi evropski ambasadori (Young European Ambassadors \u2013 YEA) je inicijativa posve\u0107ena mladim ljudima na Zapadnom Balkan, koju je Evropska unija pokrenula prije tri godine sa \u017eeljom da im pru\u017ei priliku da upoznaju i do\u017eive vrijednosti EU i\u00a0 promovi\u0161u moguc\u0301nosti koje ova zajednica nudi.<\/p>\n<p>Nedavno je izabrana tre\u0107a generacija YEA i u Crnoj Gori, a to su Selda Jahjagi\u0107, Marija Bla\u017eevi\u0107, An\u0111ela Mici\u0107, Merita Dukaj, Edina Osmanovi\u0107, Filip Joveti\u0107, Lukas Junkovi\u0107, Milutin Radulovi\u0107, Luka Vukoti\u0107, Andrej Bubanja i Matia Prenko\u010devi\u0107. Vi\u0161e o YEA mo\u017eete da saznate na njihovoj <a href=\"https:\/\/www.webalkans.eu\/young-european-ambassadors\/\">platformi<\/a>.<\/p>\n","protected":false},"excerpt":{"rendered":"<p>Na kraju godine u kojoj smo pokrenuli Dijalog sa mladima, ambasadorka Evropske unije u Crnoj Gori Oana Kristina Popa sastala se sa Mladim evropskim ambasadorima, kako bi diskutovali o tome \u0161ta je ura\u0111eno, ali i kojim temama bi se dodatno trebalo posvetiti ubudu\u0107e. Mladi su bili vrlo otvoreni, jasno iznose\u0107i probleme koji ih zabrinjavaju, kao [&hellip;]<\/p>\n","protected":false},"author":1,"featured_media":38595,"comment_status":"closed","ping_status":"closed","sticky":false,"template":"","format":"standard","meta":{"_acf_changed":false,"footnotes":""},"categories":[],"tags":[],"class_list":["post-24031","post","type-post","status-publish","format-standard","has-post-thumbnail","hentry"],"acf":[],"yoast_head":"<!-- This site is optimized with the Yoast SEO plugin v27.3 - https:\/\/yoast.com\/product\/yoast-seo-wordpress\/ -->\n<title>Ambasadorka Popa razgovarala sa Mladim evropskim ambasadorima - Europe House<\/title>\n<meta name=\"robots\" content=\"index, follow, max-snippet:-1, max-image-preview:large, max-video-preview:-1\" \/>\n<link rel=\"canonical\" href=\"https:\/\/www.evropskakuca.me\/me\/ambasadorka-popa-razgovarala-sa-mladim-evropskim-ambasadorima\/\" \/>\n<meta property=\"og:locale\" content=\"en_US\" \/>\n<meta property=\"og:type\" content=\"article\" \/>\n<meta property=\"og:title\" content=\"Ambasadorka Popa razgovarala sa Mladim evropskim ambasadorima - Europe House\" \/>\n<meta property=\"og:description\" content=\"Na kraju godine u kojoj smo pokrenuli Dijalog sa mladima, ambasadorka Evropske unije u Crnoj Gori Oana Kristina Popa sastala se sa Mladim evropskim ambasadorima, kako bi diskutovali o tome \u0161ta je ura\u0111eno, ali i kojim temama bi se dodatno trebalo posvetiti ubudu\u0107e. Mladi su bili vrlo otvoreni, jasno iznose\u0107i probleme koji ih zabrinjavaju, kao [&hellip;]\" \/>\n<meta property=\"og:url\" content=\"https:\/\/www.evropskakuca.me\/me\/ambasadorka-popa-razgovarala-sa-mladim-evropskim-ambasadorima\/\" \/>\n<meta property=\"og:site_name\" content=\"Europe House\" \/>\n<meta property=\"article:publisher\" content=\"https:\/\/www.facebook.com\/evropska.kuca\" \/>\n<meta property=\"article:published_time\" content=\"2022-12-24T10:25:34+00:00\" \/>\n<meta property=\"og:image\" content=\"https:\/\/www.evropskakuca.me\/wp-content\/uploads\/2022\/12\/321355741_1316911289099545_1251887251366496742_n.jpg\" \/>\n\t<meta property=\"og:image:width\" content=\"2048\" \/>\n\t<meta property=\"og:image:height\" content=\"1365\" \/>\n\t<meta property=\"og:image:type\" content=\"image\/jpeg\" \/>\n<meta name=\"author\" content=\"mkajic\" \/>\n<meta name=\"twitter:card\" content=\"summary_large_image\" \/>\n<meta name=\"twitter:creator\" content=\"@evropska_kuca\" \/>\n<meta name=\"twitter:site\" content=\"@evropska_kuca\" \/>\n<meta name=\"twitter:label1\" content=\"Written by\" \/>\n\t<meta name=\"twitter:data1\" content=\"mkajic\" \/>\n\t<meta name=\"twitter:label2\" content=\"Est. reading time\" \/>\n\t<meta name=\"twitter:data2\" content=\"2 minutes\" \/>\n<script type=\"application\/ld+json\" class=\"yoast-schema-graph\">{\"@context\":\"https:\\\/\\\/schema.org\",\"@graph\":[{\"@type\":\"Article\",\"@id\":\"https:\\\/\\\/www.evropskakuca.me\\\/me\\\/ambasadorka-popa-razgovarala-sa-mladim-evropskim-ambasadorima\\\/#article\",\"isPartOf\":{\"@id\":\"https:\\\/\\\/www.evropskakuca.me\\\/me\\\/ambasadorka-popa-razgovarala-sa-mladim-evropskim-ambasadorima\\\/\"},\"author\":{\"name\":\"mkajic\",\"@id\":\"https:\\\/\\\/www.evropskakuca.me\\\/me\\\/#\\\/schema\\\/person\\\/a1d0dcdaefe4a1cd1d60d200ea137ba4\"},\"headline\":\"Ambasadorka Popa razgovarala sa Mladim evropskim ambasadorima\",\"datePublished\":\"2022-12-24T10:25:34+00:00\",\"mainEntityOfPage\":{\"@id\":\"https:\\\/\\\/www.evropskakuca.me\\\/me\\\/ambasadorka-popa-razgovarala-sa-mladim-evropskim-ambasadorima\\\/\"},\"wordCount\":262,\"publisher\":{\"@id\":\"https:\\\/\\\/www.evropskakuca.me\\\/me\\\/#organization\"},\"image\":{\"@id\":\"https:\\\/\\\/www.evropskakuca.me\\\/me\\\/ambasadorka-popa-razgovarala-sa-mladim-evropskim-ambasadorima\\\/#primaryimage\"},\"thumbnailUrl\":\"https:\\\/\\\/www.evropskakuca.me\\\/wp-content\\\/uploads\\\/2022\\\/12\\\/321355741_1316911289099545_1251887251366496742_n.jpg\",\"inLanguage\":\"me-ME\"},{\"@type\":\"WebPage\",\"@id\":\"https:\\\/\\\/www.evropskakuca.me\\\/me\\\/ambasadorka-popa-razgovarala-sa-mladim-evropskim-ambasadorima\\\/\",\"url\":\"https:\\\/\\\/www.evropskakuca.me\\\/me\\\/ambasadorka-popa-razgovarala-sa-mladim-evropskim-ambasadorima\\\/\",\"name\":\"Ambasadorka Popa razgovarala sa Mladim evropskim ambasadorima - Europe House\",\"isPartOf\":{\"@id\":\"https:\\\/\\\/www.evropskakuca.me\\\/me\\\/#website\"},\"primaryImageOfPage\":{\"@id\":\"https:\\\/\\\/www.evropskakuca.me\\\/me\\\/ambasadorka-popa-razgovarala-sa-mladim-evropskim-ambasadorima\\\/#primaryimage\"},\"image\":{\"@id\":\"https:\\\/\\\/www.evropskakuca.me\\\/me\\\/ambasadorka-popa-razgovarala-sa-mladim-evropskim-ambasadorima\\\/#primaryimage\"},\"thumbnailUrl\":\"https:\\\/\\\/www.evropskakuca.me\\\/wp-content\\\/uploads\\\/2022\\\/12\\\/321355741_1316911289099545_1251887251366496742_n.jpg\",\"datePublished\":\"2022-12-24T10:25:34+00:00\",\"breadcrumb\":{\"@id\":\"https:\\\/\\\/www.evropskakuca.me\\\/me\\\/ambasadorka-popa-razgovarala-sa-mladim-evropskim-ambasadorima\\\/#breadcrumb\"},\"inLanguage\":\"me-ME\",\"potentialAction\":[{\"@type\":\"ReadAction\",\"target\":[\"https:\\\/\\\/www.evropskakuca.me\\\/me\\\/ambasadorka-popa-razgovarala-sa-mladim-evropskim-ambasadorima\\\/\"]}]},{\"@type\":\"ImageObject\",\"inLanguage\":\"me-ME\",\"@id\":\"https:\\\/\\\/www.evropskakuca.me\\\/me\\\/ambasadorka-popa-razgovarala-sa-mladim-evropskim-ambasadorima\\\/#primaryimage\",\"url\":\"https:\\\/\\\/www.evropskakuca.me\\\/wp-content\\\/uploads\\\/2022\\\/12\\\/321355741_1316911289099545_1251887251366496742_n.jpg\",\"contentUrl\":\"https:\\\/\\\/www.evropskakuca.me\\\/wp-content\\\/uploads\\\/2022\\\/12\\\/321355741_1316911289099545_1251887251366496742_n.jpg\",\"width\":2048,\"height\":1365},{\"@type\":\"BreadcrumbList\",\"@id\":\"https:\\\/\\\/www.evropskakuca.me\\\/me\\\/ambasadorka-popa-razgovarala-sa-mladim-evropskim-ambasadorima\\\/#breadcrumb\",\"itemListElement\":[{\"@type\":\"ListItem\",\"position\":1,\"name\":\"Home\",\"item\":\"https:\\\/\\\/www.evropskakuca.me\\\/me\\\/\"},{\"@type\":\"ListItem\",\"position\":2,\"name\":\"Ambasadorka Popa razgovarala sa Mladim evropskim ambasadorima\"}]},{\"@type\":\"WebSite\",\"@id\":\"https:\\\/\\\/www.evropskakuca.me\\\/me\\\/#website\",\"url\":\"https:\\\/\\\/www.evropskakuca.me\\\/me\\\/\",\"name\":\"Evropean house\",\"description\":\"\",\"publisher\":{\"@id\":\"https:\\\/\\\/www.evropskakuca.me\\\/me\\\/#organization\"},\"potentialAction\":[{\"@type\":\"SearchAction\",\"target\":{\"@type\":\"EntryPoint\",\"urlTemplate\":\"https:\\\/\\\/www.evropskakuca.me\\\/me\\\/?s={search_term_string}\"},\"query-input\":{\"@type\":\"PropertyValueSpecification\",\"valueRequired\":true,\"valueName\":\"search_term_string\"}}],\"inLanguage\":\"me-ME\"},{\"@type\":\"Organization\",\"@id\":\"https:\\\/\\\/www.evropskakuca.me\\\/me\\\/#organization\",\"name\":\"Evropean house\",\"url\":\"https:\\\/\\\/www.evropskakuca.me\\\/me\\\/\",\"logo\":{\"@type\":\"ImageObject\",\"inLanguage\":\"me-ME\",\"@id\":\"https:\\\/\\\/www.evropskakuca.me\\\/me\\\/#\\\/schema\\\/logo\\\/image\\\/\",\"url\":\"https:\\\/\\\/www.evropskakuca.me\\\/wp-content\\\/uploads\\\/2025\\\/01\\\/evropska-kuca-logo-1.png\",\"contentUrl\":\"https:\\\/\\\/www.evropskakuca.me\\\/wp-content\\\/uploads\\\/2025\\\/01\\\/evropska-kuca-logo-1.png\",\"width\":425,\"height\":312,\"caption\":\"Evropean house\"},\"image\":{\"@id\":\"https:\\\/\\\/www.evropskakuca.me\\\/me\\\/#\\\/schema\\\/logo\\\/image\\\/\"},\"sameAs\":[\"https:\\\/\\\/www.facebook.com\\\/evropska.kuca\",\"https:\\\/\\\/x.com\\\/evropska_kuca\",\"https:\\\/\\\/www.instagram.com\\\/evropska_kuca\"]},{\"@type\":\"Person\",\"@id\":\"https:\\\/\\\/www.evropskakuca.me\\\/me\\\/#\\\/schema\\\/person\\\/a1d0dcdaefe4a1cd1d60d200ea137ba4\",\"name\":\"mkajic\",\"image\":{\"@type\":\"ImageObject\",\"inLanguage\":\"me-ME\",\"@id\":\"https:\\\/\\\/secure.gravatar.com\\\/avatar\\\/731fa035cefab7316e6bafd1f25a93fb731a07de14e2d9923f8db4422628eabc?s=96&d=mm&r=g\",\"url\":\"https:\\\/\\\/secure.gravatar.com\\\/avatar\\\/731fa035cefab7316e6bafd1f25a93fb731a07de14e2d9923f8db4422628eabc?s=96&d=mm&r=g\",\"contentUrl\":\"https:\\\/\\\/secure.gravatar.com\\\/avatar\\\/731fa035cefab7316e6bafd1f25a93fb731a07de14e2d9923f8db4422628eabc?s=96&d=mm&r=g\",\"caption\":\"mkajic\"},\"sameAs\":[\"https:\\\/\\\/evropskakuca.me\"],\"url\":\"https:\\\/\\\/www.evropskakuca.me\\\/me\\\/author\\\/mkajic\\\/\"}]}<\/script>\n<!-- \/ Yoast SEO plugin. -->","yoast_head_json":{"title":"Ambasadorka Popa razgovarala sa Mladim evropskim ambasadorima - Europe House","robots":{"index":"index","follow":"follow","max-snippet":"max-snippet:-1","max-image-preview":"max-image-preview:large","max-video-preview":"max-video-preview:-1"},"canonical":"https:\/\/www.evropskakuca.me\/me\/ambasadorka-popa-razgovarala-sa-mladim-evropskim-ambasadorima\/","og_locale":"en_US","og_type":"article","og_title":"Ambasadorka Popa razgovarala sa Mladim evropskim ambasadorima - Europe House","og_description":"Na kraju godine u kojoj smo pokrenuli Dijalog sa mladima, ambasadorka Evropske unije u Crnoj Gori Oana Kristina Popa sastala se sa Mladim evropskim ambasadorima, kako bi diskutovali o tome \u0161ta je ura\u0111eno, ali i kojim temama bi se dodatno trebalo posvetiti ubudu\u0107e. Mladi su bili vrlo otvoreni, jasno iznose\u0107i probleme koji ih zabrinjavaju, kao [&hellip;]","og_url":"https:\/\/www.evropskakuca.me\/me\/ambasadorka-popa-razgovarala-sa-mladim-evropskim-ambasadorima\/","og_site_name":"Europe House","article_publisher":"https:\/\/www.facebook.com\/evropska.kuca","article_published_time":"2022-12-24T10:25:34+00:00","og_image":[{"width":2048,"height":1365,"url":"https:\/\/www.evropskakuca.me\/wp-content\/uploads\/2022\/12\/321355741_1316911289099545_1251887251366496742_n.jpg","type":"image\/jpeg"}],"author":"mkajic","twitter_card":"summary_large_image","twitter_creator":"@evropska_kuca","twitter_site":"@evropska_kuca","twitter_misc":{"Written by":"mkajic","Est. reading time":"2 minutes"},"schema":{"@context":"https:\/\/schema.org","@graph":[{"@type":"Article","@id":"https:\/\/www.evropskakuca.me\/me\/ambasadorka-popa-razgovarala-sa-mladim-evropskim-ambasadorima\/#article","isPartOf":{"@id":"https:\/\/www.evropskakuca.me\/me\/ambasadorka-popa-razgovarala-sa-mladim-evropskim-ambasadorima\/"},"author":{"name":"mkajic","@id":"https:\/\/www.evropskakuca.me\/me\/#\/schema\/person\/a1d0dcdaefe4a1cd1d60d200ea137ba4"},"headline":"Ambasadorka Popa razgovarala sa Mladim evropskim ambasadorima","datePublished":"2022-12-24T10:25:34+00:00","mainEntityOfPage":{"@id":"https:\/\/www.evropskakuca.me\/me\/ambasadorka-popa-razgovarala-sa-mladim-evropskim-ambasadorima\/"},"wordCount":262,"publisher":{"@id":"https:\/\/www.evropskakuca.me\/me\/#organization"},"image":{"@id":"https:\/\/www.evropskakuca.me\/me\/ambasadorka-popa-razgovarala-sa-mladim-evropskim-ambasadorima\/#primaryimage"},"thumbnailUrl":"https:\/\/www.evropskakuca.me\/wp-content\/uploads\/2022\/12\/321355741_1316911289099545_1251887251366496742_n.jpg","inLanguage":"me-ME"},{"@type":"WebPage","@id":"https:\/\/www.evropskakuca.me\/me\/ambasadorka-popa-razgovarala-sa-mladim-evropskim-ambasadorima\/","url":"https:\/\/www.evropskakuca.me\/me\/ambasadorka-popa-razgovarala-sa-mladim-evropskim-ambasadorima\/","name":"Ambasadorka Popa razgovarala sa Mladim evropskim ambasadorima - Europe House","isPartOf":{"@id":"https:\/\/www.evropskakuca.me\/me\/#website"},"primaryImageOfPage":{"@id":"https:\/\/www.evropskakuca.me\/me\/ambasadorka-popa-razgovarala-sa-mladim-evropskim-ambasadorima\/#primaryimage"},"image":{"@id":"https:\/\/www.evropskakuca.me\/me\/ambasadorka-popa-razgovarala-sa-mladim-evropskim-ambasadorima\/#primaryimage"},"thumbnailUrl":"https:\/\/www.evropskakuca.me\/wp-content\/uploads\/2022\/12\/321355741_1316911289099545_1251887251366496742_n.jpg","datePublished":"2022-12-24T10:25:34+00:00","breadcrumb":{"@id":"https:\/\/www.evropskakuca.me\/me\/ambasadorka-popa-razgovarala-sa-mladim-evropskim-ambasadorima\/#breadcrumb"},"inLanguage":"me-ME","potentialAction":[{"@type":"ReadAction","target":["https:\/\/www.evropskakuca.me\/me\/ambasadorka-popa-razgovarala-sa-mladim-evropskim-ambasadorima\/"]}]},{"@type":"ImageObject","inLanguage":"me-ME","@id":"https:\/\/www.evropskakuca.me\/me\/ambasadorka-popa-razgovarala-sa-mladim-evropskim-ambasadorima\/#primaryimage","url":"https:\/\/www.evropskakuca.me\/wp-content\/uploads\/2022\/12\/321355741_1316911289099545_1251887251366496742_n.jpg","contentUrl":"https:\/\/www.evropskakuca.me\/wp-content\/uploads\/2022\/12\/321355741_1316911289099545_1251887251366496742_n.jpg","width":2048,"height":1365},{"@type":"BreadcrumbList","@id":"https:\/\/www.evropskakuca.me\/me\/ambasadorka-popa-razgovarala-sa-mladim-evropskim-ambasadorima\/#breadcrumb","itemListElement":[{"@type":"ListItem","position":1,"name":"Home","item":"https:\/\/www.evropskakuca.me\/me\/"},{"@type":"ListItem","position":2,"name":"Ambasadorka Popa razgovarala sa Mladim evropskim ambasadorima"}]},{"@type":"WebSite","@id":"https:\/\/www.evropskakuca.me\/me\/#website","url":"https:\/\/www.evropskakuca.me\/me\/","name":"Evropean house","description":"","publisher":{"@id":"https:\/\/www.evropskakuca.me\/me\/#organization"},"potentialAction":[{"@type":"SearchAction","target":{"@type":"EntryPoint","urlTemplate":"https:\/\/www.evropskakuca.me\/me\/?s={search_term_string}"},"query-input":{"@type":"PropertyValueSpecification","valueRequired":true,"valueName":"search_term_string"}}],"inLanguage":"me-ME"},{"@type":"Organization","@id":"https:\/\/www.evropskakuca.me\/me\/#organization","name":"Evropean house","url":"https:\/\/www.evropskakuca.me\/me\/","logo":{"@type":"ImageObject","inLanguage":"me-ME","@id":"https:\/\/www.evropskakuca.me\/me\/#\/schema\/logo\/image\/","url":"https:\/\/www.evropskakuca.me\/wp-content\/uploads\/2025\/01\/evropska-kuca-logo-1.png","contentUrl":"https:\/\/www.evropskakuca.me\/wp-content\/uploads\/2025\/01\/evropska-kuca-logo-1.png","width":425,"height":312,"caption":"Evropean house"},"image":{"@id":"https:\/\/www.evropskakuca.me\/me\/#\/schema\/logo\/image\/"},"sameAs":["https:\/\/www.facebook.com\/evropska.kuca","https:\/\/x.com\/evropska_kuca","https:\/\/www.instagram.com\/evropska_kuca"]},{"@type":"Person","@id":"https:\/\/www.evropskakuca.me\/me\/#\/schema\/person\/a1d0dcdaefe4a1cd1d60d200ea137ba4","name":"mkajic","image":{"@type":"ImageObject","inLanguage":"me-ME","@id":"https:\/\/secure.gravatar.com\/avatar\/731fa035cefab7316e6bafd1f25a93fb731a07de14e2d9923f8db4422628eabc?s=96&d=mm&r=g","url":"https:\/\/secure.gravatar.com\/avatar\/731fa035cefab7316e6bafd1f25a93fb731a07de14e2d9923f8db4422628eabc?s=96&d=mm&r=g","contentUrl":"https:\/\/secure.gravatar.com\/avatar\/731fa035cefab7316e6bafd1f25a93fb731a07de14e2d9923f8db4422628eabc?s=96&d=mm&r=g","caption":"mkajic"},"sameAs":["https:\/\/evropskakuca.me"],"url":"https:\/\/www.evropskakuca.me\/me\/author\/mkajic\/"}]}},"_links":{"self":[{"href":"https:\/\/www.evropskakuca.me\/me\/wp-json\/wp\/v2\/posts\/24031","targetHints":{"allow":["GET"]}}],"collection":[{"href":"https:\/\/www.evropskakuca.me\/me\/wp-json\/wp\/v2\/posts"}],"about":[{"href":"https:\/\/www.evropskakuca.me\/me\/wp-json\/wp\/v2\/types\/post"}],"author":[{"embeddable":true,"href":"https:\/\/www.evropskakuca.me\/me\/wp-json\/wp\/v2\/users\/1"}],"replies":[{"embeddable":true,"href":"https:\/\/www.evropskakuca.me\/me\/wp-json\/wp\/v2\/comments?post=24031"}],"version-history":[{"count":0,"href":"https:\/\/www.evropskakuca.me\/me\/wp-json\/wp\/v2\/posts\/24031\/revisions"}],"wp:featuredmedia":[{"embeddable":true,"href":"https:\/\/www.evropskakuca.me\/me\/wp-json\/wp\/v2\/media\/38595"}],"wp:attachment":[{"href":"https:\/\/www.evropskakuca.me\/me\/wp-json\/wp\/v2\/media?parent=24031"}],"wp:term":[{"taxonomy":"category","embeddable":true,"href":"https:\/\/www.evropskakuca.me\/me\/wp-json\/wp\/v2\/categories?post=24031"},{"taxonomy":"post_tag","embeddable":true,"href":"https:\/\/www.evropskakuca.me\/me\/wp-json\/wp\/v2\/tags?post=24031"}],"curies":[{"name":"wp","href":"https:\/\/api.w.org\/{rel}","templated":true}]}}