{"id":24008,"date":"2022-12-15T14:02:00","date_gmt":"2022-12-15T14:02:00","guid":{"rendered":"https:\/\/evropskakuca.me\/?p=24008"},"modified":"2022-12-15T14:02:00","modified_gmt":"2022-12-15T14:02:00","slug":"indeks-bezbjednosti-novinara-crna-gora-ponovo-treca-u-regionu","status":"publish","type":"post","link":"https:\/\/www.evropskakuca.me\/me\/indeks-bezbjednosti-novinara-crna-gora-ponovo-treca-u-regionu\/","title":{"rendered":"Indeks bezbjednosti novinara: Crna Gora ponovo tre\u0107a u regionu"},"content":{"rendered":"<p>Crna Gora se i dalje nalazi na tre\u0107em mjestu u regionu kad je u pitanju Indeks bezbjednosti novinara sa ocjenom 3.40, nakon Sjeverne Makedonije (3.95) i Hrvatske (3.73). U odnosu na prethodnu godinu, ocjena za Crnu Goru je znatno ni\u017ea (pad sa 3.59 na 3.40), prvenstveno zbog rekordnog broja napada na novinare.<\/p>\n<p>To je ocijenjeno na predstavljanju Indeksa bezbjednosti novinara Crne Gore za 2021. godinu, koje je odr\u017eano u Evropskoj ku\u0107i u sklopu panela \u201cUloga nezavisnih medija u demokratskom dru\u0161tvu\u201d koji je organizovala je Ambasada Republike \u010ce\u0161ke u Podgorici.<\/p>\n<p>Jedna od autorki ista\u017eivanja, Bojana Lakovi\u0107 Konatar kazala je da uop\u0161teno gledano, indeks mre\u017ee SafeJournalists za 2021. godinu bilje\u017ei stagnaciju ili pad u odnosu na prethodnu, 2020. godinu.<\/p>\n<p><strong>Indeks bezbjednosti novinara Zapadnog Balkana<\/strong>\u00a0je mehanizam koji mjeri i prati promjene u odgovaraju\u0107im dru\u0161tvenim i politi\u010dkim okru\u017eenjima koje imaju direktan ili indirektan uticaj na bezbjednost novinara i medijskih profesionalaca dok obavljaju svoju profesiju i sastoji se od 4 odvojene cjeline koje odra\u017eavaju celokupnu sliku bezbjednosti novinara.<\/p>\n<p>&nbsp;<\/p>\n<p>O\u010dekivano, najgore ocjene Crna Gora je dobila u kategoriji <em>Stvarna bezbjednost<\/em>, koja ujedno belje\u017ei i najve\u0107i pad u ocjeni sa 3.58 na 3.20 za 2021. godinu. Tome je najvi\u0161e doprinio rekordan broj napada, prijetnji i pritisaka na novinare.<\/p>\n<p>\u201cNovinarima se prijeti i zastra\u0161uju se i na radnom zadatku i u virtuelnom svijetu (online), a sve \u010de\u0161\u0107e se prijeti novinarkama. Za medijske radnike posebno je rizi\u010dno izvje\u0161tavanje sa javnih okupljanja. Ispostavilo se da se iz godine u godinu ponavljaju imena novinara koji dobijaju prijetnje po \u017eivot, \u0161to je posebno opasno\u201d, zaklju\u010dila je Lakovi\u0107 Konatar.<\/p>\n<p>Predsjednik Sindikata medija Crne Gore Radomir Kra\u010dkovi\u0107 kazao je da novinari \u010desto jedini promovi\u0161u zahtjeve i interese brojnih dru\u0161tvenih ili margnalizovanih grupa dok se, s druge strane, njihova prava svakodnevno ugor\u017eavaju.<\/p>\n<p>On je rekao da se u protekle dvije godine pove\u0107ao broj napada, prijetnji ugro\u017eavanja sigurnosti i ometanja novinara i medijskih radnika na radnim zadacima dodaju\u0107i da je, po podacima Sindikata, takvih slu\u010dajeva bilo skoro 50. Kako je naveo, ti napadi nijesu bili drasti\u010dni kao u pro\u0161losti , ali zabrinjava rast onlajn prijetnji i zastra\u0161ivanja.<\/p>\n<p>Ambasadorka \u010ce\u0161ke u Crnoj Gori Janina Hrebi\u010dkova rekla je da sloboda medija ostaje dugoro\u010dni prioritet, ne samo \u010de\u0161ke spoljne politike ve\u0107 i jedan od najve\u0107ih prioriteta \u010de\u0161kog predsjedavanja EU. Ona je podsjetila na preporuku Savjeta Evrope da se u dr\u017eavama Zapadnog Balkana kriminalizuje negiranje ratnih zlo\u010dina po\u010dinjenih devedesetih godina.<\/p>\n<p>Prema rije\u010dima Hrebi\u010dkove, adekvatna istraga i procesuiranje po\u010dinilaca zlo\u010dina protiv medijskih sloboda, treba da ide ruku po ruku sa pozitivnim obavezama dr\u017eave da promovi\u0161e bezbjedno okru\u017eenje medijima, civilnim aktivistima i braniteljima ljudskih prava.<\/p>\n\n<p>Vr\u0161ilac du\u017enosti generalnog direktora Direktorata za medije u Ministarstvu kulture i medija Ne\u0111eljko Rudovi\u0107 kazao je da su slobodni i nezavisni mediji stubovi razvoja svakog demokratskog dru\u0161tva na kojima po\u010diva demokratija, naro\u010dito Crne Gore, kao kandidata za \u010dlanstvo u EU.<\/p>\n<p>Prema rije\u010dima Rudovi\u0107a, specifi\u010dnost za Crnu Goru je to \u0161to su etablirani mediji uspjeli da se nametnu kao glavni izvor informacija, \u0161to je va\u017eno jer se ne primje\u0107uje da se govor mr\u017enje i dezinformacija \u0161iri preko takvih medija.<\/p>\n<p>Savjetnica direktora Radio Televizije Crne Gore, Aleksandra Sekuli\u0107 Vojvodi\u0107 kazala je da je preduslov odr\u017eivog javnog servisa i regulisanje medijskog tr\u017ei\u0161ta na na\u010din da se prepozna polo\u017eaj RTCG-a kao jedinog medija sa nacionalnom frekvencijom u vlasni\u0161tvu dr\u017eave.<\/p>\n<p>Savjetnica za ljudska prava u sistemu Ujedinjenih nacija (UN) u Crnoj Gori Anjet Lanting rekla je da u Crnoj Gori, ali i globalno, postoje problemi pristrasnog izvje\u0161tavanja, narativa koji dijele gra\u0111ane i govor mr\u017enje. Kako je saop\u0161tila, u EU i UN-u postoje dobri standardi i internacionalna tijela<\/p>\n<p>\u201cImamo dobre standarde. EU i UN, zajedno sa internacionalnim organizacijama u Crnoj Gori, tra\u017ee na\u010dine da nadgledaju, implementiraju te standarde. Potrebno je puno posla i UN je voljan da u tome nastavi sa Vama\u201d, poru\u010dila je Lanting.<\/p>\n<p>&nbsp;<\/p>\n","protected":false},"excerpt":{"rendered":"<p>Crna Gora se i dalje nalazi na tre\u0107em mjestu u regionu kad je u pitanju Indeks bezbjednosti novinara sa ocjenom 3.40, nakon Sjeverne Makedonije (3.95) i Hrvatske (3.73). U odnosu na prethodnu godinu, ocjena za Crnu Goru je znatno ni\u017ea (pad sa 3.59 na 3.40), prvenstveno zbog rekordnog broja napada na novinare. To je ocijenjeno [&hellip;]<\/p>\n","protected":false},"author":1,"featured_media":38621,"comment_status":"closed","ping_status":"closed","sticky":false,"template":"","format":"standard","meta":{"_acf_changed":false,"footnotes":""},"categories":[],"tags":[],"class_list":["post-24008","post","type-post","status-publish","format-standard","has-post-thumbnail","hentry"],"acf":[],"yoast_head":"<!-- This site is optimized with the Yoast SEO plugin v27.3 - https:\/\/yoast.com\/product\/yoast-seo-wordpress\/ -->\n<title>Indeks bezbjednosti novinara: Crna Gora ponovo tre\u0107a u regionu - Europe House<\/title>\n<meta name=\"robots\" content=\"index, follow, max-snippet:-1, max-image-preview:large, max-video-preview:-1\" \/>\n<link rel=\"canonical\" href=\"https:\/\/www.evropskakuca.me\/me\/indeks-bezbjednosti-novinara-crna-gora-ponovo-treca-u-regionu\/\" \/>\n<meta property=\"og:locale\" content=\"en_US\" \/>\n<meta property=\"og:type\" content=\"article\" \/>\n<meta property=\"og:title\" content=\"Indeks bezbjednosti novinara: Crna Gora ponovo tre\u0107a u regionu - Europe House\" \/>\n<meta property=\"og:description\" content=\"Crna Gora se i dalje nalazi na tre\u0107em mjestu u regionu kad je u pitanju Indeks bezbjednosti novinara sa ocjenom 3.40, nakon Sjeverne Makedonije (3.95) i Hrvatske (3.73). U odnosu na prethodnu godinu, ocjena za Crnu Goru je znatno ni\u017ea (pad sa 3.59 na 3.40), prvenstveno zbog rekordnog broja napada na novinare. To je ocijenjeno [&hellip;]\" \/>\n<meta property=\"og:url\" content=\"https:\/\/www.evropskakuca.me\/me\/indeks-bezbjednosti-novinara-crna-gora-ponovo-treca-u-regionu\/\" \/>\n<meta property=\"og:site_name\" content=\"Europe House\" \/>\n<meta property=\"article:publisher\" content=\"https:\/\/www.facebook.com\/evropska.kuca\" \/>\n<meta property=\"article:published_time\" content=\"2022-12-15T14:02:00+00:00\" \/>\n<meta property=\"og:image\" content=\"https:\/\/www.evropskakuca.me\/wp-content\/uploads\/2022\/12\/eu-45-of-81.jpg\" \/>\n\t<meta property=\"og:image:width\" content=\"2000\" \/>\n\t<meta property=\"og:image:height\" content=\"1333\" \/>\n\t<meta property=\"og:image:type\" content=\"image\/jpeg\" \/>\n<meta name=\"author\" content=\"mkajic\" \/>\n<meta name=\"twitter:card\" content=\"summary_large_image\" \/>\n<meta name=\"twitter:creator\" content=\"@evropska_kuca\" \/>\n<meta name=\"twitter:site\" content=\"@evropska_kuca\" \/>\n<meta name=\"twitter:label1\" content=\"Written by\" \/>\n\t<meta name=\"twitter:data1\" content=\"mkajic\" \/>\n\t<meta name=\"twitter:label2\" content=\"Est. reading time\" \/>\n\t<meta name=\"twitter:data2\" content=\"3 minutes\" \/>\n<script type=\"application\/ld+json\" class=\"yoast-schema-graph\">{\"@context\":\"https:\\\/\\\/schema.org\",\"@graph\":[{\"@type\":\"Article\",\"@id\":\"https:\\\/\\\/www.evropskakuca.me\\\/me\\\/indeks-bezbjednosti-novinara-crna-gora-ponovo-treca-u-regionu\\\/#article\",\"isPartOf\":{\"@id\":\"https:\\\/\\\/www.evropskakuca.me\\\/me\\\/indeks-bezbjednosti-novinara-crna-gora-ponovo-treca-u-regionu\\\/\"},\"author\":{\"name\":\"mkajic\",\"@id\":\"https:\\\/\\\/www.evropskakuca.me\\\/me\\\/#\\\/schema\\\/person\\\/a1d0dcdaefe4a1cd1d60d200ea137ba4\"},\"headline\":\"Indeks bezbjednosti novinara: Crna Gora ponovo tre\u0107a u regionu\",\"datePublished\":\"2022-12-15T14:02:00+00:00\",\"mainEntityOfPage\":{\"@id\":\"https:\\\/\\\/www.evropskakuca.me\\\/me\\\/indeks-bezbjednosti-novinara-crna-gora-ponovo-treca-u-regionu\\\/\"},\"wordCount\":702,\"publisher\":{\"@id\":\"https:\\\/\\\/www.evropskakuca.me\\\/me\\\/#organization\"},\"image\":{\"@id\":\"https:\\\/\\\/www.evropskakuca.me\\\/me\\\/indeks-bezbjednosti-novinara-crna-gora-ponovo-treca-u-regionu\\\/#primaryimage\"},\"thumbnailUrl\":\"https:\\\/\\\/www.evropskakuca.me\\\/wp-content\\\/uploads\\\/2022\\\/12\\\/eu-45-of-81.jpg\",\"inLanguage\":\"me-ME\"},{\"@type\":\"WebPage\",\"@id\":\"https:\\\/\\\/www.evropskakuca.me\\\/me\\\/indeks-bezbjednosti-novinara-crna-gora-ponovo-treca-u-regionu\\\/\",\"url\":\"https:\\\/\\\/www.evropskakuca.me\\\/me\\\/indeks-bezbjednosti-novinara-crna-gora-ponovo-treca-u-regionu\\\/\",\"name\":\"Indeks bezbjednosti novinara: Crna Gora ponovo tre\u0107a u regionu - Europe House\",\"isPartOf\":{\"@id\":\"https:\\\/\\\/www.evropskakuca.me\\\/me\\\/#website\"},\"primaryImageOfPage\":{\"@id\":\"https:\\\/\\\/www.evropskakuca.me\\\/me\\\/indeks-bezbjednosti-novinara-crna-gora-ponovo-treca-u-regionu\\\/#primaryimage\"},\"image\":{\"@id\":\"https:\\\/\\\/www.evropskakuca.me\\\/me\\\/indeks-bezbjednosti-novinara-crna-gora-ponovo-treca-u-regionu\\\/#primaryimage\"},\"thumbnailUrl\":\"https:\\\/\\\/www.evropskakuca.me\\\/wp-content\\\/uploads\\\/2022\\\/12\\\/eu-45-of-81.jpg\",\"datePublished\":\"2022-12-15T14:02:00+00:00\",\"breadcrumb\":{\"@id\":\"https:\\\/\\\/www.evropskakuca.me\\\/me\\\/indeks-bezbjednosti-novinara-crna-gora-ponovo-treca-u-regionu\\\/#breadcrumb\"},\"inLanguage\":\"me-ME\",\"potentialAction\":[{\"@type\":\"ReadAction\",\"target\":[\"https:\\\/\\\/www.evropskakuca.me\\\/me\\\/indeks-bezbjednosti-novinara-crna-gora-ponovo-treca-u-regionu\\\/\"]}]},{\"@type\":\"ImageObject\",\"inLanguage\":\"me-ME\",\"@id\":\"https:\\\/\\\/www.evropskakuca.me\\\/me\\\/indeks-bezbjednosti-novinara-crna-gora-ponovo-treca-u-regionu\\\/#primaryimage\",\"url\":\"https:\\\/\\\/www.evropskakuca.me\\\/wp-content\\\/uploads\\\/2022\\\/12\\\/eu-45-of-81.jpg\",\"contentUrl\":\"https:\\\/\\\/www.evropskakuca.me\\\/wp-content\\\/uploads\\\/2022\\\/12\\\/eu-45-of-81.jpg\",\"width\":2000,\"height\":1333},{\"@type\":\"BreadcrumbList\",\"@id\":\"https:\\\/\\\/www.evropskakuca.me\\\/me\\\/indeks-bezbjednosti-novinara-crna-gora-ponovo-treca-u-regionu\\\/#breadcrumb\",\"itemListElement\":[{\"@type\":\"ListItem\",\"position\":1,\"name\":\"Home\",\"item\":\"https:\\\/\\\/www.evropskakuca.me\\\/me\\\/\"},{\"@type\":\"ListItem\",\"position\":2,\"name\":\"Indeks bezbjednosti novinara: Crna Gora ponovo tre\u0107a u regionu\"}]},{\"@type\":\"WebSite\",\"@id\":\"https:\\\/\\\/www.evropskakuca.me\\\/me\\\/#website\",\"url\":\"https:\\\/\\\/www.evropskakuca.me\\\/me\\\/\",\"name\":\"Evropean house\",\"description\":\"\",\"publisher\":{\"@id\":\"https:\\\/\\\/www.evropskakuca.me\\\/me\\\/#organization\"},\"potentialAction\":[{\"@type\":\"SearchAction\",\"target\":{\"@type\":\"EntryPoint\",\"urlTemplate\":\"https:\\\/\\\/www.evropskakuca.me\\\/me\\\/?s={search_term_string}\"},\"query-input\":{\"@type\":\"PropertyValueSpecification\",\"valueRequired\":true,\"valueName\":\"search_term_string\"}}],\"inLanguage\":\"me-ME\"},{\"@type\":\"Organization\",\"@id\":\"https:\\\/\\\/www.evropskakuca.me\\\/me\\\/#organization\",\"name\":\"Evropean house\",\"url\":\"https:\\\/\\\/www.evropskakuca.me\\\/me\\\/\",\"logo\":{\"@type\":\"ImageObject\",\"inLanguage\":\"me-ME\",\"@id\":\"https:\\\/\\\/www.evropskakuca.me\\\/me\\\/#\\\/schema\\\/logo\\\/image\\\/\",\"url\":\"https:\\\/\\\/www.evropskakuca.me\\\/wp-content\\\/uploads\\\/2025\\\/01\\\/evropska-kuca-logo-1.png\",\"contentUrl\":\"https:\\\/\\\/www.evropskakuca.me\\\/wp-content\\\/uploads\\\/2025\\\/01\\\/evropska-kuca-logo-1.png\",\"width\":425,\"height\":312,\"caption\":\"Evropean house\"},\"image\":{\"@id\":\"https:\\\/\\\/www.evropskakuca.me\\\/me\\\/#\\\/schema\\\/logo\\\/image\\\/\"},\"sameAs\":[\"https:\\\/\\\/www.facebook.com\\\/evropska.kuca\",\"https:\\\/\\\/x.com\\\/evropska_kuca\",\"https:\\\/\\\/www.instagram.com\\\/evropska_kuca\"]},{\"@type\":\"Person\",\"@id\":\"https:\\\/\\\/www.evropskakuca.me\\\/me\\\/#\\\/schema\\\/person\\\/a1d0dcdaefe4a1cd1d60d200ea137ba4\",\"name\":\"mkajic\",\"image\":{\"@type\":\"ImageObject\",\"inLanguage\":\"me-ME\",\"@id\":\"https:\\\/\\\/secure.gravatar.com\\\/avatar\\\/731fa035cefab7316e6bafd1f25a93fb731a07de14e2d9923f8db4422628eabc?s=96&d=mm&r=g\",\"url\":\"https:\\\/\\\/secure.gravatar.com\\\/avatar\\\/731fa035cefab7316e6bafd1f25a93fb731a07de14e2d9923f8db4422628eabc?s=96&d=mm&r=g\",\"contentUrl\":\"https:\\\/\\\/secure.gravatar.com\\\/avatar\\\/731fa035cefab7316e6bafd1f25a93fb731a07de14e2d9923f8db4422628eabc?s=96&d=mm&r=g\",\"caption\":\"mkajic\"},\"sameAs\":[\"https:\\\/\\\/evropskakuca.me\"],\"url\":\"https:\\\/\\\/www.evropskakuca.me\\\/me\\\/author\\\/mkajic\\\/\"}]}<\/script>\n<!-- \/ Yoast SEO plugin. -->","yoast_head_json":{"title":"Indeks bezbjednosti novinara: Crna Gora ponovo tre\u0107a u regionu - Europe House","robots":{"index":"index","follow":"follow","max-snippet":"max-snippet:-1","max-image-preview":"max-image-preview:large","max-video-preview":"max-video-preview:-1"},"canonical":"https:\/\/www.evropskakuca.me\/me\/indeks-bezbjednosti-novinara-crna-gora-ponovo-treca-u-regionu\/","og_locale":"en_US","og_type":"article","og_title":"Indeks bezbjednosti novinara: Crna Gora ponovo tre\u0107a u regionu - Europe House","og_description":"Crna Gora se i dalje nalazi na tre\u0107em mjestu u regionu kad je u pitanju Indeks bezbjednosti novinara sa ocjenom 3.40, nakon Sjeverne Makedonije (3.95) i Hrvatske (3.73). U odnosu na prethodnu godinu, ocjena za Crnu Goru je znatno ni\u017ea (pad sa 3.59 na 3.40), prvenstveno zbog rekordnog broja napada na novinare. To je ocijenjeno [&hellip;]","og_url":"https:\/\/www.evropskakuca.me\/me\/indeks-bezbjednosti-novinara-crna-gora-ponovo-treca-u-regionu\/","og_site_name":"Europe House","article_publisher":"https:\/\/www.facebook.com\/evropska.kuca","article_published_time":"2022-12-15T14:02:00+00:00","og_image":[{"width":2000,"height":1333,"url":"https:\/\/www.evropskakuca.me\/wp-content\/uploads\/2022\/12\/eu-45-of-81.jpg","type":"image\/jpeg"}],"author":"mkajic","twitter_card":"summary_large_image","twitter_creator":"@evropska_kuca","twitter_site":"@evropska_kuca","twitter_misc":{"Written by":"mkajic","Est. reading time":"3 minutes"},"schema":{"@context":"https:\/\/schema.org","@graph":[{"@type":"Article","@id":"https:\/\/www.evropskakuca.me\/me\/indeks-bezbjednosti-novinara-crna-gora-ponovo-treca-u-regionu\/#article","isPartOf":{"@id":"https:\/\/www.evropskakuca.me\/me\/indeks-bezbjednosti-novinara-crna-gora-ponovo-treca-u-regionu\/"},"author":{"name":"mkajic","@id":"https:\/\/www.evropskakuca.me\/me\/#\/schema\/person\/a1d0dcdaefe4a1cd1d60d200ea137ba4"},"headline":"Indeks bezbjednosti novinara: Crna Gora ponovo tre\u0107a u regionu","datePublished":"2022-12-15T14:02:00+00:00","mainEntityOfPage":{"@id":"https:\/\/www.evropskakuca.me\/me\/indeks-bezbjednosti-novinara-crna-gora-ponovo-treca-u-regionu\/"},"wordCount":702,"publisher":{"@id":"https:\/\/www.evropskakuca.me\/me\/#organization"},"image":{"@id":"https:\/\/www.evropskakuca.me\/me\/indeks-bezbjednosti-novinara-crna-gora-ponovo-treca-u-regionu\/#primaryimage"},"thumbnailUrl":"https:\/\/www.evropskakuca.me\/wp-content\/uploads\/2022\/12\/eu-45-of-81.jpg","inLanguage":"me-ME"},{"@type":"WebPage","@id":"https:\/\/www.evropskakuca.me\/me\/indeks-bezbjednosti-novinara-crna-gora-ponovo-treca-u-regionu\/","url":"https:\/\/www.evropskakuca.me\/me\/indeks-bezbjednosti-novinara-crna-gora-ponovo-treca-u-regionu\/","name":"Indeks bezbjednosti novinara: Crna Gora ponovo tre\u0107a u regionu - Europe House","isPartOf":{"@id":"https:\/\/www.evropskakuca.me\/me\/#website"},"primaryImageOfPage":{"@id":"https:\/\/www.evropskakuca.me\/me\/indeks-bezbjednosti-novinara-crna-gora-ponovo-treca-u-regionu\/#primaryimage"},"image":{"@id":"https:\/\/www.evropskakuca.me\/me\/indeks-bezbjednosti-novinara-crna-gora-ponovo-treca-u-regionu\/#primaryimage"},"thumbnailUrl":"https:\/\/www.evropskakuca.me\/wp-content\/uploads\/2022\/12\/eu-45-of-81.jpg","datePublished":"2022-12-15T14:02:00+00:00","breadcrumb":{"@id":"https:\/\/www.evropskakuca.me\/me\/indeks-bezbjednosti-novinara-crna-gora-ponovo-treca-u-regionu\/#breadcrumb"},"inLanguage":"me-ME","potentialAction":[{"@type":"ReadAction","target":["https:\/\/www.evropskakuca.me\/me\/indeks-bezbjednosti-novinara-crna-gora-ponovo-treca-u-regionu\/"]}]},{"@type":"ImageObject","inLanguage":"me-ME","@id":"https:\/\/www.evropskakuca.me\/me\/indeks-bezbjednosti-novinara-crna-gora-ponovo-treca-u-regionu\/#primaryimage","url":"https:\/\/www.evropskakuca.me\/wp-content\/uploads\/2022\/12\/eu-45-of-81.jpg","contentUrl":"https:\/\/www.evropskakuca.me\/wp-content\/uploads\/2022\/12\/eu-45-of-81.jpg","width":2000,"height":1333},{"@type":"BreadcrumbList","@id":"https:\/\/www.evropskakuca.me\/me\/indeks-bezbjednosti-novinara-crna-gora-ponovo-treca-u-regionu\/#breadcrumb","itemListElement":[{"@type":"ListItem","position":1,"name":"Home","item":"https:\/\/www.evropskakuca.me\/me\/"},{"@type":"ListItem","position":2,"name":"Indeks bezbjednosti novinara: Crna Gora ponovo tre\u0107a u regionu"}]},{"@type":"WebSite","@id":"https:\/\/www.evropskakuca.me\/me\/#website","url":"https:\/\/www.evropskakuca.me\/me\/","name":"Evropean house","description":"","publisher":{"@id":"https:\/\/www.evropskakuca.me\/me\/#organization"},"potentialAction":[{"@type":"SearchAction","target":{"@type":"EntryPoint","urlTemplate":"https:\/\/www.evropskakuca.me\/me\/?s={search_term_string}"},"query-input":{"@type":"PropertyValueSpecification","valueRequired":true,"valueName":"search_term_string"}}],"inLanguage":"me-ME"},{"@type":"Organization","@id":"https:\/\/www.evropskakuca.me\/me\/#organization","name":"Evropean house","url":"https:\/\/www.evropskakuca.me\/me\/","logo":{"@type":"ImageObject","inLanguage":"me-ME","@id":"https:\/\/www.evropskakuca.me\/me\/#\/schema\/logo\/image\/","url":"https:\/\/www.evropskakuca.me\/wp-content\/uploads\/2025\/01\/evropska-kuca-logo-1.png","contentUrl":"https:\/\/www.evropskakuca.me\/wp-content\/uploads\/2025\/01\/evropska-kuca-logo-1.png","width":425,"height":312,"caption":"Evropean house"},"image":{"@id":"https:\/\/www.evropskakuca.me\/me\/#\/schema\/logo\/image\/"},"sameAs":["https:\/\/www.facebook.com\/evropska.kuca","https:\/\/x.com\/evropska_kuca","https:\/\/www.instagram.com\/evropska_kuca"]},{"@type":"Person","@id":"https:\/\/www.evropskakuca.me\/me\/#\/schema\/person\/a1d0dcdaefe4a1cd1d60d200ea137ba4","name":"mkajic","image":{"@type":"ImageObject","inLanguage":"me-ME","@id":"https:\/\/secure.gravatar.com\/avatar\/731fa035cefab7316e6bafd1f25a93fb731a07de14e2d9923f8db4422628eabc?s=96&d=mm&r=g","url":"https:\/\/secure.gravatar.com\/avatar\/731fa035cefab7316e6bafd1f25a93fb731a07de14e2d9923f8db4422628eabc?s=96&d=mm&r=g","contentUrl":"https:\/\/secure.gravatar.com\/avatar\/731fa035cefab7316e6bafd1f25a93fb731a07de14e2d9923f8db4422628eabc?s=96&d=mm&r=g","caption":"mkajic"},"sameAs":["https:\/\/evropskakuca.me"],"url":"https:\/\/www.evropskakuca.me\/me\/author\/mkajic\/"}]}},"_links":{"self":[{"href":"https:\/\/www.evropskakuca.me\/me\/wp-json\/wp\/v2\/posts\/24008","targetHints":{"allow":["GET"]}}],"collection":[{"href":"https:\/\/www.evropskakuca.me\/me\/wp-json\/wp\/v2\/posts"}],"about":[{"href":"https:\/\/www.evropskakuca.me\/me\/wp-json\/wp\/v2\/types\/post"}],"author":[{"embeddable":true,"href":"https:\/\/www.evropskakuca.me\/me\/wp-json\/wp\/v2\/users\/1"}],"replies":[{"embeddable":true,"href":"https:\/\/www.evropskakuca.me\/me\/wp-json\/wp\/v2\/comments?post=24008"}],"version-history":[{"count":0,"href":"https:\/\/www.evropskakuca.me\/me\/wp-json\/wp\/v2\/posts\/24008\/revisions"}],"wp:featuredmedia":[{"embeddable":true,"href":"https:\/\/www.evropskakuca.me\/me\/wp-json\/wp\/v2\/media\/38621"}],"wp:attachment":[{"href":"https:\/\/www.evropskakuca.me\/me\/wp-json\/wp\/v2\/media?parent=24008"}],"wp:term":[{"taxonomy":"category","embeddable":true,"href":"https:\/\/www.evropskakuca.me\/me\/wp-json\/wp\/v2\/categories?post=24008"},{"taxonomy":"post_tag","embeddable":true,"href":"https:\/\/www.evropskakuca.me\/me\/wp-json\/wp\/v2\/tags?post=24008"}],"curies":[{"name":"wp","href":"https:\/\/api.w.org\/{rel}","templated":true}]}}