{"id":23901,"date":"2022-11-28T19:19:34","date_gmt":"2022-11-28T19:19:34","guid":{"rendered":"https:\/\/evropskakuca.me\/?p=23901"},"modified":"2022-11-28T19:19:34","modified_gmt":"2022-11-28T19:19:34","slug":"kampanja-protiv-rodno-zasnovanog-nasilja-zapitaj_se","status":"publish","type":"post","link":"https:\/\/www.evropskakuca.me\/me\/kampanja-protiv-rodno-zasnovanog-nasilja-zapitaj_se\/","title":{"rendered":"Kampanja protiv rodno zasnovanog nasilja #ZAPITAJ_SE"},"content":{"rendered":"<p>U susret 16 dana aktivizma protiv rodno zasnovanog nasilja, Delegacija Evropske unije u Crnoj Gori i Evropska ku\u0107a, u saradnji sa partnerima, pokrenule su kampanju ZAPITAJ SE, koja se bavi ovim goru\u0107im dru\u0161tvenim problemom. Centralni dio kampanje \u010dini osam fotografija, koje prate sna\u017ene psiholo\u0161ke poruke.<\/p>\n<p>Glavna ciljna grupa kampanje su mu\u0161karci, zbog \u010dega je prva izlo\u017eba organizovana na neubi\u010dajnom mjestu \u2013 na sportskom stadionu. U saradnji sa Fudbalskim savezom Crne Gore, organizovali smo izlo\u017ebu na gradskom fudbalskom stadionu u Podgorici, tokom utakmice Crna Gora \u2013 Slova\u010dka.<\/p>\n<p>Fotografije je pripremila fotografkinja Nada Vojinovi\u0107 iz NVO Attack, prepoznata aktivistkinja za \u017eenska prava, ali i prava drugih ranjivih grupa u dru\u0161tvu. Fotografije je uradila tehnikom duple ekspozicije, tako \u0161to je spojila fotografije \u017eena sa fotografijama slomljenih predmeta, jer smatra da nasilnik osobu nad kojom vr\u0161i nasilje vidi kao objekat, a ne ljudsko bi\u0107e.<\/p>\n<p>Sve fotografije prate i sna\u017ene psiholo\u0161ke poruke, koje smo pripremili u saradnji sa Udru\u017eenjem psihologa Crne Gore. Njihov primarni cilj je da izazovu posmatra\u010da da se zapita i analizira svoje unutra\u0161nje procese, stavove i razmi\u0161ljanja, koja mogu da vode do nasilja, podr\u017eavaju ga ili opravdavaju. Poruke ka\u017eu da potiskivanje emocija vodi do nasilja, da se nasilje u\u010di i da je uvijek svjestan izbor, da ljubomora nije ljubav, da je nasilje slabost, a ne mu\u0161kost, te da je podr\u0161ka nasilniku sau\u010desni\u0161tvo.<\/p>\n<p>Nakon fudbalskog stadiona, izlo\u017ebu smo preselili u Evropsku ku\u0107u, gdje je zvani\u010dno otvorena 23. novembra. Tom prilikom ambasadorka Evropske unije u Crnoj Gori Oana Kristina Popa je istakla da i mu\u0161karci i \u017eene moraju udru\u017eiti snage kako bi promijenili stvari. Mu\u0161karci se, konkretno, moraju potruditi da nau\u010de vi\u0161e o problemu rodno zasnovanog nasilja, prepoznaju ga, osude i podr\u017ee \u017eene u ovom procesu.<\/p>\n<p>Pored izlo\u017ebe fotografija, kampanja je promovisana i na dru\u0161tvenim mre\u017eama Evropske ku\u0107e. Njen sadr\u017eaj mo\u017eete ispratiti <a href=\"https:\/\/www.instagram.com\/evropska_kuca\/\">ovdje<\/a>.<\/p>\n<p>Rodno zasnovano nasilje i daljle ostaje veliki problem Crne Gore, koji zahtjeva anga\u017eovanje cjelokupnog dru\u0161tva. Prema podacima Uprave policije, ove godine jo\u0161 dvije \u017eene su ubijene od strane njihovih partnera, dok je broj prijavljenih krivi\u010dnih djela povezanih sa nasiljem u porodici porastao \u010dak za 35%.<\/p>\n<p>Pro\u010ditajte jo\u0161:<\/p>\n<p><a href=\"https:\/\/evropskakuca.me\/me\/sta-je-navelo-gledaoce-vecerasnje-utakmice-crna-gora-slovacka-da-se-zapitaju\/\">\u0160ta je navelo gledaoce ve\u010dera\u0161nje utakmice Crna Gora-Slova\u010dka da se zapitaju ?<\/a><\/p>\n<p><a href=\"https:\/\/evropskakuca.me\/me\/izlozba-fotografija-zapitaj-se-u-evropskoj-kuci-do-1-decembra\/\">Izlo\u017eba fotografija \u201eZapitaj se\u201c u Evropskoj ku\u0107i do 1. decembra<\/a><\/p>\n","protected":false},"excerpt":{"rendered":"<p>U susret 16 dana aktivizma protiv rodno zasnovanog nasilja, Delegacija Evropske unije u Crnoj Gori i Evropska ku\u0107a, u saradnji sa partnerima, pokrenule su kampanju ZAPITAJ SE, koja se bavi ovim goru\u0107im dru\u0161tvenim problemom. Centralni dio kampanje \u010dini osam fotografija, koje prate sna\u017ene psiholo\u0161ke poruke. Glavna ciljna grupa kampanje su mu\u0161karci, zbog \u010dega je prva [&hellip;]<\/p>\n","protected":false},"author":1,"featured_media":38545,"comment_status":"closed","ping_status":"closed","sticky":false,"template":"","format":"standard","meta":{"_acf_changed":false,"footnotes":""},"categories":[],"tags":[],"class_list":["post-23901","post","type-post","status-publish","format-standard","has-post-thumbnail","hentry"],"acf":[],"yoast_head":"<!-- This site is optimized with the Yoast SEO plugin v27.3 - https:\/\/yoast.com\/product\/yoast-seo-wordpress\/ -->\n<title>Kampanja protiv rodno zasnovanog nasilja #ZAPITAJ_SE - Europe House<\/title>\n<meta name=\"robots\" content=\"index, follow, max-snippet:-1, max-image-preview:large, max-video-preview:-1\" \/>\n<link rel=\"canonical\" href=\"https:\/\/www.evropskakuca.me\/me\/kampanja-protiv-rodno-zasnovanog-nasilja-zapitaj_se\/\" \/>\n<meta property=\"og:locale\" content=\"en_US\" \/>\n<meta property=\"og:type\" content=\"article\" \/>\n<meta property=\"og:title\" content=\"Kampanja protiv rodno zasnovanog nasilja #ZAPITAJ_SE - Europe House\" \/>\n<meta property=\"og:description\" content=\"U susret 16 dana aktivizma protiv rodno zasnovanog nasilja, Delegacija Evropske unije u Crnoj Gori i Evropska ku\u0107a, u saradnji sa partnerima, pokrenule su kampanju ZAPITAJ SE, koja se bavi ovim goru\u0107im dru\u0161tvenim problemom. Centralni dio kampanje \u010dini osam fotografija, koje prate sna\u017ene psiholo\u0161ke poruke. Glavna ciljna grupa kampanje su mu\u0161karci, zbog \u010dega je prva [&hellip;]\" \/>\n<meta property=\"og:url\" content=\"https:\/\/www.evropskakuca.me\/me\/kampanja-protiv-rodno-zasnovanog-nasilja-zapitaj_se\/\" \/>\n<meta property=\"og:site_name\" content=\"Europe House\" \/>\n<meta property=\"article:publisher\" content=\"https:\/\/www.facebook.com\/evropska.kuca\" \/>\n<meta property=\"article:published_time\" content=\"2022-11-28T19:19:34+00:00\" \/>\n<meta property=\"og:image\" content=\"https:\/\/www.evropskakuca.me\/wp-content\/uploads\/2022\/11\/500x500-vizual-1024x1024.jpg\" \/>\n\t<meta property=\"og:image:width\" content=\"1024\" \/>\n\t<meta property=\"og:image:height\" content=\"1024\" \/>\n\t<meta property=\"og:image:type\" content=\"image\/jpeg\" \/>\n<meta name=\"author\" content=\"mkajic\" \/>\n<meta name=\"twitter:card\" content=\"summary_large_image\" \/>\n<meta name=\"twitter:creator\" content=\"@evropska_kuca\" \/>\n<meta name=\"twitter:site\" content=\"@evropska_kuca\" \/>\n<meta name=\"twitter:label1\" content=\"Written by\" \/>\n\t<meta name=\"twitter:data1\" content=\"mkajic\" \/>\n\t<meta name=\"twitter:label2\" content=\"Est. reading time\" \/>\n\t<meta name=\"twitter:data2\" content=\"2 minutes\" \/>\n<script type=\"application\/ld+json\" class=\"yoast-schema-graph\">{\"@context\":\"https:\\\/\\\/schema.org\",\"@graph\":[{\"@type\":\"Article\",\"@id\":\"https:\\\/\\\/www.evropskakuca.me\\\/me\\\/kampanja-protiv-rodno-zasnovanog-nasilja-zapitaj_se\\\/#article\",\"isPartOf\":{\"@id\":\"https:\\\/\\\/www.evropskakuca.me\\\/me\\\/kampanja-protiv-rodno-zasnovanog-nasilja-zapitaj_se\\\/\"},\"author\":{\"name\":\"mkajic\",\"@id\":\"https:\\\/\\\/www.evropskakuca.me\\\/me\\\/#\\\/schema\\\/person\\\/a1d0dcdaefe4a1cd1d60d200ea137ba4\"},\"headline\":\"Kampanja protiv rodno zasnovanog nasilja #ZAPITAJ_SE\",\"datePublished\":\"2022-11-28T19:19:34+00:00\",\"mainEntityOfPage\":{\"@id\":\"https:\\\/\\\/www.evropskakuca.me\\\/me\\\/kampanja-protiv-rodno-zasnovanog-nasilja-zapitaj_se\\\/\"},\"wordCount\":418,\"publisher\":{\"@id\":\"https:\\\/\\\/www.evropskakuca.me\\\/me\\\/#organization\"},\"image\":{\"@id\":\"https:\\\/\\\/www.evropskakuca.me\\\/me\\\/kampanja-protiv-rodno-zasnovanog-nasilja-zapitaj_se\\\/#primaryimage\"},\"thumbnailUrl\":\"https:\\\/\\\/www.evropskakuca.me\\\/wp-content\\\/uploads\\\/2022\\\/11\\\/500x500-vizual.jpg\",\"inLanguage\":\"me-ME\"},{\"@type\":\"WebPage\",\"@id\":\"https:\\\/\\\/www.evropskakuca.me\\\/me\\\/kampanja-protiv-rodno-zasnovanog-nasilja-zapitaj_se\\\/\",\"url\":\"https:\\\/\\\/www.evropskakuca.me\\\/me\\\/kampanja-protiv-rodno-zasnovanog-nasilja-zapitaj_se\\\/\",\"name\":\"Kampanja protiv rodno zasnovanog nasilja #ZAPITAJ_SE - Europe House\",\"isPartOf\":{\"@id\":\"https:\\\/\\\/www.evropskakuca.me\\\/me\\\/#website\"},\"primaryImageOfPage\":{\"@id\":\"https:\\\/\\\/www.evropskakuca.me\\\/me\\\/kampanja-protiv-rodno-zasnovanog-nasilja-zapitaj_se\\\/#primaryimage\"},\"image\":{\"@id\":\"https:\\\/\\\/www.evropskakuca.me\\\/me\\\/kampanja-protiv-rodno-zasnovanog-nasilja-zapitaj_se\\\/#primaryimage\"},\"thumbnailUrl\":\"https:\\\/\\\/www.evropskakuca.me\\\/wp-content\\\/uploads\\\/2022\\\/11\\\/500x500-vizual.jpg\",\"datePublished\":\"2022-11-28T19:19:34+00:00\",\"breadcrumb\":{\"@id\":\"https:\\\/\\\/www.evropskakuca.me\\\/me\\\/kampanja-protiv-rodno-zasnovanog-nasilja-zapitaj_se\\\/#breadcrumb\"},\"inLanguage\":\"me-ME\",\"potentialAction\":[{\"@type\":\"ReadAction\",\"target\":[\"https:\\\/\\\/www.evropskakuca.me\\\/me\\\/kampanja-protiv-rodno-zasnovanog-nasilja-zapitaj_se\\\/\"]}]},{\"@type\":\"ImageObject\",\"inLanguage\":\"me-ME\",\"@id\":\"https:\\\/\\\/www.evropskakuca.me\\\/me\\\/kampanja-protiv-rodno-zasnovanog-nasilja-zapitaj_se\\\/#primaryimage\",\"url\":\"https:\\\/\\\/www.evropskakuca.me\\\/wp-content\\\/uploads\\\/2022\\\/11\\\/500x500-vizual.jpg\",\"contentUrl\":\"https:\\\/\\\/www.evropskakuca.me\\\/wp-content\\\/uploads\\\/2022\\\/11\\\/500x500-vizual.jpg\",\"width\":2083,\"height\":2083},{\"@type\":\"BreadcrumbList\",\"@id\":\"https:\\\/\\\/www.evropskakuca.me\\\/me\\\/kampanja-protiv-rodno-zasnovanog-nasilja-zapitaj_se\\\/#breadcrumb\",\"itemListElement\":[{\"@type\":\"ListItem\",\"position\":1,\"name\":\"Home\",\"item\":\"https:\\\/\\\/www.evropskakuca.me\\\/me\\\/\"},{\"@type\":\"ListItem\",\"position\":2,\"name\":\"Kampanja protiv rodno zasnovanog nasilja #ZAPITAJ_SE\"}]},{\"@type\":\"WebSite\",\"@id\":\"https:\\\/\\\/www.evropskakuca.me\\\/me\\\/#website\",\"url\":\"https:\\\/\\\/www.evropskakuca.me\\\/me\\\/\",\"name\":\"Evropean house\",\"description\":\"\",\"publisher\":{\"@id\":\"https:\\\/\\\/www.evropskakuca.me\\\/me\\\/#organization\"},\"potentialAction\":[{\"@type\":\"SearchAction\",\"target\":{\"@type\":\"EntryPoint\",\"urlTemplate\":\"https:\\\/\\\/www.evropskakuca.me\\\/me\\\/?s={search_term_string}\"},\"query-input\":{\"@type\":\"PropertyValueSpecification\",\"valueRequired\":true,\"valueName\":\"search_term_string\"}}],\"inLanguage\":\"me-ME\"},{\"@type\":\"Organization\",\"@id\":\"https:\\\/\\\/www.evropskakuca.me\\\/me\\\/#organization\",\"name\":\"Evropean house\",\"url\":\"https:\\\/\\\/www.evropskakuca.me\\\/me\\\/\",\"logo\":{\"@type\":\"ImageObject\",\"inLanguage\":\"me-ME\",\"@id\":\"https:\\\/\\\/www.evropskakuca.me\\\/me\\\/#\\\/schema\\\/logo\\\/image\\\/\",\"url\":\"https:\\\/\\\/www.evropskakuca.me\\\/wp-content\\\/uploads\\\/2025\\\/01\\\/evropska-kuca-logo-1.png\",\"contentUrl\":\"https:\\\/\\\/www.evropskakuca.me\\\/wp-content\\\/uploads\\\/2025\\\/01\\\/evropska-kuca-logo-1.png\",\"width\":425,\"height\":312,\"caption\":\"Evropean house\"},\"image\":{\"@id\":\"https:\\\/\\\/www.evropskakuca.me\\\/me\\\/#\\\/schema\\\/logo\\\/image\\\/\"},\"sameAs\":[\"https:\\\/\\\/www.facebook.com\\\/evropska.kuca\",\"https:\\\/\\\/x.com\\\/evropska_kuca\",\"https:\\\/\\\/www.instagram.com\\\/evropska_kuca\"]},{\"@type\":\"Person\",\"@id\":\"https:\\\/\\\/www.evropskakuca.me\\\/me\\\/#\\\/schema\\\/person\\\/a1d0dcdaefe4a1cd1d60d200ea137ba4\",\"name\":\"mkajic\",\"image\":{\"@type\":\"ImageObject\",\"inLanguage\":\"me-ME\",\"@id\":\"https:\\\/\\\/secure.gravatar.com\\\/avatar\\\/731fa035cefab7316e6bafd1f25a93fb731a07de14e2d9923f8db4422628eabc?s=96&d=mm&r=g\",\"url\":\"https:\\\/\\\/secure.gravatar.com\\\/avatar\\\/731fa035cefab7316e6bafd1f25a93fb731a07de14e2d9923f8db4422628eabc?s=96&d=mm&r=g\",\"contentUrl\":\"https:\\\/\\\/secure.gravatar.com\\\/avatar\\\/731fa035cefab7316e6bafd1f25a93fb731a07de14e2d9923f8db4422628eabc?s=96&d=mm&r=g\",\"caption\":\"mkajic\"},\"sameAs\":[\"https:\\\/\\\/evropskakuca.me\"],\"url\":\"https:\\\/\\\/www.evropskakuca.me\\\/me\\\/author\\\/mkajic\\\/\"}]}<\/script>\n<!-- \/ Yoast SEO plugin. -->","yoast_head_json":{"title":"Kampanja protiv rodno zasnovanog nasilja #ZAPITAJ_SE - Europe House","robots":{"index":"index","follow":"follow","max-snippet":"max-snippet:-1","max-image-preview":"max-image-preview:large","max-video-preview":"max-video-preview:-1"},"canonical":"https:\/\/www.evropskakuca.me\/me\/kampanja-protiv-rodno-zasnovanog-nasilja-zapitaj_se\/","og_locale":"en_US","og_type":"article","og_title":"Kampanja protiv rodno zasnovanog nasilja #ZAPITAJ_SE - Europe House","og_description":"U susret 16 dana aktivizma protiv rodno zasnovanog nasilja, Delegacija Evropske unije u Crnoj Gori i Evropska ku\u0107a, u saradnji sa partnerima, pokrenule su kampanju ZAPITAJ SE, koja se bavi ovim goru\u0107im dru\u0161tvenim problemom. Centralni dio kampanje \u010dini osam fotografija, koje prate sna\u017ene psiholo\u0161ke poruke. Glavna ciljna grupa kampanje su mu\u0161karci, zbog \u010dega je prva [&hellip;]","og_url":"https:\/\/www.evropskakuca.me\/me\/kampanja-protiv-rodno-zasnovanog-nasilja-zapitaj_se\/","og_site_name":"Europe House","article_publisher":"https:\/\/www.facebook.com\/evropska.kuca","article_published_time":"2022-11-28T19:19:34+00:00","og_image":[{"width":1024,"height":1024,"url":"https:\/\/www.evropskakuca.me\/wp-content\/uploads\/2022\/11\/500x500-vizual-1024x1024.jpg","type":"image\/jpeg"}],"author":"mkajic","twitter_card":"summary_large_image","twitter_creator":"@evropska_kuca","twitter_site":"@evropska_kuca","twitter_misc":{"Written by":"mkajic","Est. reading time":"2 minutes"},"schema":{"@context":"https:\/\/schema.org","@graph":[{"@type":"Article","@id":"https:\/\/www.evropskakuca.me\/me\/kampanja-protiv-rodno-zasnovanog-nasilja-zapitaj_se\/#article","isPartOf":{"@id":"https:\/\/www.evropskakuca.me\/me\/kampanja-protiv-rodno-zasnovanog-nasilja-zapitaj_se\/"},"author":{"name":"mkajic","@id":"https:\/\/www.evropskakuca.me\/me\/#\/schema\/person\/a1d0dcdaefe4a1cd1d60d200ea137ba4"},"headline":"Kampanja protiv rodno zasnovanog nasilja #ZAPITAJ_SE","datePublished":"2022-11-28T19:19:34+00:00","mainEntityOfPage":{"@id":"https:\/\/www.evropskakuca.me\/me\/kampanja-protiv-rodno-zasnovanog-nasilja-zapitaj_se\/"},"wordCount":418,"publisher":{"@id":"https:\/\/www.evropskakuca.me\/me\/#organization"},"image":{"@id":"https:\/\/www.evropskakuca.me\/me\/kampanja-protiv-rodno-zasnovanog-nasilja-zapitaj_se\/#primaryimage"},"thumbnailUrl":"https:\/\/www.evropskakuca.me\/wp-content\/uploads\/2022\/11\/500x500-vizual.jpg","inLanguage":"me-ME"},{"@type":"WebPage","@id":"https:\/\/www.evropskakuca.me\/me\/kampanja-protiv-rodno-zasnovanog-nasilja-zapitaj_se\/","url":"https:\/\/www.evropskakuca.me\/me\/kampanja-protiv-rodno-zasnovanog-nasilja-zapitaj_se\/","name":"Kampanja protiv rodno zasnovanog nasilja #ZAPITAJ_SE - Europe House","isPartOf":{"@id":"https:\/\/www.evropskakuca.me\/me\/#website"},"primaryImageOfPage":{"@id":"https:\/\/www.evropskakuca.me\/me\/kampanja-protiv-rodno-zasnovanog-nasilja-zapitaj_se\/#primaryimage"},"image":{"@id":"https:\/\/www.evropskakuca.me\/me\/kampanja-protiv-rodno-zasnovanog-nasilja-zapitaj_se\/#primaryimage"},"thumbnailUrl":"https:\/\/www.evropskakuca.me\/wp-content\/uploads\/2022\/11\/500x500-vizual.jpg","datePublished":"2022-11-28T19:19:34+00:00","breadcrumb":{"@id":"https:\/\/www.evropskakuca.me\/me\/kampanja-protiv-rodno-zasnovanog-nasilja-zapitaj_se\/#breadcrumb"},"inLanguage":"me-ME","potentialAction":[{"@type":"ReadAction","target":["https:\/\/www.evropskakuca.me\/me\/kampanja-protiv-rodno-zasnovanog-nasilja-zapitaj_se\/"]}]},{"@type":"ImageObject","inLanguage":"me-ME","@id":"https:\/\/www.evropskakuca.me\/me\/kampanja-protiv-rodno-zasnovanog-nasilja-zapitaj_se\/#primaryimage","url":"https:\/\/www.evropskakuca.me\/wp-content\/uploads\/2022\/11\/500x500-vizual.jpg","contentUrl":"https:\/\/www.evropskakuca.me\/wp-content\/uploads\/2022\/11\/500x500-vizual.jpg","width":2083,"height":2083},{"@type":"BreadcrumbList","@id":"https:\/\/www.evropskakuca.me\/me\/kampanja-protiv-rodno-zasnovanog-nasilja-zapitaj_se\/#breadcrumb","itemListElement":[{"@type":"ListItem","position":1,"name":"Home","item":"https:\/\/www.evropskakuca.me\/me\/"},{"@type":"ListItem","position":2,"name":"Kampanja protiv rodno zasnovanog nasilja #ZAPITAJ_SE"}]},{"@type":"WebSite","@id":"https:\/\/www.evropskakuca.me\/me\/#website","url":"https:\/\/www.evropskakuca.me\/me\/","name":"Evropean house","description":"","publisher":{"@id":"https:\/\/www.evropskakuca.me\/me\/#organization"},"potentialAction":[{"@type":"SearchAction","target":{"@type":"EntryPoint","urlTemplate":"https:\/\/www.evropskakuca.me\/me\/?s={search_term_string}"},"query-input":{"@type":"PropertyValueSpecification","valueRequired":true,"valueName":"search_term_string"}}],"inLanguage":"me-ME"},{"@type":"Organization","@id":"https:\/\/www.evropskakuca.me\/me\/#organization","name":"Evropean house","url":"https:\/\/www.evropskakuca.me\/me\/","logo":{"@type":"ImageObject","inLanguage":"me-ME","@id":"https:\/\/www.evropskakuca.me\/me\/#\/schema\/logo\/image\/","url":"https:\/\/www.evropskakuca.me\/wp-content\/uploads\/2025\/01\/evropska-kuca-logo-1.png","contentUrl":"https:\/\/www.evropskakuca.me\/wp-content\/uploads\/2025\/01\/evropska-kuca-logo-1.png","width":425,"height":312,"caption":"Evropean house"},"image":{"@id":"https:\/\/www.evropskakuca.me\/me\/#\/schema\/logo\/image\/"},"sameAs":["https:\/\/www.facebook.com\/evropska.kuca","https:\/\/x.com\/evropska_kuca","https:\/\/www.instagram.com\/evropska_kuca"]},{"@type":"Person","@id":"https:\/\/www.evropskakuca.me\/me\/#\/schema\/person\/a1d0dcdaefe4a1cd1d60d200ea137ba4","name":"mkajic","image":{"@type":"ImageObject","inLanguage":"me-ME","@id":"https:\/\/secure.gravatar.com\/avatar\/731fa035cefab7316e6bafd1f25a93fb731a07de14e2d9923f8db4422628eabc?s=96&d=mm&r=g","url":"https:\/\/secure.gravatar.com\/avatar\/731fa035cefab7316e6bafd1f25a93fb731a07de14e2d9923f8db4422628eabc?s=96&d=mm&r=g","contentUrl":"https:\/\/secure.gravatar.com\/avatar\/731fa035cefab7316e6bafd1f25a93fb731a07de14e2d9923f8db4422628eabc?s=96&d=mm&r=g","caption":"mkajic"},"sameAs":["https:\/\/evropskakuca.me"],"url":"https:\/\/www.evropskakuca.me\/me\/author\/mkajic\/"}]}},"_links":{"self":[{"href":"https:\/\/www.evropskakuca.me\/me\/wp-json\/wp\/v2\/posts\/23901","targetHints":{"allow":["GET"]}}],"collection":[{"href":"https:\/\/www.evropskakuca.me\/me\/wp-json\/wp\/v2\/posts"}],"about":[{"href":"https:\/\/www.evropskakuca.me\/me\/wp-json\/wp\/v2\/types\/post"}],"author":[{"embeddable":true,"href":"https:\/\/www.evropskakuca.me\/me\/wp-json\/wp\/v2\/users\/1"}],"replies":[{"embeddable":true,"href":"https:\/\/www.evropskakuca.me\/me\/wp-json\/wp\/v2\/comments?post=23901"}],"version-history":[{"count":0,"href":"https:\/\/www.evropskakuca.me\/me\/wp-json\/wp\/v2\/posts\/23901\/revisions"}],"wp:featuredmedia":[{"embeddable":true,"href":"https:\/\/www.evropskakuca.me\/me\/wp-json\/wp\/v2\/media\/38545"}],"wp:attachment":[{"href":"https:\/\/www.evropskakuca.me\/me\/wp-json\/wp\/v2\/media?parent=23901"}],"wp:term":[{"taxonomy":"category","embeddable":true,"href":"https:\/\/www.evropskakuca.me\/me\/wp-json\/wp\/v2\/categories?post=23901"},{"taxonomy":"post_tag","embeddable":true,"href":"https:\/\/www.evropskakuca.me\/me\/wp-json\/wp\/v2\/tags?post=23901"}],"curies":[{"name":"wp","href":"https:\/\/api.w.org\/{rel}","templated":true}]}}