{"id":23843,"date":"2022-11-24T13:33:50","date_gmt":"2022-11-24T13:33:50","guid":{"rendered":"https:\/\/evropskakuca.me\/?p=23843"},"modified":"2022-11-24T13:33:50","modified_gmt":"2022-11-24T13:33:50","slug":"izlozba-fotografija-zapitaj-se-u-evropskoj-kuci-do-1-decembra","status":"publish","type":"post","link":"https:\/\/www.evropskakuca.me\/me\/izlozba-fotografija-zapitaj-se-u-evropskoj-kuci-do-1-decembra\/","title":{"rendered":"Izlo\u017eba fotografija \u201eZapitaj se\u201c u Evropskoj ku\u0107i do 1. decembra"},"content":{"rendered":"<p>U Evropskoj ku\u0107i sino\u0107 smo otvorili izlo\u017ebu fotografija ZAPITAJ SE, posve\u0107enu borbi protiv rodno zasnovanog nasilja. Izlo\u017eba je dio istoimene kampanje koju organizuju u saradnji sa Delegacijom Evropske unije u Crnoj Gori, NGO Attack, Udru\u017eenjem psihologa i Fudbalskim savezom Crne Gore.<\/p>\n<p>Fotografije su ura\u0111ene tehnikom duple ekspozicije, pretapaju\u0107i fotografije \u017eena i slomljenih predmeta, \u010dime se ukazuje da nasilnik osobu nad kojom vr\u0161i nasilje vidi kao objekat, a ne ljudsko bi\u0107e. Fotografije prate i jake psiholo\u0161ke poruke, sa ciljem da posmatra\u010da navedu da se zapita i preispita svoje stavove i pona\u0161anja, koja mogu dovesti do nasilja, podr\u017eati ga ili opravdati.<\/p>\n\n<p>Izlo\u017ebu su otvorili ambasadorka Evropske unije u Crnoj Gori Oana Kristina Popa, autorka fotografija Nada Vojinovi\u0107 i predstavnik Udru\u017eenja psihologa Mihailo \u0160aranovi\u0107. Ambasadorka Popa je tokom obra\u0107anja istakla da i mu\u0161karci i \u017eene moraju udru\u017eiti snage kako bi promijenili stvari. Mu\u0161karci se, konkretno, moraju potruditi da nau\u010de vi\u0161e o problemu rodno zasnovanog nasilja, prepoznaju ga, osude i podr\u017ee \u017eene u ovom procesu.<\/p>\n<p>\u201eSpojili smo umjetnost, psihologiju i fudbal i stvorili ne\u0161to jedinstveno i mo\u0107no. Kampanju smo nazvali \u201cZapitaj se\u201d u \u017eelji da se mu\u0161karci \u201czapitaju\u201d; da razmisle o tome \u0161ta nasilje zna\u010di i kako uti\u010de i na \u017eene i na dru\u0161tvo u cjelini. Danas dajemo jo\u0161 jedan mali doprinos stvaranju sigurnijeg dru\u0161tva, bez rodno zasnovanog nasilja, ovoga puta kroz umjetnost fotografije\u201c, \u00a0kazala je ambasadorka.<\/p>\n\n<p>Rodno zasnovano nasilje je ne\u0161to sa \u010dime se fotografkinja Nada Vojinovi\u0107 sama borila, zbog \u010dega se iznova bavi ovom temom. Naglasila je da nasilje nikada ne treba da ima opravdanje niti za njega treba da tra\u017eimo izgovore.<\/p>\n<p>\u201eOve fotografije treba jasno da poru\u010de da ne \u017eelimo da ijedna \u017eena vi\u0161e pati, ima modrice ili bude ubijena. Ove fotografije treba da navedu cijelo dru\u0161tvo da se zapita, promijeni svijest i probude saosje\u0107ajnost, kako bi bili spremni da se borimo za one koje ne mogu same da iznesu ovu borbu, jer nasilje je svuda oko nas,\u201c navela je ona.<\/p>\n<p>Psiholog Mihailo \u0160aranovi\u0107 pozvao je sve da ulo\u017ee individualni trud, kako bi krenuli ka boljitku, iako taj proces mo\u017ee biti bolan i te\u017eak.<\/p>\n<p>\u201eVolio bih da ovo no\u0107as bude prostor u kojem svi mo\u017eemo da se osjetimo malo ranjivi, shodno tome da smo izlo\u017eeni ne\u010demu \u0161to je prili\u010dno problemati\u010dno i prisutno u na\u0161em dru\u0161tvu. Va\u017eno je da to uradimo, kako bi bili primjer drugima, bez obzira na to da li su mu\u0161karci ili \u017eene. Va\u017eno je da se ove teme pokre\u0107u i van kruga istomi\u0161ljenika, kako bi njima kroz li\u010dni primjer dozvolili ranjivost i motivisali na borbu protiv sopstvene nelagode\u201c, kazao je on.<\/p>\n<p>&nbsp;<\/p>\n\n<p>Evropska ku\u0107a je u saradnji sa Fudbalskim savezom Crne Gore pro\u0161log \u010detvrtka organizovala pretpremijeru izlo\u017ebe na gradskom stadionu u Podgorici, tokom utakmice Crna Gora Slova\u010dka. Navija\u010de su na putu ka tribinama do\u010dekale izlo\u017eene fotografije sa porukama, pa su tako imali priliku i da pro\u010ditaju kako potiskivanje emocija vodi do nasilja, da se nasilje u\u010di i da je uvijek izbor, da ljubomora nije ljubav, da je nasilje slabost, a ne mu\u0161kost, te da je podr\u0161ka nasilniku sau\u010desni\u0161tvo. Tom prilikom, PR FSCG Branko Latinovi\u0107 je istakao da su podr\u017eali kampanju, jer \u017eele da daju doprinos u borbi protiv rodno zasnovanog nasilja.<\/p>\n<p>\u201eSamo zajedni\u010dkim djelovanjem na edukaciji i prevenciji mo\u017eemo uticati na rje\u0161avanje ovog problema. Kao sportska organizacija \u017eelimo dru\u0161tvo koje \u0107e pru\u017eiti jednake mogu\u0107nosti i uslove i \u017eenama i mu\u0161karcima, ba\u0161 kao \u0161to je to slu\u010daj na fudbalskom terenu\u201c, poru\u010dio je Latinovi\u0107.<\/p>\n<p>Izlo\u017eba fotografija, koja \u0107e biti otvorena u Evropskoj ku\u0107i do 1. decembra, organizovana je u susret obilje\u017eavanju 16 dana aktivizma protiv rodno zasnovanog nasilja, koji traju do 25. novembra do 10. decembra.<\/p>\n<p>&nbsp;<\/p>\n<p>&nbsp;<\/p>\n","protected":false},"excerpt":{"rendered":"<p>U Evropskoj ku\u0107i sino\u0107 smo otvorili izlo\u017ebu fotografija ZAPITAJ SE, posve\u0107enu borbi protiv rodno zasnovanog nasilja. Izlo\u017eba je dio istoimene kampanje koju organizuju u saradnji sa Delegacijom Evropske unije u Crnoj Gori, NGO Attack, Udru\u017eenjem psihologa i Fudbalskim savezom Crne Gore. Fotografije su ura\u0111ene tehnikom duple ekspozicije, pretapaju\u0107i fotografije \u017eena i slomljenih predmeta, \u010dime se [&hellip;]<\/p>\n","protected":false},"author":1,"featured_media":38569,"comment_status":"closed","ping_status":"closed","sticky":false,"template":"","format":"standard","meta":{"_acf_changed":false,"footnotes":""},"categories":[],"tags":[],"class_list":["post-23843","post","type-post","status-publish","format-standard","has-post-thumbnail","hentry"],"acf":[],"yoast_head":"<!-- This site is optimized with the Yoast SEO plugin v27.3 - https:\/\/yoast.com\/product\/yoast-seo-wordpress\/ -->\n<title>Izlo\u017eba fotografija \u201eZapitaj se\u201c u Evropskoj ku\u0107i do 1. decembra - Europe House<\/title>\n<meta name=\"robots\" content=\"index, follow, max-snippet:-1, max-image-preview:large, max-video-preview:-1\" \/>\n<link rel=\"canonical\" href=\"https:\/\/www.evropskakuca.me\/me\/izlozba-fotografija-zapitaj-se-u-evropskoj-kuci-do-1-decembra\/\" \/>\n<meta property=\"og:locale\" content=\"en_US\" \/>\n<meta property=\"og:type\" content=\"article\" \/>\n<meta property=\"og:title\" content=\"Izlo\u017eba fotografija \u201eZapitaj se\u201c u Evropskoj ku\u0107i do 1. decembra - Europe House\" \/>\n<meta property=\"og:description\" content=\"U Evropskoj ku\u0107i sino\u0107 smo otvorili izlo\u017ebu fotografija ZAPITAJ SE, posve\u0107enu borbi protiv rodno zasnovanog nasilja. Izlo\u017eba je dio istoimene kampanje koju organizuju u saradnji sa Delegacijom Evropske unije u Crnoj Gori, NGO Attack, Udru\u017eenjem psihologa i Fudbalskim savezom Crne Gore. Fotografije su ura\u0111ene tehnikom duple ekspozicije, pretapaju\u0107i fotografije \u017eena i slomljenih predmeta, \u010dime se [&hellip;]\" \/>\n<meta property=\"og:url\" content=\"https:\/\/www.evropskakuca.me\/me\/izlozba-fotografija-zapitaj-se-u-evropskoj-kuci-do-1-decembra\/\" \/>\n<meta property=\"og:site_name\" content=\"Europe House\" \/>\n<meta property=\"article:publisher\" content=\"https:\/\/www.facebook.com\/evropska.kuca\" \/>\n<meta property=\"article:published_time\" content=\"2022-11-24T13:33:50+00:00\" \/>\n<meta property=\"og:image\" content=\"https:\/\/www.evropskakuca.me\/wp-content\/uploads\/2022\/11\/izlozba-4-of-112.jpg\" \/>\n\t<meta property=\"og:image:width\" content=\"2000\" \/>\n\t<meta property=\"og:image:height\" content=\"1333\" \/>\n\t<meta property=\"og:image:type\" content=\"image\/jpeg\" \/>\n<meta name=\"author\" content=\"mkajic\" \/>\n<meta name=\"twitter:card\" content=\"summary_large_image\" \/>\n<meta name=\"twitter:creator\" content=\"@evropska_kuca\" \/>\n<meta name=\"twitter:site\" content=\"@evropska_kuca\" \/>\n<meta name=\"twitter:label1\" content=\"Written by\" \/>\n\t<meta name=\"twitter:data1\" content=\"mkajic\" \/>\n\t<meta name=\"twitter:label2\" content=\"Est. reading time\" \/>\n\t<meta name=\"twitter:data2\" content=\"3 minutes\" \/>\n<script type=\"application\/ld+json\" class=\"yoast-schema-graph\">{\"@context\":\"https:\\\/\\\/schema.org\",\"@graph\":[{\"@type\":\"Article\",\"@id\":\"https:\\\/\\\/www.evropskakuca.me\\\/me\\\/izlozba-fotografija-zapitaj-se-u-evropskoj-kuci-do-1-decembra\\\/#article\",\"isPartOf\":{\"@id\":\"https:\\\/\\\/www.evropskakuca.me\\\/me\\\/izlozba-fotografija-zapitaj-se-u-evropskoj-kuci-do-1-decembra\\\/\"},\"author\":{\"name\":\"mkajic\",\"@id\":\"https:\\\/\\\/www.evropskakuca.me\\\/me\\\/#\\\/schema\\\/person\\\/a1d0dcdaefe4a1cd1d60d200ea137ba4\"},\"headline\":\"Izlo\u017eba fotografija \u201eZapitaj se\u201c u Evropskoj ku\u0107i do 1. decembra\",\"datePublished\":\"2022-11-24T13:33:50+00:00\",\"mainEntityOfPage\":{\"@id\":\"https:\\\/\\\/www.evropskakuca.me\\\/me\\\/izlozba-fotografija-zapitaj-se-u-evropskoj-kuci-do-1-decembra\\\/\"},\"wordCount\":695,\"publisher\":{\"@id\":\"https:\\\/\\\/www.evropskakuca.me\\\/me\\\/#organization\"},\"image\":{\"@id\":\"https:\\\/\\\/www.evropskakuca.me\\\/me\\\/izlozba-fotografija-zapitaj-se-u-evropskoj-kuci-do-1-decembra\\\/#primaryimage\"},\"thumbnailUrl\":\"https:\\\/\\\/www.evropskakuca.me\\\/wp-content\\\/uploads\\\/2022\\\/11\\\/izlozba-4-of-112.jpg\",\"inLanguage\":\"me-ME\"},{\"@type\":\"WebPage\",\"@id\":\"https:\\\/\\\/www.evropskakuca.me\\\/me\\\/izlozba-fotografija-zapitaj-se-u-evropskoj-kuci-do-1-decembra\\\/\",\"url\":\"https:\\\/\\\/www.evropskakuca.me\\\/me\\\/izlozba-fotografija-zapitaj-se-u-evropskoj-kuci-do-1-decembra\\\/\",\"name\":\"Izlo\u017eba fotografija \u201eZapitaj se\u201c u Evropskoj ku\u0107i do 1. decembra - Europe House\",\"isPartOf\":{\"@id\":\"https:\\\/\\\/www.evropskakuca.me\\\/me\\\/#website\"},\"primaryImageOfPage\":{\"@id\":\"https:\\\/\\\/www.evropskakuca.me\\\/me\\\/izlozba-fotografija-zapitaj-se-u-evropskoj-kuci-do-1-decembra\\\/#primaryimage\"},\"image\":{\"@id\":\"https:\\\/\\\/www.evropskakuca.me\\\/me\\\/izlozba-fotografija-zapitaj-se-u-evropskoj-kuci-do-1-decembra\\\/#primaryimage\"},\"thumbnailUrl\":\"https:\\\/\\\/www.evropskakuca.me\\\/wp-content\\\/uploads\\\/2022\\\/11\\\/izlozba-4-of-112.jpg\",\"datePublished\":\"2022-11-24T13:33:50+00:00\",\"breadcrumb\":{\"@id\":\"https:\\\/\\\/www.evropskakuca.me\\\/me\\\/izlozba-fotografija-zapitaj-se-u-evropskoj-kuci-do-1-decembra\\\/#breadcrumb\"},\"inLanguage\":\"me-ME\",\"potentialAction\":[{\"@type\":\"ReadAction\",\"target\":[\"https:\\\/\\\/www.evropskakuca.me\\\/me\\\/izlozba-fotografija-zapitaj-se-u-evropskoj-kuci-do-1-decembra\\\/\"]}]},{\"@type\":\"ImageObject\",\"inLanguage\":\"me-ME\",\"@id\":\"https:\\\/\\\/www.evropskakuca.me\\\/me\\\/izlozba-fotografija-zapitaj-se-u-evropskoj-kuci-do-1-decembra\\\/#primaryimage\",\"url\":\"https:\\\/\\\/www.evropskakuca.me\\\/wp-content\\\/uploads\\\/2022\\\/11\\\/izlozba-4-of-112.jpg\",\"contentUrl\":\"https:\\\/\\\/www.evropskakuca.me\\\/wp-content\\\/uploads\\\/2022\\\/11\\\/izlozba-4-of-112.jpg\",\"width\":2000,\"height\":1333},{\"@type\":\"BreadcrumbList\",\"@id\":\"https:\\\/\\\/www.evropskakuca.me\\\/me\\\/izlozba-fotografija-zapitaj-se-u-evropskoj-kuci-do-1-decembra\\\/#breadcrumb\",\"itemListElement\":[{\"@type\":\"ListItem\",\"position\":1,\"name\":\"Home\",\"item\":\"https:\\\/\\\/www.evropskakuca.me\\\/me\\\/\"},{\"@type\":\"ListItem\",\"position\":2,\"name\":\"Izlo\u017eba fotografija \u201eZapitaj se\u201c u Evropskoj ku\u0107i do 1. decembra\"}]},{\"@type\":\"WebSite\",\"@id\":\"https:\\\/\\\/www.evropskakuca.me\\\/me\\\/#website\",\"url\":\"https:\\\/\\\/www.evropskakuca.me\\\/me\\\/\",\"name\":\"Evropean house\",\"description\":\"\",\"publisher\":{\"@id\":\"https:\\\/\\\/www.evropskakuca.me\\\/me\\\/#organization\"},\"potentialAction\":[{\"@type\":\"SearchAction\",\"target\":{\"@type\":\"EntryPoint\",\"urlTemplate\":\"https:\\\/\\\/www.evropskakuca.me\\\/me\\\/?s={search_term_string}\"},\"query-input\":{\"@type\":\"PropertyValueSpecification\",\"valueRequired\":true,\"valueName\":\"search_term_string\"}}],\"inLanguage\":\"me-ME\"},{\"@type\":\"Organization\",\"@id\":\"https:\\\/\\\/www.evropskakuca.me\\\/me\\\/#organization\",\"name\":\"Evropean house\",\"url\":\"https:\\\/\\\/www.evropskakuca.me\\\/me\\\/\",\"logo\":{\"@type\":\"ImageObject\",\"inLanguage\":\"me-ME\",\"@id\":\"https:\\\/\\\/www.evropskakuca.me\\\/me\\\/#\\\/schema\\\/logo\\\/image\\\/\",\"url\":\"https:\\\/\\\/www.evropskakuca.me\\\/wp-content\\\/uploads\\\/2025\\\/01\\\/evropska-kuca-logo-1.png\",\"contentUrl\":\"https:\\\/\\\/www.evropskakuca.me\\\/wp-content\\\/uploads\\\/2025\\\/01\\\/evropska-kuca-logo-1.png\",\"width\":425,\"height\":312,\"caption\":\"Evropean house\"},\"image\":{\"@id\":\"https:\\\/\\\/www.evropskakuca.me\\\/me\\\/#\\\/schema\\\/logo\\\/image\\\/\"},\"sameAs\":[\"https:\\\/\\\/www.facebook.com\\\/evropska.kuca\",\"https:\\\/\\\/x.com\\\/evropska_kuca\",\"https:\\\/\\\/www.instagram.com\\\/evropska_kuca\"]},{\"@type\":\"Person\",\"@id\":\"https:\\\/\\\/www.evropskakuca.me\\\/me\\\/#\\\/schema\\\/person\\\/a1d0dcdaefe4a1cd1d60d200ea137ba4\",\"name\":\"mkajic\",\"image\":{\"@type\":\"ImageObject\",\"inLanguage\":\"me-ME\",\"@id\":\"https:\\\/\\\/secure.gravatar.com\\\/avatar\\\/731fa035cefab7316e6bafd1f25a93fb731a07de14e2d9923f8db4422628eabc?s=96&d=mm&r=g\",\"url\":\"https:\\\/\\\/secure.gravatar.com\\\/avatar\\\/731fa035cefab7316e6bafd1f25a93fb731a07de14e2d9923f8db4422628eabc?s=96&d=mm&r=g\",\"contentUrl\":\"https:\\\/\\\/secure.gravatar.com\\\/avatar\\\/731fa035cefab7316e6bafd1f25a93fb731a07de14e2d9923f8db4422628eabc?s=96&d=mm&r=g\",\"caption\":\"mkajic\"},\"sameAs\":[\"https:\\\/\\\/evropskakuca.me\"],\"url\":\"https:\\\/\\\/www.evropskakuca.me\\\/me\\\/author\\\/mkajic\\\/\"}]}<\/script>\n<!-- \/ Yoast SEO plugin. -->","yoast_head_json":{"title":"Izlo\u017eba fotografija \u201eZapitaj se\u201c u Evropskoj ku\u0107i do 1. decembra - Europe House","robots":{"index":"index","follow":"follow","max-snippet":"max-snippet:-1","max-image-preview":"max-image-preview:large","max-video-preview":"max-video-preview:-1"},"canonical":"https:\/\/www.evropskakuca.me\/me\/izlozba-fotografija-zapitaj-se-u-evropskoj-kuci-do-1-decembra\/","og_locale":"en_US","og_type":"article","og_title":"Izlo\u017eba fotografija \u201eZapitaj se\u201c u Evropskoj ku\u0107i do 1. decembra - Europe House","og_description":"U Evropskoj ku\u0107i sino\u0107 smo otvorili izlo\u017ebu fotografija ZAPITAJ SE, posve\u0107enu borbi protiv rodno zasnovanog nasilja. Izlo\u017eba je dio istoimene kampanje koju organizuju u saradnji sa Delegacijom Evropske unije u Crnoj Gori, NGO Attack, Udru\u017eenjem psihologa i Fudbalskim savezom Crne Gore. Fotografije su ura\u0111ene tehnikom duple ekspozicije, pretapaju\u0107i fotografije \u017eena i slomljenih predmeta, \u010dime se [&hellip;]","og_url":"https:\/\/www.evropskakuca.me\/me\/izlozba-fotografija-zapitaj-se-u-evropskoj-kuci-do-1-decembra\/","og_site_name":"Europe House","article_publisher":"https:\/\/www.facebook.com\/evropska.kuca","article_published_time":"2022-11-24T13:33:50+00:00","og_image":[{"width":2000,"height":1333,"url":"https:\/\/www.evropskakuca.me\/wp-content\/uploads\/2022\/11\/izlozba-4-of-112.jpg","type":"image\/jpeg"}],"author":"mkajic","twitter_card":"summary_large_image","twitter_creator":"@evropska_kuca","twitter_site":"@evropska_kuca","twitter_misc":{"Written by":"mkajic","Est. reading time":"3 minutes"},"schema":{"@context":"https:\/\/schema.org","@graph":[{"@type":"Article","@id":"https:\/\/www.evropskakuca.me\/me\/izlozba-fotografija-zapitaj-se-u-evropskoj-kuci-do-1-decembra\/#article","isPartOf":{"@id":"https:\/\/www.evropskakuca.me\/me\/izlozba-fotografija-zapitaj-se-u-evropskoj-kuci-do-1-decembra\/"},"author":{"name":"mkajic","@id":"https:\/\/www.evropskakuca.me\/me\/#\/schema\/person\/a1d0dcdaefe4a1cd1d60d200ea137ba4"},"headline":"Izlo\u017eba fotografija \u201eZapitaj se\u201c u Evropskoj ku\u0107i do 1. decembra","datePublished":"2022-11-24T13:33:50+00:00","mainEntityOfPage":{"@id":"https:\/\/www.evropskakuca.me\/me\/izlozba-fotografija-zapitaj-se-u-evropskoj-kuci-do-1-decembra\/"},"wordCount":695,"publisher":{"@id":"https:\/\/www.evropskakuca.me\/me\/#organization"},"image":{"@id":"https:\/\/www.evropskakuca.me\/me\/izlozba-fotografija-zapitaj-se-u-evropskoj-kuci-do-1-decembra\/#primaryimage"},"thumbnailUrl":"https:\/\/www.evropskakuca.me\/wp-content\/uploads\/2022\/11\/izlozba-4-of-112.jpg","inLanguage":"me-ME"},{"@type":"WebPage","@id":"https:\/\/www.evropskakuca.me\/me\/izlozba-fotografija-zapitaj-se-u-evropskoj-kuci-do-1-decembra\/","url":"https:\/\/www.evropskakuca.me\/me\/izlozba-fotografija-zapitaj-se-u-evropskoj-kuci-do-1-decembra\/","name":"Izlo\u017eba fotografija \u201eZapitaj se\u201c u Evropskoj ku\u0107i do 1. decembra - Europe House","isPartOf":{"@id":"https:\/\/www.evropskakuca.me\/me\/#website"},"primaryImageOfPage":{"@id":"https:\/\/www.evropskakuca.me\/me\/izlozba-fotografija-zapitaj-se-u-evropskoj-kuci-do-1-decembra\/#primaryimage"},"image":{"@id":"https:\/\/www.evropskakuca.me\/me\/izlozba-fotografija-zapitaj-se-u-evropskoj-kuci-do-1-decembra\/#primaryimage"},"thumbnailUrl":"https:\/\/www.evropskakuca.me\/wp-content\/uploads\/2022\/11\/izlozba-4-of-112.jpg","datePublished":"2022-11-24T13:33:50+00:00","breadcrumb":{"@id":"https:\/\/www.evropskakuca.me\/me\/izlozba-fotografija-zapitaj-se-u-evropskoj-kuci-do-1-decembra\/#breadcrumb"},"inLanguage":"me-ME","potentialAction":[{"@type":"ReadAction","target":["https:\/\/www.evropskakuca.me\/me\/izlozba-fotografija-zapitaj-se-u-evropskoj-kuci-do-1-decembra\/"]}]},{"@type":"ImageObject","inLanguage":"me-ME","@id":"https:\/\/www.evropskakuca.me\/me\/izlozba-fotografija-zapitaj-se-u-evropskoj-kuci-do-1-decembra\/#primaryimage","url":"https:\/\/www.evropskakuca.me\/wp-content\/uploads\/2022\/11\/izlozba-4-of-112.jpg","contentUrl":"https:\/\/www.evropskakuca.me\/wp-content\/uploads\/2022\/11\/izlozba-4-of-112.jpg","width":2000,"height":1333},{"@type":"BreadcrumbList","@id":"https:\/\/www.evropskakuca.me\/me\/izlozba-fotografija-zapitaj-se-u-evropskoj-kuci-do-1-decembra\/#breadcrumb","itemListElement":[{"@type":"ListItem","position":1,"name":"Home","item":"https:\/\/www.evropskakuca.me\/me\/"},{"@type":"ListItem","position":2,"name":"Izlo\u017eba fotografija \u201eZapitaj se\u201c u Evropskoj ku\u0107i do 1. decembra"}]},{"@type":"WebSite","@id":"https:\/\/www.evropskakuca.me\/me\/#website","url":"https:\/\/www.evropskakuca.me\/me\/","name":"Evropean house","description":"","publisher":{"@id":"https:\/\/www.evropskakuca.me\/me\/#organization"},"potentialAction":[{"@type":"SearchAction","target":{"@type":"EntryPoint","urlTemplate":"https:\/\/www.evropskakuca.me\/me\/?s={search_term_string}"},"query-input":{"@type":"PropertyValueSpecification","valueRequired":true,"valueName":"search_term_string"}}],"inLanguage":"me-ME"},{"@type":"Organization","@id":"https:\/\/www.evropskakuca.me\/me\/#organization","name":"Evropean house","url":"https:\/\/www.evropskakuca.me\/me\/","logo":{"@type":"ImageObject","inLanguage":"me-ME","@id":"https:\/\/www.evropskakuca.me\/me\/#\/schema\/logo\/image\/","url":"https:\/\/www.evropskakuca.me\/wp-content\/uploads\/2025\/01\/evropska-kuca-logo-1.png","contentUrl":"https:\/\/www.evropskakuca.me\/wp-content\/uploads\/2025\/01\/evropska-kuca-logo-1.png","width":425,"height":312,"caption":"Evropean house"},"image":{"@id":"https:\/\/www.evropskakuca.me\/me\/#\/schema\/logo\/image\/"},"sameAs":["https:\/\/www.facebook.com\/evropska.kuca","https:\/\/x.com\/evropska_kuca","https:\/\/www.instagram.com\/evropska_kuca"]},{"@type":"Person","@id":"https:\/\/www.evropskakuca.me\/me\/#\/schema\/person\/a1d0dcdaefe4a1cd1d60d200ea137ba4","name":"mkajic","image":{"@type":"ImageObject","inLanguage":"me-ME","@id":"https:\/\/secure.gravatar.com\/avatar\/731fa035cefab7316e6bafd1f25a93fb731a07de14e2d9923f8db4422628eabc?s=96&d=mm&r=g","url":"https:\/\/secure.gravatar.com\/avatar\/731fa035cefab7316e6bafd1f25a93fb731a07de14e2d9923f8db4422628eabc?s=96&d=mm&r=g","contentUrl":"https:\/\/secure.gravatar.com\/avatar\/731fa035cefab7316e6bafd1f25a93fb731a07de14e2d9923f8db4422628eabc?s=96&d=mm&r=g","caption":"mkajic"},"sameAs":["https:\/\/evropskakuca.me"],"url":"https:\/\/www.evropskakuca.me\/me\/author\/mkajic\/"}]}},"_links":{"self":[{"href":"https:\/\/www.evropskakuca.me\/me\/wp-json\/wp\/v2\/posts\/23843","targetHints":{"allow":["GET"]}}],"collection":[{"href":"https:\/\/www.evropskakuca.me\/me\/wp-json\/wp\/v2\/posts"}],"about":[{"href":"https:\/\/www.evropskakuca.me\/me\/wp-json\/wp\/v2\/types\/post"}],"author":[{"embeddable":true,"href":"https:\/\/www.evropskakuca.me\/me\/wp-json\/wp\/v2\/users\/1"}],"replies":[{"embeddable":true,"href":"https:\/\/www.evropskakuca.me\/me\/wp-json\/wp\/v2\/comments?post=23843"}],"version-history":[{"count":0,"href":"https:\/\/www.evropskakuca.me\/me\/wp-json\/wp\/v2\/posts\/23843\/revisions"}],"wp:featuredmedia":[{"embeddable":true,"href":"https:\/\/www.evropskakuca.me\/me\/wp-json\/wp\/v2\/media\/38569"}],"wp:attachment":[{"href":"https:\/\/www.evropskakuca.me\/me\/wp-json\/wp\/v2\/media?parent=23843"}],"wp:term":[{"taxonomy":"category","embeddable":true,"href":"https:\/\/www.evropskakuca.me\/me\/wp-json\/wp\/v2\/categories?post=23843"},{"taxonomy":"post_tag","embeddable":true,"href":"https:\/\/www.evropskakuca.me\/me\/wp-json\/wp\/v2\/tags?post=23843"}],"curies":[{"name":"wp","href":"https:\/\/api.w.org\/{rel}","templated":true}]}}