{"id":2370,"date":"2016-11-04T14:10:29","date_gmt":"2016-11-04T14:10:29","guid":{"rendered":"http:\/\/www.evropskakuca.me\/me\/?p=2370"},"modified":"2016-11-04T14:10:29","modified_gmt":"2016-11-04T14:10:29","slug":"sastanak-nvo-iz-oblasti-zdravstvene-socijalne-zastite","status":"publish","type":"post","link":"https:\/\/www.evropskakuca.me\/me\/sastanak-nvo-iz-oblasti-zdravstvene-socijalne-zastite\/","title":{"rendered":"Sastanak NVO iz oblasti zdravstvene i socijalne za\u0161tite"},"content":{"rendered":"<p>U EU Info centru je odr\u017ean prvi sastanak koalicije nevladinih organizacije koje su aktivne u oblasti zdravstvene i socijalne za\u0161tite \u2013 HealthUP. Sastanku je, pored predstavnika nevladinih organizacija, prisustvovao i direktor Doma zdravlja Podgorica Neboj\u0161a Kavari\u0107.<\/p>\n<p>Koalicija je formirana u okviru programa \u201eHealthUP\u201c koji sprovode CAZAS, SOS telefon za djecu i \u017eene \u017ertve nasilja Podgorica i Udru\u017eenje Roditelji, a ima za cilj ja\u010danje partnerskog dijaloga i saradnje izme\u0111u vladinog i nevladinog sektora u oblasti zdravstva. Cilj programa je da se dodatno osna\u017ee i oja\u010daju organizacije civilnog dru\u0161tva kako bi sistem zdravstvene za\u0161tite bio efikasniji i vi\u0161e okrenut potrebama pacijenata.<\/p>\n<p>Cilj formiranja Koalicije NVO koje su aktivne na ovom polju je prije svega pove\u0107anje nivoa njihove uklju\u010denosti u planiranje i sprovo\u0111enje relevantnih politika, izrada studija, analiza i drugih javnih prakti\u010dnih politika i publikacija u ovoj oblasti, organizovanje raznih doga\u0111aja i seminara za predstavnike OCD i Vlade kako bi se oja\u010dali njihovi kapaciteti, komunikacija i saradnja<\/p>\n<p><em>Sadr\u017eaj ovog \u010dlanka je isklju\u010diva odgovornost EU Info Centra i ni na koji na\u010din ne odra\u017eava stavove Evropske unije.<\/em><\/p>\n","protected":false},"excerpt":{"rendered":"<p>U EU Info centru je odr\u017ean prvi sastanak koalicije nevladinih organizacije koje su aktivne u oblasti zdravstvene i socijalne za\u0161tite \u2013 HealthUP. Sastanku je, pored predstavnika nevladinih organizacija, prisustvovao i direktor Doma zdravlja Podgorica Neboj\u0161a Kavari\u0107. Koalicija je formirana u okviru programa \u201eHealthUP\u201c koji sprovode CAZAS, SOS telefon za djecu i \u017eene \u017ertve nasilja Podgorica [&hellip;]<\/p>\n","protected":false},"author":1,"featured_media":32148,"comment_status":"open","ping_status":"open","sticky":false,"template":"","format":"standard","meta":{"_acf_changed":false,"footnotes":""},"categories":[],"tags":[],"class_list":["post-2370","post","type-post","status-publish","format-standard","has-post-thumbnail","hentry"],"acf":[],"yoast_head":"<!-- This site is optimized with the Yoast SEO plugin v27.3 - https:\/\/yoast.com\/product\/yoast-seo-wordpress\/ -->\n<title>Sastanak NVO iz oblasti zdravstvene i socijalne za\u0161tite - Europe House<\/title>\n<meta name=\"robots\" content=\"index, follow, max-snippet:-1, max-image-preview:large, max-video-preview:-1\" \/>\n<link rel=\"canonical\" href=\"https:\/\/www.evropskakuca.me\/me\/sastanak-nvo-iz-oblasti-zdravstvene-socijalne-zastite\/\" \/>\n<meta property=\"og:locale\" content=\"en_US\" \/>\n<meta property=\"og:type\" content=\"article\" \/>\n<meta property=\"og:title\" content=\"Sastanak NVO iz oblasti zdravstvene i socijalne za\u0161tite - Europe House\" \/>\n<meta property=\"og:description\" content=\"U EU Info centru je odr\u017ean prvi sastanak koalicije nevladinih organizacije koje su aktivne u oblasti zdravstvene i socijalne za\u0161tite \u2013 HealthUP. Sastanku je, pored predstavnika nevladinih organizacija, prisustvovao i direktor Doma zdravlja Podgorica Neboj\u0161a Kavari\u0107. Koalicija je formirana u okviru programa \u201eHealthUP\u201c koji sprovode CAZAS, SOS telefon za djecu i \u017eene \u017ertve nasilja Podgorica [&hellip;]\" \/>\n<meta property=\"og:url\" content=\"https:\/\/www.evropskakuca.me\/me\/sastanak-nvo-iz-oblasti-zdravstvene-socijalne-zastite\/\" \/>\n<meta property=\"og:site_name\" content=\"Europe House\" \/>\n<meta property=\"article:publisher\" content=\"https:\/\/www.facebook.com\/evropska.kuca\" \/>\n<meta property=\"article:published_time\" content=\"2016-11-04T14:10:29+00:00\" \/>\n<meta property=\"og:image\" content=\"https:\/\/www.evropskakuca.me\/wp-content\/uploads\/2016\/11\/711.jpg\" \/>\n\t<meta property=\"og:image:width\" content=\"900\" \/>\n\t<meta property=\"og:image:height\" content=\"603\" \/>\n\t<meta property=\"og:image:type\" content=\"image\/jpeg\" \/>\n<meta name=\"author\" content=\"mkajic\" \/>\n<meta name=\"twitter:card\" content=\"summary_large_image\" \/>\n<meta name=\"twitter:creator\" content=\"@evropska_kuca\" \/>\n<meta name=\"twitter:site\" content=\"@evropska_kuca\" \/>\n<meta name=\"twitter:label1\" content=\"Written by\" \/>\n\t<meta name=\"twitter:data1\" content=\"mkajic\" \/>\n\t<meta name=\"twitter:label2\" content=\"Est. reading time\" \/>\n\t<meta name=\"twitter:data2\" content=\"1 minute\" \/>\n<script type=\"application\/ld+json\" class=\"yoast-schema-graph\">{\"@context\":\"https:\\\/\\\/schema.org\",\"@graph\":[{\"@type\":\"Article\",\"@id\":\"https:\\\/\\\/www.evropskakuca.me\\\/me\\\/sastanak-nvo-iz-oblasti-zdravstvene-socijalne-zastite\\\/#article\",\"isPartOf\":{\"@id\":\"https:\\\/\\\/www.evropskakuca.me\\\/me\\\/sastanak-nvo-iz-oblasti-zdravstvene-socijalne-zastite\\\/\"},\"author\":{\"name\":\"mkajic\",\"@id\":\"https:\\\/\\\/www.evropskakuca.me\\\/me\\\/#\\\/schema\\\/person\\\/a1d0dcdaefe4a1cd1d60d200ea137ba4\"},\"headline\":\"Sastanak NVO iz oblasti zdravstvene i socijalne za\u0161tite\",\"datePublished\":\"2016-11-04T14:10:29+00:00\",\"mainEntityOfPage\":{\"@id\":\"https:\\\/\\\/www.evropskakuca.me\\\/me\\\/sastanak-nvo-iz-oblasti-zdravstvene-socijalne-zastite\\\/\"},\"wordCount\":202,\"commentCount\":0,\"publisher\":{\"@id\":\"https:\\\/\\\/www.evropskakuca.me\\\/me\\\/#organization\"},\"image\":{\"@id\":\"https:\\\/\\\/www.evropskakuca.me\\\/me\\\/sastanak-nvo-iz-oblasti-zdravstvene-socijalne-zastite\\\/#primaryimage\"},\"thumbnailUrl\":\"https:\\\/\\\/www.evropskakuca.me\\\/wp-content\\\/uploads\\\/2016\\\/11\\\/711.jpg\",\"inLanguage\":\"me-ME\",\"potentialAction\":[{\"@type\":\"CommentAction\",\"name\":\"Comment\",\"target\":[\"https:\\\/\\\/www.evropskakuca.me\\\/me\\\/sastanak-nvo-iz-oblasti-zdravstvene-socijalne-zastite\\\/#respond\"]}]},{\"@type\":\"WebPage\",\"@id\":\"https:\\\/\\\/www.evropskakuca.me\\\/me\\\/sastanak-nvo-iz-oblasti-zdravstvene-socijalne-zastite\\\/\",\"url\":\"https:\\\/\\\/www.evropskakuca.me\\\/me\\\/sastanak-nvo-iz-oblasti-zdravstvene-socijalne-zastite\\\/\",\"name\":\"Sastanak NVO iz oblasti zdravstvene i socijalne za\u0161tite - Europe House\",\"isPartOf\":{\"@id\":\"https:\\\/\\\/www.evropskakuca.me\\\/me\\\/#website\"},\"primaryImageOfPage\":{\"@id\":\"https:\\\/\\\/www.evropskakuca.me\\\/me\\\/sastanak-nvo-iz-oblasti-zdravstvene-socijalne-zastite\\\/#primaryimage\"},\"image\":{\"@id\":\"https:\\\/\\\/www.evropskakuca.me\\\/me\\\/sastanak-nvo-iz-oblasti-zdravstvene-socijalne-zastite\\\/#primaryimage\"},\"thumbnailUrl\":\"https:\\\/\\\/www.evropskakuca.me\\\/wp-content\\\/uploads\\\/2016\\\/11\\\/711.jpg\",\"datePublished\":\"2016-11-04T14:10:29+00:00\",\"breadcrumb\":{\"@id\":\"https:\\\/\\\/www.evropskakuca.me\\\/me\\\/sastanak-nvo-iz-oblasti-zdravstvene-socijalne-zastite\\\/#breadcrumb\"},\"inLanguage\":\"me-ME\",\"potentialAction\":[{\"@type\":\"ReadAction\",\"target\":[\"https:\\\/\\\/www.evropskakuca.me\\\/me\\\/sastanak-nvo-iz-oblasti-zdravstvene-socijalne-zastite\\\/\"]}]},{\"@type\":\"ImageObject\",\"inLanguage\":\"me-ME\",\"@id\":\"https:\\\/\\\/www.evropskakuca.me\\\/me\\\/sastanak-nvo-iz-oblasti-zdravstvene-socijalne-zastite\\\/#primaryimage\",\"url\":\"https:\\\/\\\/www.evropskakuca.me\\\/wp-content\\\/uploads\\\/2016\\\/11\\\/711.jpg\",\"contentUrl\":\"https:\\\/\\\/www.evropskakuca.me\\\/wp-content\\\/uploads\\\/2016\\\/11\\\/711.jpg\",\"width\":900,\"height\":603},{\"@type\":\"BreadcrumbList\",\"@id\":\"https:\\\/\\\/www.evropskakuca.me\\\/me\\\/sastanak-nvo-iz-oblasti-zdravstvene-socijalne-zastite\\\/#breadcrumb\",\"itemListElement\":[{\"@type\":\"ListItem\",\"position\":1,\"name\":\"Home\",\"item\":\"https:\\\/\\\/www.evropskakuca.me\\\/me\\\/\"},{\"@type\":\"ListItem\",\"position\":2,\"name\":\"Sastanak NVO iz oblasti zdravstvene i socijalne za\u0161tite\"}]},{\"@type\":\"WebSite\",\"@id\":\"https:\\\/\\\/www.evropskakuca.me\\\/me\\\/#website\",\"url\":\"https:\\\/\\\/www.evropskakuca.me\\\/me\\\/\",\"name\":\"Evropean house\",\"description\":\"\",\"publisher\":{\"@id\":\"https:\\\/\\\/www.evropskakuca.me\\\/me\\\/#organization\"},\"potentialAction\":[{\"@type\":\"SearchAction\",\"target\":{\"@type\":\"EntryPoint\",\"urlTemplate\":\"https:\\\/\\\/www.evropskakuca.me\\\/me\\\/?s={search_term_string}\"},\"query-input\":{\"@type\":\"PropertyValueSpecification\",\"valueRequired\":true,\"valueName\":\"search_term_string\"}}],\"inLanguage\":\"me-ME\"},{\"@type\":\"Organization\",\"@id\":\"https:\\\/\\\/www.evropskakuca.me\\\/me\\\/#organization\",\"name\":\"Evropean house\",\"url\":\"https:\\\/\\\/www.evropskakuca.me\\\/me\\\/\",\"logo\":{\"@type\":\"ImageObject\",\"inLanguage\":\"me-ME\",\"@id\":\"https:\\\/\\\/www.evropskakuca.me\\\/me\\\/#\\\/schema\\\/logo\\\/image\\\/\",\"url\":\"https:\\\/\\\/www.evropskakuca.me\\\/wp-content\\\/uploads\\\/2025\\\/01\\\/evropska-kuca-logo-1.png\",\"contentUrl\":\"https:\\\/\\\/www.evropskakuca.me\\\/wp-content\\\/uploads\\\/2025\\\/01\\\/evropska-kuca-logo-1.png\",\"width\":425,\"height\":312,\"caption\":\"Evropean house\"},\"image\":{\"@id\":\"https:\\\/\\\/www.evropskakuca.me\\\/me\\\/#\\\/schema\\\/logo\\\/image\\\/\"},\"sameAs\":[\"https:\\\/\\\/www.facebook.com\\\/evropska.kuca\",\"https:\\\/\\\/x.com\\\/evropska_kuca\",\"https:\\\/\\\/www.instagram.com\\\/evropska_kuca\"]},{\"@type\":\"Person\",\"@id\":\"https:\\\/\\\/www.evropskakuca.me\\\/me\\\/#\\\/schema\\\/person\\\/a1d0dcdaefe4a1cd1d60d200ea137ba4\",\"name\":\"mkajic\",\"image\":{\"@type\":\"ImageObject\",\"inLanguage\":\"me-ME\",\"@id\":\"https:\\\/\\\/secure.gravatar.com\\\/avatar\\\/731fa035cefab7316e6bafd1f25a93fb731a07de14e2d9923f8db4422628eabc?s=96&d=mm&r=g\",\"url\":\"https:\\\/\\\/secure.gravatar.com\\\/avatar\\\/731fa035cefab7316e6bafd1f25a93fb731a07de14e2d9923f8db4422628eabc?s=96&d=mm&r=g\",\"contentUrl\":\"https:\\\/\\\/secure.gravatar.com\\\/avatar\\\/731fa035cefab7316e6bafd1f25a93fb731a07de14e2d9923f8db4422628eabc?s=96&d=mm&r=g\",\"caption\":\"mkajic\"},\"sameAs\":[\"https:\\\/\\\/evropskakuca.me\"],\"url\":\"https:\\\/\\\/www.evropskakuca.me\\\/me\\\/author\\\/mkajic\\\/\"}]}<\/script>\n<!-- \/ Yoast SEO plugin. -->","yoast_head_json":{"title":"Sastanak NVO iz oblasti zdravstvene i socijalne za\u0161tite - Europe House","robots":{"index":"index","follow":"follow","max-snippet":"max-snippet:-1","max-image-preview":"max-image-preview:large","max-video-preview":"max-video-preview:-1"},"canonical":"https:\/\/www.evropskakuca.me\/me\/sastanak-nvo-iz-oblasti-zdravstvene-socijalne-zastite\/","og_locale":"en_US","og_type":"article","og_title":"Sastanak NVO iz oblasti zdravstvene i socijalne za\u0161tite - Europe House","og_description":"U EU Info centru je odr\u017ean prvi sastanak koalicije nevladinih organizacije koje su aktivne u oblasti zdravstvene i socijalne za\u0161tite \u2013 HealthUP. Sastanku je, pored predstavnika nevladinih organizacija, prisustvovao i direktor Doma zdravlja Podgorica Neboj\u0161a Kavari\u0107. Koalicija je formirana u okviru programa \u201eHealthUP\u201c koji sprovode CAZAS, SOS telefon za djecu i \u017eene \u017ertve nasilja Podgorica [&hellip;]","og_url":"https:\/\/www.evropskakuca.me\/me\/sastanak-nvo-iz-oblasti-zdravstvene-socijalne-zastite\/","og_site_name":"Europe House","article_publisher":"https:\/\/www.facebook.com\/evropska.kuca","article_published_time":"2016-11-04T14:10:29+00:00","og_image":[{"width":900,"height":603,"url":"https:\/\/www.evropskakuca.me\/wp-content\/uploads\/2016\/11\/711.jpg","type":"image\/jpeg"}],"author":"mkajic","twitter_card":"summary_large_image","twitter_creator":"@evropska_kuca","twitter_site":"@evropska_kuca","twitter_misc":{"Written by":"mkajic","Est. reading time":"1 minute"},"schema":{"@context":"https:\/\/schema.org","@graph":[{"@type":"Article","@id":"https:\/\/www.evropskakuca.me\/me\/sastanak-nvo-iz-oblasti-zdravstvene-socijalne-zastite\/#article","isPartOf":{"@id":"https:\/\/www.evropskakuca.me\/me\/sastanak-nvo-iz-oblasti-zdravstvene-socijalne-zastite\/"},"author":{"name":"mkajic","@id":"https:\/\/www.evropskakuca.me\/me\/#\/schema\/person\/a1d0dcdaefe4a1cd1d60d200ea137ba4"},"headline":"Sastanak NVO iz oblasti zdravstvene i socijalne za\u0161tite","datePublished":"2016-11-04T14:10:29+00:00","mainEntityOfPage":{"@id":"https:\/\/www.evropskakuca.me\/me\/sastanak-nvo-iz-oblasti-zdravstvene-socijalne-zastite\/"},"wordCount":202,"commentCount":0,"publisher":{"@id":"https:\/\/www.evropskakuca.me\/me\/#organization"},"image":{"@id":"https:\/\/www.evropskakuca.me\/me\/sastanak-nvo-iz-oblasti-zdravstvene-socijalne-zastite\/#primaryimage"},"thumbnailUrl":"https:\/\/www.evropskakuca.me\/wp-content\/uploads\/2016\/11\/711.jpg","inLanguage":"me-ME","potentialAction":[{"@type":"CommentAction","name":"Comment","target":["https:\/\/www.evropskakuca.me\/me\/sastanak-nvo-iz-oblasti-zdravstvene-socijalne-zastite\/#respond"]}]},{"@type":"WebPage","@id":"https:\/\/www.evropskakuca.me\/me\/sastanak-nvo-iz-oblasti-zdravstvene-socijalne-zastite\/","url":"https:\/\/www.evropskakuca.me\/me\/sastanak-nvo-iz-oblasti-zdravstvene-socijalne-zastite\/","name":"Sastanak NVO iz oblasti zdravstvene i socijalne za\u0161tite - Europe House","isPartOf":{"@id":"https:\/\/www.evropskakuca.me\/me\/#website"},"primaryImageOfPage":{"@id":"https:\/\/www.evropskakuca.me\/me\/sastanak-nvo-iz-oblasti-zdravstvene-socijalne-zastite\/#primaryimage"},"image":{"@id":"https:\/\/www.evropskakuca.me\/me\/sastanak-nvo-iz-oblasti-zdravstvene-socijalne-zastite\/#primaryimage"},"thumbnailUrl":"https:\/\/www.evropskakuca.me\/wp-content\/uploads\/2016\/11\/711.jpg","datePublished":"2016-11-04T14:10:29+00:00","breadcrumb":{"@id":"https:\/\/www.evropskakuca.me\/me\/sastanak-nvo-iz-oblasti-zdravstvene-socijalne-zastite\/#breadcrumb"},"inLanguage":"me-ME","potentialAction":[{"@type":"ReadAction","target":["https:\/\/www.evropskakuca.me\/me\/sastanak-nvo-iz-oblasti-zdravstvene-socijalne-zastite\/"]}]},{"@type":"ImageObject","inLanguage":"me-ME","@id":"https:\/\/www.evropskakuca.me\/me\/sastanak-nvo-iz-oblasti-zdravstvene-socijalne-zastite\/#primaryimage","url":"https:\/\/www.evropskakuca.me\/wp-content\/uploads\/2016\/11\/711.jpg","contentUrl":"https:\/\/www.evropskakuca.me\/wp-content\/uploads\/2016\/11\/711.jpg","width":900,"height":603},{"@type":"BreadcrumbList","@id":"https:\/\/www.evropskakuca.me\/me\/sastanak-nvo-iz-oblasti-zdravstvene-socijalne-zastite\/#breadcrumb","itemListElement":[{"@type":"ListItem","position":1,"name":"Home","item":"https:\/\/www.evropskakuca.me\/me\/"},{"@type":"ListItem","position":2,"name":"Sastanak NVO iz oblasti zdravstvene i socijalne za\u0161tite"}]},{"@type":"WebSite","@id":"https:\/\/www.evropskakuca.me\/me\/#website","url":"https:\/\/www.evropskakuca.me\/me\/","name":"Evropean house","description":"","publisher":{"@id":"https:\/\/www.evropskakuca.me\/me\/#organization"},"potentialAction":[{"@type":"SearchAction","target":{"@type":"EntryPoint","urlTemplate":"https:\/\/www.evropskakuca.me\/me\/?s={search_term_string}"},"query-input":{"@type":"PropertyValueSpecification","valueRequired":true,"valueName":"search_term_string"}}],"inLanguage":"me-ME"},{"@type":"Organization","@id":"https:\/\/www.evropskakuca.me\/me\/#organization","name":"Evropean house","url":"https:\/\/www.evropskakuca.me\/me\/","logo":{"@type":"ImageObject","inLanguage":"me-ME","@id":"https:\/\/www.evropskakuca.me\/me\/#\/schema\/logo\/image\/","url":"https:\/\/www.evropskakuca.me\/wp-content\/uploads\/2025\/01\/evropska-kuca-logo-1.png","contentUrl":"https:\/\/www.evropskakuca.me\/wp-content\/uploads\/2025\/01\/evropska-kuca-logo-1.png","width":425,"height":312,"caption":"Evropean house"},"image":{"@id":"https:\/\/www.evropskakuca.me\/me\/#\/schema\/logo\/image\/"},"sameAs":["https:\/\/www.facebook.com\/evropska.kuca","https:\/\/x.com\/evropska_kuca","https:\/\/www.instagram.com\/evropska_kuca"]},{"@type":"Person","@id":"https:\/\/www.evropskakuca.me\/me\/#\/schema\/person\/a1d0dcdaefe4a1cd1d60d200ea137ba4","name":"mkajic","image":{"@type":"ImageObject","inLanguage":"me-ME","@id":"https:\/\/secure.gravatar.com\/avatar\/731fa035cefab7316e6bafd1f25a93fb731a07de14e2d9923f8db4422628eabc?s=96&d=mm&r=g","url":"https:\/\/secure.gravatar.com\/avatar\/731fa035cefab7316e6bafd1f25a93fb731a07de14e2d9923f8db4422628eabc?s=96&d=mm&r=g","contentUrl":"https:\/\/secure.gravatar.com\/avatar\/731fa035cefab7316e6bafd1f25a93fb731a07de14e2d9923f8db4422628eabc?s=96&d=mm&r=g","caption":"mkajic"},"sameAs":["https:\/\/evropskakuca.me"],"url":"https:\/\/www.evropskakuca.me\/me\/author\/mkajic\/"}]}},"_links":{"self":[{"href":"https:\/\/www.evropskakuca.me\/me\/wp-json\/wp\/v2\/posts\/2370","targetHints":{"allow":["GET"]}}],"collection":[{"href":"https:\/\/www.evropskakuca.me\/me\/wp-json\/wp\/v2\/posts"}],"about":[{"href":"https:\/\/www.evropskakuca.me\/me\/wp-json\/wp\/v2\/types\/post"}],"author":[{"embeddable":true,"href":"https:\/\/www.evropskakuca.me\/me\/wp-json\/wp\/v2\/users\/1"}],"replies":[{"embeddable":true,"href":"https:\/\/www.evropskakuca.me\/me\/wp-json\/wp\/v2\/comments?post=2370"}],"version-history":[{"count":0,"href":"https:\/\/www.evropskakuca.me\/me\/wp-json\/wp\/v2\/posts\/2370\/revisions"}],"wp:featuredmedia":[{"embeddable":true,"href":"https:\/\/www.evropskakuca.me\/me\/wp-json\/wp\/v2\/media\/32148"}],"wp:attachment":[{"href":"https:\/\/www.evropskakuca.me\/me\/wp-json\/wp\/v2\/media?parent=2370"}],"wp:term":[{"taxonomy":"category","embeddable":true,"href":"https:\/\/www.evropskakuca.me\/me\/wp-json\/wp\/v2\/categories?post=2370"},{"taxonomy":"post_tag","embeddable":true,"href":"https:\/\/www.evropskakuca.me\/me\/wp-json\/wp\/v2\/tags?post=2370"}],"curies":[{"name":"wp","href":"https:\/\/api.w.org\/{rel}","templated":true}]}}