{"id":22980,"date":"2022-06-20T12:43:56","date_gmt":"2022-06-20T12:43:56","guid":{"rendered":"https:\/\/evropskakuca.me\/?p=22980"},"modified":"2022-06-20T12:43:56","modified_gmt":"2022-06-20T12:43:56","slug":"sacuvati-planinsku-ljepoticu","status":"publish","type":"post","link":"https:\/\/www.evropskakuca.me\/me\/sacuvati-planinsku-ljepoticu\/","title":{"rendered":"Sa\u010duvati planinsku ljepoticu"},"content":{"rendered":"<p>Evropska ku\u0107a i i projekat \u201cIRIS \u2013 Nadahnjuju\u0107e ruralno naslje\u0111e: Odr\u017eive prakse za\u0161tite i o\u010duvanja planinskih pejza\u017ea i sje\u0107anja\u201d, uz podr\u0161ku organizacije \u201cSa\u010duvajmo Sinjajevinu\u201d i stanovnika planine, organizovali su na podgori\u010dkom trgu Argentina Dan Sinjajevine. Bila je to prilika da se sa predstavnicima lokalnih samouprava koje gravitiraju Sinjajevini promovi\u0161u prirodne i kulturne vrijednosti i zna\u010daj najve\u0107e pa\u0161nja\u010dke planine u Crnoj Gori i, zajedno sa Durmitorom, jedne od najve\u0107ih planinskih pa\u0161nja\u010dkih zona u Evropi. Projekat IRIS ima za cilj i da pribli\u017ei Sinjajevinu javnosti.<\/p>\n<p>\u201cCilj ovog projekta je da doprinese pobolj\u0161anju socijalne i ekolo\u0161ke odr\u017eivosti upotebe planinskih podru\u010dja kao \u0161to je Sinjajevina. Projekat treba da nacionalnim i evropskim kreatorima politika da nove alate koji \u0107e im omogu\u0107iti da donose odluke u najboljem interesu za ova podru\u010dja.\u201d kazao je otvaraju\u0107i Dan Sinjajevine koordinator IRIS projekta u Crnoj Gori Pablo Domingez.<\/p>\n<p>Direktor Agencije za upravljanje za\u0161ti\u0107enim podru\u010djima Podgorice Drago \u0110ekovi\u0107, poru\u010dio je da rezultatima projekta IRIS treba posvetiti posebnu pa\u017enju jer mogu doprinijeti odr\u017eivom razvoju sli\u010dnih prostora.\u00a0 Sinjajevina se mora sa\u010duvati za generacije koje dolaze jer \u0107e im im sigurno biti potrebnija nego \u0161to se to dana\u0161njoj generaciji \u010dini, kazala je predsednica op\u0161tine Kola\u0161in\u00a0 Marta \u0160\u0107epanovi\u0107.<\/p>\n<p>\u201eZato je na nama da je kao nov turisti\u010dki proizvod sa velikim potencijalom za razvoj ruralnog turizma u\u010dinimo atraktivnijom, dostupnijom i privla\u010dnijom turistima, da se upoznaju sa obi\u010dajima i tradicijom ovoga kraja, da se sa\u017eive sa\u00a0 prirodom.\u201c kazala je \u0160\u0107epanovi\u0107.<\/p>\n\n<p>Katuni Sinjajevine, sezonska planinska naselja koja i dalje \u00a0koristi nekoliko stotina sto\u010darskih porodica, su na\u010din \u017eivota koji je visoko odr\u017eiv i sve vi\u0161e vrednovan zbog svoje prirodne i kulturne vrijednosti od strane zna\u010dajnih me\u0111unarodnih aktera i institucija, uklju\u010duju\u0107i i Evropsku Uniju koja kofinansira projekat IRIS.<\/p>\n<p>Na bogatstvo Sinjajevine podsjetila je i Ivana Medojevi\u0107 iz kabineta predsjednika op\u0161tine Mojkovac koja je kazala da na Sinjajevini \u017eivi 1300 razli\u010ditih biljnih vrsta kao i\u00a0 43 vrste sisara od kojih je \u010dak 15 za\u0161ti\u0107enoi zakonom.<\/p>\n<p>\u201eSa na\u0161e ta\u010dke gledi\u0161ta potrebno je kretati se u pravcu za\u0161tite, valorizacije i promocije planine. Sinjajevina mora ostati neugro\u017eena i moramo je sa\u010duvati za budu\u0107e generacije.\u201c kazala je Medojevi\u0107.<\/p>\n<p>Veliki prostor i potencijal podru\u010dja Sinjajevine u potpunosti je neiskori\u0161\u0107en, \u010demu op\u0161tine koje gravitiraju\u00a0 ovoj planini i sama dr\u017eava moraju u narednom periodu posvetiti posebnu pa\u017enju, smatra predsjednik op\u0161tine \u017dabljak Veselin Vuki\u0107evi\u0107.<\/p>\n<p>Danas, moderna civilizacija sa mukom poku\u0161ava da dostigne i proizvede zdravu hranu koju je u me\u0111uvremenu uglavnom izgubila. Mi smo imali sre\u0107u da se toga blaga nikad nijesmo li\u0161ili i na\u0161 je zadatak i na\u0161a neizmjerna odgovornost da to sa\u010duvamo, kazao je Milan Sekulovi\u0107 iz organizacije \u201cSa\u010duvajmo Sinjajevinu.\u201d<\/p>\n\n<p>\u201cSvaka travka i cvijet na Sinjajevini svjedo\u010di ljepotu i bogatstvo biodiverziteta, iako kako mi to jednostavno ka\u017eemo prirode. Ali neodvojivi dio te prirode i biodiverziteta je ipak i \u010dovjek.\u201d kazao je Sekulovi\u0107.<\/p>\n<p>U okviru Dana Sinjajevine predstavljena je i izlo\u017eba \u201cTeritorije \u017eivota na margini. Mediteranski pa\u0161nja\u010dki komuni u 21. vijeku\u201d, na kojoj je uz primjere iz \u0160panije, Maroka i Turske predstavljena i Crna Gora sa Sinjajevinom. Izlo\u017eba je prvi put predstavljena javnosti \u00a0na Svjetskom kongresu Me\u0111unarodne unije za za\u0161titu prirode (IUCN) u Marseju u septembru 2021. Godine, potom\u00a0 i u razli\u010ditim dr\u017eavama Mediterana (\u0160paniji, Francuskoj, Maroku i sada Crnoj Gori).<\/p>\n<p>Sinjajevina je jedno od pet pilot podru\u010dja u Evropi, pored \u0160panije, Francuske, Italije i Velike Britanije, na kojem se sprovodi projekat IRIS. Cilj ovog projekta je da kroz temeljno transdisciplinarno istra\u017eivanje doprinese unaprije\u0111enju dru\u0161tveno i ekolo\u0161ki odr\u017eivom kori\u0161\u0107enju planinskih predjela. Projekt istra\u017euje i razvija pristup \u201c\u017eivog naslje\u0111a\u201d u za\u0161titi i promociji (za\u0161tita kroz kori\u0161\u0107enje) planinskih predjela i ruralnih podru\u010dja. U Crnoj Gori implementaciju projekta IRIS (2021-2024) koordinira Laboratorija za geografiju \u017eivotne sredine (GEODE) iz Francuskog nacionalnog centara za nau\u010dna istra\u017eivanja (CNRS) i Univerziteta Toulouse-Jean Jaur\u00e8s, u saradnji sa klju\u010dnim interdisciplinarnim timom istra\u017eiva\u010da i profesora sa Univerziteta Crne Gore (Istorijski institut, Biotehni\u010dki fakultet, Pravni fakultet).<\/p>\n","protected":false},"excerpt":{"rendered":"<p>Evropska ku\u0107a i i projekat \u201cIRIS \u2013 Nadahnjuju\u0107e ruralno naslje\u0111e: Odr\u017eive prakse za\u0161tite i o\u010duvanja planinskih pejza\u017ea i sje\u0107anja\u201d, uz podr\u0161ku organizacije \u201cSa\u010duvajmo Sinjajevinu\u201d i stanovnika planine, organizovali su na podgori\u010dkom trgu Argentina Dan Sinjajevine. Bila je to prilika da se sa predstavnicima lokalnih samouprava koje gravitiraju Sinjajevini promovi\u0161u prirodne i kulturne vrijednosti i zna\u010daj [&hellip;]<\/p>\n","protected":false},"author":1,"featured_media":38355,"comment_status":"closed","ping_status":"closed","sticky":false,"template":"","format":"standard","meta":{"_acf_changed":false,"footnotes":""},"categories":[],"tags":[],"class_list":["post-22980","post","type-post","status-publish","format-standard","has-post-thumbnail","hentry"],"acf":[],"yoast_head":"<!-- This site is optimized with the Yoast SEO plugin v27.3 - https:\/\/yoast.com\/product\/yoast-seo-wordpress\/ -->\n<title>Sa\u010duvati planinsku ljepoticu - Europe House<\/title>\n<meta name=\"robots\" content=\"index, follow, max-snippet:-1, max-image-preview:large, max-video-preview:-1\" \/>\n<link rel=\"canonical\" href=\"https:\/\/www.evropskakuca.me\/me\/sacuvati-planinsku-ljepoticu\/\" \/>\n<meta property=\"og:locale\" content=\"en_US\" \/>\n<meta property=\"og:type\" content=\"article\" \/>\n<meta property=\"og:title\" content=\"Sa\u010duvati planinsku ljepoticu - Europe House\" \/>\n<meta property=\"og:description\" content=\"Evropska ku\u0107a i i projekat \u201cIRIS \u2013 Nadahnjuju\u0107e ruralno naslje\u0111e: Odr\u017eive prakse za\u0161tite i o\u010duvanja planinskih pejza\u017ea i sje\u0107anja\u201d, uz podr\u0161ku organizacije \u201cSa\u010duvajmo Sinjajevinu\u201d i stanovnika planine, organizovali su na podgori\u010dkom trgu Argentina Dan Sinjajevine. Bila je to prilika da se sa predstavnicima lokalnih samouprava koje gravitiraju Sinjajevini promovi\u0161u prirodne i kulturne vrijednosti i zna\u010daj [&hellip;]\" \/>\n<meta property=\"og:url\" content=\"https:\/\/www.evropskakuca.me\/me\/sacuvati-planinsku-ljepoticu\/\" \/>\n<meta property=\"og:site_name\" content=\"Europe House\" \/>\n<meta property=\"article:publisher\" content=\"https:\/\/www.facebook.com\/evropska.kuca\" \/>\n<meta property=\"article:published_time\" content=\"2022-06-20T12:43:56+00:00\" \/>\n<meta property=\"og:image\" content=\"https:\/\/www.evropskakuca.me\/wp-content\/uploads\/2022\/07\/Sinjajevina-99.jpg\" \/>\n\t<meta property=\"og:image:width\" content=\"2000\" \/>\n\t<meta property=\"og:image:height\" content=\"1333\" \/>\n\t<meta property=\"og:image:type\" content=\"image\/jpeg\" \/>\n<meta name=\"author\" content=\"mkajic\" \/>\n<meta name=\"twitter:card\" content=\"summary_large_image\" \/>\n<meta name=\"twitter:creator\" content=\"@evropska_kuca\" \/>\n<meta name=\"twitter:site\" content=\"@evropska_kuca\" \/>\n<meta name=\"twitter:label1\" content=\"Written by\" \/>\n\t<meta name=\"twitter:data1\" content=\"mkajic\" \/>\n\t<meta name=\"twitter:label2\" content=\"Est. reading time\" \/>\n\t<meta name=\"twitter:data2\" content=\"3 minutes\" \/>\n<script type=\"application\/ld+json\" class=\"yoast-schema-graph\">{\"@context\":\"https:\\\/\\\/schema.org\",\"@graph\":[{\"@type\":\"Article\",\"@id\":\"https:\\\/\\\/www.evropskakuca.me\\\/me\\\/sacuvati-planinsku-ljepoticu\\\/#article\",\"isPartOf\":{\"@id\":\"https:\\\/\\\/www.evropskakuca.me\\\/me\\\/sacuvati-planinsku-ljepoticu\\\/\"},\"author\":{\"name\":\"mkajic\",\"@id\":\"https:\\\/\\\/www.evropskakuca.me\\\/me\\\/#\\\/schema\\\/person\\\/a1d0dcdaefe4a1cd1d60d200ea137ba4\"},\"headline\":\"Sa\u010duvati planinsku ljepoticu\",\"datePublished\":\"2022-06-20T12:43:56+00:00\",\"mainEntityOfPage\":{\"@id\":\"https:\\\/\\\/www.evropskakuca.me\\\/me\\\/sacuvati-planinsku-ljepoticu\\\/\"},\"wordCount\":739,\"publisher\":{\"@id\":\"https:\\\/\\\/www.evropskakuca.me\\\/me\\\/#organization\"},\"image\":{\"@id\":\"https:\\\/\\\/www.evropskakuca.me\\\/me\\\/sacuvati-planinsku-ljepoticu\\\/#primaryimage\"},\"thumbnailUrl\":\"https:\\\/\\\/www.evropskakuca.me\\\/wp-content\\\/uploads\\\/2022\\\/07\\\/Sinjajevina-99.jpg\",\"inLanguage\":\"me-ME\"},{\"@type\":\"WebPage\",\"@id\":\"https:\\\/\\\/www.evropskakuca.me\\\/me\\\/sacuvati-planinsku-ljepoticu\\\/\",\"url\":\"https:\\\/\\\/www.evropskakuca.me\\\/me\\\/sacuvati-planinsku-ljepoticu\\\/\",\"name\":\"Sa\u010duvati planinsku ljepoticu - Europe House\",\"isPartOf\":{\"@id\":\"https:\\\/\\\/www.evropskakuca.me\\\/me\\\/#website\"},\"primaryImageOfPage\":{\"@id\":\"https:\\\/\\\/www.evropskakuca.me\\\/me\\\/sacuvati-planinsku-ljepoticu\\\/#primaryimage\"},\"image\":{\"@id\":\"https:\\\/\\\/www.evropskakuca.me\\\/me\\\/sacuvati-planinsku-ljepoticu\\\/#primaryimage\"},\"thumbnailUrl\":\"https:\\\/\\\/www.evropskakuca.me\\\/wp-content\\\/uploads\\\/2022\\\/07\\\/Sinjajevina-99.jpg\",\"datePublished\":\"2022-06-20T12:43:56+00:00\",\"breadcrumb\":{\"@id\":\"https:\\\/\\\/www.evropskakuca.me\\\/me\\\/sacuvati-planinsku-ljepoticu\\\/#breadcrumb\"},\"inLanguage\":\"me-ME\",\"potentialAction\":[{\"@type\":\"ReadAction\",\"target\":[\"https:\\\/\\\/www.evropskakuca.me\\\/me\\\/sacuvati-planinsku-ljepoticu\\\/\"]}]},{\"@type\":\"ImageObject\",\"inLanguage\":\"me-ME\",\"@id\":\"https:\\\/\\\/www.evropskakuca.me\\\/me\\\/sacuvati-planinsku-ljepoticu\\\/#primaryimage\",\"url\":\"https:\\\/\\\/www.evropskakuca.me\\\/wp-content\\\/uploads\\\/2022\\\/07\\\/Sinjajevina-99.jpg\",\"contentUrl\":\"https:\\\/\\\/www.evropskakuca.me\\\/wp-content\\\/uploads\\\/2022\\\/07\\\/Sinjajevina-99.jpg\",\"width\":2000,\"height\":1333},{\"@type\":\"BreadcrumbList\",\"@id\":\"https:\\\/\\\/www.evropskakuca.me\\\/me\\\/sacuvati-planinsku-ljepoticu\\\/#breadcrumb\",\"itemListElement\":[{\"@type\":\"ListItem\",\"position\":1,\"name\":\"Home\",\"item\":\"https:\\\/\\\/www.evropskakuca.me\\\/me\\\/\"},{\"@type\":\"ListItem\",\"position\":2,\"name\":\"Sa\u010duvati planinsku ljepoticu\"}]},{\"@type\":\"WebSite\",\"@id\":\"https:\\\/\\\/www.evropskakuca.me\\\/me\\\/#website\",\"url\":\"https:\\\/\\\/www.evropskakuca.me\\\/me\\\/\",\"name\":\"Evropean house\",\"description\":\"\",\"publisher\":{\"@id\":\"https:\\\/\\\/www.evropskakuca.me\\\/me\\\/#organization\"},\"potentialAction\":[{\"@type\":\"SearchAction\",\"target\":{\"@type\":\"EntryPoint\",\"urlTemplate\":\"https:\\\/\\\/www.evropskakuca.me\\\/me\\\/?s={search_term_string}\"},\"query-input\":{\"@type\":\"PropertyValueSpecification\",\"valueRequired\":true,\"valueName\":\"search_term_string\"}}],\"inLanguage\":\"me-ME\"},{\"@type\":\"Organization\",\"@id\":\"https:\\\/\\\/www.evropskakuca.me\\\/me\\\/#organization\",\"name\":\"Evropean house\",\"url\":\"https:\\\/\\\/www.evropskakuca.me\\\/me\\\/\",\"logo\":{\"@type\":\"ImageObject\",\"inLanguage\":\"me-ME\",\"@id\":\"https:\\\/\\\/www.evropskakuca.me\\\/me\\\/#\\\/schema\\\/logo\\\/image\\\/\",\"url\":\"https:\\\/\\\/www.evropskakuca.me\\\/wp-content\\\/uploads\\\/2025\\\/01\\\/evropska-kuca-logo-1.png\",\"contentUrl\":\"https:\\\/\\\/www.evropskakuca.me\\\/wp-content\\\/uploads\\\/2025\\\/01\\\/evropska-kuca-logo-1.png\",\"width\":425,\"height\":312,\"caption\":\"Evropean house\"},\"image\":{\"@id\":\"https:\\\/\\\/www.evropskakuca.me\\\/me\\\/#\\\/schema\\\/logo\\\/image\\\/\"},\"sameAs\":[\"https:\\\/\\\/www.facebook.com\\\/evropska.kuca\",\"https:\\\/\\\/x.com\\\/evropska_kuca\",\"https:\\\/\\\/www.instagram.com\\\/evropska_kuca\"]},{\"@type\":\"Person\",\"@id\":\"https:\\\/\\\/www.evropskakuca.me\\\/me\\\/#\\\/schema\\\/person\\\/a1d0dcdaefe4a1cd1d60d200ea137ba4\",\"name\":\"mkajic\",\"image\":{\"@type\":\"ImageObject\",\"inLanguage\":\"me-ME\",\"@id\":\"https:\\\/\\\/secure.gravatar.com\\\/avatar\\\/731fa035cefab7316e6bafd1f25a93fb731a07de14e2d9923f8db4422628eabc?s=96&d=mm&r=g\",\"url\":\"https:\\\/\\\/secure.gravatar.com\\\/avatar\\\/731fa035cefab7316e6bafd1f25a93fb731a07de14e2d9923f8db4422628eabc?s=96&d=mm&r=g\",\"contentUrl\":\"https:\\\/\\\/secure.gravatar.com\\\/avatar\\\/731fa035cefab7316e6bafd1f25a93fb731a07de14e2d9923f8db4422628eabc?s=96&d=mm&r=g\",\"caption\":\"mkajic\"},\"sameAs\":[\"https:\\\/\\\/evropskakuca.me\"],\"url\":\"https:\\\/\\\/www.evropskakuca.me\\\/me\\\/author\\\/mkajic\\\/\"}]}<\/script>\n<!-- \/ Yoast SEO plugin. -->","yoast_head_json":{"title":"Sa\u010duvati planinsku ljepoticu - Europe House","robots":{"index":"index","follow":"follow","max-snippet":"max-snippet:-1","max-image-preview":"max-image-preview:large","max-video-preview":"max-video-preview:-1"},"canonical":"https:\/\/www.evropskakuca.me\/me\/sacuvati-planinsku-ljepoticu\/","og_locale":"en_US","og_type":"article","og_title":"Sa\u010duvati planinsku ljepoticu - Europe House","og_description":"Evropska ku\u0107a i i projekat \u201cIRIS \u2013 Nadahnjuju\u0107e ruralno naslje\u0111e: Odr\u017eive prakse za\u0161tite i o\u010duvanja planinskih pejza\u017ea i sje\u0107anja\u201d, uz podr\u0161ku organizacije \u201cSa\u010duvajmo Sinjajevinu\u201d i stanovnika planine, organizovali su na podgori\u010dkom trgu Argentina Dan Sinjajevine. Bila je to prilika da se sa predstavnicima lokalnih samouprava koje gravitiraju Sinjajevini promovi\u0161u prirodne i kulturne vrijednosti i zna\u010daj [&hellip;]","og_url":"https:\/\/www.evropskakuca.me\/me\/sacuvati-planinsku-ljepoticu\/","og_site_name":"Europe House","article_publisher":"https:\/\/www.facebook.com\/evropska.kuca","article_published_time":"2022-06-20T12:43:56+00:00","og_image":[{"width":2000,"height":1333,"url":"https:\/\/www.evropskakuca.me\/wp-content\/uploads\/2022\/07\/Sinjajevina-99.jpg","type":"image\/jpeg"}],"author":"mkajic","twitter_card":"summary_large_image","twitter_creator":"@evropska_kuca","twitter_site":"@evropska_kuca","twitter_misc":{"Written by":"mkajic","Est. reading time":"3 minutes"},"schema":{"@context":"https:\/\/schema.org","@graph":[{"@type":"Article","@id":"https:\/\/www.evropskakuca.me\/me\/sacuvati-planinsku-ljepoticu\/#article","isPartOf":{"@id":"https:\/\/www.evropskakuca.me\/me\/sacuvati-planinsku-ljepoticu\/"},"author":{"name":"mkajic","@id":"https:\/\/www.evropskakuca.me\/me\/#\/schema\/person\/a1d0dcdaefe4a1cd1d60d200ea137ba4"},"headline":"Sa\u010duvati planinsku ljepoticu","datePublished":"2022-06-20T12:43:56+00:00","mainEntityOfPage":{"@id":"https:\/\/www.evropskakuca.me\/me\/sacuvati-planinsku-ljepoticu\/"},"wordCount":739,"publisher":{"@id":"https:\/\/www.evropskakuca.me\/me\/#organization"},"image":{"@id":"https:\/\/www.evropskakuca.me\/me\/sacuvati-planinsku-ljepoticu\/#primaryimage"},"thumbnailUrl":"https:\/\/www.evropskakuca.me\/wp-content\/uploads\/2022\/07\/Sinjajevina-99.jpg","inLanguage":"me-ME"},{"@type":"WebPage","@id":"https:\/\/www.evropskakuca.me\/me\/sacuvati-planinsku-ljepoticu\/","url":"https:\/\/www.evropskakuca.me\/me\/sacuvati-planinsku-ljepoticu\/","name":"Sa\u010duvati planinsku ljepoticu - Europe House","isPartOf":{"@id":"https:\/\/www.evropskakuca.me\/me\/#website"},"primaryImageOfPage":{"@id":"https:\/\/www.evropskakuca.me\/me\/sacuvati-planinsku-ljepoticu\/#primaryimage"},"image":{"@id":"https:\/\/www.evropskakuca.me\/me\/sacuvati-planinsku-ljepoticu\/#primaryimage"},"thumbnailUrl":"https:\/\/www.evropskakuca.me\/wp-content\/uploads\/2022\/07\/Sinjajevina-99.jpg","datePublished":"2022-06-20T12:43:56+00:00","breadcrumb":{"@id":"https:\/\/www.evropskakuca.me\/me\/sacuvati-planinsku-ljepoticu\/#breadcrumb"},"inLanguage":"me-ME","potentialAction":[{"@type":"ReadAction","target":["https:\/\/www.evropskakuca.me\/me\/sacuvati-planinsku-ljepoticu\/"]}]},{"@type":"ImageObject","inLanguage":"me-ME","@id":"https:\/\/www.evropskakuca.me\/me\/sacuvati-planinsku-ljepoticu\/#primaryimage","url":"https:\/\/www.evropskakuca.me\/wp-content\/uploads\/2022\/07\/Sinjajevina-99.jpg","contentUrl":"https:\/\/www.evropskakuca.me\/wp-content\/uploads\/2022\/07\/Sinjajevina-99.jpg","width":2000,"height":1333},{"@type":"BreadcrumbList","@id":"https:\/\/www.evropskakuca.me\/me\/sacuvati-planinsku-ljepoticu\/#breadcrumb","itemListElement":[{"@type":"ListItem","position":1,"name":"Home","item":"https:\/\/www.evropskakuca.me\/me\/"},{"@type":"ListItem","position":2,"name":"Sa\u010duvati planinsku ljepoticu"}]},{"@type":"WebSite","@id":"https:\/\/www.evropskakuca.me\/me\/#website","url":"https:\/\/www.evropskakuca.me\/me\/","name":"Evropean house","description":"","publisher":{"@id":"https:\/\/www.evropskakuca.me\/me\/#organization"},"potentialAction":[{"@type":"SearchAction","target":{"@type":"EntryPoint","urlTemplate":"https:\/\/www.evropskakuca.me\/me\/?s={search_term_string}"},"query-input":{"@type":"PropertyValueSpecification","valueRequired":true,"valueName":"search_term_string"}}],"inLanguage":"me-ME"},{"@type":"Organization","@id":"https:\/\/www.evropskakuca.me\/me\/#organization","name":"Evropean house","url":"https:\/\/www.evropskakuca.me\/me\/","logo":{"@type":"ImageObject","inLanguage":"me-ME","@id":"https:\/\/www.evropskakuca.me\/me\/#\/schema\/logo\/image\/","url":"https:\/\/www.evropskakuca.me\/wp-content\/uploads\/2025\/01\/evropska-kuca-logo-1.png","contentUrl":"https:\/\/www.evropskakuca.me\/wp-content\/uploads\/2025\/01\/evropska-kuca-logo-1.png","width":425,"height":312,"caption":"Evropean house"},"image":{"@id":"https:\/\/www.evropskakuca.me\/me\/#\/schema\/logo\/image\/"},"sameAs":["https:\/\/www.facebook.com\/evropska.kuca","https:\/\/x.com\/evropska_kuca","https:\/\/www.instagram.com\/evropska_kuca"]},{"@type":"Person","@id":"https:\/\/www.evropskakuca.me\/me\/#\/schema\/person\/a1d0dcdaefe4a1cd1d60d200ea137ba4","name":"mkajic","image":{"@type":"ImageObject","inLanguage":"me-ME","@id":"https:\/\/secure.gravatar.com\/avatar\/731fa035cefab7316e6bafd1f25a93fb731a07de14e2d9923f8db4422628eabc?s=96&d=mm&r=g","url":"https:\/\/secure.gravatar.com\/avatar\/731fa035cefab7316e6bafd1f25a93fb731a07de14e2d9923f8db4422628eabc?s=96&d=mm&r=g","contentUrl":"https:\/\/secure.gravatar.com\/avatar\/731fa035cefab7316e6bafd1f25a93fb731a07de14e2d9923f8db4422628eabc?s=96&d=mm&r=g","caption":"mkajic"},"sameAs":["https:\/\/evropskakuca.me"],"url":"https:\/\/www.evropskakuca.me\/me\/author\/mkajic\/"}]}},"_links":{"self":[{"href":"https:\/\/www.evropskakuca.me\/me\/wp-json\/wp\/v2\/posts\/22980","targetHints":{"allow":["GET"]}}],"collection":[{"href":"https:\/\/www.evropskakuca.me\/me\/wp-json\/wp\/v2\/posts"}],"about":[{"href":"https:\/\/www.evropskakuca.me\/me\/wp-json\/wp\/v2\/types\/post"}],"author":[{"embeddable":true,"href":"https:\/\/www.evropskakuca.me\/me\/wp-json\/wp\/v2\/users\/1"}],"replies":[{"embeddable":true,"href":"https:\/\/www.evropskakuca.me\/me\/wp-json\/wp\/v2\/comments?post=22980"}],"version-history":[{"count":0,"href":"https:\/\/www.evropskakuca.me\/me\/wp-json\/wp\/v2\/posts\/22980\/revisions"}],"wp:featuredmedia":[{"embeddable":true,"href":"https:\/\/www.evropskakuca.me\/me\/wp-json\/wp\/v2\/media\/38355"}],"wp:attachment":[{"href":"https:\/\/www.evropskakuca.me\/me\/wp-json\/wp\/v2\/media?parent=22980"}],"wp:term":[{"taxonomy":"category","embeddable":true,"href":"https:\/\/www.evropskakuca.me\/me\/wp-json\/wp\/v2\/categories?post=22980"},{"taxonomy":"post_tag","embeddable":true,"href":"https:\/\/www.evropskakuca.me\/me\/wp-json\/wp\/v2\/tags?post=22980"}],"curies":[{"name":"wp","href":"https:\/\/api.w.org\/{rel}","templated":true}]}}