{"id":2297,"date":"2016-11-01T07:07:36","date_gmt":"2016-11-01T07:07:36","guid":{"rendered":"http:\/\/www.evropskakuca.me\/me\/awareness-campaigns-save-lives\/"},"modified":"2016-11-01T07:07:36","modified_gmt":"2016-11-01T07:07:36","slug":"awareness-campaigns-save-lives-2","status":"publish","type":"post","link":"https:\/\/www.evropskakuca.me\/me\/awareness-campaigns-save-lives-2\/","title":{"rendered":"Kad kampanje za podizanje svijesti zaista spa\u0161avaju \u017eivote"},"content":{"rendered":"<p><em>Rajka Stevovi\u0107 iz Nik\u0161i\u0107a je pobijedila rak dojke. Ona je jedna od oko 300 \u017eena u Crnoj Gori kod kojih se ova bolest dijagnostifikuje svake godine. Na\u017ealost, bitku sa tom bole\u0161\u0107u svake godine izgubi 80 \u017eena. <\/em><\/p>\n<p><em>Rajka nije imala nikakvih ranih simptoma. Oti\u0161la je s prijateljicom na preventivni pregled koji je organizovan u okviru kampanje za podizanje svijesti o ovoj bolesti u Nik\u0161i\u0107u uz podr\u0161ku Evropske unije. Kasnije se pokazalo da joj je ovaj pregled spasio \u017eivot.<\/em><\/p>\n<p>&nbsp;<\/p>\n<p>Rak dojke je naj\u010de\u0161\u0107i oblik te bolesti kod \u017eena u svijetu. Svake godine u Crnoj Gori otkrije se oko 300 novih slu\u010dajeva, a posljednjih godina, rak dojke odnese 80 \u017eivota godi\u0161nje, iako je izlje\u010div u skoro 90 odsto slu\u010dajeva, ako se otkrije na vrijeme. Tu kampanje za podizanje svijesti o zna\u010daju preventivnih pregleda imaju klju\u010dnu ulogu.<\/p>\n<p>Rajka Stevovi\u0107 iz Nik\u0161i\u0107a, koja je pobijedila ovu bolest, to potvr\u0111uje. \u201cSre\u0107om, bolest je otkrivena u ranoj fazi i na vrijeme, i operacija koja je uslijedila je dovela do izle\u010denja. U mom slu\u010daju, preventivni pregled mi je spasio \u017eivot. Preventivni pregledi su ne\u0161to \u0161to svaka \u017eena jednostavno mora da obavlja.\u201d<\/p>\n<p>Rajka mo\u017eda ne bi ni oti\u0161la na pregled da nije \u010dula za organizovane preglede u okviru kampanje o prevenciji i ranom otkrivanju raka dojke i grli\u0107a materice koju je finansirala EU. \u201cKao i svaka \u017eena koja pre\u0111e 40 godina, i ja sam razmi\u0161ljala da bi trebalo obaviti preventivni pregled dojke. Me\u0111utim, neki neobja\u0161njivi razlozi, poput razli\u010ditih privatnih obaveza, nedostatka vremena i sl. su to uporno odlagali, sve do ovog projekta i akcije koju je pokrenuo FORS, u okviru koje smo prijateljica i ja dobile pozivnice za preventivni pregled dojke. Prijateljica me je nagovorila da iskoristimo tu mogu\u0107nost. Na pregledu mi je otkriven karcinom dojke, a nisam imala nikakve bolove, niti bilo koje duge simptome\u201d, ka\u017ee Rajka.<\/p>\n<p>Pregledi su organizovani u okviru projekta PARHS \u2013 Prevetivne akcije u sektoru reproduktivnog zdravlja, koji je EU finansirala sa skoro \u20ac200 hiljada tokom 2013. i 2014. godine. Svetlana Mijanovi\u0107, ginekolo\u0161kinja u Domu zdravlja Nik\u0161i\u0107 ka\u017ee da je projekat imao zna\u010dajan uticaj na ciljne grupe i tu samu instituciju.<\/p>\n<p>\u201cSve projektne aktivnosti su bile korisne i efektivne, ali ja bih naglasila aktivnost organizovanja zakazanih pregleda za \u017eene, koja je rezultirala otkrivanjem nekoliko premalignih stadijuma bolesti kod vi\u0161e pacijentkinja koje su do\u0161le u Dom zdravlja kroz realizaciju upravo ove aktivnosti. Pacijentkinje su zatim podvrgnute operativnoj terapiji i potpuno izlije\u010dene. Po mom mi\u0161ljenju ovakve kampanje zaista spasavaju \u017eivote\u201d, ka\u017ee Mijanovi\u0107.<\/p>\n<p><a href=\"http:\/\/www.evropskakuca.me\/wp-content\/uploads\/2016\/11\/222.jpg\"><img fetchpriority=\"high\" decoding=\"async\" class=\"alignleft size-medium wp-image-2295\" src=\"http:\/\/www.evropskakuca.me\/wp-content\/uploads\/2016\/11\/222-255x300.jpg\" alt=\"222\" width=\"255\" height=\"300\" \/><\/a>Pored kampanje za podizanje svijesti, i organizovanih preventivnih pregleda u Nik\u0161i\u0107u, Beranama i Pljevljima, kroz ovaj projekat EU unaprijedila je i kapacitete lokalnih zdrvstvenih ustanova.<\/p>\n<p>\u201cZa Dom zdravlja Nik\u0161i\u0107 je u\u010de\u0161\u0107e u ovom projektu bilo veoma zna\u010dajno. Nabavljena je vrijedna oprema, a ljekari i medicinski tehni\u010dari su poha\u0111ali korisne treninge i obuke vezane za prevenciju, dijagnozu i lije\u010denje karcinoma grli\u0107a materice\u201d, ka\u017ee direktor JZU Dom zdravlja Nik\u0161i\u0107, Veselin Bulatovi\u0107.<\/p>\n<p>Jo\u0161 jedna komponenta projekta \u2013 prekograni\u010dna saradnja sa op\u0161tinama Ra\u0161ka i Novi Pazar, prema ocjeni Bulatovi\u0107a, dovela je do unapre\u0111enja komunikacije sa kolegama iz Srbije, razmjene iskustava i najboljih praksi, \u0161to je od velikog zna\u010daja za njihov rad.<\/p>\n<p>Razmjena informacija, a jo\u0161 vi\u0161e njihova diseminacija \u017eenama u Crnoj Gori, koje, prema rije\u010dima doktora, i dalje znaju da idu kod doktora tek onda kad bolest uznapreduje, ostaje prioritet ne samo u Crnoj Gori. Ve\u0107 godinama se \u0161irom svijeta sprovode kampanje za borbu protiv raka dojke u oktobru, po kojima je ovaj mjesec poznat kao ru\u017ei\u010dasti, zbog boje vrpce koju nose podr\u017eavaoci i promoteri ove inicijative. Taj mjesec poslu\u017eio je odli\u010dno kampanji, ali, za preventivne preglede, ne mora se \u010dekati do oktobra!<\/p>\n<p>&nbsp;<\/p>\n<p><em>Sadr\u017eaj ovog \u010dlanka je isklju\u010diva odgovornost EU Info Centra i ni na koji na\u010din ne odra\u017eava stavove Evropske unije.<\/em><\/p>\n","protected":false},"excerpt":{"rendered":"<p>Rajka Stevovi\u0107 iz Nik\u0161i\u0107a je pobijedila rak dojke. Ona je jedna od oko 300 \u017eena u Crnoj Gori kod kojih se ova bolest dijagnostifikuje svake godine. Na\u017ealost, bitku sa tom bole\u0161\u0107u svake godine izgubi 80 \u017eena. <\/p>\n","protected":false},"author":1,"featured_media":32090,"comment_status":"closed","ping_status":"closed","sticky":false,"template":"","format":"standard","meta":{"_acf_changed":false,"footnotes":""},"categories":[],"tags":[],"class_list":["post-2297","post","type-post","status-publish","format-standard","has-post-thumbnail","hentry"],"acf":[],"yoast_head":"<!-- This site is optimized with the Yoast SEO plugin v27.3 - https:\/\/yoast.com\/product\/yoast-seo-wordpress\/ -->\n<title>Kad kampanje za podizanje svijesti zaista spa\u0161avaju \u017eivote - Europe House<\/title>\n<meta name=\"robots\" content=\"index, follow, max-snippet:-1, max-image-preview:large, max-video-preview:-1\" \/>\n<link rel=\"canonical\" href=\"https:\/\/www.evropskakuca.me\/me\/awareness-campaigns-save-lives-2\/\" \/>\n<meta property=\"og:locale\" content=\"en_US\" \/>\n<meta property=\"og:type\" content=\"article\" \/>\n<meta property=\"og:title\" content=\"Kad kampanje za podizanje svijesti zaista spa\u0161avaju \u017eivote - Europe House\" \/>\n<meta property=\"og:description\" content=\"Rajka Stevovi\u0107 iz Nik\u0161i\u0107a je pobijedila rak dojke. Ona je jedna od oko 300 \u017eena u Crnoj Gori kod kojih se ova bolest dijagnostifikuje svake godine. Na\u017ealost, bitku sa tom bole\u0161\u0107u svake godine izgubi 80 \u017eena.\" \/>\n<meta property=\"og:url\" content=\"https:\/\/www.evropskakuca.me\/me\/awareness-campaigns-save-lives-2\/\" \/>\n<meta property=\"og:site_name\" content=\"Europe House\" \/>\n<meta property=\"article:publisher\" content=\"https:\/\/www.facebook.com\/evropska.kuca\" \/>\n<meta property=\"article:published_time\" content=\"2016-11-01T07:07:36+00:00\" \/>\n<meta property=\"og:image\" content=\"https:\/\/www.evropskakuca.me\/wp-content\/uploads\/2016\/11\/111.jpg\" \/>\n\t<meta property=\"og:image:width\" content=\"800\" \/>\n\t<meta property=\"og:image:height\" content=\"600\" \/>\n\t<meta property=\"og:image:type\" content=\"image\/jpeg\" \/>\n<meta name=\"author\" content=\"mkajic\" \/>\n<meta name=\"twitter:card\" content=\"summary_large_image\" \/>\n<meta name=\"twitter:creator\" content=\"@evropska_kuca\" \/>\n<meta name=\"twitter:site\" content=\"@evropska_kuca\" \/>\n<meta name=\"twitter:label1\" content=\"Written by\" \/>\n\t<meta name=\"twitter:data1\" content=\"mkajic\" \/>\n\t<meta name=\"twitter:label2\" content=\"Est. reading time\" \/>\n\t<meta name=\"twitter:data2\" content=\"3 minutes\" \/>\n<script type=\"application\/ld+json\" class=\"yoast-schema-graph\">{\"@context\":\"https:\\\/\\\/schema.org\",\"@graph\":[{\"@type\":\"Article\",\"@id\":\"https:\\\/\\\/www.evropskakuca.me\\\/me\\\/awareness-campaigns-save-lives-2\\\/#article\",\"isPartOf\":{\"@id\":\"https:\\\/\\\/www.evropskakuca.me\\\/me\\\/awareness-campaigns-save-lives-2\\\/\"},\"author\":{\"name\":\"mkajic\",\"@id\":\"https:\\\/\\\/www.evropskakuca.me\\\/me\\\/#\\\/schema\\\/person\\\/a1d0dcdaefe4a1cd1d60d200ea137ba4\"},\"headline\":\"Kad kampanje za podizanje svijesti zaista spa\u0161avaju \u017eivote\",\"datePublished\":\"2016-11-01T07:07:36+00:00\",\"mainEntityOfPage\":{\"@id\":\"https:\\\/\\\/www.evropskakuca.me\\\/me\\\/awareness-campaigns-save-lives-2\\\/\"},\"wordCount\":685,\"publisher\":{\"@id\":\"https:\\\/\\\/www.evropskakuca.me\\\/me\\\/#organization\"},\"image\":{\"@id\":\"https:\\\/\\\/www.evropskakuca.me\\\/me\\\/awareness-campaigns-save-lives-2\\\/#primaryimage\"},\"thumbnailUrl\":\"https:\\\/\\\/www.evropskakuca.me\\\/wp-content\\\/uploads\\\/2016\\\/11\\\/111.jpg\",\"inLanguage\":\"me-ME\"},{\"@type\":\"WebPage\",\"@id\":\"https:\\\/\\\/www.evropskakuca.me\\\/me\\\/awareness-campaigns-save-lives-2\\\/\",\"url\":\"https:\\\/\\\/www.evropskakuca.me\\\/me\\\/awareness-campaigns-save-lives-2\\\/\",\"name\":\"Kad kampanje za podizanje svijesti zaista spa\u0161avaju \u017eivote - Europe House\",\"isPartOf\":{\"@id\":\"https:\\\/\\\/www.evropskakuca.me\\\/me\\\/#website\"},\"primaryImageOfPage\":{\"@id\":\"https:\\\/\\\/www.evropskakuca.me\\\/me\\\/awareness-campaigns-save-lives-2\\\/#primaryimage\"},\"image\":{\"@id\":\"https:\\\/\\\/www.evropskakuca.me\\\/me\\\/awareness-campaigns-save-lives-2\\\/#primaryimage\"},\"thumbnailUrl\":\"https:\\\/\\\/www.evropskakuca.me\\\/wp-content\\\/uploads\\\/2016\\\/11\\\/111.jpg\",\"datePublished\":\"2016-11-01T07:07:36+00:00\",\"breadcrumb\":{\"@id\":\"https:\\\/\\\/www.evropskakuca.me\\\/me\\\/awareness-campaigns-save-lives-2\\\/#breadcrumb\"},\"inLanguage\":\"me-ME\",\"potentialAction\":[{\"@type\":\"ReadAction\",\"target\":[\"https:\\\/\\\/www.evropskakuca.me\\\/me\\\/awareness-campaigns-save-lives-2\\\/\"]}]},{\"@type\":\"ImageObject\",\"inLanguage\":\"me-ME\",\"@id\":\"https:\\\/\\\/www.evropskakuca.me\\\/me\\\/awareness-campaigns-save-lives-2\\\/#primaryimage\",\"url\":\"https:\\\/\\\/www.evropskakuca.me\\\/wp-content\\\/uploads\\\/2016\\\/11\\\/111.jpg\",\"contentUrl\":\"https:\\\/\\\/www.evropskakuca.me\\\/wp-content\\\/uploads\\\/2016\\\/11\\\/111.jpg\",\"width\":800,\"height\":600},{\"@type\":\"BreadcrumbList\",\"@id\":\"https:\\\/\\\/www.evropskakuca.me\\\/me\\\/awareness-campaigns-save-lives-2\\\/#breadcrumb\",\"itemListElement\":[{\"@type\":\"ListItem\",\"position\":1,\"name\":\"Home\",\"item\":\"https:\\\/\\\/www.evropskakuca.me\\\/me\\\/\"},{\"@type\":\"ListItem\",\"position\":2,\"name\":\"Kad kampanje za podizanje svijesti zaista spa\u0161avaju \u017eivote\"}]},{\"@type\":\"WebSite\",\"@id\":\"https:\\\/\\\/www.evropskakuca.me\\\/me\\\/#website\",\"url\":\"https:\\\/\\\/www.evropskakuca.me\\\/me\\\/\",\"name\":\"Evropean house\",\"description\":\"\",\"publisher\":{\"@id\":\"https:\\\/\\\/www.evropskakuca.me\\\/me\\\/#organization\"},\"potentialAction\":[{\"@type\":\"SearchAction\",\"target\":{\"@type\":\"EntryPoint\",\"urlTemplate\":\"https:\\\/\\\/www.evropskakuca.me\\\/me\\\/?s={search_term_string}\"},\"query-input\":{\"@type\":\"PropertyValueSpecification\",\"valueRequired\":true,\"valueName\":\"search_term_string\"}}],\"inLanguage\":\"me-ME\"},{\"@type\":\"Organization\",\"@id\":\"https:\\\/\\\/www.evropskakuca.me\\\/me\\\/#organization\",\"name\":\"Evropean house\",\"url\":\"https:\\\/\\\/www.evropskakuca.me\\\/me\\\/\",\"logo\":{\"@type\":\"ImageObject\",\"inLanguage\":\"me-ME\",\"@id\":\"https:\\\/\\\/www.evropskakuca.me\\\/me\\\/#\\\/schema\\\/logo\\\/image\\\/\",\"url\":\"https:\\\/\\\/www.evropskakuca.me\\\/wp-content\\\/uploads\\\/2025\\\/01\\\/evropska-kuca-logo-1.png\",\"contentUrl\":\"https:\\\/\\\/www.evropskakuca.me\\\/wp-content\\\/uploads\\\/2025\\\/01\\\/evropska-kuca-logo-1.png\",\"width\":425,\"height\":312,\"caption\":\"Evropean house\"},\"image\":{\"@id\":\"https:\\\/\\\/www.evropskakuca.me\\\/me\\\/#\\\/schema\\\/logo\\\/image\\\/\"},\"sameAs\":[\"https:\\\/\\\/www.facebook.com\\\/evropska.kuca\",\"https:\\\/\\\/x.com\\\/evropska_kuca\",\"https:\\\/\\\/www.instagram.com\\\/evropska_kuca\"]},{\"@type\":\"Person\",\"@id\":\"https:\\\/\\\/www.evropskakuca.me\\\/me\\\/#\\\/schema\\\/person\\\/a1d0dcdaefe4a1cd1d60d200ea137ba4\",\"name\":\"mkajic\",\"image\":{\"@type\":\"ImageObject\",\"inLanguage\":\"me-ME\",\"@id\":\"https:\\\/\\\/secure.gravatar.com\\\/avatar\\\/731fa035cefab7316e6bafd1f25a93fb731a07de14e2d9923f8db4422628eabc?s=96&d=mm&r=g\",\"url\":\"https:\\\/\\\/secure.gravatar.com\\\/avatar\\\/731fa035cefab7316e6bafd1f25a93fb731a07de14e2d9923f8db4422628eabc?s=96&d=mm&r=g\",\"contentUrl\":\"https:\\\/\\\/secure.gravatar.com\\\/avatar\\\/731fa035cefab7316e6bafd1f25a93fb731a07de14e2d9923f8db4422628eabc?s=96&d=mm&r=g\",\"caption\":\"mkajic\"},\"sameAs\":[\"https:\\\/\\\/evropskakuca.me\"],\"url\":\"https:\\\/\\\/www.evropskakuca.me\\\/me\\\/author\\\/mkajic\\\/\"}]}<\/script>\n<!-- \/ Yoast SEO plugin. -->","yoast_head_json":{"title":"Kad kampanje za podizanje svijesti zaista spa\u0161avaju \u017eivote - Europe House","robots":{"index":"index","follow":"follow","max-snippet":"max-snippet:-1","max-image-preview":"max-image-preview:large","max-video-preview":"max-video-preview:-1"},"canonical":"https:\/\/www.evropskakuca.me\/me\/awareness-campaigns-save-lives-2\/","og_locale":"en_US","og_type":"article","og_title":"Kad kampanje za podizanje svijesti zaista spa\u0161avaju \u017eivote - Europe House","og_description":"Rajka Stevovi\u0107 iz Nik\u0161i\u0107a je pobijedila rak dojke. Ona je jedna od oko 300 \u017eena u Crnoj Gori kod kojih se ova bolest dijagnostifikuje svake godine. Na\u017ealost, bitku sa tom bole\u0161\u0107u svake godine izgubi 80 \u017eena.","og_url":"https:\/\/www.evropskakuca.me\/me\/awareness-campaigns-save-lives-2\/","og_site_name":"Europe House","article_publisher":"https:\/\/www.facebook.com\/evropska.kuca","article_published_time":"2016-11-01T07:07:36+00:00","og_image":[{"width":800,"height":600,"url":"https:\/\/www.evropskakuca.me\/wp-content\/uploads\/2016\/11\/111.jpg","type":"image\/jpeg"}],"author":"mkajic","twitter_card":"summary_large_image","twitter_creator":"@evropska_kuca","twitter_site":"@evropska_kuca","twitter_misc":{"Written by":"mkajic","Est. reading time":"3 minutes"},"schema":{"@context":"https:\/\/schema.org","@graph":[{"@type":"Article","@id":"https:\/\/www.evropskakuca.me\/me\/awareness-campaigns-save-lives-2\/#article","isPartOf":{"@id":"https:\/\/www.evropskakuca.me\/me\/awareness-campaigns-save-lives-2\/"},"author":{"name":"mkajic","@id":"https:\/\/www.evropskakuca.me\/me\/#\/schema\/person\/a1d0dcdaefe4a1cd1d60d200ea137ba4"},"headline":"Kad kampanje za podizanje svijesti zaista spa\u0161avaju \u017eivote","datePublished":"2016-11-01T07:07:36+00:00","mainEntityOfPage":{"@id":"https:\/\/www.evropskakuca.me\/me\/awareness-campaigns-save-lives-2\/"},"wordCount":685,"publisher":{"@id":"https:\/\/www.evropskakuca.me\/me\/#organization"},"image":{"@id":"https:\/\/www.evropskakuca.me\/me\/awareness-campaigns-save-lives-2\/#primaryimage"},"thumbnailUrl":"https:\/\/www.evropskakuca.me\/wp-content\/uploads\/2016\/11\/111.jpg","inLanguage":"me-ME"},{"@type":"WebPage","@id":"https:\/\/www.evropskakuca.me\/me\/awareness-campaigns-save-lives-2\/","url":"https:\/\/www.evropskakuca.me\/me\/awareness-campaigns-save-lives-2\/","name":"Kad kampanje za podizanje svijesti zaista spa\u0161avaju \u017eivote - Europe House","isPartOf":{"@id":"https:\/\/www.evropskakuca.me\/me\/#website"},"primaryImageOfPage":{"@id":"https:\/\/www.evropskakuca.me\/me\/awareness-campaigns-save-lives-2\/#primaryimage"},"image":{"@id":"https:\/\/www.evropskakuca.me\/me\/awareness-campaigns-save-lives-2\/#primaryimage"},"thumbnailUrl":"https:\/\/www.evropskakuca.me\/wp-content\/uploads\/2016\/11\/111.jpg","datePublished":"2016-11-01T07:07:36+00:00","breadcrumb":{"@id":"https:\/\/www.evropskakuca.me\/me\/awareness-campaigns-save-lives-2\/#breadcrumb"},"inLanguage":"me-ME","potentialAction":[{"@type":"ReadAction","target":["https:\/\/www.evropskakuca.me\/me\/awareness-campaigns-save-lives-2\/"]}]},{"@type":"ImageObject","inLanguage":"me-ME","@id":"https:\/\/www.evropskakuca.me\/me\/awareness-campaigns-save-lives-2\/#primaryimage","url":"https:\/\/www.evropskakuca.me\/wp-content\/uploads\/2016\/11\/111.jpg","contentUrl":"https:\/\/www.evropskakuca.me\/wp-content\/uploads\/2016\/11\/111.jpg","width":800,"height":600},{"@type":"BreadcrumbList","@id":"https:\/\/www.evropskakuca.me\/me\/awareness-campaigns-save-lives-2\/#breadcrumb","itemListElement":[{"@type":"ListItem","position":1,"name":"Home","item":"https:\/\/www.evropskakuca.me\/me\/"},{"@type":"ListItem","position":2,"name":"Kad kampanje za podizanje svijesti zaista spa\u0161avaju \u017eivote"}]},{"@type":"WebSite","@id":"https:\/\/www.evropskakuca.me\/me\/#website","url":"https:\/\/www.evropskakuca.me\/me\/","name":"Evropean house","description":"","publisher":{"@id":"https:\/\/www.evropskakuca.me\/me\/#organization"},"potentialAction":[{"@type":"SearchAction","target":{"@type":"EntryPoint","urlTemplate":"https:\/\/www.evropskakuca.me\/me\/?s={search_term_string}"},"query-input":{"@type":"PropertyValueSpecification","valueRequired":true,"valueName":"search_term_string"}}],"inLanguage":"me-ME"},{"@type":"Organization","@id":"https:\/\/www.evropskakuca.me\/me\/#organization","name":"Evropean house","url":"https:\/\/www.evropskakuca.me\/me\/","logo":{"@type":"ImageObject","inLanguage":"me-ME","@id":"https:\/\/www.evropskakuca.me\/me\/#\/schema\/logo\/image\/","url":"https:\/\/www.evropskakuca.me\/wp-content\/uploads\/2025\/01\/evropska-kuca-logo-1.png","contentUrl":"https:\/\/www.evropskakuca.me\/wp-content\/uploads\/2025\/01\/evropska-kuca-logo-1.png","width":425,"height":312,"caption":"Evropean house"},"image":{"@id":"https:\/\/www.evropskakuca.me\/me\/#\/schema\/logo\/image\/"},"sameAs":["https:\/\/www.facebook.com\/evropska.kuca","https:\/\/x.com\/evropska_kuca","https:\/\/www.instagram.com\/evropska_kuca"]},{"@type":"Person","@id":"https:\/\/www.evropskakuca.me\/me\/#\/schema\/person\/a1d0dcdaefe4a1cd1d60d200ea137ba4","name":"mkajic","image":{"@type":"ImageObject","inLanguage":"me-ME","@id":"https:\/\/secure.gravatar.com\/avatar\/731fa035cefab7316e6bafd1f25a93fb731a07de14e2d9923f8db4422628eabc?s=96&d=mm&r=g","url":"https:\/\/secure.gravatar.com\/avatar\/731fa035cefab7316e6bafd1f25a93fb731a07de14e2d9923f8db4422628eabc?s=96&d=mm&r=g","contentUrl":"https:\/\/secure.gravatar.com\/avatar\/731fa035cefab7316e6bafd1f25a93fb731a07de14e2d9923f8db4422628eabc?s=96&d=mm&r=g","caption":"mkajic"},"sameAs":["https:\/\/evropskakuca.me"],"url":"https:\/\/www.evropskakuca.me\/me\/author\/mkajic\/"}]}},"_links":{"self":[{"href":"https:\/\/www.evropskakuca.me\/me\/wp-json\/wp\/v2\/posts\/2297","targetHints":{"allow":["GET"]}}],"collection":[{"href":"https:\/\/www.evropskakuca.me\/me\/wp-json\/wp\/v2\/posts"}],"about":[{"href":"https:\/\/www.evropskakuca.me\/me\/wp-json\/wp\/v2\/types\/post"}],"author":[{"embeddable":true,"href":"https:\/\/www.evropskakuca.me\/me\/wp-json\/wp\/v2\/users\/1"}],"replies":[{"embeddable":true,"href":"https:\/\/www.evropskakuca.me\/me\/wp-json\/wp\/v2\/comments?post=2297"}],"version-history":[{"count":0,"href":"https:\/\/www.evropskakuca.me\/me\/wp-json\/wp\/v2\/posts\/2297\/revisions"}],"wp:featuredmedia":[{"embeddable":true,"href":"https:\/\/www.evropskakuca.me\/me\/wp-json\/wp\/v2\/media\/32090"}],"wp:attachment":[{"href":"https:\/\/www.evropskakuca.me\/me\/wp-json\/wp\/v2\/media?parent=2297"}],"wp:term":[{"taxonomy":"category","embeddable":true,"href":"https:\/\/www.evropskakuca.me\/me\/wp-json\/wp\/v2\/categories?post=2297"},{"taxonomy":"post_tag","embeddable":true,"href":"https:\/\/www.evropskakuca.me\/me\/wp-json\/wp\/v2\/tags?post=2297"}],"curies":[{"name":"wp","href":"https:\/\/api.w.org\/{rel}","templated":true}]}}