{"id":22925,"date":"2022-05-26T13:17:49","date_gmt":"2022-05-26T13:17:49","guid":{"rendered":"https:\/\/evropskakuca.me\/?p=22925"},"modified":"2022-05-26T13:17:49","modified_gmt":"2022-05-26T13:17:49","slug":"otvorena-evropska-kuca-u-podgorici","status":"publish","type":"post","link":"https:\/\/www.evropskakuca.me\/me\/otvorena-evropska-kuca-u-podgorici\/","title":{"rendered":"Otvorena Evropska ku\u0107a u Podgorici"},"content":{"rendered":"<p class=\"v1MsoNormal\"><span lang=\"SR-LATN-ME\">U Podgorici je sve\u010dano otvorena Evropska ku\u0107a, nekada\u0161nji EU info centar, koji je renoviran, modernizovan i prilago\u0111en novim potrebama \u0161ire zajednice, koja je posve\u0107ena promociji Evropske unije u Crnoj Gori. Sve\u010danu vrpcu presjekli su amabasdorka Evropske unije Oana Kristina Popa, predsjedavaju\u0107i Odbora za vanjske poslove Evropskog parlamenta Dejvid Mekalister i potpredsjednica Vlade i ministarka evropskih poslova Jovana Marovi\u0107.<\/span><\/p>\n<p class=\"v1MsoNormal\"><span lang=\"SR-LATN-ME\">Popa je u svom obra\u0107anju podsjetila da je EU info centar otvoren 2014. godine, od kada je u njemu organizovano na stotine doga\u0111aja, koji su okupili na hiljade ljudi iz razli\u010ditih oblasti dru\u0161tva.<\/span><\/p>\n<p class=\"v1MsoNormal\"><span lang=\"SR-LATN-ME\">\u201eBilo je to mjesto gdje se upoznaju Evropska unija, njene inicijative, politike i projekti. Ali, vremena su se promijenila. Pola\u017eemo velike nade u ovu ku\u0107u. \u017delimo da ona postane novo mjesto za inspirativne ideje, inovativno razmi\u0161ljanje i umre\u017eavanje. Uvjereni da je vrijeme zatvorenih vrata zbog pandemije zauvijek pro\u0161lo, nadamo se da c\u0301e ovaj prostor spojiti ljude, sa svih strana politi\u010dkog i dru\u0161tvenog spektra. Nadamo se da c\u0301e to dati prijeko potreban podsticaj debati o evropskim integracijama, na\u0161im vrijednostima i na\u0161oj zajedni\u010dkoj buduc\u0301nosti\u201d, poru\u010dila je Popa.<\/span><\/p>\n<p class=\"v1MsoNormal\"><span lang=\"SR-LATN-ME\">Ona je naglasila da \u0107e Evropska kuc\u0301a ostati mjesto dijaloga sa Vladom i drugim partnerima.<\/span><\/p>\n\n<p class=\"v1MsoNormal\"><span lang=\"SR-LATN-ME\">\u201eNadamo se da c\u0301emo doprijeti do svake osobe u Crnoj Gori sa sadr\u017eajima koji su relevantni za njih. Obec\u0301avamo da c\u0301emo naporno raditi da to postignemo. Li\u010dno c\u0301u se pobrinuti da putujem po zemlji, uz pomoc\u0301 tima Evropske kuc\u0301e, da razgovaram sa ljudima i da se pove\u017eem sa njima\u201d, zaklju\u010dila je ambasadorka Evropske unije.<\/span><\/p>\n<p class=\"v1MsoNormal\"><span lang=\"SR-LATN-ME\">Predsjedavaju\u0107i Odbora za vanjske poslove Evropskog parlamenta Dejvid Mekalister poru\u010dio je da svjedo\u010dimo transformaciji informativnog centra u istinski otvoren prostor za konstruktivne debate i dijalog simboli\u0161u\u0107i razli\u010ditost ideja i jedinstvo evropskih vrijednosti.<\/span><\/p>\n<p class=\"v1MsoNormal\"><span lang=\"SR-LATN-ME\">\u201eNa\u0161a zajedni\u010dka \u201eEvropska ku\u0107a\u201d gradi se ve\u0107 decenijama. Njeni temelji su demokratija i pluralizam, zidovi temeljna ljudska prava a krov na\u0161a solidarnost. Nadam se da \u0107e i ova \u201eEvropska ku\u0107a\u201d u Podgorici biti mini model na\u0161e zajedni\u010dke evropske ku\u0107e. Sa preko 75 % gra\u0111ana koji podr\u017eavaju \u010dlanstvo u Evropskoj uniji nadam se da \u201eEvropska ku\u0107a\u201d mo\u017ee postati konstruktivna podr\u0161ka ovim aspiracijama. Crna Gora pripada EU porodici i o\u010dekujemo da \u0107emo vam uskoro po\u017eeljeti dobrodo\u0161licu u na\u0161oj zajedni\u010dkoj ku\u0107i.\u201d\u00a0 naveo je Mekalister.<\/span><\/p>\n<p class=\"v1MsoNormal\"><span lang=\"SR-LATN-ME\">Ministarka Marovi\u0107 je u kratkom govoru navela da \u0107e Evropska ku\u0107a pomo\u0107i Crnoj Gori da gra\u0111anima i gra\u0111ankama pribli\u017ei Evropsku uniju.<\/span><\/p>\n\n<p>\u201eOvdje \u0107emo imati priliku da razgovaramo, da se bolje razumijemo i u\u010dimo jedni od drugih. Crna Gora pripada evropskoj porodici, jer diejlimo iste vrijednosti, istoriju i budu\u0107nost. Iz tog razloga, Evropska ku\u0107a teba da bude simbol evropskog identiteta\u201d, navela je potpredsjednica Vlade.<\/p>\n<p>Evropska ku\u0107a, ura\u0111ena po dizajnu scenografa Stanislava Niki\u010devi\u0107a, nalazi se na Trgu Argentina. Otvorena je za gra\u0111ane, institucije, medije i nevladine organizacije, koji se bave EU projektima ili to \u017eele da rade. Pored doga\u0111aja i kampanja posve\u0107enih promociji evropskih standarda, Evropska ku\u0107a\u00a0 je i na usluzi za organizaciju radionica, seminara, izlo\u017ebi, predavanja, konferencija za medije i drugih promotivnih doga\u0111aja.<\/p>\n","protected":false},"excerpt":{"rendered":"<p>U Podgorici je sve\u010dano otvorena Evropska ku\u0107a, nekada\u0161nji EU info centar, koji je renoviran, modernizovan i prilago\u0111en novim potrebama \u0161ire zajednice, koja je posve\u0107ena promociji Evropske unije u Crnoj Gori. Sve\u010danu vrpcu presjekli su amabasdorka Evropske unije Oana Kristina Popa, predsjedavaju\u0107i Odbora za vanjske poslove Evropskog parlamenta Dejvid Mekalister i potpredsjednica Vlade i ministarka evropskih [&hellip;]<\/p>\n","protected":false},"author":1,"featured_media":38327,"comment_status":"closed","ping_status":"closed","sticky":false,"template":"","format":"standard","meta":{"_acf_changed":false,"footnotes":""},"categories":[],"tags":[],"class_list":["post-22925","post","type-post","status-publish","format-standard","has-post-thumbnail","hentry"],"acf":[],"yoast_head":"<!-- This site is optimized with the Yoast SEO plugin v27.3 - https:\/\/yoast.com\/product\/yoast-seo-wordpress\/ -->\n<title>Otvorena Evropska ku\u0107a u Podgorici - Europe House<\/title>\n<meta name=\"robots\" content=\"index, follow, max-snippet:-1, max-image-preview:large, max-video-preview:-1\" \/>\n<link rel=\"canonical\" href=\"https:\/\/www.evropskakuca.me\/me\/otvorena-evropska-kuca-u-podgorici\/\" \/>\n<meta property=\"og:locale\" content=\"en_US\" \/>\n<meta property=\"og:type\" content=\"article\" \/>\n<meta property=\"og:title\" content=\"Otvorena Evropska ku\u0107a u Podgorici - Europe House\" \/>\n<meta property=\"og:description\" content=\"U Podgorici je sve\u010dano otvorena Evropska ku\u0107a, nekada\u0161nji EU info centar, koji je renoviran, modernizovan i prilago\u0111en novim potrebama \u0161ire zajednice, koja je posve\u0107ena promociji Evropske unije u Crnoj Gori. Sve\u010danu vrpcu presjekli su amabasdorka Evropske unije Oana Kristina Popa, predsjedavaju\u0107i Odbora za vanjske poslove Evropskog parlamenta Dejvid Mekalister i potpredsjednica Vlade i ministarka evropskih [&hellip;]\" \/>\n<meta property=\"og:url\" content=\"https:\/\/www.evropskakuca.me\/me\/otvorena-evropska-kuca-u-podgorici\/\" \/>\n<meta property=\"og:site_name\" content=\"Europe House\" \/>\n<meta property=\"article:publisher\" content=\"https:\/\/www.facebook.com\/evropska.kuca\" \/>\n<meta property=\"article:published_time\" content=\"2022-05-26T13:17:49+00:00\" \/>\n<meta property=\"og:image\" content=\"https:\/\/www.evropskakuca.me\/wp-content\/uploads\/2022\/07\/283964804_371560678338511_6850751246178956278_n.jpg\" \/>\n\t<meta property=\"og:image:width\" content=\"960\" \/>\n\t<meta property=\"og:image:height\" content=\"641\" \/>\n\t<meta property=\"og:image:type\" content=\"image\/jpeg\" \/>\n<meta name=\"author\" content=\"mkajic\" \/>\n<meta name=\"twitter:card\" content=\"summary_large_image\" \/>\n<meta name=\"twitter:creator\" content=\"@evropska_kuca\" \/>\n<meta name=\"twitter:site\" content=\"@evropska_kuca\" \/>\n<meta name=\"twitter:label1\" content=\"Written by\" \/>\n\t<meta name=\"twitter:data1\" content=\"mkajic\" \/>\n\t<meta name=\"twitter:label2\" content=\"Est. reading time\" \/>\n\t<meta name=\"twitter:data2\" content=\"3 minutes\" \/>\n<script type=\"application\/ld+json\" class=\"yoast-schema-graph\">{\"@context\":\"https:\\\/\\\/schema.org\",\"@graph\":[{\"@type\":\"Article\",\"@id\":\"https:\\\/\\\/www.evropskakuca.me\\\/me\\\/otvorena-evropska-kuca-u-podgorici\\\/#article\",\"isPartOf\":{\"@id\":\"https:\\\/\\\/www.evropskakuca.me\\\/me\\\/otvorena-evropska-kuca-u-podgorici\\\/\"},\"author\":{\"name\":\"mkajic\",\"@id\":\"https:\\\/\\\/www.evropskakuca.me\\\/me\\\/#\\\/schema\\\/person\\\/a1d0dcdaefe4a1cd1d60d200ea137ba4\"},\"headline\":\"Otvorena Evropska ku\u0107a u Podgorici\",\"datePublished\":\"2022-05-26T13:17:49+00:00\",\"mainEntityOfPage\":{\"@id\":\"https:\\\/\\\/www.evropskakuca.me\\\/me\\\/otvorena-evropska-kuca-u-podgorici\\\/\"},\"wordCount\":570,\"publisher\":{\"@id\":\"https:\\\/\\\/www.evropskakuca.me\\\/me\\\/#organization\"},\"image\":{\"@id\":\"https:\\\/\\\/www.evropskakuca.me\\\/me\\\/otvorena-evropska-kuca-u-podgorici\\\/#primaryimage\"},\"thumbnailUrl\":\"https:\\\/\\\/www.evropskakuca.me\\\/wp-content\\\/uploads\\\/2022\\\/07\\\/283964804_371560678338511_6850751246178956278_n.jpg\",\"inLanguage\":\"me-ME\"},{\"@type\":\"WebPage\",\"@id\":\"https:\\\/\\\/www.evropskakuca.me\\\/me\\\/otvorena-evropska-kuca-u-podgorici\\\/\",\"url\":\"https:\\\/\\\/www.evropskakuca.me\\\/me\\\/otvorena-evropska-kuca-u-podgorici\\\/\",\"name\":\"Otvorena Evropska ku\u0107a u Podgorici - Europe House\",\"isPartOf\":{\"@id\":\"https:\\\/\\\/www.evropskakuca.me\\\/me\\\/#website\"},\"primaryImageOfPage\":{\"@id\":\"https:\\\/\\\/www.evropskakuca.me\\\/me\\\/otvorena-evropska-kuca-u-podgorici\\\/#primaryimage\"},\"image\":{\"@id\":\"https:\\\/\\\/www.evropskakuca.me\\\/me\\\/otvorena-evropska-kuca-u-podgorici\\\/#primaryimage\"},\"thumbnailUrl\":\"https:\\\/\\\/www.evropskakuca.me\\\/wp-content\\\/uploads\\\/2022\\\/07\\\/283964804_371560678338511_6850751246178956278_n.jpg\",\"datePublished\":\"2022-05-26T13:17:49+00:00\",\"breadcrumb\":{\"@id\":\"https:\\\/\\\/www.evropskakuca.me\\\/me\\\/otvorena-evropska-kuca-u-podgorici\\\/#breadcrumb\"},\"inLanguage\":\"me-ME\",\"potentialAction\":[{\"@type\":\"ReadAction\",\"target\":[\"https:\\\/\\\/www.evropskakuca.me\\\/me\\\/otvorena-evropska-kuca-u-podgorici\\\/\"]}]},{\"@type\":\"ImageObject\",\"inLanguage\":\"me-ME\",\"@id\":\"https:\\\/\\\/www.evropskakuca.me\\\/me\\\/otvorena-evropska-kuca-u-podgorici\\\/#primaryimage\",\"url\":\"https:\\\/\\\/www.evropskakuca.me\\\/wp-content\\\/uploads\\\/2022\\\/07\\\/283964804_371560678338511_6850751246178956278_n.jpg\",\"contentUrl\":\"https:\\\/\\\/www.evropskakuca.me\\\/wp-content\\\/uploads\\\/2022\\\/07\\\/283964804_371560678338511_6850751246178956278_n.jpg\",\"width\":960,\"height\":641},{\"@type\":\"BreadcrumbList\",\"@id\":\"https:\\\/\\\/www.evropskakuca.me\\\/me\\\/otvorena-evropska-kuca-u-podgorici\\\/#breadcrumb\",\"itemListElement\":[{\"@type\":\"ListItem\",\"position\":1,\"name\":\"Home\",\"item\":\"https:\\\/\\\/www.evropskakuca.me\\\/me\\\/\"},{\"@type\":\"ListItem\",\"position\":2,\"name\":\"Otvorena Evropska ku\u0107a u Podgorici\"}]},{\"@type\":\"WebSite\",\"@id\":\"https:\\\/\\\/www.evropskakuca.me\\\/me\\\/#website\",\"url\":\"https:\\\/\\\/www.evropskakuca.me\\\/me\\\/\",\"name\":\"Evropean house\",\"description\":\"\",\"publisher\":{\"@id\":\"https:\\\/\\\/www.evropskakuca.me\\\/me\\\/#organization\"},\"potentialAction\":[{\"@type\":\"SearchAction\",\"target\":{\"@type\":\"EntryPoint\",\"urlTemplate\":\"https:\\\/\\\/www.evropskakuca.me\\\/me\\\/?s={search_term_string}\"},\"query-input\":{\"@type\":\"PropertyValueSpecification\",\"valueRequired\":true,\"valueName\":\"search_term_string\"}}],\"inLanguage\":\"me-ME\"},{\"@type\":\"Organization\",\"@id\":\"https:\\\/\\\/www.evropskakuca.me\\\/me\\\/#organization\",\"name\":\"Evropean house\",\"url\":\"https:\\\/\\\/www.evropskakuca.me\\\/me\\\/\",\"logo\":{\"@type\":\"ImageObject\",\"inLanguage\":\"me-ME\",\"@id\":\"https:\\\/\\\/www.evropskakuca.me\\\/me\\\/#\\\/schema\\\/logo\\\/image\\\/\",\"url\":\"https:\\\/\\\/www.evropskakuca.me\\\/wp-content\\\/uploads\\\/2025\\\/01\\\/evropska-kuca-logo-1.png\",\"contentUrl\":\"https:\\\/\\\/www.evropskakuca.me\\\/wp-content\\\/uploads\\\/2025\\\/01\\\/evropska-kuca-logo-1.png\",\"width\":425,\"height\":312,\"caption\":\"Evropean house\"},\"image\":{\"@id\":\"https:\\\/\\\/www.evropskakuca.me\\\/me\\\/#\\\/schema\\\/logo\\\/image\\\/\"},\"sameAs\":[\"https:\\\/\\\/www.facebook.com\\\/evropska.kuca\",\"https:\\\/\\\/x.com\\\/evropska_kuca\",\"https:\\\/\\\/www.instagram.com\\\/evropska_kuca\"]},{\"@type\":\"Person\",\"@id\":\"https:\\\/\\\/www.evropskakuca.me\\\/me\\\/#\\\/schema\\\/person\\\/a1d0dcdaefe4a1cd1d60d200ea137ba4\",\"name\":\"mkajic\",\"image\":{\"@type\":\"ImageObject\",\"inLanguage\":\"me-ME\",\"@id\":\"https:\\\/\\\/secure.gravatar.com\\\/avatar\\\/731fa035cefab7316e6bafd1f25a93fb731a07de14e2d9923f8db4422628eabc?s=96&d=mm&r=g\",\"url\":\"https:\\\/\\\/secure.gravatar.com\\\/avatar\\\/731fa035cefab7316e6bafd1f25a93fb731a07de14e2d9923f8db4422628eabc?s=96&d=mm&r=g\",\"contentUrl\":\"https:\\\/\\\/secure.gravatar.com\\\/avatar\\\/731fa035cefab7316e6bafd1f25a93fb731a07de14e2d9923f8db4422628eabc?s=96&d=mm&r=g\",\"caption\":\"mkajic\"},\"sameAs\":[\"https:\\\/\\\/evropskakuca.me\"],\"url\":\"https:\\\/\\\/www.evropskakuca.me\\\/me\\\/author\\\/mkajic\\\/\"}]}<\/script>\n<!-- \/ Yoast SEO plugin. -->","yoast_head_json":{"title":"Otvorena Evropska ku\u0107a u Podgorici - Europe House","robots":{"index":"index","follow":"follow","max-snippet":"max-snippet:-1","max-image-preview":"max-image-preview:large","max-video-preview":"max-video-preview:-1"},"canonical":"https:\/\/www.evropskakuca.me\/me\/otvorena-evropska-kuca-u-podgorici\/","og_locale":"en_US","og_type":"article","og_title":"Otvorena Evropska ku\u0107a u Podgorici - Europe House","og_description":"U Podgorici je sve\u010dano otvorena Evropska ku\u0107a, nekada\u0161nji EU info centar, koji je renoviran, modernizovan i prilago\u0111en novim potrebama \u0161ire zajednice, koja je posve\u0107ena promociji Evropske unije u Crnoj Gori. Sve\u010danu vrpcu presjekli su amabasdorka Evropske unije Oana Kristina Popa, predsjedavaju\u0107i Odbora za vanjske poslove Evropskog parlamenta Dejvid Mekalister i potpredsjednica Vlade i ministarka evropskih [&hellip;]","og_url":"https:\/\/www.evropskakuca.me\/me\/otvorena-evropska-kuca-u-podgorici\/","og_site_name":"Europe House","article_publisher":"https:\/\/www.facebook.com\/evropska.kuca","article_published_time":"2022-05-26T13:17:49+00:00","og_image":[{"width":960,"height":641,"url":"https:\/\/www.evropskakuca.me\/wp-content\/uploads\/2022\/07\/283964804_371560678338511_6850751246178956278_n.jpg","type":"image\/jpeg"}],"author":"mkajic","twitter_card":"summary_large_image","twitter_creator":"@evropska_kuca","twitter_site":"@evropska_kuca","twitter_misc":{"Written by":"mkajic","Est. reading time":"3 minutes"},"schema":{"@context":"https:\/\/schema.org","@graph":[{"@type":"Article","@id":"https:\/\/www.evropskakuca.me\/me\/otvorena-evropska-kuca-u-podgorici\/#article","isPartOf":{"@id":"https:\/\/www.evropskakuca.me\/me\/otvorena-evropska-kuca-u-podgorici\/"},"author":{"name":"mkajic","@id":"https:\/\/www.evropskakuca.me\/me\/#\/schema\/person\/a1d0dcdaefe4a1cd1d60d200ea137ba4"},"headline":"Otvorena Evropska ku\u0107a u Podgorici","datePublished":"2022-05-26T13:17:49+00:00","mainEntityOfPage":{"@id":"https:\/\/www.evropskakuca.me\/me\/otvorena-evropska-kuca-u-podgorici\/"},"wordCount":570,"publisher":{"@id":"https:\/\/www.evropskakuca.me\/me\/#organization"},"image":{"@id":"https:\/\/www.evropskakuca.me\/me\/otvorena-evropska-kuca-u-podgorici\/#primaryimage"},"thumbnailUrl":"https:\/\/www.evropskakuca.me\/wp-content\/uploads\/2022\/07\/283964804_371560678338511_6850751246178956278_n.jpg","inLanguage":"me-ME"},{"@type":"WebPage","@id":"https:\/\/www.evropskakuca.me\/me\/otvorena-evropska-kuca-u-podgorici\/","url":"https:\/\/www.evropskakuca.me\/me\/otvorena-evropska-kuca-u-podgorici\/","name":"Otvorena Evropska ku\u0107a u Podgorici - Europe House","isPartOf":{"@id":"https:\/\/www.evropskakuca.me\/me\/#website"},"primaryImageOfPage":{"@id":"https:\/\/www.evropskakuca.me\/me\/otvorena-evropska-kuca-u-podgorici\/#primaryimage"},"image":{"@id":"https:\/\/www.evropskakuca.me\/me\/otvorena-evropska-kuca-u-podgorici\/#primaryimage"},"thumbnailUrl":"https:\/\/www.evropskakuca.me\/wp-content\/uploads\/2022\/07\/283964804_371560678338511_6850751246178956278_n.jpg","datePublished":"2022-05-26T13:17:49+00:00","breadcrumb":{"@id":"https:\/\/www.evropskakuca.me\/me\/otvorena-evropska-kuca-u-podgorici\/#breadcrumb"},"inLanguage":"me-ME","potentialAction":[{"@type":"ReadAction","target":["https:\/\/www.evropskakuca.me\/me\/otvorena-evropska-kuca-u-podgorici\/"]}]},{"@type":"ImageObject","inLanguage":"me-ME","@id":"https:\/\/www.evropskakuca.me\/me\/otvorena-evropska-kuca-u-podgorici\/#primaryimage","url":"https:\/\/www.evropskakuca.me\/wp-content\/uploads\/2022\/07\/283964804_371560678338511_6850751246178956278_n.jpg","contentUrl":"https:\/\/www.evropskakuca.me\/wp-content\/uploads\/2022\/07\/283964804_371560678338511_6850751246178956278_n.jpg","width":960,"height":641},{"@type":"BreadcrumbList","@id":"https:\/\/www.evropskakuca.me\/me\/otvorena-evropska-kuca-u-podgorici\/#breadcrumb","itemListElement":[{"@type":"ListItem","position":1,"name":"Home","item":"https:\/\/www.evropskakuca.me\/me\/"},{"@type":"ListItem","position":2,"name":"Otvorena Evropska ku\u0107a u Podgorici"}]},{"@type":"WebSite","@id":"https:\/\/www.evropskakuca.me\/me\/#website","url":"https:\/\/www.evropskakuca.me\/me\/","name":"Evropean house","description":"","publisher":{"@id":"https:\/\/www.evropskakuca.me\/me\/#organization"},"potentialAction":[{"@type":"SearchAction","target":{"@type":"EntryPoint","urlTemplate":"https:\/\/www.evropskakuca.me\/me\/?s={search_term_string}"},"query-input":{"@type":"PropertyValueSpecification","valueRequired":true,"valueName":"search_term_string"}}],"inLanguage":"me-ME"},{"@type":"Organization","@id":"https:\/\/www.evropskakuca.me\/me\/#organization","name":"Evropean house","url":"https:\/\/www.evropskakuca.me\/me\/","logo":{"@type":"ImageObject","inLanguage":"me-ME","@id":"https:\/\/www.evropskakuca.me\/me\/#\/schema\/logo\/image\/","url":"https:\/\/www.evropskakuca.me\/wp-content\/uploads\/2025\/01\/evropska-kuca-logo-1.png","contentUrl":"https:\/\/www.evropskakuca.me\/wp-content\/uploads\/2025\/01\/evropska-kuca-logo-1.png","width":425,"height":312,"caption":"Evropean house"},"image":{"@id":"https:\/\/www.evropskakuca.me\/me\/#\/schema\/logo\/image\/"},"sameAs":["https:\/\/www.facebook.com\/evropska.kuca","https:\/\/x.com\/evropska_kuca","https:\/\/www.instagram.com\/evropska_kuca"]},{"@type":"Person","@id":"https:\/\/www.evropskakuca.me\/me\/#\/schema\/person\/a1d0dcdaefe4a1cd1d60d200ea137ba4","name":"mkajic","image":{"@type":"ImageObject","inLanguage":"me-ME","@id":"https:\/\/secure.gravatar.com\/avatar\/731fa035cefab7316e6bafd1f25a93fb731a07de14e2d9923f8db4422628eabc?s=96&d=mm&r=g","url":"https:\/\/secure.gravatar.com\/avatar\/731fa035cefab7316e6bafd1f25a93fb731a07de14e2d9923f8db4422628eabc?s=96&d=mm&r=g","contentUrl":"https:\/\/secure.gravatar.com\/avatar\/731fa035cefab7316e6bafd1f25a93fb731a07de14e2d9923f8db4422628eabc?s=96&d=mm&r=g","caption":"mkajic"},"sameAs":["https:\/\/evropskakuca.me"],"url":"https:\/\/www.evropskakuca.me\/me\/author\/mkajic\/"}]}},"_links":{"self":[{"href":"https:\/\/www.evropskakuca.me\/me\/wp-json\/wp\/v2\/posts\/22925","targetHints":{"allow":["GET"]}}],"collection":[{"href":"https:\/\/www.evropskakuca.me\/me\/wp-json\/wp\/v2\/posts"}],"about":[{"href":"https:\/\/www.evropskakuca.me\/me\/wp-json\/wp\/v2\/types\/post"}],"author":[{"embeddable":true,"href":"https:\/\/www.evropskakuca.me\/me\/wp-json\/wp\/v2\/users\/1"}],"replies":[{"embeddable":true,"href":"https:\/\/www.evropskakuca.me\/me\/wp-json\/wp\/v2\/comments?post=22925"}],"version-history":[{"count":0,"href":"https:\/\/www.evropskakuca.me\/me\/wp-json\/wp\/v2\/posts\/22925\/revisions"}],"wp:featuredmedia":[{"embeddable":true,"href":"https:\/\/www.evropskakuca.me\/me\/wp-json\/wp\/v2\/media\/38327"}],"wp:attachment":[{"href":"https:\/\/www.evropskakuca.me\/me\/wp-json\/wp\/v2\/media?parent=22925"}],"wp:term":[{"taxonomy":"category","embeddable":true,"href":"https:\/\/www.evropskakuca.me\/me\/wp-json\/wp\/v2\/categories?post=22925"},{"taxonomy":"post_tag","embeddable":true,"href":"https:\/\/www.evropskakuca.me\/me\/wp-json\/wp\/v2\/tags?post=22925"}],"curies":[{"name":"wp","href":"https:\/\/api.w.org\/{rel}","templated":true}]}}