{"id":21458,"date":"2022-05-06T17:59:01","date_gmt":"2022-05-06T17:59:01","guid":{"rendered":"https:\/\/evropskakuca.me\/?p=21458"},"modified":"2025-01-21T11:40:20","modified_gmt":"2025-01-21T11:40:20","slug":"dan-evrope-2022","status":"publish","type":"post","link":"https:\/\/www.evropskakuca.me\/me\/dan-evrope-2022\/","title":{"rendered":"Mjesec Evrope 2022"},"content":{"rendered":"<p><strong>Muzika, cvije\u0107e, virtuelna stvarnost i nagrade tokom cijelog maja<\/strong><\/p>\n<p>Evropska unija u Crnoj Gori i ove godine slavila je Dan Evrope tokom cijelog maja. \u00a0Za razliku od prethodne dvije godine, ovog puta smo se dru\u017eili u\u017eivo. Po\u010deli smo na Cetinju, gdje smo otvorili veliki cvjetni tepih i organizovali sve\u010dani prijem povodom na Dan Evrope. Potom smo se preselili u Podgoricu, gdje su nas na velikom koncertu zabavljali Who See, Bu\u010d Kesidi i Vojko V. Tradicionalno, tokom maja vas nagra\u0111ujemo kroz na\u0161u popularnu online igricu \u201eEU na dlanu\u201c. Posebno nam je drago \u0161to \u0107ete uskoro imati priliku i da vidite na\u0161e novo lice \u2013 EU info centar ovog maja postaje Evropska ku\u0107a, mjesto dijaloga, kreativnosti, dru\u017eenja i novih ideja.<\/p>\n<p><a href=\"http:\/\/www.euic.me\/me\/otvoren-cvjetni-tepih-na-cetinju-povodom-dana-evrope\/\"><strong>Cvjetni tepih na Cetinju od 7. do 10. maja<\/strong><\/a><\/p>\n<p>Tokom zime koja je za nama, mi smo ma\u0161tali o prolje\u0107u. I vrijedno radili. Zajedno sa partnerima, zasadili smo preko 33.500 sadnica cvije\u0107a,\u00a0<a href=\"http:\/\/www.euic.me\/me\/otvoren-cvjetni-tepih-na-cetinju-povodom-dana-evrope\/\">od kojih smo u subotu 7. maja satkali jedinstveni cvjetni tepih<\/a>, povr\u0161ine 230 metara kvadratnih. Cvjetni tepih ispred Dvorca kralja Nikole na Cetinju sve\u010dano su otvorili ambasadorka Evropske unije u Crnoj Gori Oana Kristina Popa i gradona\u010delnik Cetinja Nikola \u0110ura\u0161kovi\u0107, u subotu 7. maja.<\/p>\n<p>Dizajn tepiha inspirisan je motivima cvije\u0107a na parketu u samom dvorcu, \u010dime se simboli\u010dno spajaju crnogorska i tradicija Evropske unije. Naime, svake druge godine sli\u010dan cvjetni tepih ve\u0107ih dimenzija, krasi glavni gradski trg u Briselu.<\/p>\n<p>Tepih od lokalno uzgajanih sadnica cvije\u0107a krasio je dvorski trg do 10. maja. Nakon toga,\u00a0<a href=\"http:\/\/www.euic.me\/me\/evropska-unija-u-crnoj-gori-poklonila-33-500-sadnica-cvijeca-prijestonici\/\">sve sadnice poklonili smo Prijestonici Cetinje<\/a>, koja ih je posadila u parkovima i dvori\u0161tima dr\u017eavnih i lokalnih institucija, \u0161kola i vrti\u0107a. U \u201etkanju\u201c cvjetnog tepiha, imala smo pomo\u0107 partnera, me\u0111u kojima su banke Erste, Crnogorska komercijalna banka, Addiko i NLB, lanac marketa IDEA, kompanije Air Montenegro i Ina, Nacionalna turisti\u010dka organizacija, hoteli Regent i Hilton.<\/p>\n<p><img fetchpriority=\"high\" decoding=\"async\" class=\"alignnone  wp-image-23202\" src=\"https:\/\/evropskakuca.me\/wp-content\/uploads\/2022\/05\/Cvjetni-tepih_dron-3-1024x682-1-300x200.jpg\" alt=\"\" width=\"1007\" height=\"671\" \/><\/p>\n<p><strong>Plavi talas<\/strong><u><\/u><u><\/u><\/p>\n<p>Jo\u0161 jednom plavi talas se ra\u0161irio Crnom Gorom. U \u010dast Dana Evrope mnoge zna\u010dajne dr\u017eavne i lokalne institucije bile su osvjetljene plavom bojom. Pored zgrade Delegacije EU u Crnoj Gori, u Podgorici su \u00a0osvjetljene zgrade Parlamenta, Predsjednika, Ministarstva vanjskih poslova, Ministarstva odbrane, ali i most Milenijum. Ve\u0107ina op\u0161tina odazvala se plavom talasu, pa su tako osvjetljavane zgrade lokalnih samouprava ili \u00a0prepoznatljive gra\u0111evine i u Kotoru, Tivtu, Herceg Novom, Baru, Bijelom Polju, Tuzima\u2026<\/p>\n<p><img decoding=\"async\" class=\"alignnone wp-image-21451\" src=\"https:\/\/evropskakuca.me\/wp-content\/uploads\/2022\/05\/iluminacija-1024x683-1-300x200.jpg\" alt=\"\" width=\"993\" height=\"662\" \/><\/p>\n<p><a href=\"http:\/\/www.euic.me\/me\/sjajan-koncert-na-trgu-argentina-povodom-dana-evrope-i-otvaranja-evropske-kuce\/\"><strong>Veliki koncert: Nastupili Who See, Bu\u010d Kesidi i Vojko V<\/strong><\/a><\/p>\n<p>Nakon dvije godine televizijskih koncerata, koje smo organizovali bez publike, ovog maja u\u017eivali smo u muzici u\u017eivo. Povodom Dana Evrope i otvaranja Evropske ku\u0107e, organizovali smo\u00a0<a href=\"http:\/\/www.euic.me\/me\/sjajan-koncert-na-trgu-argentina-povodom-dana-evrope-i-otvaranja-evropske-kuce\/\">veliki koncert<\/a>\u00a0u petak 13. maja na Trgu Argentina u Podgorici, na kojem su nastupili klapa Who See, bend Bu\u010d Kesidi i reper Vojko V.<\/p>\n<p>Kotorski hip-hop duo\u00a0<a href=\"https:\/\/www.youtube.com\/channel\/UC4NiCJv2nXpOIDc-hzkZZJQ\">Who See<\/a>, koji \u010dine Noyz i Dedduh,\u00a0 u muzi\u010dkoj igri je od 2000. godine. Kreatori su \u010detiri albuma, dok peti izlazi na ljeto. Na Trgu Argentina imali smo priliku da ponovo \u010dujemo neke od omiljenih hitova, kao \u0161to su \u0110e se kupa\u0161, Reggaeton Montenegro, Bar-Bari, Nemam ti kad, Nije pre\u0161a, Naselje, Daj ga na gas, Pucacina po Budvi, Amo popit po pivo, Igranka\u2026<\/p>\n<p><a href=\"https:\/\/www.youtube.com\/channel\/UC-Nf5yWLdVBaW9NXZrPTtjA\">Bu\u010d Kesidi<\/a>\u00a0se predstavlja kao ljevoruki disko rokenrol elektro boj bend duo iz Pan\u010deva, koji \u010dine Zoran Zarubica (bubnjevi, vokal) i Luka Raci\u0107 (gitara, vokal). Iza sebe imaju dva albuma, \u201cPosesivno-ospulsivni hospul\u201d (2016.) i \u201eEuforija\u201c (2019.). Publika na koncertu u Podgorici imala je priliku da premijerno \u010duje nove pjesme, budu\u0107i da pan\u010deva\u010dki duo trenutno radi na novom studijskom albumu.<\/p>\n<p>Vojko V, hrvatski reper, tekstopisac, kompozitor i muzi\u010dki producent, prepoznat po hitovima \u201eKako to\u201c, \u201eNe mo\u017ee\u201c, \u201eUmoran\u201c, u Podgoricu dolazi nakon du\u017eeg vremena, neposredno nakon \u0161to je objavio novu pjesmu i spot\u00a0<a href=\"https:\/\/www.youtube.com\/watch?v=g5CHYGRAMbA\">\u201cTT-33\u201d<\/a>, koju je podgori\u010dka publika ve\u0107 znala i horski pjevala zajedno sa njim.<\/p>\n<p>Ulaz na koncert je bio slobodan.<\/p>\n<p><img decoding=\"async\" class=\"alignnone wp-image-21422\" src=\"https:\/\/www.evropskakuca.me\/wp-content\/uploads\/2022\/05\/280945796_363661585795087_5426430036811219929_n-300x200.jpg\" alt=\"\" width=\"975\" height=\"650\" \/><\/p>\n<p><a href=\"http:\/\/www.euic.me\/me\/obidi-evropu-i-osvoji-zanimljive-nagrade-u-online-igrici-eu-na-dlanu\/\"><strong>Tradicionalna nagradna online igrica \u201eEU na dlanu\u201c i pokloni ambasada zemalja \u010dlanica EU<\/strong><\/a><\/p>\n<p>Preko 18 hiljada takmi\u010dara odigralo na na\u0161u online nagradnu igricu \u201eEU na dlanu\u201c pro\u0161le godine. To je 18 hiljada razloga da igricu ponovimo i ove godine. Na sajtu\u00a0<a href=\"http:\/\/www.eunadlanu.me\/\">www.eunadlanu.me<\/a>\u00a0mo\u017eete da se zabavite odgovaraju\u0107i na pitanja o Evropskoj uniji, njenim zemljama \u010dlanicama, ali i samom procesu evropskih integracija Crne Gore.<\/p>\n<p>Ukoliko poka\u017eete zavidno znanje, o\u010dekuju vas zanimljive nagrade \u2013 poklon paketi, koje za vas pripremaju ambasade zemalja \u010dlanica EU.<\/p>\n<p>Ove godine smo oti\u0161li korak dalje i igricu prilagodili i osobama sa potpunim ili djelimi\u010dnim o\u0161te\u0107enjem vida, koji \u0107e tako\u0111e mo\u0107i da se zabave i nadme\u0107u za zanimljive nagrade.<\/p>\n<p><img loading=\"lazy\" decoding=\"async\" class=\"alignnone wp-image-21412\" src=\"https:\/\/www.evropskakuca.me\/wp-content\/uploads\/2022\/05\/Eu-na-dlanu-glavni-najavni-FB-cover-300x132.png\" alt=\"\" width=\"991\" height=\"436\" \/><\/p>\n<p><strong>EU info centar postaje Evropska ku\u0107a<\/strong><\/p>\n<p>U Mjesecu Evrope smo promijenili imid\u017e. EU info centar je postao Evropska ku\u0107a, mjesto okupljanja, dijaloga, kreativnosti i novih ideja. . Nakon osam godina, tokom kojih smo se razvijali, sticali nove uloge i sjajne partnere, promijenili smo ruho i modernizovali se. Evropska ku\u0107a, ura\u0111ena po dizajnu scenografa Stanislava Niki\u010devi\u0107a, nalazi se na Trgu Argentina. Otvorena je za gra\u0111ane, institucije, medije i nevladine organizacije, koji se bave EU projektima ili to \u017eele da rade. Pored doga\u0111aja i kampanja posve\u0107enih promociji evropskih standarda, Evropska ku\u0107a je i na usluzi za organizaciju radionica, seminara, izlo\u017ebi, predavanja, konferencija za medije i drugih promotivnih doga\u0111aja.<\/p>\n<p><img loading=\"lazy\" decoding=\"async\" class=\"alignnone wp-image-21455\" src=\"https:\/\/www.evropskakuca.me\/wp-content\/uploads\/2022\/05\/LOGO-EVROPSKE-KUCE-300x200.jpg\" alt=\"\" width=\"983\" height=\"655\" \/><\/p>\n<p>Pro\u010ditajte jo\u0161:<\/p>\n<p><a href=\"http:\/\/www.euic.me\/me\/otvoren-cvjetni-tepih-na-cetinju-povodom-dana-evrope\/\">Otvoren cvjetni tepih na Cetinju povodom Dana Evrope<\/a><\/p>\n<p><a href=\"http:\/\/www.euic.me\/me\/evropska-unija-u-crnoj-gori-poklonila-33-500-sadnica-cvijeca-prijestonici\/\">Evropska unija u Crnoj Gori poklonila 33.500 sadnica cvije\u0107a Prijestonici<\/a><\/p>\n<p><a href=\"http:\/\/www.euic.me\/me\/obidi-evropu-i-osvoji-zanimljive-nagrade-u-online-igrici-eu-na-dlanu\/\">Obi\u0111i Evropu i osvoji zanimljive nagrade u online igrici \u201eEU na dlanu\u201c<\/a><\/p>\n<p><a href=\"http:\/\/www.euic.me\/me\/sjajan-koncert-na-trgu-argentina-povodom-dana-evrope-i-otvaranja-evropske-kuce\/\">Sjajan koncert na Trgu Argentina povodom Dana Evrope i otvaranja Evropske ku\u0107e<\/a><\/p>\n<p><a href=\"http:\/\/evropskakuca.me\/me\/otvorena-evropska-kuca-u-podgorici\/\">Otvorena Evropska ku\u0107a u Podgorici<\/a><\/p>\n","protected":false},"excerpt":{"rendered":"<p>Muzika, cvije\u0107e, virtuelna stvarnost i nagrade tokom cijelog maja Evropska unija u Crnoj Gori i ove godine slavila je Dan Evrope tokom cijelog maja. \u00a0Za razliku od prethodne dvije godine, ovog puta smo se dru\u017eili u\u017eivo. Po\u010deli smo na Cetinju, gdje smo otvorili veliki cvjetni tepih i organizovali sve\u010dani prijem povodom na Dan Evrope. Potom [&hellip;]<\/p>\n","protected":false},"author":1,"featured_media":42480,"comment_status":"closed","ping_status":"closed","sticky":false,"template":"","format":"standard","meta":{"_acf_changed":false,"footnotes":""},"categories":[285,2],"tags":[],"class_list":["post-21458","post","type-post","status-publish","format-standard","has-post-thumbnail","hentry","category-kampanje-i-eventi","category-uncategorized-me"],"acf":[],"yoast_head":"<!-- This site is optimized with the Yoast SEO plugin v27.3 - https:\/\/yoast.com\/product\/yoast-seo-wordpress\/ -->\n<title>Mjesec Evrope 2022 - Europe House<\/title>\n<meta name=\"robots\" content=\"index, follow, max-snippet:-1, max-image-preview:large, max-video-preview:-1\" \/>\n<link rel=\"canonical\" href=\"https:\/\/www.evropskakuca.me\/me\/dan-evrope-2022\/\" \/>\n<meta property=\"og:locale\" content=\"en_US\" \/>\n<meta property=\"og:type\" content=\"article\" \/>\n<meta property=\"og:title\" content=\"Mjesec Evrope 2022 - Europe House\" \/>\n<meta property=\"og:description\" content=\"Muzika, cvije\u0107e, virtuelna stvarnost i nagrade tokom cijelog maja Evropska unija u Crnoj Gori i ove godine slavila je Dan Evrope tokom cijelog maja. \u00a0Za razliku od prethodne dvije godine, ovog puta smo se dru\u017eili u\u017eivo. Po\u010deli smo na Cetinju, gdje smo otvorili veliki cvjetni tepih i organizovali sve\u010dani prijem povodom na Dan Evrope. Potom [&hellip;]\" \/>\n<meta property=\"og:url\" content=\"https:\/\/www.evropskakuca.me\/me\/dan-evrope-2022\/\" \/>\n<meta property=\"og:site_name\" content=\"Europe House\" \/>\n<meta property=\"article:publisher\" content=\"https:\/\/www.facebook.com\/evropska.kuca\" \/>\n<meta property=\"article:published_time\" content=\"2022-05-06T17:59:01+00:00\" \/>\n<meta property=\"article:modified_time\" content=\"2025-01-21T11:40:20+00:00\" \/>\n<meta property=\"og:image\" content=\"https:\/\/www.evropskakuca.me\/wp-content\/uploads\/2022\/05\/FRO_5227-scaled.jpg\" \/>\n\t<meta property=\"og:image:width\" content=\"2560\" \/>\n\t<meta property=\"og:image:height\" content=\"1707\" \/>\n\t<meta property=\"og:image:type\" content=\"image\/jpeg\" \/>\n<meta name=\"author\" content=\"mkajic\" \/>\n<meta name=\"twitter:card\" content=\"summary_large_image\" \/>\n<meta name=\"twitter:creator\" content=\"@evropska_kuca\" \/>\n<meta name=\"twitter:site\" content=\"@evropska_kuca\" \/>\n<meta name=\"twitter:label1\" content=\"Written by\" \/>\n\t<meta name=\"twitter:data1\" content=\"mkajic\" \/>\n\t<meta name=\"twitter:label2\" content=\"Est. reading time\" \/>\n\t<meta name=\"twitter:data2\" content=\"6 minutes\" \/>\n<script type=\"application\/ld+json\" class=\"yoast-schema-graph\">{\"@context\":\"https:\\\/\\\/schema.org\",\"@graph\":[{\"@type\":\"Article\",\"@id\":\"https:\\\/\\\/www.evropskakuca.me\\\/me\\\/dan-evrope-2022\\\/#article\",\"isPartOf\":{\"@id\":\"https:\\\/\\\/www.evropskakuca.me\\\/me\\\/dan-evrope-2022\\\/\"},\"author\":{\"name\":\"mkajic\",\"@id\":\"https:\\\/\\\/www.evropskakuca.me\\\/me\\\/#\\\/schema\\\/person\\\/a1d0dcdaefe4a1cd1d60d200ea137ba4\"},\"headline\":\"Mjesec Evrope 2022\",\"datePublished\":\"2022-05-06T17:59:01+00:00\",\"dateModified\":\"2025-01-21T11:40:20+00:00\",\"mainEntityOfPage\":{\"@id\":\"https:\\\/\\\/www.evropskakuca.me\\\/me\\\/dan-evrope-2022\\\/\"},\"wordCount\":940,\"publisher\":{\"@id\":\"https:\\\/\\\/www.evropskakuca.me\\\/me\\\/#organization\"},\"image\":{\"@id\":\"https:\\\/\\\/www.evropskakuca.me\\\/me\\\/dan-evrope-2022\\\/#primaryimage\"},\"thumbnailUrl\":\"https:\\\/\\\/www.evropskakuca.me\\\/wp-content\\\/uploads\\\/2022\\\/05\\\/FRO_5227-scaled.jpg\",\"articleSection\":[\"Kampanje i eventi\",\"Uncategorized @me\"],\"inLanguage\":\"me-ME\"},{\"@type\":\"WebPage\",\"@id\":\"https:\\\/\\\/www.evropskakuca.me\\\/me\\\/dan-evrope-2022\\\/\",\"url\":\"https:\\\/\\\/www.evropskakuca.me\\\/me\\\/dan-evrope-2022\\\/\",\"name\":\"Mjesec Evrope 2022 - Europe House\",\"isPartOf\":{\"@id\":\"https:\\\/\\\/www.evropskakuca.me\\\/me\\\/#website\"},\"primaryImageOfPage\":{\"@id\":\"https:\\\/\\\/www.evropskakuca.me\\\/me\\\/dan-evrope-2022\\\/#primaryimage\"},\"image\":{\"@id\":\"https:\\\/\\\/www.evropskakuca.me\\\/me\\\/dan-evrope-2022\\\/#primaryimage\"},\"thumbnailUrl\":\"https:\\\/\\\/www.evropskakuca.me\\\/wp-content\\\/uploads\\\/2022\\\/05\\\/FRO_5227-scaled.jpg\",\"datePublished\":\"2022-05-06T17:59:01+00:00\",\"dateModified\":\"2025-01-21T11:40:20+00:00\",\"breadcrumb\":{\"@id\":\"https:\\\/\\\/www.evropskakuca.me\\\/me\\\/dan-evrope-2022\\\/#breadcrumb\"},\"inLanguage\":\"me-ME\",\"potentialAction\":[{\"@type\":\"ReadAction\",\"target\":[\"https:\\\/\\\/www.evropskakuca.me\\\/me\\\/dan-evrope-2022\\\/\"]}]},{\"@type\":\"ImageObject\",\"inLanguage\":\"me-ME\",\"@id\":\"https:\\\/\\\/www.evropskakuca.me\\\/me\\\/dan-evrope-2022\\\/#primaryimage\",\"url\":\"https:\\\/\\\/www.evropskakuca.me\\\/wp-content\\\/uploads\\\/2022\\\/05\\\/FRO_5227-scaled.jpg\",\"contentUrl\":\"https:\\\/\\\/www.evropskakuca.me\\\/wp-content\\\/uploads\\\/2022\\\/05\\\/FRO_5227-scaled.jpg\",\"width\":2560,\"height\":1707},{\"@type\":\"BreadcrumbList\",\"@id\":\"https:\\\/\\\/www.evropskakuca.me\\\/me\\\/dan-evrope-2022\\\/#breadcrumb\",\"itemListElement\":[{\"@type\":\"ListItem\",\"position\":1,\"name\":\"Home\",\"item\":\"https:\\\/\\\/www.evropskakuca.me\\\/me\\\/\"},{\"@type\":\"ListItem\",\"position\":2,\"name\":\"Mjesec Evrope 2022\"}]},{\"@type\":\"WebSite\",\"@id\":\"https:\\\/\\\/www.evropskakuca.me\\\/me\\\/#website\",\"url\":\"https:\\\/\\\/www.evropskakuca.me\\\/me\\\/\",\"name\":\"Evropean house\",\"description\":\"\",\"publisher\":{\"@id\":\"https:\\\/\\\/www.evropskakuca.me\\\/me\\\/#organization\"},\"potentialAction\":[{\"@type\":\"SearchAction\",\"target\":{\"@type\":\"EntryPoint\",\"urlTemplate\":\"https:\\\/\\\/www.evropskakuca.me\\\/me\\\/?s={search_term_string}\"},\"query-input\":{\"@type\":\"PropertyValueSpecification\",\"valueRequired\":true,\"valueName\":\"search_term_string\"}}],\"inLanguage\":\"me-ME\"},{\"@type\":\"Organization\",\"@id\":\"https:\\\/\\\/www.evropskakuca.me\\\/me\\\/#organization\",\"name\":\"Evropean house\",\"url\":\"https:\\\/\\\/www.evropskakuca.me\\\/me\\\/\",\"logo\":{\"@type\":\"ImageObject\",\"inLanguage\":\"me-ME\",\"@id\":\"https:\\\/\\\/www.evropskakuca.me\\\/me\\\/#\\\/schema\\\/logo\\\/image\\\/\",\"url\":\"https:\\\/\\\/www.evropskakuca.me\\\/wp-content\\\/uploads\\\/2025\\\/01\\\/evropska-kuca-logo-1.png\",\"contentUrl\":\"https:\\\/\\\/www.evropskakuca.me\\\/wp-content\\\/uploads\\\/2025\\\/01\\\/evropska-kuca-logo-1.png\",\"width\":425,\"height\":312,\"caption\":\"Evropean house\"},\"image\":{\"@id\":\"https:\\\/\\\/www.evropskakuca.me\\\/me\\\/#\\\/schema\\\/logo\\\/image\\\/\"},\"sameAs\":[\"https:\\\/\\\/www.facebook.com\\\/evropska.kuca\",\"https:\\\/\\\/x.com\\\/evropska_kuca\",\"https:\\\/\\\/www.instagram.com\\\/evropska_kuca\"]},{\"@type\":\"Person\",\"@id\":\"https:\\\/\\\/www.evropskakuca.me\\\/me\\\/#\\\/schema\\\/person\\\/a1d0dcdaefe4a1cd1d60d200ea137ba4\",\"name\":\"mkajic\",\"image\":{\"@type\":\"ImageObject\",\"inLanguage\":\"me-ME\",\"@id\":\"https:\\\/\\\/secure.gravatar.com\\\/avatar\\\/731fa035cefab7316e6bafd1f25a93fb731a07de14e2d9923f8db4422628eabc?s=96&d=mm&r=g\",\"url\":\"https:\\\/\\\/secure.gravatar.com\\\/avatar\\\/731fa035cefab7316e6bafd1f25a93fb731a07de14e2d9923f8db4422628eabc?s=96&d=mm&r=g\",\"contentUrl\":\"https:\\\/\\\/secure.gravatar.com\\\/avatar\\\/731fa035cefab7316e6bafd1f25a93fb731a07de14e2d9923f8db4422628eabc?s=96&d=mm&r=g\",\"caption\":\"mkajic\"},\"sameAs\":[\"https:\\\/\\\/evropskakuca.me\"],\"url\":\"https:\\\/\\\/www.evropskakuca.me\\\/me\\\/author\\\/mkajic\\\/\"}]}<\/script>\n<!-- \/ Yoast SEO plugin. -->","yoast_head_json":{"title":"Mjesec Evrope 2022 - Europe House","robots":{"index":"index","follow":"follow","max-snippet":"max-snippet:-1","max-image-preview":"max-image-preview:large","max-video-preview":"max-video-preview:-1"},"canonical":"https:\/\/www.evropskakuca.me\/me\/dan-evrope-2022\/","og_locale":"en_US","og_type":"article","og_title":"Mjesec Evrope 2022 - Europe House","og_description":"Muzika, cvije\u0107e, virtuelna stvarnost i nagrade tokom cijelog maja Evropska unija u Crnoj Gori i ove godine slavila je Dan Evrope tokom cijelog maja. \u00a0Za razliku od prethodne dvije godine, ovog puta smo se dru\u017eili u\u017eivo. Po\u010deli smo na Cetinju, gdje smo otvorili veliki cvjetni tepih i organizovali sve\u010dani prijem povodom na Dan Evrope. Potom [&hellip;]","og_url":"https:\/\/www.evropskakuca.me\/me\/dan-evrope-2022\/","og_site_name":"Europe House","article_publisher":"https:\/\/www.facebook.com\/evropska.kuca","article_published_time":"2022-05-06T17:59:01+00:00","article_modified_time":"2025-01-21T11:40:20+00:00","og_image":[{"width":2560,"height":1707,"url":"https:\/\/www.evropskakuca.me\/wp-content\/uploads\/2022\/05\/FRO_5227-scaled.jpg","type":"image\/jpeg"}],"author":"mkajic","twitter_card":"summary_large_image","twitter_creator":"@evropska_kuca","twitter_site":"@evropska_kuca","twitter_misc":{"Written by":"mkajic","Est. reading time":"6 minutes"},"schema":{"@context":"https:\/\/schema.org","@graph":[{"@type":"Article","@id":"https:\/\/www.evropskakuca.me\/me\/dan-evrope-2022\/#article","isPartOf":{"@id":"https:\/\/www.evropskakuca.me\/me\/dan-evrope-2022\/"},"author":{"name":"mkajic","@id":"https:\/\/www.evropskakuca.me\/me\/#\/schema\/person\/a1d0dcdaefe4a1cd1d60d200ea137ba4"},"headline":"Mjesec Evrope 2022","datePublished":"2022-05-06T17:59:01+00:00","dateModified":"2025-01-21T11:40:20+00:00","mainEntityOfPage":{"@id":"https:\/\/www.evropskakuca.me\/me\/dan-evrope-2022\/"},"wordCount":940,"publisher":{"@id":"https:\/\/www.evropskakuca.me\/me\/#organization"},"image":{"@id":"https:\/\/www.evropskakuca.me\/me\/dan-evrope-2022\/#primaryimage"},"thumbnailUrl":"https:\/\/www.evropskakuca.me\/wp-content\/uploads\/2022\/05\/FRO_5227-scaled.jpg","articleSection":["Kampanje i eventi","Uncategorized @me"],"inLanguage":"me-ME"},{"@type":"WebPage","@id":"https:\/\/www.evropskakuca.me\/me\/dan-evrope-2022\/","url":"https:\/\/www.evropskakuca.me\/me\/dan-evrope-2022\/","name":"Mjesec Evrope 2022 - Europe House","isPartOf":{"@id":"https:\/\/www.evropskakuca.me\/me\/#website"},"primaryImageOfPage":{"@id":"https:\/\/www.evropskakuca.me\/me\/dan-evrope-2022\/#primaryimage"},"image":{"@id":"https:\/\/www.evropskakuca.me\/me\/dan-evrope-2022\/#primaryimage"},"thumbnailUrl":"https:\/\/www.evropskakuca.me\/wp-content\/uploads\/2022\/05\/FRO_5227-scaled.jpg","datePublished":"2022-05-06T17:59:01+00:00","dateModified":"2025-01-21T11:40:20+00:00","breadcrumb":{"@id":"https:\/\/www.evropskakuca.me\/me\/dan-evrope-2022\/#breadcrumb"},"inLanguage":"me-ME","potentialAction":[{"@type":"ReadAction","target":["https:\/\/www.evropskakuca.me\/me\/dan-evrope-2022\/"]}]},{"@type":"ImageObject","inLanguage":"me-ME","@id":"https:\/\/www.evropskakuca.me\/me\/dan-evrope-2022\/#primaryimage","url":"https:\/\/www.evropskakuca.me\/wp-content\/uploads\/2022\/05\/FRO_5227-scaled.jpg","contentUrl":"https:\/\/www.evropskakuca.me\/wp-content\/uploads\/2022\/05\/FRO_5227-scaled.jpg","width":2560,"height":1707},{"@type":"BreadcrumbList","@id":"https:\/\/www.evropskakuca.me\/me\/dan-evrope-2022\/#breadcrumb","itemListElement":[{"@type":"ListItem","position":1,"name":"Home","item":"https:\/\/www.evropskakuca.me\/me\/"},{"@type":"ListItem","position":2,"name":"Mjesec Evrope 2022"}]},{"@type":"WebSite","@id":"https:\/\/www.evropskakuca.me\/me\/#website","url":"https:\/\/www.evropskakuca.me\/me\/","name":"Evropean house","description":"","publisher":{"@id":"https:\/\/www.evropskakuca.me\/me\/#organization"},"potentialAction":[{"@type":"SearchAction","target":{"@type":"EntryPoint","urlTemplate":"https:\/\/www.evropskakuca.me\/me\/?s={search_term_string}"},"query-input":{"@type":"PropertyValueSpecification","valueRequired":true,"valueName":"search_term_string"}}],"inLanguage":"me-ME"},{"@type":"Organization","@id":"https:\/\/www.evropskakuca.me\/me\/#organization","name":"Evropean house","url":"https:\/\/www.evropskakuca.me\/me\/","logo":{"@type":"ImageObject","inLanguage":"me-ME","@id":"https:\/\/www.evropskakuca.me\/me\/#\/schema\/logo\/image\/","url":"https:\/\/www.evropskakuca.me\/wp-content\/uploads\/2025\/01\/evropska-kuca-logo-1.png","contentUrl":"https:\/\/www.evropskakuca.me\/wp-content\/uploads\/2025\/01\/evropska-kuca-logo-1.png","width":425,"height":312,"caption":"Evropean house"},"image":{"@id":"https:\/\/www.evropskakuca.me\/me\/#\/schema\/logo\/image\/"},"sameAs":["https:\/\/www.facebook.com\/evropska.kuca","https:\/\/x.com\/evropska_kuca","https:\/\/www.instagram.com\/evropska_kuca"]},{"@type":"Person","@id":"https:\/\/www.evropskakuca.me\/me\/#\/schema\/person\/a1d0dcdaefe4a1cd1d60d200ea137ba4","name":"mkajic","image":{"@type":"ImageObject","inLanguage":"me-ME","@id":"https:\/\/secure.gravatar.com\/avatar\/731fa035cefab7316e6bafd1f25a93fb731a07de14e2d9923f8db4422628eabc?s=96&d=mm&r=g","url":"https:\/\/secure.gravatar.com\/avatar\/731fa035cefab7316e6bafd1f25a93fb731a07de14e2d9923f8db4422628eabc?s=96&d=mm&r=g","contentUrl":"https:\/\/secure.gravatar.com\/avatar\/731fa035cefab7316e6bafd1f25a93fb731a07de14e2d9923f8db4422628eabc?s=96&d=mm&r=g","caption":"mkajic"},"sameAs":["https:\/\/evropskakuca.me"],"url":"https:\/\/www.evropskakuca.me\/me\/author\/mkajic\/"}]}},"_links":{"self":[{"href":"https:\/\/www.evropskakuca.me\/me\/wp-json\/wp\/v2\/posts\/21458","targetHints":{"allow":["GET"]}}],"collection":[{"href":"https:\/\/www.evropskakuca.me\/me\/wp-json\/wp\/v2\/posts"}],"about":[{"href":"https:\/\/www.evropskakuca.me\/me\/wp-json\/wp\/v2\/types\/post"}],"author":[{"embeddable":true,"href":"https:\/\/www.evropskakuca.me\/me\/wp-json\/wp\/v2\/users\/1"}],"replies":[{"embeddable":true,"href":"https:\/\/www.evropskakuca.me\/me\/wp-json\/wp\/v2\/comments?post=21458"}],"version-history":[{"count":1,"href":"https:\/\/www.evropskakuca.me\/me\/wp-json\/wp\/v2\/posts\/21458\/revisions"}],"predecessor-version":[{"id":42482,"href":"https:\/\/www.evropskakuca.me\/me\/wp-json\/wp\/v2\/posts\/21458\/revisions\/42482"}],"wp:featuredmedia":[{"embeddable":true,"href":"https:\/\/www.evropskakuca.me\/me\/wp-json\/wp\/v2\/media\/42480"}],"wp:attachment":[{"href":"https:\/\/www.evropskakuca.me\/me\/wp-json\/wp\/v2\/media?parent=21458"}],"wp:term":[{"taxonomy":"category","embeddable":true,"href":"https:\/\/www.evropskakuca.me\/me\/wp-json\/wp\/v2\/categories?post=21458"},{"taxonomy":"post_tag","embeddable":true,"href":"https:\/\/www.evropskakuca.me\/me\/wp-json\/wp\/v2\/tags?post=21458"}],"curies":[{"name":"wp","href":"https:\/\/api.w.org\/{rel}","templated":true}]}}