{"id":20459,"date":"2022-04-15T15:55:23","date_gmt":"2022-04-15T15:55:23","guid":{"rendered":"http:\/\/www.evropskakuca.me\/?p=20459"},"modified":"2022-04-15T15:55:23","modified_gmt":"2022-04-15T15:55:23","slug":"dijalog-sa-mladima-u-godini-mladih","status":"publish","type":"post","link":"https:\/\/www.evropskakuca.me\/me\/dijalog-sa-mladima-u-godini-mladih\/","title":{"rendered":"Dijalog sa mladima u godini mladih"},"content":{"rendered":"<p>Dijalog i razmjena izme\u0111u mladih i onih koji donose odluke su klju\u010dni za pobolj\u0161anje komunikacije i izgradnju povjerenja. To daje priliku mladim ljudima da u\u010destvuju u kreiranju politika koje direktno uti\u010du na njihove \u017eivote u oblastima kao \u0161to su zapo\u0161ljavanje, \u017eivotna sredina, kultura i javno zdravlje, kazala je ambasadorka EU u Crnoj Gori Oana Kristina Popa u septembru 2021, kada su Delegacija EU i EU info centar sa partnerima pokrenuli pilot inicijativu \u201cDijalog sa mladima\u201d.<\/p>\n<p>Pilot inicijativa je bila uvod u 2022. godinu, koju je Evropska komisija proglasila za godinu mladih. \u201cDijalog sa mladima\u201d tako se nastavio i u godini mladih, pri \u010demu je krovna tema razli\u010ditih procesa, radionica, doga\u0111aja i konferencija koje se organizuju u dijalogu, zapo\u0161ljavanje mladih .<\/p>\n<p>Dijalog sa mladima nije samo va\u017ean za mlade, mo\u017eda je va\u017eniji za kreatore politika, kako bi stekli uvid u potrebe i \u017eelje mladih i usmjerili politike u tom pravcu. \u00a0\u00a0Evropski politi\u010dari i institucije imaju rutinu uklju\u010divanja mladih u kreiranje politika. \u201eDijalog sa mladima\u201c koji je inicirala i osna\u017eila Delegacija EU jeste i jedna vrsta ohrabrenja crnogorskim institucijama da usvoje tu praksu i prije nego \u0161to zemlja postane dio Evropske unije, jer je crnogorska mladost sve aktivnija.<\/p>\n<p>\u201cDijalog mladih EU\u201d(ranije poznat kao \u201cStrukturni dijalog\u201d) koji se sprovodi na nivou EU, predstavlja uspostavljen proces komunikacije donosioca odluka i mladih . To je proces u kojem mladi iz EU doprinose kreiranju politika koje su vazne za mlade. Kampanja \u201cDijalog sa mladima\u201d ima namjeru da jedan od njenih rezultata bude upravo i stvaranje okvira da se dijalog crnogorskih donosioca odluka i mladih institucionalizuje i nastavi i nakon \u0161to se sama kampanja zavr\u0161i.<\/p>\n<p>Krovna tema kampanje jeste zapo\u0161ljavanje mladih ali u sklopu \u00a0dijaloga od strane nadle\u017enih institucija ponu\u0111eno je sedam tema, odnosno konkretnih na\u010dina da se rije\u0161e neki od problema sa kojima se suo\u010davaju mladi. I to nije sve. Mladi su pozvani da kroz popunjavanje upitnika iznesu sve probleme sa kojima se suo\u010davaju. Nakon prikupljanja podataka iz procesa konsultacija, eksperti \u0107e zajedno sa studentima raditi na izvje\u0161taju i definisati podteme. Izvje\u0161taj \u0107e se koristiti za definisanje op\u0161tih tema o kojima \u0107e se razgovarati sa donosiocima odluka tokom konferencije koja \u0107e se odr\u017eati krajem maja. Cjelokupna kampanja pored online Dijaloga, podrazumijeva i 31 doga\u0111aj \u0161irom Crne Gore i jedan centralni &#8211; Dijalog sa mladima i nadle\u017enim institucijama.<\/p>\n<p>Ovu kampanju zajedni\u010dki sprovode Delegacija EU u Crnoj Gori, EU info centar, Ministarstvo prosvjete, nauke, kulture i sporta uz podr\u0161ku Regionalniog savjeta za saradnju i krovne organizacije &#8220;Mre\u017ea za mlade Crne Gore&#8221; kao i\u00a0 relevantna ministarstava: Ministarstvo ekonomskog razvoja, Ministarstvo finansija i socijalnog staranja i Ministarstvo zdravlja i veliki broj organizacija mladih &#8211; EYCA, Unija mladih preduzetnika, Studentski parlament, Organizacija crnogorskih studenata u inostranstvu, Unija srednjo\u0161kolaca Crne Gore, Crnogorsko udru\u017eenje studenata politi\u010dkih nauka, Radio Kr\u0161 i Portal Makanje.<\/p>\n<p>&nbsp;<\/p>\n","protected":false},"excerpt":{"rendered":"<p>Dijalog i razmjena izme\u0111u mladih i onih koji donose odluke su klju\u010dni za pobolj\u0161anje komunikacije i izgradnju povjerenja. To daje priliku mladim ljudima da u\u010destvuju u kreiranju politika koje direktno uti\u010du na njihove \u017eivote u oblastima kao \u0161to su zapo\u0161ljavanje, \u017eivotna sredina, kultura i javno zdravlje, kazala je ambasadorka EU u Crnoj Gori Oana Kristina [&hellip;]<\/p>\n","protected":false},"author":1,"featured_media":0,"comment_status":"closed","ping_status":"closed","sticky":false,"template":"","format":"standard","meta":{"_acf_changed":false,"footnotes":""},"categories":[],"tags":[],"class_list":["post-20459","post","type-post","status-publish","format-standard","hentry"],"acf":[],"yoast_head":"<!-- This site is optimized with the Yoast SEO plugin v27.3 - https:\/\/yoast.com\/product\/yoast-seo-wordpress\/ -->\n<title>Dijalog sa mladima u godini mladih - Europe House<\/title>\n<meta name=\"robots\" content=\"index, follow, max-snippet:-1, max-image-preview:large, max-video-preview:-1\" \/>\n<link rel=\"canonical\" href=\"https:\/\/www.evropskakuca.me\/me\/dijalog-sa-mladima-u-godini-mladih\/\" \/>\n<meta property=\"og:locale\" content=\"en_US\" \/>\n<meta property=\"og:type\" content=\"article\" \/>\n<meta property=\"og:title\" content=\"Dijalog sa mladima u godini mladih - Europe House\" \/>\n<meta property=\"og:description\" content=\"Dijalog i razmjena izme\u0111u mladih i onih koji donose odluke su klju\u010dni za pobolj\u0161anje komunikacije i izgradnju povjerenja. To daje priliku mladim ljudima da u\u010destvuju u kreiranju politika koje direktno uti\u010du na njihove \u017eivote u oblastima kao \u0161to su zapo\u0161ljavanje, \u017eivotna sredina, kultura i javno zdravlje, kazala je ambasadorka EU u Crnoj Gori Oana Kristina [&hellip;]\" \/>\n<meta property=\"og:url\" content=\"https:\/\/www.evropskakuca.me\/me\/dijalog-sa-mladima-u-godini-mladih\/\" \/>\n<meta property=\"og:site_name\" content=\"Europe House\" \/>\n<meta property=\"article:publisher\" content=\"https:\/\/www.facebook.com\/evropska.kuca\" \/>\n<meta property=\"article:published_time\" content=\"2022-04-15T15:55:23+00:00\" \/>\n<meta name=\"author\" content=\"mkajic\" \/>\n<meta name=\"twitter:card\" content=\"summary_large_image\" \/>\n<meta name=\"twitter:creator\" content=\"@evropska_kuca\" \/>\n<meta name=\"twitter:site\" content=\"@evropska_kuca\" \/>\n<meta name=\"twitter:label1\" content=\"Written by\" \/>\n\t<meta name=\"twitter:data1\" content=\"mkajic\" \/>\n\t<meta name=\"twitter:label2\" content=\"Est. reading time\" \/>\n\t<meta name=\"twitter:data2\" content=\"2 minutes\" \/>\n<script type=\"application\/ld+json\" class=\"yoast-schema-graph\">{\"@context\":\"https:\\\/\\\/schema.org\",\"@graph\":[{\"@type\":\"Article\",\"@id\":\"https:\\\/\\\/www.evropskakuca.me\\\/me\\\/dijalog-sa-mladima-u-godini-mladih\\\/#article\",\"isPartOf\":{\"@id\":\"https:\\\/\\\/www.evropskakuca.me\\\/me\\\/dijalog-sa-mladima-u-godini-mladih\\\/\"},\"author\":{\"name\":\"mkajic\",\"@id\":\"https:\\\/\\\/www.evropskakuca.me\\\/me\\\/#\\\/schema\\\/person\\\/a1d0dcdaefe4a1cd1d60d200ea137ba4\"},\"headline\":\"Dijalog sa mladima u godini mladih\",\"datePublished\":\"2022-04-15T15:55:23+00:00\",\"mainEntityOfPage\":{\"@id\":\"https:\\\/\\\/www.evropskakuca.me\\\/me\\\/dijalog-sa-mladima-u-godini-mladih\\\/\"},\"wordCount\":497,\"publisher\":{\"@id\":\"https:\\\/\\\/www.evropskakuca.me\\\/me\\\/#organization\"},\"inLanguage\":\"me-ME\"},{\"@type\":\"WebPage\",\"@id\":\"https:\\\/\\\/www.evropskakuca.me\\\/me\\\/dijalog-sa-mladima-u-godini-mladih\\\/\",\"url\":\"https:\\\/\\\/www.evropskakuca.me\\\/me\\\/dijalog-sa-mladima-u-godini-mladih\\\/\",\"name\":\"Dijalog sa mladima u godini mladih - Europe House\",\"isPartOf\":{\"@id\":\"https:\\\/\\\/www.evropskakuca.me\\\/me\\\/#website\"},\"datePublished\":\"2022-04-15T15:55:23+00:00\",\"breadcrumb\":{\"@id\":\"https:\\\/\\\/www.evropskakuca.me\\\/me\\\/dijalog-sa-mladima-u-godini-mladih\\\/#breadcrumb\"},\"inLanguage\":\"me-ME\",\"potentialAction\":[{\"@type\":\"ReadAction\",\"target\":[\"https:\\\/\\\/www.evropskakuca.me\\\/me\\\/dijalog-sa-mladima-u-godini-mladih\\\/\"]}]},{\"@type\":\"BreadcrumbList\",\"@id\":\"https:\\\/\\\/www.evropskakuca.me\\\/me\\\/dijalog-sa-mladima-u-godini-mladih\\\/#breadcrumb\",\"itemListElement\":[{\"@type\":\"ListItem\",\"position\":1,\"name\":\"Home\",\"item\":\"https:\\\/\\\/www.evropskakuca.me\\\/me\\\/\"},{\"@type\":\"ListItem\",\"position\":2,\"name\":\"Dijalog sa mladima u godini mladih\"}]},{\"@type\":\"WebSite\",\"@id\":\"https:\\\/\\\/www.evropskakuca.me\\\/me\\\/#website\",\"url\":\"https:\\\/\\\/www.evropskakuca.me\\\/me\\\/\",\"name\":\"Evropean house\",\"description\":\"\",\"publisher\":{\"@id\":\"https:\\\/\\\/www.evropskakuca.me\\\/me\\\/#organization\"},\"potentialAction\":[{\"@type\":\"SearchAction\",\"target\":{\"@type\":\"EntryPoint\",\"urlTemplate\":\"https:\\\/\\\/www.evropskakuca.me\\\/me\\\/?s={search_term_string}\"},\"query-input\":{\"@type\":\"PropertyValueSpecification\",\"valueRequired\":true,\"valueName\":\"search_term_string\"}}],\"inLanguage\":\"me-ME\"},{\"@type\":\"Organization\",\"@id\":\"https:\\\/\\\/www.evropskakuca.me\\\/me\\\/#organization\",\"name\":\"Evropean house\",\"url\":\"https:\\\/\\\/www.evropskakuca.me\\\/me\\\/\",\"logo\":{\"@type\":\"ImageObject\",\"inLanguage\":\"me-ME\",\"@id\":\"https:\\\/\\\/www.evropskakuca.me\\\/me\\\/#\\\/schema\\\/logo\\\/image\\\/\",\"url\":\"https:\\\/\\\/www.evropskakuca.me\\\/wp-content\\\/uploads\\\/2025\\\/01\\\/evropska-kuca-logo-1.png\",\"contentUrl\":\"https:\\\/\\\/www.evropskakuca.me\\\/wp-content\\\/uploads\\\/2025\\\/01\\\/evropska-kuca-logo-1.png\",\"width\":425,\"height\":312,\"caption\":\"Evropean house\"},\"image\":{\"@id\":\"https:\\\/\\\/www.evropskakuca.me\\\/me\\\/#\\\/schema\\\/logo\\\/image\\\/\"},\"sameAs\":[\"https:\\\/\\\/www.facebook.com\\\/evropska.kuca\",\"https:\\\/\\\/x.com\\\/evropska_kuca\",\"https:\\\/\\\/www.instagram.com\\\/evropska_kuca\"]},{\"@type\":\"Person\",\"@id\":\"https:\\\/\\\/www.evropskakuca.me\\\/me\\\/#\\\/schema\\\/person\\\/a1d0dcdaefe4a1cd1d60d200ea137ba4\",\"name\":\"mkajic\",\"image\":{\"@type\":\"ImageObject\",\"inLanguage\":\"me-ME\",\"@id\":\"https:\\\/\\\/secure.gravatar.com\\\/avatar\\\/731fa035cefab7316e6bafd1f25a93fb731a07de14e2d9923f8db4422628eabc?s=96&d=mm&r=g\",\"url\":\"https:\\\/\\\/secure.gravatar.com\\\/avatar\\\/731fa035cefab7316e6bafd1f25a93fb731a07de14e2d9923f8db4422628eabc?s=96&d=mm&r=g\",\"contentUrl\":\"https:\\\/\\\/secure.gravatar.com\\\/avatar\\\/731fa035cefab7316e6bafd1f25a93fb731a07de14e2d9923f8db4422628eabc?s=96&d=mm&r=g\",\"caption\":\"mkajic\"},\"sameAs\":[\"https:\\\/\\\/evropskakuca.me\"],\"url\":\"https:\\\/\\\/www.evropskakuca.me\\\/me\\\/author\\\/mkajic\\\/\"}]}<\/script>\n<!-- \/ Yoast SEO plugin. -->","yoast_head_json":{"title":"Dijalog sa mladima u godini mladih - Europe House","robots":{"index":"index","follow":"follow","max-snippet":"max-snippet:-1","max-image-preview":"max-image-preview:large","max-video-preview":"max-video-preview:-1"},"canonical":"https:\/\/www.evropskakuca.me\/me\/dijalog-sa-mladima-u-godini-mladih\/","og_locale":"en_US","og_type":"article","og_title":"Dijalog sa mladima u godini mladih - Europe House","og_description":"Dijalog i razmjena izme\u0111u mladih i onih koji donose odluke su klju\u010dni za pobolj\u0161anje komunikacije i izgradnju povjerenja. To daje priliku mladim ljudima da u\u010destvuju u kreiranju politika koje direktno uti\u010du na njihove \u017eivote u oblastima kao \u0161to su zapo\u0161ljavanje, \u017eivotna sredina, kultura i javno zdravlje, kazala je ambasadorka EU u Crnoj Gori Oana Kristina [&hellip;]","og_url":"https:\/\/www.evropskakuca.me\/me\/dijalog-sa-mladima-u-godini-mladih\/","og_site_name":"Europe House","article_publisher":"https:\/\/www.facebook.com\/evropska.kuca","article_published_time":"2022-04-15T15:55:23+00:00","author":"mkajic","twitter_card":"summary_large_image","twitter_creator":"@evropska_kuca","twitter_site":"@evropska_kuca","twitter_misc":{"Written by":"mkajic","Est. reading time":"2 minutes"},"schema":{"@context":"https:\/\/schema.org","@graph":[{"@type":"Article","@id":"https:\/\/www.evropskakuca.me\/me\/dijalog-sa-mladima-u-godini-mladih\/#article","isPartOf":{"@id":"https:\/\/www.evropskakuca.me\/me\/dijalog-sa-mladima-u-godini-mladih\/"},"author":{"name":"mkajic","@id":"https:\/\/www.evropskakuca.me\/me\/#\/schema\/person\/a1d0dcdaefe4a1cd1d60d200ea137ba4"},"headline":"Dijalog sa mladima u godini mladih","datePublished":"2022-04-15T15:55:23+00:00","mainEntityOfPage":{"@id":"https:\/\/www.evropskakuca.me\/me\/dijalog-sa-mladima-u-godini-mladih\/"},"wordCount":497,"publisher":{"@id":"https:\/\/www.evropskakuca.me\/me\/#organization"},"inLanguage":"me-ME"},{"@type":"WebPage","@id":"https:\/\/www.evropskakuca.me\/me\/dijalog-sa-mladima-u-godini-mladih\/","url":"https:\/\/www.evropskakuca.me\/me\/dijalog-sa-mladima-u-godini-mladih\/","name":"Dijalog sa mladima u godini mladih - Europe House","isPartOf":{"@id":"https:\/\/www.evropskakuca.me\/me\/#website"},"datePublished":"2022-04-15T15:55:23+00:00","breadcrumb":{"@id":"https:\/\/www.evropskakuca.me\/me\/dijalog-sa-mladima-u-godini-mladih\/#breadcrumb"},"inLanguage":"me-ME","potentialAction":[{"@type":"ReadAction","target":["https:\/\/www.evropskakuca.me\/me\/dijalog-sa-mladima-u-godini-mladih\/"]}]},{"@type":"BreadcrumbList","@id":"https:\/\/www.evropskakuca.me\/me\/dijalog-sa-mladima-u-godini-mladih\/#breadcrumb","itemListElement":[{"@type":"ListItem","position":1,"name":"Home","item":"https:\/\/www.evropskakuca.me\/me\/"},{"@type":"ListItem","position":2,"name":"Dijalog sa mladima u godini mladih"}]},{"@type":"WebSite","@id":"https:\/\/www.evropskakuca.me\/me\/#website","url":"https:\/\/www.evropskakuca.me\/me\/","name":"Evropean house","description":"","publisher":{"@id":"https:\/\/www.evropskakuca.me\/me\/#organization"},"potentialAction":[{"@type":"SearchAction","target":{"@type":"EntryPoint","urlTemplate":"https:\/\/www.evropskakuca.me\/me\/?s={search_term_string}"},"query-input":{"@type":"PropertyValueSpecification","valueRequired":true,"valueName":"search_term_string"}}],"inLanguage":"me-ME"},{"@type":"Organization","@id":"https:\/\/www.evropskakuca.me\/me\/#organization","name":"Evropean house","url":"https:\/\/www.evropskakuca.me\/me\/","logo":{"@type":"ImageObject","inLanguage":"me-ME","@id":"https:\/\/www.evropskakuca.me\/me\/#\/schema\/logo\/image\/","url":"https:\/\/www.evropskakuca.me\/wp-content\/uploads\/2025\/01\/evropska-kuca-logo-1.png","contentUrl":"https:\/\/www.evropskakuca.me\/wp-content\/uploads\/2025\/01\/evropska-kuca-logo-1.png","width":425,"height":312,"caption":"Evropean house"},"image":{"@id":"https:\/\/www.evropskakuca.me\/me\/#\/schema\/logo\/image\/"},"sameAs":["https:\/\/www.facebook.com\/evropska.kuca","https:\/\/x.com\/evropska_kuca","https:\/\/www.instagram.com\/evropska_kuca"]},{"@type":"Person","@id":"https:\/\/www.evropskakuca.me\/me\/#\/schema\/person\/a1d0dcdaefe4a1cd1d60d200ea137ba4","name":"mkajic","image":{"@type":"ImageObject","inLanguage":"me-ME","@id":"https:\/\/secure.gravatar.com\/avatar\/731fa035cefab7316e6bafd1f25a93fb731a07de14e2d9923f8db4422628eabc?s=96&d=mm&r=g","url":"https:\/\/secure.gravatar.com\/avatar\/731fa035cefab7316e6bafd1f25a93fb731a07de14e2d9923f8db4422628eabc?s=96&d=mm&r=g","contentUrl":"https:\/\/secure.gravatar.com\/avatar\/731fa035cefab7316e6bafd1f25a93fb731a07de14e2d9923f8db4422628eabc?s=96&d=mm&r=g","caption":"mkajic"},"sameAs":["https:\/\/evropskakuca.me"],"url":"https:\/\/www.evropskakuca.me\/me\/author\/mkajic\/"}]}},"_links":{"self":[{"href":"https:\/\/www.evropskakuca.me\/me\/wp-json\/wp\/v2\/posts\/20459","targetHints":{"allow":["GET"]}}],"collection":[{"href":"https:\/\/www.evropskakuca.me\/me\/wp-json\/wp\/v2\/posts"}],"about":[{"href":"https:\/\/www.evropskakuca.me\/me\/wp-json\/wp\/v2\/types\/post"}],"author":[{"embeddable":true,"href":"https:\/\/www.evropskakuca.me\/me\/wp-json\/wp\/v2\/users\/1"}],"replies":[{"embeddable":true,"href":"https:\/\/www.evropskakuca.me\/me\/wp-json\/wp\/v2\/comments?post=20459"}],"version-history":[{"count":0,"href":"https:\/\/www.evropskakuca.me\/me\/wp-json\/wp\/v2\/posts\/20459\/revisions"}],"wp:attachment":[{"href":"https:\/\/www.evropskakuca.me\/me\/wp-json\/wp\/v2\/media?parent=20459"}],"wp:term":[{"taxonomy":"category","embeddable":true,"href":"https:\/\/www.evropskakuca.me\/me\/wp-json\/wp\/v2\/categories?post=20459"},{"taxonomy":"post_tag","embeddable":true,"href":"https:\/\/www.evropskakuca.me\/me\/wp-json\/wp\/v2\/tags?post=20459"}],"curies":[{"name":"wp","href":"https:\/\/api.w.org\/{rel}","templated":true}]}}