{"id":20114,"date":"2022-03-15T15:04:40","date_gmt":"2022-03-15T15:04:40","guid":{"rendered":"http:\/\/www.evropskakuca.me\/?p=20114"},"modified":"2022-03-15T15:04:40","modified_gmt":"2022-03-15T15:04:40","slug":"primjeri-zenstva-i-junastva-stana-tomasevic-arnesen","status":"publish","type":"post","link":"https:\/\/www.evropskakuca.me\/me\/primjeri-zenstva-i-junastva-stana-tomasevic-arnesen\/","title":{"rendered":"Primjeri \u017eenstva i juna\u0161tva \u2013 Stana Toma\u0161evi\u0107 Arnesen"},"content":{"rendered":"<p class=\"v1MsoNormal\">\u201eDobro do\u0161li po drugi put u Norve\u0161ku&#8221; pisalo je u novinama, kada je Stana Toma\u0161evi\u0107 stupila na du\u017enost jugoslovenskog ambasadora u Oslu, kao prva \u017eena na toj funkciji. Kako, onda, po drugi put?<\/p>\n<p class=\"v1MsoNormal\">Norve\u017eani su znali Stanin lik. Engleski avioni izbacivali su 1944. godine iznad Norve\u0161ke letke pozivaju\u0107i omladinu da slijedi primjer hrabre partizanke na njemu. Letak je stigao u ruke slikara Arnea Taraldsena. Od sopstvene kose napravio je \u010detkicu i lik nepoznate ratnice prenio na platno. Ta slika pojavila se u ilegalnom listu pokreta otpora,\u00a0<span lang=\"SR-LATN-RS\">autor\u00a0<\/span>\u010dlanka pozivao je:\u00a0budite hrabri kao \u017eene Jugoslavije, budite hrabri kao Stana Toma\u0161evi\u0107.<\/p>\n<p class=\"v1MsoNormal\">Stana je otvorila kongres u Drvaru, onaj istorijski. Sjutradan je dobila poziv Randolfa \u010cer\u010dila, sina britanskog premijera.\u00a0<span lang=\"SR-LATN-RS\">I\u00a0<\/span>zadatak da izdejstvuje avion za prebacivanje \u0161tampe sa slobodne teritorije. \u010cer\u010dil ju je uputio na majora Klarka, \u0161efa britanske misije za Crnu Goru i Hercegovinu, koji je bio o\u010daran njenom hrabro\u0161\u0107u. Britanski reporteri \u017eeljeli su da je fotografi\u0161u, ali je pobjegla. Pa\u00a0<span lang=\"SR-LATN-RS\">je\u00a0<\/span>dobila zvani\u010dno nare\u0111enje. I \u2013 otud fotografija na letku. I otud slika u novinama.<\/p>\n<p class=\"v1MsoNormal\">Djevojka\u00a0koja je morala da bira izme\u0111u \u017eelje da vidi oca i brata i obaveze da poslu\u0161a o\u010devu poruku: \u2013 Ne predaj se \u017eiva. Djevoj\u010dice koja se zbog o\u010deve slu\u017ebe selila po raznim gradovima. U\u010diteljice u malom selu kraj Pljevalja kad je rat po\u010deo. \u017dene koja je poslije rata zavr\u0161ila studije, puno putovala, \u010ditala nove knjige, obilazila izlo\u017ebe.<\/p>\n<p class=\"v1MsoNormal\">Bila je prva \u017eena komesar. Poslanica u Saveznoj skup\u0161tini. I prva ambasadorka Jugoslavije.<\/p>\n<p class=\"v1MsoNormal\">U Norve\u0161koj je prona\u0161la i nedostaju\u0107i komadi\u0107, udala se za sineastu Eugena Arnesena.\u00a0Poslije Norve\u0161ke, jo\u0161 jednom je bila ambasadorka, u Danskoj. Odlikovana je visokim odlikovanjima Jugoslavije, Norve\u0161ke, Danske, Italije, Holandije i Luksemburga.<\/p>\n<p class=\"v1MsoNormal\">Umrla je u ljeto 1983. A iza nje ostao je legat u Zavi\u010dajnom muzeju u Baru.<\/p>\n<p class=\"v1MsoNormal\">\n","protected":false},"excerpt":{"rendered":"<p>\u201eDobro do\u0161li po drugi put u Norve\u0161ku&#8221; pisalo je u novinama, kada je Stana Toma\u0161evi\u0107 stupila na du\u017enost jugoslovenskog ambasadora u Oslu, kao prva \u017eena na toj funkciji. Kako, onda, po drugi put? Norve\u017eani su znali Stanin lik. Engleski avioni izbacivali su 1944. godine iznad Norve\u0161ke letke pozivaju\u0107i omladinu da slijedi primjer hrabre partizanke na [&hellip;]<\/p>\n","protected":false},"author":1,"featured_media":38078,"comment_status":"closed","ping_status":"closed","sticky":false,"template":"","format":"standard","meta":{"_acf_changed":false,"footnotes":""},"categories":[],"tags":[],"class_list":["post-20114","post","type-post","status-publish","format-standard","has-post-thumbnail","hentry"],"acf":[],"yoast_head":"<!-- This site is optimized with the Yoast SEO plugin v27.3 - https:\/\/yoast.com\/product\/yoast-seo-wordpress\/ -->\n<title>Primjeri \u017eenstva i juna\u0161tva \u2013 Stana Toma\u0161evi\u0107 Arnesen - Europe House<\/title>\n<meta name=\"robots\" content=\"index, follow, max-snippet:-1, max-image-preview:large, max-video-preview:-1\" \/>\n<link rel=\"canonical\" href=\"https:\/\/www.evropskakuca.me\/me\/primjeri-zenstva-i-junastva-stana-tomasevic-arnesen\/\" \/>\n<meta property=\"og:locale\" content=\"en_US\" \/>\n<meta property=\"og:type\" content=\"article\" \/>\n<meta property=\"og:title\" content=\"Primjeri \u017eenstva i juna\u0161tva \u2013 Stana Toma\u0161evi\u0107 Arnesen - Europe House\" \/>\n<meta property=\"og:description\" content=\"\u201eDobro do\u0161li po drugi put u Norve\u0161ku&#8221; pisalo je u novinama, kada je Stana Toma\u0161evi\u0107 stupila na du\u017enost jugoslovenskog ambasadora u Oslu, kao prva \u017eena na toj funkciji. Kako, onda, po drugi put? Norve\u017eani su znali Stanin lik. Engleski avioni izbacivali su 1944. godine iznad Norve\u0161ke letke pozivaju\u0107i omladinu da slijedi primjer hrabre partizanke na [&hellip;]\" \/>\n<meta property=\"og:url\" content=\"https:\/\/www.evropskakuca.me\/me\/primjeri-zenstva-i-junastva-stana-tomasevic-arnesen\/\" \/>\n<meta property=\"og:site_name\" content=\"Europe House\" \/>\n<meta property=\"article:publisher\" content=\"https:\/\/www.facebook.com\/evropska.kuca\" \/>\n<meta property=\"article:published_time\" content=\"2022-03-15T15:04:40+00:00\" \/>\n<meta property=\"og:image\" content=\"https:\/\/www.evropskakuca.me\/wp-content\/uploads\/2022\/03\/STANA_feed.jpg\" \/>\n\t<meta property=\"og:image:width\" content=\"1080\" \/>\n\t<meta property=\"og:image:height\" content=\"1080\" \/>\n\t<meta property=\"og:image:type\" content=\"image\/jpeg\" \/>\n<meta name=\"author\" content=\"mkajic\" \/>\n<meta name=\"twitter:card\" content=\"summary_large_image\" \/>\n<meta name=\"twitter:creator\" content=\"@evropska_kuca\" \/>\n<meta name=\"twitter:site\" content=\"@evropska_kuca\" \/>\n<meta name=\"twitter:label1\" content=\"Written by\" \/>\n\t<meta name=\"twitter:data1\" content=\"mkajic\" \/>\n\t<meta name=\"twitter:label2\" content=\"Est. reading time\" \/>\n\t<meta name=\"twitter:data2\" content=\"2 minutes\" \/>\n<script type=\"application\/ld+json\" class=\"yoast-schema-graph\">{\"@context\":\"https:\\\/\\\/schema.org\",\"@graph\":[{\"@type\":\"Article\",\"@id\":\"https:\\\/\\\/www.evropskakuca.me\\\/me\\\/primjeri-zenstva-i-junastva-stana-tomasevic-arnesen\\\/#article\",\"isPartOf\":{\"@id\":\"https:\\\/\\\/www.evropskakuca.me\\\/me\\\/primjeri-zenstva-i-junastva-stana-tomasevic-arnesen\\\/\"},\"author\":{\"name\":\"mkajic\",\"@id\":\"https:\\\/\\\/www.evropskakuca.me\\\/me\\\/#\\\/schema\\\/person\\\/a1d0dcdaefe4a1cd1d60d200ea137ba4\"},\"headline\":\"Primjeri \u017eenstva i juna\u0161tva \u2013 Stana Toma\u0161evi\u0107 Arnesen\",\"datePublished\":\"2022-03-15T15:04:40+00:00\",\"mainEntityOfPage\":{\"@id\":\"https:\\\/\\\/www.evropskakuca.me\\\/me\\\/primjeri-zenstva-i-junastva-stana-tomasevic-arnesen\\\/\"},\"wordCount\":332,\"publisher\":{\"@id\":\"https:\\\/\\\/www.evropskakuca.me\\\/me\\\/#organization\"},\"image\":{\"@id\":\"https:\\\/\\\/www.evropskakuca.me\\\/me\\\/primjeri-zenstva-i-junastva-stana-tomasevic-arnesen\\\/#primaryimage\"},\"thumbnailUrl\":\"https:\\\/\\\/www.evropskakuca.me\\\/wp-content\\\/uploads\\\/2022\\\/03\\\/STANA_feed.jpg\",\"inLanguage\":\"me-ME\"},{\"@type\":\"WebPage\",\"@id\":\"https:\\\/\\\/www.evropskakuca.me\\\/me\\\/primjeri-zenstva-i-junastva-stana-tomasevic-arnesen\\\/\",\"url\":\"https:\\\/\\\/www.evropskakuca.me\\\/me\\\/primjeri-zenstva-i-junastva-stana-tomasevic-arnesen\\\/\",\"name\":\"Primjeri \u017eenstva i juna\u0161tva \u2013 Stana Toma\u0161evi\u0107 Arnesen - Europe House\",\"isPartOf\":{\"@id\":\"https:\\\/\\\/www.evropskakuca.me\\\/me\\\/#website\"},\"primaryImageOfPage\":{\"@id\":\"https:\\\/\\\/www.evropskakuca.me\\\/me\\\/primjeri-zenstva-i-junastva-stana-tomasevic-arnesen\\\/#primaryimage\"},\"image\":{\"@id\":\"https:\\\/\\\/www.evropskakuca.me\\\/me\\\/primjeri-zenstva-i-junastva-stana-tomasevic-arnesen\\\/#primaryimage\"},\"thumbnailUrl\":\"https:\\\/\\\/www.evropskakuca.me\\\/wp-content\\\/uploads\\\/2022\\\/03\\\/STANA_feed.jpg\",\"datePublished\":\"2022-03-15T15:04:40+00:00\",\"breadcrumb\":{\"@id\":\"https:\\\/\\\/www.evropskakuca.me\\\/me\\\/primjeri-zenstva-i-junastva-stana-tomasevic-arnesen\\\/#breadcrumb\"},\"inLanguage\":\"me-ME\",\"potentialAction\":[{\"@type\":\"ReadAction\",\"target\":[\"https:\\\/\\\/www.evropskakuca.me\\\/me\\\/primjeri-zenstva-i-junastva-stana-tomasevic-arnesen\\\/\"]}]},{\"@type\":\"ImageObject\",\"inLanguage\":\"me-ME\",\"@id\":\"https:\\\/\\\/www.evropskakuca.me\\\/me\\\/primjeri-zenstva-i-junastva-stana-tomasevic-arnesen\\\/#primaryimage\",\"url\":\"https:\\\/\\\/www.evropskakuca.me\\\/wp-content\\\/uploads\\\/2022\\\/03\\\/STANA_feed.jpg\",\"contentUrl\":\"https:\\\/\\\/www.evropskakuca.me\\\/wp-content\\\/uploads\\\/2022\\\/03\\\/STANA_feed.jpg\",\"width\":1080,\"height\":1080},{\"@type\":\"BreadcrumbList\",\"@id\":\"https:\\\/\\\/www.evropskakuca.me\\\/me\\\/primjeri-zenstva-i-junastva-stana-tomasevic-arnesen\\\/#breadcrumb\",\"itemListElement\":[{\"@type\":\"ListItem\",\"position\":1,\"name\":\"Home\",\"item\":\"https:\\\/\\\/www.evropskakuca.me\\\/me\\\/\"},{\"@type\":\"ListItem\",\"position\":2,\"name\":\"Primjeri \u017eenstva i juna\u0161tva \u2013 Stana Toma\u0161evi\u0107 Arnesen\"}]},{\"@type\":\"WebSite\",\"@id\":\"https:\\\/\\\/www.evropskakuca.me\\\/me\\\/#website\",\"url\":\"https:\\\/\\\/www.evropskakuca.me\\\/me\\\/\",\"name\":\"Evropean house\",\"description\":\"\",\"publisher\":{\"@id\":\"https:\\\/\\\/www.evropskakuca.me\\\/me\\\/#organization\"},\"potentialAction\":[{\"@type\":\"SearchAction\",\"target\":{\"@type\":\"EntryPoint\",\"urlTemplate\":\"https:\\\/\\\/www.evropskakuca.me\\\/me\\\/?s={search_term_string}\"},\"query-input\":{\"@type\":\"PropertyValueSpecification\",\"valueRequired\":true,\"valueName\":\"search_term_string\"}}],\"inLanguage\":\"me-ME\"},{\"@type\":\"Organization\",\"@id\":\"https:\\\/\\\/www.evropskakuca.me\\\/me\\\/#organization\",\"name\":\"Evropean house\",\"url\":\"https:\\\/\\\/www.evropskakuca.me\\\/me\\\/\",\"logo\":{\"@type\":\"ImageObject\",\"inLanguage\":\"me-ME\",\"@id\":\"https:\\\/\\\/www.evropskakuca.me\\\/me\\\/#\\\/schema\\\/logo\\\/image\\\/\",\"url\":\"https:\\\/\\\/www.evropskakuca.me\\\/wp-content\\\/uploads\\\/2025\\\/01\\\/evropska-kuca-logo-1.png\",\"contentUrl\":\"https:\\\/\\\/www.evropskakuca.me\\\/wp-content\\\/uploads\\\/2025\\\/01\\\/evropska-kuca-logo-1.png\",\"width\":425,\"height\":312,\"caption\":\"Evropean house\"},\"image\":{\"@id\":\"https:\\\/\\\/www.evropskakuca.me\\\/me\\\/#\\\/schema\\\/logo\\\/image\\\/\"},\"sameAs\":[\"https:\\\/\\\/www.facebook.com\\\/evropska.kuca\",\"https:\\\/\\\/x.com\\\/evropska_kuca\",\"https:\\\/\\\/www.instagram.com\\\/evropska_kuca\"]},{\"@type\":\"Person\",\"@id\":\"https:\\\/\\\/www.evropskakuca.me\\\/me\\\/#\\\/schema\\\/person\\\/a1d0dcdaefe4a1cd1d60d200ea137ba4\",\"name\":\"mkajic\",\"image\":{\"@type\":\"ImageObject\",\"inLanguage\":\"me-ME\",\"@id\":\"https:\\\/\\\/secure.gravatar.com\\\/avatar\\\/731fa035cefab7316e6bafd1f25a93fb731a07de14e2d9923f8db4422628eabc?s=96&d=mm&r=g\",\"url\":\"https:\\\/\\\/secure.gravatar.com\\\/avatar\\\/731fa035cefab7316e6bafd1f25a93fb731a07de14e2d9923f8db4422628eabc?s=96&d=mm&r=g\",\"contentUrl\":\"https:\\\/\\\/secure.gravatar.com\\\/avatar\\\/731fa035cefab7316e6bafd1f25a93fb731a07de14e2d9923f8db4422628eabc?s=96&d=mm&r=g\",\"caption\":\"mkajic\"},\"sameAs\":[\"https:\\\/\\\/evropskakuca.me\"],\"url\":\"https:\\\/\\\/www.evropskakuca.me\\\/me\\\/author\\\/mkajic\\\/\"}]}<\/script>\n<!-- \/ Yoast SEO plugin. -->","yoast_head_json":{"title":"Primjeri \u017eenstva i juna\u0161tva \u2013 Stana Toma\u0161evi\u0107 Arnesen - Europe House","robots":{"index":"index","follow":"follow","max-snippet":"max-snippet:-1","max-image-preview":"max-image-preview:large","max-video-preview":"max-video-preview:-1"},"canonical":"https:\/\/www.evropskakuca.me\/me\/primjeri-zenstva-i-junastva-stana-tomasevic-arnesen\/","og_locale":"en_US","og_type":"article","og_title":"Primjeri \u017eenstva i juna\u0161tva \u2013 Stana Toma\u0161evi\u0107 Arnesen - Europe House","og_description":"\u201eDobro do\u0161li po drugi put u Norve\u0161ku&#8221; pisalo je u novinama, kada je Stana Toma\u0161evi\u0107 stupila na du\u017enost jugoslovenskog ambasadora u Oslu, kao prva \u017eena na toj funkciji. Kako, onda, po drugi put? Norve\u017eani su znali Stanin lik. Engleski avioni izbacivali su 1944. godine iznad Norve\u0161ke letke pozivaju\u0107i omladinu da slijedi primjer hrabre partizanke na [&hellip;]","og_url":"https:\/\/www.evropskakuca.me\/me\/primjeri-zenstva-i-junastva-stana-tomasevic-arnesen\/","og_site_name":"Europe House","article_publisher":"https:\/\/www.facebook.com\/evropska.kuca","article_published_time":"2022-03-15T15:04:40+00:00","og_image":[{"width":1080,"height":1080,"url":"https:\/\/www.evropskakuca.me\/wp-content\/uploads\/2022\/03\/STANA_feed.jpg","type":"image\/jpeg"}],"author":"mkajic","twitter_card":"summary_large_image","twitter_creator":"@evropska_kuca","twitter_site":"@evropska_kuca","twitter_misc":{"Written by":"mkajic","Est. reading time":"2 minutes"},"schema":{"@context":"https:\/\/schema.org","@graph":[{"@type":"Article","@id":"https:\/\/www.evropskakuca.me\/me\/primjeri-zenstva-i-junastva-stana-tomasevic-arnesen\/#article","isPartOf":{"@id":"https:\/\/www.evropskakuca.me\/me\/primjeri-zenstva-i-junastva-stana-tomasevic-arnesen\/"},"author":{"name":"mkajic","@id":"https:\/\/www.evropskakuca.me\/me\/#\/schema\/person\/a1d0dcdaefe4a1cd1d60d200ea137ba4"},"headline":"Primjeri \u017eenstva i juna\u0161tva \u2013 Stana Toma\u0161evi\u0107 Arnesen","datePublished":"2022-03-15T15:04:40+00:00","mainEntityOfPage":{"@id":"https:\/\/www.evropskakuca.me\/me\/primjeri-zenstva-i-junastva-stana-tomasevic-arnesen\/"},"wordCount":332,"publisher":{"@id":"https:\/\/www.evropskakuca.me\/me\/#organization"},"image":{"@id":"https:\/\/www.evropskakuca.me\/me\/primjeri-zenstva-i-junastva-stana-tomasevic-arnesen\/#primaryimage"},"thumbnailUrl":"https:\/\/www.evropskakuca.me\/wp-content\/uploads\/2022\/03\/STANA_feed.jpg","inLanguage":"me-ME"},{"@type":"WebPage","@id":"https:\/\/www.evropskakuca.me\/me\/primjeri-zenstva-i-junastva-stana-tomasevic-arnesen\/","url":"https:\/\/www.evropskakuca.me\/me\/primjeri-zenstva-i-junastva-stana-tomasevic-arnesen\/","name":"Primjeri \u017eenstva i juna\u0161tva \u2013 Stana Toma\u0161evi\u0107 Arnesen - Europe House","isPartOf":{"@id":"https:\/\/www.evropskakuca.me\/me\/#website"},"primaryImageOfPage":{"@id":"https:\/\/www.evropskakuca.me\/me\/primjeri-zenstva-i-junastva-stana-tomasevic-arnesen\/#primaryimage"},"image":{"@id":"https:\/\/www.evropskakuca.me\/me\/primjeri-zenstva-i-junastva-stana-tomasevic-arnesen\/#primaryimage"},"thumbnailUrl":"https:\/\/www.evropskakuca.me\/wp-content\/uploads\/2022\/03\/STANA_feed.jpg","datePublished":"2022-03-15T15:04:40+00:00","breadcrumb":{"@id":"https:\/\/www.evropskakuca.me\/me\/primjeri-zenstva-i-junastva-stana-tomasevic-arnesen\/#breadcrumb"},"inLanguage":"me-ME","potentialAction":[{"@type":"ReadAction","target":["https:\/\/www.evropskakuca.me\/me\/primjeri-zenstva-i-junastva-stana-tomasevic-arnesen\/"]}]},{"@type":"ImageObject","inLanguage":"me-ME","@id":"https:\/\/www.evropskakuca.me\/me\/primjeri-zenstva-i-junastva-stana-tomasevic-arnesen\/#primaryimage","url":"https:\/\/www.evropskakuca.me\/wp-content\/uploads\/2022\/03\/STANA_feed.jpg","contentUrl":"https:\/\/www.evropskakuca.me\/wp-content\/uploads\/2022\/03\/STANA_feed.jpg","width":1080,"height":1080},{"@type":"BreadcrumbList","@id":"https:\/\/www.evropskakuca.me\/me\/primjeri-zenstva-i-junastva-stana-tomasevic-arnesen\/#breadcrumb","itemListElement":[{"@type":"ListItem","position":1,"name":"Home","item":"https:\/\/www.evropskakuca.me\/me\/"},{"@type":"ListItem","position":2,"name":"Primjeri \u017eenstva i juna\u0161tva \u2013 Stana Toma\u0161evi\u0107 Arnesen"}]},{"@type":"WebSite","@id":"https:\/\/www.evropskakuca.me\/me\/#website","url":"https:\/\/www.evropskakuca.me\/me\/","name":"Evropean house","description":"","publisher":{"@id":"https:\/\/www.evropskakuca.me\/me\/#organization"},"potentialAction":[{"@type":"SearchAction","target":{"@type":"EntryPoint","urlTemplate":"https:\/\/www.evropskakuca.me\/me\/?s={search_term_string}"},"query-input":{"@type":"PropertyValueSpecification","valueRequired":true,"valueName":"search_term_string"}}],"inLanguage":"me-ME"},{"@type":"Organization","@id":"https:\/\/www.evropskakuca.me\/me\/#organization","name":"Evropean house","url":"https:\/\/www.evropskakuca.me\/me\/","logo":{"@type":"ImageObject","inLanguage":"me-ME","@id":"https:\/\/www.evropskakuca.me\/me\/#\/schema\/logo\/image\/","url":"https:\/\/www.evropskakuca.me\/wp-content\/uploads\/2025\/01\/evropska-kuca-logo-1.png","contentUrl":"https:\/\/www.evropskakuca.me\/wp-content\/uploads\/2025\/01\/evropska-kuca-logo-1.png","width":425,"height":312,"caption":"Evropean house"},"image":{"@id":"https:\/\/www.evropskakuca.me\/me\/#\/schema\/logo\/image\/"},"sameAs":["https:\/\/www.facebook.com\/evropska.kuca","https:\/\/x.com\/evropska_kuca","https:\/\/www.instagram.com\/evropska_kuca"]},{"@type":"Person","@id":"https:\/\/www.evropskakuca.me\/me\/#\/schema\/person\/a1d0dcdaefe4a1cd1d60d200ea137ba4","name":"mkajic","image":{"@type":"ImageObject","inLanguage":"me-ME","@id":"https:\/\/secure.gravatar.com\/avatar\/731fa035cefab7316e6bafd1f25a93fb731a07de14e2d9923f8db4422628eabc?s=96&d=mm&r=g","url":"https:\/\/secure.gravatar.com\/avatar\/731fa035cefab7316e6bafd1f25a93fb731a07de14e2d9923f8db4422628eabc?s=96&d=mm&r=g","contentUrl":"https:\/\/secure.gravatar.com\/avatar\/731fa035cefab7316e6bafd1f25a93fb731a07de14e2d9923f8db4422628eabc?s=96&d=mm&r=g","caption":"mkajic"},"sameAs":["https:\/\/evropskakuca.me"],"url":"https:\/\/www.evropskakuca.me\/me\/author\/mkajic\/"}]}},"_links":{"self":[{"href":"https:\/\/www.evropskakuca.me\/me\/wp-json\/wp\/v2\/posts\/20114","targetHints":{"allow":["GET"]}}],"collection":[{"href":"https:\/\/www.evropskakuca.me\/me\/wp-json\/wp\/v2\/posts"}],"about":[{"href":"https:\/\/www.evropskakuca.me\/me\/wp-json\/wp\/v2\/types\/post"}],"author":[{"embeddable":true,"href":"https:\/\/www.evropskakuca.me\/me\/wp-json\/wp\/v2\/users\/1"}],"replies":[{"embeddable":true,"href":"https:\/\/www.evropskakuca.me\/me\/wp-json\/wp\/v2\/comments?post=20114"}],"version-history":[{"count":0,"href":"https:\/\/www.evropskakuca.me\/me\/wp-json\/wp\/v2\/posts\/20114\/revisions"}],"wp:featuredmedia":[{"embeddable":true,"href":"https:\/\/www.evropskakuca.me\/me\/wp-json\/wp\/v2\/media\/38078"}],"wp:attachment":[{"href":"https:\/\/www.evropskakuca.me\/me\/wp-json\/wp\/v2\/media?parent=20114"}],"wp:term":[{"taxonomy":"category","embeddable":true,"href":"https:\/\/www.evropskakuca.me\/me\/wp-json\/wp\/v2\/categories?post=20114"},{"taxonomy":"post_tag","embeddable":true,"href":"https:\/\/www.evropskakuca.me\/me\/wp-json\/wp\/v2\/tags?post=20114"}],"curies":[{"name":"wp","href":"https:\/\/api.w.org\/{rel}","templated":true}]}}