{"id":20053,"date":"2022-03-11T15:28:13","date_gmt":"2022-03-11T15:28:13","guid":{"rendered":"http:\/\/www.evropskakuca.me\/?p=20053"},"modified":"2022-03-11T15:28:13","modified_gmt":"2022-03-11T15:28:13","slug":"primjer-zenstva-i-junastva-oana-kristina-popa","status":"publish","type":"post","link":"https:\/\/www.evropskakuca.me\/me\/primjer-zenstva-i-junastva-oana-kristina-popa\/","title":{"rendered":"Primjer \u017eenstva i juna\u0161tva &#8211; Oana Kristina Popa"},"content":{"rendered":"<p><strong>Primjeri \u017eenstva i juna\u0161tva \u2013 heorine na\u0161e pro\u0161losti i sada\u0161njosti<\/strong><\/p>\n<p>Iako je ranije to bilo skoro nezamislivo, danas je diplomatija jednako otvorena za mu\u0161karce i \u017eene. O tome svjedo\u010di iskustvo ambasadorke Evropske unije u Crnoj Gori Oane Kristine Pope, koja ima bogato diplomatsko iskustvo, po\u0161to se pridru\u017eila rumunskoj diplomatskoj slu\u017ebi 2002. godine. Prije Crne Gore, bila je ambasadorka Rumunije u Srbiji i Hrvatskoj. Puteve za nju i \u017eene poput nje kr\u010dila je Stana Toma\u0161evi\u0107 Arnesen, prva ambasadorka Jugoslavije. Stana je prije Drugog svjetskog rata bila u\u010diteljica u malom selu kraj Pljevalja. Postala je prva \u017eena komesar, zatim poslanica u Saveznoj skup\u0161tini, da bi se potom ostvarila i kao prva \u017eena u jugoslovenskoj diplomatiji.<\/p>\n<p>\u201cPostoji taj paradoks u Crnoj Gori, gdje \u017eene predstavljaju polovinu stanovni\u0161tva, na\u017ealost zaostaju na rukovode\u0107im pozicijama. Ovo uop\u0161te nije borba izme\u0111u mu\u0161karaca i \u017eena. Mi ne \u017eelimo dru\u0161tvo u kom su mu\u0161karci marginalizovani, mu\u0161karci treba da budu na\u0161i partneri. Mi \u017eelimo da \u017eene budu zastupljene 50 :50%, ne \u017eelimo 100%. Vi\u0161e je tu faktora, kulturni, socijalni, ekonomski i svi igraju veoma va\u017enu ulogu .Ohrabrenje \u017eena i sloboda su potrebni za postizanje jednakosti\u201c, poru\u010duje ambasadorka Popa.<\/p>\n<p>Dr Oana Kristina Popa obavlja du\u017enost ambasadorke EU i \u0161efice Delegacije EU u Crnoj Gori od 1. septembra 2020. Prije ambasadorke karijere, bila je \u0161efica odeljenja za Sjevernu Ameriku u Ministarstvu spoljnih poslova Rumunije i savjetnica ministra spoljnih poslova za evroatlantska pitanja. Doktorirala je istoriju i me\u0111unarodne odnose, magistrirala me\u0111unarodne mirovne studije i diplomirala psihologiju i obrazovanje.<\/p>\n<p>Oana Kristina Popa bila je jedna od govornica na na\u0161oj <a href=\"http:\/\/www.evropskakuca.me\/me\/pocela-kampanja-primjeri-zenstva-i-junastva\/\">panel diskusiji \u201ePrimjeri \u017eenstva i jun\u0161atva\u201c,<\/a> koju smo organizovali u okviru istoimene <a href=\"http:\/\/www.evropskakuca.me\/me\/upoznajte-primjere-zenstva-i-junastva\/\">kampanje<\/a>.<\/p>\n","protected":false},"excerpt":{"rendered":"<p>Primjeri \u017eenstva i juna\u0161tva \u2013 heorine na\u0161e pro\u0161losti i sada\u0161njosti Iako je ranije to bilo skoro nezamislivo, danas je diplomatija jednako otvorena za mu\u0161karce i \u017eene. O tome svjedo\u010di iskustvo ambasadorke Evropske unije u Crnoj Gori Oane Kristine Pope, koja ima bogato diplomatsko iskustvo, po\u0161to se pridru\u017eila rumunskoj diplomatskoj slu\u017ebi 2002. godine. Prije Crne Gore, [&hellip;]<\/p>\n","protected":false},"author":1,"featured_media":38056,"comment_status":"closed","ping_status":"closed","sticky":false,"template":"","format":"standard","meta":{"_acf_changed":false,"footnotes":""},"categories":[],"tags":[],"class_list":["post-20053","post","type-post","status-publish","format-standard","has-post-thumbnail","hentry"],"acf":[],"yoast_head":"<!-- This site is optimized with the Yoast SEO plugin v27.3 - https:\/\/yoast.com\/product\/yoast-seo-wordpress\/ -->\n<title>Primjer \u017eenstva i juna\u0161tva - Oana Kristina Popa - Europe House<\/title>\n<meta name=\"robots\" content=\"index, follow, max-snippet:-1, max-image-preview:large, max-video-preview:-1\" \/>\n<link rel=\"canonical\" href=\"https:\/\/www.evropskakuca.me\/me\/primjer-zenstva-i-junastva-oana-kristina-popa\/\" \/>\n<meta property=\"og:locale\" content=\"en_US\" \/>\n<meta property=\"og:type\" content=\"article\" \/>\n<meta property=\"og:title\" content=\"Primjer \u017eenstva i juna\u0161tva - Oana Kristina Popa - Europe House\" \/>\n<meta property=\"og:description\" content=\"Primjeri \u017eenstva i juna\u0161tva \u2013 heorine na\u0161e pro\u0161losti i sada\u0161njosti Iako je ranije to bilo skoro nezamislivo, danas je diplomatija jednako otvorena za mu\u0161karce i \u017eene. O tome svjedo\u010di iskustvo ambasadorke Evropske unije u Crnoj Gori Oane Kristine Pope, koja ima bogato diplomatsko iskustvo, po\u0161to se pridru\u017eila rumunskoj diplomatskoj slu\u017ebi 2002. godine. Prije Crne Gore, [&hellip;]\" \/>\n<meta property=\"og:url\" content=\"https:\/\/www.evropskakuca.me\/me\/primjer-zenstva-i-junastva-oana-kristina-popa\/\" \/>\n<meta property=\"og:site_name\" content=\"Europe House\" \/>\n<meta property=\"article:publisher\" content=\"https:\/\/www.facebook.com\/evropska.kuca\" \/>\n<meta property=\"article:published_time\" content=\"2022-03-11T15:28:13+00:00\" \/>\n<meta property=\"og:image\" content=\"https:\/\/www.evropskakuca.me\/wp-content\/uploads\/2022\/03\/275298596_2647776258688382_1664603516736230443_n.jpg\" \/>\n\t<meta property=\"og:image:width\" content=\"960\" \/>\n\t<meta property=\"og:image:height\" content=\"641\" \/>\n\t<meta property=\"og:image:type\" content=\"image\/jpeg\" \/>\n<meta name=\"author\" content=\"mkajic\" \/>\n<meta name=\"twitter:card\" content=\"summary_large_image\" \/>\n<meta name=\"twitter:creator\" content=\"@evropska_kuca\" \/>\n<meta name=\"twitter:site\" content=\"@evropska_kuca\" \/>\n<meta name=\"twitter:label1\" content=\"Written by\" \/>\n\t<meta name=\"twitter:data1\" content=\"mkajic\" \/>\n\t<meta name=\"twitter:label2\" content=\"Est. reading time\" \/>\n\t<meta name=\"twitter:data2\" content=\"2 minutes\" \/>\n<script type=\"application\/ld+json\" class=\"yoast-schema-graph\">{\"@context\":\"https:\\\/\\\/schema.org\",\"@graph\":[{\"@type\":\"Article\",\"@id\":\"https:\\\/\\\/www.evropskakuca.me\\\/me\\\/primjer-zenstva-i-junastva-oana-kristina-popa\\\/#article\",\"isPartOf\":{\"@id\":\"https:\\\/\\\/www.evropskakuca.me\\\/me\\\/primjer-zenstva-i-junastva-oana-kristina-popa\\\/\"},\"author\":{\"name\":\"mkajic\",\"@id\":\"https:\\\/\\\/www.evropskakuca.me\\\/me\\\/#\\\/schema\\\/person\\\/a1d0dcdaefe4a1cd1d60d200ea137ba4\"},\"headline\":\"Primjer \u017eenstva i juna\u0161tva &#8211; Oana Kristina Popa\",\"datePublished\":\"2022-03-11T15:28:13+00:00\",\"mainEntityOfPage\":{\"@id\":\"https:\\\/\\\/www.evropskakuca.me\\\/me\\\/primjer-zenstva-i-junastva-oana-kristina-popa\\\/\"},\"wordCount\":301,\"publisher\":{\"@id\":\"https:\\\/\\\/www.evropskakuca.me\\\/me\\\/#organization\"},\"image\":{\"@id\":\"https:\\\/\\\/www.evropskakuca.me\\\/me\\\/primjer-zenstva-i-junastva-oana-kristina-popa\\\/#primaryimage\"},\"thumbnailUrl\":\"https:\\\/\\\/www.evropskakuca.me\\\/wp-content\\\/uploads\\\/2022\\\/03\\\/275298596_2647776258688382_1664603516736230443_n.jpg\",\"inLanguage\":\"me-ME\"},{\"@type\":\"WebPage\",\"@id\":\"https:\\\/\\\/www.evropskakuca.me\\\/me\\\/primjer-zenstva-i-junastva-oana-kristina-popa\\\/\",\"url\":\"https:\\\/\\\/www.evropskakuca.me\\\/me\\\/primjer-zenstva-i-junastva-oana-kristina-popa\\\/\",\"name\":\"Primjer \u017eenstva i juna\u0161tva - Oana Kristina Popa - Europe House\",\"isPartOf\":{\"@id\":\"https:\\\/\\\/www.evropskakuca.me\\\/me\\\/#website\"},\"primaryImageOfPage\":{\"@id\":\"https:\\\/\\\/www.evropskakuca.me\\\/me\\\/primjer-zenstva-i-junastva-oana-kristina-popa\\\/#primaryimage\"},\"image\":{\"@id\":\"https:\\\/\\\/www.evropskakuca.me\\\/me\\\/primjer-zenstva-i-junastva-oana-kristina-popa\\\/#primaryimage\"},\"thumbnailUrl\":\"https:\\\/\\\/www.evropskakuca.me\\\/wp-content\\\/uploads\\\/2022\\\/03\\\/275298596_2647776258688382_1664603516736230443_n.jpg\",\"datePublished\":\"2022-03-11T15:28:13+00:00\",\"breadcrumb\":{\"@id\":\"https:\\\/\\\/www.evropskakuca.me\\\/me\\\/primjer-zenstva-i-junastva-oana-kristina-popa\\\/#breadcrumb\"},\"inLanguage\":\"me-ME\",\"potentialAction\":[{\"@type\":\"ReadAction\",\"target\":[\"https:\\\/\\\/www.evropskakuca.me\\\/me\\\/primjer-zenstva-i-junastva-oana-kristina-popa\\\/\"]}]},{\"@type\":\"ImageObject\",\"inLanguage\":\"me-ME\",\"@id\":\"https:\\\/\\\/www.evropskakuca.me\\\/me\\\/primjer-zenstva-i-junastva-oana-kristina-popa\\\/#primaryimage\",\"url\":\"https:\\\/\\\/www.evropskakuca.me\\\/wp-content\\\/uploads\\\/2022\\\/03\\\/275298596_2647776258688382_1664603516736230443_n.jpg\",\"contentUrl\":\"https:\\\/\\\/www.evropskakuca.me\\\/wp-content\\\/uploads\\\/2022\\\/03\\\/275298596_2647776258688382_1664603516736230443_n.jpg\",\"width\":960,\"height\":641},{\"@type\":\"BreadcrumbList\",\"@id\":\"https:\\\/\\\/www.evropskakuca.me\\\/me\\\/primjer-zenstva-i-junastva-oana-kristina-popa\\\/#breadcrumb\",\"itemListElement\":[{\"@type\":\"ListItem\",\"position\":1,\"name\":\"Home\",\"item\":\"https:\\\/\\\/www.evropskakuca.me\\\/me\\\/\"},{\"@type\":\"ListItem\",\"position\":2,\"name\":\"Primjer \u017eenstva i juna\u0161tva &#8211; Oana Kristina Popa\"}]},{\"@type\":\"WebSite\",\"@id\":\"https:\\\/\\\/www.evropskakuca.me\\\/me\\\/#website\",\"url\":\"https:\\\/\\\/www.evropskakuca.me\\\/me\\\/\",\"name\":\"Evropean house\",\"description\":\"\",\"publisher\":{\"@id\":\"https:\\\/\\\/www.evropskakuca.me\\\/me\\\/#organization\"},\"potentialAction\":[{\"@type\":\"SearchAction\",\"target\":{\"@type\":\"EntryPoint\",\"urlTemplate\":\"https:\\\/\\\/www.evropskakuca.me\\\/me\\\/?s={search_term_string}\"},\"query-input\":{\"@type\":\"PropertyValueSpecification\",\"valueRequired\":true,\"valueName\":\"search_term_string\"}}],\"inLanguage\":\"me-ME\"},{\"@type\":\"Organization\",\"@id\":\"https:\\\/\\\/www.evropskakuca.me\\\/me\\\/#organization\",\"name\":\"Evropean house\",\"url\":\"https:\\\/\\\/www.evropskakuca.me\\\/me\\\/\",\"logo\":{\"@type\":\"ImageObject\",\"inLanguage\":\"me-ME\",\"@id\":\"https:\\\/\\\/www.evropskakuca.me\\\/me\\\/#\\\/schema\\\/logo\\\/image\\\/\",\"url\":\"https:\\\/\\\/www.evropskakuca.me\\\/wp-content\\\/uploads\\\/2025\\\/01\\\/evropska-kuca-logo-1.png\",\"contentUrl\":\"https:\\\/\\\/www.evropskakuca.me\\\/wp-content\\\/uploads\\\/2025\\\/01\\\/evropska-kuca-logo-1.png\",\"width\":425,\"height\":312,\"caption\":\"Evropean house\"},\"image\":{\"@id\":\"https:\\\/\\\/www.evropskakuca.me\\\/me\\\/#\\\/schema\\\/logo\\\/image\\\/\"},\"sameAs\":[\"https:\\\/\\\/www.facebook.com\\\/evropska.kuca\",\"https:\\\/\\\/x.com\\\/evropska_kuca\",\"https:\\\/\\\/www.instagram.com\\\/evropska_kuca\"]},{\"@type\":\"Person\",\"@id\":\"https:\\\/\\\/www.evropskakuca.me\\\/me\\\/#\\\/schema\\\/person\\\/a1d0dcdaefe4a1cd1d60d200ea137ba4\",\"name\":\"mkajic\",\"image\":{\"@type\":\"ImageObject\",\"inLanguage\":\"me-ME\",\"@id\":\"https:\\\/\\\/secure.gravatar.com\\\/avatar\\\/731fa035cefab7316e6bafd1f25a93fb731a07de14e2d9923f8db4422628eabc?s=96&d=mm&r=g\",\"url\":\"https:\\\/\\\/secure.gravatar.com\\\/avatar\\\/731fa035cefab7316e6bafd1f25a93fb731a07de14e2d9923f8db4422628eabc?s=96&d=mm&r=g\",\"contentUrl\":\"https:\\\/\\\/secure.gravatar.com\\\/avatar\\\/731fa035cefab7316e6bafd1f25a93fb731a07de14e2d9923f8db4422628eabc?s=96&d=mm&r=g\",\"caption\":\"mkajic\"},\"sameAs\":[\"https:\\\/\\\/evropskakuca.me\"],\"url\":\"https:\\\/\\\/www.evropskakuca.me\\\/me\\\/author\\\/mkajic\\\/\"}]}<\/script>\n<!-- \/ Yoast SEO plugin. -->","yoast_head_json":{"title":"Primjer \u017eenstva i juna\u0161tva - Oana Kristina Popa - Europe House","robots":{"index":"index","follow":"follow","max-snippet":"max-snippet:-1","max-image-preview":"max-image-preview:large","max-video-preview":"max-video-preview:-1"},"canonical":"https:\/\/www.evropskakuca.me\/me\/primjer-zenstva-i-junastva-oana-kristina-popa\/","og_locale":"en_US","og_type":"article","og_title":"Primjer \u017eenstva i juna\u0161tva - Oana Kristina Popa - Europe House","og_description":"Primjeri \u017eenstva i juna\u0161tva \u2013 heorine na\u0161e pro\u0161losti i sada\u0161njosti Iako je ranije to bilo skoro nezamislivo, danas je diplomatija jednako otvorena za mu\u0161karce i \u017eene. O tome svjedo\u010di iskustvo ambasadorke Evropske unije u Crnoj Gori Oane Kristine Pope, koja ima bogato diplomatsko iskustvo, po\u0161to se pridru\u017eila rumunskoj diplomatskoj slu\u017ebi 2002. godine. Prije Crne Gore, [&hellip;]","og_url":"https:\/\/www.evropskakuca.me\/me\/primjer-zenstva-i-junastva-oana-kristina-popa\/","og_site_name":"Europe House","article_publisher":"https:\/\/www.facebook.com\/evropska.kuca","article_published_time":"2022-03-11T15:28:13+00:00","og_image":[{"width":960,"height":641,"url":"https:\/\/www.evropskakuca.me\/wp-content\/uploads\/2022\/03\/275298596_2647776258688382_1664603516736230443_n.jpg","type":"image\/jpeg"}],"author":"mkajic","twitter_card":"summary_large_image","twitter_creator":"@evropska_kuca","twitter_site":"@evropska_kuca","twitter_misc":{"Written by":"mkajic","Est. reading time":"2 minutes"},"schema":{"@context":"https:\/\/schema.org","@graph":[{"@type":"Article","@id":"https:\/\/www.evropskakuca.me\/me\/primjer-zenstva-i-junastva-oana-kristina-popa\/#article","isPartOf":{"@id":"https:\/\/www.evropskakuca.me\/me\/primjer-zenstva-i-junastva-oana-kristina-popa\/"},"author":{"name":"mkajic","@id":"https:\/\/www.evropskakuca.me\/me\/#\/schema\/person\/a1d0dcdaefe4a1cd1d60d200ea137ba4"},"headline":"Primjer \u017eenstva i juna\u0161tva &#8211; Oana Kristina Popa","datePublished":"2022-03-11T15:28:13+00:00","mainEntityOfPage":{"@id":"https:\/\/www.evropskakuca.me\/me\/primjer-zenstva-i-junastva-oana-kristina-popa\/"},"wordCount":301,"publisher":{"@id":"https:\/\/www.evropskakuca.me\/me\/#organization"},"image":{"@id":"https:\/\/www.evropskakuca.me\/me\/primjer-zenstva-i-junastva-oana-kristina-popa\/#primaryimage"},"thumbnailUrl":"https:\/\/www.evropskakuca.me\/wp-content\/uploads\/2022\/03\/275298596_2647776258688382_1664603516736230443_n.jpg","inLanguage":"me-ME"},{"@type":"WebPage","@id":"https:\/\/www.evropskakuca.me\/me\/primjer-zenstva-i-junastva-oana-kristina-popa\/","url":"https:\/\/www.evropskakuca.me\/me\/primjer-zenstva-i-junastva-oana-kristina-popa\/","name":"Primjer \u017eenstva i juna\u0161tva - Oana Kristina Popa - Europe House","isPartOf":{"@id":"https:\/\/www.evropskakuca.me\/me\/#website"},"primaryImageOfPage":{"@id":"https:\/\/www.evropskakuca.me\/me\/primjer-zenstva-i-junastva-oana-kristina-popa\/#primaryimage"},"image":{"@id":"https:\/\/www.evropskakuca.me\/me\/primjer-zenstva-i-junastva-oana-kristina-popa\/#primaryimage"},"thumbnailUrl":"https:\/\/www.evropskakuca.me\/wp-content\/uploads\/2022\/03\/275298596_2647776258688382_1664603516736230443_n.jpg","datePublished":"2022-03-11T15:28:13+00:00","breadcrumb":{"@id":"https:\/\/www.evropskakuca.me\/me\/primjer-zenstva-i-junastva-oana-kristina-popa\/#breadcrumb"},"inLanguage":"me-ME","potentialAction":[{"@type":"ReadAction","target":["https:\/\/www.evropskakuca.me\/me\/primjer-zenstva-i-junastva-oana-kristina-popa\/"]}]},{"@type":"ImageObject","inLanguage":"me-ME","@id":"https:\/\/www.evropskakuca.me\/me\/primjer-zenstva-i-junastva-oana-kristina-popa\/#primaryimage","url":"https:\/\/www.evropskakuca.me\/wp-content\/uploads\/2022\/03\/275298596_2647776258688382_1664603516736230443_n.jpg","contentUrl":"https:\/\/www.evropskakuca.me\/wp-content\/uploads\/2022\/03\/275298596_2647776258688382_1664603516736230443_n.jpg","width":960,"height":641},{"@type":"BreadcrumbList","@id":"https:\/\/www.evropskakuca.me\/me\/primjer-zenstva-i-junastva-oana-kristina-popa\/#breadcrumb","itemListElement":[{"@type":"ListItem","position":1,"name":"Home","item":"https:\/\/www.evropskakuca.me\/me\/"},{"@type":"ListItem","position":2,"name":"Primjer \u017eenstva i juna\u0161tva &#8211; Oana Kristina Popa"}]},{"@type":"WebSite","@id":"https:\/\/www.evropskakuca.me\/me\/#website","url":"https:\/\/www.evropskakuca.me\/me\/","name":"Evropean house","description":"","publisher":{"@id":"https:\/\/www.evropskakuca.me\/me\/#organization"},"potentialAction":[{"@type":"SearchAction","target":{"@type":"EntryPoint","urlTemplate":"https:\/\/www.evropskakuca.me\/me\/?s={search_term_string}"},"query-input":{"@type":"PropertyValueSpecification","valueRequired":true,"valueName":"search_term_string"}}],"inLanguage":"me-ME"},{"@type":"Organization","@id":"https:\/\/www.evropskakuca.me\/me\/#organization","name":"Evropean house","url":"https:\/\/www.evropskakuca.me\/me\/","logo":{"@type":"ImageObject","inLanguage":"me-ME","@id":"https:\/\/www.evropskakuca.me\/me\/#\/schema\/logo\/image\/","url":"https:\/\/www.evropskakuca.me\/wp-content\/uploads\/2025\/01\/evropska-kuca-logo-1.png","contentUrl":"https:\/\/www.evropskakuca.me\/wp-content\/uploads\/2025\/01\/evropska-kuca-logo-1.png","width":425,"height":312,"caption":"Evropean house"},"image":{"@id":"https:\/\/www.evropskakuca.me\/me\/#\/schema\/logo\/image\/"},"sameAs":["https:\/\/www.facebook.com\/evropska.kuca","https:\/\/x.com\/evropska_kuca","https:\/\/www.instagram.com\/evropska_kuca"]},{"@type":"Person","@id":"https:\/\/www.evropskakuca.me\/me\/#\/schema\/person\/a1d0dcdaefe4a1cd1d60d200ea137ba4","name":"mkajic","image":{"@type":"ImageObject","inLanguage":"me-ME","@id":"https:\/\/secure.gravatar.com\/avatar\/731fa035cefab7316e6bafd1f25a93fb731a07de14e2d9923f8db4422628eabc?s=96&d=mm&r=g","url":"https:\/\/secure.gravatar.com\/avatar\/731fa035cefab7316e6bafd1f25a93fb731a07de14e2d9923f8db4422628eabc?s=96&d=mm&r=g","contentUrl":"https:\/\/secure.gravatar.com\/avatar\/731fa035cefab7316e6bafd1f25a93fb731a07de14e2d9923f8db4422628eabc?s=96&d=mm&r=g","caption":"mkajic"},"sameAs":["https:\/\/evropskakuca.me"],"url":"https:\/\/www.evropskakuca.me\/me\/author\/mkajic\/"}]}},"_links":{"self":[{"href":"https:\/\/www.evropskakuca.me\/me\/wp-json\/wp\/v2\/posts\/20053","targetHints":{"allow":["GET"]}}],"collection":[{"href":"https:\/\/www.evropskakuca.me\/me\/wp-json\/wp\/v2\/posts"}],"about":[{"href":"https:\/\/www.evropskakuca.me\/me\/wp-json\/wp\/v2\/types\/post"}],"author":[{"embeddable":true,"href":"https:\/\/www.evropskakuca.me\/me\/wp-json\/wp\/v2\/users\/1"}],"replies":[{"embeddable":true,"href":"https:\/\/www.evropskakuca.me\/me\/wp-json\/wp\/v2\/comments?post=20053"}],"version-history":[{"count":0,"href":"https:\/\/www.evropskakuca.me\/me\/wp-json\/wp\/v2\/posts\/20053\/revisions"}],"wp:featuredmedia":[{"embeddable":true,"href":"https:\/\/www.evropskakuca.me\/me\/wp-json\/wp\/v2\/media\/38056"}],"wp:attachment":[{"href":"https:\/\/www.evropskakuca.me\/me\/wp-json\/wp\/v2\/media?parent=20053"}],"wp:term":[{"taxonomy":"category","embeddable":true,"href":"https:\/\/www.evropskakuca.me\/me\/wp-json\/wp\/v2\/categories?post=20053"},{"taxonomy":"post_tag","embeddable":true,"href":"https:\/\/www.evropskakuca.me\/me\/wp-json\/wp\/v2\/tags?post=20053"}],"curies":[{"name":"wp","href":"https:\/\/api.w.org\/{rel}","templated":true}]}}