{"id":20050,"date":"2022-03-11T15:26:40","date_gmt":"2022-03-11T15:26:40","guid":{"rendered":"http:\/\/www.evropskakuca.me\/?p=20050"},"modified":"2022-03-11T15:26:40","modified_gmt":"2022-03-11T15:26:40","slug":"primjer-zenstva-i-junastva-nevena-nikolc","status":"publish","type":"post","link":"https:\/\/www.evropskakuca.me\/me\/primjer-zenstva-i-junastva-nevena-nikolc\/","title":{"rendered":"Primjer \u017eenstva i juna\u0161tva &#8211; Nevena Nikoli\u0107"},"content":{"rendered":"<p><strong>Primjeri \u017eenstva i juna\u0161tva \u2013 heorine na\u0161e pro\u0161losti i sada\u0161njosti<\/strong><\/p>\n<p>U skladu sa crnogorskom istorijom, o\u010dekivano je da mjesto u na\u0161oj kampanji na\u0111u i vojnikinje. Tako smo odali po\u010dast Ljubici Popovi\u0107, aktivistkinji i narodnoj heroini Jugoslavije. Tu je i Milosava Perunovi\u0107, koja se u Prvi svjetski rat otisnula kao Milosav, svjesna da druga\u010dije ne bi mogla da brani svoju zemlju.<br \/>\nVojnikinja Nevena Nikoli\u0107 nije morala da skriva svoj identitet, da bi uspjela da upi\u0161e i zavr\u0161i presti\u017enu ameri\u010dku vojnu akademiju Vest Point. Ona je jedina osoba, ne samo \u017eena, iz Crne Gore kojoj je to po\u0161lo za rukom. Prije akademije nije ma\u0161tala o vojsci, niti je imala iskustva sa te\u0161kim fizi\u010dkim vje\u017ebama. Niko iz njene familije nije imao vojno obrazovanje. Odlu\u010dila je da krene ovim putem nakon \u0161to je za Vest Point akademiju i sve ono \u0161to ona pru\u017ea \u010dula na jednom predavanju tokom srednje \u0161kole. Osim formalnog, na akademiji je stekla i \u017eivotno obrazovanje. Nau\u010dila je da prebrodi svaki izazov, da pre\u0111e sopstvene granice i da bude istrajna.<\/p>\n<p>\u201ePostoji podatak da od 1,200-1,300 studenata, koji upi\u0161u Vest point akademiju, svega 900 njih zavr\u0161i. Tokom mog prvog dana na akademiji, zvono se oglasilo nakon svega 17 minuta. To zvono se \u010duje kada prva osoba odustane. Da ta osoba ne budem ja, pomogla mi je istrajnost. Istrajnost je upravo ono \u0161to nema rodni karakter, nije va\u017eno da li ste \u017eena ili mu\u0161karac, koja je va\u0161a po\u010detna pozicija u \u017eivotu. Ako imate cilj i poka\u017eete upornost da stignete do njega, sigurna sam da se vrata moraju otvoriti i da prosto morate do\u0107i do te instance ili joj se pribli\u017eiti. Tako da bih hjtela da ohrabrim sve da nastave i istraju u zamisli, koliko god ona netradicinalna bila\u201c, ka\u017ee Nevena.<\/p>\n<p>Nevena Nikoli\u0107 ro\u0111ena je u Podgorici, 28. februara 1997.godine. Zavr\u0161ila je Gimnaziju \u201cSlobodan \u0160kerovi\u0107\u201d, a na vojnoj akademiji stekla je i diplomu ekonomistkinje. Danas je potporu\u010dnica i od septembra 2021. godine radi u Ministarstvu odbrane.<\/p>\n<p>Nevena Nikoli\u0107 bila je jedna od govornica na na\u0161oj <a href=\"http:\/\/www.evropskakuca.me\/me\/pocela-kampanja-primjeri-zenstva-i-junastva\/\">panel diskusiji \u201ePrimjeri \u017eenstva i jun\u0161atva\u201c,<\/a> koju smo organizovali u okviru istoimene <a href=\"http:\/\/www.evropskakuca.me\/me\/upoznajte-primjere-zenstva-i-junastva\/\">kampanje<\/a>.<\/p>\n","protected":false},"excerpt":{"rendered":"<p>Primjeri \u017eenstva i juna\u0161tva \u2013 heorine na\u0161e pro\u0161losti i sada\u0161njosti U skladu sa crnogorskom istorijom, o\u010dekivano je da mjesto u na\u0161oj kampanji na\u0111u i vojnikinje. Tako smo odali po\u010dast Ljubici Popovi\u0107, aktivistkinji i narodnoj heroini Jugoslavije. Tu je i Milosava Perunovi\u0107, koja se u Prvi svjetski rat otisnula kao Milosav, svjesna da druga\u010dije ne bi [&hellip;]<\/p>\n","protected":false},"author":1,"featured_media":38052,"comment_status":"closed","ping_status":"closed","sticky":false,"template":"","format":"standard","meta":{"_acf_changed":false,"footnotes":""},"categories":[],"tags":[],"class_list":["post-20050","post","type-post","status-publish","format-standard","has-post-thumbnail","hentry"],"acf":[],"yoast_head":"<!-- This site is optimized with the Yoast SEO plugin v27.3 - https:\/\/yoast.com\/product\/yoast-seo-wordpress\/ -->\n<title>Primjer \u017eenstva i juna\u0161tva - Nevena Nikoli\u0107 - Europe House<\/title>\n<meta name=\"robots\" content=\"index, follow, max-snippet:-1, max-image-preview:large, max-video-preview:-1\" \/>\n<link rel=\"canonical\" href=\"https:\/\/www.evropskakuca.me\/me\/primjer-zenstva-i-junastva-nevena-nikolc\/\" \/>\n<meta property=\"og:locale\" content=\"en_US\" \/>\n<meta property=\"og:type\" content=\"article\" \/>\n<meta property=\"og:title\" content=\"Primjer \u017eenstva i juna\u0161tva - Nevena Nikoli\u0107 - Europe House\" \/>\n<meta property=\"og:description\" content=\"Primjeri \u017eenstva i juna\u0161tva \u2013 heorine na\u0161e pro\u0161losti i sada\u0161njosti U skladu sa crnogorskom istorijom, o\u010dekivano je da mjesto u na\u0161oj kampanji na\u0111u i vojnikinje. Tako smo odali po\u010dast Ljubici Popovi\u0107, aktivistkinji i narodnoj heroini Jugoslavije. Tu je i Milosava Perunovi\u0107, koja se u Prvi svjetski rat otisnula kao Milosav, svjesna da druga\u010dije ne bi [&hellip;]\" \/>\n<meta property=\"og:url\" content=\"https:\/\/www.evropskakuca.me\/me\/primjer-zenstva-i-junastva-nevena-nikolc\/\" \/>\n<meta property=\"og:site_name\" content=\"Europe House\" \/>\n<meta property=\"article:publisher\" content=\"https:\/\/www.facebook.com\/evropska.kuca\" \/>\n<meta property=\"article:published_time\" content=\"2022-03-11T15:26:40+00:00\" \/>\n<meta property=\"og:image\" content=\"https:\/\/www.evropskakuca.me\/wp-content\/uploads\/2022\/03\/275080872_2647776472021694_7413734993590187309_n.jpg\" \/>\n\t<meta property=\"og:image:width\" content=\"960\" \/>\n\t<meta property=\"og:image:height\" content=\"641\" \/>\n\t<meta property=\"og:image:type\" content=\"image\/jpeg\" \/>\n<meta name=\"author\" content=\"mkajic\" \/>\n<meta name=\"twitter:card\" content=\"summary_large_image\" \/>\n<meta name=\"twitter:creator\" content=\"@evropska_kuca\" \/>\n<meta name=\"twitter:site\" content=\"@evropska_kuca\" \/>\n<meta name=\"twitter:label1\" content=\"Written by\" \/>\n\t<meta name=\"twitter:data1\" content=\"mkajic\" \/>\n\t<meta name=\"twitter:label2\" content=\"Est. reading time\" \/>\n\t<meta name=\"twitter:data2\" content=\"2 minutes\" \/>\n<script type=\"application\/ld+json\" class=\"yoast-schema-graph\">{\"@context\":\"https:\\\/\\\/schema.org\",\"@graph\":[{\"@type\":\"Article\",\"@id\":\"https:\\\/\\\/www.evropskakuca.me\\\/me\\\/primjer-zenstva-i-junastva-nevena-nikolc\\\/#article\",\"isPartOf\":{\"@id\":\"https:\\\/\\\/www.evropskakuca.me\\\/me\\\/primjer-zenstva-i-junastva-nevena-nikolc\\\/\"},\"author\":{\"name\":\"mkajic\",\"@id\":\"https:\\\/\\\/www.evropskakuca.me\\\/me\\\/#\\\/schema\\\/person\\\/a1d0dcdaefe4a1cd1d60d200ea137ba4\"},\"headline\":\"Primjer \u017eenstva i juna\u0161tva &#8211; Nevena Nikoli\u0107\",\"datePublished\":\"2022-03-11T15:26:40+00:00\",\"mainEntityOfPage\":{\"@id\":\"https:\\\/\\\/www.evropskakuca.me\\\/me\\\/primjer-zenstva-i-junastva-nevena-nikolc\\\/\"},\"wordCount\":384,\"publisher\":{\"@id\":\"https:\\\/\\\/www.evropskakuca.me\\\/me\\\/#organization\"},\"image\":{\"@id\":\"https:\\\/\\\/www.evropskakuca.me\\\/me\\\/primjer-zenstva-i-junastva-nevena-nikolc\\\/#primaryimage\"},\"thumbnailUrl\":\"https:\\\/\\\/www.evropskakuca.me\\\/wp-content\\\/uploads\\\/2022\\\/03\\\/275080872_2647776472021694_7413734993590187309_n.jpg\",\"inLanguage\":\"me-ME\"},{\"@type\":\"WebPage\",\"@id\":\"https:\\\/\\\/www.evropskakuca.me\\\/me\\\/primjer-zenstva-i-junastva-nevena-nikolc\\\/\",\"url\":\"https:\\\/\\\/www.evropskakuca.me\\\/me\\\/primjer-zenstva-i-junastva-nevena-nikolc\\\/\",\"name\":\"Primjer \u017eenstva i juna\u0161tva - Nevena Nikoli\u0107 - Europe House\",\"isPartOf\":{\"@id\":\"https:\\\/\\\/www.evropskakuca.me\\\/me\\\/#website\"},\"primaryImageOfPage\":{\"@id\":\"https:\\\/\\\/www.evropskakuca.me\\\/me\\\/primjer-zenstva-i-junastva-nevena-nikolc\\\/#primaryimage\"},\"image\":{\"@id\":\"https:\\\/\\\/www.evropskakuca.me\\\/me\\\/primjer-zenstva-i-junastva-nevena-nikolc\\\/#primaryimage\"},\"thumbnailUrl\":\"https:\\\/\\\/www.evropskakuca.me\\\/wp-content\\\/uploads\\\/2022\\\/03\\\/275080872_2647776472021694_7413734993590187309_n.jpg\",\"datePublished\":\"2022-03-11T15:26:40+00:00\",\"breadcrumb\":{\"@id\":\"https:\\\/\\\/www.evropskakuca.me\\\/me\\\/primjer-zenstva-i-junastva-nevena-nikolc\\\/#breadcrumb\"},\"inLanguage\":\"me-ME\",\"potentialAction\":[{\"@type\":\"ReadAction\",\"target\":[\"https:\\\/\\\/www.evropskakuca.me\\\/me\\\/primjer-zenstva-i-junastva-nevena-nikolc\\\/\"]}]},{\"@type\":\"ImageObject\",\"inLanguage\":\"me-ME\",\"@id\":\"https:\\\/\\\/www.evropskakuca.me\\\/me\\\/primjer-zenstva-i-junastva-nevena-nikolc\\\/#primaryimage\",\"url\":\"https:\\\/\\\/www.evropskakuca.me\\\/wp-content\\\/uploads\\\/2022\\\/03\\\/275080872_2647776472021694_7413734993590187309_n.jpg\",\"contentUrl\":\"https:\\\/\\\/www.evropskakuca.me\\\/wp-content\\\/uploads\\\/2022\\\/03\\\/275080872_2647776472021694_7413734993590187309_n.jpg\",\"width\":960,\"height\":641},{\"@type\":\"BreadcrumbList\",\"@id\":\"https:\\\/\\\/www.evropskakuca.me\\\/me\\\/primjer-zenstva-i-junastva-nevena-nikolc\\\/#breadcrumb\",\"itemListElement\":[{\"@type\":\"ListItem\",\"position\":1,\"name\":\"Home\",\"item\":\"https:\\\/\\\/www.evropskakuca.me\\\/me\\\/\"},{\"@type\":\"ListItem\",\"position\":2,\"name\":\"Primjer \u017eenstva i juna\u0161tva &#8211; Nevena Nikoli\u0107\"}]},{\"@type\":\"WebSite\",\"@id\":\"https:\\\/\\\/www.evropskakuca.me\\\/me\\\/#website\",\"url\":\"https:\\\/\\\/www.evropskakuca.me\\\/me\\\/\",\"name\":\"Evropean house\",\"description\":\"\",\"publisher\":{\"@id\":\"https:\\\/\\\/www.evropskakuca.me\\\/me\\\/#organization\"},\"potentialAction\":[{\"@type\":\"SearchAction\",\"target\":{\"@type\":\"EntryPoint\",\"urlTemplate\":\"https:\\\/\\\/www.evropskakuca.me\\\/me\\\/?s={search_term_string}\"},\"query-input\":{\"@type\":\"PropertyValueSpecification\",\"valueRequired\":true,\"valueName\":\"search_term_string\"}}],\"inLanguage\":\"me-ME\"},{\"@type\":\"Organization\",\"@id\":\"https:\\\/\\\/www.evropskakuca.me\\\/me\\\/#organization\",\"name\":\"Evropean house\",\"url\":\"https:\\\/\\\/www.evropskakuca.me\\\/me\\\/\",\"logo\":{\"@type\":\"ImageObject\",\"inLanguage\":\"me-ME\",\"@id\":\"https:\\\/\\\/www.evropskakuca.me\\\/me\\\/#\\\/schema\\\/logo\\\/image\\\/\",\"url\":\"https:\\\/\\\/www.evropskakuca.me\\\/wp-content\\\/uploads\\\/2025\\\/01\\\/evropska-kuca-logo-1.png\",\"contentUrl\":\"https:\\\/\\\/www.evropskakuca.me\\\/wp-content\\\/uploads\\\/2025\\\/01\\\/evropska-kuca-logo-1.png\",\"width\":425,\"height\":312,\"caption\":\"Evropean house\"},\"image\":{\"@id\":\"https:\\\/\\\/www.evropskakuca.me\\\/me\\\/#\\\/schema\\\/logo\\\/image\\\/\"},\"sameAs\":[\"https:\\\/\\\/www.facebook.com\\\/evropska.kuca\",\"https:\\\/\\\/x.com\\\/evropska_kuca\",\"https:\\\/\\\/www.instagram.com\\\/evropska_kuca\"]},{\"@type\":\"Person\",\"@id\":\"https:\\\/\\\/www.evropskakuca.me\\\/me\\\/#\\\/schema\\\/person\\\/a1d0dcdaefe4a1cd1d60d200ea137ba4\",\"name\":\"mkajic\",\"image\":{\"@type\":\"ImageObject\",\"inLanguage\":\"me-ME\",\"@id\":\"https:\\\/\\\/secure.gravatar.com\\\/avatar\\\/731fa035cefab7316e6bafd1f25a93fb731a07de14e2d9923f8db4422628eabc?s=96&d=mm&r=g\",\"url\":\"https:\\\/\\\/secure.gravatar.com\\\/avatar\\\/731fa035cefab7316e6bafd1f25a93fb731a07de14e2d9923f8db4422628eabc?s=96&d=mm&r=g\",\"contentUrl\":\"https:\\\/\\\/secure.gravatar.com\\\/avatar\\\/731fa035cefab7316e6bafd1f25a93fb731a07de14e2d9923f8db4422628eabc?s=96&d=mm&r=g\",\"caption\":\"mkajic\"},\"sameAs\":[\"https:\\\/\\\/evropskakuca.me\"],\"url\":\"https:\\\/\\\/www.evropskakuca.me\\\/me\\\/author\\\/mkajic\\\/\"}]}<\/script>\n<!-- \/ Yoast SEO plugin. -->","yoast_head_json":{"title":"Primjer \u017eenstva i juna\u0161tva - Nevena Nikoli\u0107 - Europe House","robots":{"index":"index","follow":"follow","max-snippet":"max-snippet:-1","max-image-preview":"max-image-preview:large","max-video-preview":"max-video-preview:-1"},"canonical":"https:\/\/www.evropskakuca.me\/me\/primjer-zenstva-i-junastva-nevena-nikolc\/","og_locale":"en_US","og_type":"article","og_title":"Primjer \u017eenstva i juna\u0161tva - Nevena Nikoli\u0107 - Europe House","og_description":"Primjeri \u017eenstva i juna\u0161tva \u2013 heorine na\u0161e pro\u0161losti i sada\u0161njosti U skladu sa crnogorskom istorijom, o\u010dekivano je da mjesto u na\u0161oj kampanji na\u0111u i vojnikinje. Tako smo odali po\u010dast Ljubici Popovi\u0107, aktivistkinji i narodnoj heroini Jugoslavije. Tu je i Milosava Perunovi\u0107, koja se u Prvi svjetski rat otisnula kao Milosav, svjesna da druga\u010dije ne bi [&hellip;]","og_url":"https:\/\/www.evropskakuca.me\/me\/primjer-zenstva-i-junastva-nevena-nikolc\/","og_site_name":"Europe House","article_publisher":"https:\/\/www.facebook.com\/evropska.kuca","article_published_time":"2022-03-11T15:26:40+00:00","og_image":[{"width":960,"height":641,"url":"https:\/\/www.evropskakuca.me\/wp-content\/uploads\/2022\/03\/275080872_2647776472021694_7413734993590187309_n.jpg","type":"image\/jpeg"}],"author":"mkajic","twitter_card":"summary_large_image","twitter_creator":"@evropska_kuca","twitter_site":"@evropska_kuca","twitter_misc":{"Written by":"mkajic","Est. reading time":"2 minutes"},"schema":{"@context":"https:\/\/schema.org","@graph":[{"@type":"Article","@id":"https:\/\/www.evropskakuca.me\/me\/primjer-zenstva-i-junastva-nevena-nikolc\/#article","isPartOf":{"@id":"https:\/\/www.evropskakuca.me\/me\/primjer-zenstva-i-junastva-nevena-nikolc\/"},"author":{"name":"mkajic","@id":"https:\/\/www.evropskakuca.me\/me\/#\/schema\/person\/a1d0dcdaefe4a1cd1d60d200ea137ba4"},"headline":"Primjer \u017eenstva i juna\u0161tva &#8211; Nevena Nikoli\u0107","datePublished":"2022-03-11T15:26:40+00:00","mainEntityOfPage":{"@id":"https:\/\/www.evropskakuca.me\/me\/primjer-zenstva-i-junastva-nevena-nikolc\/"},"wordCount":384,"publisher":{"@id":"https:\/\/www.evropskakuca.me\/me\/#organization"},"image":{"@id":"https:\/\/www.evropskakuca.me\/me\/primjer-zenstva-i-junastva-nevena-nikolc\/#primaryimage"},"thumbnailUrl":"https:\/\/www.evropskakuca.me\/wp-content\/uploads\/2022\/03\/275080872_2647776472021694_7413734993590187309_n.jpg","inLanguage":"me-ME"},{"@type":"WebPage","@id":"https:\/\/www.evropskakuca.me\/me\/primjer-zenstva-i-junastva-nevena-nikolc\/","url":"https:\/\/www.evropskakuca.me\/me\/primjer-zenstva-i-junastva-nevena-nikolc\/","name":"Primjer \u017eenstva i juna\u0161tva - Nevena Nikoli\u0107 - Europe House","isPartOf":{"@id":"https:\/\/www.evropskakuca.me\/me\/#website"},"primaryImageOfPage":{"@id":"https:\/\/www.evropskakuca.me\/me\/primjer-zenstva-i-junastva-nevena-nikolc\/#primaryimage"},"image":{"@id":"https:\/\/www.evropskakuca.me\/me\/primjer-zenstva-i-junastva-nevena-nikolc\/#primaryimage"},"thumbnailUrl":"https:\/\/www.evropskakuca.me\/wp-content\/uploads\/2022\/03\/275080872_2647776472021694_7413734993590187309_n.jpg","datePublished":"2022-03-11T15:26:40+00:00","breadcrumb":{"@id":"https:\/\/www.evropskakuca.me\/me\/primjer-zenstva-i-junastva-nevena-nikolc\/#breadcrumb"},"inLanguage":"me-ME","potentialAction":[{"@type":"ReadAction","target":["https:\/\/www.evropskakuca.me\/me\/primjer-zenstva-i-junastva-nevena-nikolc\/"]}]},{"@type":"ImageObject","inLanguage":"me-ME","@id":"https:\/\/www.evropskakuca.me\/me\/primjer-zenstva-i-junastva-nevena-nikolc\/#primaryimage","url":"https:\/\/www.evropskakuca.me\/wp-content\/uploads\/2022\/03\/275080872_2647776472021694_7413734993590187309_n.jpg","contentUrl":"https:\/\/www.evropskakuca.me\/wp-content\/uploads\/2022\/03\/275080872_2647776472021694_7413734993590187309_n.jpg","width":960,"height":641},{"@type":"BreadcrumbList","@id":"https:\/\/www.evropskakuca.me\/me\/primjer-zenstva-i-junastva-nevena-nikolc\/#breadcrumb","itemListElement":[{"@type":"ListItem","position":1,"name":"Home","item":"https:\/\/www.evropskakuca.me\/me\/"},{"@type":"ListItem","position":2,"name":"Primjer \u017eenstva i juna\u0161tva &#8211; Nevena Nikoli\u0107"}]},{"@type":"WebSite","@id":"https:\/\/www.evropskakuca.me\/me\/#website","url":"https:\/\/www.evropskakuca.me\/me\/","name":"Evropean house","description":"","publisher":{"@id":"https:\/\/www.evropskakuca.me\/me\/#organization"},"potentialAction":[{"@type":"SearchAction","target":{"@type":"EntryPoint","urlTemplate":"https:\/\/www.evropskakuca.me\/me\/?s={search_term_string}"},"query-input":{"@type":"PropertyValueSpecification","valueRequired":true,"valueName":"search_term_string"}}],"inLanguage":"me-ME"},{"@type":"Organization","@id":"https:\/\/www.evropskakuca.me\/me\/#organization","name":"Evropean house","url":"https:\/\/www.evropskakuca.me\/me\/","logo":{"@type":"ImageObject","inLanguage":"me-ME","@id":"https:\/\/www.evropskakuca.me\/me\/#\/schema\/logo\/image\/","url":"https:\/\/www.evropskakuca.me\/wp-content\/uploads\/2025\/01\/evropska-kuca-logo-1.png","contentUrl":"https:\/\/www.evropskakuca.me\/wp-content\/uploads\/2025\/01\/evropska-kuca-logo-1.png","width":425,"height":312,"caption":"Evropean house"},"image":{"@id":"https:\/\/www.evropskakuca.me\/me\/#\/schema\/logo\/image\/"},"sameAs":["https:\/\/www.facebook.com\/evropska.kuca","https:\/\/x.com\/evropska_kuca","https:\/\/www.instagram.com\/evropska_kuca"]},{"@type":"Person","@id":"https:\/\/www.evropskakuca.me\/me\/#\/schema\/person\/a1d0dcdaefe4a1cd1d60d200ea137ba4","name":"mkajic","image":{"@type":"ImageObject","inLanguage":"me-ME","@id":"https:\/\/secure.gravatar.com\/avatar\/731fa035cefab7316e6bafd1f25a93fb731a07de14e2d9923f8db4422628eabc?s=96&d=mm&r=g","url":"https:\/\/secure.gravatar.com\/avatar\/731fa035cefab7316e6bafd1f25a93fb731a07de14e2d9923f8db4422628eabc?s=96&d=mm&r=g","contentUrl":"https:\/\/secure.gravatar.com\/avatar\/731fa035cefab7316e6bafd1f25a93fb731a07de14e2d9923f8db4422628eabc?s=96&d=mm&r=g","caption":"mkajic"},"sameAs":["https:\/\/evropskakuca.me"],"url":"https:\/\/www.evropskakuca.me\/me\/author\/mkajic\/"}]}},"_links":{"self":[{"href":"https:\/\/www.evropskakuca.me\/me\/wp-json\/wp\/v2\/posts\/20050","targetHints":{"allow":["GET"]}}],"collection":[{"href":"https:\/\/www.evropskakuca.me\/me\/wp-json\/wp\/v2\/posts"}],"about":[{"href":"https:\/\/www.evropskakuca.me\/me\/wp-json\/wp\/v2\/types\/post"}],"author":[{"embeddable":true,"href":"https:\/\/www.evropskakuca.me\/me\/wp-json\/wp\/v2\/users\/1"}],"replies":[{"embeddable":true,"href":"https:\/\/www.evropskakuca.me\/me\/wp-json\/wp\/v2\/comments?post=20050"}],"version-history":[{"count":0,"href":"https:\/\/www.evropskakuca.me\/me\/wp-json\/wp\/v2\/posts\/20050\/revisions"}],"wp:featuredmedia":[{"embeddable":true,"href":"https:\/\/www.evropskakuca.me\/me\/wp-json\/wp\/v2\/media\/38052"}],"wp:attachment":[{"href":"https:\/\/www.evropskakuca.me\/me\/wp-json\/wp\/v2\/media?parent=20050"}],"wp:term":[{"taxonomy":"category","embeddable":true,"href":"https:\/\/www.evropskakuca.me\/me\/wp-json\/wp\/v2\/categories?post=20050"},{"taxonomy":"post_tag","embeddable":true,"href":"https:\/\/www.evropskakuca.me\/me\/wp-json\/wp\/v2\/tags?post=20050"}],"curies":[{"name":"wp","href":"https:\/\/api.w.org\/{rel}","templated":true}]}}