{"id":20048,"date":"2022-03-11T15:25:10","date_gmt":"2022-03-11T15:25:10","guid":{"rendered":"http:\/\/www.evropskakuca.me\/?p=20048"},"modified":"2022-03-11T15:25:10","modified_gmt":"2022-03-11T15:25:10","slug":"primjer-zenstva-i-junastva-andela-knezevic","status":"publish","type":"post","link":"https:\/\/www.evropskakuca.me\/me\/primjer-zenstva-i-junastva-andela-knezevic\/","title":{"rendered":"Primjer \u017eenstva i juna\u0161tva &#8211; An\u0111ela Kne\u017eevi\u0107"},"content":{"rendered":"<p><strong>Primjeri \u017eenstva i juna\u0161tva \u2013 heorine na\u0161e pro\u0161losti i sada\u0161njosti<\/strong><\/p>\n<p>Ako krenemo putem predrasuda, mogli bi olako zaklju\u010diti da svaka djevoj\u010dica ma\u0161ta da bude princeza. Jedna od junakinja na\u0161e kampanje \u201ePrimjeri \u017eenstva i juna\u0161tva\u201c rodila se kao \u0107erka tada\u0161njeg knjaza. Iako je o\u010dekivano, ona ipak nije ostala upam\u0107ena samo po lijepim haljinama, dvorskim balovima ili udaji za bogatog princa. Ova princeza je prkosila svom vremenu i odabrala druga\u010diji na\u010din \u017eivota. Nije se krila od rata, ve\u0107 je pomagala svoj narod i bavila se humanitarnim poslom. Prva je \u017eena sa Balkana koja je sjela za volan, a prva plemkinja koja se bavila fotografijom. <strong>To je princeza Ksenija Petrovi\u0107-Njego\u0161.<\/strong><\/p>\n<p>Vijek kasnije, put nas dovodi do An\u0111ele Kne\u017eevi\u0107, koja prkosi svom vremenu i vozi brdsko-brzinske\u00a0 trke, kao jedina \u017eena u toj takmi\u010darskoj disciplini. Nau\u010dila je da vozi automobil sa svega sedam godina, ka\u017ee da je ljubav prema lijepom naslijedila od majke, a ljubav prema brzom od tate, i upravo on je \u201ekrivac\u201c \u0161to\u00a0 je u \u010detvoroto\u010dka\u0161ima\u00a0 prona\u0161la\u00a0 strast, ljubav, adrenalin i hobi.<\/p>\n<p>\u201eZa svakog trka\u010da ili mog kolegu\u00a0 na trkama koji me podr\u017eava i koji\u00a0 je odu\u0161evljen \u010dinjenicom da ja kao \u017eensko \u017eelim da vozim, iako mislim da ako neki momak mo\u017ee ,mo\u017eemo i mi \u017eene, postoje tri do pet onih koji me gledaju, smiju se i\u00a0 pitaju se \u0161ta ona\u00a0 radi ovdje? Toga ima\u00a0 mnogo, smije\u0161no\u00a0 im je da \u017eena na\u0111e u takvom okru\u017eenju, a kamoli da vozi i\u00a0 napravi neki rezultat,\u00a0 i da ostavi utisak\u201c, obja\u0161njava nam An\u0111ela.<\/p>\n<p>Mladim \u017eenama poru\u010duje da nastave da se bore, da se ne obaziru na to \u0161ta ka\u017ee okolina, sve dok one same znaju \u0161ta \u017eele. An\u0111ela vozi brdsko-brzinske trke od 2019. godine. Od svoje 15. godine je u svijetu oldajmera, PR-ka je\u00a0 kluba \u201cOldajtmer Montenegro \u201c i Saveza Oldajmera Crne Gore. An\u0111ela ima 26 godina i trenutno je na magistarskim studijama u Hrvatskoj. Prethodno je na Univerzitetu Donja Gorica upisala Fakultet za politehniku, nakon \u010dega je arhitekturu diplomirala u Parizu. Ro\u0111ena je u Nik\u0161i\u0107u, a posljednjih 10-tak godina je \u017eivjela u Podgorici.<\/p>\n<p>An\u0111ela Kne\u017eevi\u0107 bila je jedna od govornica na na\u0161oj <a href=\"http:\/\/www.evropskakuca.me\/me\/pocela-kampanja-primjeri-zenstva-i-junastva\/\">panel diskusiji \u201ePrimjeri \u017eenstva i jun\u0161atva\u201c,<\/a> koju smo organizovali u okviru istoimene <a href=\"http:\/\/www.evropskakuca.me\/me\/upoznajte-primjere-zenstva-i-junastva\/\">kampanje<\/a>.<\/p>\n","protected":false},"excerpt":{"rendered":"<p>Primjeri \u017eenstva i juna\u0161tva \u2013 heorine na\u0161e pro\u0161losti i sada\u0161njosti Ako krenemo putem predrasuda, mogli bi olako zaklju\u010diti da svaka djevoj\u010dica ma\u0161ta da bude princeza. Jedna od junakinja na\u0161e kampanje \u201ePrimjeri \u017eenstva i juna\u0161tva\u201c rodila se kao \u0107erka tada\u0161njeg knjaza. Iako je o\u010dekivano, ona ipak nije ostala upam\u0107ena samo po lijepim haljinama, dvorskim balovima ili [&hellip;]<\/p>\n","protected":false},"author":1,"featured_media":38054,"comment_status":"closed","ping_status":"closed","sticky":false,"template":"","format":"standard","meta":{"_acf_changed":false,"footnotes":""},"categories":[],"tags":[],"class_list":["post-20048","post","type-post","status-publish","format-standard","has-post-thumbnail","hentry"],"acf":[],"yoast_head":"<!-- This site is optimized with the Yoast SEO plugin v27.3 - https:\/\/yoast.com\/product\/yoast-seo-wordpress\/ -->\n<title>Primjer \u017eenstva i juna\u0161tva - An\u0111ela Kne\u017eevi\u0107 - Europe House<\/title>\n<meta name=\"robots\" content=\"index, follow, max-snippet:-1, max-image-preview:large, max-video-preview:-1\" \/>\n<link rel=\"canonical\" href=\"https:\/\/www.evropskakuca.me\/me\/primjer-zenstva-i-junastva-andela-knezevic\/\" \/>\n<meta property=\"og:locale\" content=\"en_US\" \/>\n<meta property=\"og:type\" content=\"article\" \/>\n<meta property=\"og:title\" content=\"Primjer \u017eenstva i juna\u0161tva - An\u0111ela Kne\u017eevi\u0107 - Europe House\" \/>\n<meta property=\"og:description\" content=\"Primjeri \u017eenstva i juna\u0161tva \u2013 heorine na\u0161e pro\u0161losti i sada\u0161njosti Ako krenemo putem predrasuda, mogli bi olako zaklju\u010diti da svaka djevoj\u010dica ma\u0161ta da bude princeza. Jedna od junakinja na\u0161e kampanje \u201ePrimjeri \u017eenstva i juna\u0161tva\u201c rodila se kao \u0107erka tada\u0161njeg knjaza. Iako je o\u010dekivano, ona ipak nije ostala upam\u0107ena samo po lijepim haljinama, dvorskim balovima ili [&hellip;]\" \/>\n<meta property=\"og:url\" content=\"https:\/\/www.evropskakuca.me\/me\/primjer-zenstva-i-junastva-andela-knezevic\/\" \/>\n<meta property=\"og:site_name\" content=\"Europe House\" \/>\n<meta property=\"article:publisher\" content=\"https:\/\/www.facebook.com\/evropska.kuca\" \/>\n<meta property=\"article:published_time\" content=\"2022-03-11T15:25:10+00:00\" \/>\n<meta property=\"og:image\" content=\"https:\/\/www.evropskakuca.me\/wp-content\/uploads\/2022\/03\/275134153_2647776392021702_6953797875283216518_n.jpg\" \/>\n\t<meta property=\"og:image:width\" content=\"960\" \/>\n\t<meta property=\"og:image:height\" content=\"641\" \/>\n\t<meta property=\"og:image:type\" content=\"image\/jpeg\" \/>\n<meta name=\"author\" content=\"mkajic\" \/>\n<meta name=\"twitter:card\" content=\"summary_large_image\" \/>\n<meta name=\"twitter:creator\" content=\"@evropska_kuca\" \/>\n<meta name=\"twitter:site\" content=\"@evropska_kuca\" \/>\n<meta name=\"twitter:label1\" content=\"Written by\" \/>\n\t<meta name=\"twitter:data1\" content=\"mkajic\" \/>\n\t<meta name=\"twitter:label2\" content=\"Est. reading time\" \/>\n\t<meta name=\"twitter:data2\" content=\"2 minutes\" \/>\n<script type=\"application\/ld+json\" class=\"yoast-schema-graph\">{\"@context\":\"https:\\\/\\\/schema.org\",\"@graph\":[{\"@type\":\"Article\",\"@id\":\"https:\\\/\\\/www.evropskakuca.me\\\/me\\\/primjer-zenstva-i-junastva-andela-knezevic\\\/#article\",\"isPartOf\":{\"@id\":\"https:\\\/\\\/www.evropskakuca.me\\\/me\\\/primjer-zenstva-i-junastva-andela-knezevic\\\/\"},\"author\":{\"name\":\"mkajic\",\"@id\":\"https:\\\/\\\/www.evropskakuca.me\\\/me\\\/#\\\/schema\\\/person\\\/a1d0dcdaefe4a1cd1d60d200ea137ba4\"},\"headline\":\"Primjer \u017eenstva i juna\u0161tva &#8211; An\u0111ela Kne\u017eevi\u0107\",\"datePublished\":\"2022-03-11T15:25:10+00:00\",\"mainEntityOfPage\":{\"@id\":\"https:\\\/\\\/www.evropskakuca.me\\\/me\\\/primjer-zenstva-i-junastva-andela-knezevic\\\/\"},\"wordCount\":409,\"publisher\":{\"@id\":\"https:\\\/\\\/www.evropskakuca.me\\\/me\\\/#organization\"},\"image\":{\"@id\":\"https:\\\/\\\/www.evropskakuca.me\\\/me\\\/primjer-zenstva-i-junastva-andela-knezevic\\\/#primaryimage\"},\"thumbnailUrl\":\"https:\\\/\\\/www.evropskakuca.me\\\/wp-content\\\/uploads\\\/2022\\\/03\\\/275134153_2647776392021702_6953797875283216518_n.jpg\",\"inLanguage\":\"me-ME\"},{\"@type\":\"WebPage\",\"@id\":\"https:\\\/\\\/www.evropskakuca.me\\\/me\\\/primjer-zenstva-i-junastva-andela-knezevic\\\/\",\"url\":\"https:\\\/\\\/www.evropskakuca.me\\\/me\\\/primjer-zenstva-i-junastva-andela-knezevic\\\/\",\"name\":\"Primjer \u017eenstva i juna\u0161tva - An\u0111ela Kne\u017eevi\u0107 - Europe House\",\"isPartOf\":{\"@id\":\"https:\\\/\\\/www.evropskakuca.me\\\/me\\\/#website\"},\"primaryImageOfPage\":{\"@id\":\"https:\\\/\\\/www.evropskakuca.me\\\/me\\\/primjer-zenstva-i-junastva-andela-knezevic\\\/#primaryimage\"},\"image\":{\"@id\":\"https:\\\/\\\/www.evropskakuca.me\\\/me\\\/primjer-zenstva-i-junastva-andela-knezevic\\\/#primaryimage\"},\"thumbnailUrl\":\"https:\\\/\\\/www.evropskakuca.me\\\/wp-content\\\/uploads\\\/2022\\\/03\\\/275134153_2647776392021702_6953797875283216518_n.jpg\",\"datePublished\":\"2022-03-11T15:25:10+00:00\",\"breadcrumb\":{\"@id\":\"https:\\\/\\\/www.evropskakuca.me\\\/me\\\/primjer-zenstva-i-junastva-andela-knezevic\\\/#breadcrumb\"},\"inLanguage\":\"me-ME\",\"potentialAction\":[{\"@type\":\"ReadAction\",\"target\":[\"https:\\\/\\\/www.evropskakuca.me\\\/me\\\/primjer-zenstva-i-junastva-andela-knezevic\\\/\"]}]},{\"@type\":\"ImageObject\",\"inLanguage\":\"me-ME\",\"@id\":\"https:\\\/\\\/www.evropskakuca.me\\\/me\\\/primjer-zenstva-i-junastva-andela-knezevic\\\/#primaryimage\",\"url\":\"https:\\\/\\\/www.evropskakuca.me\\\/wp-content\\\/uploads\\\/2022\\\/03\\\/275134153_2647776392021702_6953797875283216518_n.jpg\",\"contentUrl\":\"https:\\\/\\\/www.evropskakuca.me\\\/wp-content\\\/uploads\\\/2022\\\/03\\\/275134153_2647776392021702_6953797875283216518_n.jpg\",\"width\":960,\"height\":641},{\"@type\":\"BreadcrumbList\",\"@id\":\"https:\\\/\\\/www.evropskakuca.me\\\/me\\\/primjer-zenstva-i-junastva-andela-knezevic\\\/#breadcrumb\",\"itemListElement\":[{\"@type\":\"ListItem\",\"position\":1,\"name\":\"Home\",\"item\":\"https:\\\/\\\/www.evropskakuca.me\\\/me\\\/\"},{\"@type\":\"ListItem\",\"position\":2,\"name\":\"Primjer \u017eenstva i juna\u0161tva &#8211; An\u0111ela Kne\u017eevi\u0107\"}]},{\"@type\":\"WebSite\",\"@id\":\"https:\\\/\\\/www.evropskakuca.me\\\/me\\\/#website\",\"url\":\"https:\\\/\\\/www.evropskakuca.me\\\/me\\\/\",\"name\":\"Evropean house\",\"description\":\"\",\"publisher\":{\"@id\":\"https:\\\/\\\/www.evropskakuca.me\\\/me\\\/#organization\"},\"potentialAction\":[{\"@type\":\"SearchAction\",\"target\":{\"@type\":\"EntryPoint\",\"urlTemplate\":\"https:\\\/\\\/www.evropskakuca.me\\\/me\\\/?s={search_term_string}\"},\"query-input\":{\"@type\":\"PropertyValueSpecification\",\"valueRequired\":true,\"valueName\":\"search_term_string\"}}],\"inLanguage\":\"me-ME\"},{\"@type\":\"Organization\",\"@id\":\"https:\\\/\\\/www.evropskakuca.me\\\/me\\\/#organization\",\"name\":\"Evropean house\",\"url\":\"https:\\\/\\\/www.evropskakuca.me\\\/me\\\/\",\"logo\":{\"@type\":\"ImageObject\",\"inLanguage\":\"me-ME\",\"@id\":\"https:\\\/\\\/www.evropskakuca.me\\\/me\\\/#\\\/schema\\\/logo\\\/image\\\/\",\"url\":\"https:\\\/\\\/www.evropskakuca.me\\\/wp-content\\\/uploads\\\/2025\\\/01\\\/evropska-kuca-logo-1.png\",\"contentUrl\":\"https:\\\/\\\/www.evropskakuca.me\\\/wp-content\\\/uploads\\\/2025\\\/01\\\/evropska-kuca-logo-1.png\",\"width\":425,\"height\":312,\"caption\":\"Evropean house\"},\"image\":{\"@id\":\"https:\\\/\\\/www.evropskakuca.me\\\/me\\\/#\\\/schema\\\/logo\\\/image\\\/\"},\"sameAs\":[\"https:\\\/\\\/www.facebook.com\\\/evropska.kuca\",\"https:\\\/\\\/x.com\\\/evropska_kuca\",\"https:\\\/\\\/www.instagram.com\\\/evropska_kuca\"]},{\"@type\":\"Person\",\"@id\":\"https:\\\/\\\/www.evropskakuca.me\\\/me\\\/#\\\/schema\\\/person\\\/a1d0dcdaefe4a1cd1d60d200ea137ba4\",\"name\":\"mkajic\",\"image\":{\"@type\":\"ImageObject\",\"inLanguage\":\"me-ME\",\"@id\":\"https:\\\/\\\/secure.gravatar.com\\\/avatar\\\/731fa035cefab7316e6bafd1f25a93fb731a07de14e2d9923f8db4422628eabc?s=96&d=mm&r=g\",\"url\":\"https:\\\/\\\/secure.gravatar.com\\\/avatar\\\/731fa035cefab7316e6bafd1f25a93fb731a07de14e2d9923f8db4422628eabc?s=96&d=mm&r=g\",\"contentUrl\":\"https:\\\/\\\/secure.gravatar.com\\\/avatar\\\/731fa035cefab7316e6bafd1f25a93fb731a07de14e2d9923f8db4422628eabc?s=96&d=mm&r=g\",\"caption\":\"mkajic\"},\"sameAs\":[\"https:\\\/\\\/evropskakuca.me\"],\"url\":\"https:\\\/\\\/www.evropskakuca.me\\\/me\\\/author\\\/mkajic\\\/\"}]}<\/script>\n<!-- \/ Yoast SEO plugin. -->","yoast_head_json":{"title":"Primjer \u017eenstva i juna\u0161tva - An\u0111ela Kne\u017eevi\u0107 - Europe House","robots":{"index":"index","follow":"follow","max-snippet":"max-snippet:-1","max-image-preview":"max-image-preview:large","max-video-preview":"max-video-preview:-1"},"canonical":"https:\/\/www.evropskakuca.me\/me\/primjer-zenstva-i-junastva-andela-knezevic\/","og_locale":"en_US","og_type":"article","og_title":"Primjer \u017eenstva i juna\u0161tva - An\u0111ela Kne\u017eevi\u0107 - Europe House","og_description":"Primjeri \u017eenstva i juna\u0161tva \u2013 heorine na\u0161e pro\u0161losti i sada\u0161njosti Ako krenemo putem predrasuda, mogli bi olako zaklju\u010diti da svaka djevoj\u010dica ma\u0161ta da bude princeza. Jedna od junakinja na\u0161e kampanje \u201ePrimjeri \u017eenstva i juna\u0161tva\u201c rodila se kao \u0107erka tada\u0161njeg knjaza. Iako je o\u010dekivano, ona ipak nije ostala upam\u0107ena samo po lijepim haljinama, dvorskim balovima ili [&hellip;]","og_url":"https:\/\/www.evropskakuca.me\/me\/primjer-zenstva-i-junastva-andela-knezevic\/","og_site_name":"Europe House","article_publisher":"https:\/\/www.facebook.com\/evropska.kuca","article_published_time":"2022-03-11T15:25:10+00:00","og_image":[{"width":960,"height":641,"url":"https:\/\/www.evropskakuca.me\/wp-content\/uploads\/2022\/03\/275134153_2647776392021702_6953797875283216518_n.jpg","type":"image\/jpeg"}],"author":"mkajic","twitter_card":"summary_large_image","twitter_creator":"@evropska_kuca","twitter_site":"@evropska_kuca","twitter_misc":{"Written by":"mkajic","Est. reading time":"2 minutes"},"schema":{"@context":"https:\/\/schema.org","@graph":[{"@type":"Article","@id":"https:\/\/www.evropskakuca.me\/me\/primjer-zenstva-i-junastva-andela-knezevic\/#article","isPartOf":{"@id":"https:\/\/www.evropskakuca.me\/me\/primjer-zenstva-i-junastva-andela-knezevic\/"},"author":{"name":"mkajic","@id":"https:\/\/www.evropskakuca.me\/me\/#\/schema\/person\/a1d0dcdaefe4a1cd1d60d200ea137ba4"},"headline":"Primjer \u017eenstva i juna\u0161tva &#8211; An\u0111ela Kne\u017eevi\u0107","datePublished":"2022-03-11T15:25:10+00:00","mainEntityOfPage":{"@id":"https:\/\/www.evropskakuca.me\/me\/primjer-zenstva-i-junastva-andela-knezevic\/"},"wordCount":409,"publisher":{"@id":"https:\/\/www.evropskakuca.me\/me\/#organization"},"image":{"@id":"https:\/\/www.evropskakuca.me\/me\/primjer-zenstva-i-junastva-andela-knezevic\/#primaryimage"},"thumbnailUrl":"https:\/\/www.evropskakuca.me\/wp-content\/uploads\/2022\/03\/275134153_2647776392021702_6953797875283216518_n.jpg","inLanguage":"me-ME"},{"@type":"WebPage","@id":"https:\/\/www.evropskakuca.me\/me\/primjer-zenstva-i-junastva-andela-knezevic\/","url":"https:\/\/www.evropskakuca.me\/me\/primjer-zenstva-i-junastva-andela-knezevic\/","name":"Primjer \u017eenstva i juna\u0161tva - An\u0111ela Kne\u017eevi\u0107 - Europe House","isPartOf":{"@id":"https:\/\/www.evropskakuca.me\/me\/#website"},"primaryImageOfPage":{"@id":"https:\/\/www.evropskakuca.me\/me\/primjer-zenstva-i-junastva-andela-knezevic\/#primaryimage"},"image":{"@id":"https:\/\/www.evropskakuca.me\/me\/primjer-zenstva-i-junastva-andela-knezevic\/#primaryimage"},"thumbnailUrl":"https:\/\/www.evropskakuca.me\/wp-content\/uploads\/2022\/03\/275134153_2647776392021702_6953797875283216518_n.jpg","datePublished":"2022-03-11T15:25:10+00:00","breadcrumb":{"@id":"https:\/\/www.evropskakuca.me\/me\/primjer-zenstva-i-junastva-andela-knezevic\/#breadcrumb"},"inLanguage":"me-ME","potentialAction":[{"@type":"ReadAction","target":["https:\/\/www.evropskakuca.me\/me\/primjer-zenstva-i-junastva-andela-knezevic\/"]}]},{"@type":"ImageObject","inLanguage":"me-ME","@id":"https:\/\/www.evropskakuca.me\/me\/primjer-zenstva-i-junastva-andela-knezevic\/#primaryimage","url":"https:\/\/www.evropskakuca.me\/wp-content\/uploads\/2022\/03\/275134153_2647776392021702_6953797875283216518_n.jpg","contentUrl":"https:\/\/www.evropskakuca.me\/wp-content\/uploads\/2022\/03\/275134153_2647776392021702_6953797875283216518_n.jpg","width":960,"height":641},{"@type":"BreadcrumbList","@id":"https:\/\/www.evropskakuca.me\/me\/primjer-zenstva-i-junastva-andela-knezevic\/#breadcrumb","itemListElement":[{"@type":"ListItem","position":1,"name":"Home","item":"https:\/\/www.evropskakuca.me\/me\/"},{"@type":"ListItem","position":2,"name":"Primjer \u017eenstva i juna\u0161tva &#8211; An\u0111ela Kne\u017eevi\u0107"}]},{"@type":"WebSite","@id":"https:\/\/www.evropskakuca.me\/me\/#website","url":"https:\/\/www.evropskakuca.me\/me\/","name":"Evropean house","description":"","publisher":{"@id":"https:\/\/www.evropskakuca.me\/me\/#organization"},"potentialAction":[{"@type":"SearchAction","target":{"@type":"EntryPoint","urlTemplate":"https:\/\/www.evropskakuca.me\/me\/?s={search_term_string}"},"query-input":{"@type":"PropertyValueSpecification","valueRequired":true,"valueName":"search_term_string"}}],"inLanguage":"me-ME"},{"@type":"Organization","@id":"https:\/\/www.evropskakuca.me\/me\/#organization","name":"Evropean house","url":"https:\/\/www.evropskakuca.me\/me\/","logo":{"@type":"ImageObject","inLanguage":"me-ME","@id":"https:\/\/www.evropskakuca.me\/me\/#\/schema\/logo\/image\/","url":"https:\/\/www.evropskakuca.me\/wp-content\/uploads\/2025\/01\/evropska-kuca-logo-1.png","contentUrl":"https:\/\/www.evropskakuca.me\/wp-content\/uploads\/2025\/01\/evropska-kuca-logo-1.png","width":425,"height":312,"caption":"Evropean house"},"image":{"@id":"https:\/\/www.evropskakuca.me\/me\/#\/schema\/logo\/image\/"},"sameAs":["https:\/\/www.facebook.com\/evropska.kuca","https:\/\/x.com\/evropska_kuca","https:\/\/www.instagram.com\/evropska_kuca"]},{"@type":"Person","@id":"https:\/\/www.evropskakuca.me\/me\/#\/schema\/person\/a1d0dcdaefe4a1cd1d60d200ea137ba4","name":"mkajic","image":{"@type":"ImageObject","inLanguage":"me-ME","@id":"https:\/\/secure.gravatar.com\/avatar\/731fa035cefab7316e6bafd1f25a93fb731a07de14e2d9923f8db4422628eabc?s=96&d=mm&r=g","url":"https:\/\/secure.gravatar.com\/avatar\/731fa035cefab7316e6bafd1f25a93fb731a07de14e2d9923f8db4422628eabc?s=96&d=mm&r=g","contentUrl":"https:\/\/secure.gravatar.com\/avatar\/731fa035cefab7316e6bafd1f25a93fb731a07de14e2d9923f8db4422628eabc?s=96&d=mm&r=g","caption":"mkajic"},"sameAs":["https:\/\/evropskakuca.me"],"url":"https:\/\/www.evropskakuca.me\/me\/author\/mkajic\/"}]}},"_links":{"self":[{"href":"https:\/\/www.evropskakuca.me\/me\/wp-json\/wp\/v2\/posts\/20048","targetHints":{"allow":["GET"]}}],"collection":[{"href":"https:\/\/www.evropskakuca.me\/me\/wp-json\/wp\/v2\/posts"}],"about":[{"href":"https:\/\/www.evropskakuca.me\/me\/wp-json\/wp\/v2\/types\/post"}],"author":[{"embeddable":true,"href":"https:\/\/www.evropskakuca.me\/me\/wp-json\/wp\/v2\/users\/1"}],"replies":[{"embeddable":true,"href":"https:\/\/www.evropskakuca.me\/me\/wp-json\/wp\/v2\/comments?post=20048"}],"version-history":[{"count":0,"href":"https:\/\/www.evropskakuca.me\/me\/wp-json\/wp\/v2\/posts\/20048\/revisions"}],"wp:featuredmedia":[{"embeddable":true,"href":"https:\/\/www.evropskakuca.me\/me\/wp-json\/wp\/v2\/media\/38054"}],"wp:attachment":[{"href":"https:\/\/www.evropskakuca.me\/me\/wp-json\/wp\/v2\/media?parent=20048"}],"wp:term":[{"taxonomy":"category","embeddable":true,"href":"https:\/\/www.evropskakuca.me\/me\/wp-json\/wp\/v2\/categories?post=20048"},{"taxonomy":"post_tag","embeddable":true,"href":"https:\/\/www.evropskakuca.me\/me\/wp-json\/wp\/v2\/tags?post=20048"}],"curies":[{"name":"wp","href":"https:\/\/api.w.org\/{rel}","templated":true}]}}