{"id":20042,"date":"2022-03-11T15:19:55","date_gmt":"2022-03-11T15:19:55","guid":{"rendered":"http:\/\/www.evropskakuca.me\/?p=20042"},"modified":"2022-03-11T15:19:55","modified_gmt":"2022-03-11T15:19:55","slug":"primjeri-zenstva-i-junastva-olgivana-ivanovna-rajt","status":"publish","type":"post","link":"https:\/\/www.evropskakuca.me\/me\/primjeri-zenstva-i-junastva-olgivana-ivanovna-rajt\/","title":{"rendered":"Primjeri \u017eenstva i juna\u0161tva \u2013 Olgivana Ivanovna Rajt"},"content":{"rendered":"<div class=\"kvgmc6g5 cxmmr5t8 oygrvhab hcukyx3x c1et5uql ii04i59q\">\n<div dir=\"auto\">\u010cojstvo je dobro\u010dinstvo. Saosje\u0107ajnost. Razumjeti tu\u0111a \u010dinjenja i odluke, \u010dak i kad nisu u skladu s na\u0161im. \u010cojstvo je ostati dosljedan sebi i svojim.<\/div>\n<\/div>\n<div class=\"cxmmr5t8 oygrvhab hcukyx3x c1et5uql o9v6fnle ii04i59q\">\n<div dir=\"auto\">Onaj koji je o \u010dojstvu pripovijedao bio je vojvoda i pjesnik, Marko Miljanov. Jedna od njegovih \u0107erki, Milica, prijavila se 1914. u vojsku pod mu\u0161kim imenom i borila se u svim bitkama, nose\u0107i od oca usa\u0111en ratni\u010dki \u017ear! I proslije\u0111en dalje, transgeneracijski.<\/div>\n<div dir=\"auto\"><\/div>\n<\/div>\n<div class=\"cxmmr5t8 oygrvhab hcukyx3x c1et5uql o9v6fnle ii04i59q\">\n<div dir=\"auto\">Milica je rodila Olgu, a Olga Svetlanu. U \u010dast ocu, kad je odrasla, spojila je svoje ime s njegovim: Olga i Ivan stopi\u0161e se u Olgivana.<\/div>\n<\/div>\n<div class=\"cxmmr5t8 oygrvhab hcukyx3x c1et5uql o9v6fnle ii04i59q\">\n<div dir=\"auto\">Karte koje je na ro\u0111enju izvukla odvele su je u Gruziju, gdje je upoznala Georgija Ivanovi\u010da Gur\u0111ijeva koji ju je nau\u010dio da, ple\u0161u\u0107i, dopre do vi\u0161eg Ja. Ples koji je, u no\u0107i svoje smrti, gledala slavna novozelandska knji\u017eevnica Ketrin Mensfild: \u201ePostoji ta\u010dka od oko sedam minuta u kojoj je sadr\u017ean \u010ditav, ali \u010ditav \u017eivot \u017eene. Iz toga nau\u010di\u0161 vi\u0161e o \u017eivotu \u017eene nego iz bilo koje knjige ili pjesme, ne\u0161to misteriozno.\u201d<\/div>\n<div dir=\"auto\"><\/div>\n<\/div>\n<div class=\"cxmmr5t8 oygrvhab hcukyx3x c1et5uql o9v6fnle ii04i59q\">\n<div dir=\"auto\">Takav je bio Olgivanin ples. Zahvaljuju\u0107i njemu, na jednoj baletskoj predstavi upoznaje i zaljubljuje se zauvijek u arhitektu Frenka Lojda Rajta. Dobijaju \u0107erku Jovanu. Rajt je najve\u0107i ameri\u010dki arhitekta svih vremena, a Olgivana je njegova muza! Imali su presti\u017enu \u0161kolu za arhitekte u kojoj se crtalo, klesale stijene, njegovali vrtovi i plesalo. I ponekad \u010ditalo \u2013 Primjeri \u010dojstva i juna\u0161tva u originalu. \u010citaju\u0107i \u0111edove pri\u010de o \u010dojstvu, svojim plesom veli\u010dala je \u017eenstvo. Krug zatvoren.<\/div>\n<div dir=\"auto\"><\/div>\n<\/div>\n<div class=\"cxmmr5t8 oygrvhab hcukyx3x c1et5uql o9v6fnle ii04i59q\">\n<div dir=\"auto\">Olgivana je umrla 1. marta 1985. godine. U nekrologu Njujork Tajmsa citiraju se rije\u010di njenog mu\u017ea: \u201eSama \u010dinjenica da je pored mene razgaljuje mi srce i ja\u010da duh, i kada stvari krenu lo\u0161e i kada idu dobro.\u201d<\/div>\n<\/div>\n<div class=\"cxmmr5t8 oygrvhab hcukyx3x c1et5uql o9v6fnle ii04i59q\">\n<div dir=\"auto\">Jer tako vole \u017eene. I tako se vole \u017eene.<\/div>\n<div dir=\"auto\"><\/div>\n<\/div>\n<div dir=\"auto\">Olgivana Ivanovna Rajt je dio na\u0161e kampanje &#8216;<a href=\"http:\/\/www.evropskakuca.me\/me\/upoznajte-primjere-zenstva-i-junastva\/\">&#8216;Primjeri \u017eenstva i juna\u0161tva&#8221;<\/a><\/div>\n","protected":false},"excerpt":{"rendered":"<p>\u010cojstvo je dobro\u010dinstvo. Saosje\u0107ajnost. Razumjeti tu\u0111a \u010dinjenja i odluke, \u010dak i kad nisu u skladu s na\u0161im. \u010cojstvo je ostati dosljedan sebi i svojim. Onaj koji je o \u010dojstvu pripovijedao bio je vojvoda i pjesnik, Marko Miljanov. Jedna od njegovih \u0107erki, Milica, prijavila se 1914. u vojsku pod mu\u0161kim imenom i borila se u svim [&hellip;]<\/p>\n","protected":false},"author":1,"featured_media":38076,"comment_status":"closed","ping_status":"closed","sticky":false,"template":"","format":"standard","meta":{"_acf_changed":false,"footnotes":""},"categories":[],"tags":[],"class_list":["post-20042","post","type-post","status-publish","format-standard","has-post-thumbnail","hentry"],"acf":[],"yoast_head":"<!-- This site is optimized with the Yoast SEO plugin v27.3 - https:\/\/yoast.com\/product\/yoast-seo-wordpress\/ -->\n<title>Primjeri \u017eenstva i juna\u0161tva \u2013 Olgivana Ivanovna Rajt - Europe House<\/title>\n<meta name=\"robots\" content=\"index, follow, max-snippet:-1, max-image-preview:large, max-video-preview:-1\" \/>\n<link rel=\"canonical\" href=\"https:\/\/www.evropskakuca.me\/me\/primjeri-zenstva-i-junastva-olgivana-ivanovna-rajt\/\" \/>\n<meta property=\"og:locale\" content=\"en_US\" \/>\n<meta property=\"og:type\" content=\"article\" \/>\n<meta property=\"og:title\" content=\"Primjeri \u017eenstva i juna\u0161tva \u2013 Olgivana Ivanovna Rajt - Europe House\" \/>\n<meta property=\"og:description\" content=\"\u010cojstvo je dobro\u010dinstvo. Saosje\u0107ajnost. Razumjeti tu\u0111a \u010dinjenja i odluke, \u010dak i kad nisu u skladu s na\u0161im. \u010cojstvo je ostati dosljedan sebi i svojim. Onaj koji je o \u010dojstvu pripovijedao bio je vojvoda i pjesnik, Marko Miljanov. Jedna od njegovih \u0107erki, Milica, prijavila se 1914. u vojsku pod mu\u0161kim imenom i borila se u svim [&hellip;]\" \/>\n<meta property=\"og:url\" content=\"https:\/\/www.evropskakuca.me\/me\/primjeri-zenstva-i-junastva-olgivana-ivanovna-rajt\/\" \/>\n<meta property=\"og:site_name\" content=\"Europe House\" \/>\n<meta property=\"article:publisher\" content=\"https:\/\/www.facebook.com\/evropska.kuca\" \/>\n<meta property=\"article:published_time\" content=\"2022-03-11T15:19:55+00:00\" \/>\n<meta property=\"og:image\" content=\"https:\/\/www.evropskakuca.me\/wp-content\/uploads\/2022\/03\/Olgivana_facebook.jpg\" \/>\n\t<meta property=\"og:image:width\" content=\"1080\" \/>\n\t<meta property=\"og:image:height\" content=\"1080\" \/>\n\t<meta property=\"og:image:type\" content=\"image\/jpeg\" \/>\n<meta name=\"author\" content=\"mkajic\" \/>\n<meta name=\"twitter:card\" content=\"summary_large_image\" \/>\n<meta name=\"twitter:creator\" content=\"@evropska_kuca\" \/>\n<meta name=\"twitter:site\" content=\"@evropska_kuca\" \/>\n<meta name=\"twitter:label1\" content=\"Written by\" \/>\n\t<meta name=\"twitter:data1\" content=\"mkajic\" \/>\n\t<meta name=\"twitter:label2\" content=\"Est. reading time\" \/>\n\t<meta name=\"twitter:data2\" content=\"2 minutes\" \/>\n<script type=\"application\/ld+json\" class=\"yoast-schema-graph\">{\"@context\":\"https:\\\/\\\/schema.org\",\"@graph\":[{\"@type\":\"Article\",\"@id\":\"https:\\\/\\\/www.evropskakuca.me\\\/me\\\/primjeri-zenstva-i-junastva-olgivana-ivanovna-rajt\\\/#article\",\"isPartOf\":{\"@id\":\"https:\\\/\\\/www.evropskakuca.me\\\/me\\\/primjeri-zenstva-i-junastva-olgivana-ivanovna-rajt\\\/\"},\"author\":{\"name\":\"mkajic\",\"@id\":\"https:\\\/\\\/www.evropskakuca.me\\\/me\\\/#\\\/schema\\\/person\\\/a1d0dcdaefe4a1cd1d60d200ea137ba4\"},\"headline\":\"Primjeri \u017eenstva i juna\u0161tva \u2013 Olgivana Ivanovna Rajt\",\"datePublished\":\"2022-03-11T15:19:55+00:00\",\"mainEntityOfPage\":{\"@id\":\"https:\\\/\\\/www.evropskakuca.me\\\/me\\\/primjeri-zenstva-i-junastva-olgivana-ivanovna-rajt\\\/\"},\"wordCount\":336,\"publisher\":{\"@id\":\"https:\\\/\\\/www.evropskakuca.me\\\/me\\\/#organization\"},\"image\":{\"@id\":\"https:\\\/\\\/www.evropskakuca.me\\\/me\\\/primjeri-zenstva-i-junastva-olgivana-ivanovna-rajt\\\/#primaryimage\"},\"thumbnailUrl\":\"https:\\\/\\\/www.evropskakuca.me\\\/wp-content\\\/uploads\\\/2022\\\/03\\\/Olgivana_facebook.jpg\",\"inLanguage\":\"me-ME\"},{\"@type\":\"WebPage\",\"@id\":\"https:\\\/\\\/www.evropskakuca.me\\\/me\\\/primjeri-zenstva-i-junastva-olgivana-ivanovna-rajt\\\/\",\"url\":\"https:\\\/\\\/www.evropskakuca.me\\\/me\\\/primjeri-zenstva-i-junastva-olgivana-ivanovna-rajt\\\/\",\"name\":\"Primjeri \u017eenstva i juna\u0161tva \u2013 Olgivana Ivanovna Rajt - Europe House\",\"isPartOf\":{\"@id\":\"https:\\\/\\\/www.evropskakuca.me\\\/me\\\/#website\"},\"primaryImageOfPage\":{\"@id\":\"https:\\\/\\\/www.evropskakuca.me\\\/me\\\/primjeri-zenstva-i-junastva-olgivana-ivanovna-rajt\\\/#primaryimage\"},\"image\":{\"@id\":\"https:\\\/\\\/www.evropskakuca.me\\\/me\\\/primjeri-zenstva-i-junastva-olgivana-ivanovna-rajt\\\/#primaryimage\"},\"thumbnailUrl\":\"https:\\\/\\\/www.evropskakuca.me\\\/wp-content\\\/uploads\\\/2022\\\/03\\\/Olgivana_facebook.jpg\",\"datePublished\":\"2022-03-11T15:19:55+00:00\",\"breadcrumb\":{\"@id\":\"https:\\\/\\\/www.evropskakuca.me\\\/me\\\/primjeri-zenstva-i-junastva-olgivana-ivanovna-rajt\\\/#breadcrumb\"},\"inLanguage\":\"me-ME\",\"potentialAction\":[{\"@type\":\"ReadAction\",\"target\":[\"https:\\\/\\\/www.evropskakuca.me\\\/me\\\/primjeri-zenstva-i-junastva-olgivana-ivanovna-rajt\\\/\"]}]},{\"@type\":\"ImageObject\",\"inLanguage\":\"me-ME\",\"@id\":\"https:\\\/\\\/www.evropskakuca.me\\\/me\\\/primjeri-zenstva-i-junastva-olgivana-ivanovna-rajt\\\/#primaryimage\",\"url\":\"https:\\\/\\\/www.evropskakuca.me\\\/wp-content\\\/uploads\\\/2022\\\/03\\\/Olgivana_facebook.jpg\",\"contentUrl\":\"https:\\\/\\\/www.evropskakuca.me\\\/wp-content\\\/uploads\\\/2022\\\/03\\\/Olgivana_facebook.jpg\",\"width\":1080,\"height\":1080},{\"@type\":\"BreadcrumbList\",\"@id\":\"https:\\\/\\\/www.evropskakuca.me\\\/me\\\/primjeri-zenstva-i-junastva-olgivana-ivanovna-rajt\\\/#breadcrumb\",\"itemListElement\":[{\"@type\":\"ListItem\",\"position\":1,\"name\":\"Home\",\"item\":\"https:\\\/\\\/www.evropskakuca.me\\\/me\\\/\"},{\"@type\":\"ListItem\",\"position\":2,\"name\":\"Primjeri \u017eenstva i juna\u0161tva \u2013 Olgivana Ivanovna Rajt\"}]},{\"@type\":\"WebSite\",\"@id\":\"https:\\\/\\\/www.evropskakuca.me\\\/me\\\/#website\",\"url\":\"https:\\\/\\\/www.evropskakuca.me\\\/me\\\/\",\"name\":\"Evropean house\",\"description\":\"\",\"publisher\":{\"@id\":\"https:\\\/\\\/www.evropskakuca.me\\\/me\\\/#organization\"},\"potentialAction\":[{\"@type\":\"SearchAction\",\"target\":{\"@type\":\"EntryPoint\",\"urlTemplate\":\"https:\\\/\\\/www.evropskakuca.me\\\/me\\\/?s={search_term_string}\"},\"query-input\":{\"@type\":\"PropertyValueSpecification\",\"valueRequired\":true,\"valueName\":\"search_term_string\"}}],\"inLanguage\":\"me-ME\"},{\"@type\":\"Organization\",\"@id\":\"https:\\\/\\\/www.evropskakuca.me\\\/me\\\/#organization\",\"name\":\"Evropean house\",\"url\":\"https:\\\/\\\/www.evropskakuca.me\\\/me\\\/\",\"logo\":{\"@type\":\"ImageObject\",\"inLanguage\":\"me-ME\",\"@id\":\"https:\\\/\\\/www.evropskakuca.me\\\/me\\\/#\\\/schema\\\/logo\\\/image\\\/\",\"url\":\"https:\\\/\\\/www.evropskakuca.me\\\/wp-content\\\/uploads\\\/2025\\\/01\\\/evropska-kuca-logo-1.png\",\"contentUrl\":\"https:\\\/\\\/www.evropskakuca.me\\\/wp-content\\\/uploads\\\/2025\\\/01\\\/evropska-kuca-logo-1.png\",\"width\":425,\"height\":312,\"caption\":\"Evropean house\"},\"image\":{\"@id\":\"https:\\\/\\\/www.evropskakuca.me\\\/me\\\/#\\\/schema\\\/logo\\\/image\\\/\"},\"sameAs\":[\"https:\\\/\\\/www.facebook.com\\\/evropska.kuca\",\"https:\\\/\\\/x.com\\\/evropska_kuca\",\"https:\\\/\\\/www.instagram.com\\\/evropska_kuca\"]},{\"@type\":\"Person\",\"@id\":\"https:\\\/\\\/www.evropskakuca.me\\\/me\\\/#\\\/schema\\\/person\\\/a1d0dcdaefe4a1cd1d60d200ea137ba4\",\"name\":\"mkajic\",\"image\":{\"@type\":\"ImageObject\",\"inLanguage\":\"me-ME\",\"@id\":\"https:\\\/\\\/secure.gravatar.com\\\/avatar\\\/731fa035cefab7316e6bafd1f25a93fb731a07de14e2d9923f8db4422628eabc?s=96&d=mm&r=g\",\"url\":\"https:\\\/\\\/secure.gravatar.com\\\/avatar\\\/731fa035cefab7316e6bafd1f25a93fb731a07de14e2d9923f8db4422628eabc?s=96&d=mm&r=g\",\"contentUrl\":\"https:\\\/\\\/secure.gravatar.com\\\/avatar\\\/731fa035cefab7316e6bafd1f25a93fb731a07de14e2d9923f8db4422628eabc?s=96&d=mm&r=g\",\"caption\":\"mkajic\"},\"sameAs\":[\"https:\\\/\\\/evropskakuca.me\"],\"url\":\"https:\\\/\\\/www.evropskakuca.me\\\/me\\\/author\\\/mkajic\\\/\"}]}<\/script>\n<!-- \/ Yoast SEO plugin. -->","yoast_head_json":{"title":"Primjeri \u017eenstva i juna\u0161tva \u2013 Olgivana Ivanovna Rajt - Europe House","robots":{"index":"index","follow":"follow","max-snippet":"max-snippet:-1","max-image-preview":"max-image-preview:large","max-video-preview":"max-video-preview:-1"},"canonical":"https:\/\/www.evropskakuca.me\/me\/primjeri-zenstva-i-junastva-olgivana-ivanovna-rajt\/","og_locale":"en_US","og_type":"article","og_title":"Primjeri \u017eenstva i juna\u0161tva \u2013 Olgivana Ivanovna Rajt - Europe House","og_description":"\u010cojstvo je dobro\u010dinstvo. Saosje\u0107ajnost. Razumjeti tu\u0111a \u010dinjenja i odluke, \u010dak i kad nisu u skladu s na\u0161im. \u010cojstvo je ostati dosljedan sebi i svojim. Onaj koji je o \u010dojstvu pripovijedao bio je vojvoda i pjesnik, Marko Miljanov. Jedna od njegovih \u0107erki, Milica, prijavila se 1914. u vojsku pod mu\u0161kim imenom i borila se u svim [&hellip;]","og_url":"https:\/\/www.evropskakuca.me\/me\/primjeri-zenstva-i-junastva-olgivana-ivanovna-rajt\/","og_site_name":"Europe House","article_publisher":"https:\/\/www.facebook.com\/evropska.kuca","article_published_time":"2022-03-11T15:19:55+00:00","og_image":[{"width":1080,"height":1080,"url":"https:\/\/www.evropskakuca.me\/wp-content\/uploads\/2022\/03\/Olgivana_facebook.jpg","type":"image\/jpeg"}],"author":"mkajic","twitter_card":"summary_large_image","twitter_creator":"@evropska_kuca","twitter_site":"@evropska_kuca","twitter_misc":{"Written by":"mkajic","Est. reading time":"2 minutes"},"schema":{"@context":"https:\/\/schema.org","@graph":[{"@type":"Article","@id":"https:\/\/www.evropskakuca.me\/me\/primjeri-zenstva-i-junastva-olgivana-ivanovna-rajt\/#article","isPartOf":{"@id":"https:\/\/www.evropskakuca.me\/me\/primjeri-zenstva-i-junastva-olgivana-ivanovna-rajt\/"},"author":{"name":"mkajic","@id":"https:\/\/www.evropskakuca.me\/me\/#\/schema\/person\/a1d0dcdaefe4a1cd1d60d200ea137ba4"},"headline":"Primjeri \u017eenstva i juna\u0161tva \u2013 Olgivana Ivanovna Rajt","datePublished":"2022-03-11T15:19:55+00:00","mainEntityOfPage":{"@id":"https:\/\/www.evropskakuca.me\/me\/primjeri-zenstva-i-junastva-olgivana-ivanovna-rajt\/"},"wordCount":336,"publisher":{"@id":"https:\/\/www.evropskakuca.me\/me\/#organization"},"image":{"@id":"https:\/\/www.evropskakuca.me\/me\/primjeri-zenstva-i-junastva-olgivana-ivanovna-rajt\/#primaryimage"},"thumbnailUrl":"https:\/\/www.evropskakuca.me\/wp-content\/uploads\/2022\/03\/Olgivana_facebook.jpg","inLanguage":"me-ME"},{"@type":"WebPage","@id":"https:\/\/www.evropskakuca.me\/me\/primjeri-zenstva-i-junastva-olgivana-ivanovna-rajt\/","url":"https:\/\/www.evropskakuca.me\/me\/primjeri-zenstva-i-junastva-olgivana-ivanovna-rajt\/","name":"Primjeri \u017eenstva i juna\u0161tva \u2013 Olgivana Ivanovna Rajt - Europe House","isPartOf":{"@id":"https:\/\/www.evropskakuca.me\/me\/#website"},"primaryImageOfPage":{"@id":"https:\/\/www.evropskakuca.me\/me\/primjeri-zenstva-i-junastva-olgivana-ivanovna-rajt\/#primaryimage"},"image":{"@id":"https:\/\/www.evropskakuca.me\/me\/primjeri-zenstva-i-junastva-olgivana-ivanovna-rajt\/#primaryimage"},"thumbnailUrl":"https:\/\/www.evropskakuca.me\/wp-content\/uploads\/2022\/03\/Olgivana_facebook.jpg","datePublished":"2022-03-11T15:19:55+00:00","breadcrumb":{"@id":"https:\/\/www.evropskakuca.me\/me\/primjeri-zenstva-i-junastva-olgivana-ivanovna-rajt\/#breadcrumb"},"inLanguage":"me-ME","potentialAction":[{"@type":"ReadAction","target":["https:\/\/www.evropskakuca.me\/me\/primjeri-zenstva-i-junastva-olgivana-ivanovna-rajt\/"]}]},{"@type":"ImageObject","inLanguage":"me-ME","@id":"https:\/\/www.evropskakuca.me\/me\/primjeri-zenstva-i-junastva-olgivana-ivanovna-rajt\/#primaryimage","url":"https:\/\/www.evropskakuca.me\/wp-content\/uploads\/2022\/03\/Olgivana_facebook.jpg","contentUrl":"https:\/\/www.evropskakuca.me\/wp-content\/uploads\/2022\/03\/Olgivana_facebook.jpg","width":1080,"height":1080},{"@type":"BreadcrumbList","@id":"https:\/\/www.evropskakuca.me\/me\/primjeri-zenstva-i-junastva-olgivana-ivanovna-rajt\/#breadcrumb","itemListElement":[{"@type":"ListItem","position":1,"name":"Home","item":"https:\/\/www.evropskakuca.me\/me\/"},{"@type":"ListItem","position":2,"name":"Primjeri \u017eenstva i juna\u0161tva \u2013 Olgivana Ivanovna Rajt"}]},{"@type":"WebSite","@id":"https:\/\/www.evropskakuca.me\/me\/#website","url":"https:\/\/www.evropskakuca.me\/me\/","name":"Evropean house","description":"","publisher":{"@id":"https:\/\/www.evropskakuca.me\/me\/#organization"},"potentialAction":[{"@type":"SearchAction","target":{"@type":"EntryPoint","urlTemplate":"https:\/\/www.evropskakuca.me\/me\/?s={search_term_string}"},"query-input":{"@type":"PropertyValueSpecification","valueRequired":true,"valueName":"search_term_string"}}],"inLanguage":"me-ME"},{"@type":"Organization","@id":"https:\/\/www.evropskakuca.me\/me\/#organization","name":"Evropean house","url":"https:\/\/www.evropskakuca.me\/me\/","logo":{"@type":"ImageObject","inLanguage":"me-ME","@id":"https:\/\/www.evropskakuca.me\/me\/#\/schema\/logo\/image\/","url":"https:\/\/www.evropskakuca.me\/wp-content\/uploads\/2025\/01\/evropska-kuca-logo-1.png","contentUrl":"https:\/\/www.evropskakuca.me\/wp-content\/uploads\/2025\/01\/evropska-kuca-logo-1.png","width":425,"height":312,"caption":"Evropean house"},"image":{"@id":"https:\/\/www.evropskakuca.me\/me\/#\/schema\/logo\/image\/"},"sameAs":["https:\/\/www.facebook.com\/evropska.kuca","https:\/\/x.com\/evropska_kuca","https:\/\/www.instagram.com\/evropska_kuca"]},{"@type":"Person","@id":"https:\/\/www.evropskakuca.me\/me\/#\/schema\/person\/a1d0dcdaefe4a1cd1d60d200ea137ba4","name":"mkajic","image":{"@type":"ImageObject","inLanguage":"me-ME","@id":"https:\/\/secure.gravatar.com\/avatar\/731fa035cefab7316e6bafd1f25a93fb731a07de14e2d9923f8db4422628eabc?s=96&d=mm&r=g","url":"https:\/\/secure.gravatar.com\/avatar\/731fa035cefab7316e6bafd1f25a93fb731a07de14e2d9923f8db4422628eabc?s=96&d=mm&r=g","contentUrl":"https:\/\/secure.gravatar.com\/avatar\/731fa035cefab7316e6bafd1f25a93fb731a07de14e2d9923f8db4422628eabc?s=96&d=mm&r=g","caption":"mkajic"},"sameAs":["https:\/\/evropskakuca.me"],"url":"https:\/\/www.evropskakuca.me\/me\/author\/mkajic\/"}]}},"_links":{"self":[{"href":"https:\/\/www.evropskakuca.me\/me\/wp-json\/wp\/v2\/posts\/20042","targetHints":{"allow":["GET"]}}],"collection":[{"href":"https:\/\/www.evropskakuca.me\/me\/wp-json\/wp\/v2\/posts"}],"about":[{"href":"https:\/\/www.evropskakuca.me\/me\/wp-json\/wp\/v2\/types\/post"}],"author":[{"embeddable":true,"href":"https:\/\/www.evropskakuca.me\/me\/wp-json\/wp\/v2\/users\/1"}],"replies":[{"embeddable":true,"href":"https:\/\/www.evropskakuca.me\/me\/wp-json\/wp\/v2\/comments?post=20042"}],"version-history":[{"count":0,"href":"https:\/\/www.evropskakuca.me\/me\/wp-json\/wp\/v2\/posts\/20042\/revisions"}],"wp:featuredmedia":[{"embeddable":true,"href":"https:\/\/www.evropskakuca.me\/me\/wp-json\/wp\/v2\/media\/38076"}],"wp:attachment":[{"href":"https:\/\/www.evropskakuca.me\/me\/wp-json\/wp\/v2\/media?parent=20042"}],"wp:term":[{"taxonomy":"category","embeddable":true,"href":"https:\/\/www.evropskakuca.me\/me\/wp-json\/wp\/v2\/categories?post=20042"},{"taxonomy":"post_tag","embeddable":true,"href":"https:\/\/www.evropskakuca.me\/me\/wp-json\/wp\/v2\/tags?post=20042"}],"curies":[{"name":"wp","href":"https:\/\/api.w.org\/{rel}","templated":true}]}}