{"id":19884,"date":"2022-03-08T14:05:33","date_gmt":"2022-03-08T14:05:33","guid":{"rendered":"http:\/\/www.evropskakuca.me\/?p=19884"},"modified":"2022-03-08T14:05:33","modified_gmt":"2022-03-08T14:05:33","slug":"pocela-kampanja-primjeri-zenstva-i-junastva-2","status":"publish","type":"post","link":"https:\/\/www.evropskakuca.me\/me\/pocela-kampanja-primjeri-zenstva-i-junastva-2\/","title":{"rendered":"Po\u010dela kampanja \u201ePrimjeri \u017eenstva i juna\u0161tva\u201c"},"content":{"rendered":"<p>Na\u0161a nova kampanja \u201ePrimjeri \u017eenstva i juna\u0161tva\u201c, koju smo posvetili istaknutim \u017eenama iz crnogorske i EU istorije, zvani\u010dno je po\u010dela istoimenom panel diskusijom, u Centru za kulturu Ribnica. Na panelu su govorile \u017eene koje i danas ru\u0161e stereotipe i kora\u010daju stopama svojih pretkinja, koje ostvaruju svoje snove i slave \u017eenstvo, a juna\u0161tvo se podrazumijeva.<\/p>\n<p>To su ambasadorka Evropske unije u Crnoj Gori <a href=\"http:\/\/www.evropskakuca.me\/me\/primjer-zenstva-i-junastva-oana-kristina-popa\/\">Oana Kristina Popa<\/a>, jedina pilotkinja u Vojsci Crne Gore Kristina Ba\u010di\u0107, prva osoba iz Crne Gore na vojnoj akademiji West Point u SAD Nevena Nikolic\u0301 i jedina takmi\u010darka u brdsko brzinskim trkama An\u0111ela Kne\u017eevic\u0301. Panel je moderirala novinarka Aleksandra \u0160ljivi\u0107.<\/p>\n<p><img fetchpriority=\"high\" decoding=\"async\" class=\"alignnone size-full wp-image-19889\" src=\"http:\/\/www.evropskakuca.me\/wp-content\/uploads\/2022\/03\/274997283_2647777055354969_1248801356845681634_n.jpg\" alt=\"\" width=\"960\" height=\"641\" \/><\/p>\n<p>Otvaraju\u0107i panel, ambasadorka Popa je istakla da kampanjom Evropska unija u Crnoj Gori ukazuje po\u010dast heroinama koje su svojim dostignu\u0107ima ru\u0161ile prepreke i stereotipe i utrle put generacijama \u017eena u borbi za rodnu ravnopravnost i svoja prava.<\/p>\n<p>\u201eNa\u0161om kampanjom \u017eelimo da inspiri\u0161emo i crnogorske djevojke. \u017delimo da upoznaju \u017eene koje su promijenile Crnu Goru, Evropu i svijet \u017eive\u0107i ispred svog vremena i ne prihvataju\u0107i ne kao odgovor. \u017delimo da mlade djevojke \u010duju ovu poruku: budite hrabre, jake i odva\u017ene i u\u010dinite sve \u0161to mo\u017eete da ispunite svoje snove\u201c, poru\u010dila je Popa.<\/p>\n<p><img decoding=\"async\" class=\"alignnone size-full wp-image-19891\" src=\"http:\/\/www.evropskakuca.me\/wp-content\/uploads\/2022\/03\/275298596_2647776258688382_1664603516736230443_n.jpg\" alt=\"\" width=\"960\" height=\"641\" \/><\/p>\n<p>Hrabre, jake i odva\u017ene su i tri djevojke, koje su na panelu podijelile svoje inspirativne pri\u010de. Jedina pilotkinja u Vojsci Crne Gore <a href=\"http:\/\/www.evropskakuca.me\/me\/primjer-zenstva-i-junastva-kristina-bacic\/\">Kristina Ba\u010di\u0107<\/a> petogodi\u0161nju vojnu akademiju je zavr\u0161ila u Gr\u010dkoj. Tamo se suo\u010dila sa diskriminacijom i predrasudama od strane mu\u0161kih kolega, morala je da dokazuje da \u017eenama nije mjesto samo u kuhinji. Danas, u svom timu u Vojsci Crne Gore, u\u017eiva puno povjerenje.<\/p>\n<p>\u201eKada sam se vratila u Crnu Goru, na moje iznena\u0111enje, do\u010dekale su me pozitivnije reakcije kolega. Oni su iskusni, zavr\u0161ili su presti\u017ene akademije. Prihvatili su me neki kao k\u0107erku ili kao sestru\u201c, rekla je ona i poru\u010dila mladim djevojkama da u onome \u0161to rade treba da ostave neki li\u010dni pe\u010dat.<\/p>\n<p><img decoding=\"async\" class=\"alignnone size-full wp-image-19893\" src=\"http:\/\/www.evropskakuca.me\/wp-content\/uploads\/2022\/03\/275074011_2647776288688379_5320389323720563461_n.jpg\" alt=\"\" width=\"960\" height=\"641\" \/><\/p>\n<p>\u201eJa sam danas ovdje gdje jesam, ne zato \u0161to sam \u017eeljela ili potencirala da budem prva vojna pilotkinja u Crnoj Gori, ve\u0107 zato \u0161to sam \u017eeljela da budem najbolja u svom poslu\u201c, kazala je Kristina.<\/p>\n<p>Njena koleginica <a href=\"http:\/\/www.evropskakuca.me\/me\/primjer-zenstva-i-junastva-nevena-nikolc\/\">Nevena Nikoli\u0107<\/a> prva je osoba, ne samo \u017eena, iz Crne Gore koja je upisala i diplomirala na Vojnoj akademiji Vest Point u SAD. \u017dene \u010dine 15% vojske Crne Gore, ali to Nevenu ne demotivi\u0161e.<\/p>\n<p>\u201eRaduje me porast ove brojke svake godine. Vrijeme je majstorsko re\u0161eto i ono \u0107e pokazati da, kada te \u017eene isplivaju na rukovode\u0107e funkcije, ti stereotipi ne treba da postoje, i da svi jednako mogu da obavljaju svoje pozicije\u201c, obja\u0161anjava Nevena i poru\u010duje da je najbolje oru\u0111e u borbi za ravnopravnost \u2013 istrajnost u onome \u0161to radite.<\/p>\n<p><img loading=\"lazy\" decoding=\"async\" class=\"alignnone size-large wp-image-19897\" src=\"http:\/\/www.evropskakuca.me\/wp-content\/uploads\/2022\/03\/275465084_4676831189105495_4439827424944303778_n-1024x683.jpg\" alt=\"\" width=\"1024\" height=\"683\" \/><\/p>\n<p>\u201eNeminovno je da se susre\u0107emo sa podozrenjem i predrasudama, jer na\u0161e dru\u0161tvo jo\u0161 nije osvije\u0161\u0107eno kad je rodna ravnopravnost u pitanju, ali na nama je da to promijenimo i utremo put novim generacijama\u201c, poru\u010dila je Nevena.<\/p>\n<p>Ne\u0161to druga\u010diji put izabrala je <a href=\"http:\/\/www.evropskakuca.me\/me\/primjer-zenstva-i-junastva-andela-knezevic\/\">An\u0111ela Kne\u017eevi\u0107.<\/a> Voli brdske staze, na kojima se trka kao jedina \u017eena koja u\u010destvuje u brdsko-brzinskim trkama u Crnoj Gori. Nau\u010dila je da vozi sa samo 7 godina.<\/p>\n<p><img loading=\"lazy\" decoding=\"async\" class=\"alignnone size-full wp-image-19899\" src=\"http:\/\/www.evropskakuca.me\/wp-content\/uploads\/2022\/03\/275134153_2647776392021702_6953797875283216518_n.jpg\" alt=\"\" width=\"960\" height=\"641\" \/><\/p>\n<p>\u201eSvako na\u0111e ne\u0161to u \u0161ta se zaljubi, a sada shvatam da sam itekako ponosna \u0161to predstavljam ne\u0161to ovog tipa u na\u0161oj dr\u017eavi.\u00a0 Treba imati ciljeve, postavljati granice i vremenom ih pomjerati. Jer, mi jesmo svemogu\u0107e, samo je pitanje \u0161ta \u017eelimo\u201c, rekla je An\u0111ela.<\/p>\n<p>Ambasadorka Popa je, govore\u0107i o svojim iskustvima, kazala da diplomatija spada u oblasti u kojoj su stereotipi koji se ti\u010du pola danas mnogo manje izra\u017eeni. U Rumuniji su \u017eene napravile veliki korak ka ravnopravnosti u diplomatiji, &#8220;ali jo\u0161 nisu zavr\u0161ile posao&#8221;.<\/p>\n<p>\u201eNa\u0161a borba nije gotova. Potraga za jednakim pravima je duga i za nju se moramo boriti svaki dan\u201c, zaklju\u010dila je EU ambasadorka.<\/p>\n<p><img loading=\"lazy\" decoding=\"async\" class=\"alignnone size-large wp-image-19969\" src=\"http:\/\/www.evropskakuca.me\/wp-content\/uploads\/2022\/03\/human-library-1024x683.jpg\" alt=\"\" width=\"1024\" height=\"683\" \/><\/p>\n<p><strong>&#8220;Live Library&#8221; for high school students<\/strong><\/p>\n<p>After the panel, we organized a &#8220;live library&#8221; for high school students from Podgorica. Divided into smaller groups, they had the opportunity to talk for about 10 minutes with Ambassador Popa, Kristina, Nevena and Andjela. Our panelists shared their professional experiences and how they feel in professions that are not entirely typical for women. They sent encouraging messages and advice on how to make their dreams come true. The high school students were interested in what prejudices they encountered, how they managed to fight for themselves in a male environment, and what is most important along the way.<\/p>\n<p><strong>Po\u010dast za \u017eene Ukrajine<\/strong><\/p>\n<p>Ambasadorka Popa je u svom govoru posebno odala po\u010dast \u017eenama Ukrajine, koje pokazuju nevjerovatnu hrabrost, dok su, kako je istakla, pogo\u0111ene stra\u0161nom agresijom i brutalnim ratom.<\/p>\n<p><img loading=\"lazy\" decoding=\"async\" class=\"alignnone size-large wp-image-19901\" src=\"http:\/\/www.evropskakuca.me\/wp-content\/uploads\/2022\/03\/ukrajina-1-1024x683.jpg\" alt=\"\" width=\"1024\" height=\"683\" \/><\/p>\n<p>\u201e\u017dene Ukrajine su hrabre, ponosne i slobodoljubive. \u017dene Ukrajine nisu same. EU poja\u010dava svoju podr\u0161ku Ukrajini i sankcijama Rusiji, ruskoj ekonomiji, njenom finansijskom sistemu, vazdu\u0161nom prostoru i industriji aviona, visokotehnolo\u0161koj industriji i medijskoj propagandnoj ma\u0161ineriji. Podr\u017ea\u0107emo ukrajinsku vojsku. Na\u0161e dr\u017eave \u010dlanice ra\u0161irenih ruku primaju ukrajinske izbjeglice. Zajedno pru\u017eamo humanitarnu pomo\u0107 svima kojima je potrebna\u201c, poru\u010dila je Popa.<\/p>\n<p>Panelu je prisustvovala i otpravnica poslova u Ambasadi Ukrajine Natalia Fialka, koja je kazala da su u dana\u0161njem svijetu \u017eene aktivno uklju\u010dene u politi\u010dki, ekonomski, dru\u0161tveni i kulturni \u017eivot, ali da trenutne okolnosti i mnogi sukobi u svijetu tjeraju \u017eene da preuzimaju razli\u010dite uloge.<\/p>\n<p><img loading=\"lazy\" decoding=\"async\" class=\"alignnone size-large wp-image-19903\" src=\"http:\/\/www.evropskakuca.me\/wp-content\/uploads\/2022\/03\/275433606_4676830742438873_3950154369342386646_n-1024x683.jpg\" alt=\"\" width=\"1024\" height=\"683\" \/><\/p>\n<p>\u201eU Ukrajini je prije rata sa Rusijom preko 40 odsto \u017eena bilo na rukovode\u0107im mjestima na svim nivoima na\u0161e zemlje. Danas vidimo \u017eene koje su aktivno uklju\u010dene u globalna pitanja, u digitalne inovacje, klimatske promjene, efikasno upravljanje dr\u017eavom\u201c, rekla je Fialka i dodala \u201eDo sada smo imale pravo glasa u dono\u0161enju odluka u \u017eivotu, dru\u0161tvu i dr\u017eavi. Danas Ukrajinke hrabro igraju jo\u0161 jednu ulogu, ulogu branilaca Ukrajine od ruske invazije. Ukrajinke rame uz rame sa mu\u0161karcima brane na\u0161u zemlju od ruskih okupatora\u201c, navela je Fialka.<\/p>\n<p><img loading=\"lazy\" decoding=\"async\" class=\"alignnone size-full wp-image-19878\" src=\"http:\/\/www.evropskakuca.me\/wp-content\/uploads\/2022\/03\/Zenstvo-i-junastvo-fb-cover.jpg\" alt=\"\" width=\"820\" height=\"360\" \/><\/p>\n<p><strong>Nastavak kampanje online<\/strong><\/p>\n<p>Svoje mjesto u odabranoj grupi istaknutih \u017eena iz Crne Gore i Evropske unije na\u0161le su:<\/p>\n<p><strong>Ksenija Petrovic\u0301-Njego\u0161<\/strong> \u2013 prva \u017eena na Balkanu koja je vozila automobil i prva princeza koja se bavila fotografijom. Osta\u0107e upam\u0107ena po svom humantiranom radu tokom Prvog svjetskog rata.<\/p>\n<p><strong>Milosava Perunovic\u0301<\/strong> \u2013 gimnazijalka iz Nik\u0161i\u0107a koja se u Prvom svjetskom ratu borila pod mu\u0161kim imenom Milosav. Kao nagradu \u0161to je bila dobrovoljka, Milosava je dobila veliku zemlju u Vojvodini. Iz nje se vratila da bi se, ovaj put pod svojim imenom, borila u Drugom svjetskom ratu.<\/p>\n<p><strong>Ljubica Popovic\u0301<\/strong> \u2013 aktivistkinja i narodna heroina Jugoslavije. Iako je umrla u cvijetu mladosti, pod njenim imenom sada rastu nove generacije malih heroina.<\/p>\n<p><a href=\"http:\/\/www.evropskakuca.me\/me\/primjeri-zenstva-i-junastva-stana-tomasevic-arnesen\/\"><strong>Stana Toma\u0161evic\u0301 Arnesen<\/strong> <\/a>&#8211; prva ambasadorka iz Jugoslavije. Na osnovu njene fotografije napravljen je antifa\u0161isti\u010dki letak norve\u0161kog pokreta otpora.<\/p>\n<p><a href=\"http:\/\/www.evropskakuca.me\/me\/primjeri-zenstva-i-junastva-sabiha-gokcen\/\"><strong>Sabiha Gok\u010den<\/strong><\/a> \u2013 prva borbena pilotkinja na svijetu, zbog \u010dega je upisana u Ginisovu knjigu rekorda. Ro\u0111ena u Turskoj, ali korijene vu\u010de iz Bijelog Polja.<\/p>\n<p><a href=\"http:\/\/www.evropskakuca.me\/me\/primjeri-zenstva-i-junastva-olgivana-ivanovna-rajt\/\"><strong>Olgivana Rajt<\/strong><\/a> \u2013 balerina i kompozitor, unuka Marka Miljanova, koji je napisao knjigu \u201ePrimjeri \u010dojstva i juna\u0161tva\u201c. Olgivana je zaslu\u017ena za osnivanje Rajt fondacije i mnoga od najlep\u0161ih djela zvani\u010dno najvec\u0301eg ameri\u010dkog arhitekte svih vremena.<\/p>\n<p><strong>Marija Kiri<\/strong> &#8211; prva \u017eena koja je dobila Nobelovu nagradu; jedina \u017eena koja je dva puta dobila Nobelovu nagradu; prva i jedina osoba koja je dobila Nobelovu nagradu u dvije nau\u010dne oblasti.<\/p>\n<p><strong>Marija Montesori<\/strong> \u2013 italijanska doktorica i pedago\u0161kinja, koja je unijela revoluciju u obrazovanje djece.\u00a0 Njene obrazovne metode se i danas primjenjuju u \u0161kolama \u0161irom svijeta.<\/p>\n<p><strong>Sofija Koradi<\/strong> \u2013 kreatorka Erazmus programa, u okviru kojeg je preko 10 miliona mladih steklo internacionalno obrazovanje. Poznata je kao &#8220;Erazmus mama&#8221;.<\/p>\n<p>Vi\u0161e o njima mo\u017eete da saznate tokom online kampanje, koja \u0107e trajati do kraja marta na dru\u0161tvenim mre\u017eama EU info centra.<\/p>\n<p>&nbsp;<\/p>\n","protected":false},"excerpt":{"rendered":"<p>Na\u0161a nova kampanja \u201ePrimjeri \u017eenstva i juna\u0161tva\u201c, koju smo posvetili istaknutim \u017eenama iz crnogorske i EU istorije, zvani\u010dno je po\u010dela istoimenom panel diskusijom, u Centru za kulturu Ribnica. Na panelu su govorile \u017eene koje i danas ru\u0161e stereotipe i kora\u010daju stopama svojih pretkinja, koje ostvaruju svoje snove i slave \u017eenstvo, a juna\u0161tvo se podrazumijeva. To [&hellip;]<\/p>\n","protected":false},"author":1,"featured_media":38046,"comment_status":"closed","ping_status":"closed","sticky":false,"template":"","format":"standard","meta":{"_acf_changed":false,"footnotes":""},"categories":[],"tags":[],"class_list":["post-19884","post","type-post","status-publish","format-standard","has-post-thumbnail","hentry"],"acf":[],"yoast_head":"<!-- This site is optimized with the Yoast SEO plugin v27.3 - https:\/\/yoast.com\/product\/yoast-seo-wordpress\/ -->\n<title>Po\u010dela kampanja \u201ePrimjeri \u017eenstva i juna\u0161tva\u201c - Europe House<\/title>\n<meta name=\"robots\" content=\"index, follow, max-snippet:-1, max-image-preview:large, max-video-preview:-1\" \/>\n<link rel=\"canonical\" href=\"https:\/\/www.evropskakuca.me\/me\/pocela-kampanja-primjeri-zenstva-i-junastva-2\/\" \/>\n<meta property=\"og:locale\" content=\"en_US\" \/>\n<meta property=\"og:type\" content=\"article\" \/>\n<meta property=\"og:title\" content=\"Po\u010dela kampanja \u201ePrimjeri \u017eenstva i juna\u0161tva\u201c - Europe House\" \/>\n<meta property=\"og:description\" content=\"Na\u0161a nova kampanja \u201ePrimjeri \u017eenstva i juna\u0161tva\u201c, koju smo posvetili istaknutim \u017eenama iz crnogorske i EU istorije, zvani\u010dno je po\u010dela istoimenom panel diskusijom, u Centru za kulturu Ribnica. Na panelu su govorile \u017eene koje i danas ru\u0161e stereotipe i kora\u010daju stopama svojih pretkinja, koje ostvaruju svoje snove i slave \u017eenstvo, a juna\u0161tvo se podrazumijeva. To [&hellip;]\" \/>\n<meta property=\"og:url\" content=\"https:\/\/www.evropskakuca.me\/me\/pocela-kampanja-primjeri-zenstva-i-junastva-2\/\" \/>\n<meta property=\"og:site_name\" content=\"Europe House\" \/>\n<meta property=\"article:publisher\" content=\"https:\/\/www.facebook.com\/evropska.kuca\" \/>\n<meta property=\"article:published_time\" content=\"2022-03-08T14:05:33+00:00\" \/>\n<meta property=\"og:image\" content=\"https:\/\/www.evropskakuca.me\/wp-content\/uploads\/2022\/03\/274929778_2647776778688330_2308388621900584946_n.jpg\" \/>\n\t<meta property=\"og:image:width\" content=\"960\" \/>\n\t<meta property=\"og:image:height\" content=\"641\" \/>\n\t<meta property=\"og:image:type\" content=\"image\/jpeg\" \/>\n<meta name=\"author\" content=\"mkajic\" \/>\n<meta name=\"twitter:card\" content=\"summary_large_image\" \/>\n<meta name=\"twitter:creator\" content=\"@evropska_kuca\" \/>\n<meta name=\"twitter:site\" content=\"@evropska_kuca\" \/>\n<meta name=\"twitter:label1\" content=\"Written by\" \/>\n\t<meta name=\"twitter:data1\" content=\"mkajic\" \/>\n\t<meta name=\"twitter:label2\" content=\"Est. reading time\" \/>\n\t<meta name=\"twitter:data2\" content=\"8 minutes\" \/>\n<script type=\"application\/ld+json\" class=\"yoast-schema-graph\">{\"@context\":\"https:\\\/\\\/schema.org\",\"@graph\":[{\"@type\":\"Article\",\"@id\":\"https:\\\/\\\/www.evropskakuca.me\\\/me\\\/pocela-kampanja-primjeri-zenstva-i-junastva-2\\\/#article\",\"isPartOf\":{\"@id\":\"https:\\\/\\\/www.evropskakuca.me\\\/me\\\/pocela-kampanja-primjeri-zenstva-i-junastva-2\\\/\"},\"author\":{\"name\":\"mkajic\",\"@id\":\"https:\\\/\\\/www.evropskakuca.me\\\/me\\\/#\\\/schema\\\/person\\\/a1d0dcdaefe4a1cd1d60d200ea137ba4\"},\"headline\":\"Po\u010dela kampanja \u201ePrimjeri \u017eenstva i juna\u0161tva\u201c\",\"datePublished\":\"2022-03-08T14:05:33+00:00\",\"mainEntityOfPage\":{\"@id\":\"https:\\\/\\\/www.evropskakuca.me\\\/me\\\/pocela-kampanja-primjeri-zenstva-i-junastva-2\\\/\"},\"wordCount\":1346,\"publisher\":{\"@id\":\"https:\\\/\\\/www.evropskakuca.me\\\/me\\\/#organization\"},\"image\":{\"@id\":\"https:\\\/\\\/www.evropskakuca.me\\\/me\\\/pocela-kampanja-primjeri-zenstva-i-junastva-2\\\/#primaryimage\"},\"thumbnailUrl\":\"https:\\\/\\\/www.evropskakuca.me\\\/wp-content\\\/uploads\\\/2022\\\/03\\\/274929778_2647776778688330_2308388621900584946_n.jpg\",\"inLanguage\":\"me-ME\"},{\"@type\":\"WebPage\",\"@id\":\"https:\\\/\\\/www.evropskakuca.me\\\/me\\\/pocela-kampanja-primjeri-zenstva-i-junastva-2\\\/\",\"url\":\"https:\\\/\\\/www.evropskakuca.me\\\/me\\\/pocela-kampanja-primjeri-zenstva-i-junastva-2\\\/\",\"name\":\"Po\u010dela kampanja \u201ePrimjeri \u017eenstva i juna\u0161tva\u201c - Europe House\",\"isPartOf\":{\"@id\":\"https:\\\/\\\/www.evropskakuca.me\\\/me\\\/#website\"},\"primaryImageOfPage\":{\"@id\":\"https:\\\/\\\/www.evropskakuca.me\\\/me\\\/pocela-kampanja-primjeri-zenstva-i-junastva-2\\\/#primaryimage\"},\"image\":{\"@id\":\"https:\\\/\\\/www.evropskakuca.me\\\/me\\\/pocela-kampanja-primjeri-zenstva-i-junastva-2\\\/#primaryimage\"},\"thumbnailUrl\":\"https:\\\/\\\/www.evropskakuca.me\\\/wp-content\\\/uploads\\\/2022\\\/03\\\/274929778_2647776778688330_2308388621900584946_n.jpg\",\"datePublished\":\"2022-03-08T14:05:33+00:00\",\"breadcrumb\":{\"@id\":\"https:\\\/\\\/www.evropskakuca.me\\\/me\\\/pocela-kampanja-primjeri-zenstva-i-junastva-2\\\/#breadcrumb\"},\"inLanguage\":\"me-ME\",\"potentialAction\":[{\"@type\":\"ReadAction\",\"target\":[\"https:\\\/\\\/www.evropskakuca.me\\\/me\\\/pocela-kampanja-primjeri-zenstva-i-junastva-2\\\/\"]}]},{\"@type\":\"ImageObject\",\"inLanguage\":\"me-ME\",\"@id\":\"https:\\\/\\\/www.evropskakuca.me\\\/me\\\/pocela-kampanja-primjeri-zenstva-i-junastva-2\\\/#primaryimage\",\"url\":\"https:\\\/\\\/www.evropskakuca.me\\\/wp-content\\\/uploads\\\/2022\\\/03\\\/274929778_2647776778688330_2308388621900584946_n.jpg\",\"contentUrl\":\"https:\\\/\\\/www.evropskakuca.me\\\/wp-content\\\/uploads\\\/2022\\\/03\\\/274929778_2647776778688330_2308388621900584946_n.jpg\",\"width\":960,\"height\":641},{\"@type\":\"BreadcrumbList\",\"@id\":\"https:\\\/\\\/www.evropskakuca.me\\\/me\\\/pocela-kampanja-primjeri-zenstva-i-junastva-2\\\/#breadcrumb\",\"itemListElement\":[{\"@type\":\"ListItem\",\"position\":1,\"name\":\"Home\",\"item\":\"https:\\\/\\\/www.evropskakuca.me\\\/me\\\/\"},{\"@type\":\"ListItem\",\"position\":2,\"name\":\"Po\u010dela kampanja \u201ePrimjeri \u017eenstva i juna\u0161tva\u201c\"}]},{\"@type\":\"WebSite\",\"@id\":\"https:\\\/\\\/www.evropskakuca.me\\\/me\\\/#website\",\"url\":\"https:\\\/\\\/www.evropskakuca.me\\\/me\\\/\",\"name\":\"Evropean house\",\"description\":\"\",\"publisher\":{\"@id\":\"https:\\\/\\\/www.evropskakuca.me\\\/me\\\/#organization\"},\"potentialAction\":[{\"@type\":\"SearchAction\",\"target\":{\"@type\":\"EntryPoint\",\"urlTemplate\":\"https:\\\/\\\/www.evropskakuca.me\\\/me\\\/?s={search_term_string}\"},\"query-input\":{\"@type\":\"PropertyValueSpecification\",\"valueRequired\":true,\"valueName\":\"search_term_string\"}}],\"inLanguage\":\"me-ME\"},{\"@type\":\"Organization\",\"@id\":\"https:\\\/\\\/www.evropskakuca.me\\\/me\\\/#organization\",\"name\":\"Evropean house\",\"url\":\"https:\\\/\\\/www.evropskakuca.me\\\/me\\\/\",\"logo\":{\"@type\":\"ImageObject\",\"inLanguage\":\"me-ME\",\"@id\":\"https:\\\/\\\/www.evropskakuca.me\\\/me\\\/#\\\/schema\\\/logo\\\/image\\\/\",\"url\":\"https:\\\/\\\/www.evropskakuca.me\\\/wp-content\\\/uploads\\\/2025\\\/01\\\/evropska-kuca-logo-1.png\",\"contentUrl\":\"https:\\\/\\\/www.evropskakuca.me\\\/wp-content\\\/uploads\\\/2025\\\/01\\\/evropska-kuca-logo-1.png\",\"width\":425,\"height\":312,\"caption\":\"Evropean house\"},\"image\":{\"@id\":\"https:\\\/\\\/www.evropskakuca.me\\\/me\\\/#\\\/schema\\\/logo\\\/image\\\/\"},\"sameAs\":[\"https:\\\/\\\/www.facebook.com\\\/evropska.kuca\",\"https:\\\/\\\/x.com\\\/evropska_kuca\",\"https:\\\/\\\/www.instagram.com\\\/evropska_kuca\"]},{\"@type\":\"Person\",\"@id\":\"https:\\\/\\\/www.evropskakuca.me\\\/me\\\/#\\\/schema\\\/person\\\/a1d0dcdaefe4a1cd1d60d200ea137ba4\",\"name\":\"mkajic\",\"image\":{\"@type\":\"ImageObject\",\"inLanguage\":\"me-ME\",\"@id\":\"https:\\\/\\\/secure.gravatar.com\\\/avatar\\\/731fa035cefab7316e6bafd1f25a93fb731a07de14e2d9923f8db4422628eabc?s=96&d=mm&r=g\",\"url\":\"https:\\\/\\\/secure.gravatar.com\\\/avatar\\\/731fa035cefab7316e6bafd1f25a93fb731a07de14e2d9923f8db4422628eabc?s=96&d=mm&r=g\",\"contentUrl\":\"https:\\\/\\\/secure.gravatar.com\\\/avatar\\\/731fa035cefab7316e6bafd1f25a93fb731a07de14e2d9923f8db4422628eabc?s=96&d=mm&r=g\",\"caption\":\"mkajic\"},\"sameAs\":[\"https:\\\/\\\/evropskakuca.me\"],\"url\":\"https:\\\/\\\/www.evropskakuca.me\\\/me\\\/author\\\/mkajic\\\/\"}]}<\/script>\n<!-- \/ Yoast SEO plugin. -->","yoast_head_json":{"title":"Po\u010dela kampanja \u201ePrimjeri \u017eenstva i juna\u0161tva\u201c - Europe House","robots":{"index":"index","follow":"follow","max-snippet":"max-snippet:-1","max-image-preview":"max-image-preview:large","max-video-preview":"max-video-preview:-1"},"canonical":"https:\/\/www.evropskakuca.me\/me\/pocela-kampanja-primjeri-zenstva-i-junastva-2\/","og_locale":"en_US","og_type":"article","og_title":"Po\u010dela kampanja \u201ePrimjeri \u017eenstva i juna\u0161tva\u201c - Europe House","og_description":"Na\u0161a nova kampanja \u201ePrimjeri \u017eenstva i juna\u0161tva\u201c, koju smo posvetili istaknutim \u017eenama iz crnogorske i EU istorije, zvani\u010dno je po\u010dela istoimenom panel diskusijom, u Centru za kulturu Ribnica. Na panelu su govorile \u017eene koje i danas ru\u0161e stereotipe i kora\u010daju stopama svojih pretkinja, koje ostvaruju svoje snove i slave \u017eenstvo, a juna\u0161tvo se podrazumijeva. To [&hellip;]","og_url":"https:\/\/www.evropskakuca.me\/me\/pocela-kampanja-primjeri-zenstva-i-junastva-2\/","og_site_name":"Europe House","article_publisher":"https:\/\/www.facebook.com\/evropska.kuca","article_published_time":"2022-03-08T14:05:33+00:00","og_image":[{"width":960,"height":641,"url":"https:\/\/www.evropskakuca.me\/wp-content\/uploads\/2022\/03\/274929778_2647776778688330_2308388621900584946_n.jpg","type":"image\/jpeg"}],"author":"mkajic","twitter_card":"summary_large_image","twitter_creator":"@evropska_kuca","twitter_site":"@evropska_kuca","twitter_misc":{"Written by":"mkajic","Est. reading time":"8 minutes"},"schema":{"@context":"https:\/\/schema.org","@graph":[{"@type":"Article","@id":"https:\/\/www.evropskakuca.me\/me\/pocela-kampanja-primjeri-zenstva-i-junastva-2\/#article","isPartOf":{"@id":"https:\/\/www.evropskakuca.me\/me\/pocela-kampanja-primjeri-zenstva-i-junastva-2\/"},"author":{"name":"mkajic","@id":"https:\/\/www.evropskakuca.me\/me\/#\/schema\/person\/a1d0dcdaefe4a1cd1d60d200ea137ba4"},"headline":"Po\u010dela kampanja \u201ePrimjeri \u017eenstva i juna\u0161tva\u201c","datePublished":"2022-03-08T14:05:33+00:00","mainEntityOfPage":{"@id":"https:\/\/www.evropskakuca.me\/me\/pocela-kampanja-primjeri-zenstva-i-junastva-2\/"},"wordCount":1346,"publisher":{"@id":"https:\/\/www.evropskakuca.me\/me\/#organization"},"image":{"@id":"https:\/\/www.evropskakuca.me\/me\/pocela-kampanja-primjeri-zenstva-i-junastva-2\/#primaryimage"},"thumbnailUrl":"https:\/\/www.evropskakuca.me\/wp-content\/uploads\/2022\/03\/274929778_2647776778688330_2308388621900584946_n.jpg","inLanguage":"me-ME"},{"@type":"WebPage","@id":"https:\/\/www.evropskakuca.me\/me\/pocela-kampanja-primjeri-zenstva-i-junastva-2\/","url":"https:\/\/www.evropskakuca.me\/me\/pocela-kampanja-primjeri-zenstva-i-junastva-2\/","name":"Po\u010dela kampanja \u201ePrimjeri \u017eenstva i juna\u0161tva\u201c - Europe House","isPartOf":{"@id":"https:\/\/www.evropskakuca.me\/me\/#website"},"primaryImageOfPage":{"@id":"https:\/\/www.evropskakuca.me\/me\/pocela-kampanja-primjeri-zenstva-i-junastva-2\/#primaryimage"},"image":{"@id":"https:\/\/www.evropskakuca.me\/me\/pocela-kampanja-primjeri-zenstva-i-junastva-2\/#primaryimage"},"thumbnailUrl":"https:\/\/www.evropskakuca.me\/wp-content\/uploads\/2022\/03\/274929778_2647776778688330_2308388621900584946_n.jpg","datePublished":"2022-03-08T14:05:33+00:00","breadcrumb":{"@id":"https:\/\/www.evropskakuca.me\/me\/pocela-kampanja-primjeri-zenstva-i-junastva-2\/#breadcrumb"},"inLanguage":"me-ME","potentialAction":[{"@type":"ReadAction","target":["https:\/\/www.evropskakuca.me\/me\/pocela-kampanja-primjeri-zenstva-i-junastva-2\/"]}]},{"@type":"ImageObject","inLanguage":"me-ME","@id":"https:\/\/www.evropskakuca.me\/me\/pocela-kampanja-primjeri-zenstva-i-junastva-2\/#primaryimage","url":"https:\/\/www.evropskakuca.me\/wp-content\/uploads\/2022\/03\/274929778_2647776778688330_2308388621900584946_n.jpg","contentUrl":"https:\/\/www.evropskakuca.me\/wp-content\/uploads\/2022\/03\/274929778_2647776778688330_2308388621900584946_n.jpg","width":960,"height":641},{"@type":"BreadcrumbList","@id":"https:\/\/www.evropskakuca.me\/me\/pocela-kampanja-primjeri-zenstva-i-junastva-2\/#breadcrumb","itemListElement":[{"@type":"ListItem","position":1,"name":"Home","item":"https:\/\/www.evropskakuca.me\/me\/"},{"@type":"ListItem","position":2,"name":"Po\u010dela kampanja \u201ePrimjeri \u017eenstva i juna\u0161tva\u201c"}]},{"@type":"WebSite","@id":"https:\/\/www.evropskakuca.me\/me\/#website","url":"https:\/\/www.evropskakuca.me\/me\/","name":"Evropean house","description":"","publisher":{"@id":"https:\/\/www.evropskakuca.me\/me\/#organization"},"potentialAction":[{"@type":"SearchAction","target":{"@type":"EntryPoint","urlTemplate":"https:\/\/www.evropskakuca.me\/me\/?s={search_term_string}"},"query-input":{"@type":"PropertyValueSpecification","valueRequired":true,"valueName":"search_term_string"}}],"inLanguage":"me-ME"},{"@type":"Organization","@id":"https:\/\/www.evropskakuca.me\/me\/#organization","name":"Evropean house","url":"https:\/\/www.evropskakuca.me\/me\/","logo":{"@type":"ImageObject","inLanguage":"me-ME","@id":"https:\/\/www.evropskakuca.me\/me\/#\/schema\/logo\/image\/","url":"https:\/\/www.evropskakuca.me\/wp-content\/uploads\/2025\/01\/evropska-kuca-logo-1.png","contentUrl":"https:\/\/www.evropskakuca.me\/wp-content\/uploads\/2025\/01\/evropska-kuca-logo-1.png","width":425,"height":312,"caption":"Evropean house"},"image":{"@id":"https:\/\/www.evropskakuca.me\/me\/#\/schema\/logo\/image\/"},"sameAs":["https:\/\/www.facebook.com\/evropska.kuca","https:\/\/x.com\/evropska_kuca","https:\/\/www.instagram.com\/evropska_kuca"]},{"@type":"Person","@id":"https:\/\/www.evropskakuca.me\/me\/#\/schema\/person\/a1d0dcdaefe4a1cd1d60d200ea137ba4","name":"mkajic","image":{"@type":"ImageObject","inLanguage":"me-ME","@id":"https:\/\/secure.gravatar.com\/avatar\/731fa035cefab7316e6bafd1f25a93fb731a07de14e2d9923f8db4422628eabc?s=96&d=mm&r=g","url":"https:\/\/secure.gravatar.com\/avatar\/731fa035cefab7316e6bafd1f25a93fb731a07de14e2d9923f8db4422628eabc?s=96&d=mm&r=g","contentUrl":"https:\/\/secure.gravatar.com\/avatar\/731fa035cefab7316e6bafd1f25a93fb731a07de14e2d9923f8db4422628eabc?s=96&d=mm&r=g","caption":"mkajic"},"sameAs":["https:\/\/evropskakuca.me"],"url":"https:\/\/www.evropskakuca.me\/me\/author\/mkajic\/"}]}},"_links":{"self":[{"href":"https:\/\/www.evropskakuca.me\/me\/wp-json\/wp\/v2\/posts\/19884","targetHints":{"allow":["GET"]}}],"collection":[{"href":"https:\/\/www.evropskakuca.me\/me\/wp-json\/wp\/v2\/posts"}],"about":[{"href":"https:\/\/www.evropskakuca.me\/me\/wp-json\/wp\/v2\/types\/post"}],"author":[{"embeddable":true,"href":"https:\/\/www.evropskakuca.me\/me\/wp-json\/wp\/v2\/users\/1"}],"replies":[{"embeddable":true,"href":"https:\/\/www.evropskakuca.me\/me\/wp-json\/wp\/v2\/comments?post=19884"}],"version-history":[{"count":0,"href":"https:\/\/www.evropskakuca.me\/me\/wp-json\/wp\/v2\/posts\/19884\/revisions"}],"wp:featuredmedia":[{"embeddable":true,"href":"https:\/\/www.evropskakuca.me\/me\/wp-json\/wp\/v2\/media\/38046"}],"wp:attachment":[{"href":"https:\/\/www.evropskakuca.me\/me\/wp-json\/wp\/v2\/media?parent=19884"}],"wp:term":[{"taxonomy":"category","embeddable":true,"href":"https:\/\/www.evropskakuca.me\/me\/wp-json\/wp\/v2\/categories?post=19884"},{"taxonomy":"post_tag","embeddable":true,"href":"https:\/\/www.evropskakuca.me\/me\/wp-json\/wp\/v2\/tags?post=19884"}],"curies":[{"name":"wp","href":"https:\/\/api.w.org\/{rel}","templated":true}]}}