{"id":19875,"date":"2022-03-04T12:29:08","date_gmt":"2022-03-04T12:29:08","guid":{"rendered":"http:\/\/www.evropskakuca.me\/?p=19875"},"modified":"2025-01-21T11:45:43","modified_gmt":"2025-01-21T11:45:43","slug":"upoznajte-primjere-zenstva-i-junastva","status":"publish","type":"post","link":"https:\/\/www.evropskakuca.me\/me\/upoznajte-primjere-zenstva-i-junastva\/","title":{"rendered":"Upoznajte \u201eprimjere \u017eenstva i juna\u0161tva\u201c"},"content":{"rendered":"<p>Ko je prva \u017eena sa Balkana koja je sjela za volan, koja \u017eena je ponijela titulu prve ambasadorke sa na\u0161ih prostora, za\u0161to je jedna Bjelopoljka upisana u Ginisovu knjigu rekorda, kako je jedna unuka povezala \u010dojstvo i \u017eenstvo, \u0161ta je zajedni\u010dko jednoj aktivistkinji sa Meduna i italijanki koja je unijela revoluciju u obrazovanje djece?<\/p>\n<p>To su samo neka od pitanja na koja odgovore mo\u017eete dobiti u okviru <strong>kampanje \u201ePrimjeri \u017eenstva i juna\u0161tva\u201c<\/strong>, koju Evropska unija u Crnoj Gori organizuje povodom Dana \u017eena, u saradnji sa Djevoj\u010dicama sa klikerima.<\/p>\n<p>\u201eKampanju smo posvetili promociji istaknutih \u017eena iz crnogorske i istorije Evropske unije, koje su bile jedinstvene, inspirativne, ponosne, jake, odva\u017ene i mnogo ispred svog vremena. Smatrali smo da svako treba da \u010duje njihove pri\u010de, zato \u0107emo tokom cijelog marta govoriti o njihovim dostignu\u0107a i slaviti njihove izbore, koji predstavljaju prave primjere \u017eenstva i juna\u0161tva\u201c, saop\u0161tili su iz EU info centra.<\/p>\n<p>Kampanju sprovodimo u saradnji sa NVO \u201eDobar \u017eivot\u201c, koja je osmislila koncept Djevoj\u010dice sa klikerima.<\/p>\n<p>\u201eIstra\u017eili smo \u017eivopisne biografije i upoznali \u017eivote \u0161est veli\u010danstvenih Crnogorki. A sedma je svaka od nas koja svojom \u017dENSKOM\u00a0snagom prevazilazi sva ograni\u010denja i sve sterotipe vremena i dru\u0161tva. One su slijedile svoje snove, mi ostajemo dosljedne svojim vrijednostima i pratimo zacrtani cilj. Zanimljivim vizualnim izrazima i narativom, novim kanalima komunikacije i edukacije \u2013 onlajn, \u017eelimo da pretkinje primaknemo potomkinjama i upoznamo se: ovo je \u017eenstvo i juna\u0161tvo!\u201c, naveli su iz NVO \u201eDobar \u017eivot\u201c.<\/p>\n<p>S obzirom na to da \u201e\u017denstvo i juna\u0161tvo\u201d ne poznaje granice, predstavi\u0107emo i nekoliko znamenitih \u017eena iz zemalja Evropske unije. Kampanja zvani\u010dno po\u010dinje u ponedjeljak 7. marta, kada \u0107e biti organizovana istoimena panel diskusija, posve\u0107ena promociji \u017eena koje i danas ru\u0161e stereotipe, uprkos njima ostvaruju svoje snove i slave \u017eenstvo. Na panel diskusiji \u0107e govoriti ambasadorka Evropske unije u Crnoj Gori <strong>Oana Kristina Popa<\/strong>, jedina pilotkinja u Vojsci Crne Gore <strong>Kristina Ba\u010di\u0107<\/strong>, prva osoba iz Crne Gore na vojnoj akademiji West Point u SAD <strong>Nevena Nikolic\u0301<\/strong> i jedina takmi\u010darka u brdsko brzinskim trkama <strong>An\u0111ela Kne\u017eevic\u0301<\/strong>.<\/p>\n<p>U\u017eivo prenos panel diskusije mo\u017eete da pratite preko <a href=\"https:\/\/us02web.zoom.us\/j\/82068229575?pwd=czY4UVJLMytNMHZveFpXRGlVSm11Zz09\">Zoom<\/a>, <a href=\"https:\/\/www.facebook.com\/evropskakuca.me\">Facebook<\/a> i <a href=\"https:\/\/www.youtube.com\/c\/EuInfoCentarMontenegro\">YouTube<\/a>.<\/p>\n<h4>Prate\u0107i tekstovi:<\/h4>\n<p><a href=\"http:\/\/www.evropskakuca.me\/me\/pocela-kampanja-primjeri-zenstva-i-junastva\/\">Po\u010dela kampanja \u201ePrimjeri \u017eenstva i juna\u0161tva\u201c<\/a><\/p>\n<p><strong>Primjeri \u017eenstva i juna\u0161tva \u2013 heorine na\u0161e pro\u0161losti i sada\u0161njosti<\/strong><\/p>\n<p>\u2013 <a href=\"http:\/\/www.evropskakuca.me\/me\/primjeri-zenstva-i-junastva-olgivana-ivanovna-rajt\/\">Olgivana Ivanovna Rajt<\/a><\/p>\n<p>\u2013<a href=\"http:\/\/www.evropskakuca.me\/me\/primjeri-zenstva-i-junastva-stana-tomasevic-arnesen\/\"> Stana Toma\u0161evi\u0107 Arnesen<\/a><\/p>\n<p>\u2013 <a href=\"http:\/\/www.evropskakuca.me\/me\/primjeri-zenstva-i-junastva-sabiha-gokcen\/\">Sabiha Gok\u010den<\/a><\/p>\n<p>\u2013 O<a href=\"http:\/\/www.evropskakuca.me\/me\/primjer-zenstva-i-junastva-oana-kristina-popa\/\">ana Kristina Popa<\/a><\/p>\n<p>\u2013 N<a href=\"http:\/\/www.evropskakuca.me\/me\/primjer-zenstva-i-junastva-nevena-nikolc\/\">evena Nikoli\u0107<\/a><\/p>\n<p>\u2013 <a href=\"http:\/\/www.evropskakuca.me\/me\/primjer-zenstva-i-junastva-andela-knezevic\/\">An\u0111ela Kne\u017eevi\u0107<\/a><\/p>\n<p>\u2013 K<a href=\"http:\/\/www.evropskakuca.me\/me\/primjer-zenstva-i-junastva-kristina-bacic\/\">ristina Ba\u010di\u0107<\/a><\/p>\n<h1 class=\"entry-title mb0 mt0\"><\/h1>\n<div class=\"single-header mb2 mt2 md-mt3 md-mb3\">\n<div class=\"container\">\n<div class=\"clearfix\">\n<div class=\"col\">\n<h1 class=\"entry-title mb0 mt0\"><\/h1>\n<div class=\"page-header-share\"><\/div>\n<\/div>\n<\/div>\n<\/div>\n<\/div>\n<section class=\"container clearfix\">\n<div id=\"primary\" class=\"content-area none-sidebar\"><\/div>\n<\/section>\n","protected":false},"excerpt":{"rendered":"<p>Nova kampanja Evropske unije u Crnoj Gori, u saradnji sa Djevoj\u010dicama sa klikerima<\/p>\n","protected":false},"author":1,"featured_media":38082,"comment_status":"closed","ping_status":"closed","sticky":false,"template":"","format":"standard","meta":{"_acf_changed":false,"footnotes":""},"categories":[285,283],"tags":[],"class_list":["post-19875","post","type-post","status-publish","format-standard","has-post-thumbnail","hentry","category-kampanje-i-eventi","category-novosti-me"],"acf":[],"yoast_head":"<!-- This site is optimized with the Yoast SEO plugin v27.3 - https:\/\/yoast.com\/product\/yoast-seo-wordpress\/ -->\n<title>Upoznajte \u201eprimjere \u017eenstva i juna\u0161tva\u201c - Europe House<\/title>\n<meta name=\"description\" content=\"Primjeri \u017eenstva i juna\u0161tva\" \/>\n<meta name=\"robots\" content=\"index, follow, max-snippet:-1, max-image-preview:large, max-video-preview:-1\" \/>\n<link rel=\"canonical\" href=\"https:\/\/www.evropskakuca.me\/me\/upoznajte-primjere-zenstva-i-junastva\/\" \/>\n<meta property=\"og:locale\" content=\"en_US\" \/>\n<meta property=\"og:type\" content=\"article\" \/>\n<meta property=\"og:title\" content=\"Upoznajte \u201eprimjere \u017eenstva i juna\u0161tva\u201c - Europe House\" \/>\n<meta property=\"og:description\" content=\"Primjeri \u017eenstva i juna\u0161tva\" \/>\n<meta property=\"og:url\" content=\"https:\/\/www.evropskakuca.me\/me\/upoznajte-primjere-zenstva-i-junastva\/\" \/>\n<meta property=\"og:site_name\" content=\"Europe House\" \/>\n<meta property=\"article:publisher\" content=\"https:\/\/www.facebook.com\/evropska.kuca\" \/>\n<meta property=\"article:published_time\" content=\"2022-03-04T12:29:08+00:00\" \/>\n<meta property=\"article:modified_time\" content=\"2025-01-21T11:45:43+00:00\" \/>\n<meta property=\"og:image\" content=\"https:\/\/www.evropskakuca.me\/wp-content\/uploads\/2022\/03\/Zenstvo-i-junastvo-fb-cover.jpg\" \/>\n\t<meta property=\"og:image:width\" content=\"820\" \/>\n\t<meta property=\"og:image:height\" content=\"360\" \/>\n\t<meta property=\"og:image:type\" content=\"image\/jpeg\" \/>\n<meta name=\"author\" content=\"mkajic\" \/>\n<meta name=\"twitter:card\" content=\"summary_large_image\" \/>\n<meta name=\"twitter:creator\" content=\"@evropska_kuca\" \/>\n<meta name=\"twitter:site\" content=\"@evropska_kuca\" \/>\n<meta name=\"twitter:label1\" content=\"Written by\" \/>\n\t<meta name=\"twitter:data1\" content=\"mkajic\" \/>\n\t<meta name=\"twitter:label2\" content=\"Est. reading time\" \/>\n\t<meta name=\"twitter:data2\" content=\"2 minutes\" \/>\n<script type=\"application\/ld+json\" class=\"yoast-schema-graph\">{\"@context\":\"https:\\\/\\\/schema.org\",\"@graph\":[{\"@type\":\"Article\",\"@id\":\"https:\\\/\\\/www.evropskakuca.me\\\/me\\\/upoznajte-primjere-zenstva-i-junastva\\\/#article\",\"isPartOf\":{\"@id\":\"https:\\\/\\\/www.evropskakuca.me\\\/me\\\/upoznajte-primjere-zenstva-i-junastva\\\/\"},\"author\":{\"name\":\"mkajic\",\"@id\":\"https:\\\/\\\/www.evropskakuca.me\\\/me\\\/#\\\/schema\\\/person\\\/a1d0dcdaefe4a1cd1d60d200ea137ba4\"},\"headline\":\"Upoznajte \u201eprimjere \u017eenstva i juna\u0161tva\u201c\",\"datePublished\":\"2022-03-04T12:29:08+00:00\",\"dateModified\":\"2025-01-21T11:45:43+00:00\",\"mainEntityOfPage\":{\"@id\":\"https:\\\/\\\/www.evropskakuca.me\\\/me\\\/upoznajte-primjere-zenstva-i-junastva\\\/\"},\"wordCount\":423,\"publisher\":{\"@id\":\"https:\\\/\\\/www.evropskakuca.me\\\/me\\\/#organization\"},\"image\":{\"@id\":\"https:\\\/\\\/www.evropskakuca.me\\\/me\\\/upoznajte-primjere-zenstva-i-junastva\\\/#primaryimage\"},\"thumbnailUrl\":\"https:\\\/\\\/www.evropskakuca.me\\\/wp-content\\\/uploads\\\/2022\\\/03\\\/Zenstvo-i-junastvo-fb-cover.jpg\",\"articleSection\":[\"Kampanje i eventi\",\"Novosti\"],\"inLanguage\":\"me-ME\"},{\"@type\":\"WebPage\",\"@id\":\"https:\\\/\\\/www.evropskakuca.me\\\/me\\\/upoznajte-primjere-zenstva-i-junastva\\\/\",\"url\":\"https:\\\/\\\/www.evropskakuca.me\\\/me\\\/upoznajte-primjere-zenstva-i-junastva\\\/\",\"name\":\"Upoznajte \u201eprimjere \u017eenstva i juna\u0161tva\u201c - Europe House\",\"isPartOf\":{\"@id\":\"https:\\\/\\\/www.evropskakuca.me\\\/me\\\/#website\"},\"primaryImageOfPage\":{\"@id\":\"https:\\\/\\\/www.evropskakuca.me\\\/me\\\/upoznajte-primjere-zenstva-i-junastva\\\/#primaryimage\"},\"image\":{\"@id\":\"https:\\\/\\\/www.evropskakuca.me\\\/me\\\/upoznajte-primjere-zenstva-i-junastva\\\/#primaryimage\"},\"thumbnailUrl\":\"https:\\\/\\\/www.evropskakuca.me\\\/wp-content\\\/uploads\\\/2022\\\/03\\\/Zenstvo-i-junastvo-fb-cover.jpg\",\"datePublished\":\"2022-03-04T12:29:08+00:00\",\"dateModified\":\"2025-01-21T11:45:43+00:00\",\"description\":\"Primjeri \u017eenstva i juna\u0161tva\",\"breadcrumb\":{\"@id\":\"https:\\\/\\\/www.evropskakuca.me\\\/me\\\/upoznajte-primjere-zenstva-i-junastva\\\/#breadcrumb\"},\"inLanguage\":\"me-ME\",\"potentialAction\":[{\"@type\":\"ReadAction\",\"target\":[\"https:\\\/\\\/www.evropskakuca.me\\\/me\\\/upoznajte-primjere-zenstva-i-junastva\\\/\"]}]},{\"@type\":\"ImageObject\",\"inLanguage\":\"me-ME\",\"@id\":\"https:\\\/\\\/www.evropskakuca.me\\\/me\\\/upoznajte-primjere-zenstva-i-junastva\\\/#primaryimage\",\"url\":\"https:\\\/\\\/www.evropskakuca.me\\\/wp-content\\\/uploads\\\/2022\\\/03\\\/Zenstvo-i-junastvo-fb-cover.jpg\",\"contentUrl\":\"https:\\\/\\\/www.evropskakuca.me\\\/wp-content\\\/uploads\\\/2022\\\/03\\\/Zenstvo-i-junastvo-fb-cover.jpg\",\"width\":820,\"height\":360},{\"@type\":\"BreadcrumbList\",\"@id\":\"https:\\\/\\\/www.evropskakuca.me\\\/me\\\/upoznajte-primjere-zenstva-i-junastva\\\/#breadcrumb\",\"itemListElement\":[{\"@type\":\"ListItem\",\"position\":1,\"name\":\"Home\",\"item\":\"https:\\\/\\\/www.evropskakuca.me\\\/me\\\/\"},{\"@type\":\"ListItem\",\"position\":2,\"name\":\"Upoznajte \u201eprimjere \u017eenstva i juna\u0161tva\u201c\"}]},{\"@type\":\"WebSite\",\"@id\":\"https:\\\/\\\/www.evropskakuca.me\\\/me\\\/#website\",\"url\":\"https:\\\/\\\/www.evropskakuca.me\\\/me\\\/\",\"name\":\"Evropean house\",\"description\":\"\",\"publisher\":{\"@id\":\"https:\\\/\\\/www.evropskakuca.me\\\/me\\\/#organization\"},\"potentialAction\":[{\"@type\":\"SearchAction\",\"target\":{\"@type\":\"EntryPoint\",\"urlTemplate\":\"https:\\\/\\\/www.evropskakuca.me\\\/me\\\/?s={search_term_string}\"},\"query-input\":{\"@type\":\"PropertyValueSpecification\",\"valueRequired\":true,\"valueName\":\"search_term_string\"}}],\"inLanguage\":\"me-ME\"},{\"@type\":\"Organization\",\"@id\":\"https:\\\/\\\/www.evropskakuca.me\\\/me\\\/#organization\",\"name\":\"Evropean house\",\"url\":\"https:\\\/\\\/www.evropskakuca.me\\\/me\\\/\",\"logo\":{\"@type\":\"ImageObject\",\"inLanguage\":\"me-ME\",\"@id\":\"https:\\\/\\\/www.evropskakuca.me\\\/me\\\/#\\\/schema\\\/logo\\\/image\\\/\",\"url\":\"https:\\\/\\\/www.evropskakuca.me\\\/wp-content\\\/uploads\\\/2025\\\/01\\\/evropska-kuca-logo-1.png\",\"contentUrl\":\"https:\\\/\\\/www.evropskakuca.me\\\/wp-content\\\/uploads\\\/2025\\\/01\\\/evropska-kuca-logo-1.png\",\"width\":425,\"height\":312,\"caption\":\"Evropean house\"},\"image\":{\"@id\":\"https:\\\/\\\/www.evropskakuca.me\\\/me\\\/#\\\/schema\\\/logo\\\/image\\\/\"},\"sameAs\":[\"https:\\\/\\\/www.facebook.com\\\/evropska.kuca\",\"https:\\\/\\\/x.com\\\/evropska_kuca\",\"https:\\\/\\\/www.instagram.com\\\/evropska_kuca\"]},{\"@type\":\"Person\",\"@id\":\"https:\\\/\\\/www.evropskakuca.me\\\/me\\\/#\\\/schema\\\/person\\\/a1d0dcdaefe4a1cd1d60d200ea137ba4\",\"name\":\"mkajic\",\"image\":{\"@type\":\"ImageObject\",\"inLanguage\":\"me-ME\",\"@id\":\"https:\\\/\\\/secure.gravatar.com\\\/avatar\\\/731fa035cefab7316e6bafd1f25a93fb731a07de14e2d9923f8db4422628eabc?s=96&d=mm&r=g\",\"url\":\"https:\\\/\\\/secure.gravatar.com\\\/avatar\\\/731fa035cefab7316e6bafd1f25a93fb731a07de14e2d9923f8db4422628eabc?s=96&d=mm&r=g\",\"contentUrl\":\"https:\\\/\\\/secure.gravatar.com\\\/avatar\\\/731fa035cefab7316e6bafd1f25a93fb731a07de14e2d9923f8db4422628eabc?s=96&d=mm&r=g\",\"caption\":\"mkajic\"},\"sameAs\":[\"https:\\\/\\\/evropskakuca.me\"],\"url\":\"https:\\\/\\\/www.evropskakuca.me\\\/me\\\/author\\\/mkajic\\\/\"}]}<\/script>\n<!-- \/ Yoast SEO plugin. -->","yoast_head_json":{"title":"Upoznajte \u201eprimjere \u017eenstva i juna\u0161tva\u201c - Europe House","description":"Primjeri \u017eenstva i juna\u0161tva","robots":{"index":"index","follow":"follow","max-snippet":"max-snippet:-1","max-image-preview":"max-image-preview:large","max-video-preview":"max-video-preview:-1"},"canonical":"https:\/\/www.evropskakuca.me\/me\/upoznajte-primjere-zenstva-i-junastva\/","og_locale":"en_US","og_type":"article","og_title":"Upoznajte \u201eprimjere \u017eenstva i juna\u0161tva\u201c - Europe House","og_description":"Primjeri \u017eenstva i juna\u0161tva","og_url":"https:\/\/www.evropskakuca.me\/me\/upoznajte-primjere-zenstva-i-junastva\/","og_site_name":"Europe House","article_publisher":"https:\/\/www.facebook.com\/evropska.kuca","article_published_time":"2022-03-04T12:29:08+00:00","article_modified_time":"2025-01-21T11:45:43+00:00","og_image":[{"width":820,"height":360,"url":"https:\/\/www.evropskakuca.me\/wp-content\/uploads\/2022\/03\/Zenstvo-i-junastvo-fb-cover.jpg","type":"image\/jpeg"}],"author":"mkajic","twitter_card":"summary_large_image","twitter_creator":"@evropska_kuca","twitter_site":"@evropska_kuca","twitter_misc":{"Written by":"mkajic","Est. reading time":"2 minutes"},"schema":{"@context":"https:\/\/schema.org","@graph":[{"@type":"Article","@id":"https:\/\/www.evropskakuca.me\/me\/upoznajte-primjere-zenstva-i-junastva\/#article","isPartOf":{"@id":"https:\/\/www.evropskakuca.me\/me\/upoznajte-primjere-zenstva-i-junastva\/"},"author":{"name":"mkajic","@id":"https:\/\/www.evropskakuca.me\/me\/#\/schema\/person\/a1d0dcdaefe4a1cd1d60d200ea137ba4"},"headline":"Upoznajte \u201eprimjere \u017eenstva i juna\u0161tva\u201c","datePublished":"2022-03-04T12:29:08+00:00","dateModified":"2025-01-21T11:45:43+00:00","mainEntityOfPage":{"@id":"https:\/\/www.evropskakuca.me\/me\/upoznajte-primjere-zenstva-i-junastva\/"},"wordCount":423,"publisher":{"@id":"https:\/\/www.evropskakuca.me\/me\/#organization"},"image":{"@id":"https:\/\/www.evropskakuca.me\/me\/upoznajte-primjere-zenstva-i-junastva\/#primaryimage"},"thumbnailUrl":"https:\/\/www.evropskakuca.me\/wp-content\/uploads\/2022\/03\/Zenstvo-i-junastvo-fb-cover.jpg","articleSection":["Kampanje i eventi","Novosti"],"inLanguage":"me-ME"},{"@type":"WebPage","@id":"https:\/\/www.evropskakuca.me\/me\/upoznajte-primjere-zenstva-i-junastva\/","url":"https:\/\/www.evropskakuca.me\/me\/upoznajte-primjere-zenstva-i-junastva\/","name":"Upoznajte \u201eprimjere \u017eenstva i juna\u0161tva\u201c - Europe House","isPartOf":{"@id":"https:\/\/www.evropskakuca.me\/me\/#website"},"primaryImageOfPage":{"@id":"https:\/\/www.evropskakuca.me\/me\/upoznajte-primjere-zenstva-i-junastva\/#primaryimage"},"image":{"@id":"https:\/\/www.evropskakuca.me\/me\/upoznajte-primjere-zenstva-i-junastva\/#primaryimage"},"thumbnailUrl":"https:\/\/www.evropskakuca.me\/wp-content\/uploads\/2022\/03\/Zenstvo-i-junastvo-fb-cover.jpg","datePublished":"2022-03-04T12:29:08+00:00","dateModified":"2025-01-21T11:45:43+00:00","description":"Primjeri \u017eenstva i juna\u0161tva","breadcrumb":{"@id":"https:\/\/www.evropskakuca.me\/me\/upoznajte-primjere-zenstva-i-junastva\/#breadcrumb"},"inLanguage":"me-ME","potentialAction":[{"@type":"ReadAction","target":["https:\/\/www.evropskakuca.me\/me\/upoznajte-primjere-zenstva-i-junastva\/"]}]},{"@type":"ImageObject","inLanguage":"me-ME","@id":"https:\/\/www.evropskakuca.me\/me\/upoznajte-primjere-zenstva-i-junastva\/#primaryimage","url":"https:\/\/www.evropskakuca.me\/wp-content\/uploads\/2022\/03\/Zenstvo-i-junastvo-fb-cover.jpg","contentUrl":"https:\/\/www.evropskakuca.me\/wp-content\/uploads\/2022\/03\/Zenstvo-i-junastvo-fb-cover.jpg","width":820,"height":360},{"@type":"BreadcrumbList","@id":"https:\/\/www.evropskakuca.me\/me\/upoznajte-primjere-zenstva-i-junastva\/#breadcrumb","itemListElement":[{"@type":"ListItem","position":1,"name":"Home","item":"https:\/\/www.evropskakuca.me\/me\/"},{"@type":"ListItem","position":2,"name":"Upoznajte \u201eprimjere \u017eenstva i juna\u0161tva\u201c"}]},{"@type":"WebSite","@id":"https:\/\/www.evropskakuca.me\/me\/#website","url":"https:\/\/www.evropskakuca.me\/me\/","name":"Evropean house","description":"","publisher":{"@id":"https:\/\/www.evropskakuca.me\/me\/#organization"},"potentialAction":[{"@type":"SearchAction","target":{"@type":"EntryPoint","urlTemplate":"https:\/\/www.evropskakuca.me\/me\/?s={search_term_string}"},"query-input":{"@type":"PropertyValueSpecification","valueRequired":true,"valueName":"search_term_string"}}],"inLanguage":"me-ME"},{"@type":"Organization","@id":"https:\/\/www.evropskakuca.me\/me\/#organization","name":"Evropean house","url":"https:\/\/www.evropskakuca.me\/me\/","logo":{"@type":"ImageObject","inLanguage":"me-ME","@id":"https:\/\/www.evropskakuca.me\/me\/#\/schema\/logo\/image\/","url":"https:\/\/www.evropskakuca.me\/wp-content\/uploads\/2025\/01\/evropska-kuca-logo-1.png","contentUrl":"https:\/\/www.evropskakuca.me\/wp-content\/uploads\/2025\/01\/evropska-kuca-logo-1.png","width":425,"height":312,"caption":"Evropean house"},"image":{"@id":"https:\/\/www.evropskakuca.me\/me\/#\/schema\/logo\/image\/"},"sameAs":["https:\/\/www.facebook.com\/evropska.kuca","https:\/\/x.com\/evropska_kuca","https:\/\/www.instagram.com\/evropska_kuca"]},{"@type":"Person","@id":"https:\/\/www.evropskakuca.me\/me\/#\/schema\/person\/a1d0dcdaefe4a1cd1d60d200ea137ba4","name":"mkajic","image":{"@type":"ImageObject","inLanguage":"me-ME","@id":"https:\/\/secure.gravatar.com\/avatar\/731fa035cefab7316e6bafd1f25a93fb731a07de14e2d9923f8db4422628eabc?s=96&d=mm&r=g","url":"https:\/\/secure.gravatar.com\/avatar\/731fa035cefab7316e6bafd1f25a93fb731a07de14e2d9923f8db4422628eabc?s=96&d=mm&r=g","contentUrl":"https:\/\/secure.gravatar.com\/avatar\/731fa035cefab7316e6bafd1f25a93fb731a07de14e2d9923f8db4422628eabc?s=96&d=mm&r=g","caption":"mkajic"},"sameAs":["https:\/\/evropskakuca.me"],"url":"https:\/\/www.evropskakuca.me\/me\/author\/mkajic\/"}]}},"_links":{"self":[{"href":"https:\/\/www.evropskakuca.me\/me\/wp-json\/wp\/v2\/posts\/19875","targetHints":{"allow":["GET"]}}],"collection":[{"href":"https:\/\/www.evropskakuca.me\/me\/wp-json\/wp\/v2\/posts"}],"about":[{"href":"https:\/\/www.evropskakuca.me\/me\/wp-json\/wp\/v2\/types\/post"}],"author":[{"embeddable":true,"href":"https:\/\/www.evropskakuca.me\/me\/wp-json\/wp\/v2\/users\/1"}],"replies":[{"embeddable":true,"href":"https:\/\/www.evropskakuca.me\/me\/wp-json\/wp\/v2\/comments?post=19875"}],"version-history":[{"count":1,"href":"https:\/\/www.evropskakuca.me\/me\/wp-json\/wp\/v2\/posts\/19875\/revisions"}],"predecessor-version":[{"id":42483,"href":"https:\/\/www.evropskakuca.me\/me\/wp-json\/wp\/v2\/posts\/19875\/revisions\/42483"}],"wp:featuredmedia":[{"embeddable":true,"href":"https:\/\/www.evropskakuca.me\/me\/wp-json\/wp\/v2\/media\/38082"}],"wp:attachment":[{"href":"https:\/\/www.evropskakuca.me\/me\/wp-json\/wp\/v2\/media?parent=19875"}],"wp:term":[{"taxonomy":"category","embeddable":true,"href":"https:\/\/www.evropskakuca.me\/me\/wp-json\/wp\/v2\/categories?post=19875"},{"taxonomy":"post_tag","embeddable":true,"href":"https:\/\/www.evropskakuca.me\/me\/wp-json\/wp\/v2\/tags?post=19875"}],"curies":[{"name":"wp","href":"https:\/\/api.w.org\/{rel}","templated":true}]}}