{"id":17994,"date":"2022-02-07T09:37:56","date_gmt":"2022-02-07T09:37:56","guid":{"rendered":"http:\/\/www.evropskakuca.me\/?p=17994"},"modified":"2022-02-07T09:37:56","modified_gmt":"2022-02-07T09:37:56","slug":"koronavirus-komisija-predlaze-da-se-eu-digitalni-covid-sertifikat-produzi-za-godinu-dana","status":"publish","type":"post","link":"https:\/\/www.evropskakuca.me\/me\/koronavirus-komisija-predlaze-da-se-eu-digitalni-covid-sertifikat-produzi-za-godinu-dana\/","title":{"rendered":"Koronavirus: Komisija predla\u017ee da se EU digitalni COVID sertifikat produ\u017ei za godinu dana"},"content":{"rendered":"<p>Evropska komisija predla\u017ee da se EU digitalni COVID sertifikat produ\u017ei za godinu dana, do 30. juna 2023. Virus COVID-19 i dalje preovladava u Evropi i u ovoj fazi nije moguc\u0301e utvrditi uticaj moguc\u0301eg povec\u0301anja broja infekcija u drugoj polovini 2022. ili pojave novih varijanti. Pro\u0161irenje Uredbe c\u0301e obezbjediti da putnici mogu da nastave da koriste svoj EU digitalni COVID sertifikat kada putuju u EU gdje dr\u017eave \u010dlanice primjenjuju odre\u0111ene mjere javnog zdravlja. Komisija usvaja predlog kako bi se osiguralo da Evropski parlament i Savjet mogu da zavr\u0161e zakonodavnu proceduru na vrijeme, prije isteka va\u017eec\u0301e Uredbe.<\/p>\n<p>Pored produ\u017eenja Uredbe EU o digitalnim COVID sertifikatima do juna 2023., Komisija tako\u0111e predla\u017ee neke ograni\u010dene izmjene:<\/p>\n<ul>\n<li>Uvrstiti visokokvalitetne laboratorijske testove na antigen me\u0111u tipove testova za koje se mo\u017ee izdati sertifikat o testiranju. Ovo ima za cilj da pro\u0161iri obim tipova dijagnosti\u010dkih testova u vrijeme kada su testovi na COVID-19 veoma tra\u017eeni.<\/li>\n<li>Obezbjediti da sertifikati o vakcinaciji sadr\u017ee ta\u010dan ukupan broj doza primjenjenih u bilo kojoj dr\u017eavi \u010dlanici, a ne samo u dr\u017eavi \u010dlanici koja je izdala sertifikat. Ovo se odnosi na prakti\u010dnu zabrinutost gra\u0111ana u vezi sa sertifikatima koji ukazuju na neta\u010dan broj doza kada primaju doze vakcine u razli\u010ditim dr\u017eavama \u010dlanicama.<\/li>\n<li>Obezbjediti da se sertifikati mogu izdati licima koja u\u010destvuju u klini\u010dkim ispitivanjima vakcina protiv COVID-19. Digitalni COVID sertifikat EU koji se izdaje u\u010desnicima u ispitivanju tada mogu da prihvate druge dr\u017eave \u010dlanice. Ova mjera ima za cilj da podstakne kontinuirani razvoj i prou\u010davanje vakcina protiv COVID-19.<\/li>\n<\/ul>\n<p>O domac\u0301oj upotrebi EU digitalnih COVID sertifikata ostaje da odlu\u010de dr\u017eave \u010dlanice. Zakonodavstvo EU o EU digitalnom COVID sertifikatu niti propisuje niti zabranjuje upotrebu EU digitalnog COVID sertifikata u zemlji (kao \u0161to je pristup doga\u0111ajima ili restoranima). Istovremeno, kada dr\u017eava \u010dlanica uspostavi sistem COVID-19 sertifikata za domac\u0301e potrebe, trebalo bi da nastavi da obezbje\u0111uje da digitalni COVID sertifikat EU tako\u0111e bude u potpunosti prihvac\u0301en za te svrhe. Pored toga, Komisija tako\u0111e podsti\u010de dr\u017eave \u010dlanice da svoje domac\u0301e periode va\u017eenja usklade sa periodom va\u017eenja koji je utvr\u0111en na nivou EU u svrhu putovanja.<\/p>\n<p>Sljedec\u0301i koraci<\/p>\n<p>Da bi se osiguralo da produ\u017eenje bude usvojeno na vrijeme prije 30. juna 2022., trenutnog datuma zavr\u0161etka Uredbe EU o digitalnim COVID sertifikatima, Komisija poziva Evropski parlament i Savjet da brzo usvoje predlog.<\/p>\n<p>Do 31. marta 2022. Komisija c\u0301e tako\u0111e objaviti drugi izvje\u0161taj o Uredbi EU o digitalnim COVID sertifikatima, kako je predvi\u0111eno tom uredbom. Prvi izvje\u0161taj je objavljen 18. oktobra 2021. Kao \u0161to je navedeno u prvom izvje\u0161taju, Komisija iznosi predlog prije drugog izvje\u0161taja kako bi obezbjedila da se neophodna zakonodavna procedura mo\u017ee zaklju\u010diti prije trenutnog datuma zavr\u0161etka Uredbe.<\/p>\n<p>Pozadina<\/p>\n<p>Da bi se omoguc\u0301ilo bezbjedno slobodno kretanje tokom pandemije COVID-19, Evropski parlament i Savjet su 14. juna 2021. usvojili Uredbu o digitalnom COVID sertifikatu EU. Primjenjuje se od 1. jula 2021. Uredba je trebalo da isti\u010de 30. juna 2022. godine.<\/p>\n<p>EU digitalni COVID sertifikat je pri\u010da o uspjehu EU. Sertifikat nastavlja da olak\u0161ava bezbjedno putovanje gra\u0111anima \u0161irom Evropske unije tokom pandemije. Do sada su dr\u017eave \u010dlanice izdale preko 1,2 milijarde sertifikata. Pored toga, pokazao se kao jedini funkcionalni sistem sertifikata za COVID-19 koji je operativan na me\u0111unarodnom nivou u velikim razmjerama, postavljajuc\u0301i globalni standard. Od 31. januara 2022., 33 trec\u0301e zemlje i teritorije su povezane sa sistemom EU digitalnih COVID sertifikata, a o\u010dekuje se da c\u0301e se jo\u0161 njih pridru\u017eiti u buduc\u0301nosti.<\/p>\n<p>Komisija je 21. decembra 2021. usvojila nova pravila koja se odnose na EU digitalni COVID sertifikat, uspostavljajuc\u0301i, u svrhu putovanja, obavezujuc\u0301i period prihvatanja od 9 mjeseci (ta\u010dnije 270 dana) za sertifikate o vakcinaciji koji ozna\u010davaju zavr\u0161etak primarne serije za svrhe putovanja unutar EU. Ova pravila su po\u010dela da se primjenjuju od 1. februara 2022. godine.<\/p>\n<p>Savjet se 25. januara 2022. slo\u017eio da a\u017eurira pravila kako bi se omoguc\u0301ilo bezbjedno i slobodno kretanje u EU tokom pandemije COVID-19. Pravila navode da nosioci va\u017eec\u0301ih sertifikata u vec\u0301ini slu\u010dajeva ne bi trebalo da budu predmet dodatnih ograni\u010denja kada putuju unutar EU.<\/p>\n<p>Komisija tako\u0111e predla\u017ee paralelnu Uredbu kojom se pro\u0161iruje primjena EU digitalnog COVID sertifikata i za dr\u017eavljane ne\u010dlanica EU koji legalno borave na teritoriji dr\u017eava \u010dlanica.<\/p>\n","protected":false},"excerpt":{"rendered":"<p>Evropska komisija predla\u017ee da se EU digitalni COVID sertifikat produ\u017ei za godinu dana, do 30. juna 2023. Virus COVID-19 i dalje preovladava u Evropi i u ovoj fazi nije moguc\u0301e utvrditi uticaj moguc\u0301eg povec\u0301anja broja infekcija u drugoj polovini 2022. ili pojave novih varijanti. Pro\u0161irenje Uredbe c\u0301e obezbjediti da putnici mogu da nastave da koriste [&hellip;]<\/p>\n","protected":false},"author":1,"featured_media":37980,"comment_status":"closed","ping_status":"closed","sticky":false,"template":"","format":"standard","meta":{"_acf_changed":false,"footnotes":""},"categories":[],"tags":[],"class_list":["post-17994","post","type-post","status-publish","format-standard","has-post-thumbnail","hentry"],"acf":[],"yoast_head":"<!-- This site is optimized with the Yoast SEO plugin v27.3 - https:\/\/yoast.com\/product\/yoast-seo-wordpress\/ -->\n<title>Koronavirus: Komisija predla\u017ee da se EU digitalni COVID sertifikat produ\u017ei za godinu dana - Europe House<\/title>\n<meta name=\"robots\" content=\"index, follow, max-snippet:-1, max-image-preview:large, max-video-preview:-1\" \/>\n<link rel=\"canonical\" href=\"https:\/\/www.evropskakuca.me\/me\/koronavirus-komisija-predlaze-da-se-eu-digitalni-covid-sertifikat-produzi-za-godinu-dana\/\" \/>\n<meta property=\"og:locale\" content=\"en_US\" \/>\n<meta property=\"og:type\" content=\"article\" \/>\n<meta property=\"og:title\" content=\"Koronavirus: Komisija predla\u017ee da se EU digitalni COVID sertifikat produ\u017ei za godinu dana - Europe House\" \/>\n<meta property=\"og:description\" content=\"Evropska komisija predla\u017ee da se EU digitalni COVID sertifikat produ\u017ei za godinu dana, do 30. juna 2023. Virus COVID-19 i dalje preovladava u Evropi i u ovoj fazi nije moguc\u0301e utvrditi uticaj moguc\u0301eg povec\u0301anja broja infekcija u drugoj polovini 2022. ili pojave novih varijanti. Pro\u0161irenje Uredbe c\u0301e obezbjediti da putnici mogu da nastave da koriste [&hellip;]\" \/>\n<meta property=\"og:url\" content=\"https:\/\/www.evropskakuca.me\/me\/koronavirus-komisija-predlaze-da-se-eu-digitalni-covid-sertifikat-produzi-za-godinu-dana\/\" \/>\n<meta property=\"og:site_name\" content=\"Europe House\" \/>\n<meta property=\"article:publisher\" content=\"https:\/\/www.facebook.com\/evropska.kuca\" \/>\n<meta property=\"article:published_time\" content=\"2022-02-07T09:37:56+00:00\" \/>\n<meta property=\"og:image\" content=\"https:\/\/www.evropskakuca.me\/wp-content\/uploads\/2022\/02\/kovid-sertifikat.jpg\" \/>\n\t<meta property=\"og:image:width\" content=\"639\" \/>\n\t<meta property=\"og:image:height\" content=\"425\" \/>\n\t<meta property=\"og:image:type\" content=\"image\/jpeg\" \/>\n<meta name=\"author\" content=\"mkajic\" \/>\n<meta name=\"twitter:card\" content=\"summary_large_image\" \/>\n<meta name=\"twitter:creator\" content=\"@evropska_kuca\" \/>\n<meta name=\"twitter:site\" content=\"@evropska_kuca\" \/>\n<meta name=\"twitter:label1\" content=\"Written by\" \/>\n\t<meta name=\"twitter:data1\" content=\"mkajic\" \/>\n\t<meta name=\"twitter:label2\" content=\"Est. reading time\" \/>\n\t<meta name=\"twitter:data2\" content=\"4 minutes\" \/>\n<script type=\"application\/ld+json\" class=\"yoast-schema-graph\">{\"@context\":\"https:\\\/\\\/schema.org\",\"@graph\":[{\"@type\":\"Article\",\"@id\":\"https:\\\/\\\/www.evropskakuca.me\\\/me\\\/koronavirus-komisija-predlaze-da-se-eu-digitalni-covid-sertifikat-produzi-za-godinu-dana\\\/#article\",\"isPartOf\":{\"@id\":\"https:\\\/\\\/www.evropskakuca.me\\\/me\\\/koronavirus-komisija-predlaze-da-se-eu-digitalni-covid-sertifikat-produzi-za-godinu-dana\\\/\"},\"author\":{\"name\":\"mkajic\",\"@id\":\"https:\\\/\\\/www.evropskakuca.me\\\/me\\\/#\\\/schema\\\/person\\\/a1d0dcdaefe4a1cd1d60d200ea137ba4\"},\"headline\":\"Koronavirus: Komisija predla\u017ee da se EU digitalni COVID sertifikat produ\u017ei za godinu dana\",\"datePublished\":\"2022-02-07T09:37:56+00:00\",\"mainEntityOfPage\":{\"@id\":\"https:\\\/\\\/www.evropskakuca.me\\\/me\\\/koronavirus-komisija-predlaze-da-se-eu-digitalni-covid-sertifikat-produzi-za-godinu-dana\\\/\"},\"wordCount\":759,\"publisher\":{\"@id\":\"https:\\\/\\\/www.evropskakuca.me\\\/me\\\/#organization\"},\"image\":{\"@id\":\"https:\\\/\\\/www.evropskakuca.me\\\/me\\\/koronavirus-komisija-predlaze-da-se-eu-digitalni-covid-sertifikat-produzi-za-godinu-dana\\\/#primaryimage\"},\"thumbnailUrl\":\"https:\\\/\\\/www.evropskakuca.me\\\/wp-content\\\/uploads\\\/2022\\\/02\\\/kovid-sertifikat.jpg\",\"inLanguage\":\"me-ME\"},{\"@type\":\"WebPage\",\"@id\":\"https:\\\/\\\/www.evropskakuca.me\\\/me\\\/koronavirus-komisija-predlaze-da-se-eu-digitalni-covid-sertifikat-produzi-za-godinu-dana\\\/\",\"url\":\"https:\\\/\\\/www.evropskakuca.me\\\/me\\\/koronavirus-komisija-predlaze-da-se-eu-digitalni-covid-sertifikat-produzi-za-godinu-dana\\\/\",\"name\":\"Koronavirus: Komisija predla\u017ee da se EU digitalni COVID sertifikat produ\u017ei za godinu dana - Europe House\",\"isPartOf\":{\"@id\":\"https:\\\/\\\/www.evropskakuca.me\\\/me\\\/#website\"},\"primaryImageOfPage\":{\"@id\":\"https:\\\/\\\/www.evropskakuca.me\\\/me\\\/koronavirus-komisija-predlaze-da-se-eu-digitalni-covid-sertifikat-produzi-za-godinu-dana\\\/#primaryimage\"},\"image\":{\"@id\":\"https:\\\/\\\/www.evropskakuca.me\\\/me\\\/koronavirus-komisija-predlaze-da-se-eu-digitalni-covid-sertifikat-produzi-za-godinu-dana\\\/#primaryimage\"},\"thumbnailUrl\":\"https:\\\/\\\/www.evropskakuca.me\\\/wp-content\\\/uploads\\\/2022\\\/02\\\/kovid-sertifikat.jpg\",\"datePublished\":\"2022-02-07T09:37:56+00:00\",\"breadcrumb\":{\"@id\":\"https:\\\/\\\/www.evropskakuca.me\\\/me\\\/koronavirus-komisija-predlaze-da-se-eu-digitalni-covid-sertifikat-produzi-za-godinu-dana\\\/#breadcrumb\"},\"inLanguage\":\"me-ME\",\"potentialAction\":[{\"@type\":\"ReadAction\",\"target\":[\"https:\\\/\\\/www.evropskakuca.me\\\/me\\\/koronavirus-komisija-predlaze-da-se-eu-digitalni-covid-sertifikat-produzi-za-godinu-dana\\\/\"]}]},{\"@type\":\"ImageObject\",\"inLanguage\":\"me-ME\",\"@id\":\"https:\\\/\\\/www.evropskakuca.me\\\/me\\\/koronavirus-komisija-predlaze-da-se-eu-digitalni-covid-sertifikat-produzi-za-godinu-dana\\\/#primaryimage\",\"url\":\"https:\\\/\\\/www.evropskakuca.me\\\/wp-content\\\/uploads\\\/2022\\\/02\\\/kovid-sertifikat.jpg\",\"contentUrl\":\"https:\\\/\\\/www.evropskakuca.me\\\/wp-content\\\/uploads\\\/2022\\\/02\\\/kovid-sertifikat.jpg\",\"width\":639,\"height\":425},{\"@type\":\"BreadcrumbList\",\"@id\":\"https:\\\/\\\/www.evropskakuca.me\\\/me\\\/koronavirus-komisija-predlaze-da-se-eu-digitalni-covid-sertifikat-produzi-za-godinu-dana\\\/#breadcrumb\",\"itemListElement\":[{\"@type\":\"ListItem\",\"position\":1,\"name\":\"Home\",\"item\":\"https:\\\/\\\/www.evropskakuca.me\\\/me\\\/\"},{\"@type\":\"ListItem\",\"position\":2,\"name\":\"Koronavirus: Komisija predla\u017ee da se EU digitalni COVID sertifikat produ\u017ei za godinu dana\"}]},{\"@type\":\"WebSite\",\"@id\":\"https:\\\/\\\/www.evropskakuca.me\\\/me\\\/#website\",\"url\":\"https:\\\/\\\/www.evropskakuca.me\\\/me\\\/\",\"name\":\"Evropean house\",\"description\":\"\",\"publisher\":{\"@id\":\"https:\\\/\\\/www.evropskakuca.me\\\/me\\\/#organization\"},\"potentialAction\":[{\"@type\":\"SearchAction\",\"target\":{\"@type\":\"EntryPoint\",\"urlTemplate\":\"https:\\\/\\\/www.evropskakuca.me\\\/me\\\/?s={search_term_string}\"},\"query-input\":{\"@type\":\"PropertyValueSpecification\",\"valueRequired\":true,\"valueName\":\"search_term_string\"}}],\"inLanguage\":\"me-ME\"},{\"@type\":\"Organization\",\"@id\":\"https:\\\/\\\/www.evropskakuca.me\\\/me\\\/#organization\",\"name\":\"Evropean house\",\"url\":\"https:\\\/\\\/www.evropskakuca.me\\\/me\\\/\",\"logo\":{\"@type\":\"ImageObject\",\"inLanguage\":\"me-ME\",\"@id\":\"https:\\\/\\\/www.evropskakuca.me\\\/me\\\/#\\\/schema\\\/logo\\\/image\\\/\",\"url\":\"https:\\\/\\\/www.evropskakuca.me\\\/wp-content\\\/uploads\\\/2025\\\/01\\\/evropska-kuca-logo-1.png\",\"contentUrl\":\"https:\\\/\\\/www.evropskakuca.me\\\/wp-content\\\/uploads\\\/2025\\\/01\\\/evropska-kuca-logo-1.png\",\"width\":425,\"height\":312,\"caption\":\"Evropean house\"},\"image\":{\"@id\":\"https:\\\/\\\/www.evropskakuca.me\\\/me\\\/#\\\/schema\\\/logo\\\/image\\\/\"},\"sameAs\":[\"https:\\\/\\\/www.facebook.com\\\/evropska.kuca\",\"https:\\\/\\\/x.com\\\/evropska_kuca\",\"https:\\\/\\\/www.instagram.com\\\/evropska_kuca\"]},{\"@type\":\"Person\",\"@id\":\"https:\\\/\\\/www.evropskakuca.me\\\/me\\\/#\\\/schema\\\/person\\\/a1d0dcdaefe4a1cd1d60d200ea137ba4\",\"name\":\"mkajic\",\"image\":{\"@type\":\"ImageObject\",\"inLanguage\":\"me-ME\",\"@id\":\"https:\\\/\\\/secure.gravatar.com\\\/avatar\\\/731fa035cefab7316e6bafd1f25a93fb731a07de14e2d9923f8db4422628eabc?s=96&d=mm&r=g\",\"url\":\"https:\\\/\\\/secure.gravatar.com\\\/avatar\\\/731fa035cefab7316e6bafd1f25a93fb731a07de14e2d9923f8db4422628eabc?s=96&d=mm&r=g\",\"contentUrl\":\"https:\\\/\\\/secure.gravatar.com\\\/avatar\\\/731fa035cefab7316e6bafd1f25a93fb731a07de14e2d9923f8db4422628eabc?s=96&d=mm&r=g\",\"caption\":\"mkajic\"},\"sameAs\":[\"https:\\\/\\\/evropskakuca.me\"],\"url\":\"https:\\\/\\\/www.evropskakuca.me\\\/me\\\/author\\\/mkajic\\\/\"}]}<\/script>\n<!-- \/ Yoast SEO plugin. -->","yoast_head_json":{"title":"Koronavirus: Komisija predla\u017ee da se EU digitalni COVID sertifikat produ\u017ei za godinu dana - Europe House","robots":{"index":"index","follow":"follow","max-snippet":"max-snippet:-1","max-image-preview":"max-image-preview:large","max-video-preview":"max-video-preview:-1"},"canonical":"https:\/\/www.evropskakuca.me\/me\/koronavirus-komisija-predlaze-da-se-eu-digitalni-covid-sertifikat-produzi-za-godinu-dana\/","og_locale":"en_US","og_type":"article","og_title":"Koronavirus: Komisija predla\u017ee da se EU digitalni COVID sertifikat produ\u017ei za godinu dana - Europe House","og_description":"Evropska komisija predla\u017ee da se EU digitalni COVID sertifikat produ\u017ei za godinu dana, do 30. juna 2023. Virus COVID-19 i dalje preovladava u Evropi i u ovoj fazi nije moguc\u0301e utvrditi uticaj moguc\u0301eg povec\u0301anja broja infekcija u drugoj polovini 2022. ili pojave novih varijanti. Pro\u0161irenje Uredbe c\u0301e obezbjediti da putnici mogu da nastave da koriste [&hellip;]","og_url":"https:\/\/www.evropskakuca.me\/me\/koronavirus-komisija-predlaze-da-se-eu-digitalni-covid-sertifikat-produzi-za-godinu-dana\/","og_site_name":"Europe House","article_publisher":"https:\/\/www.facebook.com\/evropska.kuca","article_published_time":"2022-02-07T09:37:56+00:00","og_image":[{"width":639,"height":425,"url":"https:\/\/www.evropskakuca.me\/wp-content\/uploads\/2022\/02\/kovid-sertifikat.jpg","type":"image\/jpeg"}],"author":"mkajic","twitter_card":"summary_large_image","twitter_creator":"@evropska_kuca","twitter_site":"@evropska_kuca","twitter_misc":{"Written by":"mkajic","Est. reading time":"4 minutes"},"schema":{"@context":"https:\/\/schema.org","@graph":[{"@type":"Article","@id":"https:\/\/www.evropskakuca.me\/me\/koronavirus-komisija-predlaze-da-se-eu-digitalni-covid-sertifikat-produzi-za-godinu-dana\/#article","isPartOf":{"@id":"https:\/\/www.evropskakuca.me\/me\/koronavirus-komisija-predlaze-da-se-eu-digitalni-covid-sertifikat-produzi-za-godinu-dana\/"},"author":{"name":"mkajic","@id":"https:\/\/www.evropskakuca.me\/me\/#\/schema\/person\/a1d0dcdaefe4a1cd1d60d200ea137ba4"},"headline":"Koronavirus: Komisija predla\u017ee da se EU digitalni COVID sertifikat produ\u017ei za godinu dana","datePublished":"2022-02-07T09:37:56+00:00","mainEntityOfPage":{"@id":"https:\/\/www.evropskakuca.me\/me\/koronavirus-komisija-predlaze-da-se-eu-digitalni-covid-sertifikat-produzi-za-godinu-dana\/"},"wordCount":759,"publisher":{"@id":"https:\/\/www.evropskakuca.me\/me\/#organization"},"image":{"@id":"https:\/\/www.evropskakuca.me\/me\/koronavirus-komisija-predlaze-da-se-eu-digitalni-covid-sertifikat-produzi-za-godinu-dana\/#primaryimage"},"thumbnailUrl":"https:\/\/www.evropskakuca.me\/wp-content\/uploads\/2022\/02\/kovid-sertifikat.jpg","inLanguage":"me-ME"},{"@type":"WebPage","@id":"https:\/\/www.evropskakuca.me\/me\/koronavirus-komisija-predlaze-da-se-eu-digitalni-covid-sertifikat-produzi-za-godinu-dana\/","url":"https:\/\/www.evropskakuca.me\/me\/koronavirus-komisija-predlaze-da-se-eu-digitalni-covid-sertifikat-produzi-za-godinu-dana\/","name":"Koronavirus: Komisija predla\u017ee da se EU digitalni COVID sertifikat produ\u017ei za godinu dana - Europe House","isPartOf":{"@id":"https:\/\/www.evropskakuca.me\/me\/#website"},"primaryImageOfPage":{"@id":"https:\/\/www.evropskakuca.me\/me\/koronavirus-komisija-predlaze-da-se-eu-digitalni-covid-sertifikat-produzi-za-godinu-dana\/#primaryimage"},"image":{"@id":"https:\/\/www.evropskakuca.me\/me\/koronavirus-komisija-predlaze-da-se-eu-digitalni-covid-sertifikat-produzi-za-godinu-dana\/#primaryimage"},"thumbnailUrl":"https:\/\/www.evropskakuca.me\/wp-content\/uploads\/2022\/02\/kovid-sertifikat.jpg","datePublished":"2022-02-07T09:37:56+00:00","breadcrumb":{"@id":"https:\/\/www.evropskakuca.me\/me\/koronavirus-komisija-predlaze-da-se-eu-digitalni-covid-sertifikat-produzi-za-godinu-dana\/#breadcrumb"},"inLanguage":"me-ME","potentialAction":[{"@type":"ReadAction","target":["https:\/\/www.evropskakuca.me\/me\/koronavirus-komisija-predlaze-da-se-eu-digitalni-covid-sertifikat-produzi-za-godinu-dana\/"]}]},{"@type":"ImageObject","inLanguage":"me-ME","@id":"https:\/\/www.evropskakuca.me\/me\/koronavirus-komisija-predlaze-da-se-eu-digitalni-covid-sertifikat-produzi-za-godinu-dana\/#primaryimage","url":"https:\/\/www.evropskakuca.me\/wp-content\/uploads\/2022\/02\/kovid-sertifikat.jpg","contentUrl":"https:\/\/www.evropskakuca.me\/wp-content\/uploads\/2022\/02\/kovid-sertifikat.jpg","width":639,"height":425},{"@type":"BreadcrumbList","@id":"https:\/\/www.evropskakuca.me\/me\/koronavirus-komisija-predlaze-da-se-eu-digitalni-covid-sertifikat-produzi-za-godinu-dana\/#breadcrumb","itemListElement":[{"@type":"ListItem","position":1,"name":"Home","item":"https:\/\/www.evropskakuca.me\/me\/"},{"@type":"ListItem","position":2,"name":"Koronavirus: Komisija predla\u017ee da se EU digitalni COVID sertifikat produ\u017ei za godinu dana"}]},{"@type":"WebSite","@id":"https:\/\/www.evropskakuca.me\/me\/#website","url":"https:\/\/www.evropskakuca.me\/me\/","name":"Evropean house","description":"","publisher":{"@id":"https:\/\/www.evropskakuca.me\/me\/#organization"},"potentialAction":[{"@type":"SearchAction","target":{"@type":"EntryPoint","urlTemplate":"https:\/\/www.evropskakuca.me\/me\/?s={search_term_string}"},"query-input":{"@type":"PropertyValueSpecification","valueRequired":true,"valueName":"search_term_string"}}],"inLanguage":"me-ME"},{"@type":"Organization","@id":"https:\/\/www.evropskakuca.me\/me\/#organization","name":"Evropean house","url":"https:\/\/www.evropskakuca.me\/me\/","logo":{"@type":"ImageObject","inLanguage":"me-ME","@id":"https:\/\/www.evropskakuca.me\/me\/#\/schema\/logo\/image\/","url":"https:\/\/www.evropskakuca.me\/wp-content\/uploads\/2025\/01\/evropska-kuca-logo-1.png","contentUrl":"https:\/\/www.evropskakuca.me\/wp-content\/uploads\/2025\/01\/evropska-kuca-logo-1.png","width":425,"height":312,"caption":"Evropean house"},"image":{"@id":"https:\/\/www.evropskakuca.me\/me\/#\/schema\/logo\/image\/"},"sameAs":["https:\/\/www.facebook.com\/evropska.kuca","https:\/\/x.com\/evropska_kuca","https:\/\/www.instagram.com\/evropska_kuca"]},{"@type":"Person","@id":"https:\/\/www.evropskakuca.me\/me\/#\/schema\/person\/a1d0dcdaefe4a1cd1d60d200ea137ba4","name":"mkajic","image":{"@type":"ImageObject","inLanguage":"me-ME","@id":"https:\/\/secure.gravatar.com\/avatar\/731fa035cefab7316e6bafd1f25a93fb731a07de14e2d9923f8db4422628eabc?s=96&d=mm&r=g","url":"https:\/\/secure.gravatar.com\/avatar\/731fa035cefab7316e6bafd1f25a93fb731a07de14e2d9923f8db4422628eabc?s=96&d=mm&r=g","contentUrl":"https:\/\/secure.gravatar.com\/avatar\/731fa035cefab7316e6bafd1f25a93fb731a07de14e2d9923f8db4422628eabc?s=96&d=mm&r=g","caption":"mkajic"},"sameAs":["https:\/\/evropskakuca.me"],"url":"https:\/\/www.evropskakuca.me\/me\/author\/mkajic\/"}]}},"_links":{"self":[{"href":"https:\/\/www.evropskakuca.me\/me\/wp-json\/wp\/v2\/posts\/17994","targetHints":{"allow":["GET"]}}],"collection":[{"href":"https:\/\/www.evropskakuca.me\/me\/wp-json\/wp\/v2\/posts"}],"about":[{"href":"https:\/\/www.evropskakuca.me\/me\/wp-json\/wp\/v2\/types\/post"}],"author":[{"embeddable":true,"href":"https:\/\/www.evropskakuca.me\/me\/wp-json\/wp\/v2\/users\/1"}],"replies":[{"embeddable":true,"href":"https:\/\/www.evropskakuca.me\/me\/wp-json\/wp\/v2\/comments?post=17994"}],"version-history":[{"count":0,"href":"https:\/\/www.evropskakuca.me\/me\/wp-json\/wp\/v2\/posts\/17994\/revisions"}],"wp:featuredmedia":[{"embeddable":true,"href":"https:\/\/www.evropskakuca.me\/me\/wp-json\/wp\/v2\/media\/37980"}],"wp:attachment":[{"href":"https:\/\/www.evropskakuca.me\/me\/wp-json\/wp\/v2\/media?parent=17994"}],"wp:term":[{"taxonomy":"category","embeddable":true,"href":"https:\/\/www.evropskakuca.me\/me\/wp-json\/wp\/v2\/categories?post=17994"},{"taxonomy":"post_tag","embeddable":true,"href":"https:\/\/www.evropskakuca.me\/me\/wp-json\/wp\/v2\/tags?post=17994"}],"curies":[{"name":"wp","href":"https:\/\/api.w.org\/{rel}","templated":true}]}}