{"id":17151,"date":"2021-05-26T14:20:07","date_gmt":"2021-05-26T14:20:07","guid":{"rendered":"http:\/\/www.evropskakuca.me\/?p=17151"},"modified":"2021-05-26T14:20:07","modified_gmt":"2021-05-26T14:20:07","slug":"hrvatska-donira-crnoj-gori-10-hiljada-vakcina","status":"publish","type":"post","link":"https:\/\/www.evropskakuca.me\/me\/hrvatska-donira-crnoj-gori-10-hiljada-vakcina\/","title":{"rendered":"Hrvatska donira Crnoj Gori 10 hiljada vakcina"},"content":{"rendered":"<p>Hrvatska \u0107e donirati Crnoj Gori 10.000 vakcina. Ministarka zdravlja Jelena Borovini\u0107 Bojovi\u0107 \u00a0potpisala je \u00a0sa hrvatskim kolegom Vilijem Bero\u0161om ugovor o donaciji 10 hiljada vakcina, tokom njene zvani\u010dne posjete Zagrebu. Potpisali su bilateralni ugovor izme\u0111u dvije dr\u017eave i trilateralni sa proizvo\u0111a\u010dem.<\/p>\n<p>\u201eU ime Crne Gore zahvaljujem na gestu solidarnosti i prijateljstva izme\u0111u Crne Gore i Hrvatske. Kao Vlada \u0107emo u\u010diniti sve da se odnosi dvije dr\u017eave uzdignu na \u0161to vi\u0161i nivo\u201c, poru\u010dila je Borovini\u0107 Bojovi\u0107.<\/p>\n<p>Ministri su razmijenili iskustva zdravstvenih sistema u borbi protiv pandemije, a sastanak je bio povod i da se podrobnije razrade koraci u vezi sa obnovom ugovora o transplantaciji organa, ali i o ponovnom uspostavljanju edukativne saradnje.<\/p>\n<p>\u201eMo\u017eete biti sigurni da \u0107e Republika Hrvatska u\u010diniti sve da pomogne Crnoj Gori i prenese iskustva koja je sticala prethodnih godina\u201c, naglasio je Bero\u0161.<\/p>\n<p>&nbsp;<\/p>\n","protected":false},"excerpt":{"rendered":"<p>Hrvatska \u0107e donirati Crnoj Gori 10.000 vakcina. Ministarka zdravlja Jelena Borovini\u0107 Bojovi\u0107 \u00a0potpisala je \u00a0sa hrvatskim kolegom Vilijem Bero\u0161om ugovor o donaciji 10 hiljada vakcina, tokom njene zvani\u010dne posjete Zagrebu. Potpisali su bilateralni ugovor izme\u0111u dvije dr\u017eave i trilateralni sa proizvo\u0111a\u010dem. \u201eU ime Crne Gore zahvaljujem na gestu solidarnosti i prijateljstva izme\u0111u Crne Gore i [&hellip;]<\/p>\n","protected":false},"author":1,"featured_media":37702,"comment_status":"closed","ping_status":"closed","sticky":false,"template":"","format":"standard","meta":{"_acf_changed":false,"footnotes":""},"categories":[287,283],"tags":[],"class_list":["post-17151","post","type-post","status-publish","format-standard","has-post-thumbnail","hentry","category-koronavirusa","category-novosti-me"],"acf":[],"yoast_head":"<!-- This site is optimized with the Yoast SEO plugin v27.3 - https:\/\/yoast.com\/product\/yoast-seo-wordpress\/ -->\n<title>Hrvatska donira Crnoj Gori 10 hiljada vakcina - Europe House<\/title>\n<meta name=\"robots\" content=\"index, follow, max-snippet:-1, max-image-preview:large, max-video-preview:-1\" \/>\n<link rel=\"canonical\" href=\"https:\/\/www.evropskakuca.me\/me\/hrvatska-donira-crnoj-gori-10-hiljada-vakcina\/\" \/>\n<meta property=\"og:locale\" content=\"en_US\" \/>\n<meta property=\"og:type\" content=\"article\" \/>\n<meta property=\"og:title\" content=\"Hrvatska donira Crnoj Gori 10 hiljada vakcina - Europe House\" \/>\n<meta property=\"og:description\" content=\"Hrvatska \u0107e donirati Crnoj Gori 10.000 vakcina. Ministarka zdravlja Jelena Borovini\u0107 Bojovi\u0107 \u00a0potpisala je \u00a0sa hrvatskim kolegom Vilijem Bero\u0161om ugovor o donaciji 10 hiljada vakcina, tokom njene zvani\u010dne posjete Zagrebu. Potpisali su bilateralni ugovor izme\u0111u dvije dr\u017eave i trilateralni sa proizvo\u0111a\u010dem. \u201eU ime Crne Gore zahvaljujem na gestu solidarnosti i prijateljstva izme\u0111u Crne Gore i [&hellip;]\" \/>\n<meta property=\"og:url\" content=\"https:\/\/www.evropskakuca.me\/me\/hrvatska-donira-crnoj-gori-10-hiljada-vakcina\/\" \/>\n<meta property=\"og:site_name\" content=\"Europe House\" \/>\n<meta property=\"article:publisher\" content=\"https:\/\/www.facebook.com\/evropska.kuca\" \/>\n<meta property=\"article:published_time\" content=\"2021-05-26T14:20:07+00:00\" \/>\n<meta property=\"og:image\" content=\"https:\/\/www.evropskakuca.me\/wp-content\/uploads\/2022\/01\/Hrvatska-donira-Crnoj-Gori-10-hiljada-vakcina.jpg\" \/>\n\t<meta property=\"og:image:width\" content=\"1064\" \/>\n\t<meta property=\"og:image:height\" content=\"709\" \/>\n\t<meta property=\"og:image:type\" content=\"image\/jpeg\" \/>\n<meta name=\"author\" content=\"mkajic\" \/>\n<meta name=\"twitter:card\" content=\"summary_large_image\" \/>\n<meta name=\"twitter:creator\" content=\"@evropska_kuca\" \/>\n<meta name=\"twitter:site\" content=\"@evropska_kuca\" \/>\n<meta name=\"twitter:label1\" content=\"Written by\" \/>\n\t<meta name=\"twitter:data1\" content=\"mkajic\" \/>\n\t<meta name=\"twitter:label2\" content=\"Est. reading time\" \/>\n\t<meta name=\"twitter:data2\" content=\"1 minute\" \/>\n<script type=\"application\/ld+json\" class=\"yoast-schema-graph\">{\"@context\":\"https:\\\/\\\/schema.org\",\"@graph\":[{\"@type\":\"Article\",\"@id\":\"https:\\\/\\\/www.evropskakuca.me\\\/me\\\/hrvatska-donira-crnoj-gori-10-hiljada-vakcina\\\/#article\",\"isPartOf\":{\"@id\":\"https:\\\/\\\/www.evropskakuca.me\\\/me\\\/hrvatska-donira-crnoj-gori-10-hiljada-vakcina\\\/\"},\"author\":{\"name\":\"mkajic\",\"@id\":\"https:\\\/\\\/www.evropskakuca.me\\\/me\\\/#\\\/schema\\\/person\\\/a1d0dcdaefe4a1cd1d60d200ea137ba4\"},\"headline\":\"Hrvatska donira Crnoj Gori 10 hiljada vakcina\",\"datePublished\":\"2021-05-26T14:20:07+00:00\",\"mainEntityOfPage\":{\"@id\":\"https:\\\/\\\/www.evropskakuca.me\\\/me\\\/hrvatska-donira-crnoj-gori-10-hiljada-vakcina\\\/\"},\"wordCount\":153,\"publisher\":{\"@id\":\"https:\\\/\\\/www.evropskakuca.me\\\/me\\\/#organization\"},\"image\":{\"@id\":\"https:\\\/\\\/www.evropskakuca.me\\\/me\\\/hrvatska-donira-crnoj-gori-10-hiljada-vakcina\\\/#primaryimage\"},\"thumbnailUrl\":\"https:\\\/\\\/www.evropskakuca.me\\\/wp-content\\\/uploads\\\/2022\\\/01\\\/Hrvatska-donira-Crnoj-Gori-10-hiljada-vakcina.jpg\",\"articleSection\":[\"Koronavirusa\",\"Novosti\"],\"inLanguage\":\"me-ME\"},{\"@type\":\"WebPage\",\"@id\":\"https:\\\/\\\/www.evropskakuca.me\\\/me\\\/hrvatska-donira-crnoj-gori-10-hiljada-vakcina\\\/\",\"url\":\"https:\\\/\\\/www.evropskakuca.me\\\/me\\\/hrvatska-donira-crnoj-gori-10-hiljada-vakcina\\\/\",\"name\":\"Hrvatska donira Crnoj Gori 10 hiljada vakcina - Europe House\",\"isPartOf\":{\"@id\":\"https:\\\/\\\/www.evropskakuca.me\\\/me\\\/#website\"},\"primaryImageOfPage\":{\"@id\":\"https:\\\/\\\/www.evropskakuca.me\\\/me\\\/hrvatska-donira-crnoj-gori-10-hiljada-vakcina\\\/#primaryimage\"},\"image\":{\"@id\":\"https:\\\/\\\/www.evropskakuca.me\\\/me\\\/hrvatska-donira-crnoj-gori-10-hiljada-vakcina\\\/#primaryimage\"},\"thumbnailUrl\":\"https:\\\/\\\/www.evropskakuca.me\\\/wp-content\\\/uploads\\\/2022\\\/01\\\/Hrvatska-donira-Crnoj-Gori-10-hiljada-vakcina.jpg\",\"datePublished\":\"2021-05-26T14:20:07+00:00\",\"breadcrumb\":{\"@id\":\"https:\\\/\\\/www.evropskakuca.me\\\/me\\\/hrvatska-donira-crnoj-gori-10-hiljada-vakcina\\\/#breadcrumb\"},\"inLanguage\":\"me-ME\",\"potentialAction\":[{\"@type\":\"ReadAction\",\"target\":[\"https:\\\/\\\/www.evropskakuca.me\\\/me\\\/hrvatska-donira-crnoj-gori-10-hiljada-vakcina\\\/\"]}]},{\"@type\":\"ImageObject\",\"inLanguage\":\"me-ME\",\"@id\":\"https:\\\/\\\/www.evropskakuca.me\\\/me\\\/hrvatska-donira-crnoj-gori-10-hiljada-vakcina\\\/#primaryimage\",\"url\":\"https:\\\/\\\/www.evropskakuca.me\\\/wp-content\\\/uploads\\\/2022\\\/01\\\/Hrvatska-donira-Crnoj-Gori-10-hiljada-vakcina.jpg\",\"contentUrl\":\"https:\\\/\\\/www.evropskakuca.me\\\/wp-content\\\/uploads\\\/2022\\\/01\\\/Hrvatska-donira-Crnoj-Gori-10-hiljada-vakcina.jpg\",\"width\":1064,\"height\":709},{\"@type\":\"BreadcrumbList\",\"@id\":\"https:\\\/\\\/www.evropskakuca.me\\\/me\\\/hrvatska-donira-crnoj-gori-10-hiljada-vakcina\\\/#breadcrumb\",\"itemListElement\":[{\"@type\":\"ListItem\",\"position\":1,\"name\":\"Home\",\"item\":\"https:\\\/\\\/www.evropskakuca.me\\\/me\\\/\"},{\"@type\":\"ListItem\",\"position\":2,\"name\":\"Hrvatska donira Crnoj Gori 10 hiljada vakcina\"}]},{\"@type\":\"WebSite\",\"@id\":\"https:\\\/\\\/www.evropskakuca.me\\\/me\\\/#website\",\"url\":\"https:\\\/\\\/www.evropskakuca.me\\\/me\\\/\",\"name\":\"Evropean house\",\"description\":\"\",\"publisher\":{\"@id\":\"https:\\\/\\\/www.evropskakuca.me\\\/me\\\/#organization\"},\"potentialAction\":[{\"@type\":\"SearchAction\",\"target\":{\"@type\":\"EntryPoint\",\"urlTemplate\":\"https:\\\/\\\/www.evropskakuca.me\\\/me\\\/?s={search_term_string}\"},\"query-input\":{\"@type\":\"PropertyValueSpecification\",\"valueRequired\":true,\"valueName\":\"search_term_string\"}}],\"inLanguage\":\"me-ME\"},{\"@type\":\"Organization\",\"@id\":\"https:\\\/\\\/www.evropskakuca.me\\\/me\\\/#organization\",\"name\":\"Evropean house\",\"url\":\"https:\\\/\\\/www.evropskakuca.me\\\/me\\\/\",\"logo\":{\"@type\":\"ImageObject\",\"inLanguage\":\"me-ME\",\"@id\":\"https:\\\/\\\/www.evropskakuca.me\\\/me\\\/#\\\/schema\\\/logo\\\/image\\\/\",\"url\":\"https:\\\/\\\/www.evropskakuca.me\\\/wp-content\\\/uploads\\\/2025\\\/01\\\/evropska-kuca-logo-1.png\",\"contentUrl\":\"https:\\\/\\\/www.evropskakuca.me\\\/wp-content\\\/uploads\\\/2025\\\/01\\\/evropska-kuca-logo-1.png\",\"width\":425,\"height\":312,\"caption\":\"Evropean house\"},\"image\":{\"@id\":\"https:\\\/\\\/www.evropskakuca.me\\\/me\\\/#\\\/schema\\\/logo\\\/image\\\/\"},\"sameAs\":[\"https:\\\/\\\/www.facebook.com\\\/evropska.kuca\",\"https:\\\/\\\/x.com\\\/evropska_kuca\",\"https:\\\/\\\/www.instagram.com\\\/evropska_kuca\"]},{\"@type\":\"Person\",\"@id\":\"https:\\\/\\\/www.evropskakuca.me\\\/me\\\/#\\\/schema\\\/person\\\/a1d0dcdaefe4a1cd1d60d200ea137ba4\",\"name\":\"mkajic\",\"image\":{\"@type\":\"ImageObject\",\"inLanguage\":\"me-ME\",\"@id\":\"https:\\\/\\\/secure.gravatar.com\\\/avatar\\\/731fa035cefab7316e6bafd1f25a93fb731a07de14e2d9923f8db4422628eabc?s=96&d=mm&r=g\",\"url\":\"https:\\\/\\\/secure.gravatar.com\\\/avatar\\\/731fa035cefab7316e6bafd1f25a93fb731a07de14e2d9923f8db4422628eabc?s=96&d=mm&r=g\",\"contentUrl\":\"https:\\\/\\\/secure.gravatar.com\\\/avatar\\\/731fa035cefab7316e6bafd1f25a93fb731a07de14e2d9923f8db4422628eabc?s=96&d=mm&r=g\",\"caption\":\"mkajic\"},\"sameAs\":[\"https:\\\/\\\/evropskakuca.me\"],\"url\":\"https:\\\/\\\/www.evropskakuca.me\\\/me\\\/author\\\/mkajic\\\/\"}]}<\/script>\n<!-- \/ Yoast SEO plugin. -->","yoast_head_json":{"title":"Hrvatska donira Crnoj Gori 10 hiljada vakcina - Europe House","robots":{"index":"index","follow":"follow","max-snippet":"max-snippet:-1","max-image-preview":"max-image-preview:large","max-video-preview":"max-video-preview:-1"},"canonical":"https:\/\/www.evropskakuca.me\/me\/hrvatska-donira-crnoj-gori-10-hiljada-vakcina\/","og_locale":"en_US","og_type":"article","og_title":"Hrvatska donira Crnoj Gori 10 hiljada vakcina - Europe House","og_description":"Hrvatska \u0107e donirati Crnoj Gori 10.000 vakcina. Ministarka zdravlja Jelena Borovini\u0107 Bojovi\u0107 \u00a0potpisala je \u00a0sa hrvatskim kolegom Vilijem Bero\u0161om ugovor o donaciji 10 hiljada vakcina, tokom njene zvani\u010dne posjete Zagrebu. Potpisali su bilateralni ugovor izme\u0111u dvije dr\u017eave i trilateralni sa proizvo\u0111a\u010dem. \u201eU ime Crne Gore zahvaljujem na gestu solidarnosti i prijateljstva izme\u0111u Crne Gore i [&hellip;]","og_url":"https:\/\/www.evropskakuca.me\/me\/hrvatska-donira-crnoj-gori-10-hiljada-vakcina\/","og_site_name":"Europe House","article_publisher":"https:\/\/www.facebook.com\/evropska.kuca","article_published_time":"2021-05-26T14:20:07+00:00","og_image":[{"width":1064,"height":709,"url":"https:\/\/www.evropskakuca.me\/wp-content\/uploads\/2022\/01\/Hrvatska-donira-Crnoj-Gori-10-hiljada-vakcina.jpg","type":"image\/jpeg"}],"author":"mkajic","twitter_card":"summary_large_image","twitter_creator":"@evropska_kuca","twitter_site":"@evropska_kuca","twitter_misc":{"Written by":"mkajic","Est. reading time":"1 minute"},"schema":{"@context":"https:\/\/schema.org","@graph":[{"@type":"Article","@id":"https:\/\/www.evropskakuca.me\/me\/hrvatska-donira-crnoj-gori-10-hiljada-vakcina\/#article","isPartOf":{"@id":"https:\/\/www.evropskakuca.me\/me\/hrvatska-donira-crnoj-gori-10-hiljada-vakcina\/"},"author":{"name":"mkajic","@id":"https:\/\/www.evropskakuca.me\/me\/#\/schema\/person\/a1d0dcdaefe4a1cd1d60d200ea137ba4"},"headline":"Hrvatska donira Crnoj Gori 10 hiljada vakcina","datePublished":"2021-05-26T14:20:07+00:00","mainEntityOfPage":{"@id":"https:\/\/www.evropskakuca.me\/me\/hrvatska-donira-crnoj-gori-10-hiljada-vakcina\/"},"wordCount":153,"publisher":{"@id":"https:\/\/www.evropskakuca.me\/me\/#organization"},"image":{"@id":"https:\/\/www.evropskakuca.me\/me\/hrvatska-donira-crnoj-gori-10-hiljada-vakcina\/#primaryimage"},"thumbnailUrl":"https:\/\/www.evropskakuca.me\/wp-content\/uploads\/2022\/01\/Hrvatska-donira-Crnoj-Gori-10-hiljada-vakcina.jpg","articleSection":["Koronavirusa","Novosti"],"inLanguage":"me-ME"},{"@type":"WebPage","@id":"https:\/\/www.evropskakuca.me\/me\/hrvatska-donira-crnoj-gori-10-hiljada-vakcina\/","url":"https:\/\/www.evropskakuca.me\/me\/hrvatska-donira-crnoj-gori-10-hiljada-vakcina\/","name":"Hrvatska donira Crnoj Gori 10 hiljada vakcina - Europe House","isPartOf":{"@id":"https:\/\/www.evropskakuca.me\/me\/#website"},"primaryImageOfPage":{"@id":"https:\/\/www.evropskakuca.me\/me\/hrvatska-donira-crnoj-gori-10-hiljada-vakcina\/#primaryimage"},"image":{"@id":"https:\/\/www.evropskakuca.me\/me\/hrvatska-donira-crnoj-gori-10-hiljada-vakcina\/#primaryimage"},"thumbnailUrl":"https:\/\/www.evropskakuca.me\/wp-content\/uploads\/2022\/01\/Hrvatska-donira-Crnoj-Gori-10-hiljada-vakcina.jpg","datePublished":"2021-05-26T14:20:07+00:00","breadcrumb":{"@id":"https:\/\/www.evropskakuca.me\/me\/hrvatska-donira-crnoj-gori-10-hiljada-vakcina\/#breadcrumb"},"inLanguage":"me-ME","potentialAction":[{"@type":"ReadAction","target":["https:\/\/www.evropskakuca.me\/me\/hrvatska-donira-crnoj-gori-10-hiljada-vakcina\/"]}]},{"@type":"ImageObject","inLanguage":"me-ME","@id":"https:\/\/www.evropskakuca.me\/me\/hrvatska-donira-crnoj-gori-10-hiljada-vakcina\/#primaryimage","url":"https:\/\/www.evropskakuca.me\/wp-content\/uploads\/2022\/01\/Hrvatska-donira-Crnoj-Gori-10-hiljada-vakcina.jpg","contentUrl":"https:\/\/www.evropskakuca.me\/wp-content\/uploads\/2022\/01\/Hrvatska-donira-Crnoj-Gori-10-hiljada-vakcina.jpg","width":1064,"height":709},{"@type":"BreadcrumbList","@id":"https:\/\/www.evropskakuca.me\/me\/hrvatska-donira-crnoj-gori-10-hiljada-vakcina\/#breadcrumb","itemListElement":[{"@type":"ListItem","position":1,"name":"Home","item":"https:\/\/www.evropskakuca.me\/me\/"},{"@type":"ListItem","position":2,"name":"Hrvatska donira Crnoj Gori 10 hiljada vakcina"}]},{"@type":"WebSite","@id":"https:\/\/www.evropskakuca.me\/me\/#website","url":"https:\/\/www.evropskakuca.me\/me\/","name":"Evropean house","description":"","publisher":{"@id":"https:\/\/www.evropskakuca.me\/me\/#organization"},"potentialAction":[{"@type":"SearchAction","target":{"@type":"EntryPoint","urlTemplate":"https:\/\/www.evropskakuca.me\/me\/?s={search_term_string}"},"query-input":{"@type":"PropertyValueSpecification","valueRequired":true,"valueName":"search_term_string"}}],"inLanguage":"me-ME"},{"@type":"Organization","@id":"https:\/\/www.evropskakuca.me\/me\/#organization","name":"Evropean house","url":"https:\/\/www.evropskakuca.me\/me\/","logo":{"@type":"ImageObject","inLanguage":"me-ME","@id":"https:\/\/www.evropskakuca.me\/me\/#\/schema\/logo\/image\/","url":"https:\/\/www.evropskakuca.me\/wp-content\/uploads\/2025\/01\/evropska-kuca-logo-1.png","contentUrl":"https:\/\/www.evropskakuca.me\/wp-content\/uploads\/2025\/01\/evropska-kuca-logo-1.png","width":425,"height":312,"caption":"Evropean house"},"image":{"@id":"https:\/\/www.evropskakuca.me\/me\/#\/schema\/logo\/image\/"},"sameAs":["https:\/\/www.facebook.com\/evropska.kuca","https:\/\/x.com\/evropska_kuca","https:\/\/www.instagram.com\/evropska_kuca"]},{"@type":"Person","@id":"https:\/\/www.evropskakuca.me\/me\/#\/schema\/person\/a1d0dcdaefe4a1cd1d60d200ea137ba4","name":"mkajic","image":{"@type":"ImageObject","inLanguage":"me-ME","@id":"https:\/\/secure.gravatar.com\/avatar\/731fa035cefab7316e6bafd1f25a93fb731a07de14e2d9923f8db4422628eabc?s=96&d=mm&r=g","url":"https:\/\/secure.gravatar.com\/avatar\/731fa035cefab7316e6bafd1f25a93fb731a07de14e2d9923f8db4422628eabc?s=96&d=mm&r=g","contentUrl":"https:\/\/secure.gravatar.com\/avatar\/731fa035cefab7316e6bafd1f25a93fb731a07de14e2d9923f8db4422628eabc?s=96&d=mm&r=g","caption":"mkajic"},"sameAs":["https:\/\/evropskakuca.me"],"url":"https:\/\/www.evropskakuca.me\/me\/author\/mkajic\/"}]}},"_links":{"self":[{"href":"https:\/\/www.evropskakuca.me\/me\/wp-json\/wp\/v2\/posts\/17151","targetHints":{"allow":["GET"]}}],"collection":[{"href":"https:\/\/www.evropskakuca.me\/me\/wp-json\/wp\/v2\/posts"}],"about":[{"href":"https:\/\/www.evropskakuca.me\/me\/wp-json\/wp\/v2\/types\/post"}],"author":[{"embeddable":true,"href":"https:\/\/www.evropskakuca.me\/me\/wp-json\/wp\/v2\/users\/1"}],"replies":[{"embeddable":true,"href":"https:\/\/www.evropskakuca.me\/me\/wp-json\/wp\/v2\/comments?post=17151"}],"version-history":[{"count":0,"href":"https:\/\/www.evropskakuca.me\/me\/wp-json\/wp\/v2\/posts\/17151\/revisions"}],"wp:featuredmedia":[{"embeddable":true,"href":"https:\/\/www.evropskakuca.me\/me\/wp-json\/wp\/v2\/media\/37702"}],"wp:attachment":[{"href":"https:\/\/www.evropskakuca.me\/me\/wp-json\/wp\/v2\/media?parent=17151"}],"wp:term":[{"taxonomy":"category","embeddable":true,"href":"https:\/\/www.evropskakuca.me\/me\/wp-json\/wp\/v2\/categories?post=17151"},{"taxonomy":"post_tag","embeddable":true,"href":"https:\/\/www.evropskakuca.me\/me\/wp-json\/wp\/v2\/tags?post=17151"}],"curies":[{"name":"wp","href":"https:\/\/api.w.org\/{rel}","templated":true}]}}